{"id":68272,"date":"2025-10-21T15:01:02","date_gmt":"2025-10-21T13:01:02","guid":{"rendered":"https:\/\/www.musikzeitung.ch\/?p=68272"},"modified":"2025-10-15T15:24:06","modified_gmt":"2025-10-15T13:24:06","slug":"vom-lernen-zum-lehren","status":"publish","type":"post","link":"https:\/\/www.musikzeitung.ch\/en\/rezensionen\/buecher-rezensionen\/2025\/10\/vom-lernen-zum-lehren","title":{"rendered":"From learning to teaching"},"content":{"rendered":"<figure id=\"attachment_68273\" aria-describedby=\"caption-attachment-68273\" style=\"width: 936px\" class=\"wp-caption alignnone\"><img loading=\"lazy\" decoding=\"async\" class=\"wp-image-68273 size-full\" src=\"https:\/\/www.musikzeitung.ch\/wp-content\/uploads\/2025\/10\/ReinckenAnWasser.jpg\" alt=\"\" width=\"936\" height=\"658\" srcset=\"https:\/\/www.musikzeitung.ch\/wp-content\/uploads\/2025\/10\/ReinckenAnWasser.jpg 936w, https:\/\/www.musikzeitung.ch\/wp-content\/uploads\/2025\/10\/ReinckenAnWasser-300x211.jpg 300w, https:\/\/www.musikzeitung.ch\/wp-content\/uploads\/2025\/10\/ReinckenAnWasser-768x540.jpg 768w, https:\/\/www.musikzeitung.ch\/wp-content\/uploads\/2025\/10\/ReinckenAnWasser-18x12.jpg 18w, https:\/\/www.musikzeitung.ch\/wp-content\/uploads\/2025\/10\/ReinckenAnWasser-249x175.jpg 249w, https:\/\/www.musikzeitung.ch\/wp-content\/uploads\/2025\/10\/ReinckenAnWasser-498x350.jpg 498w, https:\/\/www.musikzeitung.ch\/wp-content\/uploads\/2025\/10\/ReinckenAnWasser-920x647.jpg 920w\" sizes=\"auto, (max-width: 936px) 100vw, 936px\" \/><figcaption id=\"caption-attachment-68273\" class=\"wp-caption-text\">Johann Sebastian Bach's copy of the organ tablature of Jan Adam Reincken's \"An Wasserfl\u00fcssen Babylon\", 1700 (beginning). Anna Amalia Library Weimar \/ <a href=\"https:\/\/commons.wikimedia.org\/wiki\/File:ReinckenAnWasser.jpg\" target=\"_blank\" rel=\"noopener\">wikimedia commons<\/a><\/figcaption><\/figure>\n<p>Ingo Bredenbach, the organist at T\u00fcbingen's Stiftskirche, makes it possible to <em>Johann Sebastian Bach's piano lessons<\/em> deep insights into his compositional development. The focus is on the works for keyboard instruments that accompanied the entire development of Bach's creativity, from his self-study to his main activity as the most important organ teacher of his era. Bredenbach's starting point are the copies of two organ works by Jan Adam Reincken and Dieterich Buxtehude, which he studied to acquire knowledge of harmony and some contrapuntal licenses. During the first half of his life, Bach enriched this basic knowledge of North German music by studying Italian music, especially the Italian concerto, in order to later pass on his experiences to his numerous apprentices. Bredenbach's study traces Bach's musical career in detail as a lifelong lesson, from learning to teaching.<\/p>\n<p>The strengths of this practice-based study lie in the analytical details that an organist who wants to improvise in Bach's style must \"grasp\". More problematic is the sometimes selective consideration of existing literature. Sometimes insights are proclaimed that have long since been published elsewhere. The author lacked the organizing hand of a master like Bach, which would have helped him to consistently implement a clear concept from the wealth of complex information in the book in such a way that the fundamental is separated from the details and the important from the trivial. Nevertheless, if you want to learn something essential about Bach's music, you would be well advised to take Bredenbach's book, which is well worth reading, and the sheet music of all the works discussed.<img loading=\"lazy\" decoding=\"async\" class=\"aligncenter wp-image-68274 size-medium\" src=\"https:\/\/www.musikzeitung.ch\/wp-content\/uploads\/2025\/10\/10_crit_buch_Sackmann-212x300.jpg\" alt=\"\" width=\"212\" height=\"300\" srcset=\"https:\/\/www.musikzeitung.ch\/wp-content\/uploads\/2025\/10\/10_crit_buch_Sackmann-212x300.jpg 212w, https:\/\/www.musikzeitung.ch\/wp-content\/uploads\/2025\/10\/10_crit_buch_Sackmann-723x1024.jpg 723w, https:\/\/www.musikzeitung.ch\/wp-content\/uploads\/2025\/10\/10_crit_buch_Sackmann-768x1088.jpg 768w, https:\/\/www.musikzeitung.ch\/wp-content\/uploads\/2025\/10\/10_crit_buch_Sackmann-8x12.jpg 8w, https:\/\/www.musikzeitung.ch\/wp-content\/uploads\/2025\/10\/10_crit_buch_Sackmann-123x175.jpg 123w, https:\/\/www.musikzeitung.ch\/wp-content\/uploads\/2025\/10\/10_crit_buch_Sackmann-247x350.jpg 247w, https:\/\/www.musikzeitung.ch\/wp-content\/uploads\/2025\/10\/10_crit_buch_Sackmann-565x800.jpg 565w, https:\/\/www.musikzeitung.ch\/wp-content\/uploads\/2025\/10\/10_crit_buch_Sackmann-920x1304.jpg 920w, https:\/\/www.musikzeitung.ch\/wp-content\/uploads\/2025\/10\/10_crit_buch_Sackmann-300x425.jpg 300w, https:\/\/www.musikzeitung.ch\/wp-content\/uploads\/2025\/10\/10_crit_buch_Sackmann.jpg 706w\" sizes=\"auto, (max-width: 212px) 100vw, 212px\" \/><\/p>\n<p><em>Ingo Bredenbach: Johann Sebastian Bach's piano lessons. Bach as a learner and teacher, 519 p., \u20ac 59.00, B\u00e4renreiter, Kassel 2024, ISBN 978- 3-7618- 2617-1<\/em><\/p>\n<p>&nbsp;<\/p>","protected":false},"excerpt":{"rendered":"<p>What models did Johann Sebastian Bach use to learn to compose and how did he pass on his knowledge? Ingo Bredenbach's book provides the answers. <\/p>","protected":false},"author":29,"featured_media":68273,"comment_status":"closed","ping_status":"closed","sticky":false,"template":"","format":"standard","meta":{"_acf_changed":false,"_relevanssi_hide_post":"","_relevanssi_hide_content":"","_relevanssi_pin_for_all":"","_relevanssi_pin_keywords":"","_relevanssi_unpin_keywords":"","_relevanssi_related_keywords":"","_relevanssi_related_include_ids":"","_relevanssi_related_exclude_ids":"","_relevanssi_related_no_append":"","_relevanssi_related_not_related":"","_relevanssi_related_posts":"","_relevanssi_noindex_reason":"","pgc_sgb_lightbox_settings":"","footnotes":""},"categories":[1214,29],"tags":[5370,2222],"class_list":["post-68272","post","type-post","status-publish","format-standard","has-post-thumbnail","hentry","category-buecher-rezensionen","category-rezensionen","tag-ingo-bredenbach","tag-johann-sebastian-bach"],"acf":[],"yoast_head":"<!-- This site is optimized with the Yoast SEO plugin v27.4 - https:\/\/yoast.com\/product\/yoast-seo-wordpress\/ -->\n<title>Vom Lernen zum Lehren - Schweizer Musikzeitung<\/title>\n<meta name=\"description\" content=\"Ingo Bredenbachs Buch zeigt Johann Sebastian Bach als Lernenden und als Lehrer.\" \/>\n<meta name=\"robots\" content=\"index, follow, max-snippet:-1, max-image-preview:large, max-video-preview:-1\" \/>\n<link rel=\"canonical\" href=\"https:\/\/www.musikzeitung.ch\/en\/rezensionen\/buecher-rezensionen\/2025\/10\/vom-lernen-zum-lehren\/\" \/>\n<meta property=\"og:locale\" content=\"en_US\" \/>\n<meta property=\"og:type\" content=\"article\" \/>\n<meta property=\"og:title\" content=\"Vom Lernen zum Lehren - Schweizer Musikzeitung\" \/>\n<meta property=\"og:description\" content=\"Ingo Bredenbachs Buch zeigt Johann Sebastian Bach als Lernenden und als Lehrer.\" \/>\n<meta property=\"og:url\" content=\"https:\/\/www.musikzeitung.ch\/en\/rezensionen\/buecher-rezensionen\/2025\/10\/vom-lernen-zum-lehren\/\" \/>\n<meta property=\"og:site_name\" content=\"Schweizer Musikzeitung\" \/>\n<meta property=\"article:publisher\" content=\"https:\/\/www.facebook.com\/SchweizerMusikzeitung\/\" \/>\n<meta property=\"article:published_time\" content=\"2025-10-21T13:01:02+00:00\" \/>\n<meta property=\"og:image\" content=\"https:\/\/www.musikzeitung.ch\/wp-content\/uploads\/2025\/10\/ReinckenAnWasser.jpg\" \/>\n\t<meta property=\"og:image:width\" content=\"936\" \/>\n\t<meta property=\"og:image:height\" content=\"658\" \/>\n\t<meta property=\"og:image:type\" content=\"image\/jpeg\" \/>\n<meta name=\"author\" content=\"pia.schwab\" \/>\n<meta name=\"twitter:card\" content=\"summary_large_image\" \/>\n<meta name=\"twitter:creator\" content=\"@smusikzeitung\" \/>\n<meta name=\"twitter:site\" content=\"@smusikzeitung\" \/>\n<meta name=\"twitter:label1\" content=\"Written by\" \/>\n\t<meta name=\"twitter:data1\" content=\"pia.schwab\" \/>\n\t<meta name=\"twitter:label2\" content=\"Est. reading time\" \/>\n\t<meta name=\"twitter:data2\" content=\"3 minutes\" \/>\n<script type=\"application\/ld+json\" class=\"yoast-schema-graph\">{\"@context\":\"https:\\\/\\\/schema.org\",\"@graph\":[{\"@type\":\"Article\",\"@id\":\"https:\\\/\\\/www.musikzeitung.ch\\\/rezensionen\\\/buecher-rezensionen\\\/2025\\\/10\\\/vom-lernen-zum-lehren#article\",\"isPartOf\":{\"@id\":\"https:\\\/\\\/www.musikzeitung.ch\\\/rezensionen\\\/buecher-rezensionen\\\/2025\\\/10\\\/vom-lernen-zum-lehren\"},\"author\":{\"name\":\"pia.schwab\",\"@id\":\"https:\\\/\\\/www.musikzeitung.ch\\\/#\\\/schema\\\/person\\\/ea3d7b86bd7157c78c7ddd37f2f82b5b\"},\"headline\":\"Vom Lernen zum Lehren\",\"datePublished\":\"2025-10-21T13:01:02+00:00\",\"mainEntityOfPage\":{\"@id\":\"https:\\\/\\\/www.musikzeitung.ch\\\/rezensionen\\\/buecher-rezensionen\\\/2025\\\/10\\\/vom-lernen-zum-lehren\"},\"wordCount\":295,\"publisher\":{\"@id\":\"https:\\\/\\\/www.musikzeitung.ch\\\/#organization\"},\"image\":{\"@id\":\"https:\\\/\\\/www.musikzeitung.ch\\\/rezensionen\\\/buecher-rezensionen\\\/2025\\\/10\\\/vom-lernen-zum-lehren#primaryimage\"},\"thumbnailUrl\":\"https:\\\/\\\/www.musikzeitung.ch\\\/wp-content\\\/uploads\\\/2025\\\/10\\\/ReinckenAnWasser.jpg\",\"keywords\":[\"Ingo Bredenbach\",\"Johann Sebastian Bach\"],\"articleSection\":[\"B\u00fccher\",\"Rezensionen\"],\"inLanguage\":\"en-US\"},{\"@type\":\"WebPage\",\"@id\":\"https:\\\/\\\/www.musikzeitung.ch\\\/rezensionen\\\/buecher-rezensionen\\\/2025\\\/10\\\/vom-lernen-zum-lehren\",\"url\":\"https:\\\/\\\/www.musikzeitung.ch\\\/rezensionen\\\/buecher-rezensionen\\\/2025\\\/10\\\/vom-lernen-zum-lehren\",\"name\":\"Vom Lernen zum Lehren - Schweizer Musikzeitung\",\"isPartOf\":{\"@id\":\"https:\\\/\\\/www.musikzeitung.ch\\\/#website\"},\"primaryImageOfPage\":{\"@id\":\"https:\\\/\\\/www.musikzeitung.ch\\\/rezensionen\\\/buecher-rezensionen\\\/2025\\\/10\\\/vom-lernen-zum-lehren#primaryimage\"},\"image\":{\"@id\":\"https:\\\/\\\/www.musikzeitung.ch\\\/rezensionen\\\/buecher-rezensionen\\\/2025\\\/10\\\/vom-lernen-zum-lehren#primaryimage\"},\"thumbnailUrl\":\"https:\\\/\\\/www.musikzeitung.ch\\\/wp-content\\\/uploads\\\/2025\\\/10\\\/ReinckenAnWasser.jpg\",\"datePublished\":\"2025-10-21T13:01:02+00:00\",\"description\":\"Ingo Bredenbachs Buch zeigt Johann Sebastian Bach als Lernenden und als Lehrer.\",\"breadcrumb\":{\"@id\":\"https:\\\/\\\/www.musikzeitung.ch\\\/rezensionen\\\/buecher-rezensionen\\\/2025\\\/10\\\/vom-lernen-zum-lehren#breadcrumb\"},\"inLanguage\":\"en-US\",\"potentialAction\":[{\"@type\":\"ReadAction\",\"target\":[\"https:\\\/\\\/www.musikzeitung.ch\\\/rezensionen\\\/buecher-rezensionen\\\/2025\\\/10\\\/vom-lernen-zum-lehren\"]}]},{\"@type\":\"ImageObject\",\"inLanguage\":\"en-US\",\"@id\":\"https:\\\/\\\/www.musikzeitung.ch\\\/rezensionen\\\/buecher-rezensionen\\\/2025\\\/10\\\/vom-lernen-zum-lehren#primaryimage\",\"url\":\"https:\\\/\\\/www.musikzeitung.ch\\\/wp-content\\\/uploads\\\/2025\\\/10\\\/ReinckenAnWasser.jpg\",\"contentUrl\":\"https:\\\/\\\/www.musikzeitung.ch\\\/wp-content\\\/uploads\\\/2025\\\/10\\\/ReinckenAnWasser.jpg\",\"width\":936,\"height\":658},{\"@type\":\"BreadcrumbList\",\"@id\":\"https:\\\/\\\/www.musikzeitung.ch\\\/rezensionen\\\/buecher-rezensionen\\\/2025\\\/10\\\/vom-lernen-zum-lehren#breadcrumb\",\"itemListElement\":[{\"@type\":\"ListItem\",\"position\":1,\"name\":\"Home\",\"item\":\"https:\\\/\\\/www.musikzeitung.ch\\\/\"},{\"@type\":\"ListItem\",\"position\":2,\"name\":\"Vom Lernen zum Lehren\"}]},{\"@type\":\"WebSite\",\"@id\":\"https:\\\/\\\/www.musikzeitung.ch\\\/#website\",\"url\":\"https:\\\/\\\/www.musikzeitung.ch\\\/\",\"name\":\"Schweizer Musikzeitung\",\"description\":\"Die f\u00fchrende sparten\u00fcbergreifende Monatszeitung in der Schweiz f\u00fcr musikalische Fragen.\",\"publisher\":{\"@id\":\"https:\\\/\\\/www.musikzeitung.ch\\\/#organization\"},\"potentialAction\":[{\"@type\":\"SearchAction\",\"target\":{\"@type\":\"EntryPoint\",\"urlTemplate\":\"https:\\\/\\\/www.musikzeitung.ch\\\/?s={search_term_string}\"},\"query-input\":{\"@type\":\"PropertyValueSpecification\",\"valueRequired\":true,\"valueName\":\"search_term_string\"}}],\"inLanguage\":\"en-US\"},{\"@type\":\"Organization\",\"@id\":\"https:\\\/\\\/www.musikzeitung.ch\\\/#organization\",\"name\":\"Schweizer Musikzeitung\",\"url\":\"https:\\\/\\\/www.musikzeitung.ch\\\/\",\"logo\":{\"@type\":\"ImageObject\",\"inLanguage\":\"en-US\",\"@id\":\"https:\\\/\\\/www.musikzeitung.ch\\\/#\\\/schema\\\/logo\\\/image\\\/\",\"url\":\"https:\\\/\\\/www.musikzeitung.ch\\\/wp-content\\\/uploads\\\/2023\\\/01\\\/SMZ_Schriftzug_Sprache.png\",\"contentUrl\":\"https:\\\/\\\/www.musikzeitung.ch\\\/wp-content\\\/uploads\\\/2023\\\/01\\\/SMZ_Schriftzug_Sprache.png\",\"width\":1400,\"height\":279,\"caption\":\"Schweizer Musikzeitung\"},\"image\":{\"@id\":\"https:\\\/\\\/www.musikzeitung.ch\\\/#\\\/schema\\\/logo\\\/image\\\/\"},\"sameAs\":[\"https:\\\/\\\/www.facebook.com\\\/SchweizerMusikzeitung\\\/\",\"https:\\\/\\\/x.com\\\/smusikzeitung\",\"https:\\\/\\\/www.instagram.com\\\/musikzeitung.ch\\\/\"]},{\"@type\":\"Person\",\"@id\":\"https:\\\/\\\/www.musikzeitung.ch\\\/#\\\/schema\\\/person\\\/ea3d7b86bd7157c78c7ddd37f2f82b5b\",\"name\":\"pia.schwab\",\"image\":{\"@type\":\"ImageObject\",\"inLanguage\":\"en-US\",\"@id\":\"https:\\\/\\\/secure.gravatar.com\\\/avatar\\\/d39d170de4c2d07e897fbc26cf9d890fc046285c742207b86d8ebabe5fcde2c4?s=96&d=mm&r=g\",\"url\":\"https:\\\/\\\/secure.gravatar.com\\\/avatar\\\/d39d170de4c2d07e897fbc26cf9d890fc046285c742207b86d8ebabe5fcde2c4?s=96&d=mm&r=g\",\"contentUrl\":\"https:\\\/\\\/secure.gravatar.com\\\/avatar\\\/d39d170de4c2d07e897fbc26cf9d890fc046285c742207b86d8ebabe5fcde2c4?s=96&d=mm&r=g\",\"caption\":\"pia.schwab\"},\"url\":\"https:\\\/\\\/www.musikzeitung.ch\\\/en\\\/author\\\/pia-schwab\"}]}<\/script>\n<!-- \/ Yoast SEO plugin. -->","yoast_head_json":{"title":"From learning to teaching - Schweizer Musikzeitung","description":"Ingo Bredenbach's book shows Johann Sebastian Bach as a learner and a teacher.","robots":{"index":"index","follow":"follow","max-snippet":"max-snippet:-1","max-image-preview":"max-image-preview:large","max-video-preview":"max-video-preview:-1"},"canonical":"https:\/\/www.musikzeitung.ch\/en\/rezensionen\/buecher-rezensionen\/2025\/10\/vom-lernen-zum-lehren\/","og_locale":"en_US","og_type":"article","og_title":"Vom Lernen zum Lehren - Schweizer Musikzeitung","og_description":"Ingo Bredenbachs Buch zeigt Johann Sebastian Bach als Lernenden und als Lehrer.","og_url":"https:\/\/www.musikzeitung.ch\/en\/rezensionen\/buecher-rezensionen\/2025\/10\/vom-lernen-zum-lehren\/","og_site_name":"Schweizer Musikzeitung","article_publisher":"https:\/\/www.facebook.com\/SchweizerMusikzeitung\/","article_published_time":"2025-10-21T13:01:02+00:00","og_image":[{"width":936,"height":658,"url":"https:\/\/www.musikzeitung.ch\/wp-content\/uploads\/2025\/10\/ReinckenAnWasser.jpg","type":"image\/jpeg"}],"author":"pia.schwab","twitter_card":"summary_large_image","twitter_creator":"@smusikzeitung","twitter_site":"@smusikzeitung","twitter_misc":{"Written by":"pia.schwab","Est. reading time":"3 minutes"},"schema":{"@context":"https:\/\/schema.org","@graph":[{"@type":"Article","@id":"https:\/\/www.musikzeitung.ch\/rezensionen\/buecher-rezensionen\/2025\/10\/vom-lernen-zum-lehren#article","isPartOf":{"@id":"https:\/\/www.musikzeitung.ch\/rezensionen\/buecher-rezensionen\/2025\/10\/vom-lernen-zum-lehren"},"author":{"name":"pia.schwab","@id":"https:\/\/www.musikzeitung.ch\/#\/schema\/person\/ea3d7b86bd7157c78c7ddd37f2f82b5b"},"headline":"Vom Lernen zum Lehren","datePublished":"2025-10-21T13:01:02+00:00","mainEntityOfPage":{"@id":"https:\/\/www.musikzeitung.ch\/rezensionen\/buecher-rezensionen\/2025\/10\/vom-lernen-zum-lehren"},"wordCount":295,"publisher":{"@id":"https:\/\/www.musikzeitung.ch\/#organization"},"image":{"@id":"https:\/\/www.musikzeitung.ch\/rezensionen\/buecher-rezensionen\/2025\/10\/vom-lernen-zum-lehren#primaryimage"},"thumbnailUrl":"https:\/\/www.musikzeitung.ch\/wp-content\/uploads\/2025\/10\/ReinckenAnWasser.jpg","keywords":["Ingo Bredenbach","Johann Sebastian Bach"],"articleSection":["B\u00fccher","Rezensionen"],"inLanguage":"en-US"},{"@type":"WebPage","@id":"https:\/\/www.musikzeitung.ch\/rezensionen\/buecher-rezensionen\/2025\/10\/vom-lernen-zum-lehren","url":"https:\/\/www.musikzeitung.ch\/rezensionen\/buecher-rezensionen\/2025\/10\/vom-lernen-zum-lehren","name":"From learning to teaching - Schweizer Musikzeitung","isPartOf":{"@id":"https:\/\/www.musikzeitung.ch\/#website"},"primaryImageOfPage":{"@id":"https:\/\/www.musikzeitung.ch\/rezensionen\/buecher-rezensionen\/2025\/10\/vom-lernen-zum-lehren#primaryimage"},"image":{"@id":"https:\/\/www.musikzeitung.ch\/rezensionen\/buecher-rezensionen\/2025\/10\/vom-lernen-zum-lehren#primaryimage"},"thumbnailUrl":"https:\/\/www.musikzeitung.ch\/wp-content\/uploads\/2025\/10\/ReinckenAnWasser.jpg","datePublished":"2025-10-21T13:01:02+00:00","description":"Ingo Bredenbach's book shows Johann Sebastian Bach as a learner and a teacher.","breadcrumb":{"@id":"https:\/\/www.musikzeitung.ch\/rezensionen\/buecher-rezensionen\/2025\/10\/vom-lernen-zum-lehren#breadcrumb"},"inLanguage":"en-US","potentialAction":[{"@type":"ReadAction","target":["https:\/\/www.musikzeitung.ch\/rezensionen\/buecher-rezensionen\/2025\/10\/vom-lernen-zum-lehren"]}]},{"@type":"ImageObject","inLanguage":"en-US","@id":"https:\/\/www.musikzeitung.ch\/rezensionen\/buecher-rezensionen\/2025\/10\/vom-lernen-zum-lehren#primaryimage","url":"https:\/\/www.musikzeitung.ch\/wp-content\/uploads\/2025\/10\/ReinckenAnWasser.jpg","contentUrl":"https:\/\/www.musikzeitung.ch\/wp-content\/uploads\/2025\/10\/ReinckenAnWasser.jpg","width":936,"height":658},{"@type":"BreadcrumbList","@id":"https:\/\/www.musikzeitung.ch\/rezensionen\/buecher-rezensionen\/2025\/10\/vom-lernen-zum-lehren#breadcrumb","itemListElement":[{"@type":"ListItem","position":1,"name":"Home","item":"https:\/\/www.musikzeitung.ch\/"},{"@type":"ListItem","position":2,"name":"Vom Lernen zum Lehren"}]},{"@type":"WebSite","@id":"https:\/\/www.musikzeitung.ch\/#website","url":"https:\/\/www.musikzeitung.ch\/","name":"Swiss Music Newspaper","description":"The leading interdisciplinary monthly newspaper in Switzerland for musical issues.","publisher":{"@id":"https:\/\/www.musikzeitung.ch\/#organization"},"potentialAction":[{"@type":"SearchAction","target":{"@type":"EntryPoint","urlTemplate":"https:\/\/www.musikzeitung.ch\/?s={search_term_string}"},"query-input":{"@type":"PropertyValueSpecification","valueRequired":true,"valueName":"search_term_string"}}],"inLanguage":"en-US"},{"@type":"Organization","@id":"https:\/\/www.musikzeitung.ch\/#organization","name":"Swiss Music Newspaper","url":"https:\/\/www.musikzeitung.ch\/","logo":{"@type":"ImageObject","inLanguage":"en-US","@id":"https:\/\/www.musikzeitung.ch\/#\/schema\/logo\/image\/","url":"https:\/\/www.musikzeitung.ch\/wp-content\/uploads\/2023\/01\/SMZ_Schriftzug_Sprache.png","contentUrl":"https:\/\/www.musikzeitung.ch\/wp-content\/uploads\/2023\/01\/SMZ_Schriftzug_Sprache.png","width":1400,"height":279,"caption":"Schweizer Musikzeitung"},"image":{"@id":"https:\/\/www.musikzeitung.ch\/#\/schema\/logo\/image\/"},"sameAs":["https:\/\/www.facebook.com\/SchweizerMusikzeitung\/","https:\/\/x.com\/smusikzeitung","https:\/\/www.instagram.com\/musikzeitung.ch\/"]},{"@type":"Person","@id":"https:\/\/www.musikzeitung.ch\/#\/schema\/person\/ea3d7b86bd7157c78c7ddd37f2f82b5b","name":"pia.schwab","image":{"@type":"ImageObject","inLanguage":"en-US","@id":"https:\/\/secure.gravatar.com\/avatar\/d39d170de4c2d07e897fbc26cf9d890fc046285c742207b86d8ebabe5fcde2c4?s=96&d=mm&r=g","url":"https:\/\/secure.gravatar.com\/avatar\/d39d170de4c2d07e897fbc26cf9d890fc046285c742207b86d8ebabe5fcde2c4?s=96&d=mm&r=g","contentUrl":"https:\/\/secure.gravatar.com\/avatar\/d39d170de4c2d07e897fbc26cf9d890fc046285c742207b86d8ebabe5fcde2c4?s=96&d=mm&r=g","caption":"pia.schwab"},"url":"https:\/\/www.musikzeitung.ch\/en\/author\/pia-schwab"}]}},"publishpress_future_workflow_manual_trigger":{"enabledWorkflows":[]},"_links":{"self":[{"href":"https:\/\/www.musikzeitung.ch\/en\/wp-json\/wp\/v2\/posts\/68272","targetHints":{"allow":["GET"]}}],"collection":[{"href":"https:\/\/www.musikzeitung.ch\/en\/wp-json\/wp\/v2\/posts"}],"about":[{"href":"https:\/\/www.musikzeitung.ch\/en\/wp-json\/wp\/v2\/types\/post"}],"author":[{"embeddable":true,"href":"https:\/\/www.musikzeitung.ch\/en\/wp-json\/wp\/v2\/users\/29"}],"replies":[{"embeddable":true,"href":"https:\/\/www.musikzeitung.ch\/en\/wp-json\/wp\/v2\/comments?post=68272"}],"version-history":[{"count":3,"href":"https:\/\/www.musikzeitung.ch\/en\/wp-json\/wp\/v2\/posts\/68272\/revisions"}],"predecessor-version":[{"id":68277,"href":"https:\/\/www.musikzeitung.ch\/en\/wp-json\/wp\/v2\/posts\/68272\/revisions\/68277"}],"wp:featuredmedia":[{"embeddable":true,"href":"https:\/\/www.musikzeitung.ch\/en\/wp-json\/wp\/v2\/media\/68273"}],"wp:attachment":[{"href":"https:\/\/www.musikzeitung.ch\/en\/wp-json\/wp\/v2\/media?parent=68272"}],"wp:term":[{"taxonomy":"category","embeddable":true,"href":"https:\/\/www.musikzeitung.ch\/en\/wp-json\/wp\/v2\/categories?post=68272"},{"taxonomy":"post_tag","embeddable":true,"href":"https:\/\/www.musikzeitung.ch\/en\/wp-json\/wp\/v2\/tags?post=68272"}],"curies":[{"name":"wp","href":"https:\/\/api.w.org\/{rel}","templated":true}]}}