{"id":68452,"date":"2025-10-20T08:52:27","date_gmt":"2025-10-20T06:52:27","guid":{"rendered":"https:\/\/www.musikzeitung.ch\/?p=68452"},"modified":"2025-10-20T08:52:27","modified_gmt":"2025-10-20T06:52:27","slug":"90-jahre-orchestra-della-svizzera-italiana","status":"publish","type":"post","link":"https:\/\/www.musikzeitung.ch\/en\/news\/2025\/10\/90-jahre-orchestra-della-svizzera-italiana","title":{"rendered":"90 years Orchestra della Svizzera italiana"},"content":{"rendered":"<figure id=\"attachment_68453\" aria-describedby=\"caption-attachment-68453\" style=\"width: 2362px\" class=\"wp-caption aligncenter\"><img loading=\"lazy\" decoding=\"async\" class=\"wp-image-68453 size-full\" src=\"https:\/\/www.musikzeitung.ch\/wp-content\/uploads\/2025\/10\/11_12_Echo_OSI_Web.jpg\" alt=\"\" width=\"2362\" height=\"1772\" srcset=\"https:\/\/www.musikzeitung.ch\/wp-content\/uploads\/2025\/10\/11_12_Echo_OSI_Web.jpg 1333w, https:\/\/www.musikzeitung.ch\/wp-content\/uploads\/2025\/10\/11_12_Echo_OSI_Web-300x225.jpg 300w, https:\/\/www.musikzeitung.ch\/wp-content\/uploads\/2025\/10\/11_12_Echo_OSI_Web-1024x768.jpg 1024w, https:\/\/www.musikzeitung.ch\/wp-content\/uploads\/2025\/10\/11_12_Echo_OSI_Web-768x576.jpg 768w, https:\/\/www.musikzeitung.ch\/wp-content\/uploads\/2025\/10\/11_12_Echo_OSI_Web-1536x1152.jpg 1536w, https:\/\/www.musikzeitung.ch\/wp-content\/uploads\/2025\/10\/11_12_Echo_OSI_Web-2048x1536.jpg 2048w, https:\/\/www.musikzeitung.ch\/wp-content\/uploads\/2025\/10\/11_12_Echo_OSI_Web-16x12.jpg 16w, https:\/\/www.musikzeitung.ch\/wp-content\/uploads\/2025\/10\/11_12_Echo_OSI_Web-233x175.jpg 233w, https:\/\/www.musikzeitung.ch\/wp-content\/uploads\/2025\/10\/11_12_Echo_OSI_Web-467x350.jpg 467w, https:\/\/www.musikzeitung.ch\/wp-content\/uploads\/2025\/10\/11_12_Echo_OSI_Web-1066x800.jpg 1066w, https:\/\/www.musikzeitung.ch\/wp-content\/uploads\/2025\/10\/11_12_Echo_OSI_Web-920x690.jpg 920w, https:\/\/www.musikzeitung.ch\/wp-content\/uploads\/2025\/10\/11_12_Echo_OSI_Web-1400x1050.jpg 1400w\" sizes=\"auto, (max-width: 2362px) 100vw, 2362px\" \/><figcaption id=\"caption-attachment-68453\" class=\"wp-caption-text\">Festive concert of the Orchestra della Svizzera italiana. Photo: Max Nyffeler<\/figcaption><\/figure>\n<p>On the <a href=\"https:\/\/www.rsi.ch\/cultura\/musica\/I-primi-90-anni-dell%E2%80%99OSI--3206238.html\" target=\"_blank\" rel=\"noopener\">Program<\/a> four works with a close connection to the <a href=\"https:\/\/www.osi.swiss\/\">Orchestra<\/a>: The overture <em>Campo Marzio<\/em> (1937) by Ernst Krenek, named after the district in Lugano where the radio was based at the time, a classical divertimento by the conductor and composer Otmar Nussio, who was chief conductor of the orchestra from 1938 to 1968, and the world premiere of the smart <em>Divertissement M\u00e9lancomique<\/em> - a home-made work composed by violinist Duilio Galfetti and orchestrated by his orchestra colleague Katie Vitalie. The concert concluded with a brilliant interpretation of Beethoven's Fifth Symphony, which opened the orchestra's first concerts in 1935. Under the direction of Enrico Onofri, an Italian specialist in early music, the orchestra was in top musical form.<\/p>\n<p>In his speech, the President of the Orchestra Foundation, Mario Postizzi, emphasized the important cultural function that the OSI has for Italian-speaking Switzerland. It is the only symphony orchestra in the canton of Ticino and is based in the LAC (Lugano Arte e Cultura) cultural center, which opened in 2015, but also gives guest performances in the Ticino regions and in the neighbouring Italian-speaking part of the canton of Graub\u00fcnden. With its social commitment, says Postizzi, it makes a significant contribution to the cultural identity of the canton of Ticino. The canton is often only perceived as a tourist destination and still has to find its place between Italy and German-speaking Switzerland.<\/p>\n<h3>Conducting composers<\/h3>\n<p>The OSI can look back on many years of collaboration with important composers as conductors of their own works, including Ernst Krenek, Pietro Mascagni, Artur Honegger, Richard Strauss and Igor Stravinsky. Unfortunately, many of the early recordings are no longer available; they are said to have been \"disposed of\" when the radio moved to the new buildings in Lugano-Besso in 1962. The more recent past, however, is well documented, such as the Progetto Martha Argerich, founded in 2002, in which the OSI played a central role with conductor Diego Fasolis.<\/p>\n<p>Marc Andreae was chief conductor after Nussio for thirty years from 1968. After that, the position of \"direttore principale\" was established for a limited period, most recently held by Markus Poschner. Other guest conductors with longer-term engagements have included Serge Baudo, Mikhail Pletnev, Vladimir Ashkenazy and currently Krzysztof Urba\u0144ski. The CD released by ECM with works by Alfred Schnittke and Paul Hindemith and with soloist Anna Gourari (conductor Markus Poschner) won the prize in the Mixed Recordings category at the International Classical Music Awards (ICMA) in 2025.<\/p>\n<h3>Anniversary book<\/h3>\n<p>RSI separated from the orchestra in 1991. A state foundation with a broadly based supervisory body was established. The OSI thus took on the aforementioned role as an identity-forming institution in Italian-speaking Switzerland, which it has since fulfilled with great ingenuity in both musical and organizational terms. A small <a href=\"http:\/\/www.edizionicasagrande.com\/libri_dett.php?id=2978\" target=\"_blank\" rel=\"noopener\">Book by Lorenzo Sganzini <em>Il respiro dell'orchestra<\/em> (The breath of the orchestra)<\/a>which has now been presented to the public at the anniversary concert, traces the orchestra's path and its current activities in great detail.<\/p>\n<p><a href=\"http:\/\/www.osi.swiss\" target=\"_blank\" rel=\"noopener\">www.osi.swiss<\/a><br \/>\nStreaming of the anniversary concert: <a href=\"https:\/\/www.rsi.ch\/cultura\/musica\/I-primi-90-anni-dell%E2%80%99OSI--3206238.html\" target=\"_blank\" rel=\"noopener\">https:\/\/www.rsi.ch\/cultura\/musica\/I-primi-90-anni-dell%E2%80%99OSI&#8211;3206238.html<\/a><br \/>\nLorenzo Sganzini: <em>Il respiro dell'orchestra, <\/em>Edizioni Casagrande, Bellinzona, 2025\u00a0 <a href=\"http:\/\/www.edizionicasagrande.com\/libri_dett.php?id=2978\">www.edizionicasagrande.com\/libri_dett.php?id=2978<\/a><\/p>\n<p>&nbsp;<\/p>","protected":false},"excerpt":{"rendered":"<p>The Orchestra della Svizzera italiana (OSI) celebrated its ninetieth anniversary on October 16 in Lugano with a festive concert and the publication of a book. <\/p>","protected":false},"author":23,"featured_media":68453,"comment_status":"closed","ping_status":"closed","sticky":false,"template":"","format":"standard","meta":{"_acf_changed":false,"_relevanssi_hide_post":"","_relevanssi_hide_content":"","_relevanssi_pin_for_all":"","_relevanssi_pin_keywords":"","_relevanssi_unpin_keywords":"","_relevanssi_related_keywords":"","_relevanssi_related_include_ids":"","_relevanssi_related_exclude_ids":"","_relevanssi_related_no_append":"","_relevanssi_related_not_related":"","_relevanssi_related_posts":"","_relevanssi_noindex_reason":"","pgc_sgb_lightbox_settings":"","footnotes":""},"categories":[27],"tags":[5379,2539],"class_list":["post-68452","post","type-post","status-publish","format-standard","has-post-thumbnail","hentry","category-news","tag-enrico-onofri","tag-orchestra-della-svizzera-italiana"],"acf":[],"yoast_head":"<!-- This site is optimized with the Yoast SEO plugin v27.4 - https:\/\/yoast.com\/product\/yoast-seo-wordpress\/ -->\n<title>90 Jahre Orchestra della Svizzera italiana - Schweizer Musikzeitung<\/title>\n<meta name=\"description\" content=\"Mit einem Festkonzert und einer Buchver\u00f6ffentlichung hat das OSI am 16. Oktober in Lugano sein neunzigj\u00e4hriges Bestehen gefeiert.\" \/>\n<meta name=\"robots\" content=\"index, follow, max-snippet:-1, max-image-preview:large, max-video-preview:-1\" \/>\n<link rel=\"canonical\" href=\"https:\/\/www.musikzeitung.ch\/en\/news\/2025\/10\/90-jahre-orchestra-della-svizzera-italiana\/\" \/>\n<meta property=\"og:locale\" content=\"en_US\" \/>\n<meta property=\"og:type\" content=\"article\" \/>\n<meta property=\"og:title\" content=\"90 Jahre Orchestra della Svizzera italiana - Schweizer Musikzeitung\" \/>\n<meta property=\"og:description\" content=\"Mit einem Festkonzert und einer Buchver\u00f6ffentlichung hat das OSI am 16. Oktober in Lugano sein neunzigj\u00e4hriges Bestehen gefeiert.\" \/>\n<meta property=\"og:url\" content=\"https:\/\/www.musikzeitung.ch\/en\/news\/2025\/10\/90-jahre-orchestra-della-svizzera-italiana\/\" \/>\n<meta property=\"og:site_name\" content=\"Schweizer Musikzeitung\" \/>\n<meta property=\"article:publisher\" content=\"https:\/\/www.facebook.com\/SchweizerMusikzeitung\/\" \/>\n<meta property=\"article:published_time\" content=\"2025-10-20T06:52:27+00:00\" \/>\n<meta property=\"og:image\" content=\"https:\/\/www.musikzeitung.ch\/wp-content\/uploads\/2025\/10\/11_12_Echo_OSI_Web.jpg\" \/>\n\t<meta property=\"og:image:width\" content=\"1333\" \/>\n\t<meta property=\"og:image:height\" content=\"1000\" \/>\n\t<meta property=\"og:image:type\" content=\"image\/jpeg\" \/>\n<meta name=\"author\" content=\"Katrin Spelinova\" \/>\n<meta name=\"twitter:card\" content=\"summary_large_image\" \/>\n<meta name=\"twitter:creator\" content=\"@testredaktor\" \/>\n<meta name=\"twitter:site\" content=\"@smusikzeitung\" \/>\n<meta name=\"twitter:label1\" content=\"Written by\" \/>\n\t<meta name=\"twitter:data1\" content=\"Katrin Spelinova\" \/>\n\t<meta name=\"twitter:label2\" content=\"Est. reading time\" \/>\n\t<meta name=\"twitter:data2\" content=\"4 minutes\" \/>\n<script type=\"application\/ld+json\" class=\"yoast-schema-graph\">{\"@context\":\"https:\\\/\\\/schema.org\",\"@graph\":[{\"@type\":\"Article\",\"@id\":\"https:\\\/\\\/www.musikzeitung.ch\\\/news\\\/2025\\\/10\\\/90-jahre-orchestra-della-svizzera-italiana#article\",\"isPartOf\":{\"@id\":\"https:\\\/\\\/www.musikzeitung.ch\\\/news\\\/2025\\\/10\\\/90-jahre-orchestra-della-svizzera-italiana\"},\"author\":{\"name\":\"Katrin Spelinova\",\"@id\":\"https:\\\/\\\/www.musikzeitung.ch\\\/#\\\/schema\\\/person\\\/dce7e5b820812d9af4db2f787d1bec92\"},\"headline\":\"90 Jahre Orchestra della Svizzera italiana\",\"datePublished\":\"2025-10-20T06:52:27+00:00\",\"mainEntityOfPage\":{\"@id\":\"https:\\\/\\\/www.musikzeitung.ch\\\/news\\\/2025\\\/10\\\/90-jahre-orchestra-della-svizzera-italiana\"},\"wordCount\":526,\"publisher\":{\"@id\":\"https:\\\/\\\/www.musikzeitung.ch\\\/#organization\"},\"image\":{\"@id\":\"https:\\\/\\\/www.musikzeitung.ch\\\/news\\\/2025\\\/10\\\/90-jahre-orchestra-della-svizzera-italiana#primaryimage\"},\"thumbnailUrl\":\"https:\\\/\\\/www.musikzeitung.ch\\\/wp-content\\\/uploads\\\/2025\\\/10\\\/11_12_Echo_OSI_Web.jpg\",\"keywords\":[\"Enrico Onofri\",\"Orchestra della Svizzera italiana\"],\"articleSection\":[\"News\"],\"inLanguage\":\"en-US\"},{\"@type\":\"WebPage\",\"@id\":\"https:\\\/\\\/www.musikzeitung.ch\\\/news\\\/2025\\\/10\\\/90-jahre-orchestra-della-svizzera-italiana\",\"url\":\"https:\\\/\\\/www.musikzeitung.ch\\\/news\\\/2025\\\/10\\\/90-jahre-orchestra-della-svizzera-italiana\",\"name\":\"90 Jahre Orchestra della Svizzera italiana - Schweizer Musikzeitung\",\"isPartOf\":{\"@id\":\"https:\\\/\\\/www.musikzeitung.ch\\\/#website\"},\"primaryImageOfPage\":{\"@id\":\"https:\\\/\\\/www.musikzeitung.ch\\\/news\\\/2025\\\/10\\\/90-jahre-orchestra-della-svizzera-italiana#primaryimage\"},\"image\":{\"@id\":\"https:\\\/\\\/www.musikzeitung.ch\\\/news\\\/2025\\\/10\\\/90-jahre-orchestra-della-svizzera-italiana#primaryimage\"},\"thumbnailUrl\":\"https:\\\/\\\/www.musikzeitung.ch\\\/wp-content\\\/uploads\\\/2025\\\/10\\\/11_12_Echo_OSI_Web.jpg\",\"datePublished\":\"2025-10-20T06:52:27+00:00\",\"description\":\"Mit einem Festkonzert und einer Buchver\u00f6ffentlichung hat das OSI am 16. Oktober in Lugano sein neunzigj\u00e4hriges Bestehen gefeiert.\",\"breadcrumb\":{\"@id\":\"https:\\\/\\\/www.musikzeitung.ch\\\/news\\\/2025\\\/10\\\/90-jahre-orchestra-della-svizzera-italiana#breadcrumb\"},\"inLanguage\":\"en-US\",\"potentialAction\":[{\"@type\":\"ReadAction\",\"target\":[\"https:\\\/\\\/www.musikzeitung.ch\\\/news\\\/2025\\\/10\\\/90-jahre-orchestra-della-svizzera-italiana\"]}]},{\"@type\":\"ImageObject\",\"inLanguage\":\"en-US\",\"@id\":\"https:\\\/\\\/www.musikzeitung.ch\\\/news\\\/2025\\\/10\\\/90-jahre-orchestra-della-svizzera-italiana#primaryimage\",\"url\":\"https:\\\/\\\/www.musikzeitung.ch\\\/wp-content\\\/uploads\\\/2025\\\/10\\\/11_12_Echo_OSI_Web.jpg\",\"contentUrl\":\"https:\\\/\\\/www.musikzeitung.ch\\\/wp-content\\\/uploads\\\/2025\\\/10\\\/11_12_Echo_OSI_Web.jpg\",\"width\":1333,\"height\":1000},{\"@type\":\"BreadcrumbList\",\"@id\":\"https:\\\/\\\/www.musikzeitung.ch\\\/news\\\/2025\\\/10\\\/90-jahre-orchestra-della-svizzera-italiana#breadcrumb\",\"itemListElement\":[{\"@type\":\"ListItem\",\"position\":1,\"name\":\"Home\",\"item\":\"https:\\\/\\\/www.musikzeitung.ch\\\/\"},{\"@type\":\"ListItem\",\"position\":2,\"name\":\"90 Jahre Orchestra della Svizzera italiana\"}]},{\"@type\":\"WebSite\",\"@id\":\"https:\\\/\\\/www.musikzeitung.ch\\\/#website\",\"url\":\"https:\\\/\\\/www.musikzeitung.ch\\\/\",\"name\":\"Schweizer Musikzeitung\",\"description\":\"Die f\u00fchrende sparten\u00fcbergreifende Monatszeitung in der Schweiz f\u00fcr musikalische Fragen.\",\"publisher\":{\"@id\":\"https:\\\/\\\/www.musikzeitung.ch\\\/#organization\"},\"potentialAction\":[{\"@type\":\"SearchAction\",\"target\":{\"@type\":\"EntryPoint\",\"urlTemplate\":\"https:\\\/\\\/www.musikzeitung.ch\\\/?s={search_term_string}\"},\"query-input\":{\"@type\":\"PropertyValueSpecification\",\"valueRequired\":true,\"valueName\":\"search_term_string\"}}],\"inLanguage\":\"en-US\"},{\"@type\":\"Organization\",\"@id\":\"https:\\\/\\\/www.musikzeitung.ch\\\/#organization\",\"name\":\"Schweizer Musikzeitung\",\"url\":\"https:\\\/\\\/www.musikzeitung.ch\\\/\",\"logo\":{\"@type\":\"ImageObject\",\"inLanguage\":\"en-US\",\"@id\":\"https:\\\/\\\/www.musikzeitung.ch\\\/#\\\/schema\\\/logo\\\/image\\\/\",\"url\":\"https:\\\/\\\/www.musikzeitung.ch\\\/wp-content\\\/uploads\\\/2023\\\/01\\\/SMZ_Schriftzug_Sprache.png\",\"contentUrl\":\"https:\\\/\\\/www.musikzeitung.ch\\\/wp-content\\\/uploads\\\/2023\\\/01\\\/SMZ_Schriftzug_Sprache.png\",\"width\":1400,\"height\":279,\"caption\":\"Schweizer Musikzeitung\"},\"image\":{\"@id\":\"https:\\\/\\\/www.musikzeitung.ch\\\/#\\\/schema\\\/logo\\\/image\\\/\"},\"sameAs\":[\"https:\\\/\\\/www.facebook.com\\\/SchweizerMusikzeitung\\\/\",\"https:\\\/\\\/x.com\\\/smusikzeitung\",\"https:\\\/\\\/www.instagram.com\\\/musikzeitung.ch\\\/\"]},{\"@type\":\"Person\",\"@id\":\"https:\\\/\\\/www.musikzeitung.ch\\\/#\\\/schema\\\/person\\\/dce7e5b820812d9af4db2f787d1bec92\",\"name\":\"Katrin Spelinova\",\"image\":{\"@type\":\"ImageObject\",\"inLanguage\":\"en-US\",\"@id\":\"https:\\\/\\\/secure.gravatar.com\\\/avatar\\\/2a2c2956e074ebca9bf65620496cd2e317d90b8c76450e9dd04d7cebf95eeada?s=96&d=mm&r=g\",\"url\":\"https:\\\/\\\/secure.gravatar.com\\\/avatar\\\/2a2c2956e074ebca9bf65620496cd2e317d90b8c76450e9dd04d7cebf95eeada?s=96&d=mm&r=g\",\"contentUrl\":\"https:\\\/\\\/secure.gravatar.com\\\/avatar\\\/2a2c2956e074ebca9bf65620496cd2e317d90b8c76450e9dd04d7cebf95eeada?s=96&d=mm&r=g\",\"caption\":\"Katrin Spelinova\"},\"sameAs\":[\"https:\\\/\\\/x.com\\\/testredaktor\"],\"url\":\"https:\\\/\\\/www.musikzeitung.ch\\\/en\\\/author\\\/spelkat\"}]}<\/script>\n<!-- \/ Yoast SEO plugin. -->","yoast_head_json":{"title":"90 years Orchestra della Svizzera italiana - Schweizer Musikzeitung","description":"The OSI celebrated its ninetieth anniversary on October 16 in Lugano with a festive concert and the publication of a book.","robots":{"index":"index","follow":"follow","max-snippet":"max-snippet:-1","max-image-preview":"max-image-preview:large","max-video-preview":"max-video-preview:-1"},"canonical":"https:\/\/www.musikzeitung.ch\/en\/news\/2025\/10\/90-jahre-orchestra-della-svizzera-italiana\/","og_locale":"en_US","og_type":"article","og_title":"90 Jahre Orchestra della Svizzera italiana - Schweizer Musikzeitung","og_description":"Mit einem Festkonzert und einer Buchver\u00f6ffentlichung hat das OSI am 16. Oktober in Lugano sein neunzigj\u00e4hriges Bestehen gefeiert.","og_url":"https:\/\/www.musikzeitung.ch\/en\/news\/2025\/10\/90-jahre-orchestra-della-svizzera-italiana\/","og_site_name":"Schweizer Musikzeitung","article_publisher":"https:\/\/www.facebook.com\/SchweizerMusikzeitung\/","article_published_time":"2025-10-20T06:52:27+00:00","og_image":[{"width":1333,"height":1000,"url":"https:\/\/www.musikzeitung.ch\/wp-content\/uploads\/2025\/10\/11_12_Echo_OSI_Web.jpg","type":"image\/jpeg"}],"author":"Katrin Spelinova","twitter_card":"summary_large_image","twitter_creator":"@testredaktor","twitter_site":"@smusikzeitung","twitter_misc":{"Written by":"Katrin Spelinova","Est. reading time":"4 minutes"},"schema":{"@context":"https:\/\/schema.org","@graph":[{"@type":"Article","@id":"https:\/\/www.musikzeitung.ch\/news\/2025\/10\/90-jahre-orchestra-della-svizzera-italiana#article","isPartOf":{"@id":"https:\/\/www.musikzeitung.ch\/news\/2025\/10\/90-jahre-orchestra-della-svizzera-italiana"},"author":{"name":"Katrin Spelinova","@id":"https:\/\/www.musikzeitung.ch\/#\/schema\/person\/dce7e5b820812d9af4db2f787d1bec92"},"headline":"90 Jahre Orchestra della Svizzera italiana","datePublished":"2025-10-20T06:52:27+00:00","mainEntityOfPage":{"@id":"https:\/\/www.musikzeitung.ch\/news\/2025\/10\/90-jahre-orchestra-della-svizzera-italiana"},"wordCount":526,"publisher":{"@id":"https:\/\/www.musikzeitung.ch\/#organization"},"image":{"@id":"https:\/\/www.musikzeitung.ch\/news\/2025\/10\/90-jahre-orchestra-della-svizzera-italiana#primaryimage"},"thumbnailUrl":"https:\/\/www.musikzeitung.ch\/wp-content\/uploads\/2025\/10\/11_12_Echo_OSI_Web.jpg","keywords":["Enrico Onofri","Orchestra della Svizzera italiana"],"articleSection":["News"],"inLanguage":"en-US"},{"@type":"WebPage","@id":"https:\/\/www.musikzeitung.ch\/news\/2025\/10\/90-jahre-orchestra-della-svizzera-italiana","url":"https:\/\/www.musikzeitung.ch\/news\/2025\/10\/90-jahre-orchestra-della-svizzera-italiana","name":"90 years Orchestra della Svizzera italiana - Schweizer Musikzeitung","isPartOf":{"@id":"https:\/\/www.musikzeitung.ch\/#website"},"primaryImageOfPage":{"@id":"https:\/\/www.musikzeitung.ch\/news\/2025\/10\/90-jahre-orchestra-della-svizzera-italiana#primaryimage"},"image":{"@id":"https:\/\/www.musikzeitung.ch\/news\/2025\/10\/90-jahre-orchestra-della-svizzera-italiana#primaryimage"},"thumbnailUrl":"https:\/\/www.musikzeitung.ch\/wp-content\/uploads\/2025\/10\/11_12_Echo_OSI_Web.jpg","datePublished":"2025-10-20T06:52:27+00:00","description":"The OSI celebrated its ninetieth anniversary on October 16 in Lugano with a festive concert and the publication of a book.","breadcrumb":{"@id":"https:\/\/www.musikzeitung.ch\/news\/2025\/10\/90-jahre-orchestra-della-svizzera-italiana#breadcrumb"},"inLanguage":"en-US","potentialAction":[{"@type":"ReadAction","target":["https:\/\/www.musikzeitung.ch\/news\/2025\/10\/90-jahre-orchestra-della-svizzera-italiana"]}]},{"@type":"ImageObject","inLanguage":"en-US","@id":"https:\/\/www.musikzeitung.ch\/news\/2025\/10\/90-jahre-orchestra-della-svizzera-italiana#primaryimage","url":"https:\/\/www.musikzeitung.ch\/wp-content\/uploads\/2025\/10\/11_12_Echo_OSI_Web.jpg","contentUrl":"https:\/\/www.musikzeitung.ch\/wp-content\/uploads\/2025\/10\/11_12_Echo_OSI_Web.jpg","width":1333,"height":1000},{"@type":"BreadcrumbList","@id":"https:\/\/www.musikzeitung.ch\/news\/2025\/10\/90-jahre-orchestra-della-svizzera-italiana#breadcrumb","itemListElement":[{"@type":"ListItem","position":1,"name":"Home","item":"https:\/\/www.musikzeitung.ch\/"},{"@type":"ListItem","position":2,"name":"90 Jahre Orchestra della Svizzera italiana"}]},{"@type":"WebSite","@id":"https:\/\/www.musikzeitung.ch\/#website","url":"https:\/\/www.musikzeitung.ch\/","name":"Swiss Music Newspaper","description":"The leading interdisciplinary monthly newspaper in Switzerland for musical issues.","publisher":{"@id":"https:\/\/www.musikzeitung.ch\/#organization"},"potentialAction":[{"@type":"SearchAction","target":{"@type":"EntryPoint","urlTemplate":"https:\/\/www.musikzeitung.ch\/?s={search_term_string}"},"query-input":{"@type":"PropertyValueSpecification","valueRequired":true,"valueName":"search_term_string"}}],"inLanguage":"en-US"},{"@type":"Organization","@id":"https:\/\/www.musikzeitung.ch\/#organization","name":"Swiss Music Newspaper","url":"https:\/\/www.musikzeitung.ch\/","logo":{"@type":"ImageObject","inLanguage":"en-US","@id":"https:\/\/www.musikzeitung.ch\/#\/schema\/logo\/image\/","url":"https:\/\/www.musikzeitung.ch\/wp-content\/uploads\/2023\/01\/SMZ_Schriftzug_Sprache.png","contentUrl":"https:\/\/www.musikzeitung.ch\/wp-content\/uploads\/2023\/01\/SMZ_Schriftzug_Sprache.png","width":1400,"height":279,"caption":"Schweizer Musikzeitung"},"image":{"@id":"https:\/\/www.musikzeitung.ch\/#\/schema\/logo\/image\/"},"sameAs":["https:\/\/www.facebook.com\/SchweizerMusikzeitung\/","https:\/\/x.com\/smusikzeitung","https:\/\/www.instagram.com\/musikzeitung.ch\/"]},{"@type":"Person","@id":"https:\/\/www.musikzeitung.ch\/#\/schema\/person\/dce7e5b820812d9af4db2f787d1bec92","name":"Katrin Spelinova","image":{"@type":"ImageObject","inLanguage":"en-US","@id":"https:\/\/secure.gravatar.com\/avatar\/2a2c2956e074ebca9bf65620496cd2e317d90b8c76450e9dd04d7cebf95eeada?s=96&d=mm&r=g","url":"https:\/\/secure.gravatar.com\/avatar\/2a2c2956e074ebca9bf65620496cd2e317d90b8c76450e9dd04d7cebf95eeada?s=96&d=mm&r=g","contentUrl":"https:\/\/secure.gravatar.com\/avatar\/2a2c2956e074ebca9bf65620496cd2e317d90b8c76450e9dd04d7cebf95eeada?s=96&d=mm&r=g","caption":"Katrin Spelinova"},"sameAs":["https:\/\/x.com\/testredaktor"],"url":"https:\/\/www.musikzeitung.ch\/en\/author\/spelkat"}]}},"publishpress_future_workflow_manual_trigger":{"enabledWorkflows":[]},"_links":{"self":[{"href":"https:\/\/www.musikzeitung.ch\/en\/wp-json\/wp\/v2\/posts\/68452","targetHints":{"allow":["GET"]}}],"collection":[{"href":"https:\/\/www.musikzeitung.ch\/en\/wp-json\/wp\/v2\/posts"}],"about":[{"href":"https:\/\/www.musikzeitung.ch\/en\/wp-json\/wp\/v2\/types\/post"}],"author":[{"embeddable":true,"href":"https:\/\/www.musikzeitung.ch\/en\/wp-json\/wp\/v2\/users\/23"}],"replies":[{"embeddable":true,"href":"https:\/\/www.musikzeitung.ch\/en\/wp-json\/wp\/v2\/comments?post=68452"}],"version-history":[{"count":1,"href":"https:\/\/www.musikzeitung.ch\/en\/wp-json\/wp\/v2\/posts\/68452\/revisions"}],"predecessor-version":[{"id":68454,"href":"https:\/\/www.musikzeitung.ch\/en\/wp-json\/wp\/v2\/posts\/68452\/revisions\/68454"}],"wp:featuredmedia":[{"embeddable":true,"href":"https:\/\/www.musikzeitung.ch\/en\/wp-json\/wp\/v2\/media\/68453"}],"wp:attachment":[{"href":"https:\/\/www.musikzeitung.ch\/en\/wp-json\/wp\/v2\/media?parent=68452"}],"wp:term":[{"taxonomy":"category","embeddable":true,"href":"https:\/\/www.musikzeitung.ch\/en\/wp-json\/wp\/v2\/categories?post=68452"},{"taxonomy":"post_tag","embeddable":true,"href":"https:\/\/www.musikzeitung.ch\/en\/wp-json\/wp\/v2\/tags?post=68452"}],"curies":[{"name":"wp","href":"https:\/\/api.w.org\/{rel}","templated":true}]}}