{"id":68549,"date":"2025-10-29T08:09:51","date_gmt":"2025-10-29T07:09:51","guid":{"rendered":"https:\/\/www.musikzeitung.ch\/?p=68549"},"modified":"2025-10-29T08:39:27","modified_gmt":"2025-10-29T07:39:27","slug":"lucie-leguay-uebernimmt-sinfonietta-de-lausanne","status":"publish","type":"post","link":"https:\/\/www.musikzeitung.ch\/en\/news\/2025\/10\/lucie-leguay-uebernimmt-sinfonietta-de-lausanne","title":{"rendered":"Lucie Leguay takes over Sinfonietta de Lausanne"},"content":{"rendered":"<figure id=\"attachment_68550\" aria-describedby=\"caption-attachment-68550\" style=\"width: 925px\" class=\"wp-caption alignnone\"><img loading=\"lazy\" decoding=\"async\" class=\"size-full wp-image-68550\" src=\"https:\/\/www.musikzeitung.ch\/wp-content\/uploads\/2025\/10\/251029leguay.jpg\" alt=\"\" width=\"925\" height=\"616\" srcset=\"https:\/\/www.musikzeitung.ch\/wp-content\/uploads\/2025\/10\/251029leguay.jpg 925w, https:\/\/www.musikzeitung.ch\/wp-content\/uploads\/2025\/10\/251029leguay-300x200.jpg 300w, https:\/\/www.musikzeitung.ch\/wp-content\/uploads\/2025\/10\/251029leguay-600x400.jpg 600w, https:\/\/www.musikzeitung.ch\/wp-content\/uploads\/2025\/10\/251029leguay-768x511.jpg 768w, https:\/\/www.musikzeitung.ch\/wp-content\/uploads\/2025\/10\/251029leguay-18x12.jpg 18w, https:\/\/www.musikzeitung.ch\/wp-content\/uploads\/2025\/10\/251029leguay-263x175.jpg 263w, https:\/\/www.musikzeitung.ch\/wp-content\/uploads\/2025\/10\/251029leguay-526x350.jpg 526w, https:\/\/www.musikzeitung.ch\/wp-content\/uploads\/2025\/10\/251029leguay-920x613.jpg 920w\" sizes=\"auto, (max-width: 925px) 100vw, 925px\" \/><figcaption id=\"caption-attachment-68550\" class=\"wp-caption-text\">Lucie Leguay (Image: Christine Ledroit-Perrin)<\/figcaption><\/figure>\n<p>Lucie Leguay, who was discovered in 2018 at the Tremplin pour Jeunes Cheffes d'orchestre (springboard for young female conductors) at the Philharmonie de Paris, holds a Master's degree in orchestral conducting from the HEMU-Haute \u00c9cole de Musique (Vaud site, Lausanne). In 2023, she won the Victoires de la Musique Classique in the category \"R\u00e9v\u00e9lation chef d'orchestre\" (discovery as a conductor).<\/p>\n<p>Lucie Leguay works as a guest conductor with numerous orchestras, including the Orchestre Philharmonique de Radio France, the Orchestre de Paris, the Orchestre Symphonique de Montr\u00e9al, the Royal Stockholm Philharmonic, the Konzerthaus Berlin and the BBC Philharmonic Orchestra, as well as with composers such as Peter E\u00f6tv\u00f6s, Kaija Saariaho and Heinz Holliger.<\/p>\n<p>The Sinfonietta de Lausanne was founded in 1981 by Jean-Marc Grob under the name Orchestre des Rencontres Musicales and was under the direction of Alexander Mayer from 2013 to 2017, before passing to David Reiland. The ensemble has a variable staff and accepts students from the HEMU, whom it accompanies on their way to becoming orchestral musicians.<\/p>\n<p>&nbsp;<\/p>","protected":false},"excerpt":{"rendered":"<p>The conductor Lucie Leguay will become musical director of the Sinfonietta de Lausanne from the 2026\/27 season. She succeeds David Reiland in this position.<\/p>","protected":false},"author":30,"featured_media":68550,"comment_status":"closed","ping_status":"closed","sticky":false,"template":"","format":"standard","meta":{"_acf_changed":false,"_relevanssi_hide_post":"","_relevanssi_hide_content":"","_relevanssi_pin_for_all":"","_relevanssi_pin_keywords":"","_relevanssi_unpin_keywords":"","_relevanssi_related_keywords":"","_relevanssi_related_include_ids":"","_relevanssi_related_exclude_ids":"","_relevanssi_related_no_append":"","_relevanssi_related_not_related":"","_relevanssi_related_posts":"","_relevanssi_noindex_reason":"","pgc_sgb_lightbox_settings":"","footnotes":""},"categories":[27],"tags":[5388,5389],"class_list":["post-68549","post","type-post","status-publish","format-standard","has-post-thumbnail","hentry","category-news","tag-lucie-leguay","tag-sinfonietta-de-lausanne"],"acf":[],"yoast_head":"<!-- This site is optimized with the Yoast SEO plugin v27.4 - https:\/\/yoast.com\/product\/yoast-seo-wordpress\/ -->\n<title>Lucie Leguay \u00fcbernimmt Sinfonietta de Lausanne - Schweizer Musikzeitung<\/title>\n<meta name=\"description\" content=\"Die Dirigentin Lucie Leguay wird ab der Saison 2026\/27 musikalische Leiterin der Sinfonietta de Lausanne. Sie folgt in dem Amt auf David Reiland.\" \/>\n<meta name=\"robots\" content=\"index, follow, max-snippet:-1, max-image-preview:large, max-video-preview:-1\" \/>\n<link rel=\"canonical\" href=\"https:\/\/www.musikzeitung.ch\/en\/news\/2025\/10\/lucie-leguay-uebernimmt-sinfonietta-de-lausanne\/\" \/>\n<meta property=\"og:locale\" content=\"en_US\" \/>\n<meta property=\"og:type\" content=\"article\" \/>\n<meta property=\"og:title\" content=\"Lucie Leguay \u00fcbernimmt Sinfonietta de Lausanne - Schweizer Musikzeitung\" \/>\n<meta property=\"og:description\" content=\"Die Dirigentin Lucie Leguay wird ab der Saison 2026\/27 musikalische Leiterin der Sinfonietta de Lausanne. Sie folgt in dem Amt auf David Reiland.\" \/>\n<meta property=\"og:url\" content=\"https:\/\/www.musikzeitung.ch\/en\/news\/2025\/10\/lucie-leguay-uebernimmt-sinfonietta-de-lausanne\/\" \/>\n<meta property=\"og:site_name\" content=\"Schweizer Musikzeitung\" \/>\n<meta property=\"article:publisher\" content=\"https:\/\/www.facebook.com\/SchweizerMusikzeitung\/\" \/>\n<meta property=\"article:author\" content=\"https:\/\/www.facebook.com\/wolfgang.bohler.75\" \/>\n<meta property=\"article:published_time\" content=\"2025-10-29T07:09:51+00:00\" \/>\n<meta property=\"article:modified_time\" content=\"2025-10-29T07:39:27+00:00\" \/>\n<meta property=\"og:image\" content=\"https:\/\/www.musikzeitung.ch\/wp-content\/uploads\/2025\/10\/251029leguay.jpg\" \/>\n\t<meta property=\"og:image:width\" content=\"925\" \/>\n\t<meta property=\"og:image:height\" content=\"616\" \/>\n\t<meta property=\"og:image:type\" content=\"image\/jpeg\" \/>\n<meta name=\"author\" content=\"Wolfgang B\u00f6hler\" \/>\n<meta name=\"twitter:card\" content=\"summary_large_image\" \/>\n<meta name=\"twitter:creator\" content=\"@smusikzeitung\" \/>\n<meta name=\"twitter:site\" content=\"@smusikzeitung\" \/>\n<meta name=\"twitter:label1\" content=\"Written by\" \/>\n\t<meta name=\"twitter:data1\" content=\"Wolfgang B\u00f6hler\" \/>\n\t<meta name=\"twitter:label2\" content=\"Est. reading time\" \/>\n\t<meta name=\"twitter:data2\" content=\"2 minutes\" \/>\n<script type=\"application\/ld+json\" class=\"yoast-schema-graph\">{\"@context\":\"https:\\\/\\\/schema.org\",\"@graph\":[{\"@type\":\"Article\",\"@id\":\"https:\\\/\\\/www.musikzeitung.ch\\\/news\\\/2025\\\/10\\\/lucie-leguay-uebernimmt-sinfonietta-de-lausanne#article\",\"isPartOf\":{\"@id\":\"https:\\\/\\\/www.musikzeitung.ch\\\/news\\\/2025\\\/10\\\/lucie-leguay-uebernimmt-sinfonietta-de-lausanne\"},\"author\":{\"name\":\"Wolfgang B\u00f6hler\",\"@id\":\"https:\\\/\\\/www.musikzeitung.ch\\\/#\\\/schema\\\/person\\\/0da4fb82d243f1252850a35d0e87cf0c\"},\"headline\":\"Lucie Leguay \u00fcbernimmt Sinfonietta de Lausanne\",\"datePublished\":\"2025-10-29T07:09:51+00:00\",\"dateModified\":\"2025-10-29T07:39:27+00:00\",\"mainEntityOfPage\":{\"@id\":\"https:\\\/\\\/www.musikzeitung.ch\\\/news\\\/2025\\\/10\\\/lucie-leguay-uebernimmt-sinfonietta-de-lausanne\"},\"wordCount\":186,\"publisher\":{\"@id\":\"https:\\\/\\\/www.musikzeitung.ch\\\/#organization\"},\"image\":{\"@id\":\"https:\\\/\\\/www.musikzeitung.ch\\\/news\\\/2025\\\/10\\\/lucie-leguay-uebernimmt-sinfonietta-de-lausanne#primaryimage\"},\"thumbnailUrl\":\"https:\\\/\\\/www.musikzeitung.ch\\\/wp-content\\\/uploads\\\/2025\\\/10\\\/251029leguay.jpg\",\"keywords\":[\"Lucie-Leguay\",\"Sinfonietta de Lausanne\"],\"articleSection\":[\"News\"],\"inLanguage\":\"en-US\"},{\"@type\":\"WebPage\",\"@id\":\"https:\\\/\\\/www.musikzeitung.ch\\\/news\\\/2025\\\/10\\\/lucie-leguay-uebernimmt-sinfonietta-de-lausanne\",\"url\":\"https:\\\/\\\/www.musikzeitung.ch\\\/news\\\/2025\\\/10\\\/lucie-leguay-uebernimmt-sinfonietta-de-lausanne\",\"name\":\"Lucie Leguay \u00fcbernimmt Sinfonietta de Lausanne - Schweizer Musikzeitung\",\"isPartOf\":{\"@id\":\"https:\\\/\\\/www.musikzeitung.ch\\\/#website\"},\"primaryImageOfPage\":{\"@id\":\"https:\\\/\\\/www.musikzeitung.ch\\\/news\\\/2025\\\/10\\\/lucie-leguay-uebernimmt-sinfonietta-de-lausanne#primaryimage\"},\"image\":{\"@id\":\"https:\\\/\\\/www.musikzeitung.ch\\\/news\\\/2025\\\/10\\\/lucie-leguay-uebernimmt-sinfonietta-de-lausanne#primaryimage\"},\"thumbnailUrl\":\"https:\\\/\\\/www.musikzeitung.ch\\\/wp-content\\\/uploads\\\/2025\\\/10\\\/251029leguay.jpg\",\"datePublished\":\"2025-10-29T07:09:51+00:00\",\"dateModified\":\"2025-10-29T07:39:27+00:00\",\"description\":\"Die Dirigentin Lucie Leguay wird ab der Saison 2026\\\/27 musikalische Leiterin der Sinfonietta de Lausanne. Sie folgt in dem Amt auf David Reiland.\",\"breadcrumb\":{\"@id\":\"https:\\\/\\\/www.musikzeitung.ch\\\/news\\\/2025\\\/10\\\/lucie-leguay-uebernimmt-sinfonietta-de-lausanne#breadcrumb\"},\"inLanguage\":\"en-US\",\"potentialAction\":[{\"@type\":\"ReadAction\",\"target\":[\"https:\\\/\\\/www.musikzeitung.ch\\\/news\\\/2025\\\/10\\\/lucie-leguay-uebernimmt-sinfonietta-de-lausanne\"]}]},{\"@type\":\"ImageObject\",\"inLanguage\":\"en-US\",\"@id\":\"https:\\\/\\\/www.musikzeitung.ch\\\/news\\\/2025\\\/10\\\/lucie-leguay-uebernimmt-sinfonietta-de-lausanne#primaryimage\",\"url\":\"https:\\\/\\\/www.musikzeitung.ch\\\/wp-content\\\/uploads\\\/2025\\\/10\\\/251029leguay.jpg\",\"contentUrl\":\"https:\\\/\\\/www.musikzeitung.ch\\\/wp-content\\\/uploads\\\/2025\\\/10\\\/251029leguay.jpg\",\"width\":925,\"height\":616,\"caption\":\"Lucie Leguay (Bild: Christine Ledroit-Perrin)\"},{\"@type\":\"BreadcrumbList\",\"@id\":\"https:\\\/\\\/www.musikzeitung.ch\\\/news\\\/2025\\\/10\\\/lucie-leguay-uebernimmt-sinfonietta-de-lausanne#breadcrumb\",\"itemListElement\":[{\"@type\":\"ListItem\",\"position\":1,\"name\":\"Home\",\"item\":\"https:\\\/\\\/www.musikzeitung.ch\\\/\"},{\"@type\":\"ListItem\",\"position\":2,\"name\":\"Lucie Leguay \u00fcbernimmt Sinfonietta de Lausanne\"}]},{\"@type\":\"WebSite\",\"@id\":\"https:\\\/\\\/www.musikzeitung.ch\\\/#website\",\"url\":\"https:\\\/\\\/www.musikzeitung.ch\\\/\",\"name\":\"Schweizer Musikzeitung\",\"description\":\"Die f\u00fchrende sparten\u00fcbergreifende Monatszeitung in der Schweiz f\u00fcr musikalische Fragen.\",\"publisher\":{\"@id\":\"https:\\\/\\\/www.musikzeitung.ch\\\/#organization\"},\"potentialAction\":[{\"@type\":\"SearchAction\",\"target\":{\"@type\":\"EntryPoint\",\"urlTemplate\":\"https:\\\/\\\/www.musikzeitung.ch\\\/?s={search_term_string}\"},\"query-input\":{\"@type\":\"PropertyValueSpecification\",\"valueRequired\":true,\"valueName\":\"search_term_string\"}}],\"inLanguage\":\"en-US\"},{\"@type\":\"Organization\",\"@id\":\"https:\\\/\\\/www.musikzeitung.ch\\\/#organization\",\"name\":\"Schweizer Musikzeitung\",\"url\":\"https:\\\/\\\/www.musikzeitung.ch\\\/\",\"logo\":{\"@type\":\"ImageObject\",\"inLanguage\":\"en-US\",\"@id\":\"https:\\\/\\\/www.musikzeitung.ch\\\/#\\\/schema\\\/logo\\\/image\\\/\",\"url\":\"https:\\\/\\\/www.musikzeitung.ch\\\/wp-content\\\/uploads\\\/2023\\\/01\\\/SMZ_Schriftzug_Sprache.png\",\"contentUrl\":\"https:\\\/\\\/www.musikzeitung.ch\\\/wp-content\\\/uploads\\\/2023\\\/01\\\/SMZ_Schriftzug_Sprache.png\",\"width\":1400,\"height\":279,\"caption\":\"Schweizer Musikzeitung\"},\"image\":{\"@id\":\"https:\\\/\\\/www.musikzeitung.ch\\\/#\\\/schema\\\/logo\\\/image\\\/\"},\"sameAs\":[\"https:\\\/\\\/www.facebook.com\\\/SchweizerMusikzeitung\\\/\",\"https:\\\/\\\/x.com\\\/smusikzeitung\",\"https:\\\/\\\/www.instagram.com\\\/musikzeitung.ch\\\/\"]},{\"@type\":\"Person\",\"@id\":\"https:\\\/\\\/www.musikzeitung.ch\\\/#\\\/schema\\\/person\\\/0da4fb82d243f1252850a35d0e87cf0c\",\"name\":\"Wolfgang B\u00f6hler\",\"image\":{\"@type\":\"ImageObject\",\"inLanguage\":\"en-US\",\"@id\":\"https:\\\/\\\/www.musikzeitung.ch\\\/wp-content\\\/uploads\\\/2023\\\/01\\\/boehler_portraet_web-e1674139782246-96x96.jpg\",\"url\":\"https:\\\/\\\/www.musikzeitung.ch\\\/wp-content\\\/uploads\\\/2023\\\/01\\\/boehler_portraet_web-e1674139782246-96x96.jpg\",\"contentUrl\":\"https:\\\/\\\/www.musikzeitung.ch\\\/wp-content\\\/uploads\\\/2023\\\/01\\\/boehler_portraet_web-e1674139782246-96x96.jpg\",\"caption\":\"Wolfgang B\u00f6hler\"},\"sameAs\":[\"http:\\\/\\\/www.manacanto.ch\",\"https:\\\/\\\/www.facebook.com\\\/wolfgang.bohler.75\"],\"url\":\"https:\\\/\\\/www.musikzeitung.ch\\\/en\\\/author\\\/wolfgang-boehler\"}]}<\/script>\n<!-- \/ Yoast SEO plugin. -->","yoast_head_json":{"title":"Lucie Leguay takes over Sinfonietta de Lausanne - Schweizer Musikzeitung","description":"The conductor Lucie Leguay will become musical director of the Sinfonietta de Lausanne from the 2026\/27 season. She succeeds David Reiland in this position.","robots":{"index":"index","follow":"follow","max-snippet":"max-snippet:-1","max-image-preview":"max-image-preview:large","max-video-preview":"max-video-preview:-1"},"canonical":"https:\/\/www.musikzeitung.ch\/en\/news\/2025\/10\/lucie-leguay-uebernimmt-sinfonietta-de-lausanne\/","og_locale":"en_US","og_type":"article","og_title":"Lucie Leguay \u00fcbernimmt Sinfonietta de Lausanne - Schweizer Musikzeitung","og_description":"Die Dirigentin Lucie Leguay wird ab der Saison 2026\/27 musikalische Leiterin der Sinfonietta de Lausanne. Sie folgt in dem Amt auf David Reiland.","og_url":"https:\/\/www.musikzeitung.ch\/en\/news\/2025\/10\/lucie-leguay-uebernimmt-sinfonietta-de-lausanne\/","og_site_name":"Schweizer Musikzeitung","article_publisher":"https:\/\/www.facebook.com\/SchweizerMusikzeitung\/","article_author":"https:\/\/www.facebook.com\/wolfgang.bohler.75","article_published_time":"2025-10-29T07:09:51+00:00","article_modified_time":"2025-10-29T07:39:27+00:00","og_image":[{"width":925,"height":616,"url":"https:\/\/www.musikzeitung.ch\/wp-content\/uploads\/2025\/10\/251029leguay.jpg","type":"image\/jpeg"}],"author":"Wolfgang B\u00f6hler","twitter_card":"summary_large_image","twitter_creator":"@smusikzeitung","twitter_site":"@smusikzeitung","twitter_misc":{"Written by":"Wolfgang B\u00f6hler","Est. reading time":"2 minutes"},"schema":{"@context":"https:\/\/schema.org","@graph":[{"@type":"Article","@id":"https:\/\/www.musikzeitung.ch\/news\/2025\/10\/lucie-leguay-uebernimmt-sinfonietta-de-lausanne#article","isPartOf":{"@id":"https:\/\/www.musikzeitung.ch\/news\/2025\/10\/lucie-leguay-uebernimmt-sinfonietta-de-lausanne"},"author":{"name":"Wolfgang B\u00f6hler","@id":"https:\/\/www.musikzeitung.ch\/#\/schema\/person\/0da4fb82d243f1252850a35d0e87cf0c"},"headline":"Lucie Leguay \u00fcbernimmt Sinfonietta de Lausanne","datePublished":"2025-10-29T07:09:51+00:00","dateModified":"2025-10-29T07:39:27+00:00","mainEntityOfPage":{"@id":"https:\/\/www.musikzeitung.ch\/news\/2025\/10\/lucie-leguay-uebernimmt-sinfonietta-de-lausanne"},"wordCount":186,"publisher":{"@id":"https:\/\/www.musikzeitung.ch\/#organization"},"image":{"@id":"https:\/\/www.musikzeitung.ch\/news\/2025\/10\/lucie-leguay-uebernimmt-sinfonietta-de-lausanne#primaryimage"},"thumbnailUrl":"https:\/\/www.musikzeitung.ch\/wp-content\/uploads\/2025\/10\/251029leguay.jpg","keywords":["Lucie-Leguay","Sinfonietta de Lausanne"],"articleSection":["News"],"inLanguage":"en-US"},{"@type":"WebPage","@id":"https:\/\/www.musikzeitung.ch\/news\/2025\/10\/lucie-leguay-uebernimmt-sinfonietta-de-lausanne","url":"https:\/\/www.musikzeitung.ch\/news\/2025\/10\/lucie-leguay-uebernimmt-sinfonietta-de-lausanne","name":"Lucie Leguay takes over Sinfonietta de Lausanne - Schweizer Musikzeitung","isPartOf":{"@id":"https:\/\/www.musikzeitung.ch\/#website"},"primaryImageOfPage":{"@id":"https:\/\/www.musikzeitung.ch\/news\/2025\/10\/lucie-leguay-uebernimmt-sinfonietta-de-lausanne#primaryimage"},"image":{"@id":"https:\/\/www.musikzeitung.ch\/news\/2025\/10\/lucie-leguay-uebernimmt-sinfonietta-de-lausanne#primaryimage"},"thumbnailUrl":"https:\/\/www.musikzeitung.ch\/wp-content\/uploads\/2025\/10\/251029leguay.jpg","datePublished":"2025-10-29T07:09:51+00:00","dateModified":"2025-10-29T07:39:27+00:00","description":"The conductor Lucie Leguay will become musical director of the Sinfonietta de Lausanne from the 2026\/27 season. She succeeds David Reiland in this position.","breadcrumb":{"@id":"https:\/\/www.musikzeitung.ch\/news\/2025\/10\/lucie-leguay-uebernimmt-sinfonietta-de-lausanne#breadcrumb"},"inLanguage":"en-US","potentialAction":[{"@type":"ReadAction","target":["https:\/\/www.musikzeitung.ch\/news\/2025\/10\/lucie-leguay-uebernimmt-sinfonietta-de-lausanne"]}]},{"@type":"ImageObject","inLanguage":"en-US","@id":"https:\/\/www.musikzeitung.ch\/news\/2025\/10\/lucie-leguay-uebernimmt-sinfonietta-de-lausanne#primaryimage","url":"https:\/\/www.musikzeitung.ch\/wp-content\/uploads\/2025\/10\/251029leguay.jpg","contentUrl":"https:\/\/www.musikzeitung.ch\/wp-content\/uploads\/2025\/10\/251029leguay.jpg","width":925,"height":616,"caption":"Lucie Leguay (Bild: Christine Ledroit-Perrin)"},{"@type":"BreadcrumbList","@id":"https:\/\/www.musikzeitung.ch\/news\/2025\/10\/lucie-leguay-uebernimmt-sinfonietta-de-lausanne#breadcrumb","itemListElement":[{"@type":"ListItem","position":1,"name":"Home","item":"https:\/\/www.musikzeitung.ch\/"},{"@type":"ListItem","position":2,"name":"Lucie Leguay \u00fcbernimmt Sinfonietta de Lausanne"}]},{"@type":"WebSite","@id":"https:\/\/www.musikzeitung.ch\/#website","url":"https:\/\/www.musikzeitung.ch\/","name":"Swiss Music Newspaper","description":"The leading interdisciplinary monthly newspaper in Switzerland for musical issues.","publisher":{"@id":"https:\/\/www.musikzeitung.ch\/#organization"},"potentialAction":[{"@type":"SearchAction","target":{"@type":"EntryPoint","urlTemplate":"https:\/\/www.musikzeitung.ch\/?s={search_term_string}"},"query-input":{"@type":"PropertyValueSpecification","valueRequired":true,"valueName":"search_term_string"}}],"inLanguage":"en-US"},{"@type":"Organization","@id":"https:\/\/www.musikzeitung.ch\/#organization","name":"Swiss Music Newspaper","url":"https:\/\/www.musikzeitung.ch\/","logo":{"@type":"ImageObject","inLanguage":"en-US","@id":"https:\/\/www.musikzeitung.ch\/#\/schema\/logo\/image\/","url":"https:\/\/www.musikzeitung.ch\/wp-content\/uploads\/2023\/01\/SMZ_Schriftzug_Sprache.png","contentUrl":"https:\/\/www.musikzeitung.ch\/wp-content\/uploads\/2023\/01\/SMZ_Schriftzug_Sprache.png","width":1400,"height":279,"caption":"Schweizer Musikzeitung"},"image":{"@id":"https:\/\/www.musikzeitung.ch\/#\/schema\/logo\/image\/"},"sameAs":["https:\/\/www.facebook.com\/SchweizerMusikzeitung\/","https:\/\/x.com\/smusikzeitung","https:\/\/www.instagram.com\/musikzeitung.ch\/"]},{"@type":"Person","@id":"https:\/\/www.musikzeitung.ch\/#\/schema\/person\/0da4fb82d243f1252850a35d0e87cf0c","name":"Wolfgang B\u00f6hler","image":{"@type":"ImageObject","inLanguage":"en-US","@id":"https:\/\/www.musikzeitung.ch\/wp-content\/uploads\/2023\/01\/boehler_portraet_web-e1674139782246-96x96.jpg","url":"https:\/\/www.musikzeitung.ch\/wp-content\/uploads\/2023\/01\/boehler_portraet_web-e1674139782246-96x96.jpg","contentUrl":"https:\/\/www.musikzeitung.ch\/wp-content\/uploads\/2023\/01\/boehler_portraet_web-e1674139782246-96x96.jpg","caption":"Wolfgang B\u00f6hler"},"sameAs":["http:\/\/www.manacanto.ch","https:\/\/www.facebook.com\/wolfgang.bohler.75"],"url":"https:\/\/www.musikzeitung.ch\/en\/author\/wolfgang-boehler"}]}},"publishpress_future_workflow_manual_trigger":{"enabledWorkflows":[]},"_links":{"self":[{"href":"https:\/\/www.musikzeitung.ch\/en\/wp-json\/wp\/v2\/posts\/68549","targetHints":{"allow":["GET"]}}],"collection":[{"href":"https:\/\/www.musikzeitung.ch\/en\/wp-json\/wp\/v2\/posts"}],"about":[{"href":"https:\/\/www.musikzeitung.ch\/en\/wp-json\/wp\/v2\/types\/post"}],"author":[{"embeddable":true,"href":"https:\/\/www.musikzeitung.ch\/en\/wp-json\/wp\/v2\/users\/30"}],"replies":[{"embeddable":true,"href":"https:\/\/www.musikzeitung.ch\/en\/wp-json\/wp\/v2\/comments?post=68549"}],"version-history":[{"count":2,"href":"https:\/\/www.musikzeitung.ch\/en\/wp-json\/wp\/v2\/posts\/68549\/revisions"}],"predecessor-version":[{"id":68552,"href":"https:\/\/www.musikzeitung.ch\/en\/wp-json\/wp\/v2\/posts\/68549\/revisions\/68552"}],"wp:featuredmedia":[{"embeddable":true,"href":"https:\/\/www.musikzeitung.ch\/en\/wp-json\/wp\/v2\/media\/68550"}],"wp:attachment":[{"href":"https:\/\/www.musikzeitung.ch\/en\/wp-json\/wp\/v2\/media?parent=68549"}],"wp:term":[{"taxonomy":"category","embeddable":true,"href":"https:\/\/www.musikzeitung.ch\/en\/wp-json\/wp\/v2\/categories?post=68549"},{"taxonomy":"post_tag","embeddable":true,"href":"https:\/\/www.musikzeitung.ch\/en\/wp-json\/wp\/v2\/tags?post=68549"}],"curies":[{"name":"wp","href":"https:\/\/api.w.org\/{rel}","templated":true}]}}