{"id":68780,"date":"2025-11-07T12:10:38","date_gmt":"2025-11-07T11:10:38","guid":{"rendered":"https:\/\/www.musikzeitung.ch\/?p=68780"},"modified":"2025-11-07T12:12:13","modified_gmt":"2025-11-07T11:12:13","slug":"150-jahre-musik-liturgie","status":"publish","type":"post","link":"https:\/\/www.musikzeitung.ch\/en\/news\/2025\/11\/150-jahre-musik-liturgie","title":{"rendered":"150 years of \"Music &amp; Liturgy\""},"content":{"rendered":"<figure id=\"attachment_68781\" aria-describedby=\"caption-attachment-68781\" style=\"width: 1280px\" class=\"wp-caption alignnone\"><img loading=\"lazy\" decoding=\"async\" class=\"wp-image-68781 size-full\" src=\"https:\/\/www.musikzeitung.ch\/wp-content\/uploads\/2025\/11\/Einsiedeln_Kathedrale_St._Maruritius_Innen_Gewoelbe_ueber_dem_Haus_2.jpg\" alt=\"\" width=\"1280\" height=\"961\" srcset=\"https:\/\/www.musikzeitung.ch\/wp-content\/uploads\/2025\/11\/Einsiedeln_Kathedrale_St._Maruritius_Innen_Gewoelbe_ueber_dem_Haus_2.jpg 1280w, https:\/\/www.musikzeitung.ch\/wp-content\/uploads\/2025\/11\/Einsiedeln_Kathedrale_St._Maruritius_Innen_Gewoelbe_ueber_dem_Haus_2-300x225.jpg 300w, https:\/\/www.musikzeitung.ch\/wp-content\/uploads\/2025\/11\/Einsiedeln_Kathedrale_St._Maruritius_Innen_Gewoelbe_ueber_dem_Haus_2-1024x769.jpg 1024w, https:\/\/www.musikzeitung.ch\/wp-content\/uploads\/2025\/11\/Einsiedeln_Kathedrale_St._Maruritius_Innen_Gewoelbe_ueber_dem_Haus_2-768x577.jpg 768w, https:\/\/www.musikzeitung.ch\/wp-content\/uploads\/2025\/11\/Einsiedeln_Kathedrale_St._Maruritius_Innen_Gewoelbe_ueber_dem_Haus_2-16x12.jpg 16w, https:\/\/www.musikzeitung.ch\/wp-content\/uploads\/2025\/11\/Einsiedeln_Kathedrale_St._Maruritius_Innen_Gewoelbe_ueber_dem_Haus_2-233x175.jpg 233w, https:\/\/www.musikzeitung.ch\/wp-content\/uploads\/2025\/11\/Einsiedeln_Kathedrale_St._Maruritius_Innen_Gewoelbe_ueber_dem_Haus_2-466x350.jpg 466w, https:\/\/www.musikzeitung.ch\/wp-content\/uploads\/2025\/11\/Einsiedeln_Kathedrale_St._Maruritius_Innen_Gewoelbe_ueber_dem_Haus_2-1066x800.jpg 1066w, https:\/\/www.musikzeitung.ch\/wp-content\/uploads\/2025\/11\/Einsiedeln_Kathedrale_St._Maruritius_Innen_Gewoelbe_ueber_dem_Haus_2-920x691.jpg 920w\" sizes=\"auto, (max-width: 1280px) 100vw, 1280px\" \/><figcaption id=\"caption-attachment-68781\" class=\"wp-caption-text\">Vaults in the Einsiedeln monastery church. Photo: <a href=\"https:\/\/commons.wikimedia.org\/wiki\/File:Einsiedeln_Kathedrale_St._Maruritius_Innen_Gew%C3%B6lbe_%C3%BCber_dem_Haus_2.JPG?uselang=de\" target=\"_blank\" rel=\"noopener\">Zairon \/ wikimedia commons<\/a><\/figcaption><\/figure>\n<p>For a century and a half, the magazine <em>Music &amp; Liturgy <\/em>as the most important organ of Catholic church music in German-speaking Switzerland, reports on church music and its developments. It sheds light on everyday musical practice in liturgy and sacred concerts from various perspectives.<\/p>\n<p>What began in 1876 as a paper called <em>Choir guard<\/em> began years later under the title <em>Catholic church music<\/em> and later <em>Singing and making music in church services<\/em> finally to <em>Music &amp; Liturgy<\/em>a magazine that covers a broad spectrum of church music life and creativity beyond the choral world. Since the beginning of this year, it is no longer in print, but as an online platform.<\/p>\n<p>On March 14, 2026, a festive ceremony will take place at 1.30 pm in the Einsiedeln monastery church with three choirs and instrumental music. At the same time, three important figures in church music in Switzerland, Father Theo Flury, Abbot Urban Federer and Martin Hobi, will be honored for their outstanding commitment to church music with an Orlando di Lasso and Ambrosius Medal respectively. The general public is also cordially invited to this ceremony.<\/p>\n<p><a href=\"https:\/\/www.musikundliturgie.ch\/\" target=\"_blank\" rel=\"noopener\">musicandliturgy.ch<\/a><\/p>","protected":false},"excerpt":{"rendered":"<p>In 2025\/2026, the Swiss Catholic Church Music Association SKMV will celebrate the 150th anniversary of its official communication medium. <\/p>","protected":false},"author":29,"featured_media":68781,"comment_status":"closed","ping_status":"closed","sticky":false,"template":"","format":"standard","meta":{"_acf_changed":false,"_relevanssi_hide_post":"","_relevanssi_hide_content":"","_relevanssi_pin_for_all":"","_relevanssi_pin_keywords":"","_relevanssi_unpin_keywords":"","_relevanssi_related_keywords":"","_relevanssi_related_include_ids":"","_relevanssi_related_exclude_ids":"","_relevanssi_related_no_append":"","_relevanssi_related_not_related":"","_relevanssi_related_posts":"","_relevanssi_noindex_reason":"","pgc_sgb_lightbox_settings":"","footnotes":""},"categories":[27],"tags":[5399,5400,5397,5398,5396],"class_list":["post-68780","post","type-post","status-publish","format-standard","has-post-thumbnail","hentry","category-news","tag-abt-urban-federer","tag-martin-hobi","tag-musik-liturgie","tag-pater-theo-flury","tag-schweizerische-katholische-kirchenmusikverband-skmv"],"acf":[],"yoast_head":"<!-- This site is optimized with the Yoast SEO plugin v27.4 - https:\/\/yoast.com\/product\/yoast-seo-wordpress\/ -->\n<title>150 Jahre \u00abMusik &amp; Liturgie\u00bb - Schweizer Musikzeitung<\/title>\n<meta name=\"description\" content=\"Im Jahr 2025\/2026 feiert der Schweizerische Katholische Kirchenmusikverband SKMV das 150-j\u00e4hrige Bestehen seines offiziellen Mitteilungsmediums \u00abMusik &amp; Liturgie\u00bb.\" \/>\n<meta name=\"robots\" content=\"index, follow, max-snippet:-1, max-image-preview:large, max-video-preview:-1\" \/>\n<link rel=\"canonical\" href=\"https:\/\/www.musikzeitung.ch\/en\/news\/2025\/11\/150-jahre-musik-liturgie\/\" \/>\n<meta property=\"og:locale\" content=\"en_US\" \/>\n<meta property=\"og:type\" content=\"article\" \/>\n<meta property=\"og:title\" content=\"150 Jahre \u00abMusik &amp; Liturgie\u00bb - Schweizer Musikzeitung\" \/>\n<meta property=\"og:description\" content=\"Im Jahr 2025\/2026 feiert der Schweizerische Katholische Kirchenmusikverband SKMV das 150-j\u00e4hrige Bestehen seines offiziellen Mitteilungsmediums \u00abMusik &amp; Liturgie\u00bb.\" \/>\n<meta property=\"og:url\" content=\"https:\/\/www.musikzeitung.ch\/en\/news\/2025\/11\/150-jahre-musik-liturgie\/\" \/>\n<meta property=\"og:site_name\" content=\"Schweizer Musikzeitung\" \/>\n<meta property=\"article:publisher\" content=\"https:\/\/www.facebook.com\/SchweizerMusikzeitung\/\" \/>\n<meta property=\"article:published_time\" content=\"2025-11-07T11:10:38+00:00\" \/>\n<meta property=\"article:modified_time\" content=\"2025-11-07T11:12:13+00:00\" \/>\n<meta property=\"og:image\" content=\"https:\/\/www.musikzeitung.ch\/wp-content\/uploads\/2025\/11\/Einsiedeln_Kathedrale_St._Maruritius_Innen_Gewoelbe_ueber_dem_Haus_2.jpg\" \/>\n\t<meta property=\"og:image:width\" content=\"1280\" \/>\n\t<meta property=\"og:image:height\" content=\"961\" \/>\n\t<meta property=\"og:image:type\" content=\"image\/jpeg\" \/>\n<meta name=\"author\" content=\"pia.schwab\" \/>\n<meta name=\"twitter:card\" content=\"summary_large_image\" \/>\n<meta name=\"twitter:creator\" content=\"@smusikzeitung\" \/>\n<meta name=\"twitter:site\" content=\"@smusikzeitung\" \/>\n<meta name=\"twitter:label1\" content=\"Written by\" \/>\n\t<meta name=\"twitter:data1\" content=\"pia.schwab\" \/>\n\t<meta name=\"twitter:label2\" content=\"Est. reading time\" \/>\n\t<meta name=\"twitter:data2\" content=\"2 minutes\" \/>\n<script type=\"application\/ld+json\" class=\"yoast-schema-graph\">{\"@context\":\"https:\\\/\\\/schema.org\",\"@graph\":[{\"@type\":\"Article\",\"@id\":\"https:\\\/\\\/www.musikzeitung.ch\\\/news\\\/2025\\\/11\\\/150-jahre-musik-liturgie#article\",\"isPartOf\":{\"@id\":\"https:\\\/\\\/www.musikzeitung.ch\\\/news\\\/2025\\\/11\\\/150-jahre-musik-liturgie\"},\"author\":{\"name\":\"pia.schwab\",\"@id\":\"https:\\\/\\\/www.musikzeitung.ch\\\/#\\\/schema\\\/person\\\/ea3d7b86bd7157c78c7ddd37f2f82b5b\"},\"headline\":\"150 Jahre \u00abMusik &#038; Liturgie\u00bb\",\"datePublished\":\"2025-11-07T11:10:38+00:00\",\"dateModified\":\"2025-11-07T11:12:13+00:00\",\"mainEntityOfPage\":{\"@id\":\"https:\\\/\\\/www.musikzeitung.ch\\\/news\\\/2025\\\/11\\\/150-jahre-musik-liturgie\"},\"wordCount\":174,\"publisher\":{\"@id\":\"https:\\\/\\\/www.musikzeitung.ch\\\/#organization\"},\"image\":{\"@id\":\"https:\\\/\\\/www.musikzeitung.ch\\\/news\\\/2025\\\/11\\\/150-jahre-musik-liturgie#primaryimage\"},\"thumbnailUrl\":\"https:\\\/\\\/www.musikzeitung.ch\\\/wp-content\\\/uploads\\\/2025\\\/11\\\/Einsiedeln_Kathedrale_St._Maruritius_Innen_Gewoelbe_ueber_dem_Haus_2.jpg\",\"keywords\":[\"Abt Urban Federer\",\"Martin Hobi\",\"Musik &amp;\u00a0Liturgie\",\"Pater Theo Flury\",\"Schweizerischer Katholischer Kirchenmusikverband SKMV\"],\"articleSection\":[\"News\"],\"inLanguage\":\"en-US\"},{\"@type\":\"WebPage\",\"@id\":\"https:\\\/\\\/www.musikzeitung.ch\\\/news\\\/2025\\\/11\\\/150-jahre-musik-liturgie\",\"url\":\"https:\\\/\\\/www.musikzeitung.ch\\\/news\\\/2025\\\/11\\\/150-jahre-musik-liturgie\",\"name\":\"150 Jahre \u00abMusik & Liturgie\u00bb - Schweizer Musikzeitung\",\"isPartOf\":{\"@id\":\"https:\\\/\\\/www.musikzeitung.ch\\\/#website\"},\"primaryImageOfPage\":{\"@id\":\"https:\\\/\\\/www.musikzeitung.ch\\\/news\\\/2025\\\/11\\\/150-jahre-musik-liturgie#primaryimage\"},\"image\":{\"@id\":\"https:\\\/\\\/www.musikzeitung.ch\\\/news\\\/2025\\\/11\\\/150-jahre-musik-liturgie#primaryimage\"},\"thumbnailUrl\":\"https:\\\/\\\/www.musikzeitung.ch\\\/wp-content\\\/uploads\\\/2025\\\/11\\\/Einsiedeln_Kathedrale_St._Maruritius_Innen_Gewoelbe_ueber_dem_Haus_2.jpg\",\"datePublished\":\"2025-11-07T11:10:38+00:00\",\"dateModified\":\"2025-11-07T11:12:13+00:00\",\"description\":\"Im Jahr 2025\\\/2026 feiert der Schweizerische Katholische Kirchenmusikverband SKMV das 150-j\u00e4hrige Bestehen seines offiziellen Mitteilungsmediums \u00abMusik & Liturgie\u00bb.\",\"breadcrumb\":{\"@id\":\"https:\\\/\\\/www.musikzeitung.ch\\\/news\\\/2025\\\/11\\\/150-jahre-musik-liturgie#breadcrumb\"},\"inLanguage\":\"en-US\",\"potentialAction\":[{\"@type\":\"ReadAction\",\"target\":[\"https:\\\/\\\/www.musikzeitung.ch\\\/news\\\/2025\\\/11\\\/150-jahre-musik-liturgie\"]}]},{\"@type\":\"ImageObject\",\"inLanguage\":\"en-US\",\"@id\":\"https:\\\/\\\/www.musikzeitung.ch\\\/news\\\/2025\\\/11\\\/150-jahre-musik-liturgie#primaryimage\",\"url\":\"https:\\\/\\\/www.musikzeitung.ch\\\/wp-content\\\/uploads\\\/2025\\\/11\\\/Einsiedeln_Kathedrale_St._Maruritius_Innen_Gewoelbe_ueber_dem_Haus_2.jpg\",\"contentUrl\":\"https:\\\/\\\/www.musikzeitung.ch\\\/wp-content\\\/uploads\\\/2025\\\/11\\\/Einsiedeln_Kathedrale_St._Maruritius_Innen_Gewoelbe_ueber_dem_Haus_2.jpg\",\"width\":1280,\"height\":961},{\"@type\":\"BreadcrumbList\",\"@id\":\"https:\\\/\\\/www.musikzeitung.ch\\\/news\\\/2025\\\/11\\\/150-jahre-musik-liturgie#breadcrumb\",\"itemListElement\":[{\"@type\":\"ListItem\",\"position\":1,\"name\":\"Home\",\"item\":\"https:\\\/\\\/www.musikzeitung.ch\\\/\"},{\"@type\":\"ListItem\",\"position\":2,\"name\":\"150 Jahre \u00abMusik &#038; Liturgie\u00bb\"}]},{\"@type\":\"WebSite\",\"@id\":\"https:\\\/\\\/www.musikzeitung.ch\\\/#website\",\"url\":\"https:\\\/\\\/www.musikzeitung.ch\\\/\",\"name\":\"Schweizer Musikzeitung\",\"description\":\"Die f\u00fchrende sparten\u00fcbergreifende Monatszeitung in der Schweiz f\u00fcr musikalische Fragen.\",\"publisher\":{\"@id\":\"https:\\\/\\\/www.musikzeitung.ch\\\/#organization\"},\"potentialAction\":[{\"@type\":\"SearchAction\",\"target\":{\"@type\":\"EntryPoint\",\"urlTemplate\":\"https:\\\/\\\/www.musikzeitung.ch\\\/?s={search_term_string}\"},\"query-input\":{\"@type\":\"PropertyValueSpecification\",\"valueRequired\":true,\"valueName\":\"search_term_string\"}}],\"inLanguage\":\"en-US\"},{\"@type\":\"Organization\",\"@id\":\"https:\\\/\\\/www.musikzeitung.ch\\\/#organization\",\"name\":\"Schweizer Musikzeitung\",\"url\":\"https:\\\/\\\/www.musikzeitung.ch\\\/\",\"logo\":{\"@type\":\"ImageObject\",\"inLanguage\":\"en-US\",\"@id\":\"https:\\\/\\\/www.musikzeitung.ch\\\/#\\\/schema\\\/logo\\\/image\\\/\",\"url\":\"https:\\\/\\\/www.musikzeitung.ch\\\/wp-content\\\/uploads\\\/2023\\\/01\\\/SMZ_Schriftzug_Sprache.png\",\"contentUrl\":\"https:\\\/\\\/www.musikzeitung.ch\\\/wp-content\\\/uploads\\\/2023\\\/01\\\/SMZ_Schriftzug_Sprache.png\",\"width\":1400,\"height\":279,\"caption\":\"Schweizer Musikzeitung\"},\"image\":{\"@id\":\"https:\\\/\\\/www.musikzeitung.ch\\\/#\\\/schema\\\/logo\\\/image\\\/\"},\"sameAs\":[\"https:\\\/\\\/www.facebook.com\\\/SchweizerMusikzeitung\\\/\",\"https:\\\/\\\/x.com\\\/smusikzeitung\",\"https:\\\/\\\/www.instagram.com\\\/musikzeitung.ch\\\/\"]},{\"@type\":\"Person\",\"@id\":\"https:\\\/\\\/www.musikzeitung.ch\\\/#\\\/schema\\\/person\\\/ea3d7b86bd7157c78c7ddd37f2f82b5b\",\"name\":\"pia.schwab\",\"image\":{\"@type\":\"ImageObject\",\"inLanguage\":\"en-US\",\"@id\":\"https:\\\/\\\/secure.gravatar.com\\\/avatar\\\/d39d170de4c2d07e897fbc26cf9d890fc046285c742207b86d8ebabe5fcde2c4?s=96&d=mm&r=g\",\"url\":\"https:\\\/\\\/secure.gravatar.com\\\/avatar\\\/d39d170de4c2d07e897fbc26cf9d890fc046285c742207b86d8ebabe5fcde2c4?s=96&d=mm&r=g\",\"contentUrl\":\"https:\\\/\\\/secure.gravatar.com\\\/avatar\\\/d39d170de4c2d07e897fbc26cf9d890fc046285c742207b86d8ebabe5fcde2c4?s=96&d=mm&r=g\",\"caption\":\"pia.schwab\"},\"url\":\"https:\\\/\\\/www.musikzeitung.ch\\\/en\\\/author\\\/pia-schwab\"}]}<\/script>\n<!-- \/ Yoast SEO plugin. -->","yoast_head_json":{"title":"150 years of \u00abMusic &amp; Liturgy\u00bb - Schweizer Musikzeitung","description":"In 2025\/2026, the Swiss Catholic Church Music Association SKMV celebrates the 150th anniversary of its official communication medium \u00abMusik &amp; Liturgie\u00bb.","robots":{"index":"index","follow":"follow","max-snippet":"max-snippet:-1","max-image-preview":"max-image-preview:large","max-video-preview":"max-video-preview:-1"},"canonical":"https:\/\/www.musikzeitung.ch\/en\/news\/2025\/11\/150-jahre-musik-liturgie\/","og_locale":"en_US","og_type":"article","og_title":"150 Jahre \u00abMusik & Liturgie\u00bb - Schweizer Musikzeitung","og_description":"Im Jahr 2025\/2026 feiert der Schweizerische Katholische Kirchenmusikverband SKMV das 150-j\u00e4hrige Bestehen seines offiziellen Mitteilungsmediums \u00abMusik & Liturgie\u00bb.","og_url":"https:\/\/www.musikzeitung.ch\/en\/news\/2025\/11\/150-jahre-musik-liturgie\/","og_site_name":"Schweizer Musikzeitung","article_publisher":"https:\/\/www.facebook.com\/SchweizerMusikzeitung\/","article_published_time":"2025-11-07T11:10:38+00:00","article_modified_time":"2025-11-07T11:12:13+00:00","og_image":[{"width":1280,"height":961,"url":"https:\/\/www.musikzeitung.ch\/wp-content\/uploads\/2025\/11\/Einsiedeln_Kathedrale_St._Maruritius_Innen_Gewoelbe_ueber_dem_Haus_2.jpg","type":"image\/jpeg"}],"author":"pia.schwab","twitter_card":"summary_large_image","twitter_creator":"@smusikzeitung","twitter_site":"@smusikzeitung","twitter_misc":{"Written by":"pia.schwab","Est. reading time":"2 minutes"},"schema":{"@context":"https:\/\/schema.org","@graph":[{"@type":"Article","@id":"https:\/\/www.musikzeitung.ch\/news\/2025\/11\/150-jahre-musik-liturgie#article","isPartOf":{"@id":"https:\/\/www.musikzeitung.ch\/news\/2025\/11\/150-jahre-musik-liturgie"},"author":{"name":"pia.schwab","@id":"https:\/\/www.musikzeitung.ch\/#\/schema\/person\/ea3d7b86bd7157c78c7ddd37f2f82b5b"},"headline":"150 Jahre \u00abMusik &#038; Liturgie\u00bb","datePublished":"2025-11-07T11:10:38+00:00","dateModified":"2025-11-07T11:12:13+00:00","mainEntityOfPage":{"@id":"https:\/\/www.musikzeitung.ch\/news\/2025\/11\/150-jahre-musik-liturgie"},"wordCount":174,"publisher":{"@id":"https:\/\/www.musikzeitung.ch\/#organization"},"image":{"@id":"https:\/\/www.musikzeitung.ch\/news\/2025\/11\/150-jahre-musik-liturgie#primaryimage"},"thumbnailUrl":"https:\/\/www.musikzeitung.ch\/wp-content\/uploads\/2025\/11\/Einsiedeln_Kathedrale_St._Maruritius_Innen_Gewoelbe_ueber_dem_Haus_2.jpg","keywords":["Abt Urban Federer","Martin Hobi","Musik &amp;\u00a0Liturgie","Pater Theo Flury","Schweizerischer Katholischer Kirchenmusikverband SKMV"],"articleSection":["News"],"inLanguage":"en-US"},{"@type":"WebPage","@id":"https:\/\/www.musikzeitung.ch\/news\/2025\/11\/150-jahre-musik-liturgie","url":"https:\/\/www.musikzeitung.ch\/news\/2025\/11\/150-jahre-musik-liturgie","name":"150 years of \u00abMusic &amp; Liturgy\u00bb - Schweizer Musikzeitung","isPartOf":{"@id":"https:\/\/www.musikzeitung.ch\/#website"},"primaryImageOfPage":{"@id":"https:\/\/www.musikzeitung.ch\/news\/2025\/11\/150-jahre-musik-liturgie#primaryimage"},"image":{"@id":"https:\/\/www.musikzeitung.ch\/news\/2025\/11\/150-jahre-musik-liturgie#primaryimage"},"thumbnailUrl":"https:\/\/www.musikzeitung.ch\/wp-content\/uploads\/2025\/11\/Einsiedeln_Kathedrale_St._Maruritius_Innen_Gewoelbe_ueber_dem_Haus_2.jpg","datePublished":"2025-11-07T11:10:38+00:00","dateModified":"2025-11-07T11:12:13+00:00","description":"In 2025\/2026, the Swiss Catholic Church Music Association SKMV celebrates the 150th anniversary of its official communication medium \u00abMusik &amp; Liturgie\u00bb.","breadcrumb":{"@id":"https:\/\/www.musikzeitung.ch\/news\/2025\/11\/150-jahre-musik-liturgie#breadcrumb"},"inLanguage":"en-US","potentialAction":[{"@type":"ReadAction","target":["https:\/\/www.musikzeitung.ch\/news\/2025\/11\/150-jahre-musik-liturgie"]}]},{"@type":"ImageObject","inLanguage":"en-US","@id":"https:\/\/www.musikzeitung.ch\/news\/2025\/11\/150-jahre-musik-liturgie#primaryimage","url":"https:\/\/www.musikzeitung.ch\/wp-content\/uploads\/2025\/11\/Einsiedeln_Kathedrale_St._Maruritius_Innen_Gewoelbe_ueber_dem_Haus_2.jpg","contentUrl":"https:\/\/www.musikzeitung.ch\/wp-content\/uploads\/2025\/11\/Einsiedeln_Kathedrale_St._Maruritius_Innen_Gewoelbe_ueber_dem_Haus_2.jpg","width":1280,"height":961},{"@type":"BreadcrumbList","@id":"https:\/\/www.musikzeitung.ch\/news\/2025\/11\/150-jahre-musik-liturgie#breadcrumb","itemListElement":[{"@type":"ListItem","position":1,"name":"Home","item":"https:\/\/www.musikzeitung.ch\/"},{"@type":"ListItem","position":2,"name":"150 Jahre \u00abMusik &#038; Liturgie\u00bb"}]},{"@type":"WebSite","@id":"https:\/\/www.musikzeitung.ch\/#website","url":"https:\/\/www.musikzeitung.ch\/","name":"Swiss Music Newspaper","description":"The leading interdisciplinary monthly newspaper in Switzerland for musical issues.","publisher":{"@id":"https:\/\/www.musikzeitung.ch\/#organization"},"potentialAction":[{"@type":"SearchAction","target":{"@type":"EntryPoint","urlTemplate":"https:\/\/www.musikzeitung.ch\/?s={search_term_string}"},"query-input":{"@type":"PropertyValueSpecification","valueRequired":true,"valueName":"search_term_string"}}],"inLanguage":"en-US"},{"@type":"Organization","@id":"https:\/\/www.musikzeitung.ch\/#organization","name":"Swiss Music Newspaper","url":"https:\/\/www.musikzeitung.ch\/","logo":{"@type":"ImageObject","inLanguage":"en-US","@id":"https:\/\/www.musikzeitung.ch\/#\/schema\/logo\/image\/","url":"https:\/\/www.musikzeitung.ch\/wp-content\/uploads\/2023\/01\/SMZ_Schriftzug_Sprache.png","contentUrl":"https:\/\/www.musikzeitung.ch\/wp-content\/uploads\/2023\/01\/SMZ_Schriftzug_Sprache.png","width":1400,"height":279,"caption":"Schweizer Musikzeitung"},"image":{"@id":"https:\/\/www.musikzeitung.ch\/#\/schema\/logo\/image\/"},"sameAs":["https:\/\/www.facebook.com\/SchweizerMusikzeitung\/","https:\/\/x.com\/smusikzeitung","https:\/\/www.instagram.com\/musikzeitung.ch\/"]},{"@type":"Person","@id":"https:\/\/www.musikzeitung.ch\/#\/schema\/person\/ea3d7b86bd7157c78c7ddd37f2f82b5b","name":"pia.schwab","image":{"@type":"ImageObject","inLanguage":"en-US","@id":"https:\/\/secure.gravatar.com\/avatar\/d39d170de4c2d07e897fbc26cf9d890fc046285c742207b86d8ebabe5fcde2c4?s=96&d=mm&r=g","url":"https:\/\/secure.gravatar.com\/avatar\/d39d170de4c2d07e897fbc26cf9d890fc046285c742207b86d8ebabe5fcde2c4?s=96&d=mm&r=g","contentUrl":"https:\/\/secure.gravatar.com\/avatar\/d39d170de4c2d07e897fbc26cf9d890fc046285c742207b86d8ebabe5fcde2c4?s=96&d=mm&r=g","caption":"pia.schwab"},"url":"https:\/\/www.musikzeitung.ch\/en\/author\/pia-schwab"}]}},"publishpress_future_workflow_manual_trigger":{"enabledWorkflows":[]},"_links":{"self":[{"href":"https:\/\/www.musikzeitung.ch\/en\/wp-json\/wp\/v2\/posts\/68780","targetHints":{"allow":["GET"]}}],"collection":[{"href":"https:\/\/www.musikzeitung.ch\/en\/wp-json\/wp\/v2\/posts"}],"about":[{"href":"https:\/\/www.musikzeitung.ch\/en\/wp-json\/wp\/v2\/types\/post"}],"author":[{"embeddable":true,"href":"https:\/\/www.musikzeitung.ch\/en\/wp-json\/wp\/v2\/users\/29"}],"replies":[{"embeddable":true,"href":"https:\/\/www.musikzeitung.ch\/en\/wp-json\/wp\/v2\/comments?post=68780"}],"version-history":[{"count":3,"href":"https:\/\/www.musikzeitung.ch\/en\/wp-json\/wp\/v2\/posts\/68780\/revisions"}],"predecessor-version":[{"id":68784,"href":"https:\/\/www.musikzeitung.ch\/en\/wp-json\/wp\/v2\/posts\/68780\/revisions\/68784"}],"wp:featuredmedia":[{"embeddable":true,"href":"https:\/\/www.musikzeitung.ch\/en\/wp-json\/wp\/v2\/media\/68781"}],"wp:attachment":[{"href":"https:\/\/www.musikzeitung.ch\/en\/wp-json\/wp\/v2\/media?parent=68780"}],"wp:term":[{"taxonomy":"category","embeddable":true,"href":"https:\/\/www.musikzeitung.ch\/en\/wp-json\/wp\/v2\/categories?post=68780"},{"taxonomy":"post_tag","embeddable":true,"href":"https:\/\/www.musikzeitung.ch\/en\/wp-json\/wp\/v2\/tags?post=68780"}],"curies":[{"name":"wp","href":"https:\/\/api.w.org\/{rel}","templated":true}]}}