{"id":68860,"date":"2025-11-13T07:03:41","date_gmt":"2025-11-13T06:03:41","guid":{"rendered":"https:\/\/www.musikzeitung.ch\/?p=68860"},"modified":"2025-11-13T08:39:28","modified_gmt":"2025-11-13T07:39:28","slug":"sarah-strohm-gewinnerin-des-concours-de-geneve","status":"publish","type":"post","link":"https:\/\/www.musikzeitung.ch\/en\/news\/2025\/11\/sarah-strohm-gewinnerin-des-concours-de-geneve","title":{"rendered":"Sarah Strohm winner of the Concours de Gen\u00e8ve"},"content":{"rendered":"<figure id=\"attachment_68861\" aria-describedby=\"caption-attachment-68861\" style=\"width: 500px\" class=\"wp-caption alignnone\"><img loading=\"lazy\" decoding=\"async\" class=\"wp-image-68861 size-full\" src=\"https:\/\/www.musikzeitung.ch\/wp-content\/uploads\/2025\/11\/251113cdg.jpg\" alt=\"\" width=\"500\" height=\"310\" srcset=\"https:\/\/www.musikzeitung.ch\/wp-content\/uploads\/2025\/11\/251113cdg.jpg 500w, https:\/\/www.musikzeitung.ch\/wp-content\/uploads\/2025\/11\/251113cdg-300x186.jpg 300w, https:\/\/www.musikzeitung.ch\/wp-content\/uploads\/2025\/11\/251113cdg-18x12.jpg 18w, https:\/\/www.musikzeitung.ch\/wp-content\/uploads\/2025\/11\/251113cdg-282x175.jpg 282w\" sizes=\"auto, (max-width: 500px) 100vw, 500px\" \/><figcaption id=\"caption-attachment-68861\" class=\"wp-caption-text\">from left: Sarah Strom, Ayaka Taniguchi, Brian Isaacs (Image: Concours de Gen\u00e8ve)<\/figcaption><\/figure>\n<p>There were 36 candidates at the start. The jury selected eight of them for the semi-finals. The finalists were Brian Isaacs, Sarah Strohm and Ayaka Taniguchi from Japan. Sarah Strohm won seven special prizes in addition to the main prize of CHF 20,000. The jury consisted of Tabea Zimmermann (chair), Tomoko Akasaka, Ettore Causa, Cynthia Phelps, Pauline Sachse, Jean Sulem and German Tcakulov.<\/p>\n<p>Sarah Strohm began viola lessons with No\u00e9mie Bialobroda at the Conservatoire de Musique de Gen\u00e8ve at the age of seven. Soon afterwards, she took part in the Conservatoire's intensive program, where she gained her first experience with chamber music projects under the guidance of renowned artists such as Leonardo Garcia Alarc\u00f3n. She perfected her skills in masterclasses with Fr\u00e9d\u00e9ric Kirch and Garth Knox as well as with Jean Sulem at the Cervo Summer Academy. Sarah was the winner of the Concours suisse de musique pour la jeunesse in 2018 and gained international attention when she won the Aims Foundation Competition in 2019 and performed as a soloist with orchestra in Solsona.<\/p>","protected":false},"excerpt":{"rendered":"<p>Switzerland's Sarah Strohm wins the Concours de Gen\u00e8ve 2025 ex aequo with the American Brian Isaacs in the viola category. She also won almost all the special prizes.<\/p>","protected":false},"author":30,"featured_media":68861,"comment_status":"closed","ping_status":"closed","sticky":false,"template":"","format":"standard","meta":{"_acf_changed":false,"_relevanssi_hide_post":"","_relevanssi_hide_content":"","_relevanssi_pin_for_all":"","_relevanssi_pin_keywords":"","_relevanssi_unpin_keywords":"","_relevanssi_related_keywords":"","_relevanssi_related_include_ids":"","_relevanssi_related_exclude_ids":"","_relevanssi_related_no_append":"","_relevanssi_related_not_related":"","_relevanssi_related_posts":"","_relevanssi_noindex_reason":"","pgc_sgb_lightbox_settings":"","footnotes":""},"categories":[27],"tags":[5405,5406,3333,5404],"class_list":["post-68860","post","type-post","status-publish","format-standard","has-post-thumbnail","hentry","category-news","tag-ayaka-taniguchi","tag-brian-isaacs","tag-concours-de-geneve","tag-sarah-strom"],"acf":[],"yoast_head":"<!-- This site is optimized with the Yoast SEO plugin v27.4 - https:\/\/yoast.com\/product\/yoast-seo-wordpress\/ -->\n<title>Sarah Strohm Gewinnerin des Concours de Gen\u00e8ve - Schweizer Musikzeitung<\/title>\n<meta name=\"description\" content=\"Die Schweizerin Sarah Strohm gewinnt ex aequo mit dem Amerikaner Brian Isaacs den Concours de Gen\u00e8ve 2025 im Fach Bratsche.\" \/>\n<meta name=\"robots\" content=\"index, follow, max-snippet:-1, max-image-preview:large, max-video-preview:-1\" \/>\n<link rel=\"canonical\" href=\"https:\/\/www.musikzeitung.ch\/en\/news\/2025\/11\/sarah-strohm-gewinnerin-des-concours-de-geneve\/\" \/>\n<meta property=\"og:locale\" content=\"en_US\" \/>\n<meta property=\"og:type\" content=\"article\" \/>\n<meta property=\"og:title\" content=\"Sarah Strohm Gewinnerin des Concours de Gen\u00e8ve - Schweizer Musikzeitung\" \/>\n<meta property=\"og:description\" content=\"Die Schweizerin Sarah Strohm gewinnt ex aequo mit dem Amerikaner Brian Isaacs den Concours de Gen\u00e8ve 2025 im Fach Bratsche.\" \/>\n<meta property=\"og:url\" content=\"https:\/\/www.musikzeitung.ch\/en\/news\/2025\/11\/sarah-strohm-gewinnerin-des-concours-de-geneve\/\" \/>\n<meta property=\"og:site_name\" content=\"Schweizer Musikzeitung\" \/>\n<meta property=\"article:publisher\" content=\"https:\/\/www.facebook.com\/SchweizerMusikzeitung\/\" \/>\n<meta property=\"article:author\" content=\"https:\/\/www.facebook.com\/wolfgang.bohler.75\" \/>\n<meta property=\"article:published_time\" content=\"2025-11-13T06:03:41+00:00\" \/>\n<meta property=\"article:modified_time\" content=\"2025-11-13T07:39:28+00:00\" \/>\n<meta property=\"og:image\" content=\"https:\/\/www.musikzeitung.ch\/wp-content\/uploads\/2025\/11\/251113cdg.jpg\" \/>\n\t<meta property=\"og:image:width\" content=\"500\" \/>\n\t<meta property=\"og:image:height\" content=\"310\" \/>\n\t<meta property=\"og:image:type\" content=\"image\/jpeg\" \/>\n<meta name=\"author\" content=\"Wolfgang B\u00f6hler\" \/>\n<meta name=\"twitter:card\" content=\"summary_large_image\" \/>\n<meta name=\"twitter:creator\" content=\"@smusikzeitung\" \/>\n<meta name=\"twitter:site\" content=\"@smusikzeitung\" \/>\n<meta name=\"twitter:label1\" content=\"Written by\" \/>\n\t<meta name=\"twitter:data1\" content=\"Wolfgang B\u00f6hler\" \/>\n\t<meta name=\"twitter:label2\" content=\"Est. reading time\" \/>\n\t<meta name=\"twitter:data2\" content=\"2 minutes\" \/>\n<script type=\"application\/ld+json\" class=\"yoast-schema-graph\">{\"@context\":\"https:\\\/\\\/schema.org\",\"@graph\":[{\"@type\":\"Article\",\"@id\":\"https:\\\/\\\/www.musikzeitung.ch\\\/news\\\/2025\\\/11\\\/sarah-strohm-gewinnerin-des-concours-de-geneve#article\",\"isPartOf\":{\"@id\":\"https:\\\/\\\/www.musikzeitung.ch\\\/news\\\/2025\\\/11\\\/sarah-strohm-gewinnerin-des-concours-de-geneve\"},\"author\":{\"name\":\"Wolfgang B\u00f6hler\",\"@id\":\"https:\\\/\\\/www.musikzeitung.ch\\\/#\\\/schema\\\/person\\\/0da4fb82d243f1252850a35d0e87cf0c\"},\"headline\":\"Sarah Strohm Gewinnerin des Concours de Gen\u00e8ve\",\"datePublished\":\"2025-11-13T06:03:41+00:00\",\"dateModified\":\"2025-11-13T07:39:28+00:00\",\"mainEntityOfPage\":{\"@id\":\"https:\\\/\\\/www.musikzeitung.ch\\\/news\\\/2025\\\/11\\\/sarah-strohm-gewinnerin-des-concours-de-geneve\"},\"wordCount\":192,\"publisher\":{\"@id\":\"https:\\\/\\\/www.musikzeitung.ch\\\/#organization\"},\"image\":{\"@id\":\"https:\\\/\\\/www.musikzeitung.ch\\\/news\\\/2025\\\/11\\\/sarah-strohm-gewinnerin-des-concours-de-geneve#primaryimage\"},\"thumbnailUrl\":\"https:\\\/\\\/www.musikzeitung.ch\\\/wp-content\\\/uploads\\\/2025\\\/11\\\/251113cdg.jpg\",\"keywords\":[\"Ayaka Taniguchi\",\"Brian Isaacs\",\"Concours de Gen\u00e8ve\",\"Sarah Strom\"],\"articleSection\":[\"News\"],\"inLanguage\":\"en-US\"},{\"@type\":\"WebPage\",\"@id\":\"https:\\\/\\\/www.musikzeitung.ch\\\/news\\\/2025\\\/11\\\/sarah-strohm-gewinnerin-des-concours-de-geneve\",\"url\":\"https:\\\/\\\/www.musikzeitung.ch\\\/news\\\/2025\\\/11\\\/sarah-strohm-gewinnerin-des-concours-de-geneve\",\"name\":\"Sarah Strohm Gewinnerin des Concours de Gen\u00e8ve - Schweizer Musikzeitung\",\"isPartOf\":{\"@id\":\"https:\\\/\\\/www.musikzeitung.ch\\\/#website\"},\"primaryImageOfPage\":{\"@id\":\"https:\\\/\\\/www.musikzeitung.ch\\\/news\\\/2025\\\/11\\\/sarah-strohm-gewinnerin-des-concours-de-geneve#primaryimage\"},\"image\":{\"@id\":\"https:\\\/\\\/www.musikzeitung.ch\\\/news\\\/2025\\\/11\\\/sarah-strohm-gewinnerin-des-concours-de-geneve#primaryimage\"},\"thumbnailUrl\":\"https:\\\/\\\/www.musikzeitung.ch\\\/wp-content\\\/uploads\\\/2025\\\/11\\\/251113cdg.jpg\",\"datePublished\":\"2025-11-13T06:03:41+00:00\",\"dateModified\":\"2025-11-13T07:39:28+00:00\",\"description\":\"Die Schweizerin Sarah Strohm gewinnt ex aequo mit dem Amerikaner Brian Isaacs den Concours de Gen\u00e8ve 2025 im Fach Bratsche.\",\"breadcrumb\":{\"@id\":\"https:\\\/\\\/www.musikzeitung.ch\\\/news\\\/2025\\\/11\\\/sarah-strohm-gewinnerin-des-concours-de-geneve#breadcrumb\"},\"inLanguage\":\"en-US\",\"potentialAction\":[{\"@type\":\"ReadAction\",\"target\":[\"https:\\\/\\\/www.musikzeitung.ch\\\/news\\\/2025\\\/11\\\/sarah-strohm-gewinnerin-des-concours-de-geneve\"]}]},{\"@type\":\"ImageObject\",\"inLanguage\":\"en-US\",\"@id\":\"https:\\\/\\\/www.musikzeitung.ch\\\/news\\\/2025\\\/11\\\/sarah-strohm-gewinnerin-des-concours-de-geneve#primaryimage\",\"url\":\"https:\\\/\\\/www.musikzeitung.ch\\\/wp-content\\\/uploads\\\/2025\\\/11\\\/251113cdg.jpg\",\"contentUrl\":\"https:\\\/\\\/www.musikzeitung.ch\\\/wp-content\\\/uploads\\\/2025\\\/11\\\/251113cdg.jpg\",\"width\":500,\"height\":310,\"caption\":\"v.l.: Sarah Strom, Ayaka Taniguchi, Brian Isaacs (Bild: Concours de Gen\u00e8ve)\"},{\"@type\":\"BreadcrumbList\",\"@id\":\"https:\\\/\\\/www.musikzeitung.ch\\\/news\\\/2025\\\/11\\\/sarah-strohm-gewinnerin-des-concours-de-geneve#breadcrumb\",\"itemListElement\":[{\"@type\":\"ListItem\",\"position\":1,\"name\":\"Home\",\"item\":\"https:\\\/\\\/www.musikzeitung.ch\\\/\"},{\"@type\":\"ListItem\",\"position\":2,\"name\":\"Sarah Strohm Gewinnerin des Concours de Gen\u00e8ve\"}]},{\"@type\":\"WebSite\",\"@id\":\"https:\\\/\\\/www.musikzeitung.ch\\\/#website\",\"url\":\"https:\\\/\\\/www.musikzeitung.ch\\\/\",\"name\":\"Schweizer Musikzeitung\",\"description\":\"Die f\u00fchrende sparten\u00fcbergreifende Monatszeitung in der Schweiz f\u00fcr musikalische Fragen.\",\"publisher\":{\"@id\":\"https:\\\/\\\/www.musikzeitung.ch\\\/#organization\"},\"potentialAction\":[{\"@type\":\"SearchAction\",\"target\":{\"@type\":\"EntryPoint\",\"urlTemplate\":\"https:\\\/\\\/www.musikzeitung.ch\\\/?s={search_term_string}\"},\"query-input\":{\"@type\":\"PropertyValueSpecification\",\"valueRequired\":true,\"valueName\":\"search_term_string\"}}],\"inLanguage\":\"en-US\"},{\"@type\":\"Organization\",\"@id\":\"https:\\\/\\\/www.musikzeitung.ch\\\/#organization\",\"name\":\"Schweizer Musikzeitung\",\"url\":\"https:\\\/\\\/www.musikzeitung.ch\\\/\",\"logo\":{\"@type\":\"ImageObject\",\"inLanguage\":\"en-US\",\"@id\":\"https:\\\/\\\/www.musikzeitung.ch\\\/#\\\/schema\\\/logo\\\/image\\\/\",\"url\":\"https:\\\/\\\/www.musikzeitung.ch\\\/wp-content\\\/uploads\\\/2023\\\/01\\\/SMZ_Schriftzug_Sprache.png\",\"contentUrl\":\"https:\\\/\\\/www.musikzeitung.ch\\\/wp-content\\\/uploads\\\/2023\\\/01\\\/SMZ_Schriftzug_Sprache.png\",\"width\":1400,\"height\":279,\"caption\":\"Schweizer Musikzeitung\"},\"image\":{\"@id\":\"https:\\\/\\\/www.musikzeitung.ch\\\/#\\\/schema\\\/logo\\\/image\\\/\"},\"sameAs\":[\"https:\\\/\\\/www.facebook.com\\\/SchweizerMusikzeitung\\\/\",\"https:\\\/\\\/x.com\\\/smusikzeitung\",\"https:\\\/\\\/www.instagram.com\\\/musikzeitung.ch\\\/\"]},{\"@type\":\"Person\",\"@id\":\"https:\\\/\\\/www.musikzeitung.ch\\\/#\\\/schema\\\/person\\\/0da4fb82d243f1252850a35d0e87cf0c\",\"name\":\"Wolfgang B\u00f6hler\",\"image\":{\"@type\":\"ImageObject\",\"inLanguage\":\"en-US\",\"@id\":\"https:\\\/\\\/www.musikzeitung.ch\\\/wp-content\\\/uploads\\\/2023\\\/01\\\/boehler_portraet_web-e1674139782246-96x96.jpg\",\"url\":\"https:\\\/\\\/www.musikzeitung.ch\\\/wp-content\\\/uploads\\\/2023\\\/01\\\/boehler_portraet_web-e1674139782246-96x96.jpg\",\"contentUrl\":\"https:\\\/\\\/www.musikzeitung.ch\\\/wp-content\\\/uploads\\\/2023\\\/01\\\/boehler_portraet_web-e1674139782246-96x96.jpg\",\"caption\":\"Wolfgang B\u00f6hler\"},\"sameAs\":[\"http:\\\/\\\/www.manacanto.ch\",\"https:\\\/\\\/www.facebook.com\\\/wolfgang.bohler.75\"],\"url\":\"https:\\\/\\\/www.musikzeitung.ch\\\/en\\\/author\\\/wolfgang-boehler\"}]}<\/script>\n<!-- \/ Yoast SEO plugin. -->","yoast_head_json":{"title":"Sarah Strohm winner of the Concours de Gen\u00e8ve - Schweizer Musikzeitung","description":"Switzerland's Sarah Strohm wins the Concours de Gen\u00e8ve 2025 ex aequo with the American Brian Isaacs in the viola category.","robots":{"index":"index","follow":"follow","max-snippet":"max-snippet:-1","max-image-preview":"max-image-preview:large","max-video-preview":"max-video-preview:-1"},"canonical":"https:\/\/www.musikzeitung.ch\/en\/news\/2025\/11\/sarah-strohm-gewinnerin-des-concours-de-geneve\/","og_locale":"en_US","og_type":"article","og_title":"Sarah Strohm Gewinnerin des Concours de Gen\u00e8ve - Schweizer Musikzeitung","og_description":"Die Schweizerin Sarah Strohm gewinnt ex aequo mit dem Amerikaner Brian Isaacs den Concours de Gen\u00e8ve 2025 im Fach Bratsche.","og_url":"https:\/\/www.musikzeitung.ch\/en\/news\/2025\/11\/sarah-strohm-gewinnerin-des-concours-de-geneve\/","og_site_name":"Schweizer Musikzeitung","article_publisher":"https:\/\/www.facebook.com\/SchweizerMusikzeitung\/","article_author":"https:\/\/www.facebook.com\/wolfgang.bohler.75","article_published_time":"2025-11-13T06:03:41+00:00","article_modified_time":"2025-11-13T07:39:28+00:00","og_image":[{"width":500,"height":310,"url":"https:\/\/www.musikzeitung.ch\/wp-content\/uploads\/2025\/11\/251113cdg.jpg","type":"image\/jpeg"}],"author":"Wolfgang B\u00f6hler","twitter_card":"summary_large_image","twitter_creator":"@smusikzeitung","twitter_site":"@smusikzeitung","twitter_misc":{"Written by":"Wolfgang B\u00f6hler","Est. reading time":"2 minutes"},"schema":{"@context":"https:\/\/schema.org","@graph":[{"@type":"Article","@id":"https:\/\/www.musikzeitung.ch\/news\/2025\/11\/sarah-strohm-gewinnerin-des-concours-de-geneve#article","isPartOf":{"@id":"https:\/\/www.musikzeitung.ch\/news\/2025\/11\/sarah-strohm-gewinnerin-des-concours-de-geneve"},"author":{"name":"Wolfgang B\u00f6hler","@id":"https:\/\/www.musikzeitung.ch\/#\/schema\/person\/0da4fb82d243f1252850a35d0e87cf0c"},"headline":"Sarah Strohm Gewinnerin des Concours de Gen\u00e8ve","datePublished":"2025-11-13T06:03:41+00:00","dateModified":"2025-11-13T07:39:28+00:00","mainEntityOfPage":{"@id":"https:\/\/www.musikzeitung.ch\/news\/2025\/11\/sarah-strohm-gewinnerin-des-concours-de-geneve"},"wordCount":192,"publisher":{"@id":"https:\/\/www.musikzeitung.ch\/#organization"},"image":{"@id":"https:\/\/www.musikzeitung.ch\/news\/2025\/11\/sarah-strohm-gewinnerin-des-concours-de-geneve#primaryimage"},"thumbnailUrl":"https:\/\/www.musikzeitung.ch\/wp-content\/uploads\/2025\/11\/251113cdg.jpg","keywords":["Ayaka Taniguchi","Brian Isaacs","Concours de Gen\u00e8ve","Sarah Strom"],"articleSection":["News"],"inLanguage":"en-US"},{"@type":"WebPage","@id":"https:\/\/www.musikzeitung.ch\/news\/2025\/11\/sarah-strohm-gewinnerin-des-concours-de-geneve","url":"https:\/\/www.musikzeitung.ch\/news\/2025\/11\/sarah-strohm-gewinnerin-des-concours-de-geneve","name":"Sarah Strohm winner of the Concours de Gen\u00e8ve - Schweizer Musikzeitung","isPartOf":{"@id":"https:\/\/www.musikzeitung.ch\/#website"},"primaryImageOfPage":{"@id":"https:\/\/www.musikzeitung.ch\/news\/2025\/11\/sarah-strohm-gewinnerin-des-concours-de-geneve#primaryimage"},"image":{"@id":"https:\/\/www.musikzeitung.ch\/news\/2025\/11\/sarah-strohm-gewinnerin-des-concours-de-geneve#primaryimage"},"thumbnailUrl":"https:\/\/www.musikzeitung.ch\/wp-content\/uploads\/2025\/11\/251113cdg.jpg","datePublished":"2025-11-13T06:03:41+00:00","dateModified":"2025-11-13T07:39:28+00:00","description":"Switzerland's Sarah Strohm wins the Concours de Gen\u00e8ve 2025 ex aequo with the American Brian Isaacs in the viola category.","breadcrumb":{"@id":"https:\/\/www.musikzeitung.ch\/news\/2025\/11\/sarah-strohm-gewinnerin-des-concours-de-geneve#breadcrumb"},"inLanguage":"en-US","potentialAction":[{"@type":"ReadAction","target":["https:\/\/www.musikzeitung.ch\/news\/2025\/11\/sarah-strohm-gewinnerin-des-concours-de-geneve"]}]},{"@type":"ImageObject","inLanguage":"en-US","@id":"https:\/\/www.musikzeitung.ch\/news\/2025\/11\/sarah-strohm-gewinnerin-des-concours-de-geneve#primaryimage","url":"https:\/\/www.musikzeitung.ch\/wp-content\/uploads\/2025\/11\/251113cdg.jpg","contentUrl":"https:\/\/www.musikzeitung.ch\/wp-content\/uploads\/2025\/11\/251113cdg.jpg","width":500,"height":310,"caption":"v.l.: Sarah Strom, Ayaka Taniguchi, Brian Isaacs (Bild: Concours de Gen\u00e8ve)"},{"@type":"BreadcrumbList","@id":"https:\/\/www.musikzeitung.ch\/news\/2025\/11\/sarah-strohm-gewinnerin-des-concours-de-geneve#breadcrumb","itemListElement":[{"@type":"ListItem","position":1,"name":"Home","item":"https:\/\/www.musikzeitung.ch\/"},{"@type":"ListItem","position":2,"name":"Sarah Strohm Gewinnerin des Concours de Gen\u00e8ve"}]},{"@type":"WebSite","@id":"https:\/\/www.musikzeitung.ch\/#website","url":"https:\/\/www.musikzeitung.ch\/","name":"Swiss Music Newspaper","description":"The leading interdisciplinary monthly newspaper in Switzerland for musical issues.","publisher":{"@id":"https:\/\/www.musikzeitung.ch\/#organization"},"potentialAction":[{"@type":"SearchAction","target":{"@type":"EntryPoint","urlTemplate":"https:\/\/www.musikzeitung.ch\/?s={search_term_string}"},"query-input":{"@type":"PropertyValueSpecification","valueRequired":true,"valueName":"search_term_string"}}],"inLanguage":"en-US"},{"@type":"Organization","@id":"https:\/\/www.musikzeitung.ch\/#organization","name":"Swiss Music Newspaper","url":"https:\/\/www.musikzeitung.ch\/","logo":{"@type":"ImageObject","inLanguage":"en-US","@id":"https:\/\/www.musikzeitung.ch\/#\/schema\/logo\/image\/","url":"https:\/\/www.musikzeitung.ch\/wp-content\/uploads\/2023\/01\/SMZ_Schriftzug_Sprache.png","contentUrl":"https:\/\/www.musikzeitung.ch\/wp-content\/uploads\/2023\/01\/SMZ_Schriftzug_Sprache.png","width":1400,"height":279,"caption":"Schweizer Musikzeitung"},"image":{"@id":"https:\/\/www.musikzeitung.ch\/#\/schema\/logo\/image\/"},"sameAs":["https:\/\/www.facebook.com\/SchweizerMusikzeitung\/","https:\/\/x.com\/smusikzeitung","https:\/\/www.instagram.com\/musikzeitung.ch\/"]},{"@type":"Person","@id":"https:\/\/www.musikzeitung.ch\/#\/schema\/person\/0da4fb82d243f1252850a35d0e87cf0c","name":"Wolfgang B\u00f6hler","image":{"@type":"ImageObject","inLanguage":"en-US","@id":"https:\/\/www.musikzeitung.ch\/wp-content\/uploads\/2023\/01\/boehler_portraet_web-e1674139782246-96x96.jpg","url":"https:\/\/www.musikzeitung.ch\/wp-content\/uploads\/2023\/01\/boehler_portraet_web-e1674139782246-96x96.jpg","contentUrl":"https:\/\/www.musikzeitung.ch\/wp-content\/uploads\/2023\/01\/boehler_portraet_web-e1674139782246-96x96.jpg","caption":"Wolfgang B\u00f6hler"},"sameAs":["http:\/\/www.manacanto.ch","https:\/\/www.facebook.com\/wolfgang.bohler.75"],"url":"https:\/\/www.musikzeitung.ch\/en\/author\/wolfgang-boehler"}]}},"publishpress_future_workflow_manual_trigger":{"enabledWorkflows":[]},"_links":{"self":[{"href":"https:\/\/www.musikzeitung.ch\/en\/wp-json\/wp\/v2\/posts\/68860","targetHints":{"allow":["GET"]}}],"collection":[{"href":"https:\/\/www.musikzeitung.ch\/en\/wp-json\/wp\/v2\/posts"}],"about":[{"href":"https:\/\/www.musikzeitung.ch\/en\/wp-json\/wp\/v2\/types\/post"}],"author":[{"embeddable":true,"href":"https:\/\/www.musikzeitung.ch\/en\/wp-json\/wp\/v2\/users\/30"}],"replies":[{"embeddable":true,"href":"https:\/\/www.musikzeitung.ch\/en\/wp-json\/wp\/v2\/comments?post=68860"}],"version-history":[{"count":4,"href":"https:\/\/www.musikzeitung.ch\/en\/wp-json\/wp\/v2\/posts\/68860\/revisions"}],"predecessor-version":[{"id":68865,"href":"https:\/\/www.musikzeitung.ch\/en\/wp-json\/wp\/v2\/posts\/68860\/revisions\/68865"}],"wp:featuredmedia":[{"embeddable":true,"href":"https:\/\/www.musikzeitung.ch\/en\/wp-json\/wp\/v2\/media\/68861"}],"wp:attachment":[{"href":"https:\/\/www.musikzeitung.ch\/en\/wp-json\/wp\/v2\/media?parent=68860"}],"wp:term":[{"taxonomy":"category","embeddable":true,"href":"https:\/\/www.musikzeitung.ch\/en\/wp-json\/wp\/v2\/categories?post=68860"},{"taxonomy":"post_tag","embeddable":true,"href":"https:\/\/www.musikzeitung.ch\/en\/wp-json\/wp\/v2\/tags?post=68860"}],"curies":[{"name":"wp","href":"https:\/\/api.w.org\/{rel}","templated":true}]}}