{"id":69305,"date":"2025-11-29T11:42:10","date_gmt":"2025-11-29T10:42:10","guid":{"rendered":"https:\/\/www.musikzeitung.ch\/?p=69305"},"modified":"2025-11-27T11:57:05","modified_gmt":"2025-11-27T10:57:05","slug":"erinnerungsforschung","status":"publish","type":"post","link":"https:\/\/www.musikzeitung.ch\/en\/rezensionen\/buecher-rezensionen\/2025\/11\/erinnerungsforschung","title":{"rendered":"Memory research"},"content":{"rendered":"<figure id=\"attachment_69308\" aria-describedby=\"caption-attachment-69308\" style=\"width: 1920px\" class=\"wp-caption alignnone\"><img loading=\"lazy\" decoding=\"async\" class=\"wp-image-69308 size-full\" src=\"https:\/\/www.musikzeitung.ch\/wp-content\/uploads\/2025\/11\/etienne-girardet-OA0qcP6GOw0-unsplash.jpg\" alt=\"\" width=\"1920\" height=\"1280\" srcset=\"https:\/\/www.musikzeitung.ch\/wp-content\/uploads\/2025\/11\/etienne-girardet-OA0qcP6GOw0-unsplash.jpg 1400w, https:\/\/www.musikzeitung.ch\/wp-content\/uploads\/2025\/11\/etienne-girardet-OA0qcP6GOw0-unsplash-300x200.jpg 300w, https:\/\/www.musikzeitung.ch\/wp-content\/uploads\/2025\/11\/etienne-girardet-OA0qcP6GOw0-unsplash-1024x683.jpg 1024w, https:\/\/www.musikzeitung.ch\/wp-content\/uploads\/2025\/11\/etienne-girardet-OA0qcP6GOw0-unsplash-600x400.jpg 600w, https:\/\/www.musikzeitung.ch\/wp-content\/uploads\/2025\/11\/etienne-girardet-OA0qcP6GOw0-unsplash-768x512.jpg 768w, https:\/\/www.musikzeitung.ch\/wp-content\/uploads\/2025\/11\/etienne-girardet-OA0qcP6GOw0-unsplash-1536x1024.jpg 1536w, https:\/\/www.musikzeitung.ch\/wp-content\/uploads\/2025\/11\/etienne-girardet-OA0qcP6GOw0-unsplash-18x12.jpg 18w, https:\/\/www.musikzeitung.ch\/wp-content\/uploads\/2025\/11\/etienne-girardet-OA0qcP6GOw0-unsplash-263x175.jpg 263w, https:\/\/www.musikzeitung.ch\/wp-content\/uploads\/2025\/11\/etienne-girardet-OA0qcP6GOw0-unsplash-525x350.jpg 525w, https:\/\/www.musikzeitung.ch\/wp-content\/uploads\/2025\/11\/etienne-girardet-OA0qcP6GOw0-unsplash-1200x800.jpg 1200w, https:\/\/www.musikzeitung.ch\/wp-content\/uploads\/2025\/11\/etienne-girardet-OA0qcP6GOw0-unsplash-920x613.jpg 920w\" sizes=\"auto, (max-width: 1920px) 100vw, 1920px\" \/><figcaption id=\"caption-attachment-69308\" class=\"wp-caption-text\">Photo: <a href=\"https:\/\/unsplash.com\/de\/fotos\/ein-stapel-schwarz-weisser-drahte-und-eine-kassette-OA0qcP6GOw0\" target=\"_blank\" rel=\"noopener\">Etienne Girardet \/ unsplash.com<\/a><\/figcaption><\/figure>\n<p>\"Memory is something we performers don't like to talk about - mainly because we're afraid of losing it.\" This is what the Canadian pianist Angela Hewitt once said. The fact that professionals can play by heart for hours on end, usually without making mistakes, is basically a miracle. In fact, our brain memory is as fascinating as it is almost impossible to penetrate. Beyond the extremely complex and as yet barely researched interplay of hundreds of trillions of synapses, this also applies to the topic of \"music and memory\". Although it is immediately obvious, it is still difficult to grasp.<\/p>\n<p><em>Music and memory<\/em> by Melanie Unseld is a study book. The professor, who teaches in Vienna, aims to provide an overview of musicological perspectives on a subject that has been significantly promoted by cultural studies, for example by Jan Assmann's book <em>The cultural memory<\/em>. Identities therefore play a role, for example, where the subconsciously anchored <em>Marseillaise<\/em> or other hymns create national awareness. Other areas of research include aspects of canon formation and reception research. Why are some things remembered and why not? Why have these or those composers and far fewer female composers prevailed? Unseld naturally also touches on monument preservation and politics with such questions. She mentions, for example, the temporary ban on the <em>Marseillaise<\/em>which, due to its revolutionary potential, was to disappear from memory for a time, just like some works by Russian composers that were banned under Joseph Stalin.<\/p>\n<p>It is not always easy to follow Unseld. She changes perspectives in minute detail. From the absolutely important role of music in the lifelong formative teenage years, she jumps to music didactics, dementia research or a falsifying memory that is commonplace in biographies. As if that were not enough, memories also play a role in the aesthetics of composition. Composers recall predecessors by quoting them. And: sonata form, variation movements, verses and choruses make it clear that music almost always plays on the keyboard of memory. Unseld sums up this particular narrow approach by writing about the experience of time: \"Music can deal with time in three ways. It can construct time (through rhythms or the course of form, through composition), imagine time (for example with historical performance practice or music historiography) and make time perceptible (for example through the correlation to the heartbeat or when time passes while practicing or attending a concert).\"<\/p>\n<p>For the time being, it is impossible to foresee where this complex field of research will lead. It is nice that Unseld's excellently edited book moves away from cool formalism towards a more human approach to music. In the end, however, it cannot be overlooked that memory is (so far) difficult to grasp and is often very different from person to person. In this respect, music in turn has to do with memory, because both areas seem like a pudding that cannot be nailed to the wall.<\/p>\n<p><img loading=\"lazy\" decoding=\"async\" class=\"aligncenter wp-image-69307 size-medium\" src=\"https:\/\/www.musikzeitung.ch\/wp-content\/uploads\/2025\/11\/11_12__crit_buch_Moeller-202x300.jpg\" alt=\"\" width=\"202\" height=\"300\" srcset=\"https:\/\/www.musikzeitung.ch\/wp-content\/uploads\/2025\/11\/11_12__crit_buch_Moeller-202x300.jpg 202w, https:\/\/www.musikzeitung.ch\/wp-content\/uploads\/2025\/11\/11_12__crit_buch_Moeller-8x12.jpg 8w, https:\/\/www.musikzeitung.ch\/wp-content\/uploads\/2025\/11\/11_12__crit_buch_Moeller-118x175.jpg 118w, https:\/\/www.musikzeitung.ch\/wp-content\/uploads\/2025\/11\/11_12__crit_buch_Moeller-236x350.jpg 236w, https:\/\/www.musikzeitung.ch\/wp-content\/uploads\/2025\/11\/11_12__crit_buch_Moeller-300x445.jpg 300w, https:\/\/www.musikzeitung.ch\/wp-content\/uploads\/2025\/11\/11_12__crit_buch_Moeller.jpg 386w\" sizes=\"auto, (max-width: 202px) 100vw, 202px\" \/><\/p>\n<p><em>Melanie Unseld: Music and Memory - A Study Book, 298 p., \u20ac 29.90, Rombach Wissenschaft, Baden-Baden 2025, ISBN 978-3-96821-886-1\u00a0\u00a0 <\/em><\/p>","protected":false},"excerpt":{"rendered":"<p>Melanie Unseld gives an introduction to musicological memory research in \"Music and Memory\". <\/p>","protected":false},"author":29,"featured_media":69308,"comment_status":"closed","ping_status":"closed","sticky":false,"template":"","format":"standard","meta":{"_acf_changed":false,"_relevanssi_hide_post":"","_relevanssi_hide_content":"","_relevanssi_pin_for_all":"","_relevanssi_pin_keywords":"","_relevanssi_unpin_keywords":"","_relevanssi_related_keywords":"","_relevanssi_related_include_ids":"","_relevanssi_related_exclude_ids":"","_relevanssi_related_no_append":"","_relevanssi_related_not_related":"","_relevanssi_related_posts":"","_relevanssi_noindex_reason":"","pgc_sgb_lightbox_settings":"","footnotes":""},"categories":[1214,29],"tags":[5429,5428],"class_list":["post-69305","post","type-post","status-publish","format-standard","has-post-thumbnail","hentry","category-buecher-rezensionen","category-rezensionen","tag-gedaechtnisforschung","tag-melanie-unseld"],"acf":[],"yoast_head":"<!-- This site is optimized with the Yoast SEO plugin v27.4 - https:\/\/yoast.com\/product\/yoast-seo-wordpress\/ -->\n<title>Erinnerungsforschung - Schweizer Musikzeitung<\/title>\n<meta name=\"description\" content=\"Melanie Unseld gibt in \u00abMusik und Erinnerung\u00bb eine Einf\u00fchrung in musikwissenschaftliche Erinnerungsforschung.\" \/>\n<meta name=\"robots\" content=\"index, follow, max-snippet:-1, max-image-preview:large, max-video-preview:-1\" \/>\n<link rel=\"canonical\" href=\"https:\/\/www.musikzeitung.ch\/en\/rezensionen\/buecher-rezensionen\/2025\/11\/erinnerungsforschung\/\" \/>\n<meta property=\"og:locale\" content=\"en_US\" \/>\n<meta property=\"og:type\" content=\"article\" \/>\n<meta property=\"og:title\" content=\"Erinnerungsforschung - Schweizer Musikzeitung\" \/>\n<meta property=\"og:description\" content=\"Melanie Unseld gibt in \u00abMusik und Erinnerung\u00bb eine Einf\u00fchrung in musikwissenschaftliche Erinnerungsforschung.\" \/>\n<meta property=\"og:url\" content=\"https:\/\/www.musikzeitung.ch\/en\/rezensionen\/buecher-rezensionen\/2025\/11\/erinnerungsforschung\/\" \/>\n<meta property=\"og:site_name\" content=\"Schweizer Musikzeitung\" \/>\n<meta property=\"article:publisher\" content=\"https:\/\/www.facebook.com\/SchweizerMusikzeitung\/\" \/>\n<meta property=\"article:published_time\" content=\"2025-11-29T10:42:10+00:00\" \/>\n<meta property=\"og:image\" content=\"https:\/\/www.musikzeitung.ch\/wp-content\/uploads\/2025\/11\/etienne-girardet-OA0qcP6GOw0-unsplash.jpg\" \/>\n\t<meta property=\"og:image:width\" content=\"1400\" \/>\n\t<meta property=\"og:image:height\" content=\"933\" \/>\n\t<meta property=\"og:image:type\" content=\"image\/jpeg\" \/>\n<meta name=\"author\" content=\"pia.schwab\" \/>\n<meta name=\"twitter:card\" content=\"summary_large_image\" \/>\n<meta name=\"twitter:creator\" content=\"@smusikzeitung\" \/>\n<meta name=\"twitter:site\" content=\"@smusikzeitung\" \/>\n<meta name=\"twitter:label1\" content=\"Written by\" \/>\n\t<meta name=\"twitter:data1\" content=\"pia.schwab\" \/>\n\t<meta name=\"twitter:label2\" content=\"Est. reading time\" \/>\n\t<meta name=\"twitter:data2\" content=\"4 minutes\" \/>\n<script type=\"application\/ld+json\" class=\"yoast-schema-graph\">{\"@context\":\"https:\\\/\\\/schema.org\",\"@graph\":[{\"@type\":\"Article\",\"@id\":\"https:\\\/\\\/www.musikzeitung.ch\\\/rezensionen\\\/buecher-rezensionen\\\/2025\\\/11\\\/erinnerungsforschung#article\",\"isPartOf\":{\"@id\":\"https:\\\/\\\/www.musikzeitung.ch\\\/rezensionen\\\/buecher-rezensionen\\\/2025\\\/11\\\/erinnerungsforschung\"},\"author\":{\"name\":\"pia.schwab\",\"@id\":\"https:\\\/\\\/www.musikzeitung.ch\\\/#\\\/schema\\\/person\\\/ea3d7b86bd7157c78c7ddd37f2f82b5b\"},\"headline\":\"Erinnerungsforschung\",\"datePublished\":\"2025-11-29T10:42:10+00:00\",\"mainEntityOfPage\":{\"@id\":\"https:\\\/\\\/www.musikzeitung.ch\\\/rezensionen\\\/buecher-rezensionen\\\/2025\\\/11\\\/erinnerungsforschung\"},\"wordCount\":474,\"publisher\":{\"@id\":\"https:\\\/\\\/www.musikzeitung.ch\\\/#organization\"},\"image\":{\"@id\":\"https:\\\/\\\/www.musikzeitung.ch\\\/rezensionen\\\/buecher-rezensionen\\\/2025\\\/11\\\/erinnerungsforschung#primaryimage\"},\"thumbnailUrl\":\"https:\\\/\\\/www.musikzeitung.ch\\\/wp-content\\\/uploads\\\/2025\\\/11\\\/etienne-girardet-OA0qcP6GOw0-unsplash.jpg\",\"keywords\":[\"Ged\u00e4chtnisforschung\",\"Melanie Unseld\"],\"articleSection\":[\"B\u00fccher\",\"Rezensionen\"],\"inLanguage\":\"en-US\"},{\"@type\":\"WebPage\",\"@id\":\"https:\\\/\\\/www.musikzeitung.ch\\\/rezensionen\\\/buecher-rezensionen\\\/2025\\\/11\\\/erinnerungsforschung\",\"url\":\"https:\\\/\\\/www.musikzeitung.ch\\\/rezensionen\\\/buecher-rezensionen\\\/2025\\\/11\\\/erinnerungsforschung\",\"name\":\"Erinnerungsforschung - Schweizer Musikzeitung\",\"isPartOf\":{\"@id\":\"https:\\\/\\\/www.musikzeitung.ch\\\/#website\"},\"primaryImageOfPage\":{\"@id\":\"https:\\\/\\\/www.musikzeitung.ch\\\/rezensionen\\\/buecher-rezensionen\\\/2025\\\/11\\\/erinnerungsforschung#primaryimage\"},\"image\":{\"@id\":\"https:\\\/\\\/www.musikzeitung.ch\\\/rezensionen\\\/buecher-rezensionen\\\/2025\\\/11\\\/erinnerungsforschung#primaryimage\"},\"thumbnailUrl\":\"https:\\\/\\\/www.musikzeitung.ch\\\/wp-content\\\/uploads\\\/2025\\\/11\\\/etienne-girardet-OA0qcP6GOw0-unsplash.jpg\",\"datePublished\":\"2025-11-29T10:42:10+00:00\",\"description\":\"Melanie Unseld gibt in \u00abMusik und Erinnerung\u00bb eine Einf\u00fchrung in musikwissenschaftliche Erinnerungsforschung.\",\"breadcrumb\":{\"@id\":\"https:\\\/\\\/www.musikzeitung.ch\\\/rezensionen\\\/buecher-rezensionen\\\/2025\\\/11\\\/erinnerungsforschung#breadcrumb\"},\"inLanguage\":\"en-US\",\"potentialAction\":[{\"@type\":\"ReadAction\",\"target\":[\"https:\\\/\\\/www.musikzeitung.ch\\\/rezensionen\\\/buecher-rezensionen\\\/2025\\\/11\\\/erinnerungsforschung\"]}]},{\"@type\":\"ImageObject\",\"inLanguage\":\"en-US\",\"@id\":\"https:\\\/\\\/www.musikzeitung.ch\\\/rezensionen\\\/buecher-rezensionen\\\/2025\\\/11\\\/erinnerungsforschung#primaryimage\",\"url\":\"https:\\\/\\\/www.musikzeitung.ch\\\/wp-content\\\/uploads\\\/2025\\\/11\\\/etienne-girardet-OA0qcP6GOw0-unsplash.jpg\",\"contentUrl\":\"https:\\\/\\\/www.musikzeitung.ch\\\/wp-content\\\/uploads\\\/2025\\\/11\\\/etienne-girardet-OA0qcP6GOw0-unsplash.jpg\",\"width\":1400,\"height\":933},{\"@type\":\"BreadcrumbList\",\"@id\":\"https:\\\/\\\/www.musikzeitung.ch\\\/rezensionen\\\/buecher-rezensionen\\\/2025\\\/11\\\/erinnerungsforschung#breadcrumb\",\"itemListElement\":[{\"@type\":\"ListItem\",\"position\":1,\"name\":\"Home\",\"item\":\"https:\\\/\\\/www.musikzeitung.ch\\\/\"},{\"@type\":\"ListItem\",\"position\":2,\"name\":\"Erinnerungsforschung\"}]},{\"@type\":\"WebSite\",\"@id\":\"https:\\\/\\\/www.musikzeitung.ch\\\/#website\",\"url\":\"https:\\\/\\\/www.musikzeitung.ch\\\/\",\"name\":\"Schweizer Musikzeitung\",\"description\":\"Die f\u00fchrende sparten\u00fcbergreifende Monatszeitung in der Schweiz f\u00fcr musikalische Fragen.\",\"publisher\":{\"@id\":\"https:\\\/\\\/www.musikzeitung.ch\\\/#organization\"},\"potentialAction\":[{\"@type\":\"SearchAction\",\"target\":{\"@type\":\"EntryPoint\",\"urlTemplate\":\"https:\\\/\\\/www.musikzeitung.ch\\\/?s={search_term_string}\"},\"query-input\":{\"@type\":\"PropertyValueSpecification\",\"valueRequired\":true,\"valueName\":\"search_term_string\"}}],\"inLanguage\":\"en-US\"},{\"@type\":\"Organization\",\"@id\":\"https:\\\/\\\/www.musikzeitung.ch\\\/#organization\",\"name\":\"Schweizer Musikzeitung\",\"url\":\"https:\\\/\\\/www.musikzeitung.ch\\\/\",\"logo\":{\"@type\":\"ImageObject\",\"inLanguage\":\"en-US\",\"@id\":\"https:\\\/\\\/www.musikzeitung.ch\\\/#\\\/schema\\\/logo\\\/image\\\/\",\"url\":\"https:\\\/\\\/www.musikzeitung.ch\\\/wp-content\\\/uploads\\\/2023\\\/01\\\/SMZ_Schriftzug_Sprache.png\",\"contentUrl\":\"https:\\\/\\\/www.musikzeitung.ch\\\/wp-content\\\/uploads\\\/2023\\\/01\\\/SMZ_Schriftzug_Sprache.png\",\"width\":1400,\"height\":279,\"caption\":\"Schweizer Musikzeitung\"},\"image\":{\"@id\":\"https:\\\/\\\/www.musikzeitung.ch\\\/#\\\/schema\\\/logo\\\/image\\\/\"},\"sameAs\":[\"https:\\\/\\\/www.facebook.com\\\/SchweizerMusikzeitung\\\/\",\"https:\\\/\\\/x.com\\\/smusikzeitung\",\"https:\\\/\\\/www.instagram.com\\\/musikzeitung.ch\\\/\"]},{\"@type\":\"Person\",\"@id\":\"https:\\\/\\\/www.musikzeitung.ch\\\/#\\\/schema\\\/person\\\/ea3d7b86bd7157c78c7ddd37f2f82b5b\",\"name\":\"pia.schwab\",\"image\":{\"@type\":\"ImageObject\",\"inLanguage\":\"en-US\",\"@id\":\"https:\\\/\\\/secure.gravatar.com\\\/avatar\\\/d39d170de4c2d07e897fbc26cf9d890fc046285c742207b86d8ebabe5fcde2c4?s=96&d=mm&r=g\",\"url\":\"https:\\\/\\\/secure.gravatar.com\\\/avatar\\\/d39d170de4c2d07e897fbc26cf9d890fc046285c742207b86d8ebabe5fcde2c4?s=96&d=mm&r=g\",\"contentUrl\":\"https:\\\/\\\/secure.gravatar.com\\\/avatar\\\/d39d170de4c2d07e897fbc26cf9d890fc046285c742207b86d8ebabe5fcde2c4?s=96&d=mm&r=g\",\"caption\":\"pia.schwab\"},\"url\":\"https:\\\/\\\/www.musikzeitung.ch\\\/en\\\/author\\\/pia-schwab\"}]}<\/script>\n<!-- \/ Yoast SEO plugin. -->","yoast_head_json":{"title":"Memory research - Swiss Music Journal","description":"Melanie Unseld gives an introduction to musicological memory research in \"Music and Memory\".","robots":{"index":"index","follow":"follow","max-snippet":"max-snippet:-1","max-image-preview":"max-image-preview:large","max-video-preview":"max-video-preview:-1"},"canonical":"https:\/\/www.musikzeitung.ch\/en\/rezensionen\/buecher-rezensionen\/2025\/11\/erinnerungsforschung\/","og_locale":"en_US","og_type":"article","og_title":"Erinnerungsforschung - Schweizer Musikzeitung","og_description":"Melanie Unseld gibt in \u00abMusik und Erinnerung\u00bb eine Einf\u00fchrung in musikwissenschaftliche Erinnerungsforschung.","og_url":"https:\/\/www.musikzeitung.ch\/en\/rezensionen\/buecher-rezensionen\/2025\/11\/erinnerungsforschung\/","og_site_name":"Schweizer Musikzeitung","article_publisher":"https:\/\/www.facebook.com\/SchweizerMusikzeitung\/","article_published_time":"2025-11-29T10:42:10+00:00","og_image":[{"width":1400,"height":933,"url":"https:\/\/www.musikzeitung.ch\/wp-content\/uploads\/2025\/11\/etienne-girardet-OA0qcP6GOw0-unsplash.jpg","type":"image\/jpeg"}],"author":"pia.schwab","twitter_card":"summary_large_image","twitter_creator":"@smusikzeitung","twitter_site":"@smusikzeitung","twitter_misc":{"Written by":"pia.schwab","Est. reading time":"4 minutes"},"schema":{"@context":"https:\/\/schema.org","@graph":[{"@type":"Article","@id":"https:\/\/www.musikzeitung.ch\/rezensionen\/buecher-rezensionen\/2025\/11\/erinnerungsforschung#article","isPartOf":{"@id":"https:\/\/www.musikzeitung.ch\/rezensionen\/buecher-rezensionen\/2025\/11\/erinnerungsforschung"},"author":{"name":"pia.schwab","@id":"https:\/\/www.musikzeitung.ch\/#\/schema\/person\/ea3d7b86bd7157c78c7ddd37f2f82b5b"},"headline":"Erinnerungsforschung","datePublished":"2025-11-29T10:42:10+00:00","mainEntityOfPage":{"@id":"https:\/\/www.musikzeitung.ch\/rezensionen\/buecher-rezensionen\/2025\/11\/erinnerungsforschung"},"wordCount":474,"publisher":{"@id":"https:\/\/www.musikzeitung.ch\/#organization"},"image":{"@id":"https:\/\/www.musikzeitung.ch\/rezensionen\/buecher-rezensionen\/2025\/11\/erinnerungsforschung#primaryimage"},"thumbnailUrl":"https:\/\/www.musikzeitung.ch\/wp-content\/uploads\/2025\/11\/etienne-girardet-OA0qcP6GOw0-unsplash.jpg","keywords":["Ged\u00e4chtnisforschung","Melanie Unseld"],"articleSection":["B\u00fccher","Rezensionen"],"inLanguage":"en-US"},{"@type":"WebPage","@id":"https:\/\/www.musikzeitung.ch\/rezensionen\/buecher-rezensionen\/2025\/11\/erinnerungsforschung","url":"https:\/\/www.musikzeitung.ch\/rezensionen\/buecher-rezensionen\/2025\/11\/erinnerungsforschung","name":"Memory research - Swiss Music Journal","isPartOf":{"@id":"https:\/\/www.musikzeitung.ch\/#website"},"primaryImageOfPage":{"@id":"https:\/\/www.musikzeitung.ch\/rezensionen\/buecher-rezensionen\/2025\/11\/erinnerungsforschung#primaryimage"},"image":{"@id":"https:\/\/www.musikzeitung.ch\/rezensionen\/buecher-rezensionen\/2025\/11\/erinnerungsforschung#primaryimage"},"thumbnailUrl":"https:\/\/www.musikzeitung.ch\/wp-content\/uploads\/2025\/11\/etienne-girardet-OA0qcP6GOw0-unsplash.jpg","datePublished":"2025-11-29T10:42:10+00:00","description":"Melanie Unseld gives an introduction to musicological memory research in \"Music and Memory\".","breadcrumb":{"@id":"https:\/\/www.musikzeitung.ch\/rezensionen\/buecher-rezensionen\/2025\/11\/erinnerungsforschung#breadcrumb"},"inLanguage":"en-US","potentialAction":[{"@type":"ReadAction","target":["https:\/\/www.musikzeitung.ch\/rezensionen\/buecher-rezensionen\/2025\/11\/erinnerungsforschung"]}]},{"@type":"ImageObject","inLanguage":"en-US","@id":"https:\/\/www.musikzeitung.ch\/rezensionen\/buecher-rezensionen\/2025\/11\/erinnerungsforschung#primaryimage","url":"https:\/\/www.musikzeitung.ch\/wp-content\/uploads\/2025\/11\/etienne-girardet-OA0qcP6GOw0-unsplash.jpg","contentUrl":"https:\/\/www.musikzeitung.ch\/wp-content\/uploads\/2025\/11\/etienne-girardet-OA0qcP6GOw0-unsplash.jpg","width":1400,"height":933},{"@type":"BreadcrumbList","@id":"https:\/\/www.musikzeitung.ch\/rezensionen\/buecher-rezensionen\/2025\/11\/erinnerungsforschung#breadcrumb","itemListElement":[{"@type":"ListItem","position":1,"name":"Home","item":"https:\/\/www.musikzeitung.ch\/"},{"@type":"ListItem","position":2,"name":"Erinnerungsforschung"}]},{"@type":"WebSite","@id":"https:\/\/www.musikzeitung.ch\/#website","url":"https:\/\/www.musikzeitung.ch\/","name":"Swiss Music Newspaper","description":"The leading interdisciplinary monthly newspaper in Switzerland for musical issues.","publisher":{"@id":"https:\/\/www.musikzeitung.ch\/#organization"},"potentialAction":[{"@type":"SearchAction","target":{"@type":"EntryPoint","urlTemplate":"https:\/\/www.musikzeitung.ch\/?s={search_term_string}"},"query-input":{"@type":"PropertyValueSpecification","valueRequired":true,"valueName":"search_term_string"}}],"inLanguage":"en-US"},{"@type":"Organization","@id":"https:\/\/www.musikzeitung.ch\/#organization","name":"Swiss Music Newspaper","url":"https:\/\/www.musikzeitung.ch\/","logo":{"@type":"ImageObject","inLanguage":"en-US","@id":"https:\/\/www.musikzeitung.ch\/#\/schema\/logo\/image\/","url":"https:\/\/www.musikzeitung.ch\/wp-content\/uploads\/2023\/01\/SMZ_Schriftzug_Sprache.png","contentUrl":"https:\/\/www.musikzeitung.ch\/wp-content\/uploads\/2023\/01\/SMZ_Schriftzug_Sprache.png","width":1400,"height":279,"caption":"Schweizer Musikzeitung"},"image":{"@id":"https:\/\/www.musikzeitung.ch\/#\/schema\/logo\/image\/"},"sameAs":["https:\/\/www.facebook.com\/SchweizerMusikzeitung\/","https:\/\/x.com\/smusikzeitung","https:\/\/www.instagram.com\/musikzeitung.ch\/"]},{"@type":"Person","@id":"https:\/\/www.musikzeitung.ch\/#\/schema\/person\/ea3d7b86bd7157c78c7ddd37f2f82b5b","name":"pia.schwab","image":{"@type":"ImageObject","inLanguage":"en-US","@id":"https:\/\/secure.gravatar.com\/avatar\/d39d170de4c2d07e897fbc26cf9d890fc046285c742207b86d8ebabe5fcde2c4?s=96&d=mm&r=g","url":"https:\/\/secure.gravatar.com\/avatar\/d39d170de4c2d07e897fbc26cf9d890fc046285c742207b86d8ebabe5fcde2c4?s=96&d=mm&r=g","contentUrl":"https:\/\/secure.gravatar.com\/avatar\/d39d170de4c2d07e897fbc26cf9d890fc046285c742207b86d8ebabe5fcde2c4?s=96&d=mm&r=g","caption":"pia.schwab"},"url":"https:\/\/www.musikzeitung.ch\/en\/author\/pia-schwab"}]}},"publishpress_future_workflow_manual_trigger":{"enabledWorkflows":[]},"_links":{"self":[{"href":"https:\/\/www.musikzeitung.ch\/en\/wp-json\/wp\/v2\/posts\/69305","targetHints":{"allow":["GET"]}}],"collection":[{"href":"https:\/\/www.musikzeitung.ch\/en\/wp-json\/wp\/v2\/posts"}],"about":[{"href":"https:\/\/www.musikzeitung.ch\/en\/wp-json\/wp\/v2\/types\/post"}],"author":[{"embeddable":true,"href":"https:\/\/www.musikzeitung.ch\/en\/wp-json\/wp\/v2\/users\/29"}],"replies":[{"embeddable":true,"href":"https:\/\/www.musikzeitung.ch\/en\/wp-json\/wp\/v2\/comments?post=69305"}],"version-history":[{"count":3,"href":"https:\/\/www.musikzeitung.ch\/en\/wp-json\/wp\/v2\/posts\/69305\/revisions"}],"predecessor-version":[{"id":69311,"href":"https:\/\/www.musikzeitung.ch\/en\/wp-json\/wp\/v2\/posts\/69305\/revisions\/69311"}],"wp:featuredmedia":[{"embeddable":true,"href":"https:\/\/www.musikzeitung.ch\/en\/wp-json\/wp\/v2\/media\/69308"}],"wp:attachment":[{"href":"https:\/\/www.musikzeitung.ch\/en\/wp-json\/wp\/v2\/media?parent=69305"}],"wp:term":[{"taxonomy":"category","embeddable":true,"href":"https:\/\/www.musikzeitung.ch\/en\/wp-json\/wp\/v2\/categories?post=69305"},{"taxonomy":"post_tag","embeddable":true,"href":"https:\/\/www.musikzeitung.ch\/en\/wp-json\/wp\/v2\/tags?post=69305"}],"curies":[{"name":"wp","href":"https:\/\/api.w.org\/{rel}","templated":true}]}}