{"id":69432,"date":"2025-12-05T13:59:49","date_gmt":"2025-12-05T12:59:49","guid":{"rendered":"https:\/\/www.musikzeitung.ch\/?p=69432"},"modified":"2025-11-28T14:24:15","modified_gmt":"2025-11-28T13:24:15","slug":"romantischer-barock","status":"publish","type":"post","link":"https:\/\/www.musikzeitung.ch\/en\/rezensionen\/noten-rezensionen\/2025\/12\/romantischer-barock","title":{"rendered":"Romantic Baroque"},"content":{"rendered":"<figure id=\"attachment_69434\" aria-describedby=\"caption-attachment-69434\" style=\"width: 1358px\" class=\"wp-caption alignnone\"><img loading=\"lazy\" decoding=\"async\" class=\"wp-image-69434 size-full\" src=\"https:\/\/www.musikzeitung.ch\/wp-content\/uploads\/2025\/11\/Grieg.jpg\" alt=\"\" width=\"1358\" height=\"1007\" srcset=\"https:\/\/www.musikzeitung.ch\/wp-content\/uploads\/2025\/11\/Grieg.jpg 1349w, https:\/\/www.musikzeitung.ch\/wp-content\/uploads\/2025\/11\/Grieg-300x222.jpg 300w, https:\/\/www.musikzeitung.ch\/wp-content\/uploads\/2025\/11\/Grieg-1024x759.jpg 1024w, https:\/\/www.musikzeitung.ch\/wp-content\/uploads\/2025\/11\/Grieg-768x569.jpg 768w, https:\/\/www.musikzeitung.ch\/wp-content\/uploads\/2025\/11\/Grieg-16x12.jpg 16w, https:\/\/www.musikzeitung.ch\/wp-content\/uploads\/2025\/11\/Grieg-236x175.jpg 236w, https:\/\/www.musikzeitung.ch\/wp-content\/uploads\/2025\/11\/Grieg-472x350.jpg 472w, https:\/\/www.musikzeitung.ch\/wp-content\/uploads\/2025\/11\/Grieg-1079x800.jpg 1079w, https:\/\/www.musikzeitung.ch\/wp-content\/uploads\/2025\/11\/Grieg-920x682.jpg 920w\" sizes=\"auto, (max-width: 1358px) 100vw, 1358px\" \/><figcaption id=\"caption-attachment-69434\" class=\"wp-caption-text\">Edvard Grieg. Image by Erik Werenskiold (editing). <a href=\"https:\/\/artvee.com\/dl\/edvard-grieg-composer#00\" target=\"_blank\" rel=\"noopener\">Artvee<\/a><\/figcaption><\/figure>\n<p>Grieg's Suite <em>From Holberg's time<\/em> is one of the main pillars of the repertoire for string orchestra. However, for the racy rhythm in the first movement, the beautiful cantilenas in the multiple divided parts of the middle movements and the virtuoso rigaudon in the solos to come into their own, performers of a high standard are required. For me, this suite is a piece for professional, at best semi-professional chamber orchestras. And a wonderful introduction to music for ambitious young string players!<\/p>\n<p>All the more reason for me to welcome the publication of this new edition by Henle, which offers all the comforts that are indispensable today: Bar numbers in the score and in all parts, large-format paper in thick quality, parts set 3\/3\/2\/2\/1, clear music notation and a pagination suitable for performance. If you are traveling digitally, you can also purchase the score and parts in the Henle app.<\/p>\n<h3>First for piano, then for string orchestra<\/h3>\n<p>Edvard Grieg composed the suite in 1884 to mark the 200th birthday of the Norwegian polymath and poet Ludvig Holberg (1684-1754), whom he also referred to as the \"Moli\u00e8re of the North\". The version for string orchestra was preceded by the version for two-handed piano (also available from Henle, HN 432). It is less well known today than the arrangement for string orchestra completed by the composer in February 1885. It seems that Edvard Grieg already had the string sound in mind when composing the piano work. The fourth movement <em>\"<\/em>Air<em>\"<\/em> is one of the most beautiful string pieces, music for the desert island!<\/p>\n<p>The editor Ernst-G\u00fcnter Heinemann cites the first editions of the score and parts published by Peters in Leipzig (1886) with the composer's handwritten entries as essential sources. Grieg himself conducted the premiere in Bergen on March 13, 1885 (from handwritten parts). The autograph, which subsequently served as an engraver's model for the publisher, is unfortunately lost. Bowings and occasional fingerings, which are entered in the parts, were probably already there and correspond entirely to the author's ideas. They have been included in this Henle edition. But - don't worry - there are only a few of them, and they are all good!<\/p>\n<h3>Grieg cannot deny himself<\/h3>\n<p>If the <em>Holberg Suite<\/em> even if it is \"Romantic\" Baroque, which has little in common with today's knowledge of historically informed musical practice, it is nevertheless a valuable contemporary document of the reception of Baroque music in Grieg's time. The work allows us to take note with a smile of how its Romantic creator always remains recognizable through the Baroque idiom, despite his remark in a letter to Julius R\u00f6ntgen in 1884: \"It is actually a good exercise, as an exception, to hide one's own personality.\"<img loading=\"lazy\" decoding=\"async\" class=\"aligncenter wp-image-69433 size-medium\" src=\"https:\/\/www.musikzeitung.ch\/wp-content\/uploads\/2025\/11\/11_12_crit_note_Lehmann-235x300.jpg\" alt=\"\" width=\"235\" height=\"300\" srcset=\"https:\/\/www.musikzeitung.ch\/wp-content\/uploads\/2025\/11\/11_12_crit_note_Lehmann-235x300.jpg 235w, https:\/\/www.musikzeitung.ch\/wp-content\/uploads\/2025\/11\/11_12_crit_note_Lehmann-9x12.jpg 9w, https:\/\/www.musikzeitung.ch\/wp-content\/uploads\/2025\/11\/11_12_crit_note_Lehmann-137x175.jpg 137w, https:\/\/www.musikzeitung.ch\/wp-content\/uploads\/2025\/11\/11_12_crit_note_Lehmann-275x350.jpg 275w, https:\/\/www.musikzeitung.ch\/wp-content\/uploads\/2025\/11\/11_12_crit_note_Lehmann-300x383.jpg 300w, https:\/\/www.musikzeitung.ch\/wp-content\/uploads\/2025\/11\/11_12_crit_note_Lehmann.jpg 600w\" sizes=\"auto, (max-width: 235px) 100vw, 235px\" \/><\/p>\n<p><em>Edvard Grieg: From Holberg's time. Suite in the old style op. 40, version for string orchestra, edited by Ernst-G\u00fcnter Heinemann; score, HN 3320, \u20ac 22.00; set of parts, HN 3322, \u20ac 45.00; study score, HN 7012, \u20ac 10.00; G. Henle, Munich<\/em><\/p>\n<p>&nbsp;<\/p>\n<p>&nbsp;<\/p>","protected":false},"excerpt":{"rendered":"<p>Edvard Grieg thought he was hiding his personality in the \"Holberg Suite\", but his handwriting always remains recognizable in this important work for string orchestra. <\/p>","protected":false},"author":29,"featured_media":69434,"comment_status":"closed","ping_status":"closed","sticky":false,"template":"","format":"standard","meta":{"_acf_changed":false,"_relevanssi_hide_post":"","_relevanssi_hide_content":"","_relevanssi_pin_for_all":"","_relevanssi_pin_keywords":"","_relevanssi_unpin_keywords":"","_relevanssi_related_keywords":"","_relevanssi_related_include_ids":"","_relevanssi_related_exclude_ids":"","_relevanssi_related_no_append":"","_relevanssi_related_not_related":"","_relevanssi_related_posts":"","_relevanssi_noindex_reason":"","pgc_sgb_lightbox_settings":"","footnotes":""},"categories":[1316,29],"tags":[5442,5443,1662],"class_list":["post-69432","post","type-post","status-publish","format-standard","has-post-thumbnail","hentry","category-noten-rezensionen","category-rezensionen","tag-edvard-grieg","tag-holberg-suite","tag-streichorchester"],"acf":[],"yoast_head":"<!-- This site is optimized with the Yoast SEO plugin v27.4 - https:\/\/yoast.com\/product\/yoast-seo-wordpress\/ -->\n<title>Romantischer Barock - Schweizer Musikzeitung<\/title>\n<meta name=\"description\" content=\"In der \u00abHolberg-Suite\u00bb, einem der wichtigsten Werke f\u00fcr Streichorchester, bem\u00fcht sich Edvard Grieg um ein barockes Idiom.\" \/>\n<meta name=\"robots\" content=\"index, follow, max-snippet:-1, max-image-preview:large, max-video-preview:-1\" \/>\n<link rel=\"canonical\" href=\"https:\/\/www.musikzeitung.ch\/en\/rezensionen\/noten-rezensionen\/2025\/12\/romantischer-barock\/\" \/>\n<meta property=\"og:locale\" content=\"en_US\" \/>\n<meta property=\"og:type\" content=\"article\" \/>\n<meta property=\"og:title\" content=\"Romantischer Barock - Schweizer Musikzeitung\" \/>\n<meta property=\"og:description\" content=\"In der \u00abHolberg-Suite\u00bb, einem der wichtigsten Werke f\u00fcr Streichorchester, bem\u00fcht sich Edvard Grieg um ein barockes Idiom.\" \/>\n<meta property=\"og:url\" content=\"https:\/\/www.musikzeitung.ch\/en\/rezensionen\/noten-rezensionen\/2025\/12\/romantischer-barock\/\" \/>\n<meta property=\"og:site_name\" content=\"Schweizer Musikzeitung\" \/>\n<meta property=\"article:publisher\" content=\"https:\/\/www.facebook.com\/SchweizerMusikzeitung\/\" \/>\n<meta property=\"article:published_time\" content=\"2025-12-05T12:59:49+00:00\" \/>\n<meta property=\"og:image\" content=\"https:\/\/www.musikzeitung.ch\/wp-content\/uploads\/2025\/11\/Grieg.jpg\" \/>\n\t<meta property=\"og:image:width\" content=\"1349\" \/>\n\t<meta property=\"og:image:height\" content=\"1000\" \/>\n\t<meta property=\"og:image:type\" content=\"image\/jpeg\" \/>\n<meta name=\"author\" content=\"pia.schwab\" \/>\n<meta name=\"twitter:card\" content=\"summary_large_image\" \/>\n<meta name=\"twitter:creator\" content=\"@smusikzeitung\" \/>\n<meta name=\"twitter:site\" content=\"@smusikzeitung\" \/>\n<meta name=\"twitter:label1\" content=\"Written by\" \/>\n\t<meta name=\"twitter:data1\" content=\"pia.schwab\" \/>\n\t<meta name=\"twitter:label2\" content=\"Est. reading time\" \/>\n\t<meta name=\"twitter:data2\" content=\"4 minutes\" \/>\n<script type=\"application\/ld+json\" class=\"yoast-schema-graph\">{\"@context\":\"https:\\\/\\\/schema.org\",\"@graph\":[{\"@type\":\"Article\",\"@id\":\"https:\\\/\\\/www.musikzeitung.ch\\\/rezensionen\\\/noten-rezensionen\\\/2025\\\/12\\\/romantischer-barock#article\",\"isPartOf\":{\"@id\":\"https:\\\/\\\/www.musikzeitung.ch\\\/rezensionen\\\/noten-rezensionen\\\/2025\\\/12\\\/romantischer-barock\"},\"author\":{\"name\":\"pia.schwab\",\"@id\":\"https:\\\/\\\/www.musikzeitung.ch\\\/#\\\/schema\\\/person\\\/ea3d7b86bd7157c78c7ddd37f2f82b5b\"},\"headline\":\"Romantischer Barock\",\"datePublished\":\"2025-12-05T12:59:49+00:00\",\"mainEntityOfPage\":{\"@id\":\"https:\\\/\\\/www.musikzeitung.ch\\\/rezensionen\\\/noten-rezensionen\\\/2025\\\/12\\\/romantischer-barock\"},\"wordCount\":468,\"publisher\":{\"@id\":\"https:\\\/\\\/www.musikzeitung.ch\\\/#organization\"},\"image\":{\"@id\":\"https:\\\/\\\/www.musikzeitung.ch\\\/rezensionen\\\/noten-rezensionen\\\/2025\\\/12\\\/romantischer-barock#primaryimage\"},\"thumbnailUrl\":\"https:\\\/\\\/www.musikzeitung.ch\\\/wp-content\\\/uploads\\\/2025\\\/11\\\/Grieg.jpg\",\"keywords\":[\"Edvard Grieg\",\"Holberg-Suite\",\"Streichorchester\"],\"articleSection\":[\"Noten\",\"Rezensionen\"],\"inLanguage\":\"en-US\"},{\"@type\":\"WebPage\",\"@id\":\"https:\\\/\\\/www.musikzeitung.ch\\\/rezensionen\\\/noten-rezensionen\\\/2025\\\/12\\\/romantischer-barock\",\"url\":\"https:\\\/\\\/www.musikzeitung.ch\\\/rezensionen\\\/noten-rezensionen\\\/2025\\\/12\\\/romantischer-barock\",\"name\":\"Romantischer Barock - Schweizer Musikzeitung\",\"isPartOf\":{\"@id\":\"https:\\\/\\\/www.musikzeitung.ch\\\/#website\"},\"primaryImageOfPage\":{\"@id\":\"https:\\\/\\\/www.musikzeitung.ch\\\/rezensionen\\\/noten-rezensionen\\\/2025\\\/12\\\/romantischer-barock#primaryimage\"},\"image\":{\"@id\":\"https:\\\/\\\/www.musikzeitung.ch\\\/rezensionen\\\/noten-rezensionen\\\/2025\\\/12\\\/romantischer-barock#primaryimage\"},\"thumbnailUrl\":\"https:\\\/\\\/www.musikzeitung.ch\\\/wp-content\\\/uploads\\\/2025\\\/11\\\/Grieg.jpg\",\"datePublished\":\"2025-12-05T12:59:49+00:00\",\"description\":\"In der \u00abHolberg-Suite\u00bb, einem der wichtigsten Werke f\u00fcr Streichorchester, bem\u00fcht sich Edvard Grieg um ein barockes Idiom.\",\"breadcrumb\":{\"@id\":\"https:\\\/\\\/www.musikzeitung.ch\\\/rezensionen\\\/noten-rezensionen\\\/2025\\\/12\\\/romantischer-barock#breadcrumb\"},\"inLanguage\":\"en-US\",\"potentialAction\":[{\"@type\":\"ReadAction\",\"target\":[\"https:\\\/\\\/www.musikzeitung.ch\\\/rezensionen\\\/noten-rezensionen\\\/2025\\\/12\\\/romantischer-barock\"]}]},{\"@type\":\"ImageObject\",\"inLanguage\":\"en-US\",\"@id\":\"https:\\\/\\\/www.musikzeitung.ch\\\/rezensionen\\\/noten-rezensionen\\\/2025\\\/12\\\/romantischer-barock#primaryimage\",\"url\":\"https:\\\/\\\/www.musikzeitung.ch\\\/wp-content\\\/uploads\\\/2025\\\/11\\\/Grieg.jpg\",\"contentUrl\":\"https:\\\/\\\/www.musikzeitung.ch\\\/wp-content\\\/uploads\\\/2025\\\/11\\\/Grieg.jpg\",\"width\":1349,\"height\":1000},{\"@type\":\"BreadcrumbList\",\"@id\":\"https:\\\/\\\/www.musikzeitung.ch\\\/rezensionen\\\/noten-rezensionen\\\/2025\\\/12\\\/romantischer-barock#breadcrumb\",\"itemListElement\":[{\"@type\":\"ListItem\",\"position\":1,\"name\":\"Home\",\"item\":\"https:\\\/\\\/www.musikzeitung.ch\\\/\"},{\"@type\":\"ListItem\",\"position\":2,\"name\":\"Romantischer Barock\"}]},{\"@type\":\"WebSite\",\"@id\":\"https:\\\/\\\/www.musikzeitung.ch\\\/#website\",\"url\":\"https:\\\/\\\/www.musikzeitung.ch\\\/\",\"name\":\"Schweizer Musikzeitung\",\"description\":\"Die f\u00fchrende sparten\u00fcbergreifende Monatszeitung in der Schweiz f\u00fcr musikalische Fragen.\",\"publisher\":{\"@id\":\"https:\\\/\\\/www.musikzeitung.ch\\\/#organization\"},\"potentialAction\":[{\"@type\":\"SearchAction\",\"target\":{\"@type\":\"EntryPoint\",\"urlTemplate\":\"https:\\\/\\\/www.musikzeitung.ch\\\/?s={search_term_string}\"},\"query-input\":{\"@type\":\"PropertyValueSpecification\",\"valueRequired\":true,\"valueName\":\"search_term_string\"}}],\"inLanguage\":\"en-US\"},{\"@type\":\"Organization\",\"@id\":\"https:\\\/\\\/www.musikzeitung.ch\\\/#organization\",\"name\":\"Schweizer Musikzeitung\",\"url\":\"https:\\\/\\\/www.musikzeitung.ch\\\/\",\"logo\":{\"@type\":\"ImageObject\",\"inLanguage\":\"en-US\",\"@id\":\"https:\\\/\\\/www.musikzeitung.ch\\\/#\\\/schema\\\/logo\\\/image\\\/\",\"url\":\"https:\\\/\\\/www.musikzeitung.ch\\\/wp-content\\\/uploads\\\/2023\\\/01\\\/SMZ_Schriftzug_Sprache.png\",\"contentUrl\":\"https:\\\/\\\/www.musikzeitung.ch\\\/wp-content\\\/uploads\\\/2023\\\/01\\\/SMZ_Schriftzug_Sprache.png\",\"width\":1400,\"height\":279,\"caption\":\"Schweizer Musikzeitung\"},\"image\":{\"@id\":\"https:\\\/\\\/www.musikzeitung.ch\\\/#\\\/schema\\\/logo\\\/image\\\/\"},\"sameAs\":[\"https:\\\/\\\/www.facebook.com\\\/SchweizerMusikzeitung\\\/\",\"https:\\\/\\\/x.com\\\/smusikzeitung\",\"https:\\\/\\\/www.instagram.com\\\/musikzeitung.ch\\\/\"]},{\"@type\":\"Person\",\"@id\":\"https:\\\/\\\/www.musikzeitung.ch\\\/#\\\/schema\\\/person\\\/ea3d7b86bd7157c78c7ddd37f2f82b5b\",\"name\":\"pia.schwab\",\"image\":{\"@type\":\"ImageObject\",\"inLanguage\":\"en-US\",\"@id\":\"https:\\\/\\\/secure.gravatar.com\\\/avatar\\\/d39d170de4c2d07e897fbc26cf9d890fc046285c742207b86d8ebabe5fcde2c4?s=96&d=mm&r=g\",\"url\":\"https:\\\/\\\/secure.gravatar.com\\\/avatar\\\/d39d170de4c2d07e897fbc26cf9d890fc046285c742207b86d8ebabe5fcde2c4?s=96&d=mm&r=g\",\"contentUrl\":\"https:\\\/\\\/secure.gravatar.com\\\/avatar\\\/d39d170de4c2d07e897fbc26cf9d890fc046285c742207b86d8ebabe5fcde2c4?s=96&d=mm&r=g\",\"caption\":\"pia.schwab\"},\"url\":\"https:\\\/\\\/www.musikzeitung.ch\\\/en\\\/author\\\/pia-schwab\"}]}<\/script>\n<!-- \/ Yoast SEO plugin. -->","yoast_head_json":{"title":"Romantic Baroque - Swiss Music Journal","description":"In the \u00abHolberg Suite,\u00bb one of the most important works for string orchestra, Edvard Grieg strives for a Baroque idiom.","robots":{"index":"index","follow":"follow","max-snippet":"max-snippet:-1","max-image-preview":"max-image-preview:large","max-video-preview":"max-video-preview:-1"},"canonical":"https:\/\/www.musikzeitung.ch\/en\/rezensionen\/noten-rezensionen\/2025\/12\/romantischer-barock\/","og_locale":"en_US","og_type":"article","og_title":"Romantischer Barock - Schweizer Musikzeitung","og_description":"In der \u00abHolberg-Suite\u00bb, einem der wichtigsten Werke f\u00fcr Streichorchester, bem\u00fcht sich Edvard Grieg um ein barockes Idiom.","og_url":"https:\/\/www.musikzeitung.ch\/en\/rezensionen\/noten-rezensionen\/2025\/12\/romantischer-barock\/","og_site_name":"Schweizer Musikzeitung","article_publisher":"https:\/\/www.facebook.com\/SchweizerMusikzeitung\/","article_published_time":"2025-12-05T12:59:49+00:00","og_image":[{"width":1349,"height":1000,"url":"https:\/\/www.musikzeitung.ch\/wp-content\/uploads\/2025\/11\/Grieg.jpg","type":"image\/jpeg"}],"author":"pia.schwab","twitter_card":"summary_large_image","twitter_creator":"@smusikzeitung","twitter_site":"@smusikzeitung","twitter_misc":{"Written by":"pia.schwab","Est. reading time":"4 minutes"},"schema":{"@context":"https:\/\/schema.org","@graph":[{"@type":"Article","@id":"https:\/\/www.musikzeitung.ch\/rezensionen\/noten-rezensionen\/2025\/12\/romantischer-barock#article","isPartOf":{"@id":"https:\/\/www.musikzeitung.ch\/rezensionen\/noten-rezensionen\/2025\/12\/romantischer-barock"},"author":{"name":"pia.schwab","@id":"https:\/\/www.musikzeitung.ch\/#\/schema\/person\/ea3d7b86bd7157c78c7ddd37f2f82b5b"},"headline":"Romantischer Barock","datePublished":"2025-12-05T12:59:49+00:00","mainEntityOfPage":{"@id":"https:\/\/www.musikzeitung.ch\/rezensionen\/noten-rezensionen\/2025\/12\/romantischer-barock"},"wordCount":468,"publisher":{"@id":"https:\/\/www.musikzeitung.ch\/#organization"},"image":{"@id":"https:\/\/www.musikzeitung.ch\/rezensionen\/noten-rezensionen\/2025\/12\/romantischer-barock#primaryimage"},"thumbnailUrl":"https:\/\/www.musikzeitung.ch\/wp-content\/uploads\/2025\/11\/Grieg.jpg","keywords":["Edvard Grieg","Holberg-Suite","Streichorchester"],"articleSection":["Noten","Rezensionen"],"inLanguage":"en-US"},{"@type":"WebPage","@id":"https:\/\/www.musikzeitung.ch\/rezensionen\/noten-rezensionen\/2025\/12\/romantischer-barock","url":"https:\/\/www.musikzeitung.ch\/rezensionen\/noten-rezensionen\/2025\/12\/romantischer-barock","name":"Romantic Baroque - Swiss Music Journal","isPartOf":{"@id":"https:\/\/www.musikzeitung.ch\/#website"},"primaryImageOfPage":{"@id":"https:\/\/www.musikzeitung.ch\/rezensionen\/noten-rezensionen\/2025\/12\/romantischer-barock#primaryimage"},"image":{"@id":"https:\/\/www.musikzeitung.ch\/rezensionen\/noten-rezensionen\/2025\/12\/romantischer-barock#primaryimage"},"thumbnailUrl":"https:\/\/www.musikzeitung.ch\/wp-content\/uploads\/2025\/11\/Grieg.jpg","datePublished":"2025-12-05T12:59:49+00:00","description":"In the \u00abHolberg Suite,\u00bb one of the most important works for string orchestra, Edvard Grieg strives for a Baroque idiom.","breadcrumb":{"@id":"https:\/\/www.musikzeitung.ch\/rezensionen\/noten-rezensionen\/2025\/12\/romantischer-barock#breadcrumb"},"inLanguage":"en-US","potentialAction":[{"@type":"ReadAction","target":["https:\/\/www.musikzeitung.ch\/rezensionen\/noten-rezensionen\/2025\/12\/romantischer-barock"]}]},{"@type":"ImageObject","inLanguage":"en-US","@id":"https:\/\/www.musikzeitung.ch\/rezensionen\/noten-rezensionen\/2025\/12\/romantischer-barock#primaryimage","url":"https:\/\/www.musikzeitung.ch\/wp-content\/uploads\/2025\/11\/Grieg.jpg","contentUrl":"https:\/\/www.musikzeitung.ch\/wp-content\/uploads\/2025\/11\/Grieg.jpg","width":1349,"height":1000},{"@type":"BreadcrumbList","@id":"https:\/\/www.musikzeitung.ch\/rezensionen\/noten-rezensionen\/2025\/12\/romantischer-barock#breadcrumb","itemListElement":[{"@type":"ListItem","position":1,"name":"Home","item":"https:\/\/www.musikzeitung.ch\/"},{"@type":"ListItem","position":2,"name":"Romantischer Barock"}]},{"@type":"WebSite","@id":"https:\/\/www.musikzeitung.ch\/#website","url":"https:\/\/www.musikzeitung.ch\/","name":"Swiss Music Newspaper","description":"The leading interdisciplinary monthly newspaper in Switzerland for musical issues.","publisher":{"@id":"https:\/\/www.musikzeitung.ch\/#organization"},"potentialAction":[{"@type":"SearchAction","target":{"@type":"EntryPoint","urlTemplate":"https:\/\/www.musikzeitung.ch\/?s={search_term_string}"},"query-input":{"@type":"PropertyValueSpecification","valueRequired":true,"valueName":"search_term_string"}}],"inLanguage":"en-US"},{"@type":"Organization","@id":"https:\/\/www.musikzeitung.ch\/#organization","name":"Swiss Music Newspaper","url":"https:\/\/www.musikzeitung.ch\/","logo":{"@type":"ImageObject","inLanguage":"en-US","@id":"https:\/\/www.musikzeitung.ch\/#\/schema\/logo\/image\/","url":"https:\/\/www.musikzeitung.ch\/wp-content\/uploads\/2023\/01\/SMZ_Schriftzug_Sprache.png","contentUrl":"https:\/\/www.musikzeitung.ch\/wp-content\/uploads\/2023\/01\/SMZ_Schriftzug_Sprache.png","width":1400,"height":279,"caption":"Schweizer Musikzeitung"},"image":{"@id":"https:\/\/www.musikzeitung.ch\/#\/schema\/logo\/image\/"},"sameAs":["https:\/\/www.facebook.com\/SchweizerMusikzeitung\/","https:\/\/x.com\/smusikzeitung","https:\/\/www.instagram.com\/musikzeitung.ch\/"]},{"@type":"Person","@id":"https:\/\/www.musikzeitung.ch\/#\/schema\/person\/ea3d7b86bd7157c78c7ddd37f2f82b5b","name":"pia.schwab","image":{"@type":"ImageObject","inLanguage":"en-US","@id":"https:\/\/secure.gravatar.com\/avatar\/d39d170de4c2d07e897fbc26cf9d890fc046285c742207b86d8ebabe5fcde2c4?s=96&d=mm&r=g","url":"https:\/\/secure.gravatar.com\/avatar\/d39d170de4c2d07e897fbc26cf9d890fc046285c742207b86d8ebabe5fcde2c4?s=96&d=mm&r=g","contentUrl":"https:\/\/secure.gravatar.com\/avatar\/d39d170de4c2d07e897fbc26cf9d890fc046285c742207b86d8ebabe5fcde2c4?s=96&d=mm&r=g","caption":"pia.schwab"},"url":"https:\/\/www.musikzeitung.ch\/en\/author\/pia-schwab"}]}},"publishpress_future_workflow_manual_trigger":{"enabledWorkflows":[]},"_links":{"self":[{"href":"https:\/\/www.musikzeitung.ch\/en\/wp-json\/wp\/v2\/posts\/69432","targetHints":{"allow":["GET"]}}],"collection":[{"href":"https:\/\/www.musikzeitung.ch\/en\/wp-json\/wp\/v2\/posts"}],"about":[{"href":"https:\/\/www.musikzeitung.ch\/en\/wp-json\/wp\/v2\/types\/post"}],"author":[{"embeddable":true,"href":"https:\/\/www.musikzeitung.ch\/en\/wp-json\/wp\/v2\/users\/29"}],"replies":[{"embeddable":true,"href":"https:\/\/www.musikzeitung.ch\/en\/wp-json\/wp\/v2\/comments?post=69432"}],"version-history":[{"count":1,"href":"https:\/\/www.musikzeitung.ch\/en\/wp-json\/wp\/v2\/posts\/69432\/revisions"}],"predecessor-version":[{"id":69435,"href":"https:\/\/www.musikzeitung.ch\/en\/wp-json\/wp\/v2\/posts\/69432\/revisions\/69435"}],"wp:featuredmedia":[{"embeddable":true,"href":"https:\/\/www.musikzeitung.ch\/en\/wp-json\/wp\/v2\/media\/69434"}],"wp:attachment":[{"href":"https:\/\/www.musikzeitung.ch\/en\/wp-json\/wp\/v2\/media?parent=69432"}],"wp:term":[{"taxonomy":"category","embeddable":true,"href":"https:\/\/www.musikzeitung.ch\/en\/wp-json\/wp\/v2\/categories?post=69432"},{"taxonomy":"post_tag","embeddable":true,"href":"https:\/\/www.musikzeitung.ch\/en\/wp-json\/wp\/v2\/tags?post=69432"}],"curies":[{"name":"wp","href":"https:\/\/api.w.org\/{rel}","templated":true}]}}