{"id":69537,"date":"2025-12-08T07:08:30","date_gmt":"2025-12-08T06:08:30","guid":{"rendered":"https:\/\/www.musikzeitung.ch\/?p=69537"},"modified":"2025-12-09T10:02:02","modified_gmt":"2025-12-09T09:02:02","slug":"clement-und-bialobroda-unterrichten-in-genf","status":"publish","type":"post","link":"https:\/\/www.musikzeitung.ch\/en\/news\/2025\/12\/clement-und-bialobroda-unterrichten-in-genf","title":{"rendered":"Cl\u00e9ment and Bialobroda teach in Geneva"},"content":{"rendered":"<figure id=\"attachment_69538\" aria-describedby=\"caption-attachment-69538\" style=\"width: 736px\" class=\"wp-caption alignnone\"><img loading=\"lazy\" decoding=\"async\" class=\"size-full wp-image-69538\" src=\"https:\/\/www.musikzeitung.ch\/wp-content\/uploads\/2025\/12\/251208hem.jpg\" alt=\"\" width=\"736\" height=\"369\" srcset=\"https:\/\/www.musikzeitung.ch\/wp-content\/uploads\/2025\/12\/251208hem.jpg 736w, https:\/\/www.musikzeitung.ch\/wp-content\/uploads\/2025\/12\/251208hem-300x150.jpg 300w, https:\/\/www.musikzeitung.ch\/wp-content\/uploads\/2025\/12\/251208hem-18x9.jpg 18w, https:\/\/www.musikzeitung.ch\/wp-content\/uploads\/2025\/12\/251208hem-349x175.jpg 349w, https:\/\/www.musikzeitung.ch\/wp-content\/uploads\/2025\/12\/251208hem-698x350.jpg 698w\" sizes=\"auto, (max-width: 736px) 100vw, 736px\" \/><figcaption id=\"caption-attachment-69538\" class=\"wp-caption-text\">From left: No\u00e9mie Bialobroda and H\u00e9l\u00e8ne Cl\u00e9ment (Image: HEM)<\/figcaption><\/figure>\n<p>H\u00e9l\u00e8ne Cl\u00e9ment was born in 1988 and studied with Jean Sulem at the Conservatoire National Sup\u00e9rieur de Paris, then with Hariolf Schlichtig at the Musikhochschule M\u00fcnchen and finally with Tabea Zimmermann at the Musikhochschule Hanns Eisler in Berlin. She is a member of the Quatuor Doric. She is Professor of Viola and Chamber Music at the Royal Academy of Music in London until the end of the academic year 25\/26 and will move to the HEM in September 2026.<\/p>\n<p>No\u00e9mie Bialobroda is professor and coordinator for chamber music at the Geneva Conservatory of Music. She also teaches viola at the CNSMD in Lyon. She has also been a member of the Aviv Quartet since 2014. In 2020, she founded the Geneva International String Academy together with violinist Sergey Ostrovsky, of which she is the artistic director. There she offers promising young musicians the opportunity to spend a summer studying and playing with experienced artists. In 2024, she received the cultural scholarship from the Fondation Leenaards.<\/p>","protected":false},"excerpt":{"rendered":"<p>The Haute \u00c9cole de Musique de Gen\u00e8ve (HEM) in Geneva has appointed No\u00e9mie Bialobroda and H\u00e9l\u00e8ne Cl\u00e9ment as professors of viola. They will take up their posts in September 2026.<\/p>","protected":false},"author":30,"featured_media":69538,"comment_status":"closed","ping_status":"closed","sticky":false,"template":"","format":"standard","meta":{"_acf_changed":false,"_relevanssi_hide_post":"","_relevanssi_hide_content":"","_relevanssi_pin_for_all":"","_relevanssi_pin_keywords":"","_relevanssi_unpin_keywords":"","_relevanssi_related_keywords":"","_relevanssi_related_include_ids":"","_relevanssi_related_exclude_ids":"","_relevanssi_related_no_append":"","_relevanssi_related_not_related":"","_relevanssi_related_posts":"","_relevanssi_noindex_reason":"","pgc_sgb_lightbox_settings":"","footnotes":""},"categories":[27],"tags":[5454,5455,5453],"class_list":["post-69537","post","type-post","status-publish","format-standard","has-post-thumbnail","hentry","category-news","tag-helene-clement","tag-hem-genf","tag-noemie-bialobroda"],"acf":[],"yoast_head":"<!-- This site is optimized with the Yoast SEO plugin v27.4 - https:\/\/yoast.com\/product\/yoast-seo-wordpress\/ -->\n<title>Cl\u00e9ment und Bialobroda unterrichten in Genf - Schweizer Musikzeitung<\/title>\n<meta name=\"description\" content=\"Die Haute \u00c9cole de Musique de Gen\u00e8ve (HEM) in Genf hat No\u00e9mie Bialobroda und H\u00e9l\u00e8ne Cl\u00e9ment als Professorinnen f\u00fcr Viola verpflichtet.\" \/>\n<meta name=\"robots\" content=\"index, follow, max-snippet:-1, max-image-preview:large, max-video-preview:-1\" \/>\n<link rel=\"canonical\" href=\"https:\/\/www.musikzeitung.ch\/en\/news\/2025\/12\/clement-und-bialobroda-unterrichten-in-genf\/\" \/>\n<meta property=\"og:locale\" content=\"en_US\" \/>\n<meta property=\"og:type\" content=\"article\" \/>\n<meta property=\"og:title\" content=\"Cl\u00e9ment und Bialobroda unterrichten in Genf - Schweizer Musikzeitung\" \/>\n<meta property=\"og:description\" content=\"Die Haute \u00c9cole de Musique de Gen\u00e8ve (HEM) in Genf hat No\u00e9mie Bialobroda und H\u00e9l\u00e8ne Cl\u00e9ment als Professorinnen f\u00fcr Viola verpflichtet.\" \/>\n<meta property=\"og:url\" content=\"https:\/\/www.musikzeitung.ch\/en\/news\/2025\/12\/clement-und-bialobroda-unterrichten-in-genf\/\" \/>\n<meta property=\"og:site_name\" content=\"Schweizer Musikzeitung\" \/>\n<meta property=\"article:publisher\" content=\"https:\/\/www.facebook.com\/SchweizerMusikzeitung\/\" \/>\n<meta property=\"article:author\" content=\"https:\/\/www.facebook.com\/wolfgang.bohler.75\" \/>\n<meta property=\"article:published_time\" content=\"2025-12-08T06:08:30+00:00\" \/>\n<meta property=\"article:modified_time\" content=\"2025-12-09T09:02:02+00:00\" \/>\n<meta property=\"og:image\" content=\"https:\/\/www.musikzeitung.ch\/wp-content\/uploads\/2025\/12\/251208hem.jpg\" \/>\n\t<meta property=\"og:image:width\" content=\"736\" \/>\n\t<meta property=\"og:image:height\" content=\"369\" \/>\n\t<meta property=\"og:image:type\" content=\"image\/jpeg\" \/>\n<meta name=\"author\" content=\"Wolfgang B\u00f6hler\" \/>\n<meta name=\"twitter:card\" content=\"summary_large_image\" \/>\n<meta name=\"twitter:creator\" content=\"@smusikzeitung\" \/>\n<meta name=\"twitter:site\" content=\"@smusikzeitung\" \/>\n<meta name=\"twitter:label1\" content=\"Written by\" \/>\n\t<meta name=\"twitter:data1\" content=\"Wolfgang B\u00f6hler\" \/>\n\t<meta name=\"twitter:label2\" content=\"Est. reading time\" \/>\n\t<meta name=\"twitter:data2\" content=\"2 minutes\" \/>\n<script type=\"application\/ld+json\" class=\"yoast-schema-graph\">{\"@context\":\"https:\\\/\\\/schema.org\",\"@graph\":[{\"@type\":\"Article\",\"@id\":\"https:\\\/\\\/www.musikzeitung.ch\\\/news\\\/2025\\\/12\\\/clement-und-bialobroda-unterrichten-in-genf#article\",\"isPartOf\":{\"@id\":\"https:\\\/\\\/www.musikzeitung.ch\\\/news\\\/2025\\\/12\\\/clement-und-bialobroda-unterrichten-in-genf\"},\"author\":{\"name\":\"Wolfgang B\u00f6hler\",\"@id\":\"https:\\\/\\\/www.musikzeitung.ch\\\/#\\\/schema\\\/person\\\/0da4fb82d243f1252850a35d0e87cf0c\"},\"headline\":\"Cl\u00e9ment und Bialobroda unterrichten in Genf\",\"datePublished\":\"2025-12-08T06:08:30+00:00\",\"dateModified\":\"2025-12-09T09:02:02+00:00\",\"mainEntityOfPage\":{\"@id\":\"https:\\\/\\\/www.musikzeitung.ch\\\/news\\\/2025\\\/12\\\/clement-und-bialobroda-unterrichten-in-genf\"},\"wordCount\":187,\"publisher\":{\"@id\":\"https:\\\/\\\/www.musikzeitung.ch\\\/#organization\"},\"image\":{\"@id\":\"https:\\\/\\\/www.musikzeitung.ch\\\/news\\\/2025\\\/12\\\/clement-und-bialobroda-unterrichten-in-genf#primaryimage\"},\"thumbnailUrl\":\"https:\\\/\\\/www.musikzeitung.ch\\\/wp-content\\\/uploads\\\/2025\\\/12\\\/251208hem.jpg\",\"keywords\":[\"H\u00e9l\u00e8ne Cl\u00e9ment\",\"HEM Genf\",\"No\u00e9mie Bialobroda\"],\"articleSection\":[\"News\"],\"inLanguage\":\"en-US\"},{\"@type\":\"WebPage\",\"@id\":\"https:\\\/\\\/www.musikzeitung.ch\\\/news\\\/2025\\\/12\\\/clement-und-bialobroda-unterrichten-in-genf\",\"url\":\"https:\\\/\\\/www.musikzeitung.ch\\\/news\\\/2025\\\/12\\\/clement-und-bialobroda-unterrichten-in-genf\",\"name\":\"Cl\u00e9ment und Bialobroda unterrichten in Genf - Schweizer Musikzeitung\",\"isPartOf\":{\"@id\":\"https:\\\/\\\/www.musikzeitung.ch\\\/#website\"},\"primaryImageOfPage\":{\"@id\":\"https:\\\/\\\/www.musikzeitung.ch\\\/news\\\/2025\\\/12\\\/clement-und-bialobroda-unterrichten-in-genf#primaryimage\"},\"image\":{\"@id\":\"https:\\\/\\\/www.musikzeitung.ch\\\/news\\\/2025\\\/12\\\/clement-und-bialobroda-unterrichten-in-genf#primaryimage\"},\"thumbnailUrl\":\"https:\\\/\\\/www.musikzeitung.ch\\\/wp-content\\\/uploads\\\/2025\\\/12\\\/251208hem.jpg\",\"datePublished\":\"2025-12-08T06:08:30+00:00\",\"dateModified\":\"2025-12-09T09:02:02+00:00\",\"description\":\"Die Haute \u00c9cole de Musique de Gen\u00e8ve (HEM) in Genf hat No\u00e9mie Bialobroda und H\u00e9l\u00e8ne Cl\u00e9ment als Professorinnen f\u00fcr Viola verpflichtet.\",\"breadcrumb\":{\"@id\":\"https:\\\/\\\/www.musikzeitung.ch\\\/news\\\/2025\\\/12\\\/clement-und-bialobroda-unterrichten-in-genf#breadcrumb\"},\"inLanguage\":\"en-US\",\"potentialAction\":[{\"@type\":\"ReadAction\",\"target\":[\"https:\\\/\\\/www.musikzeitung.ch\\\/news\\\/2025\\\/12\\\/clement-und-bialobroda-unterrichten-in-genf\"]}]},{\"@type\":\"ImageObject\",\"inLanguage\":\"en-US\",\"@id\":\"https:\\\/\\\/www.musikzeitung.ch\\\/news\\\/2025\\\/12\\\/clement-und-bialobroda-unterrichten-in-genf#primaryimage\",\"url\":\"https:\\\/\\\/www.musikzeitung.ch\\\/wp-content\\\/uploads\\\/2025\\\/12\\\/251208hem.jpg\",\"contentUrl\":\"https:\\\/\\\/www.musikzeitung.ch\\\/wp-content\\\/uploads\\\/2025\\\/12\\\/251208hem.jpg\",\"width\":736,\"height\":369,\"caption\":\"v.l.: No\u00e9mie Bialobroda und H\u00e9l\u00e8ne Cl\u00e9ment (Bild: HEM)\"},{\"@type\":\"BreadcrumbList\",\"@id\":\"https:\\\/\\\/www.musikzeitung.ch\\\/news\\\/2025\\\/12\\\/clement-und-bialobroda-unterrichten-in-genf#breadcrumb\",\"itemListElement\":[{\"@type\":\"ListItem\",\"position\":1,\"name\":\"Home\",\"item\":\"https:\\\/\\\/www.musikzeitung.ch\\\/\"},{\"@type\":\"ListItem\",\"position\":2,\"name\":\"Cl\u00e9ment und Bialobroda unterrichten in Genf\"}]},{\"@type\":\"WebSite\",\"@id\":\"https:\\\/\\\/www.musikzeitung.ch\\\/#website\",\"url\":\"https:\\\/\\\/www.musikzeitung.ch\\\/\",\"name\":\"Schweizer Musikzeitung\",\"description\":\"Die f\u00fchrende sparten\u00fcbergreifende Monatszeitung in der Schweiz f\u00fcr musikalische Fragen.\",\"publisher\":{\"@id\":\"https:\\\/\\\/www.musikzeitung.ch\\\/#organization\"},\"potentialAction\":[{\"@type\":\"SearchAction\",\"target\":{\"@type\":\"EntryPoint\",\"urlTemplate\":\"https:\\\/\\\/www.musikzeitung.ch\\\/?s={search_term_string}\"},\"query-input\":{\"@type\":\"PropertyValueSpecification\",\"valueRequired\":true,\"valueName\":\"search_term_string\"}}],\"inLanguage\":\"en-US\"},{\"@type\":\"Organization\",\"@id\":\"https:\\\/\\\/www.musikzeitung.ch\\\/#organization\",\"name\":\"Schweizer Musikzeitung\",\"url\":\"https:\\\/\\\/www.musikzeitung.ch\\\/\",\"logo\":{\"@type\":\"ImageObject\",\"inLanguage\":\"en-US\",\"@id\":\"https:\\\/\\\/www.musikzeitung.ch\\\/#\\\/schema\\\/logo\\\/image\\\/\",\"url\":\"https:\\\/\\\/www.musikzeitung.ch\\\/wp-content\\\/uploads\\\/2023\\\/01\\\/SMZ_Schriftzug_Sprache.png\",\"contentUrl\":\"https:\\\/\\\/www.musikzeitung.ch\\\/wp-content\\\/uploads\\\/2023\\\/01\\\/SMZ_Schriftzug_Sprache.png\",\"width\":1400,\"height\":279,\"caption\":\"Schweizer Musikzeitung\"},\"image\":{\"@id\":\"https:\\\/\\\/www.musikzeitung.ch\\\/#\\\/schema\\\/logo\\\/image\\\/\"},\"sameAs\":[\"https:\\\/\\\/www.facebook.com\\\/SchweizerMusikzeitung\\\/\",\"https:\\\/\\\/x.com\\\/smusikzeitung\",\"https:\\\/\\\/www.instagram.com\\\/musikzeitung.ch\\\/\"]},{\"@type\":\"Person\",\"@id\":\"https:\\\/\\\/www.musikzeitung.ch\\\/#\\\/schema\\\/person\\\/0da4fb82d243f1252850a35d0e87cf0c\",\"name\":\"Wolfgang B\u00f6hler\",\"image\":{\"@type\":\"ImageObject\",\"inLanguage\":\"en-US\",\"@id\":\"https:\\\/\\\/www.musikzeitung.ch\\\/wp-content\\\/uploads\\\/2023\\\/01\\\/boehler_portraet_web-e1674139782246-96x96.jpg\",\"url\":\"https:\\\/\\\/www.musikzeitung.ch\\\/wp-content\\\/uploads\\\/2023\\\/01\\\/boehler_portraet_web-e1674139782246-96x96.jpg\",\"contentUrl\":\"https:\\\/\\\/www.musikzeitung.ch\\\/wp-content\\\/uploads\\\/2023\\\/01\\\/boehler_portraet_web-e1674139782246-96x96.jpg\",\"caption\":\"Wolfgang B\u00f6hler\"},\"sameAs\":[\"http:\\\/\\\/www.manacanto.ch\",\"https:\\\/\\\/www.facebook.com\\\/wolfgang.bohler.75\"],\"url\":\"https:\\\/\\\/www.musikzeitung.ch\\\/en\\\/author\\\/wolfgang-boehler\"}]}<\/script>\n<!-- \/ Yoast SEO plugin. -->","yoast_head_json":{"title":"Cl\u00e9ment and Bialobroda teach in Geneva - Swiss Music Journal","description":"The Haute \u00c9cole de Musique de Gen\u00e8ve (HEM) in Geneva has appointed No\u00e9mie Bialobroda and H\u00e9l\u00e8ne Cl\u00e9ment as professors of viola.","robots":{"index":"index","follow":"follow","max-snippet":"max-snippet:-1","max-image-preview":"max-image-preview:large","max-video-preview":"max-video-preview:-1"},"canonical":"https:\/\/www.musikzeitung.ch\/en\/news\/2025\/12\/clement-und-bialobroda-unterrichten-in-genf\/","og_locale":"en_US","og_type":"article","og_title":"Cl\u00e9ment und Bialobroda unterrichten in Genf - Schweizer Musikzeitung","og_description":"Die Haute \u00c9cole de Musique de Gen\u00e8ve (HEM) in Genf hat No\u00e9mie Bialobroda und H\u00e9l\u00e8ne Cl\u00e9ment als Professorinnen f\u00fcr Viola verpflichtet.","og_url":"https:\/\/www.musikzeitung.ch\/en\/news\/2025\/12\/clement-und-bialobroda-unterrichten-in-genf\/","og_site_name":"Schweizer Musikzeitung","article_publisher":"https:\/\/www.facebook.com\/SchweizerMusikzeitung\/","article_author":"https:\/\/www.facebook.com\/wolfgang.bohler.75","article_published_time":"2025-12-08T06:08:30+00:00","article_modified_time":"2025-12-09T09:02:02+00:00","og_image":[{"width":736,"height":369,"url":"https:\/\/www.musikzeitung.ch\/wp-content\/uploads\/2025\/12\/251208hem.jpg","type":"image\/jpeg"}],"author":"Wolfgang B\u00f6hler","twitter_card":"summary_large_image","twitter_creator":"@smusikzeitung","twitter_site":"@smusikzeitung","twitter_misc":{"Written by":"Wolfgang B\u00f6hler","Est. reading time":"2 minutes"},"schema":{"@context":"https:\/\/schema.org","@graph":[{"@type":"Article","@id":"https:\/\/www.musikzeitung.ch\/news\/2025\/12\/clement-und-bialobroda-unterrichten-in-genf#article","isPartOf":{"@id":"https:\/\/www.musikzeitung.ch\/news\/2025\/12\/clement-und-bialobroda-unterrichten-in-genf"},"author":{"name":"Wolfgang B\u00f6hler","@id":"https:\/\/www.musikzeitung.ch\/#\/schema\/person\/0da4fb82d243f1252850a35d0e87cf0c"},"headline":"Cl\u00e9ment und Bialobroda unterrichten in Genf","datePublished":"2025-12-08T06:08:30+00:00","dateModified":"2025-12-09T09:02:02+00:00","mainEntityOfPage":{"@id":"https:\/\/www.musikzeitung.ch\/news\/2025\/12\/clement-und-bialobroda-unterrichten-in-genf"},"wordCount":187,"publisher":{"@id":"https:\/\/www.musikzeitung.ch\/#organization"},"image":{"@id":"https:\/\/www.musikzeitung.ch\/news\/2025\/12\/clement-und-bialobroda-unterrichten-in-genf#primaryimage"},"thumbnailUrl":"https:\/\/www.musikzeitung.ch\/wp-content\/uploads\/2025\/12\/251208hem.jpg","keywords":["H\u00e9l\u00e8ne Cl\u00e9ment","HEM Genf","No\u00e9mie Bialobroda"],"articleSection":["News"],"inLanguage":"en-US"},{"@type":"WebPage","@id":"https:\/\/www.musikzeitung.ch\/news\/2025\/12\/clement-und-bialobroda-unterrichten-in-genf","url":"https:\/\/www.musikzeitung.ch\/news\/2025\/12\/clement-und-bialobroda-unterrichten-in-genf","name":"Cl\u00e9ment and Bialobroda teach in Geneva - Swiss Music Journal","isPartOf":{"@id":"https:\/\/www.musikzeitung.ch\/#website"},"primaryImageOfPage":{"@id":"https:\/\/www.musikzeitung.ch\/news\/2025\/12\/clement-und-bialobroda-unterrichten-in-genf#primaryimage"},"image":{"@id":"https:\/\/www.musikzeitung.ch\/news\/2025\/12\/clement-und-bialobroda-unterrichten-in-genf#primaryimage"},"thumbnailUrl":"https:\/\/www.musikzeitung.ch\/wp-content\/uploads\/2025\/12\/251208hem.jpg","datePublished":"2025-12-08T06:08:30+00:00","dateModified":"2025-12-09T09:02:02+00:00","description":"The Haute \u00c9cole de Musique de Gen\u00e8ve (HEM) in Geneva has appointed No\u00e9mie Bialobroda and H\u00e9l\u00e8ne Cl\u00e9ment as professors of viola.","breadcrumb":{"@id":"https:\/\/www.musikzeitung.ch\/news\/2025\/12\/clement-und-bialobroda-unterrichten-in-genf#breadcrumb"},"inLanguage":"en-US","potentialAction":[{"@type":"ReadAction","target":["https:\/\/www.musikzeitung.ch\/news\/2025\/12\/clement-und-bialobroda-unterrichten-in-genf"]}]},{"@type":"ImageObject","inLanguage":"en-US","@id":"https:\/\/www.musikzeitung.ch\/news\/2025\/12\/clement-und-bialobroda-unterrichten-in-genf#primaryimage","url":"https:\/\/www.musikzeitung.ch\/wp-content\/uploads\/2025\/12\/251208hem.jpg","contentUrl":"https:\/\/www.musikzeitung.ch\/wp-content\/uploads\/2025\/12\/251208hem.jpg","width":736,"height":369,"caption":"v.l.: No\u00e9mie Bialobroda und H\u00e9l\u00e8ne Cl\u00e9ment (Bild: HEM)"},{"@type":"BreadcrumbList","@id":"https:\/\/www.musikzeitung.ch\/news\/2025\/12\/clement-und-bialobroda-unterrichten-in-genf#breadcrumb","itemListElement":[{"@type":"ListItem","position":1,"name":"Home","item":"https:\/\/www.musikzeitung.ch\/"},{"@type":"ListItem","position":2,"name":"Cl\u00e9ment und Bialobroda unterrichten in Genf"}]},{"@type":"WebSite","@id":"https:\/\/www.musikzeitung.ch\/#website","url":"https:\/\/www.musikzeitung.ch\/","name":"Swiss Music Newspaper","description":"The leading interdisciplinary monthly newspaper in Switzerland for musical issues.","publisher":{"@id":"https:\/\/www.musikzeitung.ch\/#organization"},"potentialAction":[{"@type":"SearchAction","target":{"@type":"EntryPoint","urlTemplate":"https:\/\/www.musikzeitung.ch\/?s={search_term_string}"},"query-input":{"@type":"PropertyValueSpecification","valueRequired":true,"valueName":"search_term_string"}}],"inLanguage":"en-US"},{"@type":"Organization","@id":"https:\/\/www.musikzeitung.ch\/#organization","name":"Swiss Music Newspaper","url":"https:\/\/www.musikzeitung.ch\/","logo":{"@type":"ImageObject","inLanguage":"en-US","@id":"https:\/\/www.musikzeitung.ch\/#\/schema\/logo\/image\/","url":"https:\/\/www.musikzeitung.ch\/wp-content\/uploads\/2023\/01\/SMZ_Schriftzug_Sprache.png","contentUrl":"https:\/\/www.musikzeitung.ch\/wp-content\/uploads\/2023\/01\/SMZ_Schriftzug_Sprache.png","width":1400,"height":279,"caption":"Schweizer Musikzeitung"},"image":{"@id":"https:\/\/www.musikzeitung.ch\/#\/schema\/logo\/image\/"},"sameAs":["https:\/\/www.facebook.com\/SchweizerMusikzeitung\/","https:\/\/x.com\/smusikzeitung","https:\/\/www.instagram.com\/musikzeitung.ch\/"]},{"@type":"Person","@id":"https:\/\/www.musikzeitung.ch\/#\/schema\/person\/0da4fb82d243f1252850a35d0e87cf0c","name":"Wolfgang B\u00f6hler","image":{"@type":"ImageObject","inLanguage":"en-US","@id":"https:\/\/www.musikzeitung.ch\/wp-content\/uploads\/2023\/01\/boehler_portraet_web-e1674139782246-96x96.jpg","url":"https:\/\/www.musikzeitung.ch\/wp-content\/uploads\/2023\/01\/boehler_portraet_web-e1674139782246-96x96.jpg","contentUrl":"https:\/\/www.musikzeitung.ch\/wp-content\/uploads\/2023\/01\/boehler_portraet_web-e1674139782246-96x96.jpg","caption":"Wolfgang B\u00f6hler"},"sameAs":["http:\/\/www.manacanto.ch","https:\/\/www.facebook.com\/wolfgang.bohler.75"],"url":"https:\/\/www.musikzeitung.ch\/en\/author\/wolfgang-boehler"}]}},"publishpress_future_workflow_manual_trigger":{"enabledWorkflows":[]},"_links":{"self":[{"href":"https:\/\/www.musikzeitung.ch\/en\/wp-json\/wp\/v2\/posts\/69537","targetHints":{"allow":["GET"]}}],"collection":[{"href":"https:\/\/www.musikzeitung.ch\/en\/wp-json\/wp\/v2\/posts"}],"about":[{"href":"https:\/\/www.musikzeitung.ch\/en\/wp-json\/wp\/v2\/types\/post"}],"author":[{"embeddable":true,"href":"https:\/\/www.musikzeitung.ch\/en\/wp-json\/wp\/v2\/users\/30"}],"replies":[{"embeddable":true,"href":"https:\/\/www.musikzeitung.ch\/en\/wp-json\/wp\/v2\/comments?post=69537"}],"version-history":[{"count":3,"href":"https:\/\/www.musikzeitung.ch\/en\/wp-json\/wp\/v2\/posts\/69537\/revisions"}],"predecessor-version":[{"id":69553,"href":"https:\/\/www.musikzeitung.ch\/en\/wp-json\/wp\/v2\/posts\/69537\/revisions\/69553"}],"wp:featuredmedia":[{"embeddable":true,"href":"https:\/\/www.musikzeitung.ch\/en\/wp-json\/wp\/v2\/media\/69538"}],"wp:attachment":[{"href":"https:\/\/www.musikzeitung.ch\/en\/wp-json\/wp\/v2\/media?parent=69537"}],"wp:term":[{"taxonomy":"category","embeddable":true,"href":"https:\/\/www.musikzeitung.ch\/en\/wp-json\/wp\/v2\/categories?post=69537"},{"taxonomy":"post_tag","embeddable":true,"href":"https:\/\/www.musikzeitung.ch\/en\/wp-json\/wp\/v2\/tags?post=69537"}],"curies":[{"name":"wp","href":"https:\/\/api.w.org\/{rel}","templated":true}]}}