{"id":69783,"date":"2025-12-23T13:08:41","date_gmt":"2025-12-23T12:08:41","guid":{"rendered":"https:\/\/www.musikzeitung.ch\/?p=69783"},"modified":"2026-01-05T09:51:29","modified_gmt":"2026-01-05T08:51:29","slug":"saviet-unterrichtet-in-basel-creative-interpretation-in-new-music","status":"publish","type":"post","link":"https:\/\/www.musikzeitung.ch\/en\/news\/2025\/12\/saviet-unterrichtet-in-basel-creative-interpretation-in-new-music","title":{"rendered":"Saviet teaches Creative Interpretation in New Music in Basel"},"content":{"rendered":"<figure id=\"attachment_69784\" aria-describedby=\"caption-attachment-69784\" style=\"width: 768px\" class=\"wp-caption alignnone\"><img loading=\"lazy\" decoding=\"async\" class=\"size-large wp-image-69784\" src=\"https:\/\/www.musikzeitung.ch\/wp-content\/uploads\/2025\/12\/251223sarah-1024x714.jpg\" alt=\"\" width=\"768\" height=\"536\" srcset=\"https:\/\/www.musikzeitung.ch\/wp-content\/uploads\/2025\/12\/251223sarah-1024x714.jpg 1024w, https:\/\/www.musikzeitung.ch\/wp-content\/uploads\/2025\/12\/251223sarah-300x209.jpg 300w, https:\/\/www.musikzeitung.ch\/wp-content\/uploads\/2025\/12\/251223sarah-768x535.jpg 768w, https:\/\/www.musikzeitung.ch\/wp-content\/uploads\/2025\/12\/251223sarah-18x12.jpg 18w, https:\/\/www.musikzeitung.ch\/wp-content\/uploads\/2025\/12\/251223sarah-251x175.jpg 251w, https:\/\/www.musikzeitung.ch\/wp-content\/uploads\/2025\/12\/251223sarah-502x350.jpg 502w, https:\/\/www.musikzeitung.ch\/wp-content\/uploads\/2025\/12\/251223sarah-920x641.jpg 920w, https:\/\/www.musikzeitung.ch\/wp-content\/uploads\/2025\/12\/251223sarah.jpg 1027w\" sizes=\"auto, (max-width: 768px) 100vw, 768px\" \/><figcaption id=\"caption-attachment-69784\" class=\"wp-caption-text\">Sarah Saviet (Image: FHNW)<\/figcaption><\/figure>\n<p>Sarah Saviet is a violinist who specializes in performing contemporary music, according to the Basel Academy of Music. She performs as a soloist and chamber musician and is a member of the Saviet\/Houston Duo and the Ensemble Mosaik. Her most recent performances include the world premiere of a 90-minute full-length duo by Sarah Hennies at the Donaueschingen Music Days and at hcmf\/\/, as well as concerts at Eclat Stuttgart, Ultraschall Berlin, the Witten Days for New Chamber Music, Eavesdropping, and the Aldeburgh Festival.<\/p>\n<p>Saviet has been a guest artist at the Berlin University of the Arts, the Hanover University of Music, the University of Huddersfield, the University of Chicago, and the University of California, San Diego. In addition to her artistic activities, she teaches violin at the Darmstadt Summer Courses and holds a teaching position at the Lucerne University of Applied Sciences and Arts \u2013 Music in the Institute for New Music, Composition, and Theory. She will begin teaching in Basel in the fall semester of 2026\/27.<\/p>","protected":false},"excerpt":{"rendered":"<p>American violinist Sarah Saviet will become professor of creative interpretation in new music at the Institute of Classical Music at the Basel Academy of Music.<\/p>","protected":false},"author":30,"featured_media":69784,"comment_status":"closed","ping_status":"closed","sticky":false,"template":"","format":"standard","meta":{"_acf_changed":false,"_relevanssi_hide_post":"","_relevanssi_hide_content":"","_relevanssi_pin_for_all":"","_relevanssi_pin_keywords":"","_relevanssi_unpin_keywords":"","_relevanssi_related_keywords":"","_relevanssi_related_include_ids":"","_relevanssi_related_exclude_ids":"","_relevanssi_related_no_append":"","_relevanssi_related_not_related":"","_relevanssi_related_posts":"","_relevanssi_noindex_reason":"","pgc_sgb_lightbox_settings":"","footnotes":""},"categories":[27],"tags":[5124,5468],"class_list":["post-69783","post","type-post","status-publish","format-standard","has-post-thumbnail","hentry","category-news","tag-musikhochschule-basel","tag-sarah-saviet"],"acf":[],"yoast_head":"<!-- This site is optimized with the Yoast SEO plugin v27.4 - https:\/\/yoast.com\/product\/yoast-seo-wordpress\/ -->\n<title>Saviet unterrichtet in Basel Creative Interpretation in New Music - Schweizer Musikzeitung<\/title>\n<meta name=\"description\" content=\"Die amerikanische Geigerin Sarah Saviet wird am Institut Klassik der Hochschule f\u00fcr Musik Basel Professorin f\u00fcr Creative Interpretation in New Music.\" \/>\n<meta name=\"robots\" content=\"index, follow, max-snippet:-1, max-image-preview:large, max-video-preview:-1\" \/>\n<link rel=\"canonical\" href=\"https:\/\/www.musikzeitung.ch\/en\/news\/2025\/12\/saviet-unterrichtet-in-basel-creative-interpretation-in-new-music\/\" \/>\n<meta property=\"og:locale\" content=\"en_US\" \/>\n<meta property=\"og:type\" content=\"article\" \/>\n<meta property=\"og:title\" content=\"Saviet unterrichtet in Basel Creative Interpretation in New Music - Schweizer Musikzeitung\" \/>\n<meta property=\"og:description\" content=\"Die amerikanische Geigerin Sarah Saviet wird am Institut Klassik der Hochschule f\u00fcr Musik Basel Professorin f\u00fcr Creative Interpretation in New Music.\" \/>\n<meta property=\"og:url\" content=\"https:\/\/www.musikzeitung.ch\/en\/news\/2025\/12\/saviet-unterrichtet-in-basel-creative-interpretation-in-new-music\/\" \/>\n<meta property=\"og:site_name\" content=\"Schweizer Musikzeitung\" \/>\n<meta property=\"article:publisher\" content=\"https:\/\/www.facebook.com\/SchweizerMusikzeitung\/\" \/>\n<meta property=\"article:author\" content=\"https:\/\/www.facebook.com\/wolfgang.bohler.75\" \/>\n<meta property=\"article:published_time\" content=\"2025-12-23T12:08:41+00:00\" \/>\n<meta property=\"article:modified_time\" content=\"2026-01-05T08:51:29+00:00\" \/>\n<meta property=\"og:image\" content=\"https:\/\/www.musikzeitung.ch\/wp-content\/uploads\/2025\/12\/251223sarah.jpg\" \/>\n\t<meta property=\"og:image:width\" content=\"1027\" \/>\n\t<meta property=\"og:image:height\" content=\"716\" \/>\n\t<meta property=\"og:image:type\" content=\"image\/jpeg\" \/>\n<meta name=\"author\" content=\"Wolfgang B\u00f6hler\" \/>\n<meta name=\"twitter:card\" content=\"summary_large_image\" \/>\n<meta name=\"twitter:creator\" content=\"@smusikzeitung\" \/>\n<meta name=\"twitter:site\" content=\"@smusikzeitung\" \/>\n<meta name=\"twitter:label1\" content=\"Written by\" \/>\n\t<meta name=\"twitter:data1\" content=\"Wolfgang B\u00f6hler\" \/>\n\t<meta name=\"twitter:label2\" content=\"Est. reading time\" \/>\n\t<meta name=\"twitter:data2\" content=\"2 minutes\" \/>\n<script type=\"application\/ld+json\" class=\"yoast-schema-graph\">{\"@context\":\"https:\\\/\\\/schema.org\",\"@graph\":[{\"@type\":\"Article\",\"@id\":\"https:\\\/\\\/www.musikzeitung.ch\\\/news\\\/2025\\\/12\\\/saviet-unterrichtet-in-basel-creative-interpretation-in-new-music#article\",\"isPartOf\":{\"@id\":\"https:\\\/\\\/www.musikzeitung.ch\\\/news\\\/2025\\\/12\\\/saviet-unterrichtet-in-basel-creative-interpretation-in-new-music\"},\"author\":{\"name\":\"Wolfgang B\u00f6hler\",\"@id\":\"https:\\\/\\\/www.musikzeitung.ch\\\/#\\\/schema\\\/person\\\/0da4fb82d243f1252850a35d0e87cf0c\"},\"headline\":\"Saviet unterrichtet in Basel Creative Interpretation in New Music\",\"datePublished\":\"2025-12-23T12:08:41+00:00\",\"dateModified\":\"2026-01-05T08:51:29+00:00\",\"mainEntityOfPage\":{\"@id\":\"https:\\\/\\\/www.musikzeitung.ch\\\/news\\\/2025\\\/12\\\/saviet-unterrichtet-in-basel-creative-interpretation-in-new-music\"},\"wordCount\":178,\"publisher\":{\"@id\":\"https:\\\/\\\/www.musikzeitung.ch\\\/#organization\"},\"image\":{\"@id\":\"https:\\\/\\\/www.musikzeitung.ch\\\/news\\\/2025\\\/12\\\/saviet-unterrichtet-in-basel-creative-interpretation-in-new-music#primaryimage\"},\"thumbnailUrl\":\"https:\\\/\\\/www.musikzeitung.ch\\\/wp-content\\\/uploads\\\/2025\\\/12\\\/251223sarah.jpg\",\"keywords\":[\"Musikhochschule Basel\",\"Sarah Saviet\"],\"articleSection\":[\"News\"],\"inLanguage\":\"en-US\"},{\"@type\":\"WebPage\",\"@id\":\"https:\\\/\\\/www.musikzeitung.ch\\\/news\\\/2025\\\/12\\\/saviet-unterrichtet-in-basel-creative-interpretation-in-new-music\",\"url\":\"https:\\\/\\\/www.musikzeitung.ch\\\/news\\\/2025\\\/12\\\/saviet-unterrichtet-in-basel-creative-interpretation-in-new-music\",\"name\":\"Saviet unterrichtet in Basel Creative Interpretation in New Music - Schweizer Musikzeitung\",\"isPartOf\":{\"@id\":\"https:\\\/\\\/www.musikzeitung.ch\\\/#website\"},\"primaryImageOfPage\":{\"@id\":\"https:\\\/\\\/www.musikzeitung.ch\\\/news\\\/2025\\\/12\\\/saviet-unterrichtet-in-basel-creative-interpretation-in-new-music#primaryimage\"},\"image\":{\"@id\":\"https:\\\/\\\/www.musikzeitung.ch\\\/news\\\/2025\\\/12\\\/saviet-unterrichtet-in-basel-creative-interpretation-in-new-music#primaryimage\"},\"thumbnailUrl\":\"https:\\\/\\\/www.musikzeitung.ch\\\/wp-content\\\/uploads\\\/2025\\\/12\\\/251223sarah.jpg\",\"datePublished\":\"2025-12-23T12:08:41+00:00\",\"dateModified\":\"2026-01-05T08:51:29+00:00\",\"description\":\"Die amerikanische Geigerin Sarah Saviet wird am Institut Klassik der Hochschule f\u00fcr Musik Basel Professorin f\u00fcr Creative Interpretation in New Music.\",\"breadcrumb\":{\"@id\":\"https:\\\/\\\/www.musikzeitung.ch\\\/news\\\/2025\\\/12\\\/saviet-unterrichtet-in-basel-creative-interpretation-in-new-music#breadcrumb\"},\"inLanguage\":\"en-US\",\"potentialAction\":[{\"@type\":\"ReadAction\",\"target\":[\"https:\\\/\\\/www.musikzeitung.ch\\\/news\\\/2025\\\/12\\\/saviet-unterrichtet-in-basel-creative-interpretation-in-new-music\"]}]},{\"@type\":\"ImageObject\",\"inLanguage\":\"en-US\",\"@id\":\"https:\\\/\\\/www.musikzeitung.ch\\\/news\\\/2025\\\/12\\\/saviet-unterrichtet-in-basel-creative-interpretation-in-new-music#primaryimage\",\"url\":\"https:\\\/\\\/www.musikzeitung.ch\\\/wp-content\\\/uploads\\\/2025\\\/12\\\/251223sarah.jpg\",\"contentUrl\":\"https:\\\/\\\/www.musikzeitung.ch\\\/wp-content\\\/uploads\\\/2025\\\/12\\\/251223sarah.jpg\",\"width\":1027,\"height\":716,\"caption\":\"Sarah Saviet (Bild: FHNW)\"},{\"@type\":\"BreadcrumbList\",\"@id\":\"https:\\\/\\\/www.musikzeitung.ch\\\/news\\\/2025\\\/12\\\/saviet-unterrichtet-in-basel-creative-interpretation-in-new-music#breadcrumb\",\"itemListElement\":[{\"@type\":\"ListItem\",\"position\":1,\"name\":\"Home\",\"item\":\"https:\\\/\\\/www.musikzeitung.ch\\\/\"},{\"@type\":\"ListItem\",\"position\":2,\"name\":\"Saviet unterrichtet in Basel Creative Interpretation in New Music\"}]},{\"@type\":\"WebSite\",\"@id\":\"https:\\\/\\\/www.musikzeitung.ch\\\/#website\",\"url\":\"https:\\\/\\\/www.musikzeitung.ch\\\/\",\"name\":\"Schweizer Musikzeitung\",\"description\":\"Die f\u00fchrende sparten\u00fcbergreifende Monatszeitung in der Schweiz f\u00fcr musikalische Fragen.\",\"publisher\":{\"@id\":\"https:\\\/\\\/www.musikzeitung.ch\\\/#organization\"},\"potentialAction\":[{\"@type\":\"SearchAction\",\"target\":{\"@type\":\"EntryPoint\",\"urlTemplate\":\"https:\\\/\\\/www.musikzeitung.ch\\\/?s={search_term_string}\"},\"query-input\":{\"@type\":\"PropertyValueSpecification\",\"valueRequired\":true,\"valueName\":\"search_term_string\"}}],\"inLanguage\":\"en-US\"},{\"@type\":\"Organization\",\"@id\":\"https:\\\/\\\/www.musikzeitung.ch\\\/#organization\",\"name\":\"Schweizer Musikzeitung\",\"url\":\"https:\\\/\\\/www.musikzeitung.ch\\\/\",\"logo\":{\"@type\":\"ImageObject\",\"inLanguage\":\"en-US\",\"@id\":\"https:\\\/\\\/www.musikzeitung.ch\\\/#\\\/schema\\\/logo\\\/image\\\/\",\"url\":\"https:\\\/\\\/www.musikzeitung.ch\\\/wp-content\\\/uploads\\\/2023\\\/01\\\/SMZ_Schriftzug_Sprache.png\",\"contentUrl\":\"https:\\\/\\\/www.musikzeitung.ch\\\/wp-content\\\/uploads\\\/2023\\\/01\\\/SMZ_Schriftzug_Sprache.png\",\"width\":1400,\"height\":279,\"caption\":\"Schweizer Musikzeitung\"},\"image\":{\"@id\":\"https:\\\/\\\/www.musikzeitung.ch\\\/#\\\/schema\\\/logo\\\/image\\\/\"},\"sameAs\":[\"https:\\\/\\\/www.facebook.com\\\/SchweizerMusikzeitung\\\/\",\"https:\\\/\\\/x.com\\\/smusikzeitung\",\"https:\\\/\\\/www.instagram.com\\\/musikzeitung.ch\\\/\"]},{\"@type\":\"Person\",\"@id\":\"https:\\\/\\\/www.musikzeitung.ch\\\/#\\\/schema\\\/person\\\/0da4fb82d243f1252850a35d0e87cf0c\",\"name\":\"Wolfgang B\u00f6hler\",\"image\":{\"@type\":\"ImageObject\",\"inLanguage\":\"en-US\",\"@id\":\"https:\\\/\\\/www.musikzeitung.ch\\\/wp-content\\\/uploads\\\/2023\\\/01\\\/boehler_portraet_web-e1674139782246-96x96.jpg\",\"url\":\"https:\\\/\\\/www.musikzeitung.ch\\\/wp-content\\\/uploads\\\/2023\\\/01\\\/boehler_portraet_web-e1674139782246-96x96.jpg\",\"contentUrl\":\"https:\\\/\\\/www.musikzeitung.ch\\\/wp-content\\\/uploads\\\/2023\\\/01\\\/boehler_portraet_web-e1674139782246-96x96.jpg\",\"caption\":\"Wolfgang B\u00f6hler\"},\"sameAs\":[\"http:\\\/\\\/www.manacanto.ch\",\"https:\\\/\\\/www.facebook.com\\\/wolfgang.bohler.75\"],\"url\":\"https:\\\/\\\/www.musikzeitung.ch\\\/en\\\/author\\\/wolfgang-boehler\"}]}<\/script>\n<!-- \/ Yoast SEO plugin. -->","yoast_head_json":{"title":"Saviet teaches Creative Interpretation in New Music in Basel - Swiss Music Journal","description":"American violinist Sarah Saviet will become professor of creative interpretation in new music at the Institute of Classical Music at the Basel Academy of Music.","robots":{"index":"index","follow":"follow","max-snippet":"max-snippet:-1","max-image-preview":"max-image-preview:large","max-video-preview":"max-video-preview:-1"},"canonical":"https:\/\/www.musikzeitung.ch\/en\/news\/2025\/12\/saviet-unterrichtet-in-basel-creative-interpretation-in-new-music\/","og_locale":"en_US","og_type":"article","og_title":"Saviet unterrichtet in Basel Creative Interpretation in New Music - Schweizer Musikzeitung","og_description":"Die amerikanische Geigerin Sarah Saviet wird am Institut Klassik der Hochschule f\u00fcr Musik Basel Professorin f\u00fcr Creative Interpretation in New Music.","og_url":"https:\/\/www.musikzeitung.ch\/en\/news\/2025\/12\/saviet-unterrichtet-in-basel-creative-interpretation-in-new-music\/","og_site_name":"Schweizer Musikzeitung","article_publisher":"https:\/\/www.facebook.com\/SchweizerMusikzeitung\/","article_author":"https:\/\/www.facebook.com\/wolfgang.bohler.75","article_published_time":"2025-12-23T12:08:41+00:00","article_modified_time":"2026-01-05T08:51:29+00:00","og_image":[{"width":1027,"height":716,"url":"https:\/\/www.musikzeitung.ch\/wp-content\/uploads\/2025\/12\/251223sarah.jpg","type":"image\/jpeg"}],"author":"Wolfgang B\u00f6hler","twitter_card":"summary_large_image","twitter_creator":"@smusikzeitung","twitter_site":"@smusikzeitung","twitter_misc":{"Written by":"Wolfgang B\u00f6hler","Est. reading time":"2 minutes"},"schema":{"@context":"https:\/\/schema.org","@graph":[{"@type":"Article","@id":"https:\/\/www.musikzeitung.ch\/news\/2025\/12\/saviet-unterrichtet-in-basel-creative-interpretation-in-new-music#article","isPartOf":{"@id":"https:\/\/www.musikzeitung.ch\/news\/2025\/12\/saviet-unterrichtet-in-basel-creative-interpretation-in-new-music"},"author":{"name":"Wolfgang B\u00f6hler","@id":"https:\/\/www.musikzeitung.ch\/#\/schema\/person\/0da4fb82d243f1252850a35d0e87cf0c"},"headline":"Saviet unterrichtet in Basel Creative Interpretation in New Music","datePublished":"2025-12-23T12:08:41+00:00","dateModified":"2026-01-05T08:51:29+00:00","mainEntityOfPage":{"@id":"https:\/\/www.musikzeitung.ch\/news\/2025\/12\/saviet-unterrichtet-in-basel-creative-interpretation-in-new-music"},"wordCount":178,"publisher":{"@id":"https:\/\/www.musikzeitung.ch\/#organization"},"image":{"@id":"https:\/\/www.musikzeitung.ch\/news\/2025\/12\/saviet-unterrichtet-in-basel-creative-interpretation-in-new-music#primaryimage"},"thumbnailUrl":"https:\/\/www.musikzeitung.ch\/wp-content\/uploads\/2025\/12\/251223sarah.jpg","keywords":["Musikhochschule Basel","Sarah Saviet"],"articleSection":["News"],"inLanguage":"en-US"},{"@type":"WebPage","@id":"https:\/\/www.musikzeitung.ch\/news\/2025\/12\/saviet-unterrichtet-in-basel-creative-interpretation-in-new-music","url":"https:\/\/www.musikzeitung.ch\/news\/2025\/12\/saviet-unterrichtet-in-basel-creative-interpretation-in-new-music","name":"Saviet teaches Creative Interpretation in New Music in Basel - Swiss Music Journal","isPartOf":{"@id":"https:\/\/www.musikzeitung.ch\/#website"},"primaryImageOfPage":{"@id":"https:\/\/www.musikzeitung.ch\/news\/2025\/12\/saviet-unterrichtet-in-basel-creative-interpretation-in-new-music#primaryimage"},"image":{"@id":"https:\/\/www.musikzeitung.ch\/news\/2025\/12\/saviet-unterrichtet-in-basel-creative-interpretation-in-new-music#primaryimage"},"thumbnailUrl":"https:\/\/www.musikzeitung.ch\/wp-content\/uploads\/2025\/12\/251223sarah.jpg","datePublished":"2025-12-23T12:08:41+00:00","dateModified":"2026-01-05T08:51:29+00:00","description":"American violinist Sarah Saviet will become professor of creative interpretation in new music at the Institute of Classical Music at the Basel Academy of Music.","breadcrumb":{"@id":"https:\/\/www.musikzeitung.ch\/news\/2025\/12\/saviet-unterrichtet-in-basel-creative-interpretation-in-new-music#breadcrumb"},"inLanguage":"en-US","potentialAction":[{"@type":"ReadAction","target":["https:\/\/www.musikzeitung.ch\/news\/2025\/12\/saviet-unterrichtet-in-basel-creative-interpretation-in-new-music"]}]},{"@type":"ImageObject","inLanguage":"en-US","@id":"https:\/\/www.musikzeitung.ch\/news\/2025\/12\/saviet-unterrichtet-in-basel-creative-interpretation-in-new-music#primaryimage","url":"https:\/\/www.musikzeitung.ch\/wp-content\/uploads\/2025\/12\/251223sarah.jpg","contentUrl":"https:\/\/www.musikzeitung.ch\/wp-content\/uploads\/2025\/12\/251223sarah.jpg","width":1027,"height":716,"caption":"Sarah Saviet (Bild: FHNW)"},{"@type":"BreadcrumbList","@id":"https:\/\/www.musikzeitung.ch\/news\/2025\/12\/saviet-unterrichtet-in-basel-creative-interpretation-in-new-music#breadcrumb","itemListElement":[{"@type":"ListItem","position":1,"name":"Home","item":"https:\/\/www.musikzeitung.ch\/"},{"@type":"ListItem","position":2,"name":"Saviet unterrichtet in Basel Creative Interpretation in New Music"}]},{"@type":"WebSite","@id":"https:\/\/www.musikzeitung.ch\/#website","url":"https:\/\/www.musikzeitung.ch\/","name":"Swiss Music Newspaper","description":"The leading interdisciplinary monthly newspaper in Switzerland for musical issues.","publisher":{"@id":"https:\/\/www.musikzeitung.ch\/#organization"},"potentialAction":[{"@type":"SearchAction","target":{"@type":"EntryPoint","urlTemplate":"https:\/\/www.musikzeitung.ch\/?s={search_term_string}"},"query-input":{"@type":"PropertyValueSpecification","valueRequired":true,"valueName":"search_term_string"}}],"inLanguage":"en-US"},{"@type":"Organization","@id":"https:\/\/www.musikzeitung.ch\/#organization","name":"Swiss Music Newspaper","url":"https:\/\/www.musikzeitung.ch\/","logo":{"@type":"ImageObject","inLanguage":"en-US","@id":"https:\/\/www.musikzeitung.ch\/#\/schema\/logo\/image\/","url":"https:\/\/www.musikzeitung.ch\/wp-content\/uploads\/2023\/01\/SMZ_Schriftzug_Sprache.png","contentUrl":"https:\/\/www.musikzeitung.ch\/wp-content\/uploads\/2023\/01\/SMZ_Schriftzug_Sprache.png","width":1400,"height":279,"caption":"Schweizer Musikzeitung"},"image":{"@id":"https:\/\/www.musikzeitung.ch\/#\/schema\/logo\/image\/"},"sameAs":["https:\/\/www.facebook.com\/SchweizerMusikzeitung\/","https:\/\/x.com\/smusikzeitung","https:\/\/www.instagram.com\/musikzeitung.ch\/"]},{"@type":"Person","@id":"https:\/\/www.musikzeitung.ch\/#\/schema\/person\/0da4fb82d243f1252850a35d0e87cf0c","name":"Wolfgang B\u00f6hler","image":{"@type":"ImageObject","inLanguage":"en-US","@id":"https:\/\/www.musikzeitung.ch\/wp-content\/uploads\/2023\/01\/boehler_portraet_web-e1674139782246-96x96.jpg","url":"https:\/\/www.musikzeitung.ch\/wp-content\/uploads\/2023\/01\/boehler_portraet_web-e1674139782246-96x96.jpg","contentUrl":"https:\/\/www.musikzeitung.ch\/wp-content\/uploads\/2023\/01\/boehler_portraet_web-e1674139782246-96x96.jpg","caption":"Wolfgang B\u00f6hler"},"sameAs":["http:\/\/www.manacanto.ch","https:\/\/www.facebook.com\/wolfgang.bohler.75"],"url":"https:\/\/www.musikzeitung.ch\/en\/author\/wolfgang-boehler"}]}},"publishpress_future_workflow_manual_trigger":{"enabledWorkflows":[]},"_links":{"self":[{"href":"https:\/\/www.musikzeitung.ch\/en\/wp-json\/wp\/v2\/posts\/69783","targetHints":{"allow":["GET"]}}],"collection":[{"href":"https:\/\/www.musikzeitung.ch\/en\/wp-json\/wp\/v2\/posts"}],"about":[{"href":"https:\/\/www.musikzeitung.ch\/en\/wp-json\/wp\/v2\/types\/post"}],"author":[{"embeddable":true,"href":"https:\/\/www.musikzeitung.ch\/en\/wp-json\/wp\/v2\/users\/30"}],"replies":[{"embeddable":true,"href":"https:\/\/www.musikzeitung.ch\/en\/wp-json\/wp\/v2\/comments?post=69783"}],"version-history":[{"count":3,"href":"https:\/\/www.musikzeitung.ch\/en\/wp-json\/wp\/v2\/posts\/69783\/revisions"}],"predecessor-version":[{"id":69883,"href":"https:\/\/www.musikzeitung.ch\/en\/wp-json\/wp\/v2\/posts\/69783\/revisions\/69883"}],"wp:featuredmedia":[{"embeddable":true,"href":"https:\/\/www.musikzeitung.ch\/en\/wp-json\/wp\/v2\/media\/69784"}],"wp:attachment":[{"href":"https:\/\/www.musikzeitung.ch\/en\/wp-json\/wp\/v2\/media?parent=69783"}],"wp:term":[{"taxonomy":"category","embeddable":true,"href":"https:\/\/www.musikzeitung.ch\/en\/wp-json\/wp\/v2\/categories?post=69783"},{"taxonomy":"post_tag","embeddable":true,"href":"https:\/\/www.musikzeitung.ch\/en\/wp-json\/wp\/v2\/tags?post=69783"}],"curies":[{"name":"wp","href":"https:\/\/api.w.org\/{rel}","templated":true}]}}