{"id":69924,"date":"2026-01-07T13:09:18","date_gmt":"2026-01-07T12:09:18","guid":{"rendered":"https:\/\/www.musikzeitung.ch\/?p=69924"},"modified":"2026-01-08T09:49:49","modified_gmt":"2026-01-08T08:49:49","slug":"francisco-coll-kann-opern-urauffuehrung-nicht-selber-leiten","status":"publish","type":"post","link":"https:\/\/www.musikzeitung.ch\/en\/news\/2026\/01\/francisco-coll-kann-opern-urauffuehrung-nicht-selber-leiten","title":{"rendered":"Francisco Coll unable to conduct opera premiere himself"},"content":{"rendered":"<figure id=\"attachment_69927\" aria-describedby=\"caption-attachment-69927\" style=\"width: 768px\" class=\"wp-caption alignnone\"><img loading=\"lazy\" decoding=\"async\" class=\"size-large wp-image-69927\" src=\"https:\/\/www.musikzeitung.ch\/wp-content\/uploads\/2026\/01\/260107coll-1024x683.jpg\" alt=\"\" width=\"768\" height=\"512\" srcset=\"https:\/\/www.musikzeitung.ch\/wp-content\/uploads\/2026\/01\/260107coll-1024x683.jpg 1024w, https:\/\/www.musikzeitung.ch\/wp-content\/uploads\/2026\/01\/260107coll-300x200.jpg 300w, https:\/\/www.musikzeitung.ch\/wp-content\/uploads\/2026\/01\/260107coll-600x400.jpg 600w, https:\/\/www.musikzeitung.ch\/wp-content\/uploads\/2026\/01\/260107coll-768x512.jpg 768w, https:\/\/www.musikzeitung.ch\/wp-content\/uploads\/2026\/01\/260107coll-1536x1024.jpg 1536w, https:\/\/www.musikzeitung.ch\/wp-content\/uploads\/2026\/01\/260107coll-18x12.jpg 18w, https:\/\/www.musikzeitung.ch\/wp-content\/uploads\/2026\/01\/260107coll-263x175.jpg 263w, https:\/\/www.musikzeitung.ch\/wp-content\/uploads\/2026\/01\/260107coll-525x350.jpg 525w, https:\/\/www.musikzeitung.ch\/wp-content\/uploads\/2026\/01\/260107coll-1200x800.jpg 1200w, https:\/\/www.musikzeitung.ch\/wp-content\/uploads\/2026\/01\/260107coll-920x613.jpg 920w, https:\/\/www.musikzeitung.ch\/wp-content\/uploads\/2026\/01\/260107coll.jpg 1400w\" sizes=\"auto, (max-width: 768px) 100vw, 768px\" \/><figcaption id=\"caption-attachment-69927\" class=\"wp-caption-text\">Francisco Coll (Photo: Judith L\u00f6tscher)<\/figcaption><\/figure>\n<p>In a personal message, Coll writes, according to the online magazine Slipped Disc, that he must step down from the management of his opera due to a recent mild transient ischemic attack. <em>Enemy of the people<\/em> at the Teatro Real in Madrid. However, he is recovering well and hopes to return to the podium once he has made a full recovery.<\/p>\n<p>Coll served as composer-in-residence with Camerata Bern in 2018\u201319, a position that culminated in the world premiere of the double concerto <em>Illuminated Pleasures<\/em> with Patricia Kopatchinskaja and Sol Gabetta as soloists and the composer himself as conductor. A violin concerto for Kopatchinskaja, commissioned by the Orchestre Philharmonique du Luxembourg, the London Symphony Orchestra, the Seattle Symphony Orchestra, the NTR Zaterdag Matinee and the Bamberg Symphony Orchestra, was premiered in February 2020. His Cello Concerto was premiered in 2022 with Sol Gabetta at the Philharmonie de Paris conducted by the composer and had its UK premiere at the BBC Proms 2024 with the BBC Symphony Orchestra conducted by Tianyi Lu.<\/p>","protected":false},"excerpt":{"rendered":"<p>Spanish composer Francisco Coll, who served as composer-in-residence at Camerata Bern in 2018 and wrote several works for Sol Gabetta and Patricia Kopatchinskaja, has been the victim of a hit-and-run accident. <\/p>","protected":false},"author":30,"featured_media":69927,"comment_status":"closed","ping_status":"closed","sticky":false,"template":"","format":"standard","meta":{"_acf_changed":false,"_relevanssi_hide_post":"","_relevanssi_hide_content":"","_relevanssi_pin_for_all":"","_relevanssi_pin_keywords":"","_relevanssi_unpin_keywords":"","_relevanssi_related_keywords":"","_relevanssi_related_include_ids":"","_relevanssi_related_exclude_ids":"","_relevanssi_related_no_append":"","_relevanssi_related_not_related":"","_relevanssi_related_posts":"","_relevanssi_noindex_reason":"","pgc_sgb_lightbox_settings":"","footnotes":""},"categories":[27],"tags":[5472],"class_list":["post-69924","post","type-post","status-publish","format-standard","has-post-thumbnail","hentry","category-news","tag-francisco-coll"],"acf":[],"yoast_head":"<!-- This site is optimized with the Yoast SEO plugin v27.5 - https:\/\/yoast.com\/product\/yoast-seo-wordpress\/ -->\n<title>Francisco Coll kann Opern-Urauff\u00fchrung nicht selber leiten - Schweizer Musikzeitung<\/title>\n<meta name=\"description\" content=\"Der spanische Komponist Francisco Coll, der 2018 als Composer-in-Residence der Camerata Bern amtete, ist Opfer einer Streifung.\" \/>\n<meta name=\"robots\" content=\"index, follow, max-snippet:-1, max-image-preview:large, max-video-preview:-1\" \/>\n<link rel=\"canonical\" href=\"https:\/\/www.musikzeitung.ch\/en\/news\/2026\/01\/francisco-coll-kann-opern-urauffuehrung-nicht-selber-leiten\/\" \/>\n<meta property=\"og:locale\" content=\"en_US\" \/>\n<meta property=\"og:type\" content=\"article\" \/>\n<meta property=\"og:title\" content=\"Francisco Coll kann Opern-Urauff\u00fchrung nicht selber leiten - Schweizer Musikzeitung\" \/>\n<meta property=\"og:description\" content=\"Der spanische Komponist Francisco Coll, der 2018 als Composer-in-Residence der Camerata Bern amtete, ist Opfer einer Streifung.\" \/>\n<meta property=\"og:url\" content=\"https:\/\/www.musikzeitung.ch\/en\/news\/2026\/01\/francisco-coll-kann-opern-urauffuehrung-nicht-selber-leiten\/\" \/>\n<meta property=\"og:site_name\" content=\"Schweizer Musikzeitung\" \/>\n<meta property=\"article:publisher\" content=\"https:\/\/www.facebook.com\/SchweizerMusikzeitung\/\" \/>\n<meta property=\"article:author\" content=\"https:\/\/www.facebook.com\/wolfgang.bohler.75\" \/>\n<meta property=\"article:published_time\" content=\"2026-01-07T12:09:18+00:00\" \/>\n<meta property=\"article:modified_time\" content=\"2026-01-08T08:49:49+00:00\" \/>\n<meta property=\"og:image\" content=\"https:\/\/www.musikzeitung.ch\/wp-content\/uploads\/2026\/01\/260107coll.jpg\" \/>\n\t<meta property=\"og:image:width\" content=\"1400\" \/>\n\t<meta property=\"og:image:height\" content=\"933\" \/>\n\t<meta property=\"og:image:type\" content=\"image\/jpeg\" \/>\n<meta name=\"author\" content=\"Wolfgang B\u00f6hler\" \/>\n<meta name=\"twitter:card\" content=\"summary_large_image\" \/>\n<meta name=\"twitter:creator\" content=\"@smusikzeitung\" \/>\n<meta name=\"twitter:site\" content=\"@smusikzeitung\" \/>\n<meta name=\"twitter:label1\" content=\"Written by\" \/>\n\t<meta name=\"twitter:data1\" content=\"Wolfgang B\u00f6hler\" \/>\n\t<meta name=\"twitter:label2\" content=\"Est. reading time\" \/>\n\t<meta name=\"twitter:data2\" content=\"2 minutes\" \/>\n<script type=\"application\/ld+json\" class=\"yoast-schema-graph\">{\"@context\":\"https:\\\/\\\/schema.org\",\"@graph\":[{\"@type\":\"Article\",\"@id\":\"https:\\\/\\\/www.musikzeitung.ch\\\/news\\\/2026\\\/01\\\/francisco-coll-kann-opern-urauffuehrung-nicht-selber-leiten#article\",\"isPartOf\":{\"@id\":\"https:\\\/\\\/www.musikzeitung.ch\\\/news\\\/2026\\\/01\\\/francisco-coll-kann-opern-urauffuehrung-nicht-selber-leiten\"},\"author\":{\"name\":\"Wolfgang B\u00f6hler\",\"@id\":\"https:\\\/\\\/www.musikzeitung.ch\\\/#\\\/schema\\\/person\\\/0da4fb82d243f1252850a35d0e87cf0c\"},\"headline\":\"Francisco Coll kann Opern-Urauff\u00fchrung nicht selber leiten\",\"datePublished\":\"2026-01-07T12:09:18+00:00\",\"dateModified\":\"2026-01-08T08:49:49+00:00\",\"mainEntityOfPage\":{\"@id\":\"https:\\\/\\\/www.musikzeitung.ch\\\/news\\\/2026\\\/01\\\/francisco-coll-kann-opern-urauffuehrung-nicht-selber-leiten\"},\"wordCount\":196,\"publisher\":{\"@id\":\"https:\\\/\\\/www.musikzeitung.ch\\\/#organization\"},\"image\":{\"@id\":\"https:\\\/\\\/www.musikzeitung.ch\\\/news\\\/2026\\\/01\\\/francisco-coll-kann-opern-urauffuehrung-nicht-selber-leiten#primaryimage\"},\"thumbnailUrl\":\"https:\\\/\\\/www.musikzeitung.ch\\\/wp-content\\\/uploads\\\/2026\\\/01\\\/260107coll.jpg\",\"keywords\":[\"Francisco Coll\"],\"articleSection\":[\"News\"],\"inLanguage\":\"en-US\"},{\"@type\":\"WebPage\",\"@id\":\"https:\\\/\\\/www.musikzeitung.ch\\\/news\\\/2026\\\/01\\\/francisco-coll-kann-opern-urauffuehrung-nicht-selber-leiten\",\"url\":\"https:\\\/\\\/www.musikzeitung.ch\\\/news\\\/2026\\\/01\\\/francisco-coll-kann-opern-urauffuehrung-nicht-selber-leiten\",\"name\":\"Francisco Coll kann Opern-Urauff\u00fchrung nicht selber leiten - Schweizer Musikzeitung\",\"isPartOf\":{\"@id\":\"https:\\\/\\\/www.musikzeitung.ch\\\/#website\"},\"primaryImageOfPage\":{\"@id\":\"https:\\\/\\\/www.musikzeitung.ch\\\/news\\\/2026\\\/01\\\/francisco-coll-kann-opern-urauffuehrung-nicht-selber-leiten#primaryimage\"},\"image\":{\"@id\":\"https:\\\/\\\/www.musikzeitung.ch\\\/news\\\/2026\\\/01\\\/francisco-coll-kann-opern-urauffuehrung-nicht-selber-leiten#primaryimage\"},\"thumbnailUrl\":\"https:\\\/\\\/www.musikzeitung.ch\\\/wp-content\\\/uploads\\\/2026\\\/01\\\/260107coll.jpg\",\"datePublished\":\"2026-01-07T12:09:18+00:00\",\"dateModified\":\"2026-01-08T08:49:49+00:00\",\"description\":\"Der spanische Komponist Francisco Coll, der 2018 als Composer-in-Residence der Camerata Bern amtete, ist Opfer einer Streifung.\",\"breadcrumb\":{\"@id\":\"https:\\\/\\\/www.musikzeitung.ch\\\/news\\\/2026\\\/01\\\/francisco-coll-kann-opern-urauffuehrung-nicht-selber-leiten#breadcrumb\"},\"inLanguage\":\"en-US\",\"potentialAction\":[{\"@type\":\"ReadAction\",\"target\":[\"https:\\\/\\\/www.musikzeitung.ch\\\/news\\\/2026\\\/01\\\/francisco-coll-kann-opern-urauffuehrung-nicht-selber-leiten\"]}]},{\"@type\":\"ImageObject\",\"inLanguage\":\"en-US\",\"@id\":\"https:\\\/\\\/www.musikzeitung.ch\\\/news\\\/2026\\\/01\\\/francisco-coll-kann-opern-urauffuehrung-nicht-selber-leiten#primaryimage\",\"url\":\"https:\\\/\\\/www.musikzeitung.ch\\\/wp-content\\\/uploads\\\/2026\\\/01\\\/260107coll.jpg\",\"contentUrl\":\"https:\\\/\\\/www.musikzeitung.ch\\\/wp-content\\\/uploads\\\/2026\\\/01\\\/260107coll.jpg\",\"width\":1400,\"height\":933,\"caption\":\"Francisco Coll (Bild: Judith L\u00f6tscher)\"},{\"@type\":\"BreadcrumbList\",\"@id\":\"https:\\\/\\\/www.musikzeitung.ch\\\/news\\\/2026\\\/01\\\/francisco-coll-kann-opern-urauffuehrung-nicht-selber-leiten#breadcrumb\",\"itemListElement\":[{\"@type\":\"ListItem\",\"position\":1,\"name\":\"Home\",\"item\":\"https:\\\/\\\/www.musikzeitung.ch\\\/\"},{\"@type\":\"ListItem\",\"position\":2,\"name\":\"Francisco Coll kann Opern-Urauff\u00fchrung nicht selber leiten\"}]},{\"@type\":\"WebSite\",\"@id\":\"https:\\\/\\\/www.musikzeitung.ch\\\/#website\",\"url\":\"https:\\\/\\\/www.musikzeitung.ch\\\/\",\"name\":\"Schweizer Musikzeitung\",\"description\":\"Die f\u00fchrende sparten\u00fcbergreifende Monatszeitung in der Schweiz f\u00fcr musikalische Fragen.\",\"publisher\":{\"@id\":\"https:\\\/\\\/www.musikzeitung.ch\\\/#organization\"},\"potentialAction\":[{\"@type\":\"SearchAction\",\"target\":{\"@type\":\"EntryPoint\",\"urlTemplate\":\"https:\\\/\\\/www.musikzeitung.ch\\\/?s={search_term_string}\"},\"query-input\":{\"@type\":\"PropertyValueSpecification\",\"valueRequired\":true,\"valueName\":\"search_term_string\"}}],\"inLanguage\":\"en-US\"},{\"@type\":\"Organization\",\"@id\":\"https:\\\/\\\/www.musikzeitung.ch\\\/#organization\",\"name\":\"Schweizer Musikzeitung\",\"url\":\"https:\\\/\\\/www.musikzeitung.ch\\\/\",\"logo\":{\"@type\":\"ImageObject\",\"inLanguage\":\"en-US\",\"@id\":\"https:\\\/\\\/www.musikzeitung.ch\\\/#\\\/schema\\\/logo\\\/image\\\/\",\"url\":\"https:\\\/\\\/www.musikzeitung.ch\\\/wp-content\\\/uploads\\\/2023\\\/01\\\/SMZ_Schriftzug_Sprache.png\",\"contentUrl\":\"https:\\\/\\\/www.musikzeitung.ch\\\/wp-content\\\/uploads\\\/2023\\\/01\\\/SMZ_Schriftzug_Sprache.png\",\"width\":1400,\"height\":279,\"caption\":\"Schweizer Musikzeitung\"},\"image\":{\"@id\":\"https:\\\/\\\/www.musikzeitung.ch\\\/#\\\/schema\\\/logo\\\/image\\\/\"},\"sameAs\":[\"https:\\\/\\\/www.facebook.com\\\/SchweizerMusikzeitung\\\/\",\"https:\\\/\\\/x.com\\\/smusikzeitung\",\"https:\\\/\\\/www.instagram.com\\\/musikzeitung.ch\\\/\"]},{\"@type\":\"Person\",\"@id\":\"https:\\\/\\\/www.musikzeitung.ch\\\/#\\\/schema\\\/person\\\/0da4fb82d243f1252850a35d0e87cf0c\",\"name\":\"Wolfgang B\u00f6hler\",\"image\":{\"@type\":\"ImageObject\",\"inLanguage\":\"en-US\",\"@id\":\"https:\\\/\\\/www.musikzeitung.ch\\\/wp-content\\\/uploads\\\/2023\\\/01\\\/boehler_portraet_web-e1674139782246-96x96.jpg\",\"url\":\"https:\\\/\\\/www.musikzeitung.ch\\\/wp-content\\\/uploads\\\/2023\\\/01\\\/boehler_portraet_web-e1674139782246-96x96.jpg\",\"contentUrl\":\"https:\\\/\\\/www.musikzeitung.ch\\\/wp-content\\\/uploads\\\/2023\\\/01\\\/boehler_portraet_web-e1674139782246-96x96.jpg\",\"caption\":\"Wolfgang B\u00f6hler\"},\"sameAs\":[\"http:\\\/\\\/www.manacanto.ch\",\"https:\\\/\\\/www.facebook.com\\\/wolfgang.bohler.75\"],\"url\":\"https:\\\/\\\/www.musikzeitung.ch\\\/en\\\/author\\\/wolfgang-boehler\"}]}<\/script>\n<!-- \/ Yoast SEO plugin. -->","yoast_head_json":{"title":"Francisco Coll cannot conduct opera premiere himself - Schweizer Musikzeitung","description":"Spanish composer Francisco Coll, who was Camerata Bern's composer-in-residence in 2018, is the victim of a graze.","robots":{"index":"index","follow":"follow","max-snippet":"max-snippet:-1","max-image-preview":"max-image-preview:large","max-video-preview":"max-video-preview:-1"},"canonical":"https:\/\/www.musikzeitung.ch\/en\/news\/2026\/01\/francisco-coll-kann-opern-urauffuehrung-nicht-selber-leiten\/","og_locale":"en_US","og_type":"article","og_title":"Francisco Coll kann Opern-Urauff\u00fchrung nicht selber leiten - Schweizer Musikzeitung","og_description":"Der spanische Komponist Francisco Coll, der 2018 als Composer-in-Residence der Camerata Bern amtete, ist Opfer einer Streifung.","og_url":"https:\/\/www.musikzeitung.ch\/en\/news\/2026\/01\/francisco-coll-kann-opern-urauffuehrung-nicht-selber-leiten\/","og_site_name":"Schweizer Musikzeitung","article_publisher":"https:\/\/www.facebook.com\/SchweizerMusikzeitung\/","article_author":"https:\/\/www.facebook.com\/wolfgang.bohler.75","article_published_time":"2026-01-07T12:09:18+00:00","article_modified_time":"2026-01-08T08:49:49+00:00","og_image":[{"width":1400,"height":933,"url":"https:\/\/www.musikzeitung.ch\/wp-content\/uploads\/2026\/01\/260107coll.jpg","type":"image\/jpeg"}],"author":"Wolfgang B\u00f6hler","twitter_card":"summary_large_image","twitter_creator":"@smusikzeitung","twitter_site":"@smusikzeitung","twitter_misc":{"Written by":"Wolfgang B\u00f6hler","Est. reading time":"2 minutes"},"schema":{"@context":"https:\/\/schema.org","@graph":[{"@type":"Article","@id":"https:\/\/www.musikzeitung.ch\/news\/2026\/01\/francisco-coll-kann-opern-urauffuehrung-nicht-selber-leiten#article","isPartOf":{"@id":"https:\/\/www.musikzeitung.ch\/news\/2026\/01\/francisco-coll-kann-opern-urauffuehrung-nicht-selber-leiten"},"author":{"name":"Wolfgang B\u00f6hler","@id":"https:\/\/www.musikzeitung.ch\/#\/schema\/person\/0da4fb82d243f1252850a35d0e87cf0c"},"headline":"Francisco Coll kann Opern-Urauff\u00fchrung nicht selber leiten","datePublished":"2026-01-07T12:09:18+00:00","dateModified":"2026-01-08T08:49:49+00:00","mainEntityOfPage":{"@id":"https:\/\/www.musikzeitung.ch\/news\/2026\/01\/francisco-coll-kann-opern-urauffuehrung-nicht-selber-leiten"},"wordCount":196,"publisher":{"@id":"https:\/\/www.musikzeitung.ch\/#organization"},"image":{"@id":"https:\/\/www.musikzeitung.ch\/news\/2026\/01\/francisco-coll-kann-opern-urauffuehrung-nicht-selber-leiten#primaryimage"},"thumbnailUrl":"https:\/\/www.musikzeitung.ch\/wp-content\/uploads\/2026\/01\/260107coll.jpg","keywords":["Francisco Coll"],"articleSection":["News"],"inLanguage":"en-US"},{"@type":"WebPage","@id":"https:\/\/www.musikzeitung.ch\/news\/2026\/01\/francisco-coll-kann-opern-urauffuehrung-nicht-selber-leiten","url":"https:\/\/www.musikzeitung.ch\/news\/2026\/01\/francisco-coll-kann-opern-urauffuehrung-nicht-selber-leiten","name":"Francisco Coll cannot conduct opera premiere himself - Schweizer Musikzeitung","isPartOf":{"@id":"https:\/\/www.musikzeitung.ch\/#website"},"primaryImageOfPage":{"@id":"https:\/\/www.musikzeitung.ch\/news\/2026\/01\/francisco-coll-kann-opern-urauffuehrung-nicht-selber-leiten#primaryimage"},"image":{"@id":"https:\/\/www.musikzeitung.ch\/news\/2026\/01\/francisco-coll-kann-opern-urauffuehrung-nicht-selber-leiten#primaryimage"},"thumbnailUrl":"https:\/\/www.musikzeitung.ch\/wp-content\/uploads\/2026\/01\/260107coll.jpg","datePublished":"2026-01-07T12:09:18+00:00","dateModified":"2026-01-08T08:49:49+00:00","description":"Spanish composer Francisco Coll, who was Camerata Bern's composer-in-residence in 2018, is the victim of a graze.","breadcrumb":{"@id":"https:\/\/www.musikzeitung.ch\/news\/2026\/01\/francisco-coll-kann-opern-urauffuehrung-nicht-selber-leiten#breadcrumb"},"inLanguage":"en-US","potentialAction":[{"@type":"ReadAction","target":["https:\/\/www.musikzeitung.ch\/news\/2026\/01\/francisco-coll-kann-opern-urauffuehrung-nicht-selber-leiten"]}]},{"@type":"ImageObject","inLanguage":"en-US","@id":"https:\/\/www.musikzeitung.ch\/news\/2026\/01\/francisco-coll-kann-opern-urauffuehrung-nicht-selber-leiten#primaryimage","url":"https:\/\/www.musikzeitung.ch\/wp-content\/uploads\/2026\/01\/260107coll.jpg","contentUrl":"https:\/\/www.musikzeitung.ch\/wp-content\/uploads\/2026\/01\/260107coll.jpg","width":1400,"height":933,"caption":"Francisco Coll (Bild: Judith L\u00f6tscher)"},{"@type":"BreadcrumbList","@id":"https:\/\/www.musikzeitung.ch\/news\/2026\/01\/francisco-coll-kann-opern-urauffuehrung-nicht-selber-leiten#breadcrumb","itemListElement":[{"@type":"ListItem","position":1,"name":"Home","item":"https:\/\/www.musikzeitung.ch\/"},{"@type":"ListItem","position":2,"name":"Francisco Coll kann Opern-Urauff\u00fchrung nicht selber leiten"}]},{"@type":"WebSite","@id":"https:\/\/www.musikzeitung.ch\/#website","url":"https:\/\/www.musikzeitung.ch\/","name":"Swiss Music Newspaper","description":"The leading interdisciplinary monthly newspaper in Switzerland for musical issues.","publisher":{"@id":"https:\/\/www.musikzeitung.ch\/#organization"},"potentialAction":[{"@type":"SearchAction","target":{"@type":"EntryPoint","urlTemplate":"https:\/\/www.musikzeitung.ch\/?s={search_term_string}"},"query-input":{"@type":"PropertyValueSpecification","valueRequired":true,"valueName":"search_term_string"}}],"inLanguage":"en-US"},{"@type":"Organization","@id":"https:\/\/www.musikzeitung.ch\/#organization","name":"Swiss Music Newspaper","url":"https:\/\/www.musikzeitung.ch\/","logo":{"@type":"ImageObject","inLanguage":"en-US","@id":"https:\/\/www.musikzeitung.ch\/#\/schema\/logo\/image\/","url":"https:\/\/www.musikzeitung.ch\/wp-content\/uploads\/2023\/01\/SMZ_Schriftzug_Sprache.png","contentUrl":"https:\/\/www.musikzeitung.ch\/wp-content\/uploads\/2023\/01\/SMZ_Schriftzug_Sprache.png","width":1400,"height":279,"caption":"Schweizer Musikzeitung"},"image":{"@id":"https:\/\/www.musikzeitung.ch\/#\/schema\/logo\/image\/"},"sameAs":["https:\/\/www.facebook.com\/SchweizerMusikzeitung\/","https:\/\/x.com\/smusikzeitung","https:\/\/www.instagram.com\/musikzeitung.ch\/"]},{"@type":"Person","@id":"https:\/\/www.musikzeitung.ch\/#\/schema\/person\/0da4fb82d243f1252850a35d0e87cf0c","name":"Wolfgang B\u00f6hler","image":{"@type":"ImageObject","inLanguage":"en-US","@id":"https:\/\/www.musikzeitung.ch\/wp-content\/uploads\/2023\/01\/boehler_portraet_web-e1674139782246-96x96.jpg","url":"https:\/\/www.musikzeitung.ch\/wp-content\/uploads\/2023\/01\/boehler_portraet_web-e1674139782246-96x96.jpg","contentUrl":"https:\/\/www.musikzeitung.ch\/wp-content\/uploads\/2023\/01\/boehler_portraet_web-e1674139782246-96x96.jpg","caption":"Wolfgang B\u00f6hler"},"sameAs":["http:\/\/www.manacanto.ch","https:\/\/www.facebook.com\/wolfgang.bohler.75"],"url":"https:\/\/www.musikzeitung.ch\/en\/author\/wolfgang-boehler"}]}},"publishpress_future_workflow_manual_trigger":{"enabledWorkflows":[]},"_links":{"self":[{"href":"https:\/\/www.musikzeitung.ch\/en\/wp-json\/wp\/v2\/posts\/69924","targetHints":{"allow":["GET"]}}],"collection":[{"href":"https:\/\/www.musikzeitung.ch\/en\/wp-json\/wp\/v2\/posts"}],"about":[{"href":"https:\/\/www.musikzeitung.ch\/en\/wp-json\/wp\/v2\/types\/post"}],"author":[{"embeddable":true,"href":"https:\/\/www.musikzeitung.ch\/en\/wp-json\/wp\/v2\/users\/30"}],"replies":[{"embeddable":true,"href":"https:\/\/www.musikzeitung.ch\/en\/wp-json\/wp\/v2\/comments?post=69924"}],"version-history":[{"count":7,"href":"https:\/\/www.musikzeitung.ch\/en\/wp-json\/wp\/v2\/posts\/69924\/revisions"}],"predecessor-version":[{"id":69944,"href":"https:\/\/www.musikzeitung.ch\/en\/wp-json\/wp\/v2\/posts\/69924\/revisions\/69944"}],"wp:featuredmedia":[{"embeddable":true,"href":"https:\/\/www.musikzeitung.ch\/en\/wp-json\/wp\/v2\/media\/69927"}],"wp:attachment":[{"href":"https:\/\/www.musikzeitung.ch\/en\/wp-json\/wp\/v2\/media?parent=69924"}],"wp:term":[{"taxonomy":"category","embeddable":true,"href":"https:\/\/www.musikzeitung.ch\/en\/wp-json\/wp\/v2\/categories?post=69924"},{"taxonomy":"post_tag","embeddable":true,"href":"https:\/\/www.musikzeitung.ch\/en\/wp-json\/wp\/v2\/tags?post=69924"}],"curies":[{"name":"wp","href":"https:\/\/api.w.org\/{rel}","templated":true}]}}