{"id":69959,"date":"2026-01-09T13:05:08","date_gmt":"2026-01-09T12:05:08","guid":{"rendered":"https:\/\/www.musikzeitung.ch\/?p=69959"},"modified":"2026-01-09T15:39:55","modified_gmt":"2026-01-09T14:39:55","slug":"jordan-mit-oesterreichischem-ehrenkreuz-geehrt","status":"publish","type":"post","link":"https:\/\/www.musikzeitung.ch\/en\/news\/2026\/01\/jordan-mit-oesterreichischem-ehrenkreuz-geehrt","title":{"rendered":"Jordan honored with the Austrian Cross of Honor"},"content":{"rendered":"<figure id=\"attachment_60645\" aria-describedby=\"caption-attachment-60645\" style=\"width: 768px\" class=\"wp-caption alignnone\"><img loading=\"lazy\" decoding=\"async\" class=\"size-large wp-image-60645\" src=\"https:\/\/www.musikzeitung.ch\/wp-content\/uploads\/2024\/11\/Philippe-Jordan-c-Radio-France-Christophe-Abramowitz-1024x702.jpg\" alt=\"\" width=\"768\" height=\"527\" srcset=\"https:\/\/www.musikzeitung.ch\/wp-content\/uploads\/2024\/11\/Philippe-Jordan-c-Radio-France-Christophe-Abramowitz-1024x702.jpg 1024w, https:\/\/www.musikzeitung.ch\/wp-content\/uploads\/2024\/11\/Philippe-Jordan-c-Radio-France-Christophe-Abramowitz-300x206.jpg 300w, https:\/\/www.musikzeitung.ch\/wp-content\/uploads\/2024\/11\/Philippe-Jordan-c-Radio-France-Christophe-Abramowitz-768x526.jpg 768w, https:\/\/www.musikzeitung.ch\/wp-content\/uploads\/2024\/11\/Philippe-Jordan-c-Radio-France-Christophe-Abramowitz-1536x1052.jpg 1536w, https:\/\/www.musikzeitung.ch\/wp-content\/uploads\/2024\/11\/Philippe-Jordan-c-Radio-France-Christophe-Abramowitz-18x12.jpg 18w, https:\/\/www.musikzeitung.ch\/wp-content\/uploads\/2024\/11\/Philippe-Jordan-c-Radio-France-Christophe-Abramowitz-255x175.jpg 255w, https:\/\/www.musikzeitung.ch\/wp-content\/uploads\/2024\/11\/Philippe-Jordan-c-Radio-France-Christophe-Abramowitz-511x350.jpg 511w, https:\/\/www.musikzeitung.ch\/wp-content\/uploads\/2024\/11\/Philippe-Jordan-c-Radio-France-Christophe-Abramowitz-1168x800.jpg 1168w, https:\/\/www.musikzeitung.ch\/wp-content\/uploads\/2024\/11\/Philippe-Jordan-c-Radio-France-Christophe-Abramowitz-920x630.jpg 920w, https:\/\/www.musikzeitung.ch\/wp-content\/uploads\/2024\/11\/Philippe-Jordan-c-Radio-France-Christophe-Abramowitz.jpg 1400w\" sizes=\"auto, (max-width: 768px) 100vw, 768px\" \/><figcaption id=\"caption-attachment-60645\" class=\"wp-caption-text\">Philippe Jordan. Photo (detail): Radio France\/Christophe Abramowitz<\/figcaption><\/figure>\n<p>With this award, the Republic is honoring a conductor whose artistic integrity, intellectual depth and human greatness have shaped musical life far beyond Austria and will continue to do so, according to the laudation. <a href=\"https:\/\/philippejordan.net\/\" target=\"_blank\" rel=\"noopener\">Jordan<\/a> combines precision with deep musical feeling, human greatness with artistic passion in his work. In his work at the Vienna State Opera, at the Paris Opera and on the world's great stages, he embodies a rare balance of analytical clarity and deeply felt, organic music-making.<\/p>\n<p>Jordan was chief conductor of the Graz Opera House from 2001 to 2004 and of the Vienna Symphony Orchestra from 2014 to 2020. From 2020 to June 2025, Philippe Jordan was Music Director of the Vienna State Opera. At the beginning of the 2027\/28 season, he will take over the position of Music Director at the Orchestre National de France.<\/p>","protected":false},"excerpt":{"rendered":"<p>The Swiss conductor Philippe Jordan has been awarded the Austrian Cross of Honor for Science and Art, First Class, in Vienna. <\/p>","protected":false},"author":30,"featured_media":60645,"comment_status":"closed","ping_status":"closed","sticky":false,"template":"","format":"standard","meta":{"_acf_changed":false,"_relevanssi_hide_post":"","_relevanssi_hide_content":"","_relevanssi_pin_for_all":"","_relevanssi_pin_keywords":"","_relevanssi_unpin_keywords":"","_relevanssi_related_keywords":"","_relevanssi_related_include_ids":"","_relevanssi_related_exclude_ids":"","_relevanssi_related_no_append":"","_relevanssi_related_not_related":"","_relevanssi_related_posts":"","_relevanssi_noindex_reason":"","pgc_sgb_lightbox_settings":"","footnotes":""},"categories":[27],"tags":[4578],"class_list":["post-69959","post","type-post","status-publish","format-standard","has-post-thumbnail","hentry","category-news","tag-philippe-jordan"],"acf":[],"yoast_head":"<!-- This site is optimized with the Yoast SEO plugin v27.4 - https:\/\/yoast.com\/product\/yoast-seo-wordpress\/ -->\n<title>Jordan mit \u00d6sterreichischem Ehrenkreuz geehrt - Schweizer Musikzeitung<\/title>\n<meta name=\"description\" content=\"Der Schweizer Dirigent Philippe Jordan ist in Wien mit dem \u00d6sterreichischen Ehrenkreuz f\u00fcr Wissenschaft und Kunst der I. Klasse ausgezeichnet worden.\" \/>\n<meta name=\"robots\" content=\"index, follow, max-snippet:-1, max-image-preview:large, max-video-preview:-1\" \/>\n<link rel=\"canonical\" href=\"https:\/\/www.musikzeitung.ch\/en\/news\/2026\/01\/jordan-mit-oesterreichischem-ehrenkreuz-geehrt\/\" \/>\n<meta property=\"og:locale\" content=\"en_US\" \/>\n<meta property=\"og:type\" content=\"article\" \/>\n<meta property=\"og:title\" content=\"Jordan mit \u00d6sterreichischem Ehrenkreuz geehrt - Schweizer Musikzeitung\" \/>\n<meta property=\"og:description\" content=\"Der Schweizer Dirigent Philippe Jordan ist in Wien mit dem \u00d6sterreichischen Ehrenkreuz f\u00fcr Wissenschaft und Kunst der I. Klasse ausgezeichnet worden.\" \/>\n<meta property=\"og:url\" content=\"https:\/\/www.musikzeitung.ch\/en\/news\/2026\/01\/jordan-mit-oesterreichischem-ehrenkreuz-geehrt\/\" \/>\n<meta property=\"og:site_name\" content=\"Schweizer Musikzeitung\" \/>\n<meta property=\"article:publisher\" content=\"https:\/\/www.facebook.com\/SchweizerMusikzeitung\/\" \/>\n<meta property=\"article:author\" content=\"https:\/\/www.facebook.com\/wolfgang.bohler.75\" \/>\n<meta property=\"article:published_time\" content=\"2026-01-09T12:05:08+00:00\" \/>\n<meta property=\"article:modified_time\" content=\"2026-01-09T14:39:55+00:00\" \/>\n<meta property=\"og:image\" content=\"https:\/\/www.musikzeitung.ch\/wp-content\/uploads\/2024\/11\/Philippe-Jordan-c-Radio-France-Christophe-Abramowitz.jpg\" \/>\n\t<meta property=\"og:image:width\" content=\"1400\" \/>\n\t<meta property=\"og:image:height\" content=\"959\" \/>\n\t<meta property=\"og:image:type\" content=\"image\/jpeg\" \/>\n<meta name=\"author\" content=\"Wolfgang B\u00f6hler\" \/>\n<meta name=\"twitter:card\" content=\"summary_large_image\" \/>\n<meta name=\"twitter:creator\" content=\"@smusikzeitung\" \/>\n<meta name=\"twitter:site\" content=\"@smusikzeitung\" \/>\n<meta name=\"twitter:label1\" content=\"Written by\" \/>\n\t<meta name=\"twitter:data1\" content=\"Wolfgang B\u00f6hler\" \/>\n\t<meta name=\"twitter:label2\" content=\"Est. reading time\" \/>\n\t<meta name=\"twitter:data2\" content=\"2 minutes\" \/>\n<script type=\"application\/ld+json\" class=\"yoast-schema-graph\">{\"@context\":\"https:\\\/\\\/schema.org\",\"@graph\":[{\"@type\":\"Article\",\"@id\":\"https:\\\/\\\/www.musikzeitung.ch\\\/news\\\/2026\\\/01\\\/jordan-mit-oesterreichischem-ehrenkreuz-geehrt#article\",\"isPartOf\":{\"@id\":\"https:\\\/\\\/www.musikzeitung.ch\\\/news\\\/2026\\\/01\\\/jordan-mit-oesterreichischem-ehrenkreuz-geehrt\"},\"author\":{\"name\":\"Wolfgang B\u00f6hler\",\"@id\":\"https:\\\/\\\/www.musikzeitung.ch\\\/#\\\/schema\\\/person\\\/0da4fb82d243f1252850a35d0e87cf0c\"},\"headline\":\"Jordan mit \u00d6sterreichischem Ehrenkreuz geehrt\",\"datePublished\":\"2026-01-09T12:05:08+00:00\",\"dateModified\":\"2026-01-09T14:39:55+00:00\",\"mainEntityOfPage\":{\"@id\":\"https:\\\/\\\/www.musikzeitung.ch\\\/news\\\/2026\\\/01\\\/jordan-mit-oesterreichischem-ehrenkreuz-geehrt\"},\"wordCount\":149,\"publisher\":{\"@id\":\"https:\\\/\\\/www.musikzeitung.ch\\\/#organization\"},\"image\":{\"@id\":\"https:\\\/\\\/www.musikzeitung.ch\\\/news\\\/2026\\\/01\\\/jordan-mit-oesterreichischem-ehrenkreuz-geehrt#primaryimage\"},\"thumbnailUrl\":\"https:\\\/\\\/www.musikzeitung.ch\\\/wp-content\\\/uploads\\\/2024\\\/11\\\/Philippe-Jordan-c-Radio-France-Christophe-Abramowitz.jpg\",\"keywords\":[\"Philippe Jordan\"],\"articleSection\":[\"News\"],\"inLanguage\":\"en-US\"},{\"@type\":\"WebPage\",\"@id\":\"https:\\\/\\\/www.musikzeitung.ch\\\/news\\\/2026\\\/01\\\/jordan-mit-oesterreichischem-ehrenkreuz-geehrt\",\"url\":\"https:\\\/\\\/www.musikzeitung.ch\\\/news\\\/2026\\\/01\\\/jordan-mit-oesterreichischem-ehrenkreuz-geehrt\",\"name\":\"Jordan mit \u00d6sterreichischem Ehrenkreuz geehrt - Schweizer Musikzeitung\",\"isPartOf\":{\"@id\":\"https:\\\/\\\/www.musikzeitung.ch\\\/#website\"},\"primaryImageOfPage\":{\"@id\":\"https:\\\/\\\/www.musikzeitung.ch\\\/news\\\/2026\\\/01\\\/jordan-mit-oesterreichischem-ehrenkreuz-geehrt#primaryimage\"},\"image\":{\"@id\":\"https:\\\/\\\/www.musikzeitung.ch\\\/news\\\/2026\\\/01\\\/jordan-mit-oesterreichischem-ehrenkreuz-geehrt#primaryimage\"},\"thumbnailUrl\":\"https:\\\/\\\/www.musikzeitung.ch\\\/wp-content\\\/uploads\\\/2024\\\/11\\\/Philippe-Jordan-c-Radio-France-Christophe-Abramowitz.jpg\",\"datePublished\":\"2026-01-09T12:05:08+00:00\",\"dateModified\":\"2026-01-09T14:39:55+00:00\",\"description\":\"Der Schweizer Dirigent Philippe Jordan ist in Wien mit dem \u00d6sterreichischen Ehrenkreuz f\u00fcr Wissenschaft und Kunst der I. Klasse ausgezeichnet worden.\",\"breadcrumb\":{\"@id\":\"https:\\\/\\\/www.musikzeitung.ch\\\/news\\\/2026\\\/01\\\/jordan-mit-oesterreichischem-ehrenkreuz-geehrt#breadcrumb\"},\"inLanguage\":\"en-US\",\"potentialAction\":[{\"@type\":\"ReadAction\",\"target\":[\"https:\\\/\\\/www.musikzeitung.ch\\\/news\\\/2026\\\/01\\\/jordan-mit-oesterreichischem-ehrenkreuz-geehrt\"]}]},{\"@type\":\"ImageObject\",\"inLanguage\":\"en-US\",\"@id\":\"https:\\\/\\\/www.musikzeitung.ch\\\/news\\\/2026\\\/01\\\/jordan-mit-oesterreichischem-ehrenkreuz-geehrt#primaryimage\",\"url\":\"https:\\\/\\\/www.musikzeitung.ch\\\/wp-content\\\/uploads\\\/2024\\\/11\\\/Philippe-Jordan-c-Radio-France-Christophe-Abramowitz.jpg\",\"contentUrl\":\"https:\\\/\\\/www.musikzeitung.ch\\\/wp-content\\\/uploads\\\/2024\\\/11\\\/Philippe-Jordan-c-Radio-France-Christophe-Abramowitz.jpg\",\"width\":1400,\"height\":959,\"caption\":\"Philippe Jordan. Foto (Auschnitt): Radio France\\\/Christophe Abramowitz\"},{\"@type\":\"BreadcrumbList\",\"@id\":\"https:\\\/\\\/www.musikzeitung.ch\\\/news\\\/2026\\\/01\\\/jordan-mit-oesterreichischem-ehrenkreuz-geehrt#breadcrumb\",\"itemListElement\":[{\"@type\":\"ListItem\",\"position\":1,\"name\":\"Home\",\"item\":\"https:\\\/\\\/www.musikzeitung.ch\\\/\"},{\"@type\":\"ListItem\",\"position\":2,\"name\":\"Jordan mit \u00d6sterreichischem Ehrenkreuz geehrt\"}]},{\"@type\":\"WebSite\",\"@id\":\"https:\\\/\\\/www.musikzeitung.ch\\\/#website\",\"url\":\"https:\\\/\\\/www.musikzeitung.ch\\\/\",\"name\":\"Schweizer Musikzeitung\",\"description\":\"Die f\u00fchrende sparten\u00fcbergreifende Monatszeitung in der Schweiz f\u00fcr musikalische Fragen.\",\"publisher\":{\"@id\":\"https:\\\/\\\/www.musikzeitung.ch\\\/#organization\"},\"potentialAction\":[{\"@type\":\"SearchAction\",\"target\":{\"@type\":\"EntryPoint\",\"urlTemplate\":\"https:\\\/\\\/www.musikzeitung.ch\\\/?s={search_term_string}\"},\"query-input\":{\"@type\":\"PropertyValueSpecification\",\"valueRequired\":true,\"valueName\":\"search_term_string\"}}],\"inLanguage\":\"en-US\"},{\"@type\":\"Organization\",\"@id\":\"https:\\\/\\\/www.musikzeitung.ch\\\/#organization\",\"name\":\"Schweizer Musikzeitung\",\"url\":\"https:\\\/\\\/www.musikzeitung.ch\\\/\",\"logo\":{\"@type\":\"ImageObject\",\"inLanguage\":\"en-US\",\"@id\":\"https:\\\/\\\/www.musikzeitung.ch\\\/#\\\/schema\\\/logo\\\/image\\\/\",\"url\":\"https:\\\/\\\/www.musikzeitung.ch\\\/wp-content\\\/uploads\\\/2023\\\/01\\\/SMZ_Schriftzug_Sprache.png\",\"contentUrl\":\"https:\\\/\\\/www.musikzeitung.ch\\\/wp-content\\\/uploads\\\/2023\\\/01\\\/SMZ_Schriftzug_Sprache.png\",\"width\":1400,\"height\":279,\"caption\":\"Schweizer Musikzeitung\"},\"image\":{\"@id\":\"https:\\\/\\\/www.musikzeitung.ch\\\/#\\\/schema\\\/logo\\\/image\\\/\"},\"sameAs\":[\"https:\\\/\\\/www.facebook.com\\\/SchweizerMusikzeitung\\\/\",\"https:\\\/\\\/x.com\\\/smusikzeitung\",\"https:\\\/\\\/www.instagram.com\\\/musikzeitung.ch\\\/\"]},{\"@type\":\"Person\",\"@id\":\"https:\\\/\\\/www.musikzeitung.ch\\\/#\\\/schema\\\/person\\\/0da4fb82d243f1252850a35d0e87cf0c\",\"name\":\"Wolfgang B\u00f6hler\",\"image\":{\"@type\":\"ImageObject\",\"inLanguage\":\"en-US\",\"@id\":\"https:\\\/\\\/www.musikzeitung.ch\\\/wp-content\\\/uploads\\\/2023\\\/01\\\/boehler_portraet_web-e1674139782246-96x96.jpg\",\"url\":\"https:\\\/\\\/www.musikzeitung.ch\\\/wp-content\\\/uploads\\\/2023\\\/01\\\/boehler_portraet_web-e1674139782246-96x96.jpg\",\"contentUrl\":\"https:\\\/\\\/www.musikzeitung.ch\\\/wp-content\\\/uploads\\\/2023\\\/01\\\/boehler_portraet_web-e1674139782246-96x96.jpg\",\"caption\":\"Wolfgang B\u00f6hler\"},\"sameAs\":[\"http:\\\/\\\/www.manacanto.ch\",\"https:\\\/\\\/www.facebook.com\\\/wolfgang.bohler.75\"],\"url\":\"https:\\\/\\\/www.musikzeitung.ch\\\/en\\\/author\\\/wolfgang-boehler\"}]}<\/script>\n<!-- \/ Yoast SEO plugin. -->","yoast_head_json":{"title":"Jordan honored with Austrian Cross of Honor - Schweizer Musikzeitung","description":"The Swiss conductor Philippe Jordan has been awarded the Austrian Cross of Honor for Science and Art, First Class, in Vienna.","robots":{"index":"index","follow":"follow","max-snippet":"max-snippet:-1","max-image-preview":"max-image-preview:large","max-video-preview":"max-video-preview:-1"},"canonical":"https:\/\/www.musikzeitung.ch\/en\/news\/2026\/01\/jordan-mit-oesterreichischem-ehrenkreuz-geehrt\/","og_locale":"en_US","og_type":"article","og_title":"Jordan mit \u00d6sterreichischem Ehrenkreuz geehrt - Schweizer Musikzeitung","og_description":"Der Schweizer Dirigent Philippe Jordan ist in Wien mit dem \u00d6sterreichischen Ehrenkreuz f\u00fcr Wissenschaft und Kunst der I. Klasse ausgezeichnet worden.","og_url":"https:\/\/www.musikzeitung.ch\/en\/news\/2026\/01\/jordan-mit-oesterreichischem-ehrenkreuz-geehrt\/","og_site_name":"Schweizer Musikzeitung","article_publisher":"https:\/\/www.facebook.com\/SchweizerMusikzeitung\/","article_author":"https:\/\/www.facebook.com\/wolfgang.bohler.75","article_published_time":"2026-01-09T12:05:08+00:00","article_modified_time":"2026-01-09T14:39:55+00:00","og_image":[{"width":1400,"height":959,"url":"https:\/\/www.musikzeitung.ch\/wp-content\/uploads\/2024\/11\/Philippe-Jordan-c-Radio-France-Christophe-Abramowitz.jpg","type":"image\/jpeg"}],"author":"Wolfgang B\u00f6hler","twitter_card":"summary_large_image","twitter_creator":"@smusikzeitung","twitter_site":"@smusikzeitung","twitter_misc":{"Written by":"Wolfgang B\u00f6hler","Est. reading time":"2 minutes"},"schema":{"@context":"https:\/\/schema.org","@graph":[{"@type":"Article","@id":"https:\/\/www.musikzeitung.ch\/news\/2026\/01\/jordan-mit-oesterreichischem-ehrenkreuz-geehrt#article","isPartOf":{"@id":"https:\/\/www.musikzeitung.ch\/news\/2026\/01\/jordan-mit-oesterreichischem-ehrenkreuz-geehrt"},"author":{"name":"Wolfgang B\u00f6hler","@id":"https:\/\/www.musikzeitung.ch\/#\/schema\/person\/0da4fb82d243f1252850a35d0e87cf0c"},"headline":"Jordan mit \u00d6sterreichischem Ehrenkreuz geehrt","datePublished":"2026-01-09T12:05:08+00:00","dateModified":"2026-01-09T14:39:55+00:00","mainEntityOfPage":{"@id":"https:\/\/www.musikzeitung.ch\/news\/2026\/01\/jordan-mit-oesterreichischem-ehrenkreuz-geehrt"},"wordCount":149,"publisher":{"@id":"https:\/\/www.musikzeitung.ch\/#organization"},"image":{"@id":"https:\/\/www.musikzeitung.ch\/news\/2026\/01\/jordan-mit-oesterreichischem-ehrenkreuz-geehrt#primaryimage"},"thumbnailUrl":"https:\/\/www.musikzeitung.ch\/wp-content\/uploads\/2024\/11\/Philippe-Jordan-c-Radio-France-Christophe-Abramowitz.jpg","keywords":["Philippe Jordan"],"articleSection":["News"],"inLanguage":"en-US"},{"@type":"WebPage","@id":"https:\/\/www.musikzeitung.ch\/news\/2026\/01\/jordan-mit-oesterreichischem-ehrenkreuz-geehrt","url":"https:\/\/www.musikzeitung.ch\/news\/2026\/01\/jordan-mit-oesterreichischem-ehrenkreuz-geehrt","name":"Jordan honored with Austrian Cross of Honor - Schweizer Musikzeitung","isPartOf":{"@id":"https:\/\/www.musikzeitung.ch\/#website"},"primaryImageOfPage":{"@id":"https:\/\/www.musikzeitung.ch\/news\/2026\/01\/jordan-mit-oesterreichischem-ehrenkreuz-geehrt#primaryimage"},"image":{"@id":"https:\/\/www.musikzeitung.ch\/news\/2026\/01\/jordan-mit-oesterreichischem-ehrenkreuz-geehrt#primaryimage"},"thumbnailUrl":"https:\/\/www.musikzeitung.ch\/wp-content\/uploads\/2024\/11\/Philippe-Jordan-c-Radio-France-Christophe-Abramowitz.jpg","datePublished":"2026-01-09T12:05:08+00:00","dateModified":"2026-01-09T14:39:55+00:00","description":"The Swiss conductor Philippe Jordan has been awarded the Austrian Cross of Honor for Science and Art, First Class, in Vienna.","breadcrumb":{"@id":"https:\/\/www.musikzeitung.ch\/news\/2026\/01\/jordan-mit-oesterreichischem-ehrenkreuz-geehrt#breadcrumb"},"inLanguage":"en-US","potentialAction":[{"@type":"ReadAction","target":["https:\/\/www.musikzeitung.ch\/news\/2026\/01\/jordan-mit-oesterreichischem-ehrenkreuz-geehrt"]}]},{"@type":"ImageObject","inLanguage":"en-US","@id":"https:\/\/www.musikzeitung.ch\/news\/2026\/01\/jordan-mit-oesterreichischem-ehrenkreuz-geehrt#primaryimage","url":"https:\/\/www.musikzeitung.ch\/wp-content\/uploads\/2024\/11\/Philippe-Jordan-c-Radio-France-Christophe-Abramowitz.jpg","contentUrl":"https:\/\/www.musikzeitung.ch\/wp-content\/uploads\/2024\/11\/Philippe-Jordan-c-Radio-France-Christophe-Abramowitz.jpg","width":1400,"height":959,"caption":"Philippe Jordan. Foto (Auschnitt): Radio France\/Christophe Abramowitz"},{"@type":"BreadcrumbList","@id":"https:\/\/www.musikzeitung.ch\/news\/2026\/01\/jordan-mit-oesterreichischem-ehrenkreuz-geehrt#breadcrumb","itemListElement":[{"@type":"ListItem","position":1,"name":"Home","item":"https:\/\/www.musikzeitung.ch\/"},{"@type":"ListItem","position":2,"name":"Jordan mit \u00d6sterreichischem Ehrenkreuz geehrt"}]},{"@type":"WebSite","@id":"https:\/\/www.musikzeitung.ch\/#website","url":"https:\/\/www.musikzeitung.ch\/","name":"Swiss Music Newspaper","description":"The leading interdisciplinary monthly newspaper in Switzerland for musical issues.","publisher":{"@id":"https:\/\/www.musikzeitung.ch\/#organization"},"potentialAction":[{"@type":"SearchAction","target":{"@type":"EntryPoint","urlTemplate":"https:\/\/www.musikzeitung.ch\/?s={search_term_string}"},"query-input":{"@type":"PropertyValueSpecification","valueRequired":true,"valueName":"search_term_string"}}],"inLanguage":"en-US"},{"@type":"Organization","@id":"https:\/\/www.musikzeitung.ch\/#organization","name":"Swiss Music Newspaper","url":"https:\/\/www.musikzeitung.ch\/","logo":{"@type":"ImageObject","inLanguage":"en-US","@id":"https:\/\/www.musikzeitung.ch\/#\/schema\/logo\/image\/","url":"https:\/\/www.musikzeitung.ch\/wp-content\/uploads\/2023\/01\/SMZ_Schriftzug_Sprache.png","contentUrl":"https:\/\/www.musikzeitung.ch\/wp-content\/uploads\/2023\/01\/SMZ_Schriftzug_Sprache.png","width":1400,"height":279,"caption":"Schweizer Musikzeitung"},"image":{"@id":"https:\/\/www.musikzeitung.ch\/#\/schema\/logo\/image\/"},"sameAs":["https:\/\/www.facebook.com\/SchweizerMusikzeitung\/","https:\/\/x.com\/smusikzeitung","https:\/\/www.instagram.com\/musikzeitung.ch\/"]},{"@type":"Person","@id":"https:\/\/www.musikzeitung.ch\/#\/schema\/person\/0da4fb82d243f1252850a35d0e87cf0c","name":"Wolfgang B\u00f6hler","image":{"@type":"ImageObject","inLanguage":"en-US","@id":"https:\/\/www.musikzeitung.ch\/wp-content\/uploads\/2023\/01\/boehler_portraet_web-e1674139782246-96x96.jpg","url":"https:\/\/www.musikzeitung.ch\/wp-content\/uploads\/2023\/01\/boehler_portraet_web-e1674139782246-96x96.jpg","contentUrl":"https:\/\/www.musikzeitung.ch\/wp-content\/uploads\/2023\/01\/boehler_portraet_web-e1674139782246-96x96.jpg","caption":"Wolfgang B\u00f6hler"},"sameAs":["http:\/\/www.manacanto.ch","https:\/\/www.facebook.com\/wolfgang.bohler.75"],"url":"https:\/\/www.musikzeitung.ch\/en\/author\/wolfgang-boehler"}]}},"publishpress_future_workflow_manual_trigger":{"enabledWorkflows":[]},"_links":{"self":[{"href":"https:\/\/www.musikzeitung.ch\/en\/wp-json\/wp\/v2\/posts\/69959","targetHints":{"allow":["GET"]}}],"collection":[{"href":"https:\/\/www.musikzeitung.ch\/en\/wp-json\/wp\/v2\/posts"}],"about":[{"href":"https:\/\/www.musikzeitung.ch\/en\/wp-json\/wp\/v2\/types\/post"}],"author":[{"embeddable":true,"href":"https:\/\/www.musikzeitung.ch\/en\/wp-json\/wp\/v2\/users\/30"}],"replies":[{"embeddable":true,"href":"https:\/\/www.musikzeitung.ch\/en\/wp-json\/wp\/v2\/comments?post=69959"}],"version-history":[{"count":4,"href":"https:\/\/www.musikzeitung.ch\/en\/wp-json\/wp\/v2\/posts\/69959\/revisions"}],"predecessor-version":[{"id":69963,"href":"https:\/\/www.musikzeitung.ch\/en\/wp-json\/wp\/v2\/posts\/69959\/revisions\/69963"}],"wp:featuredmedia":[{"embeddable":true,"href":"https:\/\/www.musikzeitung.ch\/en\/wp-json\/wp\/v2\/media\/60645"}],"wp:attachment":[{"href":"https:\/\/www.musikzeitung.ch\/en\/wp-json\/wp\/v2\/media?parent=69959"}],"wp:term":[{"taxonomy":"category","embeddable":true,"href":"https:\/\/www.musikzeitung.ch\/en\/wp-json\/wp\/v2\/categories?post=69959"},{"taxonomy":"post_tag","embeddable":true,"href":"https:\/\/www.musikzeitung.ch\/en\/wp-json\/wp\/v2\/tags?post=69959"}],"curies":[{"name":"wp","href":"https:\/\/api.w.org\/{rel}","templated":true}]}}