{"id":70505,"date":"2026-02-01T16:33:22","date_gmt":"2026-02-01T15:33:22","guid":{"rendered":"https:\/\/www.musikzeitung.ch\/?p=70505"},"modified":"2026-02-03T17:53:37","modified_gmt":"2026-02-03T16:53:37","slug":"raritaeten-fuer-clara","status":"publish","type":"post","link":"https:\/\/www.musikzeitung.ch\/en\/rezensionen\/tontraeger-rezensionen\/2026\/02\/raritaeten-fuer-clara","title":{"rendered":"Rarities for Clara"},"content":{"rendered":"<figure id=\"attachment_70506\" aria-describedby=\"caption-attachment-70506\" style=\"width: 1197px\" class=\"wp-caption alignnone\"><img loading=\"lazy\" decoding=\"async\" class=\"wp-image-70506 size-full\" src=\"https:\/\/www.musikzeitung.ch\/wp-content\/uploads\/2026\/01\/Kathrin-Schmidlin.jpg\" alt=\"\" width=\"1197\" height=\"798\" srcset=\"https:\/\/www.musikzeitung.ch\/wp-content\/uploads\/2026\/01\/Kathrin-Schmidlin.jpg 1197w, https:\/\/www.musikzeitung.ch\/wp-content\/uploads\/2026\/01\/Kathrin-Schmidlin-300x200.jpg 300w, https:\/\/www.musikzeitung.ch\/wp-content\/uploads\/2026\/01\/Kathrin-Schmidlin-1024x683.jpg 1024w, https:\/\/www.musikzeitung.ch\/wp-content\/uploads\/2026\/01\/Kathrin-Schmidlin-600x400.jpg 600w, https:\/\/www.musikzeitung.ch\/wp-content\/uploads\/2026\/01\/Kathrin-Schmidlin-768x512.jpg 768w, https:\/\/www.musikzeitung.ch\/wp-content\/uploads\/2026\/01\/Kathrin-Schmidlin-18x12.jpg 18w, https:\/\/www.musikzeitung.ch\/wp-content\/uploads\/2026\/01\/Kathrin-Schmidlin-263x175.jpg 263w, https:\/\/www.musikzeitung.ch\/wp-content\/uploads\/2026\/01\/Kathrin-Schmidlin-525x350.jpg 525w, https:\/\/www.musikzeitung.ch\/wp-content\/uploads\/2026\/01\/Kathrin-Schmidlin-920x613.jpg 920w\" sizes=\"auto, (max-width: 1197px) 100vw, 1197px\" \/><figcaption id=\"caption-attachment-70506\" class=\"wp-caption-text\">Kathrin Schmidlin. Photo: Daniele Caminiti<\/figcaption><\/figure>\n<p>Clara Schumann rightly enjoys the reputation of an outstanding musician of the 19th century. Her fame outshone even that of her husband Robert. As a virtuoso, composer and teacher, she shaped an entire era. Her not overly large compositional oeuvre has been increasingly performed in recent years. Zurich Opera House is currently staging an entire ballet evening based on the life of this exceptional artist. Around thirty composers dedicated piano works to her, although she only included very few of them in her repertoire.<\/p>\n<p>The Swiss pianist Kathrin Schmidlin continues with her double CD released by Claves <em>Dedicated to Clara Schumann<\/em> for works by ten composers and one female composer, most of whom have never been heard in the concert hall. She was advised in her choice of works by Walter Labhart. Schmidlin studied in Zurich, Nuremberg and Basel with Karl-Andreas Kolly, Wolfgang Manz and Tobias Schabenberger. Her previous CDs have been dedicated to works by female composers and have received very positive reviews.<\/p>\n<h3>From Bargiel to Smetana<\/h3>\n<p>This recording offers an extraordinarily interesting cross-section of piano music from the Romantic era. Among the composers are Alexander Dreyschock and Stephen Heller, famous piano virtuosos, Felix Mendelssohn Bartholdy and Vinzenz Lachner, respected conductors, Woldemar Bargiel, Clara Schumann's stepbrother, and Johann Peter Emilius Hartmann, important university teachers, and Eduard Bernsdorf, one of the most important music writers.<\/p>\n<p>A great familiarity with the piano can be heard in all her works. Of course, the same applies to Johannes Brahms, who wrote a work that has also been arranged for various instrumentations by numerous other composers. <em>Gavotte <\/em>by Christoph Willibald Gluck, and for Robert Schumann, whose so-called <em>Ghost variations<\/em>, written shortly before his death, are a very peculiar piece that does not necessarily reveal itself on first hearing. Elisabeth von Herzogenberg's <em>Allegro appassionato<\/em> was dedicated to Clara Schumann by her husband after her death. Bed\u0159ich Smetana's <em>4 sketches <\/em>prove that his piano music has been unjustly forgotten. In addition, the pieces by Bargiel and Bernsdorf, the latter as a premiere recording, are particularly worth listening to.<\/p>\n<p>Kathrin Schmidlin plays with passion and great technical skill. The virtuoso pieces are particularly inspiring. Unfortunately, the piano sound is very direct, as if recorded from too close, even pedal noises can be heard. In addition to its artistic quality, this committed recording can also be recommended for its repertoire value.<\/p>\n<p><img loading=\"lazy\" decoding=\"async\" class=\"aligncenter wp-image-70508 size-medium\" src=\"https:\/\/www.musikzeitung.ch\/wp-content\/uploads\/2026\/02\/01_crit_cd_Lienhard-298x300.jpg\" alt=\"\" width=\"298\" height=\"300\" srcset=\"https:\/\/www.musikzeitung.ch\/wp-content\/uploads\/2026\/02\/01_crit_cd_Lienhard-298x300.jpg 298w, https:\/\/www.musikzeitung.ch\/wp-content\/uploads\/2026\/02\/01_crit_cd_Lienhard-1017x1024.jpg 1017w, https:\/\/www.musikzeitung.ch\/wp-content\/uploads\/2026\/02\/01_crit_cd_Lienhard-768x773.jpg 768w, https:\/\/www.musikzeitung.ch\/wp-content\/uploads\/2026\/02\/01_crit_cd_Lienhard-12x12.jpg 12w, https:\/\/www.musikzeitung.ch\/wp-content\/uploads\/2026\/02\/01_crit_cd_Lienhard-174x175.jpg 174w, https:\/\/www.musikzeitung.ch\/wp-content\/uploads\/2026\/02\/01_crit_cd_Lienhard-348x350.jpg 348w, https:\/\/www.musikzeitung.ch\/wp-content\/uploads\/2026\/02\/01_crit_cd_Lienhard-794x800.jpg 794w, https:\/\/www.musikzeitung.ch\/wp-content\/uploads\/2026\/02\/01_crit_cd_Lienhard-920x926.jpg 920w, https:\/\/www.musikzeitung.ch\/wp-content\/uploads\/2026\/02\/01_crit_cd_Lienhard-1400x1410.jpg 1400w, https:\/\/www.musikzeitung.ch\/wp-content\/uploads\/2026\/02\/01_crit_cd_Lienhard-150x150.jpg 150w, https:\/\/www.musikzeitung.ch\/wp-content\/uploads\/2026\/02\/01_crit_cd_Lienhard-300x302.jpg 300w, https:\/\/www.musikzeitung.ch\/wp-content\/uploads\/2026\/02\/01_crit_cd_Lienhard-100x100.jpg 100w, https:\/\/www.musikzeitung.ch\/wp-content\/uploads\/2026\/02\/01_crit_cd_Lienhard-24x24.jpg 24w, https:\/\/www.musikzeitung.ch\/wp-content\/uploads\/2026\/02\/01_crit_cd_Lienhard-48x48.jpg 48w, https:\/\/www.musikzeitung.ch\/wp-content\/uploads\/2026\/02\/01_crit_cd_Lienhard-96x96.jpg 96w, https:\/\/www.musikzeitung.ch\/wp-content\/uploads\/2026\/02\/01_crit_cd_Lienhard.jpg 993w\" sizes=\"auto, (max-width: 298px) 100vw, 298px\" \/><\/p>\n<p><em>Dedicated to Clara Schumann. Works by Bargiel, Lachner, Dreyschock, Heller, R. Schumann, E. von Herzogenberg, Brahms, Hartmann, Mendelssohn, Bernsdorf, Smetana. Kathrin Schmidlin, piano. Claves Records 3122\/23<\/em><\/p>","protected":false},"excerpt":{"rendered":"<p>The pianist Kathrin Schmidlin has collected pieces that were dedicated to Clara Schumann. This brings to light composers who are hardly known anymore. <\/p>","protected":false},"author":29,"featured_media":70506,"comment_status":"closed","ping_status":"closed","sticky":false,"template":"","format":"standard","meta":{"_acf_changed":false,"_relevanssi_hide_post":"","_relevanssi_hide_content":"","_relevanssi_pin_for_all":"","_relevanssi_pin_keywords":"","_relevanssi_unpin_keywords":"","_relevanssi_related_keywords":"","_relevanssi_related_include_ids":"","_relevanssi_related_exclude_ids":"","_relevanssi_related_no_append":"","_relevanssi_related_not_related":"","_relevanssi_related_posts":"","_relevanssi_noindex_reason":"","pgc_sgb_lightbox_settings":"","footnotes":""},"categories":[29,1420],"tags":[1749,5504],"class_list":["post-70505","post","type-post","status-publish","format-standard","has-post-thumbnail","hentry","category-rezensionen","category-tontraeger-rezensionen","tag-clara-schumann","tag-kathrin-schmidlin"],"acf":[],"yoast_head":"<!-- This site is optimized with the Yoast SEO plugin v27.4 - https:\/\/yoast.com\/product\/yoast-seo-wordpress\/ -->\n<title>Rarit\u00e4ten f\u00fcr Clara - Schweizer Musikzeitung<\/title>\n<meta name=\"description\" content=\"Kathrin Schmidlin hat pianistische Rarit\u00e4ten zusammengetragen, die Clara Schumann gewidmet wurden.\" \/>\n<meta name=\"robots\" content=\"index, follow, max-snippet:-1, max-image-preview:large, max-video-preview:-1\" \/>\n<link rel=\"canonical\" href=\"https:\/\/www.musikzeitung.ch\/en\/rezensionen\/tontraeger-rezensionen\/2026\/02\/raritaeten-fuer-clara\/\" \/>\n<meta property=\"og:locale\" content=\"en_US\" \/>\n<meta property=\"og:type\" content=\"article\" \/>\n<meta property=\"og:title\" content=\"Rarit\u00e4ten f\u00fcr Clara - Schweizer Musikzeitung\" \/>\n<meta property=\"og:description\" content=\"Kathrin Schmidlin hat pianistische Rarit\u00e4ten zusammengetragen, die Clara Schumann gewidmet wurden.\" \/>\n<meta property=\"og:url\" content=\"https:\/\/www.musikzeitung.ch\/en\/rezensionen\/tontraeger-rezensionen\/2026\/02\/raritaeten-fuer-clara\/\" \/>\n<meta property=\"og:site_name\" content=\"Schweizer Musikzeitung\" \/>\n<meta property=\"article:publisher\" content=\"https:\/\/www.facebook.com\/SchweizerMusikzeitung\/\" \/>\n<meta property=\"article:published_time\" content=\"2026-02-01T15:33:22+00:00\" \/>\n<meta property=\"article:modified_time\" content=\"2026-02-03T16:53:37+00:00\" \/>\n<meta property=\"og:image\" content=\"https:\/\/www.musikzeitung.ch\/wp-content\/uploads\/2026\/01\/Kathrin-Schmidlin.jpg\" \/>\n\t<meta property=\"og:image:width\" content=\"1197\" \/>\n\t<meta property=\"og:image:height\" content=\"798\" \/>\n\t<meta property=\"og:image:type\" content=\"image\/jpeg\" \/>\n<meta name=\"author\" content=\"pia.schwab\" \/>\n<meta name=\"twitter:card\" content=\"summary_large_image\" \/>\n<meta name=\"twitter:creator\" content=\"@smusikzeitung\" \/>\n<meta name=\"twitter:site\" content=\"@smusikzeitung\" \/>\n<meta name=\"twitter:label1\" content=\"Written by\" \/>\n\t<meta name=\"twitter:data1\" content=\"pia.schwab\" \/>\n\t<meta name=\"twitter:label2\" content=\"Est. reading time\" \/>\n\t<meta name=\"twitter:data2\" content=\"3 minutes\" \/>\n<script type=\"application\/ld+json\" class=\"yoast-schema-graph\">{\"@context\":\"https:\\\/\\\/schema.org\",\"@graph\":[{\"@type\":\"Article\",\"@id\":\"https:\\\/\\\/www.musikzeitung.ch\\\/rezensionen\\\/tontraeger-rezensionen\\\/2026\\\/02\\\/raritaeten-fuer-clara#article\",\"isPartOf\":{\"@id\":\"https:\\\/\\\/www.musikzeitung.ch\\\/rezensionen\\\/tontraeger-rezensionen\\\/2026\\\/02\\\/raritaeten-fuer-clara\"},\"author\":{\"name\":\"pia.schwab\",\"@id\":\"https:\\\/\\\/www.musikzeitung.ch\\\/#\\\/schema\\\/person\\\/ea3d7b86bd7157c78c7ddd37f2f82b5b\"},\"headline\":\"Rarit\u00e4ten f\u00fcr Clara\",\"datePublished\":\"2026-02-01T15:33:22+00:00\",\"dateModified\":\"2026-02-03T16:53:37+00:00\",\"mainEntityOfPage\":{\"@id\":\"https:\\\/\\\/www.musikzeitung.ch\\\/rezensionen\\\/tontraeger-rezensionen\\\/2026\\\/02\\\/raritaeten-fuer-clara\"},\"wordCount\":427,\"publisher\":{\"@id\":\"https:\\\/\\\/www.musikzeitung.ch\\\/#organization\"},\"image\":{\"@id\":\"https:\\\/\\\/www.musikzeitung.ch\\\/rezensionen\\\/tontraeger-rezensionen\\\/2026\\\/02\\\/raritaeten-fuer-clara#primaryimage\"},\"thumbnailUrl\":\"https:\\\/\\\/www.musikzeitung.ch\\\/wp-content\\\/uploads\\\/2026\\\/01\\\/Kathrin-Schmidlin.jpg\",\"keywords\":[\"Clara Schumann\",\"Kathrin Schmidlin\"],\"articleSection\":[\"Rezensionen\",\"Tontr\u00e4ger\"],\"inLanguage\":\"en-US\"},{\"@type\":\"WebPage\",\"@id\":\"https:\\\/\\\/www.musikzeitung.ch\\\/rezensionen\\\/tontraeger-rezensionen\\\/2026\\\/02\\\/raritaeten-fuer-clara\",\"url\":\"https:\\\/\\\/www.musikzeitung.ch\\\/rezensionen\\\/tontraeger-rezensionen\\\/2026\\\/02\\\/raritaeten-fuer-clara\",\"name\":\"Rarit\u00e4ten f\u00fcr Clara - Schweizer Musikzeitung\",\"isPartOf\":{\"@id\":\"https:\\\/\\\/www.musikzeitung.ch\\\/#website\"},\"primaryImageOfPage\":{\"@id\":\"https:\\\/\\\/www.musikzeitung.ch\\\/rezensionen\\\/tontraeger-rezensionen\\\/2026\\\/02\\\/raritaeten-fuer-clara#primaryimage\"},\"image\":{\"@id\":\"https:\\\/\\\/www.musikzeitung.ch\\\/rezensionen\\\/tontraeger-rezensionen\\\/2026\\\/02\\\/raritaeten-fuer-clara#primaryimage\"},\"thumbnailUrl\":\"https:\\\/\\\/www.musikzeitung.ch\\\/wp-content\\\/uploads\\\/2026\\\/01\\\/Kathrin-Schmidlin.jpg\",\"datePublished\":\"2026-02-01T15:33:22+00:00\",\"dateModified\":\"2026-02-03T16:53:37+00:00\",\"description\":\"Kathrin Schmidlin hat pianistische Rarit\u00e4ten zusammengetragen, die Clara Schumann gewidmet wurden.\",\"breadcrumb\":{\"@id\":\"https:\\\/\\\/www.musikzeitung.ch\\\/rezensionen\\\/tontraeger-rezensionen\\\/2026\\\/02\\\/raritaeten-fuer-clara#breadcrumb\"},\"inLanguage\":\"en-US\",\"potentialAction\":[{\"@type\":\"ReadAction\",\"target\":[\"https:\\\/\\\/www.musikzeitung.ch\\\/rezensionen\\\/tontraeger-rezensionen\\\/2026\\\/02\\\/raritaeten-fuer-clara\"]}]},{\"@type\":\"ImageObject\",\"inLanguage\":\"en-US\",\"@id\":\"https:\\\/\\\/www.musikzeitung.ch\\\/rezensionen\\\/tontraeger-rezensionen\\\/2026\\\/02\\\/raritaeten-fuer-clara#primaryimage\",\"url\":\"https:\\\/\\\/www.musikzeitung.ch\\\/wp-content\\\/uploads\\\/2026\\\/01\\\/Kathrin-Schmidlin.jpg\",\"contentUrl\":\"https:\\\/\\\/www.musikzeitung.ch\\\/wp-content\\\/uploads\\\/2026\\\/01\\\/Kathrin-Schmidlin.jpg\",\"width\":1197,\"height\":798},{\"@type\":\"BreadcrumbList\",\"@id\":\"https:\\\/\\\/www.musikzeitung.ch\\\/rezensionen\\\/tontraeger-rezensionen\\\/2026\\\/02\\\/raritaeten-fuer-clara#breadcrumb\",\"itemListElement\":[{\"@type\":\"ListItem\",\"position\":1,\"name\":\"Home\",\"item\":\"https:\\\/\\\/www.musikzeitung.ch\\\/\"},{\"@type\":\"ListItem\",\"position\":2,\"name\":\"Rarit\u00e4ten f\u00fcr Clara\"}]},{\"@type\":\"WebSite\",\"@id\":\"https:\\\/\\\/www.musikzeitung.ch\\\/#website\",\"url\":\"https:\\\/\\\/www.musikzeitung.ch\\\/\",\"name\":\"Schweizer Musikzeitung\",\"description\":\"Die f\u00fchrende sparten\u00fcbergreifende Monatszeitung in der Schweiz f\u00fcr musikalische Fragen.\",\"publisher\":{\"@id\":\"https:\\\/\\\/www.musikzeitung.ch\\\/#organization\"},\"potentialAction\":[{\"@type\":\"SearchAction\",\"target\":{\"@type\":\"EntryPoint\",\"urlTemplate\":\"https:\\\/\\\/www.musikzeitung.ch\\\/?s={search_term_string}\"},\"query-input\":{\"@type\":\"PropertyValueSpecification\",\"valueRequired\":true,\"valueName\":\"search_term_string\"}}],\"inLanguage\":\"en-US\"},{\"@type\":\"Organization\",\"@id\":\"https:\\\/\\\/www.musikzeitung.ch\\\/#organization\",\"name\":\"Schweizer Musikzeitung\",\"url\":\"https:\\\/\\\/www.musikzeitung.ch\\\/\",\"logo\":{\"@type\":\"ImageObject\",\"inLanguage\":\"en-US\",\"@id\":\"https:\\\/\\\/www.musikzeitung.ch\\\/#\\\/schema\\\/logo\\\/image\\\/\",\"url\":\"https:\\\/\\\/www.musikzeitung.ch\\\/wp-content\\\/uploads\\\/2023\\\/01\\\/SMZ_Schriftzug_Sprache.png\",\"contentUrl\":\"https:\\\/\\\/www.musikzeitung.ch\\\/wp-content\\\/uploads\\\/2023\\\/01\\\/SMZ_Schriftzug_Sprache.png\",\"width\":1400,\"height\":279,\"caption\":\"Schweizer Musikzeitung\"},\"image\":{\"@id\":\"https:\\\/\\\/www.musikzeitung.ch\\\/#\\\/schema\\\/logo\\\/image\\\/\"},\"sameAs\":[\"https:\\\/\\\/www.facebook.com\\\/SchweizerMusikzeitung\\\/\",\"https:\\\/\\\/x.com\\\/smusikzeitung\",\"https:\\\/\\\/www.instagram.com\\\/musikzeitung.ch\\\/\"]},{\"@type\":\"Person\",\"@id\":\"https:\\\/\\\/www.musikzeitung.ch\\\/#\\\/schema\\\/person\\\/ea3d7b86bd7157c78c7ddd37f2f82b5b\",\"name\":\"pia.schwab\",\"image\":{\"@type\":\"ImageObject\",\"inLanguage\":\"en-US\",\"@id\":\"https:\\\/\\\/secure.gravatar.com\\\/avatar\\\/d39d170de4c2d07e897fbc26cf9d890fc046285c742207b86d8ebabe5fcde2c4?s=96&d=mm&r=g\",\"url\":\"https:\\\/\\\/secure.gravatar.com\\\/avatar\\\/d39d170de4c2d07e897fbc26cf9d890fc046285c742207b86d8ebabe5fcde2c4?s=96&d=mm&r=g\",\"contentUrl\":\"https:\\\/\\\/secure.gravatar.com\\\/avatar\\\/d39d170de4c2d07e897fbc26cf9d890fc046285c742207b86d8ebabe5fcde2c4?s=96&d=mm&r=g\",\"caption\":\"pia.schwab\"},\"url\":\"https:\\\/\\\/www.musikzeitung.ch\\\/en\\\/author\\\/pia-schwab\"}]}<\/script>\n<!-- \/ Yoast SEO plugin. -->","yoast_head_json":{"title":"Rarities for Clara - Schweizer Musikzeitung","description":"Kathrin Schmidlin has collected pianistic rarities dedicated to Clara Schumann.","robots":{"index":"index","follow":"follow","max-snippet":"max-snippet:-1","max-image-preview":"max-image-preview:large","max-video-preview":"max-video-preview:-1"},"canonical":"https:\/\/www.musikzeitung.ch\/en\/rezensionen\/tontraeger-rezensionen\/2026\/02\/raritaeten-fuer-clara\/","og_locale":"en_US","og_type":"article","og_title":"Rarit\u00e4ten f\u00fcr Clara - Schweizer Musikzeitung","og_description":"Kathrin Schmidlin hat pianistische Rarit\u00e4ten zusammengetragen, die Clara Schumann gewidmet wurden.","og_url":"https:\/\/www.musikzeitung.ch\/en\/rezensionen\/tontraeger-rezensionen\/2026\/02\/raritaeten-fuer-clara\/","og_site_name":"Schweizer Musikzeitung","article_publisher":"https:\/\/www.facebook.com\/SchweizerMusikzeitung\/","article_published_time":"2026-02-01T15:33:22+00:00","article_modified_time":"2026-02-03T16:53:37+00:00","og_image":[{"width":1197,"height":798,"url":"https:\/\/www.musikzeitung.ch\/wp-content\/uploads\/2026\/01\/Kathrin-Schmidlin.jpg","type":"image\/jpeg"}],"author":"pia.schwab","twitter_card":"summary_large_image","twitter_creator":"@smusikzeitung","twitter_site":"@smusikzeitung","twitter_misc":{"Written by":"pia.schwab","Est. reading time":"3 minutes"},"schema":{"@context":"https:\/\/schema.org","@graph":[{"@type":"Article","@id":"https:\/\/www.musikzeitung.ch\/rezensionen\/tontraeger-rezensionen\/2026\/02\/raritaeten-fuer-clara#article","isPartOf":{"@id":"https:\/\/www.musikzeitung.ch\/rezensionen\/tontraeger-rezensionen\/2026\/02\/raritaeten-fuer-clara"},"author":{"name":"pia.schwab","@id":"https:\/\/www.musikzeitung.ch\/#\/schema\/person\/ea3d7b86bd7157c78c7ddd37f2f82b5b"},"headline":"Rarit\u00e4ten f\u00fcr Clara","datePublished":"2026-02-01T15:33:22+00:00","dateModified":"2026-02-03T16:53:37+00:00","mainEntityOfPage":{"@id":"https:\/\/www.musikzeitung.ch\/rezensionen\/tontraeger-rezensionen\/2026\/02\/raritaeten-fuer-clara"},"wordCount":427,"publisher":{"@id":"https:\/\/www.musikzeitung.ch\/#organization"},"image":{"@id":"https:\/\/www.musikzeitung.ch\/rezensionen\/tontraeger-rezensionen\/2026\/02\/raritaeten-fuer-clara#primaryimage"},"thumbnailUrl":"https:\/\/www.musikzeitung.ch\/wp-content\/uploads\/2026\/01\/Kathrin-Schmidlin.jpg","keywords":["Clara Schumann","Kathrin Schmidlin"],"articleSection":["Rezensionen","Tontr\u00e4ger"],"inLanguage":"en-US"},{"@type":"WebPage","@id":"https:\/\/www.musikzeitung.ch\/rezensionen\/tontraeger-rezensionen\/2026\/02\/raritaeten-fuer-clara","url":"https:\/\/www.musikzeitung.ch\/rezensionen\/tontraeger-rezensionen\/2026\/02\/raritaeten-fuer-clara","name":"Rarities for Clara - Schweizer Musikzeitung","isPartOf":{"@id":"https:\/\/www.musikzeitung.ch\/#website"},"primaryImageOfPage":{"@id":"https:\/\/www.musikzeitung.ch\/rezensionen\/tontraeger-rezensionen\/2026\/02\/raritaeten-fuer-clara#primaryimage"},"image":{"@id":"https:\/\/www.musikzeitung.ch\/rezensionen\/tontraeger-rezensionen\/2026\/02\/raritaeten-fuer-clara#primaryimage"},"thumbnailUrl":"https:\/\/www.musikzeitung.ch\/wp-content\/uploads\/2026\/01\/Kathrin-Schmidlin.jpg","datePublished":"2026-02-01T15:33:22+00:00","dateModified":"2026-02-03T16:53:37+00:00","description":"Kathrin Schmidlin has collected pianistic rarities dedicated to Clara Schumann.","breadcrumb":{"@id":"https:\/\/www.musikzeitung.ch\/rezensionen\/tontraeger-rezensionen\/2026\/02\/raritaeten-fuer-clara#breadcrumb"},"inLanguage":"en-US","potentialAction":[{"@type":"ReadAction","target":["https:\/\/www.musikzeitung.ch\/rezensionen\/tontraeger-rezensionen\/2026\/02\/raritaeten-fuer-clara"]}]},{"@type":"ImageObject","inLanguage":"en-US","@id":"https:\/\/www.musikzeitung.ch\/rezensionen\/tontraeger-rezensionen\/2026\/02\/raritaeten-fuer-clara#primaryimage","url":"https:\/\/www.musikzeitung.ch\/wp-content\/uploads\/2026\/01\/Kathrin-Schmidlin.jpg","contentUrl":"https:\/\/www.musikzeitung.ch\/wp-content\/uploads\/2026\/01\/Kathrin-Schmidlin.jpg","width":1197,"height":798},{"@type":"BreadcrumbList","@id":"https:\/\/www.musikzeitung.ch\/rezensionen\/tontraeger-rezensionen\/2026\/02\/raritaeten-fuer-clara#breadcrumb","itemListElement":[{"@type":"ListItem","position":1,"name":"Home","item":"https:\/\/www.musikzeitung.ch\/"},{"@type":"ListItem","position":2,"name":"Rarit\u00e4ten f\u00fcr Clara"}]},{"@type":"WebSite","@id":"https:\/\/www.musikzeitung.ch\/#website","url":"https:\/\/www.musikzeitung.ch\/","name":"Swiss Music Newspaper","description":"The leading interdisciplinary monthly newspaper in Switzerland for musical issues.","publisher":{"@id":"https:\/\/www.musikzeitung.ch\/#organization"},"potentialAction":[{"@type":"SearchAction","target":{"@type":"EntryPoint","urlTemplate":"https:\/\/www.musikzeitung.ch\/?s={search_term_string}"},"query-input":{"@type":"PropertyValueSpecification","valueRequired":true,"valueName":"search_term_string"}}],"inLanguage":"en-US"},{"@type":"Organization","@id":"https:\/\/www.musikzeitung.ch\/#organization","name":"Swiss Music Newspaper","url":"https:\/\/www.musikzeitung.ch\/","logo":{"@type":"ImageObject","inLanguage":"en-US","@id":"https:\/\/www.musikzeitung.ch\/#\/schema\/logo\/image\/","url":"https:\/\/www.musikzeitung.ch\/wp-content\/uploads\/2023\/01\/SMZ_Schriftzug_Sprache.png","contentUrl":"https:\/\/www.musikzeitung.ch\/wp-content\/uploads\/2023\/01\/SMZ_Schriftzug_Sprache.png","width":1400,"height":279,"caption":"Schweizer Musikzeitung"},"image":{"@id":"https:\/\/www.musikzeitung.ch\/#\/schema\/logo\/image\/"},"sameAs":["https:\/\/www.facebook.com\/SchweizerMusikzeitung\/","https:\/\/x.com\/smusikzeitung","https:\/\/www.instagram.com\/musikzeitung.ch\/"]},{"@type":"Person","@id":"https:\/\/www.musikzeitung.ch\/#\/schema\/person\/ea3d7b86bd7157c78c7ddd37f2f82b5b","name":"pia.schwab","image":{"@type":"ImageObject","inLanguage":"en-US","@id":"https:\/\/secure.gravatar.com\/avatar\/d39d170de4c2d07e897fbc26cf9d890fc046285c742207b86d8ebabe5fcde2c4?s=96&d=mm&r=g","url":"https:\/\/secure.gravatar.com\/avatar\/d39d170de4c2d07e897fbc26cf9d890fc046285c742207b86d8ebabe5fcde2c4?s=96&d=mm&r=g","contentUrl":"https:\/\/secure.gravatar.com\/avatar\/d39d170de4c2d07e897fbc26cf9d890fc046285c742207b86d8ebabe5fcde2c4?s=96&d=mm&r=g","caption":"pia.schwab"},"url":"https:\/\/www.musikzeitung.ch\/en\/author\/pia-schwab"}]}},"publishpress_future_workflow_manual_trigger":{"enabledWorkflows":[]},"_links":{"self":[{"href":"https:\/\/www.musikzeitung.ch\/en\/wp-json\/wp\/v2\/posts\/70505","targetHints":{"allow":["GET"]}}],"collection":[{"href":"https:\/\/www.musikzeitung.ch\/en\/wp-json\/wp\/v2\/posts"}],"about":[{"href":"https:\/\/www.musikzeitung.ch\/en\/wp-json\/wp\/v2\/types\/post"}],"author":[{"embeddable":true,"href":"https:\/\/www.musikzeitung.ch\/en\/wp-json\/wp\/v2\/users\/29"}],"replies":[{"embeddable":true,"href":"https:\/\/www.musikzeitung.ch\/en\/wp-json\/wp\/v2\/comments?post=70505"}],"version-history":[{"count":4,"href":"https:\/\/www.musikzeitung.ch\/en\/wp-json\/wp\/v2\/posts\/70505\/revisions"}],"predecessor-version":[{"id":70590,"href":"https:\/\/www.musikzeitung.ch\/en\/wp-json\/wp\/v2\/posts\/70505\/revisions\/70590"}],"wp:featuredmedia":[{"embeddable":true,"href":"https:\/\/www.musikzeitung.ch\/en\/wp-json\/wp\/v2\/media\/70506"}],"wp:attachment":[{"href":"https:\/\/www.musikzeitung.ch\/en\/wp-json\/wp\/v2\/media?parent=70505"}],"wp:term":[{"taxonomy":"category","embeddable":true,"href":"https:\/\/www.musikzeitung.ch\/en\/wp-json\/wp\/v2\/categories?post=70505"},{"taxonomy":"post_tag","embeddable":true,"href":"https:\/\/www.musikzeitung.ch\/en\/wp-json\/wp\/v2\/tags?post=70505"}],"curies":[{"name":"wp","href":"https:\/\/api.w.org\/{rel}","templated":true}]}}