{"id":70511,"date":"2026-02-02T16:47:22","date_gmt":"2026-02-02T15:47:22","guid":{"rendered":"https:\/\/www.musikzeitung.ch\/?p=70511"},"modified":"2026-01-29T17:00:07","modified_gmt":"2026-01-29T16:00:07","slug":"eine-tonspur-mit-bild","status":"publish","type":"post","link":"https:\/\/www.musikzeitung.ch\/en\/rezensionen\/filme\/2026\/02\/eine-tonspur-mit-bild","title":{"rendered":"A soundtrack with picture"},"content":{"rendered":"<figure id=\"attachment_70512\" aria-describedby=\"caption-attachment-70512\" style=\"width: 1920px\" class=\"wp-caption alignnone\"><img loading=\"lazy\" decoding=\"async\" class=\"wp-image-70512 size-full\" src=\"https:\/\/www.musikzeitung.ch\/wp-content\/uploads\/2026\/01\/06-melodie.jpg\" alt=\"\" width=\"1920\" height=\"1076\" srcset=\"https:\/\/www.musikzeitung.ch\/wp-content\/uploads\/2026\/01\/06-melodie.jpg 1400w, https:\/\/www.musikzeitung.ch\/wp-content\/uploads\/2026\/01\/06-melodie-300x168.jpg 300w, https:\/\/www.musikzeitung.ch\/wp-content\/uploads\/2026\/01\/06-melodie-1024x574.jpg 1024w, https:\/\/www.musikzeitung.ch\/wp-content\/uploads\/2026\/01\/06-melodie-768x430.jpg 768w, https:\/\/www.musikzeitung.ch\/wp-content\/uploads\/2026\/01\/06-melodie-1536x861.jpg 1536w, https:\/\/www.musikzeitung.ch\/wp-content\/uploads\/2026\/01\/06-melodie-18x10.jpg 18w, https:\/\/www.musikzeitung.ch\/wp-content\/uploads\/2026\/01\/06-melodie-312x175.jpg 312w, https:\/\/www.musikzeitung.ch\/wp-content\/uploads\/2026\/01\/06-melodie-625x350.jpg 625w, https:\/\/www.musikzeitung.ch\/wp-content\/uploads\/2026\/01\/06-melodie-1428x800.jpg 1428w, https:\/\/www.musikzeitung.ch\/wp-content\/uploads\/2026\/01\/06-melodie-920x516.jpg 920w\" sizes=\"auto, (max-width: 1920px) 100vw, 1920px\" \/><figcaption id=\"caption-attachment-70512\" class=\"wp-caption-text\">The last death singer on a Greek island. Film still<\/figcaption><\/figure>\n<p>There are movies that you see. And there are movies that you hear. Anka Schmid's latest work <em>Melody<\/em> clearly belongs to the second category. \u00abA soundtrack with a picture\u00bb, you could also call it. First screened in the Sounds category at the Zurich Film Festival on September 28, 2025, and in regular cinemas from March 2026, it is much more than a music documentary: it is a poetic mosaic about how singing can become a lifeline, ritual, resistance, consolation and a sense of belonging.<\/p>\n<p>The protagonists are as diverse as their voices. There is the Black woman Joanna Kora, who transforms her experiences from the Black Lives Matter movement into song and, as a music teacher and lead singer in the Go and Sing choir, inspires hope and enthusiasm with every note. The Appenzell dairymaid who protects not only her cows, but also herself, night after night with the Alpine blessing. The hip-hopper from Ticino, torn between anger at the lack of support for alternative youth culture and her deep roots in her homeland. The Kurd, whose voice was not taken away by seven years in prison and who now sings songs to his young daughter in Switzerland so that she, as a Kurd without a country, does not remain without culture. And the last death singer on a Greek island who, after the loss of her husband, finds support and purpose in life through song alone - and asks the anxious question: Who will sing her lament when she herself is no more?<\/p>\n<h3>Singing is more than sound<\/h3>\n<p>Schmid tells these stories without pathos, carried by the music and the faces of the singers. The camera captures the radiance, the tiredness, the passion. But the real centerpiece is the soundtrack. Sound engineer Reto Stamm largely dispenses with electronic distortion, conveying the voices pure, undistorted, in all their physicality. You can hear pauses in breathing, friction, imperfections - and that is precisely what makes the film so real.<\/p>\n<p>At the end, when young women from the women's strike fill the square singing and drumming, the circle closes: singing is more than just sound. It overcomes boundaries, brings strangers closer together than any argument. Schmid's film shows that we can meet in the joy of singing, regardless of origin, language or skin color. A documentary that not only stays in the ear, but also in the heart.<\/p>\n<p><em>Melody. Anka Schmid<strong>, <\/strong>Written and directed by. Frenetic-Films. In cinemas from March 5, 2026.<\/em><\/p>\n<p><a href=\"https:\/\/frenetic.ch\/de\/trailer\/?videoId=zgoRAEMB\" target=\"_blank\" rel=\"noopener\"><em>Trailer<\/em><\/a><\/p>","protected":false},"excerpt":{"rendered":"<p>Anka Schmid's film \u00abMelodie\u00bb uses very different people to show the power and happiness that can be found in singing. <\/p>","protected":false},"author":29,"featured_media":70512,"comment_status":"closed","ping_status":"closed","sticky":false,"template":"","format":"standard","meta":{"_acf_changed":false,"_relevanssi_hide_post":"","_relevanssi_hide_content":"","_relevanssi_pin_for_all":"","_relevanssi_pin_keywords":"","_relevanssi_unpin_keywords":"","_relevanssi_related_keywords":"","_relevanssi_related_include_ids":"","_relevanssi_related_exclude_ids":"","_relevanssi_related_no_append":"","_relevanssi_related_not_related":"","_relevanssi_related_posts":"","_relevanssi_noindex_reason":"","pgc_sgb_lightbox_settings":"","footnotes":""},"categories":[1620,29],"tags":[5505],"class_list":["post-70511","post","type-post","status-publish","format-standard","has-post-thumbnail","hentry","category-filme","category-rezensionen","tag-anka-schmid"],"acf":[],"yoast_head":"<!-- This site is optimized with the Yoast SEO plugin v27.4 - https:\/\/yoast.com\/product\/yoast-seo-wordpress\/ -->\n<title>Eine Tonspur mit Bild - Schweizer Musikzeitung<\/title>\n<meta name=\"description\" content=\"Anka Schmids Film \u00abMelodie\u00bb zeigt anhand von ganz unterschiedlichen Menschen, welche Kraft und welches Gl\u00fcck im Singen liegen kann.\" \/>\n<meta name=\"robots\" content=\"index, follow, max-snippet:-1, max-image-preview:large, max-video-preview:-1\" \/>\n<link rel=\"canonical\" href=\"https:\/\/www.musikzeitung.ch\/en\/rezensionen\/filme\/2026\/02\/eine-tonspur-mit-bild\/\" \/>\n<meta property=\"og:locale\" content=\"en_US\" \/>\n<meta property=\"og:type\" content=\"article\" \/>\n<meta property=\"og:title\" content=\"Eine Tonspur mit Bild - Schweizer Musikzeitung\" \/>\n<meta property=\"og:description\" content=\"Anka Schmids Film \u00abMelodie\u00bb zeigt anhand von ganz unterschiedlichen Menschen, welche Kraft und welches Gl\u00fcck im Singen liegen kann.\" \/>\n<meta property=\"og:url\" content=\"https:\/\/www.musikzeitung.ch\/en\/rezensionen\/filme\/2026\/02\/eine-tonspur-mit-bild\/\" \/>\n<meta property=\"og:site_name\" content=\"Schweizer Musikzeitung\" \/>\n<meta property=\"article:publisher\" content=\"https:\/\/www.facebook.com\/SchweizerMusikzeitung\/\" \/>\n<meta property=\"article:published_time\" content=\"2026-02-02T15:47:22+00:00\" \/>\n<meta property=\"og:image\" content=\"https:\/\/www.musikzeitung.ch\/wp-content\/uploads\/2026\/01\/06-melodie.jpg\" \/>\n\t<meta property=\"og:image:width\" content=\"1400\" \/>\n\t<meta property=\"og:image:height\" content=\"785\" \/>\n\t<meta property=\"og:image:type\" content=\"image\/jpeg\" \/>\n<meta name=\"author\" content=\"pia.schwab\" \/>\n<meta name=\"twitter:card\" content=\"summary_large_image\" \/>\n<meta name=\"twitter:creator\" content=\"@smusikzeitung\" \/>\n<meta name=\"twitter:site\" content=\"@smusikzeitung\" \/>\n<meta name=\"twitter:label1\" content=\"Written by\" \/>\n\t<meta name=\"twitter:data1\" content=\"pia.schwab\" \/>\n\t<meta name=\"twitter:label2\" content=\"Est. reading time\" \/>\n\t<meta name=\"twitter:data2\" content=\"3 minutes\" \/>\n<script type=\"application\/ld+json\" class=\"yoast-schema-graph\">{\"@context\":\"https:\\\/\\\/schema.org\",\"@graph\":[{\"@type\":\"Article\",\"@id\":\"https:\\\/\\\/www.musikzeitung.ch\\\/rezensionen\\\/filme\\\/2026\\\/02\\\/eine-tonspur-mit-bild#article\",\"isPartOf\":{\"@id\":\"https:\\\/\\\/www.musikzeitung.ch\\\/rezensionen\\\/filme\\\/2026\\\/02\\\/eine-tonspur-mit-bild\"},\"author\":{\"name\":\"pia.schwab\",\"@id\":\"https:\\\/\\\/www.musikzeitung.ch\\\/#\\\/schema\\\/person\\\/ea3d7b86bd7157c78c7ddd37f2f82b5b\"},\"headline\":\"Eine Tonspur mit Bild\",\"datePublished\":\"2026-02-02T15:47:22+00:00\",\"mainEntityOfPage\":{\"@id\":\"https:\\\/\\\/www.musikzeitung.ch\\\/rezensionen\\\/filme\\\/2026\\\/02\\\/eine-tonspur-mit-bild\"},\"wordCount\":414,\"publisher\":{\"@id\":\"https:\\\/\\\/www.musikzeitung.ch\\\/#organization\"},\"image\":{\"@id\":\"https:\\\/\\\/www.musikzeitung.ch\\\/rezensionen\\\/filme\\\/2026\\\/02\\\/eine-tonspur-mit-bild#primaryimage\"},\"thumbnailUrl\":\"https:\\\/\\\/www.musikzeitung.ch\\\/wp-content\\\/uploads\\\/2026\\\/01\\\/06-melodie.jpg\",\"keywords\":[\"Anka Schmid\"],\"articleSection\":[\"Filme\",\"Rezensionen\"],\"inLanguage\":\"en-US\"},{\"@type\":\"WebPage\",\"@id\":\"https:\\\/\\\/www.musikzeitung.ch\\\/rezensionen\\\/filme\\\/2026\\\/02\\\/eine-tonspur-mit-bild\",\"url\":\"https:\\\/\\\/www.musikzeitung.ch\\\/rezensionen\\\/filme\\\/2026\\\/02\\\/eine-tonspur-mit-bild\",\"name\":\"Eine Tonspur mit Bild - Schweizer Musikzeitung\",\"isPartOf\":{\"@id\":\"https:\\\/\\\/www.musikzeitung.ch\\\/#website\"},\"primaryImageOfPage\":{\"@id\":\"https:\\\/\\\/www.musikzeitung.ch\\\/rezensionen\\\/filme\\\/2026\\\/02\\\/eine-tonspur-mit-bild#primaryimage\"},\"image\":{\"@id\":\"https:\\\/\\\/www.musikzeitung.ch\\\/rezensionen\\\/filme\\\/2026\\\/02\\\/eine-tonspur-mit-bild#primaryimage\"},\"thumbnailUrl\":\"https:\\\/\\\/www.musikzeitung.ch\\\/wp-content\\\/uploads\\\/2026\\\/01\\\/06-melodie.jpg\",\"datePublished\":\"2026-02-02T15:47:22+00:00\",\"description\":\"Anka Schmids Film \u00abMelodie\u00bb zeigt anhand von ganz unterschiedlichen Menschen, welche Kraft und welches Gl\u00fcck im Singen liegen kann.\",\"breadcrumb\":{\"@id\":\"https:\\\/\\\/www.musikzeitung.ch\\\/rezensionen\\\/filme\\\/2026\\\/02\\\/eine-tonspur-mit-bild#breadcrumb\"},\"inLanguage\":\"en-US\",\"potentialAction\":[{\"@type\":\"ReadAction\",\"target\":[\"https:\\\/\\\/www.musikzeitung.ch\\\/rezensionen\\\/filme\\\/2026\\\/02\\\/eine-tonspur-mit-bild\"]}]},{\"@type\":\"ImageObject\",\"inLanguage\":\"en-US\",\"@id\":\"https:\\\/\\\/www.musikzeitung.ch\\\/rezensionen\\\/filme\\\/2026\\\/02\\\/eine-tonspur-mit-bild#primaryimage\",\"url\":\"https:\\\/\\\/www.musikzeitung.ch\\\/wp-content\\\/uploads\\\/2026\\\/01\\\/06-melodie.jpg\",\"contentUrl\":\"https:\\\/\\\/www.musikzeitung.ch\\\/wp-content\\\/uploads\\\/2026\\\/01\\\/06-melodie.jpg\",\"width\":1400,\"height\":785},{\"@type\":\"BreadcrumbList\",\"@id\":\"https:\\\/\\\/www.musikzeitung.ch\\\/rezensionen\\\/filme\\\/2026\\\/02\\\/eine-tonspur-mit-bild#breadcrumb\",\"itemListElement\":[{\"@type\":\"ListItem\",\"position\":1,\"name\":\"Home\",\"item\":\"https:\\\/\\\/www.musikzeitung.ch\\\/\"},{\"@type\":\"ListItem\",\"position\":2,\"name\":\"Eine Tonspur mit Bild\"}]},{\"@type\":\"WebSite\",\"@id\":\"https:\\\/\\\/www.musikzeitung.ch\\\/#website\",\"url\":\"https:\\\/\\\/www.musikzeitung.ch\\\/\",\"name\":\"Schweizer Musikzeitung\",\"description\":\"Die f\u00fchrende sparten\u00fcbergreifende Monatszeitung in der Schweiz f\u00fcr musikalische Fragen.\",\"publisher\":{\"@id\":\"https:\\\/\\\/www.musikzeitung.ch\\\/#organization\"},\"potentialAction\":[{\"@type\":\"SearchAction\",\"target\":{\"@type\":\"EntryPoint\",\"urlTemplate\":\"https:\\\/\\\/www.musikzeitung.ch\\\/?s={search_term_string}\"},\"query-input\":{\"@type\":\"PropertyValueSpecification\",\"valueRequired\":true,\"valueName\":\"search_term_string\"}}],\"inLanguage\":\"en-US\"},{\"@type\":\"Organization\",\"@id\":\"https:\\\/\\\/www.musikzeitung.ch\\\/#organization\",\"name\":\"Schweizer Musikzeitung\",\"url\":\"https:\\\/\\\/www.musikzeitung.ch\\\/\",\"logo\":{\"@type\":\"ImageObject\",\"inLanguage\":\"en-US\",\"@id\":\"https:\\\/\\\/www.musikzeitung.ch\\\/#\\\/schema\\\/logo\\\/image\\\/\",\"url\":\"https:\\\/\\\/www.musikzeitung.ch\\\/wp-content\\\/uploads\\\/2023\\\/01\\\/SMZ_Schriftzug_Sprache.png\",\"contentUrl\":\"https:\\\/\\\/www.musikzeitung.ch\\\/wp-content\\\/uploads\\\/2023\\\/01\\\/SMZ_Schriftzug_Sprache.png\",\"width\":1400,\"height\":279,\"caption\":\"Schweizer Musikzeitung\"},\"image\":{\"@id\":\"https:\\\/\\\/www.musikzeitung.ch\\\/#\\\/schema\\\/logo\\\/image\\\/\"},\"sameAs\":[\"https:\\\/\\\/www.facebook.com\\\/SchweizerMusikzeitung\\\/\",\"https:\\\/\\\/x.com\\\/smusikzeitung\",\"https:\\\/\\\/www.instagram.com\\\/musikzeitung.ch\\\/\"]},{\"@type\":\"Person\",\"@id\":\"https:\\\/\\\/www.musikzeitung.ch\\\/#\\\/schema\\\/person\\\/ea3d7b86bd7157c78c7ddd37f2f82b5b\",\"name\":\"pia.schwab\",\"image\":{\"@type\":\"ImageObject\",\"inLanguage\":\"en-US\",\"@id\":\"https:\\\/\\\/secure.gravatar.com\\\/avatar\\\/d39d170de4c2d07e897fbc26cf9d890fc046285c742207b86d8ebabe5fcde2c4?s=96&d=mm&r=g\",\"url\":\"https:\\\/\\\/secure.gravatar.com\\\/avatar\\\/d39d170de4c2d07e897fbc26cf9d890fc046285c742207b86d8ebabe5fcde2c4?s=96&d=mm&r=g\",\"contentUrl\":\"https:\\\/\\\/secure.gravatar.com\\\/avatar\\\/d39d170de4c2d07e897fbc26cf9d890fc046285c742207b86d8ebabe5fcde2c4?s=96&d=mm&r=g\",\"caption\":\"pia.schwab\"},\"url\":\"https:\\\/\\\/www.musikzeitung.ch\\\/en\\\/author\\\/pia-schwab\"}]}<\/script>\n<!-- \/ Yoast SEO plugin. -->","yoast_head_json":{"title":"A soundtrack with a picture - Schweizer Musikzeitung","description":"Anka Schmid's film \u00abMelodie\u00bb uses very different people to show the power and happiness that can be found in singing.","robots":{"index":"index","follow":"follow","max-snippet":"max-snippet:-1","max-image-preview":"max-image-preview:large","max-video-preview":"max-video-preview:-1"},"canonical":"https:\/\/www.musikzeitung.ch\/en\/rezensionen\/filme\/2026\/02\/eine-tonspur-mit-bild\/","og_locale":"en_US","og_type":"article","og_title":"Eine Tonspur mit Bild - Schweizer Musikzeitung","og_description":"Anka Schmids Film \u00abMelodie\u00bb zeigt anhand von ganz unterschiedlichen Menschen, welche Kraft und welches Gl\u00fcck im Singen liegen kann.","og_url":"https:\/\/www.musikzeitung.ch\/en\/rezensionen\/filme\/2026\/02\/eine-tonspur-mit-bild\/","og_site_name":"Schweizer Musikzeitung","article_publisher":"https:\/\/www.facebook.com\/SchweizerMusikzeitung\/","article_published_time":"2026-02-02T15:47:22+00:00","og_image":[{"width":1400,"height":785,"url":"https:\/\/www.musikzeitung.ch\/wp-content\/uploads\/2026\/01\/06-melodie.jpg","type":"image\/jpeg"}],"author":"pia.schwab","twitter_card":"summary_large_image","twitter_creator":"@smusikzeitung","twitter_site":"@smusikzeitung","twitter_misc":{"Written by":"pia.schwab","Est. reading time":"3 minutes"},"schema":{"@context":"https:\/\/schema.org","@graph":[{"@type":"Article","@id":"https:\/\/www.musikzeitung.ch\/rezensionen\/filme\/2026\/02\/eine-tonspur-mit-bild#article","isPartOf":{"@id":"https:\/\/www.musikzeitung.ch\/rezensionen\/filme\/2026\/02\/eine-tonspur-mit-bild"},"author":{"name":"pia.schwab","@id":"https:\/\/www.musikzeitung.ch\/#\/schema\/person\/ea3d7b86bd7157c78c7ddd37f2f82b5b"},"headline":"Eine Tonspur mit Bild","datePublished":"2026-02-02T15:47:22+00:00","mainEntityOfPage":{"@id":"https:\/\/www.musikzeitung.ch\/rezensionen\/filme\/2026\/02\/eine-tonspur-mit-bild"},"wordCount":414,"publisher":{"@id":"https:\/\/www.musikzeitung.ch\/#organization"},"image":{"@id":"https:\/\/www.musikzeitung.ch\/rezensionen\/filme\/2026\/02\/eine-tonspur-mit-bild#primaryimage"},"thumbnailUrl":"https:\/\/www.musikzeitung.ch\/wp-content\/uploads\/2026\/01\/06-melodie.jpg","keywords":["Anka Schmid"],"articleSection":["Filme","Rezensionen"],"inLanguage":"en-US"},{"@type":"WebPage","@id":"https:\/\/www.musikzeitung.ch\/rezensionen\/filme\/2026\/02\/eine-tonspur-mit-bild","url":"https:\/\/www.musikzeitung.ch\/rezensionen\/filme\/2026\/02\/eine-tonspur-mit-bild","name":"A soundtrack with a picture - Schweizer Musikzeitung","isPartOf":{"@id":"https:\/\/www.musikzeitung.ch\/#website"},"primaryImageOfPage":{"@id":"https:\/\/www.musikzeitung.ch\/rezensionen\/filme\/2026\/02\/eine-tonspur-mit-bild#primaryimage"},"image":{"@id":"https:\/\/www.musikzeitung.ch\/rezensionen\/filme\/2026\/02\/eine-tonspur-mit-bild#primaryimage"},"thumbnailUrl":"https:\/\/www.musikzeitung.ch\/wp-content\/uploads\/2026\/01\/06-melodie.jpg","datePublished":"2026-02-02T15:47:22+00:00","description":"Anka Schmid's film \u00abMelodie\u00bb uses very different people to show the power and happiness that can be found in singing.","breadcrumb":{"@id":"https:\/\/www.musikzeitung.ch\/rezensionen\/filme\/2026\/02\/eine-tonspur-mit-bild#breadcrumb"},"inLanguage":"en-US","potentialAction":[{"@type":"ReadAction","target":["https:\/\/www.musikzeitung.ch\/rezensionen\/filme\/2026\/02\/eine-tonspur-mit-bild"]}]},{"@type":"ImageObject","inLanguage":"en-US","@id":"https:\/\/www.musikzeitung.ch\/rezensionen\/filme\/2026\/02\/eine-tonspur-mit-bild#primaryimage","url":"https:\/\/www.musikzeitung.ch\/wp-content\/uploads\/2026\/01\/06-melodie.jpg","contentUrl":"https:\/\/www.musikzeitung.ch\/wp-content\/uploads\/2026\/01\/06-melodie.jpg","width":1400,"height":785},{"@type":"BreadcrumbList","@id":"https:\/\/www.musikzeitung.ch\/rezensionen\/filme\/2026\/02\/eine-tonspur-mit-bild#breadcrumb","itemListElement":[{"@type":"ListItem","position":1,"name":"Home","item":"https:\/\/www.musikzeitung.ch\/"},{"@type":"ListItem","position":2,"name":"Eine Tonspur mit Bild"}]},{"@type":"WebSite","@id":"https:\/\/www.musikzeitung.ch\/#website","url":"https:\/\/www.musikzeitung.ch\/","name":"Swiss Music Newspaper","description":"The leading interdisciplinary monthly newspaper in Switzerland for musical issues.","publisher":{"@id":"https:\/\/www.musikzeitung.ch\/#organization"},"potentialAction":[{"@type":"SearchAction","target":{"@type":"EntryPoint","urlTemplate":"https:\/\/www.musikzeitung.ch\/?s={search_term_string}"},"query-input":{"@type":"PropertyValueSpecification","valueRequired":true,"valueName":"search_term_string"}}],"inLanguage":"en-US"},{"@type":"Organization","@id":"https:\/\/www.musikzeitung.ch\/#organization","name":"Swiss Music Newspaper","url":"https:\/\/www.musikzeitung.ch\/","logo":{"@type":"ImageObject","inLanguage":"en-US","@id":"https:\/\/www.musikzeitung.ch\/#\/schema\/logo\/image\/","url":"https:\/\/www.musikzeitung.ch\/wp-content\/uploads\/2023\/01\/SMZ_Schriftzug_Sprache.png","contentUrl":"https:\/\/www.musikzeitung.ch\/wp-content\/uploads\/2023\/01\/SMZ_Schriftzug_Sprache.png","width":1400,"height":279,"caption":"Schweizer Musikzeitung"},"image":{"@id":"https:\/\/www.musikzeitung.ch\/#\/schema\/logo\/image\/"},"sameAs":["https:\/\/www.facebook.com\/SchweizerMusikzeitung\/","https:\/\/x.com\/smusikzeitung","https:\/\/www.instagram.com\/musikzeitung.ch\/"]},{"@type":"Person","@id":"https:\/\/www.musikzeitung.ch\/#\/schema\/person\/ea3d7b86bd7157c78c7ddd37f2f82b5b","name":"pia.schwab","image":{"@type":"ImageObject","inLanguage":"en-US","@id":"https:\/\/secure.gravatar.com\/avatar\/d39d170de4c2d07e897fbc26cf9d890fc046285c742207b86d8ebabe5fcde2c4?s=96&d=mm&r=g","url":"https:\/\/secure.gravatar.com\/avatar\/d39d170de4c2d07e897fbc26cf9d890fc046285c742207b86d8ebabe5fcde2c4?s=96&d=mm&r=g","contentUrl":"https:\/\/secure.gravatar.com\/avatar\/d39d170de4c2d07e897fbc26cf9d890fc046285c742207b86d8ebabe5fcde2c4?s=96&d=mm&r=g","caption":"pia.schwab"},"url":"https:\/\/www.musikzeitung.ch\/en\/author\/pia-schwab"}]}},"publishpress_future_workflow_manual_trigger":{"enabledWorkflows":[]},"_links":{"self":[{"href":"https:\/\/www.musikzeitung.ch\/en\/wp-json\/wp\/v2\/posts\/70511","targetHints":{"allow":["GET"]}}],"collection":[{"href":"https:\/\/www.musikzeitung.ch\/en\/wp-json\/wp\/v2\/posts"}],"about":[{"href":"https:\/\/www.musikzeitung.ch\/en\/wp-json\/wp\/v2\/types\/post"}],"author":[{"embeddable":true,"href":"https:\/\/www.musikzeitung.ch\/en\/wp-json\/wp\/v2\/users\/29"}],"replies":[{"embeddable":true,"href":"https:\/\/www.musikzeitung.ch\/en\/wp-json\/wp\/v2\/comments?post=70511"}],"version-history":[{"count":3,"href":"https:\/\/www.musikzeitung.ch\/en\/wp-json\/wp\/v2\/posts\/70511\/revisions"}],"predecessor-version":[{"id":70515,"href":"https:\/\/www.musikzeitung.ch\/en\/wp-json\/wp\/v2\/posts\/70511\/revisions\/70515"}],"wp:featuredmedia":[{"embeddable":true,"href":"https:\/\/www.musikzeitung.ch\/en\/wp-json\/wp\/v2\/media\/70512"}],"wp:attachment":[{"href":"https:\/\/www.musikzeitung.ch\/en\/wp-json\/wp\/v2\/media?parent=70511"}],"wp:term":[{"taxonomy":"category","embeddable":true,"href":"https:\/\/www.musikzeitung.ch\/en\/wp-json\/wp\/v2\/categories?post=70511"},{"taxonomy":"post_tag","embeddable":true,"href":"https:\/\/www.musikzeitung.ch\/en\/wp-json\/wp\/v2\/tags?post=70511"}],"curies":[{"name":"wp","href":"https:\/\/api.w.org\/{rel}","templated":true}]}}