{"id":71130,"date":"2026-02-18T06:44:05","date_gmt":"2026-02-18T05:44:05","guid":{"rendered":"https:\/\/www.musikzeitung.ch\/?p=71130"},"modified":"2026-02-18T16:02:26","modified_gmt":"2026-02-18T15:02:26","slug":"berner-vertrag-urbanskis-wird-bis-2032-verlaengert","status":"publish","type":"post","link":"https:\/\/www.musikzeitung.ch\/en\/news\/2026\/02\/berner-vertrag-urbanskis-wird-bis-2032-verlaengert","title":{"rendered":"Urba\u0144ski's contract in Bern is extended until 2032"},"content":{"rendered":"<figure id=\"attachment_71131\" aria-describedby=\"caption-attachment-71131\" style=\"width: 991px\" class=\"wp-caption alignnone\"><img loading=\"lazy\" decoding=\"async\" class=\"size-full wp-image-71131\" src=\"https:\/\/www.musikzeitung.ch\/wp-content\/uploads\/2026\/02\/260218urbanski.jpg\" alt=\"\" width=\"991\" height=\"655\" srcset=\"https:\/\/www.musikzeitung.ch\/wp-content\/uploads\/2026\/02\/260218urbanski.jpg 991w, https:\/\/www.musikzeitung.ch\/wp-content\/uploads\/2026\/02\/260218urbanski-300x198.jpg 300w, https:\/\/www.musikzeitung.ch\/wp-content\/uploads\/2026\/02\/260218urbanski-768x508.jpg 768w, https:\/\/www.musikzeitung.ch\/wp-content\/uploads\/2026\/02\/260218urbanski-18x12.jpg 18w, https:\/\/www.musikzeitung.ch\/wp-content\/uploads\/2026\/02\/260218urbanski-265x175.jpg 265w, https:\/\/www.musikzeitung.ch\/wp-content\/uploads\/2026\/02\/260218urbanski-530x350.jpg 530w, https:\/\/www.musikzeitung.ch\/wp-content\/uploads\/2026\/02\/260218urbanski-920x608.jpg 920w\" sizes=\"auto, (max-width: 991px) 100vw, 991px\" \/><figcaption id=\"caption-attachment-71131\" class=\"wp-caption-text\">Krzysztof Urba\u0144ski (Image: Christian Kaufmann)<\/figcaption><\/figure>\n<p>Krzysztof Urba\u0144ski has been Chief Conductor of the Bern Symphony Orchestra since the 2025\/26 season. He is also Music Director and Artistic Director of the Warsaw Philharmonic Orchestra and has been Principal Guest Conductor of the Orchestra della Svizzera Italiana since 2022.<\/p>\n<p>Under the direction of Urba\u0144ski, the Bern Symphony Orchestra has continuously expanded its artistic and thematic range, the ensemble writes in its press release. Well-known works from the late Romantic repertoire are juxtaposed with combined rediscoveries and new discoveries as well as exciting works from classical modernism and the present day. In addition, the orchestra will continue to expand its international touring activities together with Krzysztof Urba\u0144ski in the coming seasons.<\/p>","protected":false},"excerpt":{"rendered":"<p>The Bern Symphony Orchestra is continuing its collaboration with Chief Conductor Krzysztof Urba\u0144ski for a further five seasons until 2032. <\/p>","protected":false},"author":30,"featured_media":71131,"comment_status":"closed","ping_status":"closed","sticky":false,"template":"","format":"standard","meta":{"_acf_changed":false,"_relevanssi_hide_post":"","_relevanssi_hide_content":"","_relevanssi_pin_for_all":"","_relevanssi_pin_keywords":"","_relevanssi_unpin_keywords":"","_relevanssi_related_keywords":"","_relevanssi_related_include_ids":"","_relevanssi_related_exclude_ids":"","_relevanssi_related_no_append":"","_relevanssi_related_not_related":"","_relevanssi_related_posts":"","_relevanssi_noindex_reason":"","pgc_sgb_lightbox_settings":"","footnotes":""},"categories":[27,1624],"tags":[2853,2854],"class_list":["post-71130","post","type-post","status-publish","format-standard","has-post-thumbnail","hentry","category-news","category-personen","tag-berner-symphonieorchester","tag-krzysztof-urbanski"],"acf":[],"yoast_head":"<!-- This site is optimized with the Yoast SEO plugin v27.4 - https:\/\/yoast.com\/product\/yoast-seo-wordpress\/ -->\n<title>Berner Vertrag Urba\u0144skis wird bis 2032 verl\u00e4ngert - Schweizer Musikzeitung<\/title>\n<meta name=\"description\" content=\"Das Berner Symphonieorchester setzt die Zusammenarbeit mit Chefdirigent Krzysztof Urba\u0144ski um weitere f\u00fcnf Spielzeiten bis 2032 fort.\" \/>\n<meta name=\"robots\" content=\"index, follow, max-snippet:-1, max-image-preview:large, max-video-preview:-1\" \/>\n<link rel=\"canonical\" href=\"https:\/\/www.musikzeitung.ch\/en\/news\/2026\/02\/berner-vertrag-urbanskis-wird-bis-2032-verlaengert\/\" \/>\n<meta property=\"og:locale\" content=\"en_US\" \/>\n<meta property=\"og:type\" content=\"article\" \/>\n<meta property=\"og:title\" content=\"Berner Vertrag Urba\u0144skis wird bis 2032 verl\u00e4ngert - Schweizer Musikzeitung\" \/>\n<meta property=\"og:description\" content=\"Das Berner Symphonieorchester setzt die Zusammenarbeit mit Chefdirigent Krzysztof Urba\u0144ski um weitere f\u00fcnf Spielzeiten bis 2032 fort.\" \/>\n<meta property=\"og:url\" content=\"https:\/\/www.musikzeitung.ch\/en\/news\/2026\/02\/berner-vertrag-urbanskis-wird-bis-2032-verlaengert\/\" \/>\n<meta property=\"og:site_name\" content=\"Schweizer Musikzeitung\" \/>\n<meta property=\"article:publisher\" content=\"https:\/\/www.facebook.com\/SchweizerMusikzeitung\/\" \/>\n<meta property=\"article:author\" content=\"https:\/\/www.facebook.com\/wolfgang.bohler.75\" \/>\n<meta property=\"article:published_time\" content=\"2026-02-18T05:44:05+00:00\" \/>\n<meta property=\"article:modified_time\" content=\"2026-02-18T15:02:26+00:00\" \/>\n<meta property=\"og:image\" content=\"https:\/\/www.musikzeitung.ch\/wp-content\/uploads\/2026\/02\/260218urbanski.jpg\" \/>\n\t<meta property=\"og:image:width\" content=\"991\" \/>\n\t<meta property=\"og:image:height\" content=\"655\" \/>\n\t<meta property=\"og:image:type\" content=\"image\/jpeg\" \/>\n<meta name=\"author\" content=\"Wolfgang B\u00f6hler\" \/>\n<meta name=\"twitter:card\" content=\"summary_large_image\" \/>\n<meta name=\"twitter:creator\" content=\"@smusikzeitung\" \/>\n<meta name=\"twitter:site\" content=\"@smusikzeitung\" \/>\n<meta name=\"twitter:label1\" content=\"Written by\" \/>\n\t<meta name=\"twitter:data1\" content=\"Wolfgang B\u00f6hler\" \/>\n\t<meta name=\"twitter:label2\" content=\"Est. reading time\" \/>\n\t<meta name=\"twitter:data2\" content=\"1 minute\" \/>\n<script type=\"application\/ld+json\" class=\"yoast-schema-graph\">{\"@context\":\"https:\\\/\\\/schema.org\",\"@graph\":[{\"@type\":\"Article\",\"@id\":\"https:\\\/\\\/www.musikzeitung.ch\\\/news\\\/2026\\\/02\\\/berner-vertrag-urbanskis-wird-bis-2032-verlaengert#article\",\"isPartOf\":{\"@id\":\"https:\\\/\\\/www.musikzeitung.ch\\\/news\\\/2026\\\/02\\\/berner-vertrag-urbanskis-wird-bis-2032-verlaengert\"},\"author\":{\"name\":\"Wolfgang B\u00f6hler\",\"@id\":\"https:\\\/\\\/www.musikzeitung.ch\\\/#\\\/schema\\\/person\\\/0da4fb82d243f1252850a35d0e87cf0c\"},\"headline\":\"Berner Vertrag Urba\u0144skis wird bis 2032 verl\u00e4ngert\",\"datePublished\":\"2026-02-18T05:44:05+00:00\",\"dateModified\":\"2026-02-18T15:02:26+00:00\",\"mainEntityOfPage\":{\"@id\":\"https:\\\/\\\/www.musikzeitung.ch\\\/news\\\/2026\\\/02\\\/berner-vertrag-urbanskis-wird-bis-2032-verlaengert\"},\"wordCount\":122,\"publisher\":{\"@id\":\"https:\\\/\\\/www.musikzeitung.ch\\\/#organization\"},\"image\":{\"@id\":\"https:\\\/\\\/www.musikzeitung.ch\\\/news\\\/2026\\\/02\\\/berner-vertrag-urbanskis-wird-bis-2032-verlaengert#primaryimage\"},\"thumbnailUrl\":\"https:\\\/\\\/www.musikzeitung.ch\\\/wp-content\\\/uploads\\\/2026\\\/02\\\/260218urbanski.jpg\",\"keywords\":[\"Berner Symphonieorchester\",\"Krzysztof Urba\u0144ski\"],\"articleSection\":[\"News\",\"Personen\"],\"inLanguage\":\"en-US\"},{\"@type\":\"WebPage\",\"@id\":\"https:\\\/\\\/www.musikzeitung.ch\\\/news\\\/2026\\\/02\\\/berner-vertrag-urbanskis-wird-bis-2032-verlaengert\",\"url\":\"https:\\\/\\\/www.musikzeitung.ch\\\/news\\\/2026\\\/02\\\/berner-vertrag-urbanskis-wird-bis-2032-verlaengert\",\"name\":\"Berner Vertrag Urba\u0144skis wird bis 2032 verl\u00e4ngert - Schweizer Musikzeitung\",\"isPartOf\":{\"@id\":\"https:\\\/\\\/www.musikzeitung.ch\\\/#website\"},\"primaryImageOfPage\":{\"@id\":\"https:\\\/\\\/www.musikzeitung.ch\\\/news\\\/2026\\\/02\\\/berner-vertrag-urbanskis-wird-bis-2032-verlaengert#primaryimage\"},\"image\":{\"@id\":\"https:\\\/\\\/www.musikzeitung.ch\\\/news\\\/2026\\\/02\\\/berner-vertrag-urbanskis-wird-bis-2032-verlaengert#primaryimage\"},\"thumbnailUrl\":\"https:\\\/\\\/www.musikzeitung.ch\\\/wp-content\\\/uploads\\\/2026\\\/02\\\/260218urbanski.jpg\",\"datePublished\":\"2026-02-18T05:44:05+00:00\",\"dateModified\":\"2026-02-18T15:02:26+00:00\",\"description\":\"Das Berner Symphonieorchester setzt die Zusammenarbeit mit Chefdirigent Krzysztof Urba\u0144ski um weitere f\u00fcnf Spielzeiten bis 2032 fort.\",\"breadcrumb\":{\"@id\":\"https:\\\/\\\/www.musikzeitung.ch\\\/news\\\/2026\\\/02\\\/berner-vertrag-urbanskis-wird-bis-2032-verlaengert#breadcrumb\"},\"inLanguage\":\"en-US\",\"potentialAction\":[{\"@type\":\"ReadAction\",\"target\":[\"https:\\\/\\\/www.musikzeitung.ch\\\/news\\\/2026\\\/02\\\/berner-vertrag-urbanskis-wird-bis-2032-verlaengert\"]}]},{\"@type\":\"ImageObject\",\"inLanguage\":\"en-US\",\"@id\":\"https:\\\/\\\/www.musikzeitung.ch\\\/news\\\/2026\\\/02\\\/berner-vertrag-urbanskis-wird-bis-2032-verlaengert#primaryimage\",\"url\":\"https:\\\/\\\/www.musikzeitung.ch\\\/wp-content\\\/uploads\\\/2026\\\/02\\\/260218urbanski.jpg\",\"contentUrl\":\"https:\\\/\\\/www.musikzeitung.ch\\\/wp-content\\\/uploads\\\/2026\\\/02\\\/260218urbanski.jpg\",\"width\":991,\"height\":655,\"caption\":\"Krzysztof Urba\u0144ski (Bild: Christian Kaufmann)\"},{\"@type\":\"BreadcrumbList\",\"@id\":\"https:\\\/\\\/www.musikzeitung.ch\\\/news\\\/2026\\\/02\\\/berner-vertrag-urbanskis-wird-bis-2032-verlaengert#breadcrumb\",\"itemListElement\":[{\"@type\":\"ListItem\",\"position\":1,\"name\":\"Home\",\"item\":\"https:\\\/\\\/www.musikzeitung.ch\\\/\"},{\"@type\":\"ListItem\",\"position\":2,\"name\":\"Berner Vertrag Urba\u0144skis wird bis 2032 verl\u00e4ngert\"}]},{\"@type\":\"WebSite\",\"@id\":\"https:\\\/\\\/www.musikzeitung.ch\\\/#website\",\"url\":\"https:\\\/\\\/www.musikzeitung.ch\\\/\",\"name\":\"Schweizer Musikzeitung\",\"description\":\"Die f\u00fchrende sparten\u00fcbergreifende Monatszeitung in der Schweiz f\u00fcr musikalische Fragen.\",\"publisher\":{\"@id\":\"https:\\\/\\\/www.musikzeitung.ch\\\/#organization\"},\"potentialAction\":[{\"@type\":\"SearchAction\",\"target\":{\"@type\":\"EntryPoint\",\"urlTemplate\":\"https:\\\/\\\/www.musikzeitung.ch\\\/?s={search_term_string}\"},\"query-input\":{\"@type\":\"PropertyValueSpecification\",\"valueRequired\":true,\"valueName\":\"search_term_string\"}}],\"inLanguage\":\"en-US\"},{\"@type\":\"Organization\",\"@id\":\"https:\\\/\\\/www.musikzeitung.ch\\\/#organization\",\"name\":\"Schweizer Musikzeitung\",\"url\":\"https:\\\/\\\/www.musikzeitung.ch\\\/\",\"logo\":{\"@type\":\"ImageObject\",\"inLanguage\":\"en-US\",\"@id\":\"https:\\\/\\\/www.musikzeitung.ch\\\/#\\\/schema\\\/logo\\\/image\\\/\",\"url\":\"https:\\\/\\\/www.musikzeitung.ch\\\/wp-content\\\/uploads\\\/2023\\\/01\\\/SMZ_Schriftzug_Sprache.png\",\"contentUrl\":\"https:\\\/\\\/www.musikzeitung.ch\\\/wp-content\\\/uploads\\\/2023\\\/01\\\/SMZ_Schriftzug_Sprache.png\",\"width\":1400,\"height\":279,\"caption\":\"Schweizer Musikzeitung\"},\"image\":{\"@id\":\"https:\\\/\\\/www.musikzeitung.ch\\\/#\\\/schema\\\/logo\\\/image\\\/\"},\"sameAs\":[\"https:\\\/\\\/www.facebook.com\\\/SchweizerMusikzeitung\\\/\",\"https:\\\/\\\/x.com\\\/smusikzeitung\",\"https:\\\/\\\/www.instagram.com\\\/musikzeitung.ch\\\/\"]},{\"@type\":\"Person\",\"@id\":\"https:\\\/\\\/www.musikzeitung.ch\\\/#\\\/schema\\\/person\\\/0da4fb82d243f1252850a35d0e87cf0c\",\"name\":\"Wolfgang B\u00f6hler\",\"image\":{\"@type\":\"ImageObject\",\"inLanguage\":\"en-US\",\"@id\":\"https:\\\/\\\/www.musikzeitung.ch\\\/wp-content\\\/uploads\\\/2023\\\/01\\\/boehler_portraet_web-e1674139782246-96x96.jpg\",\"url\":\"https:\\\/\\\/www.musikzeitung.ch\\\/wp-content\\\/uploads\\\/2023\\\/01\\\/boehler_portraet_web-e1674139782246-96x96.jpg\",\"contentUrl\":\"https:\\\/\\\/www.musikzeitung.ch\\\/wp-content\\\/uploads\\\/2023\\\/01\\\/boehler_portraet_web-e1674139782246-96x96.jpg\",\"caption\":\"Wolfgang B\u00f6hler\"},\"sameAs\":[\"http:\\\/\\\/www.manacanto.ch\",\"https:\\\/\\\/www.facebook.com\\\/wolfgang.bohler.75\"],\"url\":\"https:\\\/\\\/www.musikzeitung.ch\\\/en\\\/author\\\/wolfgang-boehler\"}]}<\/script>\n<!-- \/ Yoast SEO plugin. -->","yoast_head_json":{"title":"Urba\u0144ski's contract in Bern is extended until 2032 - Schweizer Musikzeitung","description":"The Bern Symphony Orchestra is continuing its collaboration with Chief Conductor Krzysztof Urba\u0144ski for a further five seasons until 2032.","robots":{"index":"index","follow":"follow","max-snippet":"max-snippet:-1","max-image-preview":"max-image-preview:large","max-video-preview":"max-video-preview:-1"},"canonical":"https:\/\/www.musikzeitung.ch\/en\/news\/2026\/02\/berner-vertrag-urbanskis-wird-bis-2032-verlaengert\/","og_locale":"en_US","og_type":"article","og_title":"Berner Vertrag Urba\u0144skis wird bis 2032 verl\u00e4ngert - Schweizer Musikzeitung","og_description":"Das Berner Symphonieorchester setzt die Zusammenarbeit mit Chefdirigent Krzysztof Urba\u0144ski um weitere f\u00fcnf Spielzeiten bis 2032 fort.","og_url":"https:\/\/www.musikzeitung.ch\/en\/news\/2026\/02\/berner-vertrag-urbanskis-wird-bis-2032-verlaengert\/","og_site_name":"Schweizer Musikzeitung","article_publisher":"https:\/\/www.facebook.com\/SchweizerMusikzeitung\/","article_author":"https:\/\/www.facebook.com\/wolfgang.bohler.75","article_published_time":"2026-02-18T05:44:05+00:00","article_modified_time":"2026-02-18T15:02:26+00:00","og_image":[{"width":991,"height":655,"url":"https:\/\/www.musikzeitung.ch\/wp-content\/uploads\/2026\/02\/260218urbanski.jpg","type":"image\/jpeg"}],"author":"Wolfgang B\u00f6hler","twitter_card":"summary_large_image","twitter_creator":"@smusikzeitung","twitter_site":"@smusikzeitung","twitter_misc":{"Written by":"Wolfgang B\u00f6hler","Est. reading time":"1 minute"},"schema":{"@context":"https:\/\/schema.org","@graph":[{"@type":"Article","@id":"https:\/\/www.musikzeitung.ch\/news\/2026\/02\/berner-vertrag-urbanskis-wird-bis-2032-verlaengert#article","isPartOf":{"@id":"https:\/\/www.musikzeitung.ch\/news\/2026\/02\/berner-vertrag-urbanskis-wird-bis-2032-verlaengert"},"author":{"name":"Wolfgang B\u00f6hler","@id":"https:\/\/www.musikzeitung.ch\/#\/schema\/person\/0da4fb82d243f1252850a35d0e87cf0c"},"headline":"Berner Vertrag Urba\u0144skis wird bis 2032 verl\u00e4ngert","datePublished":"2026-02-18T05:44:05+00:00","dateModified":"2026-02-18T15:02:26+00:00","mainEntityOfPage":{"@id":"https:\/\/www.musikzeitung.ch\/news\/2026\/02\/berner-vertrag-urbanskis-wird-bis-2032-verlaengert"},"wordCount":122,"publisher":{"@id":"https:\/\/www.musikzeitung.ch\/#organization"},"image":{"@id":"https:\/\/www.musikzeitung.ch\/news\/2026\/02\/berner-vertrag-urbanskis-wird-bis-2032-verlaengert#primaryimage"},"thumbnailUrl":"https:\/\/www.musikzeitung.ch\/wp-content\/uploads\/2026\/02\/260218urbanski.jpg","keywords":["Berner Symphonieorchester","Krzysztof Urba\u0144ski"],"articleSection":["News","Personen"],"inLanguage":"en-US"},{"@type":"WebPage","@id":"https:\/\/www.musikzeitung.ch\/news\/2026\/02\/berner-vertrag-urbanskis-wird-bis-2032-verlaengert","url":"https:\/\/www.musikzeitung.ch\/news\/2026\/02\/berner-vertrag-urbanskis-wird-bis-2032-verlaengert","name":"Urba\u0144ski's contract in Bern is extended until 2032 - Schweizer Musikzeitung","isPartOf":{"@id":"https:\/\/www.musikzeitung.ch\/#website"},"primaryImageOfPage":{"@id":"https:\/\/www.musikzeitung.ch\/news\/2026\/02\/berner-vertrag-urbanskis-wird-bis-2032-verlaengert#primaryimage"},"image":{"@id":"https:\/\/www.musikzeitung.ch\/news\/2026\/02\/berner-vertrag-urbanskis-wird-bis-2032-verlaengert#primaryimage"},"thumbnailUrl":"https:\/\/www.musikzeitung.ch\/wp-content\/uploads\/2026\/02\/260218urbanski.jpg","datePublished":"2026-02-18T05:44:05+00:00","dateModified":"2026-02-18T15:02:26+00:00","description":"The Bern Symphony Orchestra is continuing its collaboration with Chief Conductor Krzysztof Urba\u0144ski for a further five seasons until 2032.","breadcrumb":{"@id":"https:\/\/www.musikzeitung.ch\/news\/2026\/02\/berner-vertrag-urbanskis-wird-bis-2032-verlaengert#breadcrumb"},"inLanguage":"en-US","potentialAction":[{"@type":"ReadAction","target":["https:\/\/www.musikzeitung.ch\/news\/2026\/02\/berner-vertrag-urbanskis-wird-bis-2032-verlaengert"]}]},{"@type":"ImageObject","inLanguage":"en-US","@id":"https:\/\/www.musikzeitung.ch\/news\/2026\/02\/berner-vertrag-urbanskis-wird-bis-2032-verlaengert#primaryimage","url":"https:\/\/www.musikzeitung.ch\/wp-content\/uploads\/2026\/02\/260218urbanski.jpg","contentUrl":"https:\/\/www.musikzeitung.ch\/wp-content\/uploads\/2026\/02\/260218urbanski.jpg","width":991,"height":655,"caption":"Krzysztof Urba\u0144ski (Bild: Christian Kaufmann)"},{"@type":"BreadcrumbList","@id":"https:\/\/www.musikzeitung.ch\/news\/2026\/02\/berner-vertrag-urbanskis-wird-bis-2032-verlaengert#breadcrumb","itemListElement":[{"@type":"ListItem","position":1,"name":"Home","item":"https:\/\/www.musikzeitung.ch\/"},{"@type":"ListItem","position":2,"name":"Berner Vertrag Urba\u0144skis wird bis 2032 verl\u00e4ngert"}]},{"@type":"WebSite","@id":"https:\/\/www.musikzeitung.ch\/#website","url":"https:\/\/www.musikzeitung.ch\/","name":"Swiss Music Newspaper","description":"The leading interdisciplinary monthly newspaper in Switzerland for musical issues.","publisher":{"@id":"https:\/\/www.musikzeitung.ch\/#organization"},"potentialAction":[{"@type":"SearchAction","target":{"@type":"EntryPoint","urlTemplate":"https:\/\/www.musikzeitung.ch\/?s={search_term_string}"},"query-input":{"@type":"PropertyValueSpecification","valueRequired":true,"valueName":"search_term_string"}}],"inLanguage":"en-US"},{"@type":"Organization","@id":"https:\/\/www.musikzeitung.ch\/#organization","name":"Swiss Music Newspaper","url":"https:\/\/www.musikzeitung.ch\/","logo":{"@type":"ImageObject","inLanguage":"en-US","@id":"https:\/\/www.musikzeitung.ch\/#\/schema\/logo\/image\/","url":"https:\/\/www.musikzeitung.ch\/wp-content\/uploads\/2023\/01\/SMZ_Schriftzug_Sprache.png","contentUrl":"https:\/\/www.musikzeitung.ch\/wp-content\/uploads\/2023\/01\/SMZ_Schriftzug_Sprache.png","width":1400,"height":279,"caption":"Schweizer Musikzeitung"},"image":{"@id":"https:\/\/www.musikzeitung.ch\/#\/schema\/logo\/image\/"},"sameAs":["https:\/\/www.facebook.com\/SchweizerMusikzeitung\/","https:\/\/x.com\/smusikzeitung","https:\/\/www.instagram.com\/musikzeitung.ch\/"]},{"@type":"Person","@id":"https:\/\/www.musikzeitung.ch\/#\/schema\/person\/0da4fb82d243f1252850a35d0e87cf0c","name":"Wolfgang B\u00f6hler","image":{"@type":"ImageObject","inLanguage":"en-US","@id":"https:\/\/www.musikzeitung.ch\/wp-content\/uploads\/2023\/01\/boehler_portraet_web-e1674139782246-96x96.jpg","url":"https:\/\/www.musikzeitung.ch\/wp-content\/uploads\/2023\/01\/boehler_portraet_web-e1674139782246-96x96.jpg","contentUrl":"https:\/\/www.musikzeitung.ch\/wp-content\/uploads\/2023\/01\/boehler_portraet_web-e1674139782246-96x96.jpg","caption":"Wolfgang B\u00f6hler"},"sameAs":["http:\/\/www.manacanto.ch","https:\/\/www.facebook.com\/wolfgang.bohler.75"],"url":"https:\/\/www.musikzeitung.ch\/en\/author\/wolfgang-boehler"}]}},"publishpress_future_workflow_manual_trigger":{"enabledWorkflows":[]},"_links":{"self":[{"href":"https:\/\/www.musikzeitung.ch\/en\/wp-json\/wp\/v2\/posts\/71130","targetHints":{"allow":["GET"]}}],"collection":[{"href":"https:\/\/www.musikzeitung.ch\/en\/wp-json\/wp\/v2\/posts"}],"about":[{"href":"https:\/\/www.musikzeitung.ch\/en\/wp-json\/wp\/v2\/types\/post"}],"author":[{"embeddable":true,"href":"https:\/\/www.musikzeitung.ch\/en\/wp-json\/wp\/v2\/users\/30"}],"replies":[{"embeddable":true,"href":"https:\/\/www.musikzeitung.ch\/en\/wp-json\/wp\/v2\/comments?post=71130"}],"version-history":[{"count":4,"href":"https:\/\/www.musikzeitung.ch\/en\/wp-json\/wp\/v2\/posts\/71130\/revisions"}],"predecessor-version":[{"id":71167,"href":"https:\/\/www.musikzeitung.ch\/en\/wp-json\/wp\/v2\/posts\/71130\/revisions\/71167"}],"wp:featuredmedia":[{"embeddable":true,"href":"https:\/\/www.musikzeitung.ch\/en\/wp-json\/wp\/v2\/media\/71131"}],"wp:attachment":[{"href":"https:\/\/www.musikzeitung.ch\/en\/wp-json\/wp\/v2\/media?parent=71130"}],"wp:term":[{"taxonomy":"category","embeddable":true,"href":"https:\/\/www.musikzeitung.ch\/en\/wp-json\/wp\/v2\/categories?post=71130"},{"taxonomy":"post_tag","embeddable":true,"href":"https:\/\/www.musikzeitung.ch\/en\/wp-json\/wp\/v2\/tags?post=71130"}],"curies":[{"name":"wp","href":"https:\/\/api.w.org\/{rel}","templated":true}]}}