{"id":71367,"date":"2026-03-02T12:29:31","date_gmt":"2026-03-02T11:29:31","guid":{"rendered":"https:\/\/www.musikzeitung.ch\/?p=71367"},"modified":"2026-03-02T14:22:00","modified_gmt":"2026-03-02T13:22:00","slug":"bach-stiftung-st-gallen-mit-leipziger-bach-medaille-geehrt","status":"publish","type":"post","link":"https:\/\/www.musikzeitung.ch\/en\/news\/2026\/03\/bach-stiftung-st-gallen-mit-leipziger-bach-medaille-geehrt","title":{"rendered":"Bach Foundation St. Gallen honored with Leipzig Bach Medal"},"content":{"rendered":"<figure id=\"attachment_71370\" aria-describedby=\"caption-attachment-71370\" style=\"width: 1400px\" class=\"wp-caption aligncenter\"><img loading=\"lazy\" decoding=\"async\" class=\"wp-image-71370 size-full\" src=\"https:\/\/www.musikzeitung.ch\/wp-content\/uploads\/2026\/03\/Bach_Leipzig.jpg\" alt=\"\" width=\"1400\" height=\"933\" srcset=\"https:\/\/www.musikzeitung.ch\/wp-content\/uploads\/2026\/03\/Bach_Leipzig.jpg 1400w, https:\/\/www.musikzeitung.ch\/wp-content\/uploads\/2026\/03\/Bach_Leipzig-300x200.jpg 300w, https:\/\/www.musikzeitung.ch\/wp-content\/uploads\/2026\/03\/Bach_Leipzig-1024x682.jpg 1024w, https:\/\/www.musikzeitung.ch\/wp-content\/uploads\/2026\/03\/Bach_Leipzig-600x400.jpg 600w, https:\/\/www.musikzeitung.ch\/wp-content\/uploads\/2026\/03\/Bach_Leipzig-768x512.jpg 768w, https:\/\/www.musikzeitung.ch\/wp-content\/uploads\/2026\/03\/Bach_Leipzig-1536x1023.jpg 1536w, https:\/\/www.musikzeitung.ch\/wp-content\/uploads\/2026\/03\/Bach_Leipzig-2048x1364.jpg 2048w, https:\/\/www.musikzeitung.ch\/wp-content\/uploads\/2026\/03\/Bach_Leipzig-18x12.jpg 18w, https:\/\/www.musikzeitung.ch\/wp-content\/uploads\/2026\/03\/Bach_Leipzig-263x175.jpg 263w, https:\/\/www.musikzeitung.ch\/wp-content\/uploads\/2026\/03\/Bach_Leipzig-525x350.jpg 525w, https:\/\/www.musikzeitung.ch\/wp-content\/uploads\/2026\/03\/Bach_Leipzig-1201x800.jpg 1201w, https:\/\/www.musikzeitung.ch\/wp-content\/uploads\/2026\/03\/Bach_Leipzig-920x613.jpg 920w\" sizes=\"auto, (max-width: 1400px) 100vw, 1400px\" \/><figcaption id=\"caption-attachment-71370\" class=\"wp-caption-text\">Johann Sebastian Bach monument in Leipzig. Photo: SMZ\/ks<\/figcaption><\/figure>\n<p>With this award, the city of Leipzig is honoring \u00aba long-term project that is unique in the international cultivation of Bach\u00bb, according to its press release: since 2006, the foundation has been pursuing the goal of performing the complete vocal works of Johann Sebastian Bach in monthly concerts. The award will be presented as part of the Leipzig Bach Festival 2026.<\/p>\n<p>For twenty years, the foundation's choir and orchestra have set the highest artistic standards under the direction of Rudolf Lutz, the city of Leipzig continues. With this consistently long-term project, the foundation has set standards in the mediation and performance of Bach's vocal music. The combination of historically informed performance practice, a scientifically sound introduction to the work and modern media dissemination has made the St. Gallen-based company a model of sustainable music education in the 21st century.<\/p>\n<p>The Bach Medal of the City of Leipzig has already been awarded to Marcel Ponseele (2025), Andreas Staier (2024), the Thomanerchor Leipzig (2023), Sir Andr\u00e1s Schiff (2022), Hans-Joachim Schulze and Christoph Wolff (2021), among others, for special services to the cultivation of Bach's works, Angela Hewitt (2020), Robert Levin (2018), Masaaki Suzuki (2012), Herbert Blomstedt (2011), Philippe Herreweghe (2010), Nikolaus Harnoncourt \u2020 (2007), Ton Koopman (2006), Sir John Eliot Gardiner (2005) and Helmuth Rilling (2004).<\/p>","protected":false},"excerpt":{"rendered":"<p>The City of Leipzig awards its 2026 Bach Medal to the J. S. Bach Foundation St. Gallen<\/p>","protected":false},"author":30,"featured_media":71370,"comment_status":"closed","ping_status":"closed","sticky":false,"template":"","format":"standard","meta":{"_acf_changed":false,"_relevanssi_hide_post":"","_relevanssi_hide_content":"","_relevanssi_pin_for_all":"","_relevanssi_pin_keywords":"","_relevanssi_unpin_keywords":"","_relevanssi_related_keywords":"","_relevanssi_related_include_ids":"","_relevanssi_related_exclude_ids":"","_relevanssi_related_no_append":"","_relevanssi_related_not_related":"","_relevanssi_related_posts":"","_relevanssi_noindex_reason":"","pgc_sgb_lightbox_settings":"","footnotes":""},"categories":[27],"tags":[3556,5526],"class_list":["post-71367","post","type-post","status-publish","format-standard","has-post-thumbnail","hentry","category-news","tag-bach-medaille-der-stadt-leipzig","tag-j-s-bach-stiftung-st-gallen"],"acf":[],"yoast_head":"<!-- This site is optimized with the Yoast SEO plugin v27.4 - https:\/\/yoast.com\/product\/yoast-seo-wordpress\/ -->\n<title>Bach-Stiftung St. Gallen mit Leipziger Bach-Medaille geehrt - Schweizer Musikzeitung<\/title>\n<meta name=\"description\" content=\"Die Stadt Leipzig vergibt ihre Bach-Medaille 2026 an die J. S. Bach-Stiftung St. Gallen\" \/>\n<meta name=\"robots\" content=\"index, follow, max-snippet:-1, max-image-preview:large, max-video-preview:-1\" \/>\n<link rel=\"canonical\" href=\"https:\/\/www.musikzeitung.ch\/en\/news\/2026\/03\/bach-stiftung-st-gallen-mit-leipziger-bach-medaille-geehrt\/\" \/>\n<meta property=\"og:locale\" content=\"en_US\" \/>\n<meta property=\"og:type\" content=\"article\" \/>\n<meta property=\"og:title\" content=\"Bach-Stiftung St. Gallen mit Leipziger Bach-Medaille geehrt - Schweizer Musikzeitung\" \/>\n<meta property=\"og:description\" content=\"Die Stadt Leipzig vergibt ihre Bach-Medaille 2026 an die J. S. Bach-Stiftung St. Gallen\" \/>\n<meta property=\"og:url\" content=\"https:\/\/www.musikzeitung.ch\/en\/news\/2026\/03\/bach-stiftung-st-gallen-mit-leipziger-bach-medaille-geehrt\/\" \/>\n<meta property=\"og:site_name\" content=\"Schweizer Musikzeitung\" \/>\n<meta property=\"article:publisher\" content=\"https:\/\/www.facebook.com\/SchweizerMusikzeitung\/\" \/>\n<meta property=\"article:author\" content=\"https:\/\/www.facebook.com\/wolfgang.bohler.75\" \/>\n<meta property=\"article:published_time\" content=\"2026-03-02T11:29:31+00:00\" \/>\n<meta property=\"article:modified_time\" content=\"2026-03-02T13:22:00+00:00\" \/>\n<meta property=\"og:image\" content=\"https:\/\/www.musikzeitung.ch\/wp-content\/uploads\/2026\/03\/Bach_Leipzig.jpg\" \/>\n\t<meta property=\"og:image:width\" content=\"1400\" \/>\n\t<meta property=\"og:image:height\" content=\"933\" \/>\n\t<meta property=\"og:image:type\" content=\"image\/jpeg\" \/>\n<meta name=\"author\" content=\"Wolfgang B\u00f6hler\" \/>\n<meta name=\"twitter:card\" content=\"summary_large_image\" \/>\n<meta name=\"twitter:creator\" content=\"@smusikzeitung\" \/>\n<meta name=\"twitter:site\" content=\"@smusikzeitung\" \/>\n<meta name=\"twitter:label1\" content=\"Written by\" \/>\n\t<meta name=\"twitter:data1\" content=\"Wolfgang B\u00f6hler\" \/>\n\t<meta name=\"twitter:label2\" content=\"Est. reading time\" \/>\n\t<meta name=\"twitter:data2\" content=\"2 minutes\" \/>\n<script type=\"application\/ld+json\" class=\"yoast-schema-graph\">{\"@context\":\"https:\\\/\\\/schema.org\",\"@graph\":[{\"@type\":\"Article\",\"@id\":\"https:\\\/\\\/www.musikzeitung.ch\\\/news\\\/2026\\\/03\\\/bach-stiftung-st-gallen-mit-leipziger-bach-medaille-geehrt#article\",\"isPartOf\":{\"@id\":\"https:\\\/\\\/www.musikzeitung.ch\\\/news\\\/2026\\\/03\\\/bach-stiftung-st-gallen-mit-leipziger-bach-medaille-geehrt\"},\"author\":{\"name\":\"Wolfgang B\u00f6hler\",\"@id\":\"https:\\\/\\\/www.musikzeitung.ch\\\/#\\\/schema\\\/person\\\/0da4fb82d243f1252850a35d0e87cf0c\"},\"headline\":\"Bach-Stiftung St. Gallen mit Leipziger Bach-Medaille geehrt\",\"datePublished\":\"2026-03-02T11:29:31+00:00\",\"dateModified\":\"2026-03-02T13:22:00+00:00\",\"mainEntityOfPage\":{\"@id\":\"https:\\\/\\\/www.musikzeitung.ch\\\/news\\\/2026\\\/03\\\/bach-stiftung-st-gallen-mit-leipziger-bach-medaille-geehrt\"},\"wordCount\":196,\"publisher\":{\"@id\":\"https:\\\/\\\/www.musikzeitung.ch\\\/#organization\"},\"image\":{\"@id\":\"https:\\\/\\\/www.musikzeitung.ch\\\/news\\\/2026\\\/03\\\/bach-stiftung-st-gallen-mit-leipziger-bach-medaille-geehrt#primaryimage\"},\"thumbnailUrl\":\"https:\\\/\\\/www.musikzeitung.ch\\\/wp-content\\\/uploads\\\/2026\\\/03\\\/Bach_Leipzig.jpg\",\"keywords\":[\"Bach-Medaille der Stadt Leipzig\",\"J.S. Bach-Stiftung St. Gallen\"],\"articleSection\":[\"News\"],\"inLanguage\":\"en-US\"},{\"@type\":\"WebPage\",\"@id\":\"https:\\\/\\\/www.musikzeitung.ch\\\/news\\\/2026\\\/03\\\/bach-stiftung-st-gallen-mit-leipziger-bach-medaille-geehrt\",\"url\":\"https:\\\/\\\/www.musikzeitung.ch\\\/news\\\/2026\\\/03\\\/bach-stiftung-st-gallen-mit-leipziger-bach-medaille-geehrt\",\"name\":\"Bach-Stiftung St. Gallen mit Leipziger Bach-Medaille geehrt - Schweizer Musikzeitung\",\"isPartOf\":{\"@id\":\"https:\\\/\\\/www.musikzeitung.ch\\\/#website\"},\"primaryImageOfPage\":{\"@id\":\"https:\\\/\\\/www.musikzeitung.ch\\\/news\\\/2026\\\/03\\\/bach-stiftung-st-gallen-mit-leipziger-bach-medaille-geehrt#primaryimage\"},\"image\":{\"@id\":\"https:\\\/\\\/www.musikzeitung.ch\\\/news\\\/2026\\\/03\\\/bach-stiftung-st-gallen-mit-leipziger-bach-medaille-geehrt#primaryimage\"},\"thumbnailUrl\":\"https:\\\/\\\/www.musikzeitung.ch\\\/wp-content\\\/uploads\\\/2026\\\/03\\\/Bach_Leipzig.jpg\",\"datePublished\":\"2026-03-02T11:29:31+00:00\",\"dateModified\":\"2026-03-02T13:22:00+00:00\",\"description\":\"Die Stadt Leipzig vergibt ihre Bach-Medaille 2026 an die J. S. Bach-Stiftung St. Gallen\",\"breadcrumb\":{\"@id\":\"https:\\\/\\\/www.musikzeitung.ch\\\/news\\\/2026\\\/03\\\/bach-stiftung-st-gallen-mit-leipziger-bach-medaille-geehrt#breadcrumb\"},\"inLanguage\":\"en-US\",\"potentialAction\":[{\"@type\":\"ReadAction\",\"target\":[\"https:\\\/\\\/www.musikzeitung.ch\\\/news\\\/2026\\\/03\\\/bach-stiftung-st-gallen-mit-leipziger-bach-medaille-geehrt\"]}]},{\"@type\":\"ImageObject\",\"inLanguage\":\"en-US\",\"@id\":\"https:\\\/\\\/www.musikzeitung.ch\\\/news\\\/2026\\\/03\\\/bach-stiftung-st-gallen-mit-leipziger-bach-medaille-geehrt#primaryimage\",\"url\":\"https:\\\/\\\/www.musikzeitung.ch\\\/wp-content\\\/uploads\\\/2026\\\/03\\\/Bach_Leipzig.jpg\",\"contentUrl\":\"https:\\\/\\\/www.musikzeitung.ch\\\/wp-content\\\/uploads\\\/2026\\\/03\\\/Bach_Leipzig.jpg\",\"width\":1400,\"height\":933},{\"@type\":\"BreadcrumbList\",\"@id\":\"https:\\\/\\\/www.musikzeitung.ch\\\/news\\\/2026\\\/03\\\/bach-stiftung-st-gallen-mit-leipziger-bach-medaille-geehrt#breadcrumb\",\"itemListElement\":[{\"@type\":\"ListItem\",\"position\":1,\"name\":\"Home\",\"item\":\"https:\\\/\\\/www.musikzeitung.ch\\\/\"},{\"@type\":\"ListItem\",\"position\":2,\"name\":\"Bach-Stiftung St. Gallen mit Leipziger Bach-Medaille geehrt\"}]},{\"@type\":\"WebSite\",\"@id\":\"https:\\\/\\\/www.musikzeitung.ch\\\/#website\",\"url\":\"https:\\\/\\\/www.musikzeitung.ch\\\/\",\"name\":\"Schweizer Musikzeitung\",\"description\":\"Die f\u00fchrende sparten\u00fcbergreifende Monatszeitung in der Schweiz f\u00fcr musikalische Fragen.\",\"publisher\":{\"@id\":\"https:\\\/\\\/www.musikzeitung.ch\\\/#organization\"},\"potentialAction\":[{\"@type\":\"SearchAction\",\"target\":{\"@type\":\"EntryPoint\",\"urlTemplate\":\"https:\\\/\\\/www.musikzeitung.ch\\\/?s={search_term_string}\"},\"query-input\":{\"@type\":\"PropertyValueSpecification\",\"valueRequired\":true,\"valueName\":\"search_term_string\"}}],\"inLanguage\":\"en-US\"},{\"@type\":\"Organization\",\"@id\":\"https:\\\/\\\/www.musikzeitung.ch\\\/#organization\",\"name\":\"Schweizer Musikzeitung\",\"url\":\"https:\\\/\\\/www.musikzeitung.ch\\\/\",\"logo\":{\"@type\":\"ImageObject\",\"inLanguage\":\"en-US\",\"@id\":\"https:\\\/\\\/www.musikzeitung.ch\\\/#\\\/schema\\\/logo\\\/image\\\/\",\"url\":\"https:\\\/\\\/www.musikzeitung.ch\\\/wp-content\\\/uploads\\\/2023\\\/01\\\/SMZ_Schriftzug_Sprache.png\",\"contentUrl\":\"https:\\\/\\\/www.musikzeitung.ch\\\/wp-content\\\/uploads\\\/2023\\\/01\\\/SMZ_Schriftzug_Sprache.png\",\"width\":1400,\"height\":279,\"caption\":\"Schweizer Musikzeitung\"},\"image\":{\"@id\":\"https:\\\/\\\/www.musikzeitung.ch\\\/#\\\/schema\\\/logo\\\/image\\\/\"},\"sameAs\":[\"https:\\\/\\\/www.facebook.com\\\/SchweizerMusikzeitung\\\/\",\"https:\\\/\\\/x.com\\\/smusikzeitung\",\"https:\\\/\\\/www.instagram.com\\\/musikzeitung.ch\\\/\"]},{\"@type\":\"Person\",\"@id\":\"https:\\\/\\\/www.musikzeitung.ch\\\/#\\\/schema\\\/person\\\/0da4fb82d243f1252850a35d0e87cf0c\",\"name\":\"Wolfgang B\u00f6hler\",\"image\":{\"@type\":\"ImageObject\",\"inLanguage\":\"en-US\",\"@id\":\"https:\\\/\\\/www.musikzeitung.ch\\\/wp-content\\\/uploads\\\/2023\\\/01\\\/boehler_portraet_web-e1674139782246-96x96.jpg\",\"url\":\"https:\\\/\\\/www.musikzeitung.ch\\\/wp-content\\\/uploads\\\/2023\\\/01\\\/boehler_portraet_web-e1674139782246-96x96.jpg\",\"contentUrl\":\"https:\\\/\\\/www.musikzeitung.ch\\\/wp-content\\\/uploads\\\/2023\\\/01\\\/boehler_portraet_web-e1674139782246-96x96.jpg\",\"caption\":\"Wolfgang B\u00f6hler\"},\"sameAs\":[\"http:\\\/\\\/www.manacanto.ch\",\"https:\\\/\\\/www.facebook.com\\\/wolfgang.bohler.75\"],\"url\":\"https:\\\/\\\/www.musikzeitung.ch\\\/en\\\/author\\\/wolfgang-boehler\"}]}<\/script>\n<!-- \/ Yoast SEO plugin. -->","yoast_head_json":{"title":"Bach Foundation St. Gallen honored with Leipzig Bach Medal - Schweizer Musikzeitung","description":"The City of Leipzig awards its 2026 Bach Medal to the J. S. Bach Foundation St. Gallen","robots":{"index":"index","follow":"follow","max-snippet":"max-snippet:-1","max-image-preview":"max-image-preview:large","max-video-preview":"max-video-preview:-1"},"canonical":"https:\/\/www.musikzeitung.ch\/en\/news\/2026\/03\/bach-stiftung-st-gallen-mit-leipziger-bach-medaille-geehrt\/","og_locale":"en_US","og_type":"article","og_title":"Bach-Stiftung St. Gallen mit Leipziger Bach-Medaille geehrt - Schweizer Musikzeitung","og_description":"Die Stadt Leipzig vergibt ihre Bach-Medaille 2026 an die J. S. Bach-Stiftung St. Gallen","og_url":"https:\/\/www.musikzeitung.ch\/en\/news\/2026\/03\/bach-stiftung-st-gallen-mit-leipziger-bach-medaille-geehrt\/","og_site_name":"Schweizer Musikzeitung","article_publisher":"https:\/\/www.facebook.com\/SchweizerMusikzeitung\/","article_author":"https:\/\/www.facebook.com\/wolfgang.bohler.75","article_published_time":"2026-03-02T11:29:31+00:00","article_modified_time":"2026-03-02T13:22:00+00:00","og_image":[{"width":1400,"height":933,"url":"https:\/\/www.musikzeitung.ch\/wp-content\/uploads\/2026\/03\/Bach_Leipzig.jpg","type":"image\/jpeg"}],"author":"Wolfgang B\u00f6hler","twitter_card":"summary_large_image","twitter_creator":"@smusikzeitung","twitter_site":"@smusikzeitung","twitter_misc":{"Written by":"Wolfgang B\u00f6hler","Est. reading time":"2 minutes"},"schema":{"@context":"https:\/\/schema.org","@graph":[{"@type":"Article","@id":"https:\/\/www.musikzeitung.ch\/news\/2026\/03\/bach-stiftung-st-gallen-mit-leipziger-bach-medaille-geehrt#article","isPartOf":{"@id":"https:\/\/www.musikzeitung.ch\/news\/2026\/03\/bach-stiftung-st-gallen-mit-leipziger-bach-medaille-geehrt"},"author":{"name":"Wolfgang B\u00f6hler","@id":"https:\/\/www.musikzeitung.ch\/#\/schema\/person\/0da4fb82d243f1252850a35d0e87cf0c"},"headline":"Bach-Stiftung St. Gallen mit Leipziger Bach-Medaille geehrt","datePublished":"2026-03-02T11:29:31+00:00","dateModified":"2026-03-02T13:22:00+00:00","mainEntityOfPage":{"@id":"https:\/\/www.musikzeitung.ch\/news\/2026\/03\/bach-stiftung-st-gallen-mit-leipziger-bach-medaille-geehrt"},"wordCount":196,"publisher":{"@id":"https:\/\/www.musikzeitung.ch\/#organization"},"image":{"@id":"https:\/\/www.musikzeitung.ch\/news\/2026\/03\/bach-stiftung-st-gallen-mit-leipziger-bach-medaille-geehrt#primaryimage"},"thumbnailUrl":"https:\/\/www.musikzeitung.ch\/wp-content\/uploads\/2026\/03\/Bach_Leipzig.jpg","keywords":["Bach-Medaille der Stadt Leipzig","J.S. Bach-Stiftung St. Gallen"],"articleSection":["News"],"inLanguage":"en-US"},{"@type":"WebPage","@id":"https:\/\/www.musikzeitung.ch\/news\/2026\/03\/bach-stiftung-st-gallen-mit-leipziger-bach-medaille-geehrt","url":"https:\/\/www.musikzeitung.ch\/news\/2026\/03\/bach-stiftung-st-gallen-mit-leipziger-bach-medaille-geehrt","name":"Bach Foundation St. Gallen honored with Leipzig Bach Medal - Schweizer Musikzeitung","isPartOf":{"@id":"https:\/\/www.musikzeitung.ch\/#website"},"primaryImageOfPage":{"@id":"https:\/\/www.musikzeitung.ch\/news\/2026\/03\/bach-stiftung-st-gallen-mit-leipziger-bach-medaille-geehrt#primaryimage"},"image":{"@id":"https:\/\/www.musikzeitung.ch\/news\/2026\/03\/bach-stiftung-st-gallen-mit-leipziger-bach-medaille-geehrt#primaryimage"},"thumbnailUrl":"https:\/\/www.musikzeitung.ch\/wp-content\/uploads\/2026\/03\/Bach_Leipzig.jpg","datePublished":"2026-03-02T11:29:31+00:00","dateModified":"2026-03-02T13:22:00+00:00","description":"The City of Leipzig awards its 2026 Bach Medal to the J. S. Bach Foundation St. Gallen","breadcrumb":{"@id":"https:\/\/www.musikzeitung.ch\/news\/2026\/03\/bach-stiftung-st-gallen-mit-leipziger-bach-medaille-geehrt#breadcrumb"},"inLanguage":"en-US","potentialAction":[{"@type":"ReadAction","target":["https:\/\/www.musikzeitung.ch\/news\/2026\/03\/bach-stiftung-st-gallen-mit-leipziger-bach-medaille-geehrt"]}]},{"@type":"ImageObject","inLanguage":"en-US","@id":"https:\/\/www.musikzeitung.ch\/news\/2026\/03\/bach-stiftung-st-gallen-mit-leipziger-bach-medaille-geehrt#primaryimage","url":"https:\/\/www.musikzeitung.ch\/wp-content\/uploads\/2026\/03\/Bach_Leipzig.jpg","contentUrl":"https:\/\/www.musikzeitung.ch\/wp-content\/uploads\/2026\/03\/Bach_Leipzig.jpg","width":1400,"height":933},{"@type":"BreadcrumbList","@id":"https:\/\/www.musikzeitung.ch\/news\/2026\/03\/bach-stiftung-st-gallen-mit-leipziger-bach-medaille-geehrt#breadcrumb","itemListElement":[{"@type":"ListItem","position":1,"name":"Home","item":"https:\/\/www.musikzeitung.ch\/"},{"@type":"ListItem","position":2,"name":"Bach-Stiftung St. Gallen mit Leipziger Bach-Medaille geehrt"}]},{"@type":"WebSite","@id":"https:\/\/www.musikzeitung.ch\/#website","url":"https:\/\/www.musikzeitung.ch\/","name":"Swiss Music Newspaper","description":"The leading interdisciplinary monthly newspaper in Switzerland for musical issues.","publisher":{"@id":"https:\/\/www.musikzeitung.ch\/#organization"},"potentialAction":[{"@type":"SearchAction","target":{"@type":"EntryPoint","urlTemplate":"https:\/\/www.musikzeitung.ch\/?s={search_term_string}"},"query-input":{"@type":"PropertyValueSpecification","valueRequired":true,"valueName":"search_term_string"}}],"inLanguage":"en-US"},{"@type":"Organization","@id":"https:\/\/www.musikzeitung.ch\/#organization","name":"Swiss Music Newspaper","url":"https:\/\/www.musikzeitung.ch\/","logo":{"@type":"ImageObject","inLanguage":"en-US","@id":"https:\/\/www.musikzeitung.ch\/#\/schema\/logo\/image\/","url":"https:\/\/www.musikzeitung.ch\/wp-content\/uploads\/2023\/01\/SMZ_Schriftzug_Sprache.png","contentUrl":"https:\/\/www.musikzeitung.ch\/wp-content\/uploads\/2023\/01\/SMZ_Schriftzug_Sprache.png","width":1400,"height":279,"caption":"Schweizer Musikzeitung"},"image":{"@id":"https:\/\/www.musikzeitung.ch\/#\/schema\/logo\/image\/"},"sameAs":["https:\/\/www.facebook.com\/SchweizerMusikzeitung\/","https:\/\/x.com\/smusikzeitung","https:\/\/www.instagram.com\/musikzeitung.ch\/"]},{"@type":"Person","@id":"https:\/\/www.musikzeitung.ch\/#\/schema\/person\/0da4fb82d243f1252850a35d0e87cf0c","name":"Wolfgang B\u00f6hler","image":{"@type":"ImageObject","inLanguage":"en-US","@id":"https:\/\/www.musikzeitung.ch\/wp-content\/uploads\/2023\/01\/boehler_portraet_web-e1674139782246-96x96.jpg","url":"https:\/\/www.musikzeitung.ch\/wp-content\/uploads\/2023\/01\/boehler_portraet_web-e1674139782246-96x96.jpg","contentUrl":"https:\/\/www.musikzeitung.ch\/wp-content\/uploads\/2023\/01\/boehler_portraet_web-e1674139782246-96x96.jpg","caption":"Wolfgang B\u00f6hler"},"sameAs":["http:\/\/www.manacanto.ch","https:\/\/www.facebook.com\/wolfgang.bohler.75"],"url":"https:\/\/www.musikzeitung.ch\/en\/author\/wolfgang-boehler"}]}},"publishpress_future_workflow_manual_trigger":{"enabledWorkflows":[]},"_links":{"self":[{"href":"https:\/\/www.musikzeitung.ch\/en\/wp-json\/wp\/v2\/posts\/71367","targetHints":{"allow":["GET"]}}],"collection":[{"href":"https:\/\/www.musikzeitung.ch\/en\/wp-json\/wp\/v2\/posts"}],"about":[{"href":"https:\/\/www.musikzeitung.ch\/en\/wp-json\/wp\/v2\/types\/post"}],"author":[{"embeddable":true,"href":"https:\/\/www.musikzeitung.ch\/en\/wp-json\/wp\/v2\/users\/30"}],"replies":[{"embeddable":true,"href":"https:\/\/www.musikzeitung.ch\/en\/wp-json\/wp\/v2\/comments?post=71367"}],"version-history":[{"count":5,"href":"https:\/\/www.musikzeitung.ch\/en\/wp-json\/wp\/v2\/posts\/71367\/revisions"}],"predecessor-version":[{"id":71373,"href":"https:\/\/www.musikzeitung.ch\/en\/wp-json\/wp\/v2\/posts\/71367\/revisions\/71373"}],"wp:featuredmedia":[{"embeddable":true,"href":"https:\/\/www.musikzeitung.ch\/en\/wp-json\/wp\/v2\/media\/71370"}],"wp:attachment":[{"href":"https:\/\/www.musikzeitung.ch\/en\/wp-json\/wp\/v2\/media?parent=71367"}],"wp:term":[{"taxonomy":"category","embeddable":true,"href":"https:\/\/www.musikzeitung.ch\/en\/wp-json\/wp\/v2\/categories?post=71367"},{"taxonomy":"post_tag","embeddable":true,"href":"https:\/\/www.musikzeitung.ch\/en\/wp-json\/wp\/v2\/tags?post=71367"}],"curies":[{"name":"wp","href":"https:\/\/api.w.org\/{rel}","templated":true}]}}