{"id":71515,"date":"2026-03-06T06:52:04","date_gmt":"2026-03-06T05:52:04","guid":{"rendered":"https:\/\/www.musikzeitung.ch\/?p=71515"},"modified":"2026-03-06T08:40:17","modified_gmt":"2026-03-06T07:40:17","slug":"oesterreich-bekommt-seine-erste-musikstrategie","status":"publish","type":"post","link":"https:\/\/www.musikzeitung.ch\/en\/news\/2026\/03\/oesterreich-bekommt-seine-erste-musikstrategie","title":{"rendered":"Austria gets its first music strategy"},"content":{"rendered":"<figure id=\"attachment_71516\" aria-describedby=\"caption-attachment-71516\" style=\"width: 768px\" class=\"wp-caption alignnone\"><img loading=\"lazy\" decoding=\"async\" class=\"size-large wp-image-71516\" src=\"https:\/\/www.musikzeitung.ch\/wp-content\/uploads\/2026\/03\/260306oemr-1024x794.jpg\" alt=\"\" width=\"768\" height=\"596\" srcset=\"https:\/\/www.musikzeitung.ch\/wp-content\/uploads\/2026\/03\/260306oemr-1024x794.jpg 1024w, https:\/\/www.musikzeitung.ch\/wp-content\/uploads\/2026\/03\/260306oemr-300x233.jpg 300w, https:\/\/www.musikzeitung.ch\/wp-content\/uploads\/2026\/03\/260306oemr-768x595.jpg 768w, https:\/\/www.musikzeitung.ch\/wp-content\/uploads\/2026\/03\/260306oemr-1536x1190.jpg 1536w, https:\/\/www.musikzeitung.ch\/wp-content\/uploads\/2026\/03\/260306oemr-2048x1587.jpg 2048w, https:\/\/www.musikzeitung.ch\/wp-content\/uploads\/2026\/03\/260306oemr-15x12.jpg 15w, https:\/\/www.musikzeitung.ch\/wp-content\/uploads\/2026\/03\/260306oemr-226x175.jpg 226w, https:\/\/www.musikzeitung.ch\/wp-content\/uploads\/2026\/03\/260306oemr-452x350.jpg 452w, https:\/\/www.musikzeitung.ch\/wp-content\/uploads\/2026\/03\/260306oemr-1032x800.jpg 1032w, https:\/\/www.musikzeitung.ch\/wp-content\/uploads\/2026\/03\/260306oemr-920x713.jpg 920w, https:\/\/www.musikzeitung.ch\/wp-content\/uploads\/2026\/03\/260306oemr-1400x1085.jpg 1400w, https:\/\/www.musikzeitung.ch\/wp-content\/uploads\/2026\/03\/260306oemr.jpg 1290w\" sizes=\"auto, (max-width: 768px) 100vw, 768px\" \/><figcaption id=\"caption-attachment-71516\" class=\"wp-caption-text\">(from left to right): Eva-Maria Bauer, G\u00fcnther Wildner, Tyma Kraitt, Tatjana Domany, Stefan Hahn, Harald Huber (Photo: Sabine Walter)<\/figcaption><\/figure>\n<p>The Austrian Music Council (\u00d6MR) hosted an information and discussion event on the \u00abMusic Strategy for Austria\u00bb as part of its General Assembly on February 26, 2026. The meeting was preceded by a working meeting with the Austrian music universities, where the burning issues of teacher shortages, teacher training, curricula, teacher training courses and plans to reform school teaching were discussed.<\/p>\n<p>The current process for an Austrian music strategy is being coordinated by the Federal Ministry of Housing, Arts, Culture, Media and Sport (BMWKMS). It is based on a unanimous resolution passed by all parties in the National Council in July 2025. The process began in fall 2025 with a broad-based online survey in which 6,000 music professionals took part. In addition, five stakeholder workshops have been held since the beginning of 2026 to consolidate and validate the survey results.<\/p>\n<p>The topics of the workshops were training, professionalization and talent development, live events, creation &amp; production, media and national visibility as well as distribution &amp; marketing. A further workshop on AI &amp; streaming is being planned. Cross-cutting topics such as inclusion in the music sector will also be discussed in more detail. The final music strategy is to be presented in fall 2026.<\/p>","protected":false},"excerpt":{"rendered":"<p>Now that the Austrian National Council has approved the development of a national music strategy, the first steps have been taken. <\/p>","protected":false},"author":30,"featured_media":71516,"comment_status":"closed","ping_status":"closed","sticky":false,"template":"","format":"standard","meta":{"_acf_changed":false,"_relevanssi_hide_post":"","_relevanssi_hide_content":"","_relevanssi_pin_for_all":"","_relevanssi_pin_keywords":"","_relevanssi_unpin_keywords":"","_relevanssi_related_keywords":"","_relevanssi_related_include_ids":"","_relevanssi_related_exclude_ids":"","_relevanssi_related_no_append":"","_relevanssi_related_not_related":"","_relevanssi_related_posts":"","_relevanssi_noindex_reason":"","pgc_sgb_lightbox_settings":"","footnotes":""},"categories":[27],"tags":[5537,3553],"class_list":["post-71515","post","type-post","status-publish","format-standard","has-post-thumbnail","hentry","category-news","tag-musikstrategie","tag-oesterreichischer-musikrat"],"acf":[],"yoast_head":"<!-- This site is optimized with the Yoast SEO plugin v27.4 - https:\/\/yoast.com\/product\/yoast-seo-wordpress\/ -->\n<title>\u00d6sterreich bekommt seine erste Musikstrategie - Schweizer Musikzeitung<\/title>\n<meta name=\"description\" content=\"Nachdem der \u00f6sterreichische Nationalrat der Entwicklung einer nationalen Musikstrategie zugestimmt hat, sind erste Schritte dazu eingeleitet worden.\" \/>\n<meta name=\"robots\" content=\"index, follow, max-snippet:-1, max-image-preview:large, max-video-preview:-1\" \/>\n<link rel=\"canonical\" href=\"https:\/\/www.musikzeitung.ch\/en\/news\/2026\/03\/oesterreich-bekommt-seine-erste-musikstrategie\/\" \/>\n<meta property=\"og:locale\" content=\"en_US\" \/>\n<meta property=\"og:type\" content=\"article\" \/>\n<meta property=\"og:title\" content=\"\u00d6sterreich bekommt seine erste Musikstrategie - Schweizer Musikzeitung\" \/>\n<meta property=\"og:description\" content=\"Nachdem der \u00f6sterreichische Nationalrat der Entwicklung einer nationalen Musikstrategie zugestimmt hat, sind erste Schritte dazu eingeleitet worden.\" \/>\n<meta property=\"og:url\" content=\"https:\/\/www.musikzeitung.ch\/en\/news\/2026\/03\/oesterreich-bekommt-seine-erste-musikstrategie\/\" \/>\n<meta property=\"og:site_name\" content=\"Schweizer Musikzeitung\" \/>\n<meta property=\"article:publisher\" content=\"https:\/\/www.facebook.com\/SchweizerMusikzeitung\/\" \/>\n<meta property=\"article:author\" content=\"https:\/\/www.facebook.com\/wolfgang.bohler.75\" \/>\n<meta property=\"article:published_time\" content=\"2026-03-06T05:52:04+00:00\" \/>\n<meta property=\"article:modified_time\" content=\"2026-03-06T07:40:17+00:00\" \/>\n<meta property=\"og:image\" content=\"https:\/\/www.musikzeitung.ch\/wp-content\/uploads\/2026\/03\/260306oemr.jpg\" \/>\n\t<meta property=\"og:image:width\" content=\"1290\" \/>\n\t<meta property=\"og:image:height\" content=\"1000\" \/>\n\t<meta property=\"og:image:type\" content=\"image\/jpeg\" \/>\n<meta name=\"author\" content=\"Wolfgang B\u00f6hler\" \/>\n<meta name=\"twitter:card\" content=\"summary_large_image\" \/>\n<meta name=\"twitter:creator\" content=\"@smusikzeitung\" \/>\n<meta name=\"twitter:site\" content=\"@smusikzeitung\" \/>\n<meta name=\"twitter:label1\" content=\"Written by\" \/>\n\t<meta name=\"twitter:data1\" content=\"Wolfgang B\u00f6hler\" \/>\n\t<meta name=\"twitter:label2\" content=\"Est. reading time\" \/>\n\t<meta name=\"twitter:data2\" content=\"2 minutes\" \/>\n<script type=\"application\/ld+json\" class=\"yoast-schema-graph\">{\"@context\":\"https:\\\/\\\/schema.org\",\"@graph\":[{\"@type\":\"Article\",\"@id\":\"https:\\\/\\\/www.musikzeitung.ch\\\/news\\\/2026\\\/03\\\/oesterreich-bekommt-seine-erste-musikstrategie#article\",\"isPartOf\":{\"@id\":\"https:\\\/\\\/www.musikzeitung.ch\\\/news\\\/2026\\\/03\\\/oesterreich-bekommt-seine-erste-musikstrategie\"},\"author\":{\"name\":\"Wolfgang B\u00f6hler\",\"@id\":\"https:\\\/\\\/www.musikzeitung.ch\\\/#\\\/schema\\\/person\\\/0da4fb82d243f1252850a35d0e87cf0c\"},\"headline\":\"\u00d6sterreich bekommt seine erste Musikstrategie\",\"datePublished\":\"2026-03-06T05:52:04+00:00\",\"dateModified\":\"2026-03-06T07:40:17+00:00\",\"mainEntityOfPage\":{\"@id\":\"https:\\\/\\\/www.musikzeitung.ch\\\/news\\\/2026\\\/03\\\/oesterreich-bekommt-seine-erste-musikstrategie\"},\"wordCount\":203,\"publisher\":{\"@id\":\"https:\\\/\\\/www.musikzeitung.ch\\\/#organization\"},\"image\":{\"@id\":\"https:\\\/\\\/www.musikzeitung.ch\\\/news\\\/2026\\\/03\\\/oesterreich-bekommt-seine-erste-musikstrategie#primaryimage\"},\"thumbnailUrl\":\"https:\\\/\\\/www.musikzeitung.ch\\\/wp-content\\\/uploads\\\/2026\\\/03\\\/260306oemr.jpg\",\"keywords\":[\"Musikstrategie\",\"\u00d6sterreichischer Musikrat\"],\"articleSection\":[\"News\"],\"inLanguage\":\"en-US\"},{\"@type\":\"WebPage\",\"@id\":\"https:\\\/\\\/www.musikzeitung.ch\\\/news\\\/2026\\\/03\\\/oesterreich-bekommt-seine-erste-musikstrategie\",\"url\":\"https:\\\/\\\/www.musikzeitung.ch\\\/news\\\/2026\\\/03\\\/oesterreich-bekommt-seine-erste-musikstrategie\",\"name\":\"\u00d6sterreich bekommt seine erste Musikstrategie - Schweizer Musikzeitung\",\"isPartOf\":{\"@id\":\"https:\\\/\\\/www.musikzeitung.ch\\\/#website\"},\"primaryImageOfPage\":{\"@id\":\"https:\\\/\\\/www.musikzeitung.ch\\\/news\\\/2026\\\/03\\\/oesterreich-bekommt-seine-erste-musikstrategie#primaryimage\"},\"image\":{\"@id\":\"https:\\\/\\\/www.musikzeitung.ch\\\/news\\\/2026\\\/03\\\/oesterreich-bekommt-seine-erste-musikstrategie#primaryimage\"},\"thumbnailUrl\":\"https:\\\/\\\/www.musikzeitung.ch\\\/wp-content\\\/uploads\\\/2026\\\/03\\\/260306oemr.jpg\",\"datePublished\":\"2026-03-06T05:52:04+00:00\",\"dateModified\":\"2026-03-06T07:40:17+00:00\",\"description\":\"Nachdem der \u00f6sterreichische Nationalrat der Entwicklung einer nationalen Musikstrategie zugestimmt hat, sind erste Schritte dazu eingeleitet worden.\",\"breadcrumb\":{\"@id\":\"https:\\\/\\\/www.musikzeitung.ch\\\/news\\\/2026\\\/03\\\/oesterreich-bekommt-seine-erste-musikstrategie#breadcrumb\"},\"inLanguage\":\"en-US\",\"potentialAction\":[{\"@type\":\"ReadAction\",\"target\":[\"https:\\\/\\\/www.musikzeitung.ch\\\/news\\\/2026\\\/03\\\/oesterreich-bekommt-seine-erste-musikstrategie\"]}]},{\"@type\":\"ImageObject\",\"inLanguage\":\"en-US\",\"@id\":\"https:\\\/\\\/www.musikzeitung.ch\\\/news\\\/2026\\\/03\\\/oesterreich-bekommt-seine-erste-musikstrategie#primaryimage\",\"url\":\"https:\\\/\\\/www.musikzeitung.ch\\\/wp-content\\\/uploads\\\/2026\\\/03\\\/260306oemr.jpg\",\"contentUrl\":\"https:\\\/\\\/www.musikzeitung.ch\\\/wp-content\\\/uploads\\\/2026\\\/03\\\/260306oemr.jpg\",\"width\":1290,\"height\":1000,\"caption\":\"(v.l.n.r.): Eva-Maria Bauer, G\u00fcnther Wildner, Tyma Kraitt, Tatjana Domany, Stefan Hahn, Harald Huber (Bild: Sabine Walter)\"},{\"@type\":\"BreadcrumbList\",\"@id\":\"https:\\\/\\\/www.musikzeitung.ch\\\/news\\\/2026\\\/03\\\/oesterreich-bekommt-seine-erste-musikstrategie#breadcrumb\",\"itemListElement\":[{\"@type\":\"ListItem\",\"position\":1,\"name\":\"Home\",\"item\":\"https:\\\/\\\/www.musikzeitung.ch\\\/\"},{\"@type\":\"ListItem\",\"position\":2,\"name\":\"\u00d6sterreich bekommt seine erste Musikstrategie\"}]},{\"@type\":\"WebSite\",\"@id\":\"https:\\\/\\\/www.musikzeitung.ch\\\/#website\",\"url\":\"https:\\\/\\\/www.musikzeitung.ch\\\/\",\"name\":\"Schweizer Musikzeitung\",\"description\":\"Die f\u00fchrende sparten\u00fcbergreifende Monatszeitung in der Schweiz f\u00fcr musikalische Fragen.\",\"publisher\":{\"@id\":\"https:\\\/\\\/www.musikzeitung.ch\\\/#organization\"},\"potentialAction\":[{\"@type\":\"SearchAction\",\"target\":{\"@type\":\"EntryPoint\",\"urlTemplate\":\"https:\\\/\\\/www.musikzeitung.ch\\\/?s={search_term_string}\"},\"query-input\":{\"@type\":\"PropertyValueSpecification\",\"valueRequired\":true,\"valueName\":\"search_term_string\"}}],\"inLanguage\":\"en-US\"},{\"@type\":\"Organization\",\"@id\":\"https:\\\/\\\/www.musikzeitung.ch\\\/#organization\",\"name\":\"Schweizer Musikzeitung\",\"url\":\"https:\\\/\\\/www.musikzeitung.ch\\\/\",\"logo\":{\"@type\":\"ImageObject\",\"inLanguage\":\"en-US\",\"@id\":\"https:\\\/\\\/www.musikzeitung.ch\\\/#\\\/schema\\\/logo\\\/image\\\/\",\"url\":\"https:\\\/\\\/www.musikzeitung.ch\\\/wp-content\\\/uploads\\\/2023\\\/01\\\/SMZ_Schriftzug_Sprache.png\",\"contentUrl\":\"https:\\\/\\\/www.musikzeitung.ch\\\/wp-content\\\/uploads\\\/2023\\\/01\\\/SMZ_Schriftzug_Sprache.png\",\"width\":1400,\"height\":279,\"caption\":\"Schweizer Musikzeitung\"},\"image\":{\"@id\":\"https:\\\/\\\/www.musikzeitung.ch\\\/#\\\/schema\\\/logo\\\/image\\\/\"},\"sameAs\":[\"https:\\\/\\\/www.facebook.com\\\/SchweizerMusikzeitung\\\/\",\"https:\\\/\\\/x.com\\\/smusikzeitung\",\"https:\\\/\\\/www.instagram.com\\\/musikzeitung.ch\\\/\"]},{\"@type\":\"Person\",\"@id\":\"https:\\\/\\\/www.musikzeitung.ch\\\/#\\\/schema\\\/person\\\/0da4fb82d243f1252850a35d0e87cf0c\",\"name\":\"Wolfgang B\u00f6hler\",\"image\":{\"@type\":\"ImageObject\",\"inLanguage\":\"en-US\",\"@id\":\"https:\\\/\\\/www.musikzeitung.ch\\\/wp-content\\\/uploads\\\/2023\\\/01\\\/boehler_portraet_web-e1674139782246-96x96.jpg\",\"url\":\"https:\\\/\\\/www.musikzeitung.ch\\\/wp-content\\\/uploads\\\/2023\\\/01\\\/boehler_portraet_web-e1674139782246-96x96.jpg\",\"contentUrl\":\"https:\\\/\\\/www.musikzeitung.ch\\\/wp-content\\\/uploads\\\/2023\\\/01\\\/boehler_portraet_web-e1674139782246-96x96.jpg\",\"caption\":\"Wolfgang B\u00f6hler\"},\"sameAs\":[\"http:\\\/\\\/www.manacanto.ch\",\"https:\\\/\\\/www.facebook.com\\\/wolfgang.bohler.75\"],\"url\":\"https:\\\/\\\/www.musikzeitung.ch\\\/en\\\/author\\\/wolfgang-boehler\"}]}<\/script>\n<!-- \/ Yoast SEO plugin. -->","yoast_head_json":{"title":"Austria gets its first music strategy - Schweizer Musikzeitung","description":"Now that the Austrian National Council has approved the development of a national music strategy, the first steps have been taken.","robots":{"index":"index","follow":"follow","max-snippet":"max-snippet:-1","max-image-preview":"max-image-preview:large","max-video-preview":"max-video-preview:-1"},"canonical":"https:\/\/www.musikzeitung.ch\/en\/news\/2026\/03\/oesterreich-bekommt-seine-erste-musikstrategie\/","og_locale":"en_US","og_type":"article","og_title":"\u00d6sterreich bekommt seine erste Musikstrategie - Schweizer Musikzeitung","og_description":"Nachdem der \u00f6sterreichische Nationalrat der Entwicklung einer nationalen Musikstrategie zugestimmt hat, sind erste Schritte dazu eingeleitet worden.","og_url":"https:\/\/www.musikzeitung.ch\/en\/news\/2026\/03\/oesterreich-bekommt-seine-erste-musikstrategie\/","og_site_name":"Schweizer Musikzeitung","article_publisher":"https:\/\/www.facebook.com\/SchweizerMusikzeitung\/","article_author":"https:\/\/www.facebook.com\/wolfgang.bohler.75","article_published_time":"2026-03-06T05:52:04+00:00","article_modified_time":"2026-03-06T07:40:17+00:00","og_image":[{"width":1290,"height":1000,"url":"https:\/\/www.musikzeitung.ch\/wp-content\/uploads\/2026\/03\/260306oemr.jpg","type":"image\/jpeg"}],"author":"Wolfgang B\u00f6hler","twitter_card":"summary_large_image","twitter_creator":"@smusikzeitung","twitter_site":"@smusikzeitung","twitter_misc":{"Written by":"Wolfgang B\u00f6hler","Est. reading time":"2 minutes"},"schema":{"@context":"https:\/\/schema.org","@graph":[{"@type":"Article","@id":"https:\/\/www.musikzeitung.ch\/news\/2026\/03\/oesterreich-bekommt-seine-erste-musikstrategie#article","isPartOf":{"@id":"https:\/\/www.musikzeitung.ch\/news\/2026\/03\/oesterreich-bekommt-seine-erste-musikstrategie"},"author":{"name":"Wolfgang B\u00f6hler","@id":"https:\/\/www.musikzeitung.ch\/#\/schema\/person\/0da4fb82d243f1252850a35d0e87cf0c"},"headline":"\u00d6sterreich bekommt seine erste Musikstrategie","datePublished":"2026-03-06T05:52:04+00:00","dateModified":"2026-03-06T07:40:17+00:00","mainEntityOfPage":{"@id":"https:\/\/www.musikzeitung.ch\/news\/2026\/03\/oesterreich-bekommt-seine-erste-musikstrategie"},"wordCount":203,"publisher":{"@id":"https:\/\/www.musikzeitung.ch\/#organization"},"image":{"@id":"https:\/\/www.musikzeitung.ch\/news\/2026\/03\/oesterreich-bekommt-seine-erste-musikstrategie#primaryimage"},"thumbnailUrl":"https:\/\/www.musikzeitung.ch\/wp-content\/uploads\/2026\/03\/260306oemr.jpg","keywords":["Musikstrategie","\u00d6sterreichischer Musikrat"],"articleSection":["News"],"inLanguage":"en-US"},{"@type":"WebPage","@id":"https:\/\/www.musikzeitung.ch\/news\/2026\/03\/oesterreich-bekommt-seine-erste-musikstrategie","url":"https:\/\/www.musikzeitung.ch\/news\/2026\/03\/oesterreich-bekommt-seine-erste-musikstrategie","name":"Austria gets its first music strategy - Schweizer Musikzeitung","isPartOf":{"@id":"https:\/\/www.musikzeitung.ch\/#website"},"primaryImageOfPage":{"@id":"https:\/\/www.musikzeitung.ch\/news\/2026\/03\/oesterreich-bekommt-seine-erste-musikstrategie#primaryimage"},"image":{"@id":"https:\/\/www.musikzeitung.ch\/news\/2026\/03\/oesterreich-bekommt-seine-erste-musikstrategie#primaryimage"},"thumbnailUrl":"https:\/\/www.musikzeitung.ch\/wp-content\/uploads\/2026\/03\/260306oemr.jpg","datePublished":"2026-03-06T05:52:04+00:00","dateModified":"2026-03-06T07:40:17+00:00","description":"Now that the Austrian National Council has approved the development of a national music strategy, the first steps have been taken.","breadcrumb":{"@id":"https:\/\/www.musikzeitung.ch\/news\/2026\/03\/oesterreich-bekommt-seine-erste-musikstrategie#breadcrumb"},"inLanguage":"en-US","potentialAction":[{"@type":"ReadAction","target":["https:\/\/www.musikzeitung.ch\/news\/2026\/03\/oesterreich-bekommt-seine-erste-musikstrategie"]}]},{"@type":"ImageObject","inLanguage":"en-US","@id":"https:\/\/www.musikzeitung.ch\/news\/2026\/03\/oesterreich-bekommt-seine-erste-musikstrategie#primaryimage","url":"https:\/\/www.musikzeitung.ch\/wp-content\/uploads\/2026\/03\/260306oemr.jpg","contentUrl":"https:\/\/www.musikzeitung.ch\/wp-content\/uploads\/2026\/03\/260306oemr.jpg","width":1290,"height":1000,"caption":"(v.l.n.r.): Eva-Maria Bauer, G\u00fcnther Wildner, Tyma Kraitt, Tatjana Domany, Stefan Hahn, Harald Huber (Bild: Sabine Walter)"},{"@type":"BreadcrumbList","@id":"https:\/\/www.musikzeitung.ch\/news\/2026\/03\/oesterreich-bekommt-seine-erste-musikstrategie#breadcrumb","itemListElement":[{"@type":"ListItem","position":1,"name":"Home","item":"https:\/\/www.musikzeitung.ch\/"},{"@type":"ListItem","position":2,"name":"\u00d6sterreich bekommt seine erste Musikstrategie"}]},{"@type":"WebSite","@id":"https:\/\/www.musikzeitung.ch\/#website","url":"https:\/\/www.musikzeitung.ch\/","name":"Swiss Music Newspaper","description":"The leading interdisciplinary monthly newspaper in Switzerland for musical issues.","publisher":{"@id":"https:\/\/www.musikzeitung.ch\/#organization"},"potentialAction":[{"@type":"SearchAction","target":{"@type":"EntryPoint","urlTemplate":"https:\/\/www.musikzeitung.ch\/?s={search_term_string}"},"query-input":{"@type":"PropertyValueSpecification","valueRequired":true,"valueName":"search_term_string"}}],"inLanguage":"en-US"},{"@type":"Organization","@id":"https:\/\/www.musikzeitung.ch\/#organization","name":"Swiss Music Newspaper","url":"https:\/\/www.musikzeitung.ch\/","logo":{"@type":"ImageObject","inLanguage":"en-US","@id":"https:\/\/www.musikzeitung.ch\/#\/schema\/logo\/image\/","url":"https:\/\/www.musikzeitung.ch\/wp-content\/uploads\/2023\/01\/SMZ_Schriftzug_Sprache.png","contentUrl":"https:\/\/www.musikzeitung.ch\/wp-content\/uploads\/2023\/01\/SMZ_Schriftzug_Sprache.png","width":1400,"height":279,"caption":"Schweizer Musikzeitung"},"image":{"@id":"https:\/\/www.musikzeitung.ch\/#\/schema\/logo\/image\/"},"sameAs":["https:\/\/www.facebook.com\/SchweizerMusikzeitung\/","https:\/\/x.com\/smusikzeitung","https:\/\/www.instagram.com\/musikzeitung.ch\/"]},{"@type":"Person","@id":"https:\/\/www.musikzeitung.ch\/#\/schema\/person\/0da4fb82d243f1252850a35d0e87cf0c","name":"Wolfgang B\u00f6hler","image":{"@type":"ImageObject","inLanguage":"en-US","@id":"https:\/\/www.musikzeitung.ch\/wp-content\/uploads\/2023\/01\/boehler_portraet_web-e1674139782246-96x96.jpg","url":"https:\/\/www.musikzeitung.ch\/wp-content\/uploads\/2023\/01\/boehler_portraet_web-e1674139782246-96x96.jpg","contentUrl":"https:\/\/www.musikzeitung.ch\/wp-content\/uploads\/2023\/01\/boehler_portraet_web-e1674139782246-96x96.jpg","caption":"Wolfgang B\u00f6hler"},"sameAs":["http:\/\/www.manacanto.ch","https:\/\/www.facebook.com\/wolfgang.bohler.75"],"url":"https:\/\/www.musikzeitung.ch\/en\/author\/wolfgang-boehler"}]}},"publishpress_future_workflow_manual_trigger":{"enabledWorkflows":[]},"_links":{"self":[{"href":"https:\/\/www.musikzeitung.ch\/en\/wp-json\/wp\/v2\/posts\/71515","targetHints":{"allow":["GET"]}}],"collection":[{"href":"https:\/\/www.musikzeitung.ch\/en\/wp-json\/wp\/v2\/posts"}],"about":[{"href":"https:\/\/www.musikzeitung.ch\/en\/wp-json\/wp\/v2\/types\/post"}],"author":[{"embeddable":true,"href":"https:\/\/www.musikzeitung.ch\/en\/wp-json\/wp\/v2\/users\/30"}],"replies":[{"embeddable":true,"href":"https:\/\/www.musikzeitung.ch\/en\/wp-json\/wp\/v2\/comments?post=71515"}],"version-history":[{"count":7,"href":"https:\/\/www.musikzeitung.ch\/en\/wp-json\/wp\/v2\/posts\/71515\/revisions"}],"predecessor-version":[{"id":71526,"href":"https:\/\/www.musikzeitung.ch\/en\/wp-json\/wp\/v2\/posts\/71515\/revisions\/71526"}],"wp:featuredmedia":[{"embeddable":true,"href":"https:\/\/www.musikzeitung.ch\/en\/wp-json\/wp\/v2\/media\/71516"}],"wp:attachment":[{"href":"https:\/\/www.musikzeitung.ch\/en\/wp-json\/wp\/v2\/media?parent=71515"}],"wp:term":[{"taxonomy":"category","embeddable":true,"href":"https:\/\/www.musikzeitung.ch\/en\/wp-json\/wp\/v2\/categories?post=71515"},{"taxonomy":"post_tag","embeddable":true,"href":"https:\/\/www.musikzeitung.ch\/en\/wp-json\/wp\/v2\/tags?post=71515"}],"curies":[{"name":"wp","href":"https:\/\/api.w.org\/{rel}","templated":true}]}}