{"id":7173,"date":"2018-02-22T00:00:00","date_gmt":"2018-02-21T23:00:00","guid":{"rendered":"https:\/\/www.musikzeitung.ch\/allgemein\/eine-kleine-alpensinfonie\/"},"modified":"2024-12-19T15:22:36","modified_gmt":"2024-12-19T14:22:36","slug":"eine-kleine-alpensinfonie","status":"publish","type":"post","link":"https:\/\/www.musikzeitung.ch\/en\/rezensionen\/noten-rezensionen\/2018\/02\/eine-kleine-alpensinfonie","title":{"rendered":"A \"little alpine symphony\""},"content":{"rendered":"<figure style=\"width: 554px\" class=\"wp-caption alignnone\"><img loading=\"lazy\" decoding=\"async\" src=\"https:\/\/www.musikzeitung.ch\/wp-content\/uploads\/2023\/01\/Schuetter.jpg\" alt=\"\" width=\"554\" height=\"389\" \/><figcaption class=\"wp-caption-text\">Photo: Meinrad-Sch\u00fctter-Gesellschaft<\/figcaption><\/figure>\n<div class=\"text-section\">\n<p>Meinrad Sch\u00fctter (1910-2006) is one of the most unconventional Swiss composers and remained an outsider throughout his life. He was born in Chur, studied at the Zurich Conservatory and later with Willy Burkhard and Paul Hindemith. As a composer, however, Meinrad Sch\u00fctter remained largely self-taught.<\/p>\n<p>Based on his early role models Othmar Schoeck, Igor Stravinsky and Paul Hindemith, he explored row techniques under the influence of Luigi Dallapiccola and found his own tonal language through neoclassical tendencies, which cannot be assigned to any particular direction. For thirty years, Meinrad Sch\u00fctter worked at the Zurich Opera House as a ballet accompanist and lighting conductor. As a composer, he left behind an extensive oeuvre of orchestral compositions, chamber music, song and choral works as well as the opera <em>Medea<\/em>. You can find out more about him and his work on the website <a href=\"http:\/\/www.meinrad-schuetter.ch\/\">meinrad-schuetter.ch<\/a>which is operated and continuously updated by the Meinrad-Sch\u00fctter-Gesellschaft, founded in 2002.<\/p>\n<p>The <em>Gommer Suite <\/em>(Dix miniatures valaisannes) for flute, violin and viola was commissioned by the Bonn-based Trio Diletto Musicale in 1999 and premiered by them as part of the Goms Evening Music Festival in the small baroque church in Niederwald. Meinrad Sch\u00fctter loved the Goms, where he often spent his vacations and went on hikes into old age.<\/p>\n<p>The ten miniatures of the <em>Gommer Suite <\/em>- The composer jokingly called them his \"little Alpine symphony\" - are written in a harsh, colorful and transparent tonal language. It is a natural lyricism tracing the alpine landscape, composed in strict movements or in finely structured, loosened canons with briefly appearing church music quotations: <em>A strong castle<\/em> and <em>Adeste fideles.<\/em> The humor that belongs to Sch\u00fctter is not missing either: in the final waltz, the composer was inspired by an old tomcat!<\/p>\n<p>In terms of its duration (around ten minutes) and level of difficulty, this work is also suitable for interested advanced amateurs. In contrast to other compositions by Meinrad Sch\u00fctter, the short and varied character pieces are easy to understand, even for inexperienced listeners.<\/p>\n<p>The edition published by Berner Musikverlag M\u00fcller &amp; Schade offers score and parts without instrumental arrangement. Due to the brevity of the movements, the score can be arranged as a playing score with a little tinkering.<\/p>\n<\/div>\n<div class=\"text-section\">\n<dl class=\"picture media photo\">\n<dt><img decoding=\"async\" class=\"media photo aligncenter\" src=\"https:\/\/www.musikzeitung.ch\/wp-content\/uploads\/2023\/01\/03_crit_note_Kammermusik.jpg\" alt=\"Image \" \/><\/dt>\n<\/dl>\n<\/div>\n<div class=\"text-section\">\n<p><em>Meinrad Sch\u00fctter: Gommer Suite, Dix miniatures valaisannes for flute, violin and viola, M&amp;S 2354, Fr. 28.00, M\u00fcller &amp; Schade, Bern 2016<\/em><\/p>\n<\/div>","protected":false},"excerpt":{"rendered":"<p><strong>\"Dix miniatures valaisannes\" is the subtitle of this chamber music work. It was premiered in 1999. <\/strong><\/p>","protected":false},"author":1,"featured_media":7174,"comment_status":"closed","ping_status":"closed","sticky":false,"template":"","format":"standard","meta":{"_acf_changed":false,"_relevanssi_hide_post":"","_relevanssi_hide_content":"","_relevanssi_pin_for_all":"","_relevanssi_pin_keywords":"","_relevanssi_unpin_keywords":"","_relevanssi_related_keywords":"","_relevanssi_related_include_ids":"","_relevanssi_related_exclude_ids":"","_relevanssi_related_no_append":"","_relevanssi_related_not_related":"","_relevanssi_related_posts":"","_relevanssi_noindex_reason":"","pgc_sgb_lightbox_settings":"","footnotes":""},"categories":[1316,29],"tags":[4633],"class_list":["post-7173","post","type-post","status-publish","format-standard","has-post-thumbnail","hentry","category-noten-rezensionen","category-rezensionen","tag-meinrad-schuetter"],"acf":[],"yoast_head":"<!-- This site is optimized with the Yoast SEO plugin v27.4 - https:\/\/yoast.com\/product\/yoast-seo-wordpress\/ -->\n<title>Eine \u00abkleine Alpensinfonie\u00bb - Schweizer Musikzeitung<\/title>\n<meta name=\"description\" content=\"\u00abDix miniatures valaisannes\u00bb lautet der Untertitel dieses Kammermusikwerks. Es wurde 1999 uraufgef\u00fchrt.\" \/>\n<meta name=\"robots\" content=\"index, follow, max-snippet:-1, max-image-preview:large, max-video-preview:-1\" \/>\n<link rel=\"canonical\" href=\"https:\/\/www.musikzeitung.ch\/en\/rezensionen\/noten-rezensionen\/2018\/02\/eine-kleine-alpensinfonie\/\" \/>\n<meta property=\"og:locale\" content=\"en_US\" \/>\n<meta property=\"og:type\" content=\"article\" \/>\n<meta property=\"og:title\" content=\"Eine \u00abkleine Alpensinfonie\u00bb - Schweizer Musikzeitung\" \/>\n<meta property=\"og:description\" content=\"\u00abDix miniatures valaisannes\u00bb lautet der Untertitel dieses Kammermusikwerks. Es wurde 1999 uraufgef\u00fchrt.\" \/>\n<meta property=\"og:url\" content=\"https:\/\/www.musikzeitung.ch\/en\/rezensionen\/noten-rezensionen\/2018\/02\/eine-kleine-alpensinfonie\/\" \/>\n<meta property=\"og:site_name\" content=\"Schweizer Musikzeitung\" \/>\n<meta property=\"article:publisher\" content=\"https:\/\/www.facebook.com\/SchweizerMusikzeitung\/\" \/>\n<meta property=\"article:published_time\" content=\"2018-02-21T23:00:00+00:00\" \/>\n<meta property=\"article:modified_time\" content=\"2024-12-19T14:22:36+00:00\" \/>\n<meta property=\"og:image\" content=\"https:\/\/www.musikzeitung.ch\/wp-content\/uploads\/2023\/01\/Schuetter.jpg\" \/>\n\t<meta property=\"og:image:width\" content=\"554\" \/>\n\t<meta property=\"og:image:height\" content=\"389\" \/>\n\t<meta property=\"og:image:type\" content=\"image\/jpeg\" \/>\n<meta name=\"author\" content=\"Musikzeitung-Redaktion\" \/>\n<meta name=\"twitter:card\" content=\"summary_large_image\" \/>\n<meta name=\"twitter:creator\" content=\"@smusikzeitung\" \/>\n<meta name=\"twitter:site\" content=\"@smusikzeitung\" \/>\n<meta name=\"twitter:label1\" content=\"Written by\" \/>\n\t<meta name=\"twitter:data1\" content=\"Musikzeitung-Redaktion\" \/>\n\t<meta name=\"twitter:label2\" content=\"Est. reading time\" \/>\n\t<meta name=\"twitter:data2\" content=\"3 minutes\" \/>\n<script type=\"application\/ld+json\" class=\"yoast-schema-graph\">{\"@context\":\"https:\\\/\\\/schema.org\",\"@graph\":[{\"@type\":\"Article\",\"@id\":\"https:\\\/\\\/www.musikzeitung.ch\\\/rezensionen\\\/noten-rezensionen\\\/2018\\\/02\\\/eine-kleine-alpensinfonie#article\",\"isPartOf\":{\"@id\":\"https:\\\/\\\/www.musikzeitung.ch\\\/rezensionen\\\/noten-rezensionen\\\/2018\\\/02\\\/eine-kleine-alpensinfonie\"},\"author\":{\"name\":\"Musikzeitung-Redaktion\",\"@id\":\"https:\\\/\\\/www.musikzeitung.ch\\\/#\\\/schema\\\/person\\\/b2fd892c800856270b9dcc6001265712\"},\"headline\":\"Eine \u00abkleine Alpensinfonie\u00bb\",\"datePublished\":\"2018-02-21T23:00:00+00:00\",\"dateModified\":\"2024-12-19T14:22:36+00:00\",\"mainEntityOfPage\":{\"@id\":\"https:\\\/\\\/www.musikzeitung.ch\\\/rezensionen\\\/noten-rezensionen\\\/2018\\\/02\\\/eine-kleine-alpensinfonie\"},\"wordCount\":389,\"publisher\":{\"@id\":\"https:\\\/\\\/www.musikzeitung.ch\\\/#organization\"},\"image\":{\"@id\":\"https:\\\/\\\/www.musikzeitung.ch\\\/rezensionen\\\/noten-rezensionen\\\/2018\\\/02\\\/eine-kleine-alpensinfonie#primaryimage\"},\"thumbnailUrl\":\"https:\\\/\\\/www.musikzeitung.ch\\\/wp-content\\\/uploads\\\/2023\\\/01\\\/Schuetter.jpg\",\"keywords\":[\"Meinrad Sch\u00fctter\"],\"articleSection\":[\"Noten\",\"Rezensionen\"],\"inLanguage\":\"en-US\"},{\"@type\":\"WebPage\",\"@id\":\"https:\\\/\\\/www.musikzeitung.ch\\\/rezensionen\\\/noten-rezensionen\\\/2018\\\/02\\\/eine-kleine-alpensinfonie\",\"url\":\"https:\\\/\\\/www.musikzeitung.ch\\\/rezensionen\\\/noten-rezensionen\\\/2018\\\/02\\\/eine-kleine-alpensinfonie\",\"name\":\"Eine \u00abkleine Alpensinfonie\u00bb - Schweizer Musikzeitung\",\"isPartOf\":{\"@id\":\"https:\\\/\\\/www.musikzeitung.ch\\\/#website\"},\"primaryImageOfPage\":{\"@id\":\"https:\\\/\\\/www.musikzeitung.ch\\\/rezensionen\\\/noten-rezensionen\\\/2018\\\/02\\\/eine-kleine-alpensinfonie#primaryimage\"},\"image\":{\"@id\":\"https:\\\/\\\/www.musikzeitung.ch\\\/rezensionen\\\/noten-rezensionen\\\/2018\\\/02\\\/eine-kleine-alpensinfonie#primaryimage\"},\"thumbnailUrl\":\"https:\\\/\\\/www.musikzeitung.ch\\\/wp-content\\\/uploads\\\/2023\\\/01\\\/Schuetter.jpg\",\"datePublished\":\"2018-02-21T23:00:00+00:00\",\"dateModified\":\"2024-12-19T14:22:36+00:00\",\"description\":\"\u00abDix miniatures valaisannes\u00bb lautet der Untertitel dieses Kammermusikwerks. Es wurde 1999 uraufgef\u00fchrt.\",\"breadcrumb\":{\"@id\":\"https:\\\/\\\/www.musikzeitung.ch\\\/rezensionen\\\/noten-rezensionen\\\/2018\\\/02\\\/eine-kleine-alpensinfonie#breadcrumb\"},\"inLanguage\":\"en-US\",\"potentialAction\":[{\"@type\":\"ReadAction\",\"target\":[\"https:\\\/\\\/www.musikzeitung.ch\\\/rezensionen\\\/noten-rezensionen\\\/2018\\\/02\\\/eine-kleine-alpensinfonie\"]}]},{\"@type\":\"ImageObject\",\"inLanguage\":\"en-US\",\"@id\":\"https:\\\/\\\/www.musikzeitung.ch\\\/rezensionen\\\/noten-rezensionen\\\/2018\\\/02\\\/eine-kleine-alpensinfonie#primaryimage\",\"url\":\"https:\\\/\\\/www.musikzeitung.ch\\\/wp-content\\\/uploads\\\/2023\\\/01\\\/Schuetter.jpg\",\"contentUrl\":\"https:\\\/\\\/www.musikzeitung.ch\\\/wp-content\\\/uploads\\\/2023\\\/01\\\/Schuetter.jpg\",\"width\":554,\"height\":389},{\"@type\":\"BreadcrumbList\",\"@id\":\"https:\\\/\\\/www.musikzeitung.ch\\\/rezensionen\\\/noten-rezensionen\\\/2018\\\/02\\\/eine-kleine-alpensinfonie#breadcrumb\",\"itemListElement\":[{\"@type\":\"ListItem\",\"position\":1,\"name\":\"Home\",\"item\":\"https:\\\/\\\/www.musikzeitung.ch\\\/\"},{\"@type\":\"ListItem\",\"position\":2,\"name\":\"Eine \u00abkleine Alpensinfonie\u00bb\"}]},{\"@type\":\"WebSite\",\"@id\":\"https:\\\/\\\/www.musikzeitung.ch\\\/#website\",\"url\":\"https:\\\/\\\/www.musikzeitung.ch\\\/\",\"name\":\"Schweizer Musikzeitung\",\"description\":\"Die f\u00fchrende sparten\u00fcbergreifende Monatszeitung in der Schweiz f\u00fcr musikalische Fragen.\",\"publisher\":{\"@id\":\"https:\\\/\\\/www.musikzeitung.ch\\\/#organization\"},\"potentialAction\":[{\"@type\":\"SearchAction\",\"target\":{\"@type\":\"EntryPoint\",\"urlTemplate\":\"https:\\\/\\\/www.musikzeitung.ch\\\/?s={search_term_string}\"},\"query-input\":{\"@type\":\"PropertyValueSpecification\",\"valueRequired\":true,\"valueName\":\"search_term_string\"}}],\"inLanguage\":\"en-US\"},{\"@type\":\"Organization\",\"@id\":\"https:\\\/\\\/www.musikzeitung.ch\\\/#organization\",\"name\":\"Schweizer Musikzeitung\",\"url\":\"https:\\\/\\\/www.musikzeitung.ch\\\/\",\"logo\":{\"@type\":\"ImageObject\",\"inLanguage\":\"en-US\",\"@id\":\"https:\\\/\\\/www.musikzeitung.ch\\\/#\\\/schema\\\/logo\\\/image\\\/\",\"url\":\"https:\\\/\\\/www.musikzeitung.ch\\\/wp-content\\\/uploads\\\/2023\\\/01\\\/SMZ_Schriftzug_Sprache.png\",\"contentUrl\":\"https:\\\/\\\/www.musikzeitung.ch\\\/wp-content\\\/uploads\\\/2023\\\/01\\\/SMZ_Schriftzug_Sprache.png\",\"width\":1400,\"height\":279,\"caption\":\"Schweizer Musikzeitung\"},\"image\":{\"@id\":\"https:\\\/\\\/www.musikzeitung.ch\\\/#\\\/schema\\\/logo\\\/image\\\/\"},\"sameAs\":[\"https:\\\/\\\/www.facebook.com\\\/SchweizerMusikzeitung\\\/\",\"https:\\\/\\\/x.com\\\/smusikzeitung\",\"https:\\\/\\\/www.instagram.com\\\/musikzeitung.ch\\\/\"]},{\"@type\":\"Person\",\"@id\":\"https:\\\/\\\/www.musikzeitung.ch\\\/#\\\/schema\\\/person\\\/b2fd892c800856270b9dcc6001265712\",\"name\":\"Musikzeitung-Redaktion\",\"image\":{\"@type\":\"ImageObject\",\"inLanguage\":\"en-US\",\"@id\":\"https:\\\/\\\/www.musikzeitung.ch\\\/wp-content\\\/uploads\\\/2022\\\/05\\\/usericon_musikzeitung-96x96.jpg\",\"url\":\"https:\\\/\\\/www.musikzeitung.ch\\\/wp-content\\\/uploads\\\/2022\\\/05\\\/usericon_musikzeitung-96x96.jpg\",\"contentUrl\":\"https:\\\/\\\/www.musikzeitung.ch\\\/wp-content\\\/uploads\\\/2022\\\/05\\\/usericon_musikzeitung-96x96.jpg\",\"caption\":\"Musikzeitung-Redaktion\"},\"url\":\"https:\\\/\\\/www.musikzeitung.ch\\\/en\\\/author\\\/admin\"}]}<\/script>\n<!-- \/ Yoast SEO plugin. -->","yoast_head_json":{"title":"A \u00absmall Alpine symphony\u00bb - Schweizer Musikzeitung","description":"\"Dix miniatures valaisannes\" is the subtitle of this chamber music work. It was premiered in 1999.","robots":{"index":"index","follow":"follow","max-snippet":"max-snippet:-1","max-image-preview":"max-image-preview:large","max-video-preview":"max-video-preview:-1"},"canonical":"https:\/\/www.musikzeitung.ch\/en\/rezensionen\/noten-rezensionen\/2018\/02\/eine-kleine-alpensinfonie\/","og_locale":"en_US","og_type":"article","og_title":"Eine \u00abkleine Alpensinfonie\u00bb - Schweizer Musikzeitung","og_description":"\u00abDix miniatures valaisannes\u00bb lautet der Untertitel dieses Kammermusikwerks. Es wurde 1999 uraufgef\u00fchrt.","og_url":"https:\/\/www.musikzeitung.ch\/en\/rezensionen\/noten-rezensionen\/2018\/02\/eine-kleine-alpensinfonie\/","og_site_name":"Schweizer Musikzeitung","article_publisher":"https:\/\/www.facebook.com\/SchweizerMusikzeitung\/","article_published_time":"2018-02-21T23:00:00+00:00","article_modified_time":"2024-12-19T14:22:36+00:00","og_image":[{"width":554,"height":389,"url":"https:\/\/www.musikzeitung.ch\/wp-content\/uploads\/2023\/01\/Schuetter.jpg","type":"image\/jpeg"}],"author":"Musikzeitung-Redaktion","twitter_card":"summary_large_image","twitter_creator":"@smusikzeitung","twitter_site":"@smusikzeitung","twitter_misc":{"Written by":"Musikzeitung-Redaktion","Est. reading time":"3 minutes"},"schema":{"@context":"https:\/\/schema.org","@graph":[{"@type":"Article","@id":"https:\/\/www.musikzeitung.ch\/rezensionen\/noten-rezensionen\/2018\/02\/eine-kleine-alpensinfonie#article","isPartOf":{"@id":"https:\/\/www.musikzeitung.ch\/rezensionen\/noten-rezensionen\/2018\/02\/eine-kleine-alpensinfonie"},"author":{"name":"Musikzeitung-Redaktion","@id":"https:\/\/www.musikzeitung.ch\/#\/schema\/person\/b2fd892c800856270b9dcc6001265712"},"headline":"Eine \u00abkleine Alpensinfonie\u00bb","datePublished":"2018-02-21T23:00:00+00:00","dateModified":"2024-12-19T14:22:36+00:00","mainEntityOfPage":{"@id":"https:\/\/www.musikzeitung.ch\/rezensionen\/noten-rezensionen\/2018\/02\/eine-kleine-alpensinfonie"},"wordCount":389,"publisher":{"@id":"https:\/\/www.musikzeitung.ch\/#organization"},"image":{"@id":"https:\/\/www.musikzeitung.ch\/rezensionen\/noten-rezensionen\/2018\/02\/eine-kleine-alpensinfonie#primaryimage"},"thumbnailUrl":"https:\/\/www.musikzeitung.ch\/wp-content\/uploads\/2023\/01\/Schuetter.jpg","keywords":["Meinrad Sch\u00fctter"],"articleSection":["Noten","Rezensionen"],"inLanguage":"en-US"},{"@type":"WebPage","@id":"https:\/\/www.musikzeitung.ch\/rezensionen\/noten-rezensionen\/2018\/02\/eine-kleine-alpensinfonie","url":"https:\/\/www.musikzeitung.ch\/rezensionen\/noten-rezensionen\/2018\/02\/eine-kleine-alpensinfonie","name":"A \u00absmall Alpine symphony\u00bb - Schweizer Musikzeitung","isPartOf":{"@id":"https:\/\/www.musikzeitung.ch\/#website"},"primaryImageOfPage":{"@id":"https:\/\/www.musikzeitung.ch\/rezensionen\/noten-rezensionen\/2018\/02\/eine-kleine-alpensinfonie#primaryimage"},"image":{"@id":"https:\/\/www.musikzeitung.ch\/rezensionen\/noten-rezensionen\/2018\/02\/eine-kleine-alpensinfonie#primaryimage"},"thumbnailUrl":"https:\/\/www.musikzeitung.ch\/wp-content\/uploads\/2023\/01\/Schuetter.jpg","datePublished":"2018-02-21T23:00:00+00:00","dateModified":"2024-12-19T14:22:36+00:00","description":"\"Dix miniatures valaisannes\" is the subtitle of this chamber music work. It was premiered in 1999.","breadcrumb":{"@id":"https:\/\/www.musikzeitung.ch\/rezensionen\/noten-rezensionen\/2018\/02\/eine-kleine-alpensinfonie#breadcrumb"},"inLanguage":"en-US","potentialAction":[{"@type":"ReadAction","target":["https:\/\/www.musikzeitung.ch\/rezensionen\/noten-rezensionen\/2018\/02\/eine-kleine-alpensinfonie"]}]},{"@type":"ImageObject","inLanguage":"en-US","@id":"https:\/\/www.musikzeitung.ch\/rezensionen\/noten-rezensionen\/2018\/02\/eine-kleine-alpensinfonie#primaryimage","url":"https:\/\/www.musikzeitung.ch\/wp-content\/uploads\/2023\/01\/Schuetter.jpg","contentUrl":"https:\/\/www.musikzeitung.ch\/wp-content\/uploads\/2023\/01\/Schuetter.jpg","width":554,"height":389},{"@type":"BreadcrumbList","@id":"https:\/\/www.musikzeitung.ch\/rezensionen\/noten-rezensionen\/2018\/02\/eine-kleine-alpensinfonie#breadcrumb","itemListElement":[{"@type":"ListItem","position":1,"name":"Home","item":"https:\/\/www.musikzeitung.ch\/"},{"@type":"ListItem","position":2,"name":"Eine \u00abkleine Alpensinfonie\u00bb"}]},{"@type":"WebSite","@id":"https:\/\/www.musikzeitung.ch\/#website","url":"https:\/\/www.musikzeitung.ch\/","name":"Swiss Music Newspaper","description":"The leading interdisciplinary monthly newspaper in Switzerland for musical issues.","publisher":{"@id":"https:\/\/www.musikzeitung.ch\/#organization"},"potentialAction":[{"@type":"SearchAction","target":{"@type":"EntryPoint","urlTemplate":"https:\/\/www.musikzeitung.ch\/?s={search_term_string}"},"query-input":{"@type":"PropertyValueSpecification","valueRequired":true,"valueName":"search_term_string"}}],"inLanguage":"en-US"},{"@type":"Organization","@id":"https:\/\/www.musikzeitung.ch\/#organization","name":"Swiss Music Newspaper","url":"https:\/\/www.musikzeitung.ch\/","logo":{"@type":"ImageObject","inLanguage":"en-US","@id":"https:\/\/www.musikzeitung.ch\/#\/schema\/logo\/image\/","url":"https:\/\/www.musikzeitung.ch\/wp-content\/uploads\/2023\/01\/SMZ_Schriftzug_Sprache.png","contentUrl":"https:\/\/www.musikzeitung.ch\/wp-content\/uploads\/2023\/01\/SMZ_Schriftzug_Sprache.png","width":1400,"height":279,"caption":"Schweizer Musikzeitung"},"image":{"@id":"https:\/\/www.musikzeitung.ch\/#\/schema\/logo\/image\/"},"sameAs":["https:\/\/www.facebook.com\/SchweizerMusikzeitung\/","https:\/\/x.com\/smusikzeitung","https:\/\/www.instagram.com\/musikzeitung.ch\/"]},{"@type":"Person","@id":"https:\/\/www.musikzeitung.ch\/#\/schema\/person\/b2fd892c800856270b9dcc6001265712","name":"Music newspaper editorial office","image":{"@type":"ImageObject","inLanguage":"en-US","@id":"https:\/\/www.musikzeitung.ch\/wp-content\/uploads\/2022\/05\/usericon_musikzeitung-96x96.jpg","url":"https:\/\/www.musikzeitung.ch\/wp-content\/uploads\/2022\/05\/usericon_musikzeitung-96x96.jpg","contentUrl":"https:\/\/www.musikzeitung.ch\/wp-content\/uploads\/2022\/05\/usericon_musikzeitung-96x96.jpg","caption":"Musikzeitung-Redaktion"},"url":"https:\/\/www.musikzeitung.ch\/en\/author\/admin"}]}},"publishpress_future_workflow_manual_trigger":{"enabledWorkflows":[]},"_links":{"self":[{"href":"https:\/\/www.musikzeitung.ch\/en\/wp-json\/wp\/v2\/posts\/7173","targetHints":{"allow":["GET"]}}],"collection":[{"href":"https:\/\/www.musikzeitung.ch\/en\/wp-json\/wp\/v2\/posts"}],"about":[{"href":"https:\/\/www.musikzeitung.ch\/en\/wp-json\/wp\/v2\/types\/post"}],"author":[{"embeddable":true,"href":"https:\/\/www.musikzeitung.ch\/en\/wp-json\/wp\/v2\/users\/1"}],"replies":[{"embeddable":true,"href":"https:\/\/www.musikzeitung.ch\/en\/wp-json\/wp\/v2\/comments?post=7173"}],"version-history":[{"count":1,"href":"https:\/\/www.musikzeitung.ch\/en\/wp-json\/wp\/v2\/posts\/7173\/revisions"}],"predecessor-version":[{"id":57823,"href":"https:\/\/www.musikzeitung.ch\/en\/wp-json\/wp\/v2\/posts\/7173\/revisions\/57823"}],"wp:featuredmedia":[{"embeddable":true,"href":"https:\/\/www.musikzeitung.ch\/en\/wp-json\/wp\/v2\/media\/7174"}],"wp:attachment":[{"href":"https:\/\/www.musikzeitung.ch\/en\/wp-json\/wp\/v2\/media?parent=7173"}],"wp:term":[{"taxonomy":"category","embeddable":true,"href":"https:\/\/www.musikzeitung.ch\/en\/wp-json\/wp\/v2\/categories?post=7173"},{"taxonomy":"post_tag","embeddable":true,"href":"https:\/\/www.musikzeitung.ch\/en\/wp-json\/wp\/v2\/tags?post=7173"}],"curies":[{"name":"wp","href":"https:\/\/api.w.org\/{rel}","templated":true}]}}