{"id":71826,"date":"2026-03-23T07:59:58","date_gmt":"2026-03-23T06:59:58","guid":{"rendered":"https:\/\/www.musikzeitung.ch\/?p=71826"},"modified":"2026-03-23T09:47:18","modified_gmt":"2026-03-23T08:47:18","slug":"obwalden-steht-zu-seinem-volkskulturfest","status":"publish","type":"post","link":"https:\/\/www.musikzeitung.ch\/en\/news\/2026\/03\/obwalden-steht-zu-seinem-volkskulturfest","title":{"rendered":"Obwalden stands by its folk culture festival"},"content":{"rendered":"<figure id=\"attachment_71827\" aria-describedby=\"caption-attachment-71827\" style=\"width: 768px\" class=\"wp-caption alignnone\"><img loading=\"lazy\" decoding=\"async\" class=\"size-large wp-image-71827\" src=\"https:\/\/www.musikzeitung.ch\/wp-content\/uploads\/2026\/03\/260323obwald-1024x688.jpg\" alt=\"\" width=\"768\" height=\"516\" srcset=\"https:\/\/www.musikzeitung.ch\/wp-content\/uploads\/2026\/03\/260323obwald-1024x688.jpg 1024w, https:\/\/www.musikzeitung.ch\/wp-content\/uploads\/2026\/03\/260323obwald-300x202.jpg 300w, https:\/\/www.musikzeitung.ch\/wp-content\/uploads\/2026\/03\/260323obwald-768x516.jpg 768w, https:\/\/www.musikzeitung.ch\/wp-content\/uploads\/2026\/03\/260323obwald-18x12.jpg 18w, https:\/\/www.musikzeitung.ch\/wp-content\/uploads\/2026\/03\/260323obwald-260x175.jpg 260w, https:\/\/www.musikzeitung.ch\/wp-content\/uploads\/2026\/03\/260323obwald-521x350.jpg 521w, https:\/\/www.musikzeitung.ch\/wp-content\/uploads\/2026\/03\/260323obwald-920x618.jpg 920w, https:\/\/www.musikzeitung.ch\/wp-content\/uploads\/2026\/03\/260323obwald.jpg 1116w\" sizes=\"auto, (max-width: 768px) 100vw, 768px\" \/><figcaption id=\"caption-attachment-71827\" class=\"wp-caption-text\">Obwald 2025 with guest country Cuba (Image: Verein Volkskulturfest Obwald)<\/figcaption><\/figure>\n<p>The sponsoring association will receive a total contribution of 210,000 francs for the next three festivals from 2026 to 2028. The canton of Obwalden is thus continuing its support for the music festival at the same level as in previous years. The Obwald Folk Culture Festival needs the contributions to be able to plan and run the festival.<\/p>\n<p>A newly staffed board under the leadership of President Tobias Lengen took over the organization of the festival at the start of the last funding period (2023 to 2025). Since then, new accents have been set both in the musical program and in the visitor infrastructure, writes the canton. While the 2023 and 2024 festivals with the guest countries Bulgaria and Finland had the same high visitor frequency as the previous years, the 2025 festival with the guest country Cuba set a new record: for the first time in the history of the Obwald Folk Culture Festival, all performances were sold out.<\/p>\n<p><strong>More info:<\/strong><br \/>\n<a href=\"https:\/\/www.ow.ch\/aktuellesinformationen\/133678\" target=\"_blank\" rel=\"noopener\">https:\/\/www.ow.ch\/aktuellesinformationen\/133678<\/a><\/p>","protected":false},"excerpt":{"rendered":"<p>The Canton of Obwalden continues to support the Obwald Folk Culture Festival financially with funds from the Swisslos Fund. <\/p>","protected":false},"author":30,"featured_media":71827,"comment_status":"closed","ping_status":"closed","sticky":false,"template":"","format":"standard","meta":{"_acf_changed":false,"_relevanssi_hide_post":"","_relevanssi_hide_content":"","_relevanssi_pin_for_all":"","_relevanssi_pin_keywords":"","_relevanssi_unpin_keywords":"","_relevanssi_related_keywords":"","_relevanssi_related_include_ids":"","_relevanssi_related_exclude_ids":"","_relevanssi_related_no_append":"","_relevanssi_related_not_related":"","_relevanssi_related_posts":"","_relevanssi_noindex_reason":"","pgc_sgb_lightbox_settings":"","footnotes":""},"categories":[27],"tags":[3751,5551],"class_list":["post-71826","post","type-post","status-publish","format-standard","has-post-thumbnail","hentry","category-news","tag-kanton-obwalden","tag-obwald"],"acf":[],"yoast_head":"<!-- This site is optimized with the Yoast SEO plugin v27.4 - https:\/\/yoast.com\/product\/yoast-seo-wordpress\/ -->\n<title>Obwalden steht zu seinem Volkskulturfest - Schweizer Musikzeitung<\/title>\n<meta name=\"description\" content=\"Der Kanton Obwalden unterst\u00fctzt das Volkskulturfest Obwald weiterhin finanziell, mit Mitteln aus dem Swisslos-Fonds.\" \/>\n<meta name=\"robots\" content=\"index, follow, max-snippet:-1, max-image-preview:large, max-video-preview:-1\" \/>\n<link rel=\"canonical\" href=\"https:\/\/www.musikzeitung.ch\/en\/news\/2026\/03\/obwalden-steht-zu-seinem-volkskulturfest\/\" \/>\n<meta property=\"og:locale\" content=\"en_US\" \/>\n<meta property=\"og:type\" content=\"article\" \/>\n<meta property=\"og:title\" content=\"Obwalden steht zu seinem Volkskulturfest - Schweizer Musikzeitung\" \/>\n<meta property=\"og:description\" content=\"Der Kanton Obwalden unterst\u00fctzt das Volkskulturfest Obwald weiterhin finanziell, mit Mitteln aus dem Swisslos-Fonds.\" \/>\n<meta property=\"og:url\" content=\"https:\/\/www.musikzeitung.ch\/en\/news\/2026\/03\/obwalden-steht-zu-seinem-volkskulturfest\/\" \/>\n<meta property=\"og:site_name\" content=\"Schweizer Musikzeitung\" \/>\n<meta property=\"article:publisher\" content=\"https:\/\/www.facebook.com\/SchweizerMusikzeitung\/\" \/>\n<meta property=\"article:author\" content=\"https:\/\/www.facebook.com\/wolfgang.bohler.75\" \/>\n<meta property=\"article:published_time\" content=\"2026-03-23T06:59:58+00:00\" \/>\n<meta property=\"article:modified_time\" content=\"2026-03-23T08:47:18+00:00\" \/>\n<meta property=\"og:image\" content=\"https:\/\/www.musikzeitung.ch\/wp-content\/uploads\/2026\/03\/260323obwald.jpg\" \/>\n\t<meta property=\"og:image:width\" content=\"1116\" \/>\n\t<meta property=\"og:image:height\" content=\"750\" \/>\n\t<meta property=\"og:image:type\" content=\"image\/jpeg\" \/>\n<meta name=\"author\" content=\"Wolfgang B\u00f6hler\" \/>\n<meta name=\"twitter:card\" content=\"summary_large_image\" \/>\n<meta name=\"twitter:creator\" content=\"@smusikzeitung\" \/>\n<meta name=\"twitter:site\" content=\"@smusikzeitung\" \/>\n<meta name=\"twitter:label1\" content=\"Written by\" \/>\n\t<meta name=\"twitter:data1\" content=\"Wolfgang B\u00f6hler\" \/>\n\t<meta name=\"twitter:label2\" content=\"Est. reading time\" \/>\n\t<meta name=\"twitter:data2\" content=\"2 minutes\" \/>\n<script type=\"application\/ld+json\" class=\"yoast-schema-graph\">{\"@context\":\"https:\\\/\\\/schema.org\",\"@graph\":[{\"@type\":\"Article\",\"@id\":\"https:\\\/\\\/www.musikzeitung.ch\\\/news\\\/2026\\\/03\\\/obwalden-steht-zu-seinem-volkskulturfest#article\",\"isPartOf\":{\"@id\":\"https:\\\/\\\/www.musikzeitung.ch\\\/news\\\/2026\\\/03\\\/obwalden-steht-zu-seinem-volkskulturfest\"},\"author\":{\"name\":\"Wolfgang B\u00f6hler\",\"@id\":\"https:\\\/\\\/www.musikzeitung.ch\\\/#\\\/schema\\\/person\\\/0da4fb82d243f1252850a35d0e87cf0c\"},\"headline\":\"Obwalden steht zu seinem Volkskulturfest\",\"datePublished\":\"2026-03-23T06:59:58+00:00\",\"dateModified\":\"2026-03-23T08:47:18+00:00\",\"mainEntityOfPage\":{\"@id\":\"https:\\\/\\\/www.musikzeitung.ch\\\/news\\\/2026\\\/03\\\/obwalden-steht-zu-seinem-volkskulturfest\"},\"wordCount\":167,\"publisher\":{\"@id\":\"https:\\\/\\\/www.musikzeitung.ch\\\/#organization\"},\"image\":{\"@id\":\"https:\\\/\\\/www.musikzeitung.ch\\\/news\\\/2026\\\/03\\\/obwalden-steht-zu-seinem-volkskulturfest#primaryimage\"},\"thumbnailUrl\":\"https:\\\/\\\/www.musikzeitung.ch\\\/wp-content\\\/uploads\\\/2026\\\/03\\\/260323obwald.jpg\",\"keywords\":[\"Kanton Obwalden\",\"Obwald\"],\"articleSection\":[\"News\"],\"inLanguage\":\"en-US\"},{\"@type\":\"WebPage\",\"@id\":\"https:\\\/\\\/www.musikzeitung.ch\\\/news\\\/2026\\\/03\\\/obwalden-steht-zu-seinem-volkskulturfest\",\"url\":\"https:\\\/\\\/www.musikzeitung.ch\\\/news\\\/2026\\\/03\\\/obwalden-steht-zu-seinem-volkskulturfest\",\"name\":\"Obwalden steht zu seinem Volkskulturfest - Schweizer Musikzeitung\",\"isPartOf\":{\"@id\":\"https:\\\/\\\/www.musikzeitung.ch\\\/#website\"},\"primaryImageOfPage\":{\"@id\":\"https:\\\/\\\/www.musikzeitung.ch\\\/news\\\/2026\\\/03\\\/obwalden-steht-zu-seinem-volkskulturfest#primaryimage\"},\"image\":{\"@id\":\"https:\\\/\\\/www.musikzeitung.ch\\\/news\\\/2026\\\/03\\\/obwalden-steht-zu-seinem-volkskulturfest#primaryimage\"},\"thumbnailUrl\":\"https:\\\/\\\/www.musikzeitung.ch\\\/wp-content\\\/uploads\\\/2026\\\/03\\\/260323obwald.jpg\",\"datePublished\":\"2026-03-23T06:59:58+00:00\",\"dateModified\":\"2026-03-23T08:47:18+00:00\",\"description\":\"Der Kanton Obwalden unterst\u00fctzt das Volkskulturfest Obwald weiterhin finanziell, mit Mitteln aus dem Swisslos-Fonds.\",\"breadcrumb\":{\"@id\":\"https:\\\/\\\/www.musikzeitung.ch\\\/news\\\/2026\\\/03\\\/obwalden-steht-zu-seinem-volkskulturfest#breadcrumb\"},\"inLanguage\":\"en-US\",\"potentialAction\":[{\"@type\":\"ReadAction\",\"target\":[\"https:\\\/\\\/www.musikzeitung.ch\\\/news\\\/2026\\\/03\\\/obwalden-steht-zu-seinem-volkskulturfest\"]}]},{\"@type\":\"ImageObject\",\"inLanguage\":\"en-US\",\"@id\":\"https:\\\/\\\/www.musikzeitung.ch\\\/news\\\/2026\\\/03\\\/obwalden-steht-zu-seinem-volkskulturfest#primaryimage\",\"url\":\"https:\\\/\\\/www.musikzeitung.ch\\\/wp-content\\\/uploads\\\/2026\\\/03\\\/260323obwald.jpg\",\"contentUrl\":\"https:\\\/\\\/www.musikzeitung.ch\\\/wp-content\\\/uploads\\\/2026\\\/03\\\/260323obwald.jpg\",\"width\":1116,\"height\":750,\"caption\":\"Obwald 2025 Gastland Kuba (Bild: Verein Volkskulturfest Obwald)\"},{\"@type\":\"BreadcrumbList\",\"@id\":\"https:\\\/\\\/www.musikzeitung.ch\\\/news\\\/2026\\\/03\\\/obwalden-steht-zu-seinem-volkskulturfest#breadcrumb\",\"itemListElement\":[{\"@type\":\"ListItem\",\"position\":1,\"name\":\"Home\",\"item\":\"https:\\\/\\\/www.musikzeitung.ch\\\/\"},{\"@type\":\"ListItem\",\"position\":2,\"name\":\"Obwalden steht zu seinem Volkskulturfest\"}]},{\"@type\":\"WebSite\",\"@id\":\"https:\\\/\\\/www.musikzeitung.ch\\\/#website\",\"url\":\"https:\\\/\\\/www.musikzeitung.ch\\\/\",\"name\":\"Schweizer Musikzeitung\",\"description\":\"Die f\u00fchrende sparten\u00fcbergreifende Monatszeitung in der Schweiz f\u00fcr musikalische Fragen.\",\"publisher\":{\"@id\":\"https:\\\/\\\/www.musikzeitung.ch\\\/#organization\"},\"potentialAction\":[{\"@type\":\"SearchAction\",\"target\":{\"@type\":\"EntryPoint\",\"urlTemplate\":\"https:\\\/\\\/www.musikzeitung.ch\\\/?s={search_term_string}\"},\"query-input\":{\"@type\":\"PropertyValueSpecification\",\"valueRequired\":true,\"valueName\":\"search_term_string\"}}],\"inLanguage\":\"en-US\"},{\"@type\":\"Organization\",\"@id\":\"https:\\\/\\\/www.musikzeitung.ch\\\/#organization\",\"name\":\"Schweizer Musikzeitung\",\"url\":\"https:\\\/\\\/www.musikzeitung.ch\\\/\",\"logo\":{\"@type\":\"ImageObject\",\"inLanguage\":\"en-US\",\"@id\":\"https:\\\/\\\/www.musikzeitung.ch\\\/#\\\/schema\\\/logo\\\/image\\\/\",\"url\":\"https:\\\/\\\/www.musikzeitung.ch\\\/wp-content\\\/uploads\\\/2023\\\/01\\\/SMZ_Schriftzug_Sprache.png\",\"contentUrl\":\"https:\\\/\\\/www.musikzeitung.ch\\\/wp-content\\\/uploads\\\/2023\\\/01\\\/SMZ_Schriftzug_Sprache.png\",\"width\":1400,\"height\":279,\"caption\":\"Schweizer Musikzeitung\"},\"image\":{\"@id\":\"https:\\\/\\\/www.musikzeitung.ch\\\/#\\\/schema\\\/logo\\\/image\\\/\"},\"sameAs\":[\"https:\\\/\\\/www.facebook.com\\\/SchweizerMusikzeitung\\\/\",\"https:\\\/\\\/x.com\\\/smusikzeitung\",\"https:\\\/\\\/www.instagram.com\\\/musikzeitung.ch\\\/\"]},{\"@type\":\"Person\",\"@id\":\"https:\\\/\\\/www.musikzeitung.ch\\\/#\\\/schema\\\/person\\\/0da4fb82d243f1252850a35d0e87cf0c\",\"name\":\"Wolfgang B\u00f6hler\",\"image\":{\"@type\":\"ImageObject\",\"inLanguage\":\"en-US\",\"@id\":\"https:\\\/\\\/www.musikzeitung.ch\\\/wp-content\\\/uploads\\\/2023\\\/01\\\/boehler_portraet_web-e1674139782246-96x96.jpg\",\"url\":\"https:\\\/\\\/www.musikzeitung.ch\\\/wp-content\\\/uploads\\\/2023\\\/01\\\/boehler_portraet_web-e1674139782246-96x96.jpg\",\"contentUrl\":\"https:\\\/\\\/www.musikzeitung.ch\\\/wp-content\\\/uploads\\\/2023\\\/01\\\/boehler_portraet_web-e1674139782246-96x96.jpg\",\"caption\":\"Wolfgang B\u00f6hler\"},\"sameAs\":[\"http:\\\/\\\/www.manacanto.ch\",\"https:\\\/\\\/www.facebook.com\\\/wolfgang.bohler.75\"],\"url\":\"https:\\\/\\\/www.musikzeitung.ch\\\/en\\\/author\\\/wolfgang-boehler\"}]}<\/script>\n<!-- \/ Yoast SEO plugin. -->","yoast_head_json":{"title":"Obwalden stands by its folk culture festival - Schweizer Musikzeitung","description":"The Canton of Obwalden continues to support the Obwald Folk Culture Festival financially with funds from the Swisslos Fund.","robots":{"index":"index","follow":"follow","max-snippet":"max-snippet:-1","max-image-preview":"max-image-preview:large","max-video-preview":"max-video-preview:-1"},"canonical":"https:\/\/www.musikzeitung.ch\/en\/news\/2026\/03\/obwalden-steht-zu-seinem-volkskulturfest\/","og_locale":"en_US","og_type":"article","og_title":"Obwalden steht zu seinem Volkskulturfest - Schweizer Musikzeitung","og_description":"Der Kanton Obwalden unterst\u00fctzt das Volkskulturfest Obwald weiterhin finanziell, mit Mitteln aus dem Swisslos-Fonds.","og_url":"https:\/\/www.musikzeitung.ch\/en\/news\/2026\/03\/obwalden-steht-zu-seinem-volkskulturfest\/","og_site_name":"Schweizer Musikzeitung","article_publisher":"https:\/\/www.facebook.com\/SchweizerMusikzeitung\/","article_author":"https:\/\/www.facebook.com\/wolfgang.bohler.75","article_published_time":"2026-03-23T06:59:58+00:00","article_modified_time":"2026-03-23T08:47:18+00:00","og_image":[{"width":1116,"height":750,"url":"https:\/\/www.musikzeitung.ch\/wp-content\/uploads\/2026\/03\/260323obwald.jpg","type":"image\/jpeg"}],"author":"Wolfgang B\u00f6hler","twitter_card":"summary_large_image","twitter_creator":"@smusikzeitung","twitter_site":"@smusikzeitung","twitter_misc":{"Written by":"Wolfgang B\u00f6hler","Est. reading time":"2 minutes"},"schema":{"@context":"https:\/\/schema.org","@graph":[{"@type":"Article","@id":"https:\/\/www.musikzeitung.ch\/news\/2026\/03\/obwalden-steht-zu-seinem-volkskulturfest#article","isPartOf":{"@id":"https:\/\/www.musikzeitung.ch\/news\/2026\/03\/obwalden-steht-zu-seinem-volkskulturfest"},"author":{"name":"Wolfgang B\u00f6hler","@id":"https:\/\/www.musikzeitung.ch\/#\/schema\/person\/0da4fb82d243f1252850a35d0e87cf0c"},"headline":"Obwalden steht zu seinem Volkskulturfest","datePublished":"2026-03-23T06:59:58+00:00","dateModified":"2026-03-23T08:47:18+00:00","mainEntityOfPage":{"@id":"https:\/\/www.musikzeitung.ch\/news\/2026\/03\/obwalden-steht-zu-seinem-volkskulturfest"},"wordCount":167,"publisher":{"@id":"https:\/\/www.musikzeitung.ch\/#organization"},"image":{"@id":"https:\/\/www.musikzeitung.ch\/news\/2026\/03\/obwalden-steht-zu-seinem-volkskulturfest#primaryimage"},"thumbnailUrl":"https:\/\/www.musikzeitung.ch\/wp-content\/uploads\/2026\/03\/260323obwald.jpg","keywords":["Kanton Obwalden","Obwald"],"articleSection":["News"],"inLanguage":"en-US"},{"@type":"WebPage","@id":"https:\/\/www.musikzeitung.ch\/news\/2026\/03\/obwalden-steht-zu-seinem-volkskulturfest","url":"https:\/\/www.musikzeitung.ch\/news\/2026\/03\/obwalden-steht-zu-seinem-volkskulturfest","name":"Obwalden stands by its folk culture festival - Schweizer Musikzeitung","isPartOf":{"@id":"https:\/\/www.musikzeitung.ch\/#website"},"primaryImageOfPage":{"@id":"https:\/\/www.musikzeitung.ch\/news\/2026\/03\/obwalden-steht-zu-seinem-volkskulturfest#primaryimage"},"image":{"@id":"https:\/\/www.musikzeitung.ch\/news\/2026\/03\/obwalden-steht-zu-seinem-volkskulturfest#primaryimage"},"thumbnailUrl":"https:\/\/www.musikzeitung.ch\/wp-content\/uploads\/2026\/03\/260323obwald.jpg","datePublished":"2026-03-23T06:59:58+00:00","dateModified":"2026-03-23T08:47:18+00:00","description":"The Canton of Obwalden continues to support the Obwald Folk Culture Festival financially with funds from the Swisslos Fund.","breadcrumb":{"@id":"https:\/\/www.musikzeitung.ch\/news\/2026\/03\/obwalden-steht-zu-seinem-volkskulturfest#breadcrumb"},"inLanguage":"en-US","potentialAction":[{"@type":"ReadAction","target":["https:\/\/www.musikzeitung.ch\/news\/2026\/03\/obwalden-steht-zu-seinem-volkskulturfest"]}]},{"@type":"ImageObject","inLanguage":"en-US","@id":"https:\/\/www.musikzeitung.ch\/news\/2026\/03\/obwalden-steht-zu-seinem-volkskulturfest#primaryimage","url":"https:\/\/www.musikzeitung.ch\/wp-content\/uploads\/2026\/03\/260323obwald.jpg","contentUrl":"https:\/\/www.musikzeitung.ch\/wp-content\/uploads\/2026\/03\/260323obwald.jpg","width":1116,"height":750,"caption":"Obwald 2025 Gastland Kuba (Bild: Verein Volkskulturfest Obwald)"},{"@type":"BreadcrumbList","@id":"https:\/\/www.musikzeitung.ch\/news\/2026\/03\/obwalden-steht-zu-seinem-volkskulturfest#breadcrumb","itemListElement":[{"@type":"ListItem","position":1,"name":"Home","item":"https:\/\/www.musikzeitung.ch\/"},{"@type":"ListItem","position":2,"name":"Obwalden steht zu seinem Volkskulturfest"}]},{"@type":"WebSite","@id":"https:\/\/www.musikzeitung.ch\/#website","url":"https:\/\/www.musikzeitung.ch\/","name":"Swiss Music Newspaper","description":"The leading interdisciplinary monthly newspaper in Switzerland for musical issues.","publisher":{"@id":"https:\/\/www.musikzeitung.ch\/#organization"},"potentialAction":[{"@type":"SearchAction","target":{"@type":"EntryPoint","urlTemplate":"https:\/\/www.musikzeitung.ch\/?s={search_term_string}"},"query-input":{"@type":"PropertyValueSpecification","valueRequired":true,"valueName":"search_term_string"}}],"inLanguage":"en-US"},{"@type":"Organization","@id":"https:\/\/www.musikzeitung.ch\/#organization","name":"Swiss Music Newspaper","url":"https:\/\/www.musikzeitung.ch\/","logo":{"@type":"ImageObject","inLanguage":"en-US","@id":"https:\/\/www.musikzeitung.ch\/#\/schema\/logo\/image\/","url":"https:\/\/www.musikzeitung.ch\/wp-content\/uploads\/2023\/01\/SMZ_Schriftzug_Sprache.png","contentUrl":"https:\/\/www.musikzeitung.ch\/wp-content\/uploads\/2023\/01\/SMZ_Schriftzug_Sprache.png","width":1400,"height":279,"caption":"Schweizer Musikzeitung"},"image":{"@id":"https:\/\/www.musikzeitung.ch\/#\/schema\/logo\/image\/"},"sameAs":["https:\/\/www.facebook.com\/SchweizerMusikzeitung\/","https:\/\/x.com\/smusikzeitung","https:\/\/www.instagram.com\/musikzeitung.ch\/"]},{"@type":"Person","@id":"https:\/\/www.musikzeitung.ch\/#\/schema\/person\/0da4fb82d243f1252850a35d0e87cf0c","name":"Wolfgang B\u00f6hler","image":{"@type":"ImageObject","inLanguage":"en-US","@id":"https:\/\/www.musikzeitung.ch\/wp-content\/uploads\/2023\/01\/boehler_portraet_web-e1674139782246-96x96.jpg","url":"https:\/\/www.musikzeitung.ch\/wp-content\/uploads\/2023\/01\/boehler_portraet_web-e1674139782246-96x96.jpg","contentUrl":"https:\/\/www.musikzeitung.ch\/wp-content\/uploads\/2023\/01\/boehler_portraet_web-e1674139782246-96x96.jpg","caption":"Wolfgang B\u00f6hler"},"sameAs":["http:\/\/www.manacanto.ch","https:\/\/www.facebook.com\/wolfgang.bohler.75"],"url":"https:\/\/www.musikzeitung.ch\/en\/author\/wolfgang-boehler"}]}},"publishpress_future_workflow_manual_trigger":{"enabledWorkflows":[]},"_links":{"self":[{"href":"https:\/\/www.musikzeitung.ch\/en\/wp-json\/wp\/v2\/posts\/71826","targetHints":{"allow":["GET"]}}],"collection":[{"href":"https:\/\/www.musikzeitung.ch\/en\/wp-json\/wp\/v2\/posts"}],"about":[{"href":"https:\/\/www.musikzeitung.ch\/en\/wp-json\/wp\/v2\/types\/post"}],"author":[{"embeddable":true,"href":"https:\/\/www.musikzeitung.ch\/en\/wp-json\/wp\/v2\/users\/30"}],"replies":[{"embeddable":true,"href":"https:\/\/www.musikzeitung.ch\/en\/wp-json\/wp\/v2\/comments?post=71826"}],"version-history":[{"count":4,"href":"https:\/\/www.musikzeitung.ch\/en\/wp-json\/wp\/v2\/posts\/71826\/revisions"}],"predecessor-version":[{"id":71843,"href":"https:\/\/www.musikzeitung.ch\/en\/wp-json\/wp\/v2\/posts\/71826\/revisions\/71843"}],"wp:featuredmedia":[{"embeddable":true,"href":"https:\/\/www.musikzeitung.ch\/en\/wp-json\/wp\/v2\/media\/71827"}],"wp:attachment":[{"href":"https:\/\/www.musikzeitung.ch\/en\/wp-json\/wp\/v2\/media?parent=71826"}],"wp:term":[{"taxonomy":"category","embeddable":true,"href":"https:\/\/www.musikzeitung.ch\/en\/wp-json\/wp\/v2\/categories?post=71826"},{"taxonomy":"post_tag","embeddable":true,"href":"https:\/\/www.musikzeitung.ch\/en\/wp-json\/wp\/v2\/tags?post=71826"}],"curies":[{"name":"wp","href":"https:\/\/api.w.org\/{rel}","templated":true}]}}