{"id":72713,"date":"2026-04-20T08:48:56","date_gmt":"2026-04-20T06:48:56","guid":{"rendered":"https:\/\/www.musikzeitung.ch\/?p=72713"},"modified":"2026-04-23T09:20:07","modified_gmt":"2026-04-23T07:20:07","slug":"classicalnext-2026-die-zukunft-der-kunstmusik-gestalten","status":"publish","type":"post","link":"https:\/\/www.musikzeitung.ch\/en\/berichte\/2026\/04\/classicalnext-2026-die-zukunft-der-kunstmusik-gestalten","title":{"rendered":"Classical:next 2026: Shaping the future of art music"},"content":{"rendered":"<figure id=\"attachment_72714\" aria-describedby=\"caption-attachment-72714\" style=\"width: 1400px\" class=\"wp-caption aligncenter\"><img loading=\"lazy\" decoding=\"async\" class=\"wp-image-72714 size-full\" src=\"https:\/\/www.musikzeitung.ch\/wp-content\/uploads\/2026\/04\/03_Echo_Classical_next_Web.jpg\" alt=\"\" width=\"1400\" height=\"934\" srcset=\"https:\/\/www.musikzeitung.ch\/wp-content\/uploads\/2026\/04\/03_Echo_Classical_next_Web.jpg 1400w, https:\/\/www.musikzeitung.ch\/wp-content\/uploads\/2026\/04\/03_Echo_Classical_next_Web-300x200.jpg 300w, https:\/\/www.musikzeitung.ch\/wp-content\/uploads\/2026\/04\/03_Echo_Classical_next_Web-1024x683.jpg 1024w, https:\/\/www.musikzeitung.ch\/wp-content\/uploads\/2026\/04\/03_Echo_Classical_next_Web-600x400.jpg 600w, https:\/\/www.musikzeitung.ch\/wp-content\/uploads\/2026\/04\/03_Echo_Classical_next_Web-768x512.jpg 768w, https:\/\/www.musikzeitung.ch\/wp-content\/uploads\/2026\/04\/03_Echo_Classical_next_Web-1536x1024.jpg 1536w, https:\/\/www.musikzeitung.ch\/wp-content\/uploads\/2026\/04\/03_Echo_Classical_next_Web-2048x1366.jpg 2048w, https:\/\/www.musikzeitung.ch\/wp-content\/uploads\/2026\/04\/03_Echo_Classical_next_Web-18x12.jpg 18w, https:\/\/www.musikzeitung.ch\/wp-content\/uploads\/2026\/04\/03_Echo_Classical_next_Web-262x175.jpg 262w, https:\/\/www.musikzeitung.ch\/wp-content\/uploads\/2026\/04\/03_Echo_Classical_next_Web-525x350.jpg 525w, https:\/\/www.musikzeitung.ch\/wp-content\/uploads\/2026\/04\/03_Echo_Classical_next_Web-1200x800.jpg 1200w, https:\/\/www.musikzeitung.ch\/wp-content\/uploads\/2026\/04\/03_Echo_Classical_next_Web-920x613.jpg 920w\" sizes=\"auto, (max-width: 1400px) 100vw, 1400px\" \/><figcaption id=\"caption-attachment-72714\" class=\"wp-caption-text\">Ilsang ensemble from South Korea. Photo: Christoph Mangler\/Classical:Next 2026<\/figcaption><\/figure>\n<p>Shortly before a landmark election Sunday, around 900 cultural professionals from 49 countries gathered in Hungary's capital for the 13th Classical:next industry meeting. Under the motto \u00abShaping the future of art music\u00bb, the conference, showcase festival and trade fair took place at central cultural venues - Millen\u00e1ris, Liszt Academy, Budapest Music Center and House of Hungarian Music - from 8 to 11 April, co-organized by Hangvet\u00f6 and the Bart\u00f3k Spring International Arts Weeks.<\/p>\n<p>At the Liszt Academy, Director Fabienne Krause opened an evening dedicated exclusively to Hungarian composers, from Liszt to P\u00e9ter E\u00f6tv\u00f6s. In the presence of Gy\u00f6rgy Kurt\u00e1g, who has just turned 100, pianist Ildik\u00f3 Rozsonits, among others, showed that classical modernism can make a hall vibrate. Conductor and composer Iv\u00e1n Fischer had already set the contextual framework with his opening address at midday: The concert ritual in its current form is not sustainable; what is needed is a reorientation towards the audience and truthfulness on stage.<\/p>\n<h3><strong>\u00a0<\/strong><strong>How do you reach a dispersed audience?<\/strong><\/h3>\n<p>The conference topics ranged from new music technologies and gender representation to wage models and sustainability. The debate about music journalism was particularly lively. \u00abWho decides what matters?\u00bb asked moderator Olivia Brown (London). The attitude of the British <em>Classical Music Magazine<\/em> stood alongside the success of <em>Stream track<\/em> with around two million subscribers. Content creator and flautist Cinci Baglyas pleaded for \u00abbehind-the-scene\u00bb content as a means of combating barriers to access; Martin Andris (Elbphilharmonie) reported on a \u00abcreator in residence\u00bb - the outcome remains to be seen. Whether AI will bring new listeners to the music business remains uncertain. Anna Tiszolczi from the Budapest Festival Orchestra presented more concrete proposals for different audience segments: In addition to \u00abcocoa concerts\u00bb for children, the \u00abMidnight Music\u00bb format was a hit, lounge concerts for young people, expressly without parents, she said. Toks Dada (Southbank Centre) and Linda Begbie (Manchester Collective) encouraged people to take more risks: \u00abWhen we do different things, different people will come.\u00bb<\/p>\n<h3><strong>Award-winning technologies in the service of music<\/strong><\/h3>\n<p>Three projects were honored with the Innovation Award 2026, focusing on new technologies: SOAVE (Stage Orchestra Audio Video Experience, Italy) uses virtual reality to immerse the audience in a symphony concert from different orchestral perspectives. The Borealis Festival (Norway) uses technological aids to create new physical listening experiences that go beyond conventional concert formats. <em>Playing With Fire: An Immersive Odyssey<\/em> (France) invites you to an intimate virtual encounter with the pianist as a mixed reality concert with Yuja Wang - realized by Vive Arts and the Philharmonie de Paris.<\/p>\n<h3><strong>Hoping for broader Swiss participation<\/strong><\/h3>\n<p>As the only Swiss contribution among 69 artists from 15 countries, the crossover project \u00abCharles River\u00bb by Basel percussionist Florian Arbenz impressed the audience with a program based around songs by Charles Ives. Singers Anna Juniki and Immy Churchill brought melancholy poetry to the stage with the contrast of classical and jazz vocals; the eight-piece ensemble effortlessly filled the hall of the Budapest Music Center.<\/p>\n<p>Nevertheless, some Swiss providers made new contacts at the trade fair. 2027 offers an opportunity for more presence: as part of the Polish Capital of Culture program, Classical:next will take place from 11 to 14 May 2027 in Katowice, a UNESCO City of Music with a lively orchestral landscape. Swiss music export, please make a note!<\/p>\n<p>Info: <a href=\"https:\/\/classicalnext.com\/\" target=\"_blank\" rel=\"noopener\">classicalnext.com<\/a><\/p>\n<p>&nbsp;<\/p>\n<p>&nbsp;<\/p>","protected":false},"excerpt":{"rendered":"<p>This year's edition of the world's largest symposium for classical and contemporary music took place in Budapest. Swiss participation was marginal.<\/p>","protected":false},"author":23,"featured_media":72714,"comment_status":"closed","ping_status":"closed","sticky":true,"template":"","format":"standard","meta":{"_acf_changed":false,"_relevanssi_hide_post":"","_relevanssi_hide_content":"","_relevanssi_pin_for_all":"","_relevanssi_pin_keywords":"","_relevanssi_unpin_keywords":"","_relevanssi_related_keywords":"","_relevanssi_related_include_ids":"","_relevanssi_related_exclude_ids":"","_relevanssi_related_no_append":"","_relevanssi_related_not_related":"","_relevanssi_related_posts":"","_relevanssi_noindex_reason":"","pgc_sgb_lightbox_settings":"","footnotes":""},"categories":[28,3008],"tags":[4061,5611,5610],"class_list":["post-72713","post","type-post","status-publish","format-standard","has-post-thumbnail","hentry","category-berichte","category-treffpunkte-berichte","tag-classicalnext","tag-kunstmusik","tag-virtual-reality"],"acf":[],"yoast_head":"<!-- This site is optimized with the Yoast SEO plugin v27.4 - https:\/\/yoast.com\/product\/yoast-seo-wordpress\/ -->\n<title>Classical:next 2026: Die Zukunft der Kunstmusik gestalten - Schweizer Musikzeitung<\/title>\n<meta name=\"robots\" content=\"index, follow, max-snippet:-1, max-image-preview:large, max-video-preview:-1\" \/>\n<link rel=\"canonical\" href=\"https:\/\/www.musikzeitung.ch\/en\/berichte\/2026\/04\/classicalnext-2026-die-zukunft-der-kunstmusik-gestalten\/\" \/>\n<meta property=\"og:locale\" content=\"en_US\" \/>\n<meta property=\"og:type\" content=\"article\" \/>\n<meta property=\"og:title\" content=\"Classical:next 2026: Die Zukunft der Kunstmusik gestalten - Schweizer Musikzeitung\" \/>\n<meta property=\"og:description\" content=\"Die diesj\u00e4hrige Ausgabe des weltgr\u00f6ssten Fachtreffens f\u00fcr klassische und zeitgen\u00f6ssische Musik fand in Budapest statt. Die Schweizer Beteilung war marginal.\" \/>\n<meta property=\"og:url\" content=\"https:\/\/www.musikzeitung.ch\/en\/berichte\/2026\/04\/classicalnext-2026-die-zukunft-der-kunstmusik-gestalten\/\" \/>\n<meta property=\"og:site_name\" content=\"Schweizer Musikzeitung\" \/>\n<meta property=\"article:publisher\" content=\"https:\/\/www.facebook.com\/SchweizerMusikzeitung\/\" \/>\n<meta property=\"article:published_time\" content=\"2026-04-20T06:48:56+00:00\" \/>\n<meta property=\"article:modified_time\" content=\"2026-04-23T07:20:07+00:00\" \/>\n<meta property=\"og:image\" content=\"https:\/\/www.musikzeitung.ch\/wp-content\/uploads\/2026\/04\/03_Echo_Classical_next_Web.jpg\" \/>\n\t<meta property=\"og:image:width\" content=\"1400\" \/>\n\t<meta property=\"og:image:height\" content=\"934\" \/>\n\t<meta property=\"og:image:type\" content=\"image\/jpeg\" \/>\n<meta name=\"author\" content=\"Katrin Spelinova\" \/>\n<meta name=\"twitter:card\" content=\"summary_large_image\" \/>\n<meta name=\"twitter:creator\" content=\"@testredaktor\" \/>\n<meta name=\"twitter:site\" content=\"@smusikzeitung\" \/>\n<meta name=\"twitter:label1\" content=\"Written by\" \/>\n\t<meta name=\"twitter:data1\" content=\"Katrin Spelinova\" \/>\n\t<meta name=\"twitter:label2\" content=\"Est. reading time\" \/>\n\t<meta name=\"twitter:data2\" content=\"4 minutes\" \/>\n<script type=\"application\/ld+json\" class=\"yoast-schema-graph\">{\"@context\":\"https:\\\/\\\/schema.org\",\"@graph\":[{\"@type\":\"Article\",\"@id\":\"https:\\\/\\\/www.musikzeitung.ch\\\/berichte\\\/2026\\\/04\\\/classicalnext-2026-die-zukunft-der-kunstmusik-gestalten#article\",\"isPartOf\":{\"@id\":\"https:\\\/\\\/www.musikzeitung.ch\\\/berichte\\\/2026\\\/04\\\/classicalnext-2026-die-zukunft-der-kunstmusik-gestalten\"},\"author\":{\"name\":\"Katrin Spelinova\",\"@id\":\"https:\\\/\\\/www.musikzeitung.ch\\\/#\\\/schema\\\/person\\\/dce7e5b820812d9af4db2f787d1bec92\"},\"headline\":\"Classical:next 2026: Die Zukunft der Kunstmusik gestalten\",\"datePublished\":\"2026-04-20T06:48:56+00:00\",\"dateModified\":\"2026-04-23T07:20:07+00:00\",\"mainEntityOfPage\":{\"@id\":\"https:\\\/\\\/www.musikzeitung.ch\\\/berichte\\\/2026\\\/04\\\/classicalnext-2026-die-zukunft-der-kunstmusik-gestalten\"},\"wordCount\":532,\"publisher\":{\"@id\":\"https:\\\/\\\/www.musikzeitung.ch\\\/#organization\"},\"image\":{\"@id\":\"https:\\\/\\\/www.musikzeitung.ch\\\/berichte\\\/2026\\\/04\\\/classicalnext-2026-die-zukunft-der-kunstmusik-gestalten#primaryimage\"},\"thumbnailUrl\":\"https:\\\/\\\/www.musikzeitung.ch\\\/wp-content\\\/uploads\\\/2026\\\/04\\\/03_Echo_Classical_next_Web.jpg\",\"keywords\":[\"Classical:next\",\"Kunstmusik\",\"Virtual Reality\"],\"articleSection\":[\"Berichte\",\"Treffpunkte\"],\"inLanguage\":\"en-US\"},{\"@type\":\"WebPage\",\"@id\":\"https:\\\/\\\/www.musikzeitung.ch\\\/berichte\\\/2026\\\/04\\\/classicalnext-2026-die-zukunft-der-kunstmusik-gestalten\",\"url\":\"https:\\\/\\\/www.musikzeitung.ch\\\/berichte\\\/2026\\\/04\\\/classicalnext-2026-die-zukunft-der-kunstmusik-gestalten\",\"name\":\"Classical:next 2026: Die Zukunft der Kunstmusik gestalten - Schweizer Musikzeitung\",\"isPartOf\":{\"@id\":\"https:\\\/\\\/www.musikzeitung.ch\\\/#website\"},\"primaryImageOfPage\":{\"@id\":\"https:\\\/\\\/www.musikzeitung.ch\\\/berichte\\\/2026\\\/04\\\/classicalnext-2026-die-zukunft-der-kunstmusik-gestalten#primaryimage\"},\"image\":{\"@id\":\"https:\\\/\\\/www.musikzeitung.ch\\\/berichte\\\/2026\\\/04\\\/classicalnext-2026-die-zukunft-der-kunstmusik-gestalten#primaryimage\"},\"thumbnailUrl\":\"https:\\\/\\\/www.musikzeitung.ch\\\/wp-content\\\/uploads\\\/2026\\\/04\\\/03_Echo_Classical_next_Web.jpg\",\"datePublished\":\"2026-04-20T06:48:56+00:00\",\"dateModified\":\"2026-04-23T07:20:07+00:00\",\"breadcrumb\":{\"@id\":\"https:\\\/\\\/www.musikzeitung.ch\\\/berichte\\\/2026\\\/04\\\/classicalnext-2026-die-zukunft-der-kunstmusik-gestalten#breadcrumb\"},\"inLanguage\":\"en-US\",\"potentialAction\":[{\"@type\":\"ReadAction\",\"target\":[\"https:\\\/\\\/www.musikzeitung.ch\\\/berichte\\\/2026\\\/04\\\/classicalnext-2026-die-zukunft-der-kunstmusik-gestalten\"]}]},{\"@type\":\"ImageObject\",\"inLanguage\":\"en-US\",\"@id\":\"https:\\\/\\\/www.musikzeitung.ch\\\/berichte\\\/2026\\\/04\\\/classicalnext-2026-die-zukunft-der-kunstmusik-gestalten#primaryimage\",\"url\":\"https:\\\/\\\/www.musikzeitung.ch\\\/wp-content\\\/uploads\\\/2026\\\/04\\\/03_Echo_Classical_next_Web.jpg\",\"contentUrl\":\"https:\\\/\\\/www.musikzeitung.ch\\\/wp-content\\\/uploads\\\/2026\\\/04\\\/03_Echo_Classical_next_Web.jpg\",\"width\":1400,\"height\":934,\"caption\":\"The largest global gathering of professionals for all sectors of classical and art music\"},{\"@type\":\"BreadcrumbList\",\"@id\":\"https:\\\/\\\/www.musikzeitung.ch\\\/berichte\\\/2026\\\/04\\\/classicalnext-2026-die-zukunft-der-kunstmusik-gestalten#breadcrumb\",\"itemListElement\":[{\"@type\":\"ListItem\",\"position\":1,\"name\":\"Home\",\"item\":\"https:\\\/\\\/www.musikzeitung.ch\\\/\"},{\"@type\":\"ListItem\",\"position\":2,\"name\":\"Classical:next 2026: Die Zukunft der Kunstmusik gestalten\"}]},{\"@type\":\"WebSite\",\"@id\":\"https:\\\/\\\/www.musikzeitung.ch\\\/#website\",\"url\":\"https:\\\/\\\/www.musikzeitung.ch\\\/\",\"name\":\"Schweizer Musikzeitung\",\"description\":\"Die f\u00fchrende sparten\u00fcbergreifende Monatszeitung in der Schweiz f\u00fcr musikalische Fragen.\",\"publisher\":{\"@id\":\"https:\\\/\\\/www.musikzeitung.ch\\\/#organization\"},\"potentialAction\":[{\"@type\":\"SearchAction\",\"target\":{\"@type\":\"EntryPoint\",\"urlTemplate\":\"https:\\\/\\\/www.musikzeitung.ch\\\/?s={search_term_string}\"},\"query-input\":{\"@type\":\"PropertyValueSpecification\",\"valueRequired\":true,\"valueName\":\"search_term_string\"}}],\"inLanguage\":\"en-US\"},{\"@type\":\"Organization\",\"@id\":\"https:\\\/\\\/www.musikzeitung.ch\\\/#organization\",\"name\":\"Schweizer Musikzeitung\",\"url\":\"https:\\\/\\\/www.musikzeitung.ch\\\/\",\"logo\":{\"@type\":\"ImageObject\",\"inLanguage\":\"en-US\",\"@id\":\"https:\\\/\\\/www.musikzeitung.ch\\\/#\\\/schema\\\/logo\\\/image\\\/\",\"url\":\"https:\\\/\\\/www.musikzeitung.ch\\\/wp-content\\\/uploads\\\/2023\\\/01\\\/SMZ_Schriftzug_Sprache.png\",\"contentUrl\":\"https:\\\/\\\/www.musikzeitung.ch\\\/wp-content\\\/uploads\\\/2023\\\/01\\\/SMZ_Schriftzug_Sprache.png\",\"width\":1400,\"height\":279,\"caption\":\"Schweizer Musikzeitung\"},\"image\":{\"@id\":\"https:\\\/\\\/www.musikzeitung.ch\\\/#\\\/schema\\\/logo\\\/image\\\/\"},\"sameAs\":[\"https:\\\/\\\/www.facebook.com\\\/SchweizerMusikzeitung\\\/\",\"https:\\\/\\\/x.com\\\/smusikzeitung\",\"https:\\\/\\\/www.instagram.com\\\/musikzeitung.ch\\\/\"]},{\"@type\":\"Person\",\"@id\":\"https:\\\/\\\/www.musikzeitung.ch\\\/#\\\/schema\\\/person\\\/dce7e5b820812d9af4db2f787d1bec92\",\"name\":\"Katrin Spelinova\",\"image\":{\"@type\":\"ImageObject\",\"inLanguage\":\"en-US\",\"@id\":\"https:\\\/\\\/secure.gravatar.com\\\/avatar\\\/2a2c2956e074ebca9bf65620496cd2e317d90b8c76450e9dd04d7cebf95eeada?s=96&d=mm&r=g\",\"url\":\"https:\\\/\\\/secure.gravatar.com\\\/avatar\\\/2a2c2956e074ebca9bf65620496cd2e317d90b8c76450e9dd04d7cebf95eeada?s=96&d=mm&r=g\",\"contentUrl\":\"https:\\\/\\\/secure.gravatar.com\\\/avatar\\\/2a2c2956e074ebca9bf65620496cd2e317d90b8c76450e9dd04d7cebf95eeada?s=96&d=mm&r=g\",\"caption\":\"Katrin Spelinova\"},\"sameAs\":[\"https:\\\/\\\/x.com\\\/testredaktor\"],\"url\":\"https:\\\/\\\/www.musikzeitung.ch\\\/en\\\/author\\\/spelkat\"}]}<\/script>\n<!-- \/ Yoast SEO plugin. -->","yoast_head_json":{"title":"Classical:next 2026: Shaping the future of art music - Schweizer Musikzeitung","robots":{"index":"index","follow":"follow","max-snippet":"max-snippet:-1","max-image-preview":"max-image-preview:large","max-video-preview":"max-video-preview:-1"},"canonical":"https:\/\/www.musikzeitung.ch\/en\/berichte\/2026\/04\/classicalnext-2026-die-zukunft-der-kunstmusik-gestalten\/","og_locale":"en_US","og_type":"article","og_title":"Classical:next 2026: Die Zukunft der Kunstmusik gestalten - Schweizer Musikzeitung","og_description":"Die diesj\u00e4hrige Ausgabe des weltgr\u00f6ssten Fachtreffens f\u00fcr klassische und zeitgen\u00f6ssische Musik fand in Budapest statt. Die Schweizer Beteilung war marginal.","og_url":"https:\/\/www.musikzeitung.ch\/en\/berichte\/2026\/04\/classicalnext-2026-die-zukunft-der-kunstmusik-gestalten\/","og_site_name":"Schweizer Musikzeitung","article_publisher":"https:\/\/www.facebook.com\/SchweizerMusikzeitung\/","article_published_time":"2026-04-20T06:48:56+00:00","article_modified_time":"2026-04-23T07:20:07+00:00","og_image":[{"width":1400,"height":934,"url":"https:\/\/www.musikzeitung.ch\/wp-content\/uploads\/2026\/04\/03_Echo_Classical_next_Web.jpg","type":"image\/jpeg"}],"author":"Katrin Spelinova","twitter_card":"summary_large_image","twitter_creator":"@testredaktor","twitter_site":"@smusikzeitung","twitter_misc":{"Written by":"Katrin Spelinova","Est. reading time":"4 minutes"},"schema":{"@context":"https:\/\/schema.org","@graph":[{"@type":"Article","@id":"https:\/\/www.musikzeitung.ch\/berichte\/2026\/04\/classicalnext-2026-die-zukunft-der-kunstmusik-gestalten#article","isPartOf":{"@id":"https:\/\/www.musikzeitung.ch\/berichte\/2026\/04\/classicalnext-2026-die-zukunft-der-kunstmusik-gestalten"},"author":{"name":"Katrin Spelinova","@id":"https:\/\/www.musikzeitung.ch\/#\/schema\/person\/dce7e5b820812d9af4db2f787d1bec92"},"headline":"Classical:next 2026: Die Zukunft der Kunstmusik gestalten","datePublished":"2026-04-20T06:48:56+00:00","dateModified":"2026-04-23T07:20:07+00:00","mainEntityOfPage":{"@id":"https:\/\/www.musikzeitung.ch\/berichte\/2026\/04\/classicalnext-2026-die-zukunft-der-kunstmusik-gestalten"},"wordCount":532,"publisher":{"@id":"https:\/\/www.musikzeitung.ch\/#organization"},"image":{"@id":"https:\/\/www.musikzeitung.ch\/berichte\/2026\/04\/classicalnext-2026-die-zukunft-der-kunstmusik-gestalten#primaryimage"},"thumbnailUrl":"https:\/\/www.musikzeitung.ch\/wp-content\/uploads\/2026\/04\/03_Echo_Classical_next_Web.jpg","keywords":["Classical:next","Kunstmusik","Virtual Reality"],"articleSection":["Berichte","Treffpunkte"],"inLanguage":"en-US"},{"@type":"WebPage","@id":"https:\/\/www.musikzeitung.ch\/berichte\/2026\/04\/classicalnext-2026-die-zukunft-der-kunstmusik-gestalten","url":"https:\/\/www.musikzeitung.ch\/berichte\/2026\/04\/classicalnext-2026-die-zukunft-der-kunstmusik-gestalten","name":"Classical:next 2026: Shaping the future of art music - Schweizer Musikzeitung","isPartOf":{"@id":"https:\/\/www.musikzeitung.ch\/#website"},"primaryImageOfPage":{"@id":"https:\/\/www.musikzeitung.ch\/berichte\/2026\/04\/classicalnext-2026-die-zukunft-der-kunstmusik-gestalten#primaryimage"},"image":{"@id":"https:\/\/www.musikzeitung.ch\/berichte\/2026\/04\/classicalnext-2026-die-zukunft-der-kunstmusik-gestalten#primaryimage"},"thumbnailUrl":"https:\/\/www.musikzeitung.ch\/wp-content\/uploads\/2026\/04\/03_Echo_Classical_next_Web.jpg","datePublished":"2026-04-20T06:48:56+00:00","dateModified":"2026-04-23T07:20:07+00:00","breadcrumb":{"@id":"https:\/\/www.musikzeitung.ch\/berichte\/2026\/04\/classicalnext-2026-die-zukunft-der-kunstmusik-gestalten#breadcrumb"},"inLanguage":"en-US","potentialAction":[{"@type":"ReadAction","target":["https:\/\/www.musikzeitung.ch\/berichte\/2026\/04\/classicalnext-2026-die-zukunft-der-kunstmusik-gestalten"]}]},{"@type":"ImageObject","inLanguage":"en-US","@id":"https:\/\/www.musikzeitung.ch\/berichte\/2026\/04\/classicalnext-2026-die-zukunft-der-kunstmusik-gestalten#primaryimage","url":"https:\/\/www.musikzeitung.ch\/wp-content\/uploads\/2026\/04\/03_Echo_Classical_next_Web.jpg","contentUrl":"https:\/\/www.musikzeitung.ch\/wp-content\/uploads\/2026\/04\/03_Echo_Classical_next_Web.jpg","width":1400,"height":934,"caption":"The largest global gathering of professionals for all sectors of classical and art music"},{"@type":"BreadcrumbList","@id":"https:\/\/www.musikzeitung.ch\/berichte\/2026\/04\/classicalnext-2026-die-zukunft-der-kunstmusik-gestalten#breadcrumb","itemListElement":[{"@type":"ListItem","position":1,"name":"Home","item":"https:\/\/www.musikzeitung.ch\/"},{"@type":"ListItem","position":2,"name":"Classical:next 2026: Die Zukunft der Kunstmusik gestalten"}]},{"@type":"WebSite","@id":"https:\/\/www.musikzeitung.ch\/#website","url":"https:\/\/www.musikzeitung.ch\/","name":"Swiss Music Newspaper","description":"The leading interdisciplinary monthly newspaper in Switzerland for musical issues.","publisher":{"@id":"https:\/\/www.musikzeitung.ch\/#organization"},"potentialAction":[{"@type":"SearchAction","target":{"@type":"EntryPoint","urlTemplate":"https:\/\/www.musikzeitung.ch\/?s={search_term_string}"},"query-input":{"@type":"PropertyValueSpecification","valueRequired":true,"valueName":"search_term_string"}}],"inLanguage":"en-US"},{"@type":"Organization","@id":"https:\/\/www.musikzeitung.ch\/#organization","name":"Swiss Music Newspaper","url":"https:\/\/www.musikzeitung.ch\/","logo":{"@type":"ImageObject","inLanguage":"en-US","@id":"https:\/\/www.musikzeitung.ch\/#\/schema\/logo\/image\/","url":"https:\/\/www.musikzeitung.ch\/wp-content\/uploads\/2023\/01\/SMZ_Schriftzug_Sprache.png","contentUrl":"https:\/\/www.musikzeitung.ch\/wp-content\/uploads\/2023\/01\/SMZ_Schriftzug_Sprache.png","width":1400,"height":279,"caption":"Schweizer Musikzeitung"},"image":{"@id":"https:\/\/www.musikzeitung.ch\/#\/schema\/logo\/image\/"},"sameAs":["https:\/\/www.facebook.com\/SchweizerMusikzeitung\/","https:\/\/x.com\/smusikzeitung","https:\/\/www.instagram.com\/musikzeitung.ch\/"]},{"@type":"Person","@id":"https:\/\/www.musikzeitung.ch\/#\/schema\/person\/dce7e5b820812d9af4db2f787d1bec92","name":"Katrin Spelinova","image":{"@type":"ImageObject","inLanguage":"en-US","@id":"https:\/\/secure.gravatar.com\/avatar\/2a2c2956e074ebca9bf65620496cd2e317d90b8c76450e9dd04d7cebf95eeada?s=96&d=mm&r=g","url":"https:\/\/secure.gravatar.com\/avatar\/2a2c2956e074ebca9bf65620496cd2e317d90b8c76450e9dd04d7cebf95eeada?s=96&d=mm&r=g","contentUrl":"https:\/\/secure.gravatar.com\/avatar\/2a2c2956e074ebca9bf65620496cd2e317d90b8c76450e9dd04d7cebf95eeada?s=96&d=mm&r=g","caption":"Katrin Spelinova"},"sameAs":["https:\/\/x.com\/testredaktor"],"url":"https:\/\/www.musikzeitung.ch\/en\/author\/spelkat"}]}},"publishpress_future_workflow_manual_trigger":{"enabledWorkflows":[]},"_links":{"self":[{"href":"https:\/\/www.musikzeitung.ch\/en\/wp-json\/wp\/v2\/posts\/72713","targetHints":{"allow":["GET"]}}],"collection":[{"href":"https:\/\/www.musikzeitung.ch\/en\/wp-json\/wp\/v2\/posts"}],"about":[{"href":"https:\/\/www.musikzeitung.ch\/en\/wp-json\/wp\/v2\/types\/post"}],"author":[{"embeddable":true,"href":"https:\/\/www.musikzeitung.ch\/en\/wp-json\/wp\/v2\/users\/23"}],"replies":[{"embeddable":true,"href":"https:\/\/www.musikzeitung.ch\/en\/wp-json\/wp\/v2\/comments?post=72713"}],"version-history":[{"count":1,"href":"https:\/\/www.musikzeitung.ch\/en\/wp-json\/wp\/v2\/posts\/72713\/revisions"}],"predecessor-version":[{"id":72715,"href":"https:\/\/www.musikzeitung.ch\/en\/wp-json\/wp\/v2\/posts\/72713\/revisions\/72715"}],"wp:featuredmedia":[{"embeddable":true,"href":"https:\/\/www.musikzeitung.ch\/en\/wp-json\/wp\/v2\/media\/72714"}],"wp:attachment":[{"href":"https:\/\/www.musikzeitung.ch\/en\/wp-json\/wp\/v2\/media?parent=72713"}],"wp:term":[{"taxonomy":"category","embeddable":true,"href":"https:\/\/www.musikzeitung.ch\/en\/wp-json\/wp\/v2\/categories?post=72713"},{"taxonomy":"post_tag","embeddable":true,"href":"https:\/\/www.musikzeitung.ch\/en\/wp-json\/wp\/v2\/tags?post=72713"}],"curies":[{"name":"wp","href":"https:\/\/api.w.org\/{rel}","templated":true}]}}