{"id":72778,"date":"2026-04-22T16:13:52","date_gmt":"2026-04-22T14:13:52","guid":{"rendered":"https:\/\/www.musikzeitung.ch\/?p=72778"},"modified":"2026-04-23T09:19:26","modified_gmt":"2026-04-23T07:19:26","slug":"zur-geschichte-der-schweizerischen-gesellschaft-fuer-neue-musik","status":"publish","type":"post","link":"https:\/\/www.musikzeitung.ch\/en\/berichte\/2026\/04\/zur-geschichte-der-schweizerischen-gesellschaft-fuer-neue-musik","title":{"rendered":"The history of the Swiss Society for New Music"},"content":{"rendered":"<figure id=\"attachment_72803\" aria-describedby=\"caption-attachment-72803\" style=\"width: 1400px\" class=\"wp-caption aligncenter\"><img loading=\"lazy\" decoding=\"async\" class=\"wp-image-72803 size-full\" src=\"https:\/\/www.musikzeitung.ch\/wp-content\/uploads\/2026\/04\/03_Echo_SGNM_8b.jpg\" alt=\"\" width=\"1400\" height=\"933\" srcset=\"https:\/\/www.musikzeitung.ch\/wp-content\/uploads\/2026\/04\/03_Echo_SGNM_8b.jpg 1400w, https:\/\/www.musikzeitung.ch\/wp-content\/uploads\/2026\/04\/03_Echo_SGNM_8b-300x200.jpg 300w, https:\/\/www.musikzeitung.ch\/wp-content\/uploads\/2026\/04\/03_Echo_SGNM_8b-1024x683.jpg 1024w, https:\/\/www.musikzeitung.ch\/wp-content\/uploads\/2026\/04\/03_Echo_SGNM_8b-600x400.jpg 600w, https:\/\/www.musikzeitung.ch\/wp-content\/uploads\/2026\/04\/03_Echo_SGNM_8b-768x512.jpg 768w, https:\/\/www.musikzeitung.ch\/wp-content\/uploads\/2026\/04\/03_Echo_SGNM_8b-1536x1024.jpg 1536w, https:\/\/www.musikzeitung.ch\/wp-content\/uploads\/2026\/04\/03_Echo_SGNM_8b-18x12.jpg 18w, https:\/\/www.musikzeitung.ch\/wp-content\/uploads\/2026\/04\/03_Echo_SGNM_8b-263x175.jpg 263w, https:\/\/www.musikzeitung.ch\/wp-content\/uploads\/2026\/04\/03_Echo_SGNM_8b-525x350.jpg 525w, https:\/\/www.musikzeitung.ch\/wp-content\/uploads\/2026\/04\/03_Echo_SGNM_8b-1200x800.jpg 1200w, https:\/\/www.musikzeitung.ch\/wp-content\/uploads\/2026\/04\/03_Echo_SGNM_8b-920x613.jpg 920w\" sizes=\"auto, (max-width: 1400px) 100vw, 1400px\" \/><figcaption id=\"caption-attachment-72803\" class=\"wp-caption-text\">\u00abFamily photo\u00bb of the ISCM delegates on the occasion of the ISCM General Assembly at the ISCM World Music Days 2019 in Tallinn, Estonia, 2nd from left in the front row: Javier Hagen, 1st from right in the front row: Max E. Keller. Photo: zVg\/ISCM Switzerland<\/figcaption><\/figure>\n<p>The history of the <a href=\"https:\/\/de.wikipedia.org\/wiki\/Schweizerische_Gesellschaft_f%C3%BCr_Neue_Musik\" target=\"_blank\" rel=\"noopener\">Swiss Society for New Music (SGNM<\/a>) from its foundation in 1995 until its dissolution in 2025 with the <a href=\"https:\/\/de.wikipedia.org\/wiki\/ISCM_Switzerland\" target=\"_blank\" rel=\"noopener\">ISCM Switzerland<\/a> the Swiss representative of the International Society for Contemporary Music (<a href=\"http:\/\/iscm.org\" target=\"_blank\" rel=\"noopener\">ISCM<\/a>). In the German-speaking context, the ISCM is generally known as the International Society for New Music (IGNM).<\/p>\n<h3>A history spanning over a hundred years<\/h3>\n<p>ISCM Switzerland has existed since October 1922, the year the ISCM was founded, and is one of the oldest ISCM national sections. Several influential Swiss musical personalities were involved in the founding and early years of the ISCM. The German conductor and composer Hermann Scherchen, who worked at the Musikkollegium in Winterthur at the time and was closely associated with the ISCM founders, brought his employer, the Winterthur patron Werner Reinhart, onto the ISCM founding committee. Reinhart was then responsible both for substantial financial support for the first ISCM World Music Days, the ISCM festivals held annually in a different country, and for the founding of ISCM Switzerland as part of the Swiss Musicians' Association STV. The first ISCM Switzerland board included <a href=\"https:\/\/de.wikipedia.org\/wiki\/Volkmar_Andreae\" target=\"_blank\" rel=\"noopener\">Volkmar Andreae<\/a> (Chair), <a href=\"https:\/\/de.wikipedia.org\/wiki\/Hermann_Suter\" target=\"_blank\" rel=\"noopener\">Hermann Suter<\/a>, <a href=\"https:\/\/de.wikipedia.org\/wiki\/Emile_Lauber\" target=\"_blank\" rel=\"noopener\">Emile Lauber<\/a>, <a href=\"https:\/\/de.wikipedia.org\/wiki\/Ernest_Ansermet\" target=\"_blank\" rel=\"noopener\">Ernest Ansermet<\/a>, <a href=\"https:\/\/de.wikipedia.org\/wiki\/Werner_Reinhart\" target=\"_blank\" rel=\"noopener\">Werner Reinhart,<\/a> <a href=\"https:\/\/ead.nb.admin.ch\/html\/laquai_reinhold.html\" target=\"_blank\" rel=\"noopener\">Reinhold Laquai<\/a> and <a href=\"https:\/\/www.artlyrique.fr\/personnages\/Duperier%20Jean.html\" target=\"_blank\" rel=\"noopener\">Jean Dup\u00e9rier <\/a>seat. In the 1920s, ISCM Switzerland also organized the ISCM World Music Days twice: in 1926 in Zurich under Volkmar Andreae and <a href=\"https:\/\/de.wikipedia.org\/wiki\/Hermann_Scherchen\" target=\"_blank\" rel=\"noopener\">Hermann Scherchen<\/a>, and in 1929 in Geneva under Ernest Ansermet.<\/p>\n<figure id=\"attachment_72802\" aria-describedby=\"caption-attachment-72802\" style=\"width: 1400px\" class=\"wp-caption aligncenter\"><img loading=\"lazy\" decoding=\"async\" class=\"wp-image-72802 size-full\" src=\"https:\/\/www.musikzeitung.ch\/wp-content\/uploads\/2026\/04\/03_Echo_SGNM_7_b.jpg\" alt=\"\" width=\"1400\" height=\"745\" srcset=\"https:\/\/www.musikzeitung.ch\/wp-content\/uploads\/2026\/04\/03_Echo_SGNM_7_b.jpg 1400w, https:\/\/www.musikzeitung.ch\/wp-content\/uploads\/2026\/04\/03_Echo_SGNM_7_b-300x160.jpg 300w, https:\/\/www.musikzeitung.ch\/wp-content\/uploads\/2026\/04\/03_Echo_SGNM_7_b-1024x545.jpg 1024w, https:\/\/www.musikzeitung.ch\/wp-content\/uploads\/2026\/04\/03_Echo_SGNM_7_b-768x408.jpg 768w, https:\/\/www.musikzeitung.ch\/wp-content\/uploads\/2026\/04\/03_Echo_SGNM_7_b-1536x817.jpg 1536w, https:\/\/www.musikzeitung.ch\/wp-content\/uploads\/2026\/04\/03_Echo_SGNM_7_b-18x10.jpg 18w, https:\/\/www.musikzeitung.ch\/wp-content\/uploads\/2026\/04\/03_Echo_SGNM_7_b-329x175.jpg 329w, https:\/\/www.musikzeitung.ch\/wp-content\/uploads\/2026\/04\/03_Echo_SGNM_7_b-658x350.jpg 658w, https:\/\/www.musikzeitung.ch\/wp-content\/uploads\/2026\/04\/03_Echo_SGNM_7_b-1504x800.jpg 1504w, https:\/\/www.musikzeitung.ch\/wp-content\/uploads\/2026\/04\/03_Echo_SGNM_7_b-920x489.jpg 920w\" sizes=\"auto, (max-width: 1400px) 100vw, 1400px\" \/><figcaption id=\"caption-attachment-72802\" class=\"wp-caption-text\">Junghae Lee together with SGNM board members Egidius Streiff, Max E. Keller and Javier Hagen at the ISCM World Music Days in Tallinn, Estonia, 2019. Photo: zVg\/ISCM Switzerland<\/figcaption><\/figure>\n<h3>Part of the Swiss Association of Musicians<\/h3>\n<p>From 1922 to 1995, ISCM Switzerland was an integral part of the <a href=\"https:\/\/de.wikipedia.org\/wiki\/Sonart\" target=\"_blank\" rel=\"noopener\">Swiss Association of Musicians (STV<\/a>), the most important and influential association for contemporary music in Switzerland at the time. At the time, the STV functioned in the same way as the Composer's Unions of the other ISCM member countries.<\/p>\n<p>Until the 1970s, the STV presidents also held the ISCM Switzerland presidency at the same time. From the 1970s onwards, there was a gradual desire for separate STV and ISCM Switzerland presidencies, but legally everything remained under one roof, that of the STV.<\/p>\n<p>In view of the impending <a href=\"https:\/\/de.wikipedia.org\/wiki\/ISCM_World_Music_Days_2004\" target=\"_blank\" rel=\"noopener\">ISCM World Music Days 2004<\/a> In Switzerland, ISCM Switzerland was separated from the STV in 1995 and incorporated into its own legal entity: the Swiss Society for Contemporary Music SGNM \/ Soci\u00e9t\u00e9 Suisse pour la Musique Contemporaine SSMC, founded for this purpose in 1995 under the direction of Jean-Luc Darbellay. This step was intended to guarantee greater operational flexibility, which was the case until the ISCM World Music Days in Switzerland in 2004.<\/p>\n<h3>Difficult situation after the World Music Days 2004<\/h3>\n<p>The downside of the founding of the SGNM in 1995 was that the supporting and representative membership structure of the STV was lost. The new association had only about two dozen members instead of over 1000: most of the Swiss IGNM local groups, a few other new music organizers and a handful of ensembles. And as soon as the ISCM World Music Days 2004 were over in Switzerland, the SGNM also lost its federal funding and its project secretariat.<\/p>\n<p>This was still the case when Javier Hagen took over the SGNM presidency in 2014. His assumption of the SGNM presidency was linked to the declared intention of resolving this dilemma and not continuing ISCM Switzerland as before, but rather reintegrating it into a coherent national structure. At the time, this meant returning to the STV.<\/p>\n<figure id=\"attachment_72798\" aria-describedby=\"caption-attachment-72798\" style=\"width: 1191px\" class=\"wp-caption aligncenter\"><img loading=\"lazy\" decoding=\"async\" class=\"wp-image-72798 size-full\" src=\"https:\/\/www.musikzeitung.ch\/wp-content\/uploads\/2026\/04\/03_Echo_SGNM_3.jpg\" alt=\"\" width=\"1191\" height=\"894\" srcset=\"https:\/\/www.musikzeitung.ch\/wp-content\/uploads\/2026\/04\/03_Echo_SGNM_3.jpg 1191w, https:\/\/www.musikzeitung.ch\/wp-content\/uploads\/2026\/04\/03_Echo_SGNM_3-300x225.jpg 300w, https:\/\/www.musikzeitung.ch\/wp-content\/uploads\/2026\/04\/03_Echo_SGNM_3-1024x769.jpg 1024w, https:\/\/www.musikzeitung.ch\/wp-content\/uploads\/2026\/04\/03_Echo_SGNM_3-768x576.jpg 768w, https:\/\/www.musikzeitung.ch\/wp-content\/uploads\/2026\/04\/03_Echo_SGNM_3-16x12.jpg 16w, https:\/\/www.musikzeitung.ch\/wp-content\/uploads\/2026\/04\/03_Echo_SGNM_3-233x175.jpg 233w, https:\/\/www.musikzeitung.ch\/wp-content\/uploads\/2026\/04\/03_Echo_SGNM_3-466x350.jpg 466w, https:\/\/www.musikzeitung.ch\/wp-content\/uploads\/2026\/04\/03_Echo_SGNM_3-1066x800.jpg 1066w, https:\/\/www.musikzeitung.ch\/wp-content\/uploads\/2026\/04\/03_Echo_SGNM_3-920x691.jpg 920w\" sizes=\"auto, (max-width: 1191px) 100vw, 1191px\" \/><figcaption id=\"caption-attachment-72798\" class=\"wp-caption-text\">Helena Winkelman at the ISCM World Music Days in Ljubljana, Slovenia, 2015. photo: zVg\/ISCM Switzerland<\/figcaption><\/figure>\n<p>Since the early 2000s, however, the STV has been undergoing a fundamental transformation under pressure from the Federal Office of Culture, which, as is well known, led to its dissolution and merger with other associations in 2017. <a href=\"https:\/\/de.wikipedia.org\/wiki\/Sonart\" target=\"_blank\" rel=\"noopener\">Sonart<\/a> has led to. Therefore, from 2014 to 2023, until the definitive consolidation of Sonart after the pandemic, there was no real prospect of a return to the STV or the successor structure: the potential partners were in the process of disintegration or genesis.<\/p>\n<h3>Dissolution of the SGNM and takeover of the ISCM Switzerland mandate<\/h3>\n<p>At the 2019 ISCM General Assembly in Tallinn, Javier Hagen was nominated for election to the ISCM ExCom due to his many years of ISCM involvement. The structural weakness of the SGNM, which he repeatedly emphasized to the ISCM, prompted him to decline the election to the ISCM ExCom in favour of his Romanian colleague; the upcoming tasks at home in Switzerland were too pressing.<\/p>\n<p>From 2023, discussions regarding the return of the ISCM Switzerland to a national structure could be resumed. Based on the assumption that the ISCM primarily offers added value for composers, and possibly also for ensembles, this structure should meet the following criteria: maximum congruence with the reality of the ISCM, national reach, stable, i.e. permanently employed and professionalized administration. That used to be the STV. The new association Sonart fulfills these requirements structurally, but only to a limited extent in terms of content.<\/p>\n<p>Alternatively, discussions were also sought with the Swiss music publisher SME\/EMS. Together with the Musinfo database, it is also one of the former STV's decoupled projects. SME brings together the majority of Swiss composers as members. A modestly staffed office and a proactive and young board, which agreed to take over the ISCM Switzerland mandate in 2025, manage the business. With the resignation of the SGNM board and the dissolution of the SGNM after 30 years, the ISCM Switzerland mandate, which the SGNM took over from the STV in 1995, was transferred to the SME on July 1, 2025.<\/p>\n<h3>Review of diverse SGNM activities up to 2025<\/h3>\n<p>The last active SGNM board - Max E. Keller, Egidius Streiff, David Rossel and Javier Hagen - brought ISCM Switzerland back into the public eye and online from 2014. It processed the historical documents in Switzerland, guaranteed a minimal structure and activity and maintained the international networking work with the ISCM with minimal resources and great commitment.<\/p>\n<figure id=\"attachment_72796\" aria-describedby=\"caption-attachment-72796\" style=\"width: 639px\" class=\"wp-caption aligncenter\"><img loading=\"lazy\" decoding=\"async\" class=\"wp-image-72796 size-full\" src=\"https:\/\/www.musikzeitung.ch\/wp-content\/uploads\/2026\/04\/03_Echo_SGNM_1b.jpg\" alt=\"\" width=\"639\" height=\"480\" srcset=\"https:\/\/www.musikzeitung.ch\/wp-content\/uploads\/2026\/04\/03_Echo_SGNM_1b.jpg 639w, https:\/\/www.musikzeitung.ch\/wp-content\/uploads\/2026\/04\/03_Echo_SGNM_1b-300x225.jpg 300w, https:\/\/www.musikzeitung.ch\/wp-content\/uploads\/2026\/04\/03_Echo_SGNM_1b-16x12.jpg 16w, https:\/\/www.musikzeitung.ch\/wp-content\/uploads\/2026\/04\/03_Echo_SGNM_1b-233x175.jpg 233w, https:\/\/www.musikzeitung.ch\/wp-content\/uploads\/2026\/04\/03_Echo_SGNM_1b-466x350.jpg 466w\" sizes=\"auto, (max-width: 639px) 100vw, 639px\" \/><figcaption id=\"caption-attachment-72796\" class=\"wp-caption-text\">The jury of the ISCM Young Composer Awards 2014 in Wroclaw: Tomoko Fukui (Japan), Eva Lopzyc (Argentina), Javier Hagen (Switzerland). Photo: zVg\/ISCM Switzerland<\/figcaption><\/figure>\n<p>Throughout Switzerland, the SGNM was responsible, among other things, for ensuring that new music was once again represented on the Swiss Music Council SMR thanks to an expansion of the board (2017), and it was involved with the STV in the preparatory discussions for the Sonart merger (2016\/17). From 2016, the SGNM held a seat on the board of Schweizer Musikedition SME\/EMS and secured its <a href=\"https:\/\/www.musikzeitung.ch\/politik\/2016\/10\/finanzspritze-fuer-die-schweizer-musikedition\" target=\"_blank\" rel=\"noopener\">Liquidity when merging SME and Musinfo<\/a> (2016). She also successfully acted as a mediator for various IGNM local groups in the face of the threat of substantial funding cuts in various cantons (2015\/2016).<\/p>\n<p>The SGNM also re-established contact between the Swiss musicologist Anton Haefeli, the author of the reference book on ISCM history 1922-80, and the ISCM. In 2020 <a href=\"https:\/\/iscm.org\/honorarymember\/haefeli-anton\/\" target=\"_blank\" rel=\"noopener\">Anton Haefeli appointed honorary member of the ISCM at the suggestion of the SGNM<\/a>.<\/p>\n<p>&nbsp;<\/p>\n<figure id=\"attachment_72797\" aria-describedby=\"caption-attachment-72797\" style=\"width: 640px\" class=\"wp-caption aligncenter\"><img loading=\"lazy\" decoding=\"async\" class=\"wp-image-72797 size-full\" src=\"https:\/\/www.musikzeitung.ch\/wp-content\/uploads\/2026\/04\/03_Echo_SGNM_2.jpg\" alt=\"\" width=\"640\" height=\"478\" srcset=\"https:\/\/www.musikzeitung.ch\/wp-content\/uploads\/2026\/04\/03_Echo_SGNM_2.jpg 640w, https:\/\/www.musikzeitung.ch\/wp-content\/uploads\/2026\/04\/03_Echo_SGNM_2-300x224.jpg 300w, https:\/\/www.musikzeitung.ch\/wp-content\/uploads\/2026\/04\/03_Echo_SGNM_2-16x12.jpg 16w, https:\/\/www.musikzeitung.ch\/wp-content\/uploads\/2026\/04\/03_Echo_SGNM_2-234x175.jpg 234w, https:\/\/www.musikzeitung.ch\/wp-content\/uploads\/2026\/04\/03_Echo_SGNM_2-469x350.jpg 469w\" sizes=\"auto, (max-width: 640px) 100vw, 640px\" \/><figcaption id=\"caption-attachment-72797\" class=\"wp-caption-text\">Denis Schuler at the ISCM World Music Days in Wroclaw, Poland, 2014. photo: zVg\/ISCM Switzerland<\/figcaption><\/figure>\n<p>&nbsp;<\/p>\n<p>Thanks to Anton Haefeli, the SGNM came across the founding correspondence of the ISCM in the Winterthur City Library in 2014 - a find of particular significance, as such documents have been lost in many countries due to wars and political turmoil. In view of publications for the ISCM anniversary in 2022, this discovery was more than timely. In the early years of the ISCM, almost all correspondence passed through Werner Reinhart's desk. The carbon copies of these documents are carefully and clearly archived in the Reinhart folder at Winterthur City Library.<\/p>\n<p>Within the ISCM, the SGNM was able to <a href=\"https:\/\/codexflores.ch\/index.php\/2018\/05\/31\/iscm-switzerland-sorgt-fuer-globale-sprachenvielfalt\/\" target=\"_blank\" rel=\"noopener\">Extension of the official, historical ISCM communication languages<\/a> German, French and English. Spanish, Chinese, Arabic and Russian were newly added as \u00abWelcoming Languages\u00bb. This was a groundbreaking step towards facilitating communication within the society (2018). The SGNM has also helped to initiate new memberships and re-entries such as Brazil (2017), China-Shanghai (2017) and Spain (2021).<\/p>\n<figure id=\"attachment_72800\" aria-describedby=\"caption-attachment-72800\" style=\"width: 797px\" class=\"wp-caption aligncenter\"><img loading=\"lazy\" decoding=\"async\" class=\"wp-image-72800 size-full\" src=\"https:\/\/www.musikzeitung.ch\/wp-content\/uploads\/2026\/04\/03_Echo_SGNM_5_b.jpg\" alt=\"\" width=\"797\" height=\"502\" srcset=\"https:\/\/www.musikzeitung.ch\/wp-content\/uploads\/2026\/04\/03_Echo_SGNM_5_b.jpg 797w, https:\/\/www.musikzeitung.ch\/wp-content\/uploads\/2026\/04\/03_Echo_SGNM_5_b-300x189.jpg 300w, https:\/\/www.musikzeitung.ch\/wp-content\/uploads\/2026\/04\/03_Echo_SGNM_5_b-768x484.jpg 768w, https:\/\/www.musikzeitung.ch\/wp-content\/uploads\/2026\/04\/03_Echo_SGNM_5_b-18x12.jpg 18w, https:\/\/www.musikzeitung.ch\/wp-content\/uploads\/2026\/04\/03_Echo_SGNM_5_b-278x175.jpg 278w, https:\/\/www.musikzeitung.ch\/wp-content\/uploads\/2026\/04\/03_Echo_SGNM_5_b-556x350.jpg 556w\" sizes=\"auto, (max-width: 797px) 100vw, 797px\" \/><figcaption id=\"caption-attachment-72800\" class=\"wp-caption-text\">David Philipp Hefti's \u00ab\u00e0 la recherche\u00bb at the ISCM World Music Days in Beijing, China, 2018. Photo: zVg\/ISCM Switzerland<\/figcaption><\/figure>\n<p>In 2019, the SGNM launched a call for the promotion of Swiss new music ensembles abroad for the first time as part of the ISCM Collaborative Series (Director: Max E. Keller). The <a href=\"https:\/\/www.facebook.com\/media\/set?vanity=ISCMSwitzerlandOFFICIAL&amp;set=a.2600283300222002\" target=\"_blank\" rel=\"noopener\">HyperDuo<\/a> and played successfully in the fall of 2020 in the <a href=\"https:\/\/www.facebook.com\/media\/set?vanity=ISCMSwitzerlandOFFICIAL&amp;set=a.2600283300222002\" target=\"_blank\" rel=\"noopener\">IGNM concert series in M\u00fcnster, Detmold and Berlin<\/a> in Germany.<\/p>\n<h3>Measures during the corona period<\/h3>\n<p>In 2020, the SGNM successfully lobbied the Swiss Federal Assembly for the adoption of the COVID-19 Act, which was amended in favor of Swiss cultural life. It also initiated quota increases at national broadcasters abroad via the ISCM working groups - similar to SRF, which increased the quota of Swiss music in its programming to 50% during the coronavirus pandemic in favor of higher royalties for local musicians.<\/p>\n<p>The <a href=\"https:\/\/iscm.org\/iscm-activities\/collaborative-events\/iscm-virtual-collaborative-series-2020\/\" target=\"_blank\" rel=\"noopener\">ISCM Virtual Collaborative Series (VCS<\/a>), which were launched in 2020 during the coronavirus pandemic to maintain the promotion of contemporary music on social media in the face of the shutdown of concert operations, were initiated by the SGNM. By November 2023, the ISCM VCS will have a total of <a href=\"https:\/\/www.facebook.com\/media\/set?vanity=ISCMSwitzerlandOFFICIAL&amp;set=a.2741059042811093\" target=\"_blank\" rel=\"noopener\">Works by over 250 composers from all over the world <\/a>have been presented, including the following 15 <a href=\"https:\/\/www.musikzeitung.ch\/de\/resonance\/klassik\/2022\/03\/iscm-world-new-music-days-2022.html\" target=\"_blank\" rel=\"noopener\">Pieces from<\/a> Swiss men and women:<\/p>\n<ul>\n<li><a href=\"http:\/\/baadernobs.ch\/\" target=\"_blank\" rel=\"noopener\">Heidi Baader-Nobs<\/a>Evasion<\/li>\n<li><a href=\"http:\/\/arturocorrales.com\/\" target=\"_blank\" rel=\"noopener\">Arturo Corrales<\/a>Flow<\/li>\n<li><a href=\"https:\/\/www.aglaiagraf.com\/\" target=\"_blank\" rel=\"noopener\">Aglaia Graf<\/a>Birth of Gods<\/li>\n<li><a href=\"https:\/\/klaushuber.ch\/pagina.php?2,2,91,41,0,0\" target=\"_blank\" rel=\"noopener\">Klaus Huber<\/a>: Tenebrae<\/li>\n<li><a href=\"https:\/\/regina-irman.ch\/\" target=\"_blank\" rel=\"noopener\">Regina Irman<\/a>: Black Luck 2<\/li>\n<li><a href=\"https:\/\/musicdirectory.ch\/de\/profiles\/sachie-kobayashi\/\" target=\"_blank\" rel=\"noopener\">Sachie Kobayashi<\/a>: Les cieux roulent des yeux<\/li>\n<li><a href=\"https:\/\/www.musinfo.ch\/de\/personen\/alle\/?pers_id=1267\" target=\"_blank\" rel=\"noopener\">Hanspeter Kyburz<\/a>Cells<\/li>\n<li><a href=\"http:\/\/www.ulrikems.info\/\" target=\"_blank\" rel=\"noopener\">Ulrike Mayer-Spohn<\/a>fKFW<\/li>\n<li><a href=\"http:\/\/abrilpadilla.net\/\" target=\"_blank\" rel=\"noopener\">Abril Padilla<\/a>: Grimja<\/li>\n<li><a href=\"https:\/\/www.blablabor.ch\/indexschmucki\" target=\"_blank\" rel=\"noopener\">Annette Schmucki<\/a>: Stag Brain Hornet<\/li>\n<li><a href=\"http:\/\/www.mathiassteinauer.com\/\" target=\"_blank\" rel=\"noopener\">Mathias Steinauer<\/a>Keyner Nit<\/li>\n<li><a href=\"https:\/\/karinwetzel.de\/\" target=\"_blank\" rel=\"noopener\">Karin Wetzel<\/a>Glass Body<\/li>\n<li><a href=\"http:\/\/www.williamblank.net\/\" target=\"_blank\" rel=\"noopener\">William Blank<\/a>Reflecting Black<\/li>\n<li><a href=\"http:\/\/www.szeghy.ch\/de\/titel\/\" target=\"_blank\" rel=\"noopener\">Iris Szeghy<\/a>: Perhaps that something would open up for us<\/li>\n<li><a href=\"https:\/\/de.wikipedia.org\/wiki\/Georg_Friedrich_Haas\" target=\"_blank\" rel=\"noopener\">Georg Friedrich Haas<\/a>: ...And...<\/li>\n<\/ul>\n<h3>For the double anniversary in 2022<\/h3>\n<p>For the 100th anniversary of the ISCM 2022, the SGNM (which in principle also celebrated its 100th anniversary as ISCM Switzerland 2022), together with the ISCM sections in Latvia and the Basque Country, launched an international composition competition for new choral music in three categories: equal voices (organized by the SGNM), children's choirs (organized by the Latvian section) and mixed choirs amateurs (organized by the Basque section). The Swiss part of the competition was organized by David Rossel: 108 compositions by 78 composers from all over the world were submitted in this category (equal voices). <a href=\"https:\/\/iscm-switzerland.ch\/PDF\/iscm-switzerland_intchoralmusiccompositioncontest_results_catequalvoices.pdf\" target=\"_blank\" rel=\"noopener\">Works by Luc Goedert (1st prize ex aequo), Cyrill Sch\u00fcrch (1st prize ex aequo) and Thomas Kientz (3rd prize) made it into the ranks. 17 other works received a Special Mention.<\/a> The winning pieces were premiered at Casino Basel under the baton of US composer and conductor Eric Whitacre.<\/p>\n<p>Also to mark this anniversary, in 2018 the SGNM secured the collaboration of the Paul Sacher Foundation Basel (mentorship) for the musicological review of the ISCM history by the international ISCM sections. This had a valuable catalytic effect, as the collaboration with the Sacher Foundation encouraged several universities to get involved.<\/p>\n<p>The ISCM World Music Days also celebrated their centenary in 2022. To mark this anniversary, the SGNM created a complete online festival documentation. The programs from 1970 to 2005 were missing from the ISCM archives. In 2018, the SGNM found all the documents at the former ISCM Switzerland President Fritz Muggler in Zurich. They were completely digitized for the archive.<\/p>\n<figure id=\"attachment_72805\" aria-describedby=\"caption-attachment-72805\" style=\"width: 561px\" class=\"wp-caption aligncenter\"><img loading=\"lazy\" decoding=\"async\" class=\"wp-image-72805 size-full\" src=\"https:\/\/www.musikzeitung.ch\/wp-content\/uploads\/2026\/04\/03_Echo_SGNM_6_b.jpg\" alt=\"\" width=\"561\" height=\"499\" srcset=\"https:\/\/www.musikzeitung.ch\/wp-content\/uploads\/2026\/04\/03_Echo_SGNM_6_b.jpg 561w, https:\/\/www.musikzeitung.ch\/wp-content\/uploads\/2026\/04\/03_Echo_SGNM_6_b-300x267.jpg 300w, https:\/\/www.musikzeitung.ch\/wp-content\/uploads\/2026\/04\/03_Echo_SGNM_6_b-13x12.jpg 13w, https:\/\/www.musikzeitung.ch\/wp-content\/uploads\/2026\/04\/03_Echo_SGNM_6_b-197x175.jpg 197w, https:\/\/www.musikzeitung.ch\/wp-content\/uploads\/2026\/04\/03_Echo_SGNM_6_b-393x350.jpg 393w\" sizes=\"auto, (max-width: 561px) 100vw, 561px\" \/><figcaption id=\"caption-attachment-72805\" class=\"wp-caption-text\">Dragos Tara plays his own work \u00ab<em>Pixel<\/em>\u00bb at the ISCM World Music Days in Vancouver, Canada, 2017. photo: zVg\/ISCM Switzerland<\/figcaption><\/figure>\n<p>Javier Hagen played a key role in the ISCM working groups Archive, Sustainability and Communication from 2014 to 2023. One of the outstanding results of these working groups was the ISCM World Music Days to mark the 100th anniversary of the ISCM. These took place on the African continent for the first time in its history in 2023. It was held in South Africa under the artistic direction of Lukas Ligeti, the son of composer Gy\u00f6rgy Ligeti, who, like many of his contemporaries, owes a large part of his career to the ISCM.<\/p>\n<h3>Further notes on the ISCM World Music Days<\/h3>\n<p>Every year, with the help of a jury, the SGNM put together a proposal with at least six Swiss works for the World Music Days. It secures funding for the trip of the selected Swiss composers. With <a href=\"https:\/\/www.musikzeitung.ch\/anlaesse\/2015\/05\/helene-winkelman-an-den-iscm-world-music-days\" target=\"_blank\" rel=\"noopener\">Helena Winkelman 2015<\/a>, <a href=\"https:\/\/www.musikzeitung.ch\/berichte\/2016\/04\/weltweit-wachsende-begeisterung-fuer-die-ignm\" target=\"_blank\" rel=\"noopener\">Iris Szeghy 2016<\/a>, <a href=\"https:\/\/www.musikzeitung.ch\/anlaesse\/2019\/02\/junghae-lee-vertritt-die-schweiz-in-tallinn\" target=\"_blank\" rel=\"noopener\">Junghae Lee 2019<\/a>, <a href=\"https:\/\/www.musikzeitung.ch\/anlaesse\/2021\/08\/werk-von-karin-wetzel-an-den-weltmusiktagen\" target=\"_blank\" rel=\"noopener\">Karin Wetzel 2021<\/a> and <a href=\"https:\/\/www.musikzeitung.ch\/anlaesse\/2019\/11\/esther-flueckiger-vertritt-die-schweiz\" target=\"_blank\" rel=\"noopener\">Esther Fl\u00fcckiger 2020\/2022<\/a> and 2023, ISCM Switzerland also sent female composers to the ISCM World Music Days from 2015 for the first time in its history after 93 years. This established their presence from 0 to at least 50% within a year.<\/p>\n<figure id=\"attachment_72804\" aria-describedby=\"caption-attachment-72804\" style=\"width: 1070px\" class=\"wp-caption aligncenter\"><img loading=\"lazy\" decoding=\"async\" class=\"wp-image-72804 size-full\" src=\"https:\/\/www.musikzeitung.ch\/wp-content\/uploads\/2026\/04\/03_Echo_SGNM_9.jpg\" alt=\"\" width=\"1070\" height=\"1000\" srcset=\"https:\/\/www.musikzeitung.ch\/wp-content\/uploads\/2026\/04\/03_Echo_SGNM_9.jpg 1070w, https:\/\/www.musikzeitung.ch\/wp-content\/uploads\/2026\/04\/03_Echo_SGNM_9-300x280.jpg 300w, https:\/\/www.musikzeitung.ch\/wp-content\/uploads\/2026\/04\/03_Echo_SGNM_9-1024x957.jpg 1024w, https:\/\/www.musikzeitung.ch\/wp-content\/uploads\/2026\/04\/03_Echo_SGNM_9-768x718.jpg 768w, https:\/\/www.musikzeitung.ch\/wp-content\/uploads\/2026\/04\/03_Echo_SGNM_9-1536x1435.jpg 1536w, https:\/\/www.musikzeitung.ch\/wp-content\/uploads\/2026\/04\/03_Echo_SGNM_9-2048x1914.jpg 2048w, https:\/\/www.musikzeitung.ch\/wp-content\/uploads\/2026\/04\/03_Echo_SGNM_9-13x12.jpg 13w, https:\/\/www.musikzeitung.ch\/wp-content\/uploads\/2026\/04\/03_Echo_SGNM_9-187x175.jpg 187w, https:\/\/www.musikzeitung.ch\/wp-content\/uploads\/2026\/04\/03_Echo_SGNM_9-375x350.jpg 375w, https:\/\/www.musikzeitung.ch\/wp-content\/uploads\/2026\/04\/03_Echo_SGNM_9-856x800.jpg 856w, https:\/\/www.musikzeitung.ch\/wp-content\/uploads\/2026\/04\/03_Echo_SGNM_9-920x860.jpg 920w, https:\/\/www.musikzeitung.ch\/wp-content\/uploads\/2026\/04\/03_Echo_SGNM_9-1400x1308.jpg 1400w\" sizes=\"auto, (max-width: 1070px) 100vw, 1070px\" \/><figcaption id=\"caption-attachment-72804\" class=\"wp-caption-text\">Esther Fl\u00fcckiger at the ISCM World Music Days in South Africa, 2023. photo: zVg\/ISCM Switzerland<\/figcaption><\/figure>\n<p>ISCM Switzerland was a member of the jury for the ISCM Young Composer Award at the World Music Days 2014 in Wroclaw.<\/p>\n<p>In 2019, the SGNM set up <a href=\"https:\/\/www.youtube.com\/channel\/UCvRacvZ4abz-yzaw-NgIs5g\/playlists\" target=\"_blank\" rel=\"noopener\">YouTube<\/a> and <a href=\"https:\/\/soundcloud.com\/user-437796257\/sets\" target=\"_blank\" rel=\"noopener\">SoundCloud Playlists<\/a> with concert recordings of the ISCM World Music Days and\/or recordings of the pieces played there. These playlists are integrated online on the pages of the ISCM archives.<\/p>\n<p>In physical form, the most extensive and complete ISCM archive is that of the Royal Danish Library. Numerous databases exist online: relevant and detailed Wikipedia articles in various languages as well as the ISCM website. All festival programs since 1922 are now documented there with complementary links, reviews and photos. There are also playlists with recordings on YouTube and Soundcloud, including the SGNM playlists. Extensive photo albums can also be found on the social media pages of several ISCM sections, which attractively document the ISCM World Music Days.<\/p>\n<figure id=\"attachment_72799\" aria-describedby=\"caption-attachment-72799\" style=\"width: 1361px\" class=\"wp-caption aligncenter\"><img loading=\"lazy\" decoding=\"async\" class=\"wp-image-72799 size-full\" src=\"https:\/\/www.musikzeitung.ch\/wp-content\/uploads\/2026\/04\/03_Echo_SGNM_4_b.jpg\" alt=\"\" width=\"1361\" height=\"839\" srcset=\"https:\/\/www.musikzeitung.ch\/wp-content\/uploads\/2026\/04\/03_Echo_SGNM_4_b.jpg 1361w, https:\/\/www.musikzeitung.ch\/wp-content\/uploads\/2026\/04\/03_Echo_SGNM_4_b-300x185.jpg 300w, https:\/\/www.musikzeitung.ch\/wp-content\/uploads\/2026\/04\/03_Echo_SGNM_4_b-1024x631.jpg 1024w, https:\/\/www.musikzeitung.ch\/wp-content\/uploads\/2026\/04\/03_Echo_SGNM_4_b-768x473.jpg 768w, https:\/\/www.musikzeitung.ch\/wp-content\/uploads\/2026\/04\/03_Echo_SGNM_4_b-18x12.jpg 18w, https:\/\/www.musikzeitung.ch\/wp-content\/uploads\/2026\/04\/03_Echo_SGNM_4_b-284x175.jpg 284w, https:\/\/www.musikzeitung.ch\/wp-content\/uploads\/2026\/04\/03_Echo_SGNM_4_b-568x350.jpg 568w, https:\/\/www.musikzeitung.ch\/wp-content\/uploads\/2026\/04\/03_Echo_SGNM_4_b-1298x800.jpg 1298w, https:\/\/www.musikzeitung.ch\/wp-content\/uploads\/2026\/04\/03_Echo_SGNM_4_b-920x567.jpg 920w\" sizes=\"auto, (max-width: 1361px) 100vw, 1361px\" \/><figcaption id=\"caption-attachment-72799\" class=\"wp-caption-text\">Claude Berset at the ISCM World Music Days in Tongyeong, South Korea, 2016. photo: zVg\/ISCM Switzerland<\/figcaption><\/figure>\n<h3>Further links<\/h3>\n<p><em>Photo albums of the ISCM World Music Days<\/em><\/p>\n<ul>\n<li><a href=\"https:\/\/www.facebook.com\/media\/set\/?set=a.1491072361143107&amp;type=3\" target=\"_blank\" rel=\"noopener\">2014<\/a> Wroclaw, Poland<\/li>\n<li><a href=\"https:\/\/www.facebook.com\/media\/set\/?set=a.1614825135434495&amp;type=3\" target=\"_blank\" rel=\"noopener\">2015<\/a> Llubljana, Slovenia<\/li>\n<li><a href=\"https:\/\/www.facebook.com\/media\/set\/?set=a.1663636263886715&amp;type=3\" target=\"_blank\" rel=\"noopener\">2016<\/a> Tongyeong, South Korea<\/li>\n<li><a href=\"https:\/\/www.facebook.com\/media\/set\/?set=a.1905480946368911&amp;type=3\" target=\"_blank\" rel=\"noopener\">2017<\/a> Vancouver, Canada<\/li>\n<li><a href=\"https:\/\/www.facebook.com\/media\/set\/?set=a.1985508465032825&amp;type=3\" target=\"_blank\" rel=\"noopener\">2018<\/a> Beijing, China<\/li>\n<li><a href=\"https:\/\/www.facebook.com\/media\/set\/?set=a.2210660795850923&amp;type=3\" target=\"_blank\" rel=\"noopener\">2019<\/a> Tallinn, Estonia<\/li>\n<li><a href=\"https:\/\/www.facebook.com\/media\/set\/?set=a.1124059269747964&amp;type=3\" target=\"_blank\" rel=\"noopener\">2022<\/a> Auckland\/Christchurch, New Zealand (the 2020 and 2021 festivals were canceled due to the pandemic)<\/li>\n<li><a href=\"https:\/\/www.facebook.com\/media\/set\/?set=a.745782740908954&amp;type=3\" target=\"_blank\" rel=\"noopener\">2023<\/a> Soweto\/Johannesburg\/Cape Town, South Africa<\/li>\n<li><a href=\"https:\/\/www.facebook.com\/media\/set\/?set=a.892642372889656&amp;type=3\" target=\"_blank\" rel=\"noopener\">2024<\/a> Faroe Islands<\/li>\n<li><a href=\"https:\/\/www.facebook.com\/media\/set\/?set=a.1124017899752101&amp;type=3\" target=\"_blank\" rel=\"noopener\">2025<\/a> Lisbon\/Porto, Portugal<\/li>\n<\/ul>\n<p><em>Sound recording online: Esther Fl\u00fcckiger - Guarda i lumi, ISCM WMD 2022 NZ<br \/>\n<\/em><a href=\"https:\/\/www.rnz.co.nz\/concert\/programmes\/musicalive\/audio\/2018884827\/esther-fluckiger-guarda-i-lumi\" target=\"_blank\" rel=\"noopener\">https:\/\/www.rnz.co.nz\/concert\/programmes\/musicalive\/audio\/2018884827\/esther-fluckiger-guarda-i-lumi<\/a><\/p>\n<p><em>ISCM World Music Days 2026 in Bucharest, Romania<br \/>\n<\/em><a href=\"https:\/\/iscm.org\/wnmd\/2026-romania\/\" target=\"_blank\" rel=\"noopener\">https:\/\/iscm.org\/wnmd\/2026-romania\/<\/a><\/p>\n<p>&nbsp;<\/p>\n<p><em>As President of the IGNM-VS, Javier Hagen was a member of the SGNM Board from 2011. He chaired it from 2014 until its dissolution in 2025. <\/em><em><a href=\"https:\/\/de.wikipedia.org\/wiki\/Javier_Hagen\" target=\"_blank\" rel=\"noopener\">https:\/\/de.wikipedia.org\/wiki\/Javier_Hagen<\/a><\/em><\/p>","protected":false},"excerpt":{"rendered":"<p>On July 1, 2025, Schweizer Musikedition took over the mandate of ISCM Switzerland. This also marked the end of the thirty-year history of the Swiss Society for New Music. Javier Hagen, the last SGNM president, looks back on institutional ties in the field of new music.<\/p>","protected":false},"author":23,"featured_media":72802,"comment_status":"closed","ping_status":"closed","sticky":true,"template":"","format":"standard","meta":{"_acf_changed":false,"_relevanssi_hide_post":"","_relevanssi_hide_content":"","_relevanssi_pin_for_all":"","_relevanssi_pin_keywords":"","_relevanssi_unpin_keywords":"","_relevanssi_related_keywords":"","_relevanssi_related_include_ids":"","_relevanssi_related_exclude_ids":"","_relevanssi_related_no_append":"","_relevanssi_related_not_related":"","_relevanssi_related_posts":"","_relevanssi_noindex_reason":"","pgc_sgb_lightbox_settings":"","footnotes":""},"categories":[28,3008],"tags":[3413,5086,1928,4420,5613,3627,5078,1882,5079,2240],"class_list":["post-72778","post","type-post","status-publish","format-standard","has-post-thumbnail","hentry","category-berichte","category-treffpunkte-berichte","tag-ignm","tag-internationale-gesellschaft-fuer-neue-musik","tag-iscm","tag-iscm-switzerland","tag-iscm-world-music-days","tag-javier-hagen","tag-schweizerische-gesellschaft-fuer-neue-musik","tag-schweizerischer-tonkuenstlerverein","tag-sgnm-ssmc","tag-stv"],"acf":[],"yoast_head":"<!-- This site is optimized with the Yoast SEO plugin v27.4 - https:\/\/yoast.com\/product\/yoast-seo-wordpress\/ -->\n<title>Zur Geschichte der Schweizerischen Gesellschaft f\u00fcr Neue Musik - Schweizer Musikzeitung<\/title>\n<meta name=\"description\" content=\"Am 1. Juli 2025 \u00fcbernahm die Schweizer Musikedition das Mandat der ISCM Switzerland. Javier Hagen blickt zur\u00fcck auf institutionelle Verflechtungen im Bereich der Neuen Musik.\" \/>\n<meta name=\"robots\" content=\"index, follow, max-snippet:-1, max-image-preview:large, max-video-preview:-1\" \/>\n<link rel=\"canonical\" href=\"https:\/\/www.musikzeitung.ch\/en\/berichte\/2026\/04\/zur-geschichte-der-schweizerischen-gesellschaft-fuer-neue-musik\/\" \/>\n<meta property=\"og:locale\" content=\"en_US\" \/>\n<meta property=\"og:type\" content=\"article\" \/>\n<meta property=\"og:title\" content=\"Zur Geschichte der Schweizerischen Gesellschaft f\u00fcr Neue Musik - Schweizer Musikzeitung\" \/>\n<meta property=\"og:description\" content=\"Am 1. Juli 2025 \u00fcbernahm die Schweizer Musikedition das Mandat der ISCM Switzerland. Javier Hagen blickt zur\u00fcck auf institutionelle Verflechtungen im Bereich der Neuen Musik.\" \/>\n<meta property=\"og:url\" content=\"https:\/\/www.musikzeitung.ch\/en\/berichte\/2026\/04\/zur-geschichte-der-schweizerischen-gesellschaft-fuer-neue-musik\/\" \/>\n<meta property=\"og:site_name\" content=\"Schweizer Musikzeitung\" \/>\n<meta property=\"article:publisher\" content=\"https:\/\/www.facebook.com\/SchweizerMusikzeitung\/\" \/>\n<meta property=\"article:published_time\" content=\"2026-04-22T14:13:52+00:00\" \/>\n<meta property=\"article:modified_time\" content=\"2026-04-23T07:19:26+00:00\" \/>\n<meta property=\"og:image\" content=\"https:\/\/www.musikzeitung.ch\/wp-content\/uploads\/2026\/04\/03_Echo_SGNM_7_b.jpg\" \/>\n\t<meta property=\"og:image:width\" content=\"1400\" \/>\n\t<meta property=\"og:image:height\" content=\"745\" \/>\n\t<meta property=\"og:image:type\" content=\"image\/jpeg\" \/>\n<meta name=\"author\" content=\"Katrin Spelinova\" \/>\n<meta name=\"twitter:card\" content=\"summary_large_image\" \/>\n<meta name=\"twitter:creator\" content=\"@testredaktor\" \/>\n<meta name=\"twitter:site\" content=\"@smusikzeitung\" \/>\n<meta name=\"twitter:label1\" content=\"Written by\" \/>\n\t<meta name=\"twitter:data1\" content=\"Katrin Spelinova\" \/>\n\t<meta name=\"twitter:label2\" content=\"Est. reading time\" \/>\n\t<meta name=\"twitter:data2\" content=\"15 minutes\" \/>\n<script type=\"application\/ld+json\" class=\"yoast-schema-graph\">{\"@context\":\"https:\\\/\\\/schema.org\",\"@graph\":[{\"@type\":\"Article\",\"@id\":\"https:\\\/\\\/www.musikzeitung.ch\\\/berichte\\\/2026\\\/04\\\/zur-geschichte-der-schweizerischen-gesellschaft-fuer-neue-musik#article\",\"isPartOf\":{\"@id\":\"https:\\\/\\\/www.musikzeitung.ch\\\/berichte\\\/2026\\\/04\\\/zur-geschichte-der-schweizerischen-gesellschaft-fuer-neue-musik\"},\"author\":{\"name\":\"Katrin Spelinova\",\"@id\":\"https:\\\/\\\/www.musikzeitung.ch\\\/#\\\/schema\\\/person\\\/dce7e5b820812d9af4db2f787d1bec92\"},\"headline\":\"Zur Geschichte der Schweizerischen Gesellschaft f\u00fcr Neue Musik\",\"datePublished\":\"2026-04-22T14:13:52+00:00\",\"dateModified\":\"2026-04-23T07:19:26+00:00\",\"mainEntityOfPage\":{\"@id\":\"https:\\\/\\\/www.musikzeitung.ch\\\/berichte\\\/2026\\\/04\\\/zur-geschichte-der-schweizerischen-gesellschaft-fuer-neue-musik\"},\"wordCount\":2283,\"publisher\":{\"@id\":\"https:\\\/\\\/www.musikzeitung.ch\\\/#organization\"},\"image\":{\"@id\":\"https:\\\/\\\/www.musikzeitung.ch\\\/berichte\\\/2026\\\/04\\\/zur-geschichte-der-schweizerischen-gesellschaft-fuer-neue-musik#primaryimage\"},\"thumbnailUrl\":\"https:\\\/\\\/www.musikzeitung.ch\\\/wp-content\\\/uploads\\\/2026\\\/04\\\/03_Echo_SGNM_7_b.jpg\",\"keywords\":[\"IGNM\",\"Internationale Gesellschaft f\u00fcr Neue Musik\",\"ISCM\",\"ISCM Switzerland\",\"ISCM World Music Days\",\"Javier Hagen\",\"Schweizerische Gesellschaft f\u00fcr Neue Musik\",\"Schweizerischer Tonk\u00fcnstlerverein\",\"SGNM\\\/SSMC\",\"STV\"],\"articleSection\":[\"Berichte\",\"Treffpunkte\"],\"inLanguage\":\"en-US\"},{\"@type\":\"WebPage\",\"@id\":\"https:\\\/\\\/www.musikzeitung.ch\\\/berichte\\\/2026\\\/04\\\/zur-geschichte-der-schweizerischen-gesellschaft-fuer-neue-musik\",\"url\":\"https:\\\/\\\/www.musikzeitung.ch\\\/berichte\\\/2026\\\/04\\\/zur-geschichte-der-schweizerischen-gesellschaft-fuer-neue-musik\",\"name\":\"Zur Geschichte der Schweizerischen Gesellschaft f\u00fcr Neue Musik - Schweizer Musikzeitung\",\"isPartOf\":{\"@id\":\"https:\\\/\\\/www.musikzeitung.ch\\\/#website\"},\"primaryImageOfPage\":{\"@id\":\"https:\\\/\\\/www.musikzeitung.ch\\\/berichte\\\/2026\\\/04\\\/zur-geschichte-der-schweizerischen-gesellschaft-fuer-neue-musik#primaryimage\"},\"image\":{\"@id\":\"https:\\\/\\\/www.musikzeitung.ch\\\/berichte\\\/2026\\\/04\\\/zur-geschichte-der-schweizerischen-gesellschaft-fuer-neue-musik#primaryimage\"},\"thumbnailUrl\":\"https:\\\/\\\/www.musikzeitung.ch\\\/wp-content\\\/uploads\\\/2026\\\/04\\\/03_Echo_SGNM_7_b.jpg\",\"datePublished\":\"2026-04-22T14:13:52+00:00\",\"dateModified\":\"2026-04-23T07:19:26+00:00\",\"description\":\"Am 1. Juli 2025 \u00fcbernahm die Schweizer Musikedition das Mandat der ISCM Switzerland. Javier Hagen blickt zur\u00fcck auf institutionelle Verflechtungen im Bereich der Neuen Musik.\",\"breadcrumb\":{\"@id\":\"https:\\\/\\\/www.musikzeitung.ch\\\/berichte\\\/2026\\\/04\\\/zur-geschichte-der-schweizerischen-gesellschaft-fuer-neue-musik#breadcrumb\"},\"inLanguage\":\"en-US\",\"potentialAction\":[{\"@type\":\"ReadAction\",\"target\":[\"https:\\\/\\\/www.musikzeitung.ch\\\/berichte\\\/2026\\\/04\\\/zur-geschichte-der-schweizerischen-gesellschaft-fuer-neue-musik\"]}]},{\"@type\":\"ImageObject\",\"inLanguage\":\"en-US\",\"@id\":\"https:\\\/\\\/www.musikzeitung.ch\\\/berichte\\\/2026\\\/04\\\/zur-geschichte-der-schweizerischen-gesellschaft-fuer-neue-musik#primaryimage\",\"url\":\"https:\\\/\\\/www.musikzeitung.ch\\\/wp-content\\\/uploads\\\/2026\\\/04\\\/03_Echo_SGNM_7_b.jpg\",\"contentUrl\":\"https:\\\/\\\/www.musikzeitung.ch\\\/wp-content\\\/uploads\\\/2026\\\/04\\\/03_Echo_SGNM_7_b.jpg\",\"width\":1400,\"height\":745},{\"@type\":\"BreadcrumbList\",\"@id\":\"https:\\\/\\\/www.musikzeitung.ch\\\/berichte\\\/2026\\\/04\\\/zur-geschichte-der-schweizerischen-gesellschaft-fuer-neue-musik#breadcrumb\",\"itemListElement\":[{\"@type\":\"ListItem\",\"position\":1,\"name\":\"Home\",\"item\":\"https:\\\/\\\/www.musikzeitung.ch\\\/\"},{\"@type\":\"ListItem\",\"position\":2,\"name\":\"Zur Geschichte der Schweizerischen Gesellschaft f\u00fcr Neue Musik\"}]},{\"@type\":\"WebSite\",\"@id\":\"https:\\\/\\\/www.musikzeitung.ch\\\/#website\",\"url\":\"https:\\\/\\\/www.musikzeitung.ch\\\/\",\"name\":\"Schweizer Musikzeitung\",\"description\":\"Die f\u00fchrende sparten\u00fcbergreifende Monatszeitung in der Schweiz f\u00fcr musikalische Fragen.\",\"publisher\":{\"@id\":\"https:\\\/\\\/www.musikzeitung.ch\\\/#organization\"},\"potentialAction\":[{\"@type\":\"SearchAction\",\"target\":{\"@type\":\"EntryPoint\",\"urlTemplate\":\"https:\\\/\\\/www.musikzeitung.ch\\\/?s={search_term_string}\"},\"query-input\":{\"@type\":\"PropertyValueSpecification\",\"valueRequired\":true,\"valueName\":\"search_term_string\"}}],\"inLanguage\":\"en-US\"},{\"@type\":\"Organization\",\"@id\":\"https:\\\/\\\/www.musikzeitung.ch\\\/#organization\",\"name\":\"Schweizer Musikzeitung\",\"url\":\"https:\\\/\\\/www.musikzeitung.ch\\\/\",\"logo\":{\"@type\":\"ImageObject\",\"inLanguage\":\"en-US\",\"@id\":\"https:\\\/\\\/www.musikzeitung.ch\\\/#\\\/schema\\\/logo\\\/image\\\/\",\"url\":\"https:\\\/\\\/www.musikzeitung.ch\\\/wp-content\\\/uploads\\\/2023\\\/01\\\/SMZ_Schriftzug_Sprache.png\",\"contentUrl\":\"https:\\\/\\\/www.musikzeitung.ch\\\/wp-content\\\/uploads\\\/2023\\\/01\\\/SMZ_Schriftzug_Sprache.png\",\"width\":1400,\"height\":279,\"caption\":\"Schweizer Musikzeitung\"},\"image\":{\"@id\":\"https:\\\/\\\/www.musikzeitung.ch\\\/#\\\/schema\\\/logo\\\/image\\\/\"},\"sameAs\":[\"https:\\\/\\\/www.facebook.com\\\/SchweizerMusikzeitung\\\/\",\"https:\\\/\\\/x.com\\\/smusikzeitung\",\"https:\\\/\\\/www.instagram.com\\\/musikzeitung.ch\\\/\"]},{\"@type\":\"Person\",\"@id\":\"https:\\\/\\\/www.musikzeitung.ch\\\/#\\\/schema\\\/person\\\/dce7e5b820812d9af4db2f787d1bec92\",\"name\":\"Katrin Spelinova\",\"image\":{\"@type\":\"ImageObject\",\"inLanguage\":\"en-US\",\"@id\":\"https:\\\/\\\/secure.gravatar.com\\\/avatar\\\/2a2c2956e074ebca9bf65620496cd2e317d90b8c76450e9dd04d7cebf95eeada?s=96&d=mm&r=g\",\"url\":\"https:\\\/\\\/secure.gravatar.com\\\/avatar\\\/2a2c2956e074ebca9bf65620496cd2e317d90b8c76450e9dd04d7cebf95eeada?s=96&d=mm&r=g\",\"contentUrl\":\"https:\\\/\\\/secure.gravatar.com\\\/avatar\\\/2a2c2956e074ebca9bf65620496cd2e317d90b8c76450e9dd04d7cebf95eeada?s=96&d=mm&r=g\",\"caption\":\"Katrin Spelinova\"},\"sameAs\":[\"https:\\\/\\\/x.com\\\/testredaktor\"],\"url\":\"https:\\\/\\\/www.musikzeitung.ch\\\/en\\\/author\\\/spelkat\"}]}<\/script>\n<!-- \/ Yoast SEO plugin. -->","yoast_head_json":{"title":"On the history of the Swiss Society for New Music - Schweizer Musikzeitung","description":"On July 1, 2025, the Swiss Music Edition took over the mandate of ISCM Switzerland. Javier Hagen looks back on institutional links in the field of new music.","robots":{"index":"index","follow":"follow","max-snippet":"max-snippet:-1","max-image-preview":"max-image-preview:large","max-video-preview":"max-video-preview:-1"},"canonical":"https:\/\/www.musikzeitung.ch\/en\/berichte\/2026\/04\/zur-geschichte-der-schweizerischen-gesellschaft-fuer-neue-musik\/","og_locale":"en_US","og_type":"article","og_title":"Zur Geschichte der Schweizerischen Gesellschaft f\u00fcr Neue Musik - Schweizer Musikzeitung","og_description":"Am 1. Juli 2025 \u00fcbernahm die Schweizer Musikedition das Mandat der ISCM Switzerland. Javier Hagen blickt zur\u00fcck auf institutionelle Verflechtungen im Bereich der Neuen Musik.","og_url":"https:\/\/www.musikzeitung.ch\/en\/berichte\/2026\/04\/zur-geschichte-der-schweizerischen-gesellschaft-fuer-neue-musik\/","og_site_name":"Schweizer Musikzeitung","article_publisher":"https:\/\/www.facebook.com\/SchweizerMusikzeitung\/","article_published_time":"2026-04-22T14:13:52+00:00","article_modified_time":"2026-04-23T07:19:26+00:00","og_image":[{"width":1400,"height":745,"url":"https:\/\/www.musikzeitung.ch\/wp-content\/uploads\/2026\/04\/03_Echo_SGNM_7_b.jpg","type":"image\/jpeg"}],"author":"Katrin Spelinova","twitter_card":"summary_large_image","twitter_creator":"@testredaktor","twitter_site":"@smusikzeitung","twitter_misc":{"Written by":"Katrin Spelinova","Est. reading time":"15 minutes"},"schema":{"@context":"https:\/\/schema.org","@graph":[{"@type":"Article","@id":"https:\/\/www.musikzeitung.ch\/berichte\/2026\/04\/zur-geschichte-der-schweizerischen-gesellschaft-fuer-neue-musik#article","isPartOf":{"@id":"https:\/\/www.musikzeitung.ch\/berichte\/2026\/04\/zur-geschichte-der-schweizerischen-gesellschaft-fuer-neue-musik"},"author":{"name":"Katrin Spelinova","@id":"https:\/\/www.musikzeitung.ch\/#\/schema\/person\/dce7e5b820812d9af4db2f787d1bec92"},"headline":"Zur Geschichte der Schweizerischen Gesellschaft f\u00fcr Neue Musik","datePublished":"2026-04-22T14:13:52+00:00","dateModified":"2026-04-23T07:19:26+00:00","mainEntityOfPage":{"@id":"https:\/\/www.musikzeitung.ch\/berichte\/2026\/04\/zur-geschichte-der-schweizerischen-gesellschaft-fuer-neue-musik"},"wordCount":2283,"publisher":{"@id":"https:\/\/www.musikzeitung.ch\/#organization"},"image":{"@id":"https:\/\/www.musikzeitung.ch\/berichte\/2026\/04\/zur-geschichte-der-schweizerischen-gesellschaft-fuer-neue-musik#primaryimage"},"thumbnailUrl":"https:\/\/www.musikzeitung.ch\/wp-content\/uploads\/2026\/04\/03_Echo_SGNM_7_b.jpg","keywords":["IGNM","Internationale Gesellschaft f\u00fcr Neue Musik","ISCM","ISCM Switzerland","ISCM World Music Days","Javier Hagen","Schweizerische Gesellschaft f\u00fcr Neue Musik","Schweizerischer Tonk\u00fcnstlerverein","SGNM\/SSMC","STV"],"articleSection":["Berichte","Treffpunkte"],"inLanguage":"en-US"},{"@type":"WebPage","@id":"https:\/\/www.musikzeitung.ch\/berichte\/2026\/04\/zur-geschichte-der-schweizerischen-gesellschaft-fuer-neue-musik","url":"https:\/\/www.musikzeitung.ch\/berichte\/2026\/04\/zur-geschichte-der-schweizerischen-gesellschaft-fuer-neue-musik","name":"On the history of the Swiss Society for New Music - Schweizer Musikzeitung","isPartOf":{"@id":"https:\/\/www.musikzeitung.ch\/#website"},"primaryImageOfPage":{"@id":"https:\/\/www.musikzeitung.ch\/berichte\/2026\/04\/zur-geschichte-der-schweizerischen-gesellschaft-fuer-neue-musik#primaryimage"},"image":{"@id":"https:\/\/www.musikzeitung.ch\/berichte\/2026\/04\/zur-geschichte-der-schweizerischen-gesellschaft-fuer-neue-musik#primaryimage"},"thumbnailUrl":"https:\/\/www.musikzeitung.ch\/wp-content\/uploads\/2026\/04\/03_Echo_SGNM_7_b.jpg","datePublished":"2026-04-22T14:13:52+00:00","dateModified":"2026-04-23T07:19:26+00:00","description":"On July 1, 2025, the Swiss Music Edition took over the mandate of ISCM Switzerland. Javier Hagen looks back on institutional links in the field of new music.","breadcrumb":{"@id":"https:\/\/www.musikzeitung.ch\/berichte\/2026\/04\/zur-geschichte-der-schweizerischen-gesellschaft-fuer-neue-musik#breadcrumb"},"inLanguage":"en-US","potentialAction":[{"@type":"ReadAction","target":["https:\/\/www.musikzeitung.ch\/berichte\/2026\/04\/zur-geschichte-der-schweizerischen-gesellschaft-fuer-neue-musik"]}]},{"@type":"ImageObject","inLanguage":"en-US","@id":"https:\/\/www.musikzeitung.ch\/berichte\/2026\/04\/zur-geschichte-der-schweizerischen-gesellschaft-fuer-neue-musik#primaryimage","url":"https:\/\/www.musikzeitung.ch\/wp-content\/uploads\/2026\/04\/03_Echo_SGNM_7_b.jpg","contentUrl":"https:\/\/www.musikzeitung.ch\/wp-content\/uploads\/2026\/04\/03_Echo_SGNM_7_b.jpg","width":1400,"height":745},{"@type":"BreadcrumbList","@id":"https:\/\/www.musikzeitung.ch\/berichte\/2026\/04\/zur-geschichte-der-schweizerischen-gesellschaft-fuer-neue-musik#breadcrumb","itemListElement":[{"@type":"ListItem","position":1,"name":"Home","item":"https:\/\/www.musikzeitung.ch\/"},{"@type":"ListItem","position":2,"name":"Zur Geschichte der Schweizerischen Gesellschaft f\u00fcr Neue Musik"}]},{"@type":"WebSite","@id":"https:\/\/www.musikzeitung.ch\/#website","url":"https:\/\/www.musikzeitung.ch\/","name":"Swiss Music Newspaper","description":"The leading interdisciplinary monthly newspaper in Switzerland for musical issues.","publisher":{"@id":"https:\/\/www.musikzeitung.ch\/#organization"},"potentialAction":[{"@type":"SearchAction","target":{"@type":"EntryPoint","urlTemplate":"https:\/\/www.musikzeitung.ch\/?s={search_term_string}"},"query-input":{"@type":"PropertyValueSpecification","valueRequired":true,"valueName":"search_term_string"}}],"inLanguage":"en-US"},{"@type":"Organization","@id":"https:\/\/www.musikzeitung.ch\/#organization","name":"Swiss Music Newspaper","url":"https:\/\/www.musikzeitung.ch\/","logo":{"@type":"ImageObject","inLanguage":"en-US","@id":"https:\/\/www.musikzeitung.ch\/#\/schema\/logo\/image\/","url":"https:\/\/www.musikzeitung.ch\/wp-content\/uploads\/2023\/01\/SMZ_Schriftzug_Sprache.png","contentUrl":"https:\/\/www.musikzeitung.ch\/wp-content\/uploads\/2023\/01\/SMZ_Schriftzug_Sprache.png","width":1400,"height":279,"caption":"Schweizer Musikzeitung"},"image":{"@id":"https:\/\/www.musikzeitung.ch\/#\/schema\/logo\/image\/"},"sameAs":["https:\/\/www.facebook.com\/SchweizerMusikzeitung\/","https:\/\/x.com\/smusikzeitung","https:\/\/www.instagram.com\/musikzeitung.ch\/"]},{"@type":"Person","@id":"https:\/\/www.musikzeitung.ch\/#\/schema\/person\/dce7e5b820812d9af4db2f787d1bec92","name":"Katrin Spelinova","image":{"@type":"ImageObject","inLanguage":"en-US","@id":"https:\/\/secure.gravatar.com\/avatar\/2a2c2956e074ebca9bf65620496cd2e317d90b8c76450e9dd04d7cebf95eeada?s=96&d=mm&r=g","url":"https:\/\/secure.gravatar.com\/avatar\/2a2c2956e074ebca9bf65620496cd2e317d90b8c76450e9dd04d7cebf95eeada?s=96&d=mm&r=g","contentUrl":"https:\/\/secure.gravatar.com\/avatar\/2a2c2956e074ebca9bf65620496cd2e317d90b8c76450e9dd04d7cebf95eeada?s=96&d=mm&r=g","caption":"Katrin Spelinova"},"sameAs":["https:\/\/x.com\/testredaktor"],"url":"https:\/\/www.musikzeitung.ch\/en\/author\/spelkat"}]}},"publishpress_future_workflow_manual_trigger":{"enabledWorkflows":[]},"_links":{"self":[{"href":"https:\/\/www.musikzeitung.ch\/en\/wp-json\/wp\/v2\/posts\/72778","targetHints":{"allow":["GET"]}}],"collection":[{"href":"https:\/\/www.musikzeitung.ch\/en\/wp-json\/wp\/v2\/posts"}],"about":[{"href":"https:\/\/www.musikzeitung.ch\/en\/wp-json\/wp\/v2\/types\/post"}],"author":[{"embeddable":true,"href":"https:\/\/www.musikzeitung.ch\/en\/wp-json\/wp\/v2\/users\/23"}],"replies":[{"embeddable":true,"href":"https:\/\/www.musikzeitung.ch\/en\/wp-json\/wp\/v2\/comments?post=72778"}],"version-history":[{"count":20,"href":"https:\/\/www.musikzeitung.ch\/en\/wp-json\/wp\/v2\/posts\/72778\/revisions"}],"predecessor-version":[{"id":72835,"href":"https:\/\/www.musikzeitung.ch\/en\/wp-json\/wp\/v2\/posts\/72778\/revisions\/72835"}],"wp:featuredmedia":[{"embeddable":true,"href":"https:\/\/www.musikzeitung.ch\/en\/wp-json\/wp\/v2\/media\/72802"}],"wp:attachment":[{"href":"https:\/\/www.musikzeitung.ch\/en\/wp-json\/wp\/v2\/media?parent=72778"}],"wp:term":[{"taxonomy":"category","embeddable":true,"href":"https:\/\/www.musikzeitung.ch\/en\/wp-json\/wp\/v2\/categories?post=72778"},{"taxonomy":"post_tag","embeddable":true,"href":"https:\/\/www.musikzeitung.ch\/en\/wp-json\/wp\/v2\/tags?post=72778"}],"curies":[{"name":"wp","href":"https:\/\/api.w.org\/{rel}","templated":true}]}}