{"id":72856,"date":"2026-04-24T06:54:26","date_gmt":"2026-04-24T04:54:26","guid":{"rendered":"https:\/\/www.musikzeitung.ch\/?p=72856"},"modified":"2026-04-24T09:38:45","modified_gmt":"2026-04-24T07:38:45","slug":"unisono-besorgt-ueber-situation-der-bodensee-philharmonie","status":"publish","type":"post","link":"https:\/\/www.musikzeitung.ch\/en\/news\/2026\/04\/unisono-besorgt-ueber-situation-der-bodensee-philharmonie","title":{"rendered":"Unanimous concern about the situation of the Lake Constance Philharmonic Orchestra"},"content":{"rendered":"<figure id=\"attachment_72857\" aria-describedby=\"caption-attachment-72857\" style=\"width: 768px\" class=\"wp-caption alignnone\"><img loading=\"lazy\" decoding=\"async\" class=\"size-large wp-image-72857\" src=\"https:\/\/www.musikzeitung.ch\/wp-content\/uploads\/2026\/04\/260424bodensee-1024x500.jpg\" alt=\"\" width=\"768\" height=\"375\" srcset=\"https:\/\/www.musikzeitung.ch\/wp-content\/uploads\/2026\/04\/260424bodensee-1024x500.jpg 1024w, https:\/\/www.musikzeitung.ch\/wp-content\/uploads\/2026\/04\/260424bodensee-300x146.jpg 300w, https:\/\/www.musikzeitung.ch\/wp-content\/uploads\/2026\/04\/260424bodensee-768x375.jpg 768w, https:\/\/www.musikzeitung.ch\/wp-content\/uploads\/2026\/04\/260424bodensee-18x9.jpg 18w, https:\/\/www.musikzeitung.ch\/wp-content\/uploads\/2026\/04\/260424bodensee-358x175.jpg 358w, https:\/\/www.musikzeitung.ch\/wp-content\/uploads\/2026\/04\/260424bodensee-717x350.jpg 717w, https:\/\/www.musikzeitung.ch\/wp-content\/uploads\/2026\/04\/260424bodensee-920x449.jpg 920w, https:\/\/www.musikzeitung.ch\/wp-content\/uploads\/2026\/04\/260424bodensee-1400x684.jpg 1400w, https:\/\/www.musikzeitung.ch\/wp-content\/uploads\/2026\/04\/260424bodensee.jpg 1454w\" sizes=\"auto, (max-width: 768px) 100vw, 768px\" \/><figcaption id=\"caption-attachment-72857\" class=\"wp-caption-text\"><a href=\"https:\/\/www.philharmonie-konstanz.de\/de\/\" target=\"_blank\" rel=\"noopener\">Lake Constance Philharmonic Orchestra<\/a> (Image: Lake Constance Philharmonic Orchestra)<\/figcaption><\/figure>\n<p>The main reason for this is that no publicly communicated search procedure has been initiated to date, writes <a href=\"https:\/\/uni-sono.org\/presse_meldungen\/bodensee-philharmonie-braucht-klare-perspektive\/\" target=\"_blank\" rel=\"noopener\">Unison<\/a>. Even if an interim solution were to be sought for the time being, this would not \u00abrelease us from the need to carry out a regular, transparent selection procedure in parallel\u00bb. Neither the reasons for the lack of a search procedure nor the strategic considerations of the city were communicated in a comprehensible manner. Such a handling of a central management function of a municipal orchestra is unusual, non-transparent and in need of explanation.<\/p>\n<p>A public debate on the cultural policy direction of the city of Constance is long overdue, they continued in unison. This discussion concerns both the public and the employees. Both need a clear commitment that the city will continue to fully support its orchestra.<\/p>\n<p>The Lake Constance Philharmonic Orchestra was founded in 1932. It is one of the most important cultural institutions in south-western Germany, shapes the cultural life of the university city of Constance and is also an important player in concert life in Switzerland. With over 60 permanently employed musicians, the orchestra reaches around 80,000 people at over 100 concerts a year.<\/p>","protected":false},"excerpt":{"rendered":"<p>In view of the vacant position of director of the Lake Constance Philharmonic Orchestra, the German Orchestra Union Unisono has written an open letter to the mayor of the city of Constance. <\/p>","protected":false},"author":30,"featured_media":72857,"comment_status":"closed","ping_status":"closed","sticky":false,"template":"","format":"standard","meta":{"_acf_changed":false,"_relevanssi_hide_post":"","_relevanssi_hide_content":"","_relevanssi_pin_for_all":"","_relevanssi_pin_keywords":"","_relevanssi_unpin_keywords":"","_relevanssi_related_keywords":"","_relevanssi_related_include_ids":"","_relevanssi_related_exclude_ids":"","_relevanssi_related_no_append":"","_relevanssi_related_not_related":"","_relevanssi_related_posts":"","_relevanssi_noindex_reason":"","pgc_sgb_lightbox_settings":"","footnotes":""},"categories":[27],"tags":[5615,2755],"class_list":["post-72856","post","type-post","status-publish","format-standard","has-post-thumbnail","hentry","category-news","tag-bodensee-philharmonie","tag-unisono"],"acf":[],"yoast_head":"<!-- This site is optimized with the Yoast SEO plugin v27.4 - https:\/\/yoast.com\/product\/yoast-seo-wordpress\/ -->\n<title>Unisono besorgt \u00fcber Situation der Bodensee Philharmonie - Schweizer Musikzeitung<\/title>\n<meta name=\"description\" content=\"Angesichts der noch unbesetzten Intendantenstelle bei der Bodensee Philharmonie wendet sich die Deutsche Orchestergewerkschaft an den Oberb\u00fcrgermeister der Stadt Konstanz.\" \/>\n<meta name=\"robots\" content=\"index, follow, max-snippet:-1, max-image-preview:large, max-video-preview:-1\" \/>\n<link rel=\"canonical\" href=\"https:\/\/www.musikzeitung.ch\/en\/news\/2026\/04\/unisono-besorgt-ueber-situation-der-bodensee-philharmonie\/\" \/>\n<meta property=\"og:locale\" content=\"en_US\" \/>\n<meta property=\"og:type\" content=\"article\" \/>\n<meta property=\"og:title\" content=\"Unisono besorgt \u00fcber Situation der Bodensee Philharmonie - Schweizer Musikzeitung\" \/>\n<meta property=\"og:description\" content=\"Angesichts der noch unbesetzten Intendantenstelle bei der Bodensee Philharmonie wendet sich die Deutsche Orchestergewerkschaft an den Oberb\u00fcrgermeister der Stadt Konstanz.\" \/>\n<meta property=\"og:url\" content=\"https:\/\/www.musikzeitung.ch\/en\/news\/2026\/04\/unisono-besorgt-ueber-situation-der-bodensee-philharmonie\/\" \/>\n<meta property=\"og:site_name\" content=\"Schweizer Musikzeitung\" \/>\n<meta property=\"article:publisher\" content=\"https:\/\/www.facebook.com\/SchweizerMusikzeitung\/\" \/>\n<meta property=\"article:author\" content=\"https:\/\/www.facebook.com\/wolfgang.bohler.75\" \/>\n<meta property=\"article:published_time\" content=\"2026-04-24T04:54:26+00:00\" \/>\n<meta property=\"article:modified_time\" content=\"2026-04-24T07:38:45+00:00\" \/>\n<meta property=\"og:image\" content=\"https:\/\/www.musikzeitung.ch\/wp-content\/uploads\/2026\/04\/260424bodensee.jpg\" \/>\n\t<meta property=\"og:image:width\" content=\"1454\" \/>\n\t<meta property=\"og:image:height\" content=\"710\" \/>\n\t<meta property=\"og:image:type\" content=\"image\/jpeg\" \/>\n<meta name=\"author\" content=\"Wolfgang B\u00f6hler\" \/>\n<meta name=\"twitter:card\" content=\"summary_large_image\" \/>\n<meta name=\"twitter:creator\" content=\"@smusikzeitung\" \/>\n<meta name=\"twitter:site\" content=\"@smusikzeitung\" \/>\n<meta name=\"twitter:label1\" content=\"Written by\" \/>\n\t<meta name=\"twitter:data1\" content=\"Wolfgang B\u00f6hler\" \/>\n\t<meta name=\"twitter:label2\" content=\"Est. reading time\" \/>\n\t<meta name=\"twitter:data2\" content=\"2 minutes\" \/>\n<script type=\"application\/ld+json\" class=\"yoast-schema-graph\">{\"@context\":\"https:\\\/\\\/schema.org\",\"@graph\":[{\"@type\":\"Article\",\"@id\":\"https:\\\/\\\/www.musikzeitung.ch\\\/news\\\/2026\\\/04\\\/unisono-besorgt-ueber-situation-der-bodensee-philharmonie#article\",\"isPartOf\":{\"@id\":\"https:\\\/\\\/www.musikzeitung.ch\\\/news\\\/2026\\\/04\\\/unisono-besorgt-ueber-situation-der-bodensee-philharmonie\"},\"author\":{\"name\":\"Wolfgang B\u00f6hler\",\"@id\":\"https:\\\/\\\/www.musikzeitung.ch\\\/#\\\/schema\\\/person\\\/0da4fb82d243f1252850a35d0e87cf0c\"},\"headline\":\"Unisono besorgt \u00fcber Situation der Bodensee Philharmonie\",\"datePublished\":\"2026-04-24T04:54:26+00:00\",\"dateModified\":\"2026-04-24T07:38:45+00:00\",\"mainEntityOfPage\":{\"@id\":\"https:\\\/\\\/www.musikzeitung.ch\\\/news\\\/2026\\\/04\\\/unisono-besorgt-ueber-situation-der-bodensee-philharmonie\"},\"wordCount\":193,\"publisher\":{\"@id\":\"https:\\\/\\\/www.musikzeitung.ch\\\/#organization\"},\"image\":{\"@id\":\"https:\\\/\\\/www.musikzeitung.ch\\\/news\\\/2026\\\/04\\\/unisono-besorgt-ueber-situation-der-bodensee-philharmonie#primaryimage\"},\"thumbnailUrl\":\"https:\\\/\\\/www.musikzeitung.ch\\\/wp-content\\\/uploads\\\/2026\\\/04\\\/260424bodensee.jpg\",\"keywords\":[\"Bodensee Philharmonie\",\"Unisono\"],\"articleSection\":[\"News\"],\"inLanguage\":\"en-US\"},{\"@type\":\"WebPage\",\"@id\":\"https:\\\/\\\/www.musikzeitung.ch\\\/news\\\/2026\\\/04\\\/unisono-besorgt-ueber-situation-der-bodensee-philharmonie\",\"url\":\"https:\\\/\\\/www.musikzeitung.ch\\\/news\\\/2026\\\/04\\\/unisono-besorgt-ueber-situation-der-bodensee-philharmonie\",\"name\":\"Unisono besorgt \u00fcber Situation der Bodensee Philharmonie - Schweizer Musikzeitung\",\"isPartOf\":{\"@id\":\"https:\\\/\\\/www.musikzeitung.ch\\\/#website\"},\"primaryImageOfPage\":{\"@id\":\"https:\\\/\\\/www.musikzeitung.ch\\\/news\\\/2026\\\/04\\\/unisono-besorgt-ueber-situation-der-bodensee-philharmonie#primaryimage\"},\"image\":{\"@id\":\"https:\\\/\\\/www.musikzeitung.ch\\\/news\\\/2026\\\/04\\\/unisono-besorgt-ueber-situation-der-bodensee-philharmonie#primaryimage\"},\"thumbnailUrl\":\"https:\\\/\\\/www.musikzeitung.ch\\\/wp-content\\\/uploads\\\/2026\\\/04\\\/260424bodensee.jpg\",\"datePublished\":\"2026-04-24T04:54:26+00:00\",\"dateModified\":\"2026-04-24T07:38:45+00:00\",\"description\":\"Angesichts der noch unbesetzten Intendantenstelle bei der Bodensee Philharmonie wendet sich die Deutsche Orchestergewerkschaft an den Oberb\u00fcrgermeister der Stadt Konstanz.\",\"breadcrumb\":{\"@id\":\"https:\\\/\\\/www.musikzeitung.ch\\\/news\\\/2026\\\/04\\\/unisono-besorgt-ueber-situation-der-bodensee-philharmonie#breadcrumb\"},\"inLanguage\":\"en-US\",\"potentialAction\":[{\"@type\":\"ReadAction\",\"target\":[\"https:\\\/\\\/www.musikzeitung.ch\\\/news\\\/2026\\\/04\\\/unisono-besorgt-ueber-situation-der-bodensee-philharmonie\"]}]},{\"@type\":\"ImageObject\",\"inLanguage\":\"en-US\",\"@id\":\"https:\\\/\\\/www.musikzeitung.ch\\\/news\\\/2026\\\/04\\\/unisono-besorgt-ueber-situation-der-bodensee-philharmonie#primaryimage\",\"url\":\"https:\\\/\\\/www.musikzeitung.ch\\\/wp-content\\\/uploads\\\/2026\\\/04\\\/260424bodensee.jpg\",\"contentUrl\":\"https:\\\/\\\/www.musikzeitung.ch\\\/wp-content\\\/uploads\\\/2026\\\/04\\\/260424bodensee.jpg\",\"width\":1454,\"height\":710,\"caption\":\"Bodensee Philharmonie (Bild: Bodensee Philharmonie)\"},{\"@type\":\"BreadcrumbList\",\"@id\":\"https:\\\/\\\/www.musikzeitung.ch\\\/news\\\/2026\\\/04\\\/unisono-besorgt-ueber-situation-der-bodensee-philharmonie#breadcrumb\",\"itemListElement\":[{\"@type\":\"ListItem\",\"position\":1,\"name\":\"Home\",\"item\":\"https:\\\/\\\/www.musikzeitung.ch\\\/\"},{\"@type\":\"ListItem\",\"position\":2,\"name\":\"Unisono besorgt \u00fcber Situation der Bodensee Philharmonie\"}]},{\"@type\":\"WebSite\",\"@id\":\"https:\\\/\\\/www.musikzeitung.ch\\\/#website\",\"url\":\"https:\\\/\\\/www.musikzeitung.ch\\\/\",\"name\":\"Schweizer Musikzeitung\",\"description\":\"Die f\u00fchrende sparten\u00fcbergreifende Monatszeitung in der Schweiz f\u00fcr musikalische Fragen.\",\"publisher\":{\"@id\":\"https:\\\/\\\/www.musikzeitung.ch\\\/#organization\"},\"potentialAction\":[{\"@type\":\"SearchAction\",\"target\":{\"@type\":\"EntryPoint\",\"urlTemplate\":\"https:\\\/\\\/www.musikzeitung.ch\\\/?s={search_term_string}\"},\"query-input\":{\"@type\":\"PropertyValueSpecification\",\"valueRequired\":true,\"valueName\":\"search_term_string\"}}],\"inLanguage\":\"en-US\"},{\"@type\":\"Organization\",\"@id\":\"https:\\\/\\\/www.musikzeitung.ch\\\/#organization\",\"name\":\"Schweizer Musikzeitung\",\"url\":\"https:\\\/\\\/www.musikzeitung.ch\\\/\",\"logo\":{\"@type\":\"ImageObject\",\"inLanguage\":\"en-US\",\"@id\":\"https:\\\/\\\/www.musikzeitung.ch\\\/#\\\/schema\\\/logo\\\/image\\\/\",\"url\":\"https:\\\/\\\/www.musikzeitung.ch\\\/wp-content\\\/uploads\\\/2023\\\/01\\\/SMZ_Schriftzug_Sprache.png\",\"contentUrl\":\"https:\\\/\\\/www.musikzeitung.ch\\\/wp-content\\\/uploads\\\/2023\\\/01\\\/SMZ_Schriftzug_Sprache.png\",\"width\":1400,\"height\":279,\"caption\":\"Schweizer Musikzeitung\"},\"image\":{\"@id\":\"https:\\\/\\\/www.musikzeitung.ch\\\/#\\\/schema\\\/logo\\\/image\\\/\"},\"sameAs\":[\"https:\\\/\\\/www.facebook.com\\\/SchweizerMusikzeitung\\\/\",\"https:\\\/\\\/x.com\\\/smusikzeitung\",\"https:\\\/\\\/www.instagram.com\\\/musikzeitung.ch\\\/\"]},{\"@type\":\"Person\",\"@id\":\"https:\\\/\\\/www.musikzeitung.ch\\\/#\\\/schema\\\/person\\\/0da4fb82d243f1252850a35d0e87cf0c\",\"name\":\"Wolfgang B\u00f6hler\",\"image\":{\"@type\":\"ImageObject\",\"inLanguage\":\"en-US\",\"@id\":\"https:\\\/\\\/www.musikzeitung.ch\\\/wp-content\\\/uploads\\\/2023\\\/01\\\/boehler_portraet_web-e1674139782246-96x96.jpg\",\"url\":\"https:\\\/\\\/www.musikzeitung.ch\\\/wp-content\\\/uploads\\\/2023\\\/01\\\/boehler_portraet_web-e1674139782246-96x96.jpg\",\"contentUrl\":\"https:\\\/\\\/www.musikzeitung.ch\\\/wp-content\\\/uploads\\\/2023\\\/01\\\/boehler_portraet_web-e1674139782246-96x96.jpg\",\"caption\":\"Wolfgang B\u00f6hler\"},\"sameAs\":[\"http:\\\/\\\/www.manacanto.ch\",\"https:\\\/\\\/www.facebook.com\\\/wolfgang.bohler.75\"],\"url\":\"https:\\\/\\\/www.musikzeitung.ch\\\/en\\\/author\\\/wolfgang-boehler\"}]}<\/script>\n<!-- \/ Yoast SEO plugin. -->","yoast_head_json":{"title":"Unisono concerned about the situation of the Bodensee Philharmonie - Schweizer Musikzeitung","description":"Angesichts der noch unbesetzten Intendantenstelle bei der Bodensee Philharmonie wendet sich die Deutsche Orchestergewerkschaft an den Oberb\u00fcrgermeister der Stadt Konstanz.","robots":{"index":"index","follow":"follow","max-snippet":"max-snippet:-1","max-image-preview":"max-image-preview:large","max-video-preview":"max-video-preview:-1"},"canonical":"https:\/\/www.musikzeitung.ch\/en\/news\/2026\/04\/unisono-besorgt-ueber-situation-der-bodensee-philharmonie\/","og_locale":"en_US","og_type":"article","og_title":"Unisono besorgt \u00fcber Situation der Bodensee Philharmonie - Schweizer Musikzeitung","og_description":"Angesichts der noch unbesetzten Intendantenstelle bei der Bodensee Philharmonie wendet sich die Deutsche Orchestergewerkschaft an den Oberb\u00fcrgermeister der Stadt Konstanz.","og_url":"https:\/\/www.musikzeitung.ch\/en\/news\/2026\/04\/unisono-besorgt-ueber-situation-der-bodensee-philharmonie\/","og_site_name":"Schweizer Musikzeitung","article_publisher":"https:\/\/www.facebook.com\/SchweizerMusikzeitung\/","article_author":"https:\/\/www.facebook.com\/wolfgang.bohler.75","article_published_time":"2026-04-24T04:54:26+00:00","article_modified_time":"2026-04-24T07:38:45+00:00","og_image":[{"width":1454,"height":710,"url":"https:\/\/www.musikzeitung.ch\/wp-content\/uploads\/2026\/04\/260424bodensee.jpg","type":"image\/jpeg"}],"author":"Wolfgang B\u00f6hler","twitter_card":"summary_large_image","twitter_creator":"@smusikzeitung","twitter_site":"@smusikzeitung","twitter_misc":{"Written by":"Wolfgang B\u00f6hler","Est. reading time":"2 minutes"},"schema":{"@context":"https:\/\/schema.org","@graph":[{"@type":"Article","@id":"https:\/\/www.musikzeitung.ch\/news\/2026\/04\/unisono-besorgt-ueber-situation-der-bodensee-philharmonie#article","isPartOf":{"@id":"https:\/\/www.musikzeitung.ch\/news\/2026\/04\/unisono-besorgt-ueber-situation-der-bodensee-philharmonie"},"author":{"name":"Wolfgang B\u00f6hler","@id":"https:\/\/www.musikzeitung.ch\/#\/schema\/person\/0da4fb82d243f1252850a35d0e87cf0c"},"headline":"Unisono besorgt \u00fcber Situation der Bodensee Philharmonie","datePublished":"2026-04-24T04:54:26+00:00","dateModified":"2026-04-24T07:38:45+00:00","mainEntityOfPage":{"@id":"https:\/\/www.musikzeitung.ch\/news\/2026\/04\/unisono-besorgt-ueber-situation-der-bodensee-philharmonie"},"wordCount":193,"publisher":{"@id":"https:\/\/www.musikzeitung.ch\/#organization"},"image":{"@id":"https:\/\/www.musikzeitung.ch\/news\/2026\/04\/unisono-besorgt-ueber-situation-der-bodensee-philharmonie#primaryimage"},"thumbnailUrl":"https:\/\/www.musikzeitung.ch\/wp-content\/uploads\/2026\/04\/260424bodensee.jpg","keywords":["Bodensee Philharmonie","Unisono"],"articleSection":["News"],"inLanguage":"en-US"},{"@type":"WebPage","@id":"https:\/\/www.musikzeitung.ch\/news\/2026\/04\/unisono-besorgt-ueber-situation-der-bodensee-philharmonie","url":"https:\/\/www.musikzeitung.ch\/news\/2026\/04\/unisono-besorgt-ueber-situation-der-bodensee-philharmonie","name":"Unisono concerned about the situation of the Bodensee Philharmonie - Schweizer Musikzeitung","isPartOf":{"@id":"https:\/\/www.musikzeitung.ch\/#website"},"primaryImageOfPage":{"@id":"https:\/\/www.musikzeitung.ch\/news\/2026\/04\/unisono-besorgt-ueber-situation-der-bodensee-philharmonie#primaryimage"},"image":{"@id":"https:\/\/www.musikzeitung.ch\/news\/2026\/04\/unisono-besorgt-ueber-situation-der-bodensee-philharmonie#primaryimage"},"thumbnailUrl":"https:\/\/www.musikzeitung.ch\/wp-content\/uploads\/2026\/04\/260424bodensee.jpg","datePublished":"2026-04-24T04:54:26+00:00","dateModified":"2026-04-24T07:38:45+00:00","description":"Angesichts der noch unbesetzten Intendantenstelle bei der Bodensee Philharmonie wendet sich die Deutsche Orchestergewerkschaft an den Oberb\u00fcrgermeister der Stadt Konstanz.","breadcrumb":{"@id":"https:\/\/www.musikzeitung.ch\/news\/2026\/04\/unisono-besorgt-ueber-situation-der-bodensee-philharmonie#breadcrumb"},"inLanguage":"en-US","potentialAction":[{"@type":"ReadAction","target":["https:\/\/www.musikzeitung.ch\/news\/2026\/04\/unisono-besorgt-ueber-situation-der-bodensee-philharmonie"]}]},{"@type":"ImageObject","inLanguage":"en-US","@id":"https:\/\/www.musikzeitung.ch\/news\/2026\/04\/unisono-besorgt-ueber-situation-der-bodensee-philharmonie#primaryimage","url":"https:\/\/www.musikzeitung.ch\/wp-content\/uploads\/2026\/04\/260424bodensee.jpg","contentUrl":"https:\/\/www.musikzeitung.ch\/wp-content\/uploads\/2026\/04\/260424bodensee.jpg","width":1454,"height":710,"caption":"Bodensee Philharmonie (Bild: Bodensee Philharmonie)"},{"@type":"BreadcrumbList","@id":"https:\/\/www.musikzeitung.ch\/news\/2026\/04\/unisono-besorgt-ueber-situation-der-bodensee-philharmonie#breadcrumb","itemListElement":[{"@type":"ListItem","position":1,"name":"Home","item":"https:\/\/www.musikzeitung.ch\/"},{"@type":"ListItem","position":2,"name":"Unisono besorgt \u00fcber Situation der Bodensee Philharmonie"}]},{"@type":"WebSite","@id":"https:\/\/www.musikzeitung.ch\/#website","url":"https:\/\/www.musikzeitung.ch\/","name":"Swiss Music Newspaper","description":"The leading interdisciplinary monthly newspaper in Switzerland for musical issues.","publisher":{"@id":"https:\/\/www.musikzeitung.ch\/#organization"},"potentialAction":[{"@type":"SearchAction","target":{"@type":"EntryPoint","urlTemplate":"https:\/\/www.musikzeitung.ch\/?s={search_term_string}"},"query-input":{"@type":"PropertyValueSpecification","valueRequired":true,"valueName":"search_term_string"}}],"inLanguage":"en-US"},{"@type":"Organization","@id":"https:\/\/www.musikzeitung.ch\/#organization","name":"Swiss Music Newspaper","url":"https:\/\/www.musikzeitung.ch\/","logo":{"@type":"ImageObject","inLanguage":"en-US","@id":"https:\/\/www.musikzeitung.ch\/#\/schema\/logo\/image\/","url":"https:\/\/www.musikzeitung.ch\/wp-content\/uploads\/2023\/01\/SMZ_Schriftzug_Sprache.png","contentUrl":"https:\/\/www.musikzeitung.ch\/wp-content\/uploads\/2023\/01\/SMZ_Schriftzug_Sprache.png","width":1400,"height":279,"caption":"Schweizer Musikzeitung"},"image":{"@id":"https:\/\/www.musikzeitung.ch\/#\/schema\/logo\/image\/"},"sameAs":["https:\/\/www.facebook.com\/SchweizerMusikzeitung\/","https:\/\/x.com\/smusikzeitung","https:\/\/www.instagram.com\/musikzeitung.ch\/"]},{"@type":"Person","@id":"https:\/\/www.musikzeitung.ch\/#\/schema\/person\/0da4fb82d243f1252850a35d0e87cf0c","name":"Wolfgang B\u00f6hler","image":{"@type":"ImageObject","inLanguage":"en-US","@id":"https:\/\/www.musikzeitung.ch\/wp-content\/uploads\/2023\/01\/boehler_portraet_web-e1674139782246-96x96.jpg","url":"https:\/\/www.musikzeitung.ch\/wp-content\/uploads\/2023\/01\/boehler_portraet_web-e1674139782246-96x96.jpg","contentUrl":"https:\/\/www.musikzeitung.ch\/wp-content\/uploads\/2023\/01\/boehler_portraet_web-e1674139782246-96x96.jpg","caption":"Wolfgang B\u00f6hler"},"sameAs":["http:\/\/www.manacanto.ch","https:\/\/www.facebook.com\/wolfgang.bohler.75"],"url":"https:\/\/www.musikzeitung.ch\/en\/author\/wolfgang-boehler"}]}},"publishpress_future_workflow_manual_trigger":{"enabledWorkflows":[]},"_links":{"self":[{"href":"https:\/\/www.musikzeitung.ch\/en\/wp-json\/wp\/v2\/posts\/72856","targetHints":{"allow":["GET"]}}],"collection":[{"href":"https:\/\/www.musikzeitung.ch\/en\/wp-json\/wp\/v2\/posts"}],"about":[{"href":"https:\/\/www.musikzeitung.ch\/en\/wp-json\/wp\/v2\/types\/post"}],"author":[{"embeddable":true,"href":"https:\/\/www.musikzeitung.ch\/en\/wp-json\/wp\/v2\/users\/30"}],"replies":[{"embeddable":true,"href":"https:\/\/www.musikzeitung.ch\/en\/wp-json\/wp\/v2\/comments?post=72856"}],"version-history":[{"count":5,"href":"https:\/\/www.musikzeitung.ch\/en\/wp-json\/wp\/v2\/posts\/72856\/revisions"}],"predecessor-version":[{"id":72866,"href":"https:\/\/www.musikzeitung.ch\/en\/wp-json\/wp\/v2\/posts\/72856\/revisions\/72866"}],"wp:featuredmedia":[{"embeddable":true,"href":"https:\/\/www.musikzeitung.ch\/en\/wp-json\/wp\/v2\/media\/72857"}],"wp:attachment":[{"href":"https:\/\/www.musikzeitung.ch\/en\/wp-json\/wp\/v2\/media?parent=72856"}],"wp:term":[{"taxonomy":"category","embeddable":true,"href":"https:\/\/www.musikzeitung.ch\/en\/wp-json\/wp\/v2\/categories?post=72856"},{"taxonomy":"post_tag","embeddable":true,"href":"https:\/\/www.musikzeitung.ch\/en\/wp-json\/wp\/v2\/tags?post=72856"}],"curies":[{"name":"wp","href":"https:\/\/api.w.org\/{rel}","templated":true}]}}