{"id":72877,"date":"2026-04-27T10:20:55","date_gmt":"2026-04-27T08:20:55","guid":{"rendered":"https:\/\/www.musikzeitung.ch\/?p=72877"},"modified":"2026-04-27T10:26:33","modified_gmt":"2026-04-27T08:26:33","slug":"ein-resonanzraum-fuer-zuerichs-klassiktalente","status":"publish","type":"post","link":"https:\/\/www.musikzeitung.ch\/en\/berichte\/2026\/04\/ein-resonanzraum-fuer-zuerichs-klassiktalente","title":{"rendered":"A resonance chamber for Zurich's classical talents"},"content":{"rendered":"<figure id=\"attachment_72878\" aria-describedby=\"caption-attachment-72878\" style=\"width: 1500px\" class=\"wp-caption aligncenter\"><img loading=\"lazy\" decoding=\"async\" class=\"wp-image-72878 size-full\" src=\"https:\/\/www.musikzeitung.ch\/wp-content\/uploads\/2026\/04\/03_Echo_Bericht_ZYC_Teilnehmende.jpg\" alt=\"\" width=\"1500\" height=\"1000\" srcset=\"https:\/\/www.musikzeitung.ch\/wp-content\/uploads\/2026\/04\/03_Echo_Bericht_ZYC_Teilnehmende.jpg 1400w, https:\/\/www.musikzeitung.ch\/wp-content\/uploads\/2026\/04\/03_Echo_Bericht_ZYC_Teilnehmende-300x200.jpg 300w, https:\/\/www.musikzeitung.ch\/wp-content\/uploads\/2026\/04\/03_Echo_Bericht_ZYC_Teilnehmende-1024x683.jpg 1024w, https:\/\/www.musikzeitung.ch\/wp-content\/uploads\/2026\/04\/03_Echo_Bericht_ZYC_Teilnehmende-600x400.jpg 600w, https:\/\/www.musikzeitung.ch\/wp-content\/uploads\/2026\/04\/03_Echo_Bericht_ZYC_Teilnehmende-768x512.jpg 768w, https:\/\/www.musikzeitung.ch\/wp-content\/uploads\/2026\/04\/03_Echo_Bericht_ZYC_Teilnehmende-18x12.jpg 18w, https:\/\/www.musikzeitung.ch\/wp-content\/uploads\/2026\/04\/03_Echo_Bericht_ZYC_Teilnehmende-263x175.jpg 263w, https:\/\/www.musikzeitung.ch\/wp-content\/uploads\/2026\/04\/03_Echo_Bericht_ZYC_Teilnehmende-525x350.jpg 525w, https:\/\/www.musikzeitung.ch\/wp-content\/uploads\/2026\/04\/03_Echo_Bericht_ZYC_Teilnehmende-1200x800.jpg 1200w, https:\/\/www.musikzeitung.ch\/wp-content\/uploads\/2026\/04\/03_Echo_Bericht_ZYC_Teilnehmende-920x613.jpg 920w\" sizes=\"auto, (max-width: 1500px) 100vw, 1500px\" \/><figcaption id=\"caption-attachment-72878\" class=\"wp-caption-text\">Finalists listen to a performance. Photo: Ueli Steingruber\/Zurich Youth Classical<\/figcaption><\/figure>\n<p>Technical perfection in music-making was not the most important criterion in the qualifying round of the first ZYC in Brunnenhof and Florhof. Technical skill on the instrument was virtually a prerequisite for successful participation. The jury focused on the artistic attitude and personal creativity of the children and young people performing - always taking into account their age and stage of development. According to the concept, the aim of the auditions is not to further select the best, but to promote a holistic approach.<\/p>\n<p>Andrea Rasch\u00e8r, President of the \u00abF\u00f6rderstiftung Musik Z\u00fcrich\u00bb, believes that <a href=\"https:\/\/www.zurichyouthclassical.ch\/\" target=\"_blank\" rel=\"noopener\">Zurich Youth Classical<\/a> a matter close to his heart that has been with him for a long time. He is responsible for the strategic, financial and structural management of the project. Since the beginning of last year, he has been working on it together with pianist and artistic supervisor Oliver Schnyder and Val\u00e9rie Probst, Head of the Artistic Office.<\/p>\n<p>In his speech at the final concert, which was read out by Val\u00e9rie Probst for health reasons, the basic idea is formulated: \u00abZYC is not a classic competition in the sense of a performance comparison. It is a resonance chamber. A place where the focus is not on rankings, but on your artistic identity. Each participant has chosen a program that suits them - their own level of development, their own personality.\u00bb Rasch\u00e8r is convinced that musical talent deserves more than recognition, \u00abit deserves space - to grow, to show, to connect.\u00bb The new format is intended to enable talented musicians to showcase their \u00abgenuine feeling, personality, expressive will and musical voice\u00bb.<\/p>\n<h3>Feedback instead of competition<\/h3>\n<p>ZYC is aimed at children and young people as well as pre-professionals between the ages of 7 and 24. All instruments and vocals from all stylistic periods are permitted. Chamber music up to quintet and vocal ensembles are welcome. Further categories are composition and free creative space for experimental music. Only performances that can be classified by the jury as classical music in the broader sense will be considered. Terms such as \u00abcontest\u00bb or \u00abcompetition\u00bb, which imply rivalry and comparison of performance, are avoided by those responsible. Instead, terms such as \u00abrecurring funding format\u00bb and \u00abfixed platform for the promotion of young talent in the Canton of Zurich\u00bb are used.<\/p>\n<p>However, it does not work completely without selection. The somewhat softer term \u00abcontest\u00bb is used for the auditions. The number of entries was so high that a pre-selection had to be made based on the video material sent in. 47 performers or groups were invited to the qualifying round from March 6 to 8 at the Brunnenhof. Here there was a traditional ranking list with 3rd, 2nd and 1st prizes as well as 1st prizes with distinction. 23 entries reached the final from April 17 to 19.<\/p>\n<p>Jury president Oliver Schnyder had convened a high-caliber and broad-based panel to evaluate individuality, musicality, expressiveness, stage presence and communicative quality according to set criteria. The idea of competition should never arise, but rather the development of potential should be kept in mind. The organizers attach great importance to a relaxed and attentive implementation of the contest. Val\u00e9rie Probst says: \u00abWith this first edition of Zurich Youth Classical, we have achieved and even exceeded our goals. It was important to us to ensure the highest level of professionalism and quality in every respect, while at the same time offering the young artists a welcoming and stimulating environment. We have received very positive feedback in this regard.\u00bb The feedback discussions are of central importance. Jury member Daniel Fueter comments: \u00abThe jury makes a real effort to provide detailed feedback. These are very relaxed discussions and the young people are happy to take on board what we have to say.\u00bb<\/p>\n<p>Following the contest, the potential for a possible professional career is to be developed in the departments \u00abThe Cadenza\u00bb and \u00abThe Crescendo\u00bb. Up to three participants, usually those with distinction, receive follow-up support, advice and guidance on their career path from proven experts.<\/p>\n<h3>Carefree to astonishing achievements<\/h3>\n<p>The intended relaxed atmosphere was transferred to the audience at the final concert. They listened relaxed to a varied program of a high standard. At no time did they think of a stressful situation. The 17-year-old cellist Frida Lindner - who attends the Kunst- und Sport-Gymnasium R\u00e4mib\u00fchl and is preparing for professional studies - confirmed this impression after her remarkable concert contribution with Elgar, Haydn and Kurt\u00e1g: \u00abYou can clearly tell the difference, even with the jury. It is very mixed, in terms of musical style, but also in terms of age. As a result, the judging is also different. In other competitions, it was almost all cellists who paid close attention to the technical aspects.\u00bb The 10-year-old harpist Jaron David Kiener, who won the <em>Small Bolero<\/em> by Anna Sikorzak-Olek, put it succinctly: \u00abIt's pleasant to play here. They are less strict than elsewhere.\u00bb<\/p>\n<p>\u00abI'm overwhelmed by what they can do at that age, it's simply amazing, one better than the other!\u00bb Pepe Lienhard exclaimed during a break in the final. Lienhard was appointed to the jury as a \u00abcareer changer\u00bb, as he calls it, to judge the performance quality of the participants. \u00abOf course, I'm not a specialist in classical music. I am best placed to judge the performance of 11-year-old oboist Marc Boller. I got my first saxophone at his age and he already plays such difficult pieces, unbelievable ... I also took part in competitions as a youngster and was often on juries. In terms of level, there's a world of difference between then and now.\u00bb<\/p>\n<h3>More contemporary, but also more demanding<\/h3>\n<p>Oliver Schnyder wasn't sure in advance whether \u00abthe basic idea of Zurich Youth Classical would be well received\u00bb, namely that \u00abit's not about a cross-comparison, but that the young people are measured against the tasks they set themselves. We were pleasantly surprised at how well this worked and that the message got across straight away.\u00bb<\/p>\n<p>In some respects, the ZYC format is more demanding for everyone involved than the traditional competitions that aim to be competitive. If you want to see artistic personalities who have something to say on the podium, the instrumental basis must already be in place. As we saw at the ZYC final, this is increasingly the case today and at a younger age. With this in mind, the time is ripe for a rethought, contemporary form of promoting excellence. ZYC could thus actually become a driving force.<\/p>\n<figure id=\"attachment_72879\" aria-describedby=\"caption-attachment-72879\" style=\"width: 1500px\" class=\"wp-caption aligncenter\"><img loading=\"lazy\" decoding=\"async\" class=\"wp-image-72879 size-full\" src=\"https:\/\/www.musikzeitung.ch\/wp-content\/uploads\/2026\/04\/03_Echo_Bericht_ZYC_Jury.jpg\" alt=\"\" width=\"1500\" height=\"1000\" srcset=\"https:\/\/www.musikzeitung.ch\/wp-content\/uploads\/2026\/04\/03_Echo_Bericht_ZYC_Jury.jpg 1400w, https:\/\/www.musikzeitung.ch\/wp-content\/uploads\/2026\/04\/03_Echo_Bericht_ZYC_Jury-300x200.jpg 300w, https:\/\/www.musikzeitung.ch\/wp-content\/uploads\/2026\/04\/03_Echo_Bericht_ZYC_Jury-1024x683.jpg 1024w, https:\/\/www.musikzeitung.ch\/wp-content\/uploads\/2026\/04\/03_Echo_Bericht_ZYC_Jury-600x400.jpg 600w, https:\/\/www.musikzeitung.ch\/wp-content\/uploads\/2026\/04\/03_Echo_Bericht_ZYC_Jury-768x512.jpg 768w, https:\/\/www.musikzeitung.ch\/wp-content\/uploads\/2026\/04\/03_Echo_Bericht_ZYC_Jury-18x12.jpg 18w, https:\/\/www.musikzeitung.ch\/wp-content\/uploads\/2026\/04\/03_Echo_Bericht_ZYC_Jury-263x175.jpg 263w, https:\/\/www.musikzeitung.ch\/wp-content\/uploads\/2026\/04\/03_Echo_Bericht_ZYC_Jury-525x350.jpg 525w, https:\/\/www.musikzeitung.ch\/wp-content\/uploads\/2026\/04\/03_Echo_Bericht_ZYC_Jury-1200x800.jpg 1200w, https:\/\/www.musikzeitung.ch\/wp-content\/uploads\/2026\/04\/03_Echo_Bericht_ZYC_Jury-920x613.jpg 920w\" sizes=\"auto, (max-width: 1500px) 100vw, 1500px\" \/><figcaption id=\"caption-attachment-72879\" class=\"wp-caption-text\">The jury at the ZYC Final 2026 Photo: Ueli Steingruber\/Zurich Youth Classical<\/figcaption><\/figure>\n<p>&nbsp;<\/p>","protected":false},"excerpt":{"rendered":"<p>The support landscape for young musicians in the canton of Zurich has been enriched by a new platform: \u00abZurich Youth Classical\u00bb ZYC aims to be more than just a competition. The artistic personality should take center stage.<\/p>","protected":false},"author":23,"featured_media":72880,"comment_status":"closed","ping_status":"closed","sticky":false,"template":"","format":"standard","meta":{"_acf_changed":false,"_relevanssi_hide_post":"","_relevanssi_hide_content":"","_relevanssi_pin_for_all":"","_relevanssi_pin_keywords":"","_relevanssi_unpin_keywords":"","_relevanssi_related_keywords":"","_relevanssi_related_include_ids":"","_relevanssi_related_exclude_ids":"","_relevanssi_related_no_append":"","_relevanssi_related_not_related":"","_relevanssi_related_posts":"","_relevanssi_noindex_reason":"","pgc_sgb_lightbox_settings":"","footnotes":""},"categories":[28,3008],"tags":[5616,3141,2951,3039,2285,4743,5602],"class_list":["post-72877","post","type-post","status-publish","format-standard","has-post-thumbnail","hentry","category-berichte","category-treffpunkte-berichte","tag-andrea-rascher","tag-kanton-zuerich","tag-musikwettbewerb","tag-oliver-schnyder","tag-talentfoerderung","tag-valerie-probst","tag-zurich-youth-classical"],"acf":[],"yoast_head":"<!-- This site is optimized with the Yoast SEO plugin v27.4 - https:\/\/yoast.com\/product\/yoast-seo-wordpress\/ -->\n<title>Ein Resonanzraum f\u00fcr Z\u00fcrichs Klassiktalente - Schweizer Musikzeitung<\/title>\n<meta name=\"description\" content=\"Die F\u00f6rderlandschaft f\u00fcr die musizierende Jugend ist im Kanton Z\u00fcrich mit \u00abZurich Youth Classical\u00bb ZYC um eine Plattform reicher.\" \/>\n<meta name=\"robots\" content=\"index, follow, max-snippet:-1, max-image-preview:large, max-video-preview:-1\" \/>\n<link rel=\"canonical\" href=\"https:\/\/www.musikzeitung.ch\/en\/berichte\/2026\/04\/ein-resonanzraum-fuer-zuerichs-klassiktalente\/\" \/>\n<meta property=\"og:locale\" content=\"en_US\" \/>\n<meta property=\"og:type\" content=\"article\" \/>\n<meta property=\"og:title\" content=\"Ein Resonanzraum f\u00fcr Z\u00fcrichs Klassiktalente - Schweizer Musikzeitung\" \/>\n<meta property=\"og:description\" content=\"Die F\u00f6rderlandschaft f\u00fcr die musizierende Jugend ist im Kanton Z\u00fcrich mit \u00abZurich Youth Classical\u00bb ZYC um eine Plattform reicher.\" \/>\n<meta property=\"og:url\" content=\"https:\/\/www.musikzeitung.ch\/en\/berichte\/2026\/04\/ein-resonanzraum-fuer-zuerichs-klassiktalente\/\" \/>\n<meta property=\"og:site_name\" content=\"Schweizer Musikzeitung\" \/>\n<meta property=\"article:publisher\" content=\"https:\/\/www.facebook.com\/SchweizerMusikzeitung\/\" \/>\n<meta property=\"article:published_time\" content=\"2026-04-27T08:20:55+00:00\" \/>\n<meta property=\"article:modified_time\" content=\"2026-04-27T08:26:33+00:00\" \/>\n<meta property=\"og:image\" content=\"https:\/\/www.musikzeitung.ch\/wp-content\/uploads\/2026\/04\/03_Echo_Bericht_ZYC_Vortrag.jpg\" \/>\n\t<meta property=\"og:image:width\" content=\"1400\" \/>\n\t<meta property=\"og:image:height\" content=\"934\" \/>\n\t<meta property=\"og:image:type\" content=\"image\/jpeg\" \/>\n<meta name=\"author\" content=\"Katrin Spelinova\" \/>\n<meta name=\"twitter:card\" content=\"summary_large_image\" \/>\n<meta name=\"twitter:creator\" content=\"@testredaktor\" \/>\n<meta name=\"twitter:site\" content=\"@smusikzeitung\" \/>\n<meta name=\"twitter:label1\" content=\"Written by\" \/>\n\t<meta name=\"twitter:data1\" content=\"Katrin Spelinova\" \/>\n\t<meta name=\"twitter:label2\" content=\"Est. reading time\" \/>\n\t<meta name=\"twitter:data2\" content=\"7 minutes\" \/>\n<script type=\"application\/ld+json\" class=\"yoast-schema-graph\">{\"@context\":\"https:\\\/\\\/schema.org\",\"@graph\":[{\"@type\":\"Article\",\"@id\":\"https:\\\/\\\/www.musikzeitung.ch\\\/berichte\\\/2026\\\/04\\\/ein-resonanzraum-fuer-zuerichs-klassiktalente#article\",\"isPartOf\":{\"@id\":\"https:\\\/\\\/www.musikzeitung.ch\\\/berichte\\\/2026\\\/04\\\/ein-resonanzraum-fuer-zuerichs-klassiktalente\"},\"author\":{\"name\":\"Katrin Spelinova\",\"@id\":\"https:\\\/\\\/www.musikzeitung.ch\\\/#\\\/schema\\\/person\\\/dce7e5b820812d9af4db2f787d1bec92\"},\"headline\":\"Ein Resonanzraum f\u00fcr Z\u00fcrichs Klassiktalente\",\"datePublished\":\"2026-04-27T08:20:55+00:00\",\"dateModified\":\"2026-04-27T08:26:33+00:00\",\"mainEntityOfPage\":{\"@id\":\"https:\\\/\\\/www.musikzeitung.ch\\\/berichte\\\/2026\\\/04\\\/ein-resonanzraum-fuer-zuerichs-klassiktalente\"},\"wordCount\":1096,\"publisher\":{\"@id\":\"https:\\\/\\\/www.musikzeitung.ch\\\/#organization\"},\"image\":{\"@id\":\"https:\\\/\\\/www.musikzeitung.ch\\\/berichte\\\/2026\\\/04\\\/ein-resonanzraum-fuer-zuerichs-klassiktalente#primaryimage\"},\"thumbnailUrl\":\"https:\\\/\\\/www.musikzeitung.ch\\\/wp-content\\\/uploads\\\/2026\\\/04\\\/03_Echo_Bericht_ZYC_Vortrag.jpg\",\"keywords\":[\"Andrea Rasch\u00e8r\",\"Kanton Z\u00fcrich\",\"Musikwettbewerb\",\"Oliver Schnyder\",\"Talentf\u00f6rderung\",\"Val\u00e9rie Probst\",\"Zurich Youth Classical\"],\"articleSection\":[\"Berichte\",\"Treffpunkte\"],\"inLanguage\":\"en-US\"},{\"@type\":\"WebPage\",\"@id\":\"https:\\\/\\\/www.musikzeitung.ch\\\/berichte\\\/2026\\\/04\\\/ein-resonanzraum-fuer-zuerichs-klassiktalente\",\"url\":\"https:\\\/\\\/www.musikzeitung.ch\\\/berichte\\\/2026\\\/04\\\/ein-resonanzraum-fuer-zuerichs-klassiktalente\",\"name\":\"Ein Resonanzraum f\u00fcr Z\u00fcrichs Klassiktalente - Schweizer Musikzeitung\",\"isPartOf\":{\"@id\":\"https:\\\/\\\/www.musikzeitung.ch\\\/#website\"},\"primaryImageOfPage\":{\"@id\":\"https:\\\/\\\/www.musikzeitung.ch\\\/berichte\\\/2026\\\/04\\\/ein-resonanzraum-fuer-zuerichs-klassiktalente#primaryimage\"},\"image\":{\"@id\":\"https:\\\/\\\/www.musikzeitung.ch\\\/berichte\\\/2026\\\/04\\\/ein-resonanzraum-fuer-zuerichs-klassiktalente#primaryimage\"},\"thumbnailUrl\":\"https:\\\/\\\/www.musikzeitung.ch\\\/wp-content\\\/uploads\\\/2026\\\/04\\\/03_Echo_Bericht_ZYC_Vortrag.jpg\",\"datePublished\":\"2026-04-27T08:20:55+00:00\",\"dateModified\":\"2026-04-27T08:26:33+00:00\",\"description\":\"Die F\u00f6rderlandschaft f\u00fcr die musizierende Jugend ist im Kanton Z\u00fcrich mit \u00abZurich Youth Classical\u00bb ZYC um eine Plattform reicher.\",\"breadcrumb\":{\"@id\":\"https:\\\/\\\/www.musikzeitung.ch\\\/berichte\\\/2026\\\/04\\\/ein-resonanzraum-fuer-zuerichs-klassiktalente#breadcrumb\"},\"inLanguage\":\"en-US\",\"potentialAction\":[{\"@type\":\"ReadAction\",\"target\":[\"https:\\\/\\\/www.musikzeitung.ch\\\/berichte\\\/2026\\\/04\\\/ein-resonanzraum-fuer-zuerichs-klassiktalente\"]}]},{\"@type\":\"ImageObject\",\"inLanguage\":\"en-US\",\"@id\":\"https:\\\/\\\/www.musikzeitung.ch\\\/berichte\\\/2026\\\/04\\\/ein-resonanzraum-fuer-zuerichs-klassiktalente#primaryimage\",\"url\":\"https:\\\/\\\/www.musikzeitung.ch\\\/wp-content\\\/uploads\\\/2026\\\/04\\\/03_Echo_Bericht_ZYC_Vortrag.jpg\",\"contentUrl\":\"https:\\\/\\\/www.musikzeitung.ch\\\/wp-content\\\/uploads\\\/2026\\\/04\\\/03_Echo_Bericht_ZYC_Vortrag.jpg\",\"width\":1400,\"height\":934,\"caption\":\"Foto: Ueli Steingruber\\\/Zurich Youth Classical\"},{\"@type\":\"BreadcrumbList\",\"@id\":\"https:\\\/\\\/www.musikzeitung.ch\\\/berichte\\\/2026\\\/04\\\/ein-resonanzraum-fuer-zuerichs-klassiktalente#breadcrumb\",\"itemListElement\":[{\"@type\":\"ListItem\",\"position\":1,\"name\":\"Home\",\"item\":\"https:\\\/\\\/www.musikzeitung.ch\\\/\"},{\"@type\":\"ListItem\",\"position\":2,\"name\":\"Ein Resonanzraum f\u00fcr Z\u00fcrichs Klassiktalente\"}]},{\"@type\":\"WebSite\",\"@id\":\"https:\\\/\\\/www.musikzeitung.ch\\\/#website\",\"url\":\"https:\\\/\\\/www.musikzeitung.ch\\\/\",\"name\":\"Schweizer Musikzeitung\",\"description\":\"Die f\u00fchrende sparten\u00fcbergreifende Monatszeitung in der Schweiz f\u00fcr musikalische Fragen.\",\"publisher\":{\"@id\":\"https:\\\/\\\/www.musikzeitung.ch\\\/#organization\"},\"potentialAction\":[{\"@type\":\"SearchAction\",\"target\":{\"@type\":\"EntryPoint\",\"urlTemplate\":\"https:\\\/\\\/www.musikzeitung.ch\\\/?s={search_term_string}\"},\"query-input\":{\"@type\":\"PropertyValueSpecification\",\"valueRequired\":true,\"valueName\":\"search_term_string\"}}],\"inLanguage\":\"en-US\"},{\"@type\":\"Organization\",\"@id\":\"https:\\\/\\\/www.musikzeitung.ch\\\/#organization\",\"name\":\"Schweizer Musikzeitung\",\"url\":\"https:\\\/\\\/www.musikzeitung.ch\\\/\",\"logo\":{\"@type\":\"ImageObject\",\"inLanguage\":\"en-US\",\"@id\":\"https:\\\/\\\/www.musikzeitung.ch\\\/#\\\/schema\\\/logo\\\/image\\\/\",\"url\":\"https:\\\/\\\/www.musikzeitung.ch\\\/wp-content\\\/uploads\\\/2023\\\/01\\\/SMZ_Schriftzug_Sprache.png\",\"contentUrl\":\"https:\\\/\\\/www.musikzeitung.ch\\\/wp-content\\\/uploads\\\/2023\\\/01\\\/SMZ_Schriftzug_Sprache.png\",\"width\":1400,\"height\":279,\"caption\":\"Schweizer Musikzeitung\"},\"image\":{\"@id\":\"https:\\\/\\\/www.musikzeitung.ch\\\/#\\\/schema\\\/logo\\\/image\\\/\"},\"sameAs\":[\"https:\\\/\\\/www.facebook.com\\\/SchweizerMusikzeitung\\\/\",\"https:\\\/\\\/x.com\\\/smusikzeitung\",\"https:\\\/\\\/www.instagram.com\\\/musikzeitung.ch\\\/\"]},{\"@type\":\"Person\",\"@id\":\"https:\\\/\\\/www.musikzeitung.ch\\\/#\\\/schema\\\/person\\\/dce7e5b820812d9af4db2f787d1bec92\",\"name\":\"Katrin Spelinova\",\"image\":{\"@type\":\"ImageObject\",\"inLanguage\":\"en-US\",\"@id\":\"https:\\\/\\\/secure.gravatar.com\\\/avatar\\\/2a2c2956e074ebca9bf65620496cd2e317d90b8c76450e9dd04d7cebf95eeada?s=96&d=mm&r=g\",\"url\":\"https:\\\/\\\/secure.gravatar.com\\\/avatar\\\/2a2c2956e074ebca9bf65620496cd2e317d90b8c76450e9dd04d7cebf95eeada?s=96&d=mm&r=g\",\"contentUrl\":\"https:\\\/\\\/secure.gravatar.com\\\/avatar\\\/2a2c2956e074ebca9bf65620496cd2e317d90b8c76450e9dd04d7cebf95eeada?s=96&d=mm&r=g\",\"caption\":\"Katrin Spelinova\"},\"sameAs\":[\"https:\\\/\\\/x.com\\\/testredaktor\"],\"url\":\"https:\\\/\\\/www.musikzeitung.ch\\\/en\\\/author\\\/spelkat\"}]}<\/script>\n<!-- \/ Yoast SEO plugin. -->","yoast_head_json":{"title":"A resonance chamber for Zurich's classical talents - Schweizer Musikzeitung","description":"With \u00abZurich Youth Classical\u00bb (ZYC), the support landscape for young musicians in the canton of Zurich has been enriched by a new platform.","robots":{"index":"index","follow":"follow","max-snippet":"max-snippet:-1","max-image-preview":"max-image-preview:large","max-video-preview":"max-video-preview:-1"},"canonical":"https:\/\/www.musikzeitung.ch\/en\/berichte\/2026\/04\/ein-resonanzraum-fuer-zuerichs-klassiktalente\/","og_locale":"en_US","og_type":"article","og_title":"Ein Resonanzraum f\u00fcr Z\u00fcrichs Klassiktalente - Schweizer Musikzeitung","og_description":"Die F\u00f6rderlandschaft f\u00fcr die musizierende Jugend ist im Kanton Z\u00fcrich mit \u00abZurich Youth Classical\u00bb ZYC um eine Plattform reicher.","og_url":"https:\/\/www.musikzeitung.ch\/en\/berichte\/2026\/04\/ein-resonanzraum-fuer-zuerichs-klassiktalente\/","og_site_name":"Schweizer Musikzeitung","article_publisher":"https:\/\/www.facebook.com\/SchweizerMusikzeitung\/","article_published_time":"2026-04-27T08:20:55+00:00","article_modified_time":"2026-04-27T08:26:33+00:00","og_image":[{"width":1400,"height":934,"url":"https:\/\/www.musikzeitung.ch\/wp-content\/uploads\/2026\/04\/03_Echo_Bericht_ZYC_Vortrag.jpg","type":"image\/jpeg"}],"author":"Katrin Spelinova","twitter_card":"summary_large_image","twitter_creator":"@testredaktor","twitter_site":"@smusikzeitung","twitter_misc":{"Written by":"Katrin Spelinova","Est. reading time":"7 minutes"},"schema":{"@context":"https:\/\/schema.org","@graph":[{"@type":"Article","@id":"https:\/\/www.musikzeitung.ch\/berichte\/2026\/04\/ein-resonanzraum-fuer-zuerichs-klassiktalente#article","isPartOf":{"@id":"https:\/\/www.musikzeitung.ch\/berichte\/2026\/04\/ein-resonanzraum-fuer-zuerichs-klassiktalente"},"author":{"name":"Katrin Spelinova","@id":"https:\/\/www.musikzeitung.ch\/#\/schema\/person\/dce7e5b820812d9af4db2f787d1bec92"},"headline":"Ein Resonanzraum f\u00fcr Z\u00fcrichs Klassiktalente","datePublished":"2026-04-27T08:20:55+00:00","dateModified":"2026-04-27T08:26:33+00:00","mainEntityOfPage":{"@id":"https:\/\/www.musikzeitung.ch\/berichte\/2026\/04\/ein-resonanzraum-fuer-zuerichs-klassiktalente"},"wordCount":1096,"publisher":{"@id":"https:\/\/www.musikzeitung.ch\/#organization"},"image":{"@id":"https:\/\/www.musikzeitung.ch\/berichte\/2026\/04\/ein-resonanzraum-fuer-zuerichs-klassiktalente#primaryimage"},"thumbnailUrl":"https:\/\/www.musikzeitung.ch\/wp-content\/uploads\/2026\/04\/03_Echo_Bericht_ZYC_Vortrag.jpg","keywords":["Andrea Rasch\u00e8r","Kanton Z\u00fcrich","Musikwettbewerb","Oliver Schnyder","Talentf\u00f6rderung","Val\u00e9rie Probst","Zurich Youth Classical"],"articleSection":["Berichte","Treffpunkte"],"inLanguage":"en-US"},{"@type":"WebPage","@id":"https:\/\/www.musikzeitung.ch\/berichte\/2026\/04\/ein-resonanzraum-fuer-zuerichs-klassiktalente","url":"https:\/\/www.musikzeitung.ch\/berichte\/2026\/04\/ein-resonanzraum-fuer-zuerichs-klassiktalente","name":"A resonance chamber for Zurich's classical talents - Schweizer Musikzeitung","isPartOf":{"@id":"https:\/\/www.musikzeitung.ch\/#website"},"primaryImageOfPage":{"@id":"https:\/\/www.musikzeitung.ch\/berichte\/2026\/04\/ein-resonanzraum-fuer-zuerichs-klassiktalente#primaryimage"},"image":{"@id":"https:\/\/www.musikzeitung.ch\/berichte\/2026\/04\/ein-resonanzraum-fuer-zuerichs-klassiktalente#primaryimage"},"thumbnailUrl":"https:\/\/www.musikzeitung.ch\/wp-content\/uploads\/2026\/04\/03_Echo_Bericht_ZYC_Vortrag.jpg","datePublished":"2026-04-27T08:20:55+00:00","dateModified":"2026-04-27T08:26:33+00:00","description":"With \u00abZurich Youth Classical\u00bb (ZYC), the support landscape for young musicians in the canton of Zurich has been enriched by a new platform.","breadcrumb":{"@id":"https:\/\/www.musikzeitung.ch\/berichte\/2026\/04\/ein-resonanzraum-fuer-zuerichs-klassiktalente#breadcrumb"},"inLanguage":"en-US","potentialAction":[{"@type":"ReadAction","target":["https:\/\/www.musikzeitung.ch\/berichte\/2026\/04\/ein-resonanzraum-fuer-zuerichs-klassiktalente"]}]},{"@type":"ImageObject","inLanguage":"en-US","@id":"https:\/\/www.musikzeitung.ch\/berichte\/2026\/04\/ein-resonanzraum-fuer-zuerichs-klassiktalente#primaryimage","url":"https:\/\/www.musikzeitung.ch\/wp-content\/uploads\/2026\/04\/03_Echo_Bericht_ZYC_Vortrag.jpg","contentUrl":"https:\/\/www.musikzeitung.ch\/wp-content\/uploads\/2026\/04\/03_Echo_Bericht_ZYC_Vortrag.jpg","width":1400,"height":934,"caption":"Foto: Ueli Steingruber\/Zurich Youth Classical"},{"@type":"BreadcrumbList","@id":"https:\/\/www.musikzeitung.ch\/berichte\/2026\/04\/ein-resonanzraum-fuer-zuerichs-klassiktalente#breadcrumb","itemListElement":[{"@type":"ListItem","position":1,"name":"Home","item":"https:\/\/www.musikzeitung.ch\/"},{"@type":"ListItem","position":2,"name":"Ein Resonanzraum f\u00fcr Z\u00fcrichs Klassiktalente"}]},{"@type":"WebSite","@id":"https:\/\/www.musikzeitung.ch\/#website","url":"https:\/\/www.musikzeitung.ch\/","name":"Swiss Music Newspaper","description":"The leading interdisciplinary monthly newspaper in Switzerland for musical issues.","publisher":{"@id":"https:\/\/www.musikzeitung.ch\/#organization"},"potentialAction":[{"@type":"SearchAction","target":{"@type":"EntryPoint","urlTemplate":"https:\/\/www.musikzeitung.ch\/?s={search_term_string}"},"query-input":{"@type":"PropertyValueSpecification","valueRequired":true,"valueName":"search_term_string"}}],"inLanguage":"en-US"},{"@type":"Organization","@id":"https:\/\/www.musikzeitung.ch\/#organization","name":"Swiss Music Newspaper","url":"https:\/\/www.musikzeitung.ch\/","logo":{"@type":"ImageObject","inLanguage":"en-US","@id":"https:\/\/www.musikzeitung.ch\/#\/schema\/logo\/image\/","url":"https:\/\/www.musikzeitung.ch\/wp-content\/uploads\/2023\/01\/SMZ_Schriftzug_Sprache.png","contentUrl":"https:\/\/www.musikzeitung.ch\/wp-content\/uploads\/2023\/01\/SMZ_Schriftzug_Sprache.png","width":1400,"height":279,"caption":"Schweizer Musikzeitung"},"image":{"@id":"https:\/\/www.musikzeitung.ch\/#\/schema\/logo\/image\/"},"sameAs":["https:\/\/www.facebook.com\/SchweizerMusikzeitung\/","https:\/\/x.com\/smusikzeitung","https:\/\/www.instagram.com\/musikzeitung.ch\/"]},{"@type":"Person","@id":"https:\/\/www.musikzeitung.ch\/#\/schema\/person\/dce7e5b820812d9af4db2f787d1bec92","name":"Katrin Spelinova","image":{"@type":"ImageObject","inLanguage":"en-US","@id":"https:\/\/secure.gravatar.com\/avatar\/2a2c2956e074ebca9bf65620496cd2e317d90b8c76450e9dd04d7cebf95eeada?s=96&d=mm&r=g","url":"https:\/\/secure.gravatar.com\/avatar\/2a2c2956e074ebca9bf65620496cd2e317d90b8c76450e9dd04d7cebf95eeada?s=96&d=mm&r=g","contentUrl":"https:\/\/secure.gravatar.com\/avatar\/2a2c2956e074ebca9bf65620496cd2e317d90b8c76450e9dd04d7cebf95eeada?s=96&d=mm&r=g","caption":"Katrin Spelinova"},"sameAs":["https:\/\/x.com\/testredaktor"],"url":"https:\/\/www.musikzeitung.ch\/en\/author\/spelkat"}]}},"publishpress_future_workflow_manual_trigger":{"enabledWorkflows":[]},"_links":{"self":[{"href":"https:\/\/www.musikzeitung.ch\/en\/wp-json\/wp\/v2\/posts\/72877","targetHints":{"allow":["GET"]}}],"collection":[{"href":"https:\/\/www.musikzeitung.ch\/en\/wp-json\/wp\/v2\/posts"}],"about":[{"href":"https:\/\/www.musikzeitung.ch\/en\/wp-json\/wp\/v2\/types\/post"}],"author":[{"embeddable":true,"href":"https:\/\/www.musikzeitung.ch\/en\/wp-json\/wp\/v2\/users\/23"}],"replies":[{"embeddable":true,"href":"https:\/\/www.musikzeitung.ch\/en\/wp-json\/wp\/v2\/comments?post=72877"}],"version-history":[{"count":2,"href":"https:\/\/www.musikzeitung.ch\/en\/wp-json\/wp\/v2\/posts\/72877\/revisions"}],"predecessor-version":[{"id":72884,"href":"https:\/\/www.musikzeitung.ch\/en\/wp-json\/wp\/v2\/posts\/72877\/revisions\/72884"}],"wp:featuredmedia":[{"embeddable":true,"href":"https:\/\/www.musikzeitung.ch\/en\/wp-json\/wp\/v2\/media\/72880"}],"wp:attachment":[{"href":"https:\/\/www.musikzeitung.ch\/en\/wp-json\/wp\/v2\/media?parent=72877"}],"wp:term":[{"taxonomy":"category","embeddable":true,"href":"https:\/\/www.musikzeitung.ch\/en\/wp-json\/wp\/v2\/categories?post=72877"},{"taxonomy":"post_tag","embeddable":true,"href":"https:\/\/www.musikzeitung.ch\/en\/wp-json\/wp\/v2\/tags?post=72877"}],"curies":[{"name":"wp","href":"https:\/\/api.w.org\/{rel}","templated":true}]}}