{"id":72891,"date":"2026-04-28T08:00:01","date_gmt":"2026-04-28T06:00:01","guid":{"rendered":"https:\/\/www.musikzeitung.ch\/?p=72891"},"modified":"2026-04-28T09:15:53","modified_gmt":"2026-04-28T07:15:53","slug":"das-gorgier-music-festival-feiert-premiere","status":"publish","type":"post","link":"https:\/\/www.musikzeitung.ch\/en\/service\/2026\/04\/das-gorgier-music-festival-feiert-premiere","title":{"rendered":"The Gorgier Music Festival celebrates its premiere"},"content":{"rendered":"<figure id=\"attachment_72894\" aria-describedby=\"caption-attachment-72894\" style=\"width: 1080px\" class=\"wp-caption aligncenter\"><img loading=\"lazy\" decoding=\"async\" class=\"size-full wp-image-72894\" src=\"https:\/\/www.musikzeitung.ch\/wp-content\/uploads\/2026\/04\/03_Echo_News_Gorgier_5.jpg\" alt=\"\" width=\"1080\" height=\"675\" srcset=\"https:\/\/www.musikzeitung.ch\/wp-content\/uploads\/2026\/04\/03_Echo_News_Gorgier_5.jpg 1080w, https:\/\/www.musikzeitung.ch\/wp-content\/uploads\/2026\/04\/03_Echo_News_Gorgier_5-300x188.jpg 300w, https:\/\/www.musikzeitung.ch\/wp-content\/uploads\/2026\/04\/03_Echo_News_Gorgier_5-1024x640.jpg 1024w, https:\/\/www.musikzeitung.ch\/wp-content\/uploads\/2026\/04\/03_Echo_News_Gorgier_5-768x480.jpg 768w, https:\/\/www.musikzeitung.ch\/wp-content\/uploads\/2026\/04\/03_Echo_News_Gorgier_5-18x12.jpg 18w, https:\/\/www.musikzeitung.ch\/wp-content\/uploads\/2026\/04\/03_Echo_News_Gorgier_5-280x175.jpg 280w, https:\/\/www.musikzeitung.ch\/wp-content\/uploads\/2026\/04\/03_Echo_News_Gorgier_5-560x350.jpg 560w, https:\/\/www.musikzeitung.ch\/wp-content\/uploads\/2026\/04\/03_Echo_News_Gorgier_5-920x575.jpg 920w\" sizes=\"auto, (max-width: 1080px) 100vw, 1080px\" \/><figcaption id=\"caption-attachment-72894\" class=\"wp-caption-text\">Ch\u00e2teau de Gorgier. Photo: zVg<\/figcaption><\/figure>\n<p>The Ch\u00e2teau de Gorgier in the canton of Neuch\u00e2tel, a cultural asset of national importance, is not normally open to the public. The newly founded Gorgier Music Festival is the first opportunity for the public to visit the medieval building. The initiator of the festival is violinist Hans Liviabella.<\/p>\n<figure id=\"attachment_72893\" aria-describedby=\"caption-attachment-72893\" style=\"width: 686px\" class=\"wp-caption aligncenter\"><img loading=\"lazy\" decoding=\"async\" class=\"size-full wp-image-72893\" src=\"https:\/\/www.musikzeitung.ch\/wp-content\/uploads\/2026\/04\/03_Echo_News_Gorgier_1_k.jpg\" alt=\"\" width=\"686\" height=\"423\" srcset=\"https:\/\/www.musikzeitung.ch\/wp-content\/uploads\/2026\/04\/03_Echo_News_Gorgier_1_k.jpg 686w, https:\/\/www.musikzeitung.ch\/wp-content\/uploads\/2026\/04\/03_Echo_News_Gorgier_1_k-300x185.jpg 300w, https:\/\/www.musikzeitung.ch\/wp-content\/uploads\/2026\/04\/03_Echo_News_Gorgier_1_k-18x12.jpg 18w, https:\/\/www.musikzeitung.ch\/wp-content\/uploads\/2026\/04\/03_Echo_News_Gorgier_1_k-284x175.jpg 284w, https:\/\/www.musikzeitung.ch\/wp-content\/uploads\/2026\/04\/03_Echo_News_Gorgier_1_k-568x350.jpg 568w\" sizes=\"auto, (max-width: 686px) 100vw, 686px\" \/><figcaption id=\"caption-attachment-72893\" class=\"wp-caption-text\">Concert in the great hall of Gorgier Castle. Photo: zVg<\/figcaption><\/figure>\n<p>The five concerts each begin at 7 pm. A program entitled \u00abD\u00e9di\u00e9 aux femmes\u00bb opens on 28 May with works by English female composers of the post-Victorian era for violin, piano, cello and voice. On May 29, baroque music by Antonio Vivaldi can be heard in the castle chapel on the second floor. On May 30, the evening \u00abC'est juste le temps qui passe\u00bb combines music with visual art. Two further concerts will follow on May 31 and June 1.<\/p>\n<p>Most of the concerts take place in the castle's Great Hall, which, according to the organizer, is particularly suitable for chamber music. After each concert evening, guests are served an aperitif dinner.<\/p>\n<p><a href=\"http:\/\/www.gorgiermusicfestival.ch\" target=\"_blank\" rel=\"noopener\">www.gorgiermusicfestival.ch<\/a><\/p>\n<figure id=\"attachment_72892\" aria-describedby=\"caption-attachment-72892\" style=\"width: 837px\" class=\"wp-caption aligncenter\"><img loading=\"lazy\" decoding=\"async\" class=\"size-full wp-image-72892\" src=\"https:\/\/www.musikzeitung.ch\/wp-content\/uploads\/2026\/04\/03_Echo_News_Gorgier_2k.jpg\" alt=\"\" width=\"837\" height=\"550\" srcset=\"https:\/\/www.musikzeitung.ch\/wp-content\/uploads\/2026\/04\/03_Echo_News_Gorgier_2k.jpg 837w, https:\/\/www.musikzeitung.ch\/wp-content\/uploads\/2026\/04\/03_Echo_News_Gorgier_2k-300x197.jpg 300w, https:\/\/www.musikzeitung.ch\/wp-content\/uploads\/2026\/04\/03_Echo_News_Gorgier_2k-768x505.jpg 768w, https:\/\/www.musikzeitung.ch\/wp-content\/uploads\/2026\/04\/03_Echo_News_Gorgier_2k-18x12.jpg 18w, https:\/\/www.musikzeitung.ch\/wp-content\/uploads\/2026\/04\/03_Echo_News_Gorgier_2k-266x175.jpg 266w, https:\/\/www.musikzeitung.ch\/wp-content\/uploads\/2026\/04\/03_Echo_News_Gorgier_2k-533x350.jpg 533w\" sizes=\"auto, (max-width: 837px) 100vw, 837px\" \/><figcaption id=\"caption-attachment-72892\" class=\"wp-caption-text\">Chamber music in the castle chapel. Photo: zVg<\/figcaption><\/figure>","protected":false},"excerpt":{"rendered":"<p>From May 28 to June 1, 2026, the Ch\u00e2teau de Gorgier will host a chamber music festival for the first time. The privately inhabited castle will open its doors for five evenings of concerts.<\/p>","protected":false},"author":23,"featured_media":72895,"comment_status":"closed","ping_status":"closed","sticky":false,"template":"","format":"standard","meta":{"_acf_changed":false,"_relevanssi_hide_post":"","_relevanssi_hide_content":"","_relevanssi_pin_for_all":"","_relevanssi_pin_keywords":"","_relevanssi_unpin_keywords":"","_relevanssi_related_keywords":"","_relevanssi_related_include_ids":"","_relevanssi_related_exclude_ids":"","_relevanssi_related_no_append":"","_relevanssi_related_not_related":"","_relevanssi_related_posts":"","_relevanssi_noindex_reason":"","pgc_sgb_lightbox_settings":"","footnotes":""},"categories":[5618,30],"tags":[2068],"class_list":["post-72891","post","type-post","status-publish","format-standard","has-post-thumbnail","hentry","category-festival","category-service","tag-kammermusikfestival"],"acf":[],"yoast_head":"<!-- This site is optimized with the Yoast SEO plugin v27.4 - https:\/\/yoast.com\/product\/yoast-seo-wordpress\/ -->\n<title>Das Gorgier Music Festival feiert Premiere - Schweizer Musikzeitung<\/title>\n<meta name=\"robots\" content=\"index, follow, max-snippet:-1, max-image-preview:large, max-video-preview:-1\" \/>\n<link rel=\"canonical\" href=\"https:\/\/www.musikzeitung.ch\/en\/service\/2026\/04\/das-gorgier-music-festival-feiert-premiere\/\" \/>\n<meta property=\"og:locale\" content=\"en_US\" \/>\n<meta property=\"og:type\" content=\"article\" \/>\n<meta property=\"og:title\" content=\"Das Gorgier Music Festival feiert Premiere - Schweizer Musikzeitung\" \/>\n<meta property=\"og:description\" content=\"Vom 28. Mai bis 1. Juni 2026 findet im Ch\u00e2teau de Gorgier erstmals ein Kammermusikfestival statt. Das privat bewohnte Schloss \u00f6ffnet f\u00fcr f\u00fcnf Konzertabende seine T\u00fcren.\" \/>\n<meta property=\"og:url\" content=\"https:\/\/www.musikzeitung.ch\/en\/service\/2026\/04\/das-gorgier-music-festival-feiert-premiere\/\" \/>\n<meta property=\"og:site_name\" content=\"Schweizer Musikzeitung\" \/>\n<meta property=\"article:publisher\" content=\"https:\/\/www.facebook.com\/SchweizerMusikzeitung\/\" \/>\n<meta property=\"article:published_time\" content=\"2026-04-28T06:00:01+00:00\" \/>\n<meta property=\"article:modified_time\" content=\"2026-04-28T07:15:53+00:00\" \/>\n<meta property=\"og:image\" content=\"https:\/\/www.musikzeitung.ch\/wp-content\/uploads\/2026\/04\/03_Echo_News_Gorgier_6.jpg\" \/>\n\t<meta property=\"og:image:width\" content=\"1333\" \/>\n\t<meta property=\"og:image:height\" content=\"1000\" \/>\n\t<meta property=\"og:image:type\" content=\"image\/jpeg\" \/>\n<meta name=\"author\" content=\"Katrin Spelinova\" \/>\n<meta name=\"twitter:card\" content=\"summary_large_image\" \/>\n<meta name=\"twitter:creator\" content=\"@testredaktor\" \/>\n<meta name=\"twitter:site\" content=\"@smusikzeitung\" \/>\n<meta name=\"twitter:label1\" content=\"Written by\" \/>\n\t<meta name=\"twitter:data1\" content=\"Katrin Spelinova\" \/>\n\t<meta name=\"twitter:label2\" content=\"Est. reading time\" \/>\n\t<meta name=\"twitter:data2\" content=\"2 minutes\" \/>\n<script type=\"application\/ld+json\" class=\"yoast-schema-graph\">{\"@context\":\"https:\\\/\\\/schema.org\",\"@graph\":[{\"@type\":\"Article\",\"@id\":\"https:\\\/\\\/www.musikzeitung.ch\\\/service\\\/2026\\\/04\\\/das-gorgier-music-festival-feiert-premiere#article\",\"isPartOf\":{\"@id\":\"https:\\\/\\\/www.musikzeitung.ch\\\/service\\\/2026\\\/04\\\/das-gorgier-music-festival-feiert-premiere\"},\"author\":{\"name\":\"Katrin Spelinova\",\"@id\":\"https:\\\/\\\/www.musikzeitung.ch\\\/#\\\/schema\\\/person\\\/dce7e5b820812d9af4db2f787d1bec92\"},\"headline\":\"Das Gorgier Music Festival feiert Premiere\",\"datePublished\":\"2026-04-28T06:00:01+00:00\",\"dateModified\":\"2026-04-28T07:15:53+00:00\",\"mainEntityOfPage\":{\"@id\":\"https:\\\/\\\/www.musikzeitung.ch\\\/service\\\/2026\\\/04\\\/das-gorgier-music-festival-feiert-premiere\"},\"wordCount\":210,\"publisher\":{\"@id\":\"https:\\\/\\\/www.musikzeitung.ch\\\/#organization\"},\"image\":{\"@id\":\"https:\\\/\\\/www.musikzeitung.ch\\\/service\\\/2026\\\/04\\\/das-gorgier-music-festival-feiert-premiere#primaryimage\"},\"thumbnailUrl\":\"https:\\\/\\\/www.musikzeitung.ch\\\/wp-content\\\/uploads\\\/2026\\\/04\\\/03_Echo_News_Gorgier_6.jpg\",\"keywords\":[\"Kammermusikfestival\"],\"articleSection\":[\"Festival\",\"Service\"],\"inLanguage\":\"en-US\"},{\"@type\":\"WebPage\",\"@id\":\"https:\\\/\\\/www.musikzeitung.ch\\\/service\\\/2026\\\/04\\\/das-gorgier-music-festival-feiert-premiere\",\"url\":\"https:\\\/\\\/www.musikzeitung.ch\\\/service\\\/2026\\\/04\\\/das-gorgier-music-festival-feiert-premiere\",\"name\":\"Das Gorgier Music Festival feiert Premiere - Schweizer Musikzeitung\",\"isPartOf\":{\"@id\":\"https:\\\/\\\/www.musikzeitung.ch\\\/#website\"},\"primaryImageOfPage\":{\"@id\":\"https:\\\/\\\/www.musikzeitung.ch\\\/service\\\/2026\\\/04\\\/das-gorgier-music-festival-feiert-premiere#primaryimage\"},\"image\":{\"@id\":\"https:\\\/\\\/www.musikzeitung.ch\\\/service\\\/2026\\\/04\\\/das-gorgier-music-festival-feiert-premiere#primaryimage\"},\"thumbnailUrl\":\"https:\\\/\\\/www.musikzeitung.ch\\\/wp-content\\\/uploads\\\/2026\\\/04\\\/03_Echo_News_Gorgier_6.jpg\",\"datePublished\":\"2026-04-28T06:00:01+00:00\",\"dateModified\":\"2026-04-28T07:15:53+00:00\",\"breadcrumb\":{\"@id\":\"https:\\\/\\\/www.musikzeitung.ch\\\/service\\\/2026\\\/04\\\/das-gorgier-music-festival-feiert-premiere#breadcrumb\"},\"inLanguage\":\"en-US\",\"potentialAction\":[{\"@type\":\"ReadAction\",\"target\":[\"https:\\\/\\\/www.musikzeitung.ch\\\/service\\\/2026\\\/04\\\/das-gorgier-music-festival-feiert-premiere\"]}]},{\"@type\":\"ImageObject\",\"inLanguage\":\"en-US\",\"@id\":\"https:\\\/\\\/www.musikzeitung.ch\\\/service\\\/2026\\\/04\\\/das-gorgier-music-festival-feiert-premiere#primaryimage\",\"url\":\"https:\\\/\\\/www.musikzeitung.ch\\\/wp-content\\\/uploads\\\/2026\\\/04\\\/03_Echo_News_Gorgier_6.jpg\",\"contentUrl\":\"https:\\\/\\\/www.musikzeitung.ch\\\/wp-content\\\/uploads\\\/2026\\\/04\\\/03_Echo_News_Gorgier_6.jpg\",\"width\":1333,\"height\":1000,\"caption\":\"Ch\u00e2teau de Gorgier. Foto: zVg\"},{\"@type\":\"BreadcrumbList\",\"@id\":\"https:\\\/\\\/www.musikzeitung.ch\\\/service\\\/2026\\\/04\\\/das-gorgier-music-festival-feiert-premiere#breadcrumb\",\"itemListElement\":[{\"@type\":\"ListItem\",\"position\":1,\"name\":\"Home\",\"item\":\"https:\\\/\\\/www.musikzeitung.ch\\\/\"},{\"@type\":\"ListItem\",\"position\":2,\"name\":\"Das Gorgier Music Festival feiert Premiere\"}]},{\"@type\":\"WebSite\",\"@id\":\"https:\\\/\\\/www.musikzeitung.ch\\\/#website\",\"url\":\"https:\\\/\\\/www.musikzeitung.ch\\\/\",\"name\":\"Schweizer Musikzeitung\",\"description\":\"Die f\u00fchrende sparten\u00fcbergreifende Monatszeitung in der Schweiz f\u00fcr musikalische Fragen.\",\"publisher\":{\"@id\":\"https:\\\/\\\/www.musikzeitung.ch\\\/#organization\"},\"potentialAction\":[{\"@type\":\"SearchAction\",\"target\":{\"@type\":\"EntryPoint\",\"urlTemplate\":\"https:\\\/\\\/www.musikzeitung.ch\\\/?s={search_term_string}\"},\"query-input\":{\"@type\":\"PropertyValueSpecification\",\"valueRequired\":true,\"valueName\":\"search_term_string\"}}],\"inLanguage\":\"en-US\"},{\"@type\":\"Organization\",\"@id\":\"https:\\\/\\\/www.musikzeitung.ch\\\/#organization\",\"name\":\"Schweizer Musikzeitung\",\"url\":\"https:\\\/\\\/www.musikzeitung.ch\\\/\",\"logo\":{\"@type\":\"ImageObject\",\"inLanguage\":\"en-US\",\"@id\":\"https:\\\/\\\/www.musikzeitung.ch\\\/#\\\/schema\\\/logo\\\/image\\\/\",\"url\":\"https:\\\/\\\/www.musikzeitung.ch\\\/wp-content\\\/uploads\\\/2023\\\/01\\\/SMZ_Schriftzug_Sprache.png\",\"contentUrl\":\"https:\\\/\\\/www.musikzeitung.ch\\\/wp-content\\\/uploads\\\/2023\\\/01\\\/SMZ_Schriftzug_Sprache.png\",\"width\":1400,\"height\":279,\"caption\":\"Schweizer Musikzeitung\"},\"image\":{\"@id\":\"https:\\\/\\\/www.musikzeitung.ch\\\/#\\\/schema\\\/logo\\\/image\\\/\"},\"sameAs\":[\"https:\\\/\\\/www.facebook.com\\\/SchweizerMusikzeitung\\\/\",\"https:\\\/\\\/x.com\\\/smusikzeitung\",\"https:\\\/\\\/www.instagram.com\\\/musikzeitung.ch\\\/\"]},{\"@type\":\"Person\",\"@id\":\"https:\\\/\\\/www.musikzeitung.ch\\\/#\\\/schema\\\/person\\\/dce7e5b820812d9af4db2f787d1bec92\",\"name\":\"Katrin Spelinova\",\"image\":{\"@type\":\"ImageObject\",\"inLanguage\":\"en-US\",\"@id\":\"https:\\\/\\\/secure.gravatar.com\\\/avatar\\\/2a2c2956e074ebca9bf65620496cd2e317d90b8c76450e9dd04d7cebf95eeada?s=96&d=mm&r=g\",\"url\":\"https:\\\/\\\/secure.gravatar.com\\\/avatar\\\/2a2c2956e074ebca9bf65620496cd2e317d90b8c76450e9dd04d7cebf95eeada?s=96&d=mm&r=g\",\"contentUrl\":\"https:\\\/\\\/secure.gravatar.com\\\/avatar\\\/2a2c2956e074ebca9bf65620496cd2e317d90b8c76450e9dd04d7cebf95eeada?s=96&d=mm&r=g\",\"caption\":\"Katrin Spelinova\"},\"sameAs\":[\"https:\\\/\\\/x.com\\\/testredaktor\"],\"url\":\"https:\\\/\\\/www.musikzeitung.ch\\\/en\\\/author\\\/spelkat\"}]}<\/script>\n<!-- \/ Yoast SEO plugin. -->","yoast_head_json":{"title":"The Gorgier Music Festival celebrates its premiere - Schweizer Musikzeitung","robots":{"index":"index","follow":"follow","max-snippet":"max-snippet:-1","max-image-preview":"max-image-preview:large","max-video-preview":"max-video-preview:-1"},"canonical":"https:\/\/www.musikzeitung.ch\/en\/service\/2026\/04\/das-gorgier-music-festival-feiert-premiere\/","og_locale":"en_US","og_type":"article","og_title":"Das Gorgier Music Festival feiert Premiere - Schweizer Musikzeitung","og_description":"Vom 28. Mai bis 1. Juni 2026 findet im Ch\u00e2teau de Gorgier erstmals ein Kammermusikfestival statt. Das privat bewohnte Schloss \u00f6ffnet f\u00fcr f\u00fcnf Konzertabende seine T\u00fcren.","og_url":"https:\/\/www.musikzeitung.ch\/en\/service\/2026\/04\/das-gorgier-music-festival-feiert-premiere\/","og_site_name":"Schweizer Musikzeitung","article_publisher":"https:\/\/www.facebook.com\/SchweizerMusikzeitung\/","article_published_time":"2026-04-28T06:00:01+00:00","article_modified_time":"2026-04-28T07:15:53+00:00","og_image":[{"width":1333,"height":1000,"url":"https:\/\/www.musikzeitung.ch\/wp-content\/uploads\/2026\/04\/03_Echo_News_Gorgier_6.jpg","type":"image\/jpeg"}],"author":"Katrin Spelinova","twitter_card":"summary_large_image","twitter_creator":"@testredaktor","twitter_site":"@smusikzeitung","twitter_misc":{"Written by":"Katrin Spelinova","Est. reading time":"2 minutes"},"schema":{"@context":"https:\/\/schema.org","@graph":[{"@type":"Article","@id":"https:\/\/www.musikzeitung.ch\/service\/2026\/04\/das-gorgier-music-festival-feiert-premiere#article","isPartOf":{"@id":"https:\/\/www.musikzeitung.ch\/service\/2026\/04\/das-gorgier-music-festival-feiert-premiere"},"author":{"name":"Katrin Spelinova","@id":"https:\/\/www.musikzeitung.ch\/#\/schema\/person\/dce7e5b820812d9af4db2f787d1bec92"},"headline":"Das Gorgier Music Festival feiert Premiere","datePublished":"2026-04-28T06:00:01+00:00","dateModified":"2026-04-28T07:15:53+00:00","mainEntityOfPage":{"@id":"https:\/\/www.musikzeitung.ch\/service\/2026\/04\/das-gorgier-music-festival-feiert-premiere"},"wordCount":210,"publisher":{"@id":"https:\/\/www.musikzeitung.ch\/#organization"},"image":{"@id":"https:\/\/www.musikzeitung.ch\/service\/2026\/04\/das-gorgier-music-festival-feiert-premiere#primaryimage"},"thumbnailUrl":"https:\/\/www.musikzeitung.ch\/wp-content\/uploads\/2026\/04\/03_Echo_News_Gorgier_6.jpg","keywords":["Kammermusikfestival"],"articleSection":["Festival","Service"],"inLanguage":"en-US"},{"@type":"WebPage","@id":"https:\/\/www.musikzeitung.ch\/service\/2026\/04\/das-gorgier-music-festival-feiert-premiere","url":"https:\/\/www.musikzeitung.ch\/service\/2026\/04\/das-gorgier-music-festival-feiert-premiere","name":"The Gorgier Music Festival celebrates its premiere - Schweizer Musikzeitung","isPartOf":{"@id":"https:\/\/www.musikzeitung.ch\/#website"},"primaryImageOfPage":{"@id":"https:\/\/www.musikzeitung.ch\/service\/2026\/04\/das-gorgier-music-festival-feiert-premiere#primaryimage"},"image":{"@id":"https:\/\/www.musikzeitung.ch\/service\/2026\/04\/das-gorgier-music-festival-feiert-premiere#primaryimage"},"thumbnailUrl":"https:\/\/www.musikzeitung.ch\/wp-content\/uploads\/2026\/04\/03_Echo_News_Gorgier_6.jpg","datePublished":"2026-04-28T06:00:01+00:00","dateModified":"2026-04-28T07:15:53+00:00","breadcrumb":{"@id":"https:\/\/www.musikzeitung.ch\/service\/2026\/04\/das-gorgier-music-festival-feiert-premiere#breadcrumb"},"inLanguage":"en-US","potentialAction":[{"@type":"ReadAction","target":["https:\/\/www.musikzeitung.ch\/service\/2026\/04\/das-gorgier-music-festival-feiert-premiere"]}]},{"@type":"ImageObject","inLanguage":"en-US","@id":"https:\/\/www.musikzeitung.ch\/service\/2026\/04\/das-gorgier-music-festival-feiert-premiere#primaryimage","url":"https:\/\/www.musikzeitung.ch\/wp-content\/uploads\/2026\/04\/03_Echo_News_Gorgier_6.jpg","contentUrl":"https:\/\/www.musikzeitung.ch\/wp-content\/uploads\/2026\/04\/03_Echo_News_Gorgier_6.jpg","width":1333,"height":1000,"caption":"Ch\u00e2teau de Gorgier. Foto: zVg"},{"@type":"BreadcrumbList","@id":"https:\/\/www.musikzeitung.ch\/service\/2026\/04\/das-gorgier-music-festival-feiert-premiere#breadcrumb","itemListElement":[{"@type":"ListItem","position":1,"name":"Home","item":"https:\/\/www.musikzeitung.ch\/"},{"@type":"ListItem","position":2,"name":"Das Gorgier Music Festival feiert Premiere"}]},{"@type":"WebSite","@id":"https:\/\/www.musikzeitung.ch\/#website","url":"https:\/\/www.musikzeitung.ch\/","name":"Swiss Music Newspaper","description":"The leading interdisciplinary monthly newspaper in Switzerland for musical issues.","publisher":{"@id":"https:\/\/www.musikzeitung.ch\/#organization"},"potentialAction":[{"@type":"SearchAction","target":{"@type":"EntryPoint","urlTemplate":"https:\/\/www.musikzeitung.ch\/?s={search_term_string}"},"query-input":{"@type":"PropertyValueSpecification","valueRequired":true,"valueName":"search_term_string"}}],"inLanguage":"en-US"},{"@type":"Organization","@id":"https:\/\/www.musikzeitung.ch\/#organization","name":"Swiss Music Newspaper","url":"https:\/\/www.musikzeitung.ch\/","logo":{"@type":"ImageObject","inLanguage":"en-US","@id":"https:\/\/www.musikzeitung.ch\/#\/schema\/logo\/image\/","url":"https:\/\/www.musikzeitung.ch\/wp-content\/uploads\/2023\/01\/SMZ_Schriftzug_Sprache.png","contentUrl":"https:\/\/www.musikzeitung.ch\/wp-content\/uploads\/2023\/01\/SMZ_Schriftzug_Sprache.png","width":1400,"height":279,"caption":"Schweizer Musikzeitung"},"image":{"@id":"https:\/\/www.musikzeitung.ch\/#\/schema\/logo\/image\/"},"sameAs":["https:\/\/www.facebook.com\/SchweizerMusikzeitung\/","https:\/\/x.com\/smusikzeitung","https:\/\/www.instagram.com\/musikzeitung.ch\/"]},{"@type":"Person","@id":"https:\/\/www.musikzeitung.ch\/#\/schema\/person\/dce7e5b820812d9af4db2f787d1bec92","name":"Katrin Spelinova","image":{"@type":"ImageObject","inLanguage":"en-US","@id":"https:\/\/secure.gravatar.com\/avatar\/2a2c2956e074ebca9bf65620496cd2e317d90b8c76450e9dd04d7cebf95eeada?s=96&d=mm&r=g","url":"https:\/\/secure.gravatar.com\/avatar\/2a2c2956e074ebca9bf65620496cd2e317d90b8c76450e9dd04d7cebf95eeada?s=96&d=mm&r=g","contentUrl":"https:\/\/secure.gravatar.com\/avatar\/2a2c2956e074ebca9bf65620496cd2e317d90b8c76450e9dd04d7cebf95eeada?s=96&d=mm&r=g","caption":"Katrin Spelinova"},"sameAs":["https:\/\/x.com\/testredaktor"],"url":"https:\/\/www.musikzeitung.ch\/en\/author\/spelkat"}]}},"publishpress_future_workflow_manual_trigger":{"enabledWorkflows":[]},"_links":{"self":[{"href":"https:\/\/www.musikzeitung.ch\/en\/wp-json\/wp\/v2\/posts\/72891","targetHints":{"allow":["GET"]}}],"collection":[{"href":"https:\/\/www.musikzeitung.ch\/en\/wp-json\/wp\/v2\/posts"}],"about":[{"href":"https:\/\/www.musikzeitung.ch\/en\/wp-json\/wp\/v2\/types\/post"}],"author":[{"embeddable":true,"href":"https:\/\/www.musikzeitung.ch\/en\/wp-json\/wp\/v2\/users\/23"}],"replies":[{"embeddable":true,"href":"https:\/\/www.musikzeitung.ch\/en\/wp-json\/wp\/v2\/comments?post=72891"}],"version-history":[{"count":1,"href":"https:\/\/www.musikzeitung.ch\/en\/wp-json\/wp\/v2\/posts\/72891\/revisions"}],"predecessor-version":[{"id":72898,"href":"https:\/\/www.musikzeitung.ch\/en\/wp-json\/wp\/v2\/posts\/72891\/revisions\/72898"}],"wp:featuredmedia":[{"embeddable":true,"href":"https:\/\/www.musikzeitung.ch\/en\/wp-json\/wp\/v2\/media\/72895"}],"wp:attachment":[{"href":"https:\/\/www.musikzeitung.ch\/en\/wp-json\/wp\/v2\/media?parent=72891"}],"wp:term":[{"taxonomy":"category","embeddable":true,"href":"https:\/\/www.musikzeitung.ch\/en\/wp-json\/wp\/v2\/categories?post=72891"},{"taxonomy":"post_tag","embeddable":true,"href":"https:\/\/www.musikzeitung.ch\/en\/wp-json\/wp\/v2\/tags?post=72891"}],"curies":[{"name":"wp","href":"https:\/\/api.w.org\/{rel}","templated":true}]}}