{"id":72912,"date":"2026-04-29T09:13:24","date_gmt":"2026-04-29T07:13:24","guid":{"rendered":"https:\/\/www.musikzeitung.ch\/?p=72912"},"modified":"2026-04-30T10:33:11","modified_gmt":"2026-04-30T08:33:11","slug":"ein-neuer-konzertsaal-fuer-altdorf","status":"publish","type":"post","link":"https:\/\/www.musikzeitung.ch\/en\/berichte\/2026\/04\/ein-neuer-konzertsaal-fuer-altdorf","title":{"rendered":"A new concert hall for Altdorf"},"content":{"rendered":"<figure id=\"attachment_72916\" aria-describedby=\"caption-attachment-72916\" style=\"width: 1400px\" class=\"wp-caption aligncenter\"><img loading=\"lazy\" decoding=\"async\" class=\"size-full wp-image-72916\" src=\"https:\/\/www.musikzeitung.ch\/wp-content\/uploads\/2026\/04\/03_Echo_Altdorf_3_Web.jpg\" alt=\"\" width=\"1400\" height=\"934\" srcset=\"https:\/\/www.musikzeitung.ch\/wp-content\/uploads\/2026\/04\/03_Echo_Altdorf_3_Web.jpg 1400w, https:\/\/www.musikzeitung.ch\/wp-content\/uploads\/2026\/04\/03_Echo_Altdorf_3_Web-300x200.jpg 300w, https:\/\/www.musikzeitung.ch\/wp-content\/uploads\/2026\/04\/03_Echo_Altdorf_3_Web-1024x683.jpg 1024w, https:\/\/www.musikzeitung.ch\/wp-content\/uploads\/2026\/04\/03_Echo_Altdorf_3_Web-600x400.jpg 600w, https:\/\/www.musikzeitung.ch\/wp-content\/uploads\/2026\/04\/03_Echo_Altdorf_3_Web-768x512.jpg 768w, https:\/\/www.musikzeitung.ch\/wp-content\/uploads\/2026\/04\/03_Echo_Altdorf_3_Web-1536x1024.jpg 1536w, https:\/\/www.musikzeitung.ch\/wp-content\/uploads\/2026\/04\/03_Echo_Altdorf_3_Web-2048x1366.jpg 2048w, https:\/\/www.musikzeitung.ch\/wp-content\/uploads\/2026\/04\/03_Echo_Altdorf_3_Web-18x12.jpg 18w, https:\/\/www.musikzeitung.ch\/wp-content\/uploads\/2026\/04\/03_Echo_Altdorf_3_Web-262x175.jpg 262w, https:\/\/www.musikzeitung.ch\/wp-content\/uploads\/2026\/04\/03_Echo_Altdorf_3_Web-525x350.jpg 525w, https:\/\/www.musikzeitung.ch\/wp-content\/uploads\/2026\/04\/03_Echo_Altdorf_3_Web-1199x800.jpg 1199w, https:\/\/www.musikzeitung.ch\/wp-content\/uploads\/2026\/04\/03_Echo_Altdorf_3_Web-920x614.jpg 920w\" sizes=\"auto, (max-width: 1400px) 100vw, 1400px\" \/><figcaption id=\"caption-attachment-72916\" class=\"wp-caption-text\">Shigeru Ban (left) and Andreas Haefliger in front of the old arsenal in Altdorf. Photo: <a href=\"https:\/\/www.puentener.ch\/\" target=\"_blank\" rel=\"noopener\">Marc P\u00fcntener<\/a><\/figcaption><\/figure>\n<p>The Alpine arc is rich in concert venues, from Zermatt, Sion, Ernen, Verbier and Gstaad to Meiringen, Sarnen, Andermatt, Klosters and Davos, to name but a few. And with a view of the lake and mountains, the classic Olympics in Lucerne. Altdorf is soon to be added to the list.<\/p>\n<p>The capital of the canton of Uri with 10,500 inhabitants, which most people only know from driving past in the south, may be associated with William Tell, but not necessarily with classical music. That is about to change, says Andreas Haefliger. The internationally successful pianist returned to Switzerland from the USA a few years ago and now lives with his wife, the American flautist Marina Piccinini, high above Altdorf at seventeen hundred meters with a magnificent panoramic view of the Uri Alps. The charismatic artist has fallen in love with Altdorf, where he wants to build a concert hall for chamber music and is convinced that the hall will not only be a cultural enrichment for Altdorf, but will also attract attention beyond Switzerland with the internationally renowned artists who will perform here. Economic benefits from cultural tourism would be guaranteed.<\/p>\n<h3>A gift with a concept<\/h3>\n<p>Haefliger's concert hall idea is already on its way to realization. The plans he is putting on the table for the community are fully developed in terms of architecture, administrative structure and finances. In a way, they form a gift package with a gold ribbon that a generous artist wants to present to the community. The project is to be financed exclusively by private individuals - a stroke of luck for Altdorf. And a pointer towards Europe, where the subsidized cultural sector is dangerously faltering due to the low tide in public coffers.<\/p>\n<p>Haefliger has planned his project with strategic foresight. He wants to reduce his concert activities over the next few years in order to be able to devote himself fully to his passion project as a lobbyist on his own behalf. A foundation with personalities from Altdorf already exists as the operating company for the Saalbau, and a project group consisting essentially of the Haefliger couple and the cultural manager Pius Kn\u00fcsel will oversee the construction. He has quickly built up a circle of local acquaintances, ranging from bakers to councillors, and he and his wife are already well established here as musicians. Their Magic Sound Festival, he says, attracts local audiences and visitors from all over Switzerland. He does not regard the concert hall in Andermatt, located behind the Sch\u00f6llenen Gorge, as competition, nor the new hall in nearby Vitznau. The event models are totally different.<\/p>\n<h3>Wooden construction by Shigeru Ban<\/h3>\n<p>The conversion plans situate the hall in the listed arsenal from the early 19th century in the center of Altdorf. Its fa\u00e7ade will remain untouched, but the interior will be redesigned to make way for a wooden structure resting on four pillars and offering space for 250 people. The innovative design was created by <a href=\"https:\/\/shigerubanarchitects.com\/works\/cultural\/altdorf-concert-hall\/\" target=\"_blank\" rel=\"noopener\">Japanese architect Shigeru Ban<\/a>, an international luminary known for his timber buildings. In Switzerland, he has already designed the headquarters of the Swatch Group in Biel and the Tamedia media building in Zurich, among others.<\/p>\n<figure id=\"attachment_72914\" aria-describedby=\"caption-attachment-72914\" style=\"width: 934px\" class=\"wp-caption aligncenter\"><img loading=\"lazy\" decoding=\"async\" class=\"size-full wp-image-72914\" src=\"https:\/\/www.musikzeitung.ch\/wp-content\/uploads\/2026\/04\/03_Echo_Altdorf_1.jpg\" alt=\"\" width=\"934\" height=\"538\" srcset=\"https:\/\/www.musikzeitung.ch\/wp-content\/uploads\/2026\/04\/03_Echo_Altdorf_1.jpg 934w, https:\/\/www.musikzeitung.ch\/wp-content\/uploads\/2026\/04\/03_Echo_Altdorf_1-300x173.jpg 300w, https:\/\/www.musikzeitung.ch\/wp-content\/uploads\/2026\/04\/03_Echo_Altdorf_1-768x442.jpg 768w, https:\/\/www.musikzeitung.ch\/wp-content\/uploads\/2026\/04\/03_Echo_Altdorf_1-18x10.jpg 18w, https:\/\/www.musikzeitung.ch\/wp-content\/uploads\/2026\/04\/03_Echo_Altdorf_1-304x175.jpg 304w, https:\/\/www.musikzeitung.ch\/wp-content\/uploads\/2026\/04\/03_Echo_Altdorf_1-608x350.jpg 608w, https:\/\/www.musikzeitung.ch\/wp-content\/uploads\/2026\/04\/03_Echo_Altdorf_1-920x530.jpg 920w\" sizes=\"auto, (max-width: 934px) 100vw, 934px\" \/><figcaption id=\"caption-attachment-72914\" class=\"wp-caption-text\">This is how the new concert hall in the old Zeughaus Altdorf is planned. Visualization: <a href=\"https:\/\/shigerubanarchitects.com\/\" target=\"_blank\" rel=\"noopener\">Shigeru Ban Architects<\/a><\/figcaption><\/figure>\n<p>The schedule is tight and precisely timed, and fundraising is already in full swing. The building permit is due to be granted in 2027, construction will begin in 2028 and the building is scheduled to open in 2030. The costs of around 45 million francs are to be covered by donations from patrons and foundations. A bold bet, but Haefliger is certain that it will work, pointing to his extensive personal contacts. The not inconsiderable costs for ongoing operations have already been secured by a firm commitment. The municipality and the canton, which currently owns the arsenal, would therefore also be exempt from the follow-up costs.<\/p>\n<h3>A place for everyone<\/h3>\n<p>The armory is currently used by the cantonal administration for offices and by the association <a href=\"https:\/\/hausdervolksmusik.ch\/\" target=\"_blank\" rel=\"noopener\">House of folk music<\/a> which also has some offices and an archive here and organizes events on the first floor. If no adequate replacement is found, the project could face opposition from this side. Folk music against classical music would be a fatal constellation. Haefliger is therefore seeking an exchange with the locals and emphasizes: \"The hall should by no means be a foreign body in the village center, where only high culture is celebrated for a clientele that has traveled here. It should be integrated into local cultural life and also be open to event organizers from other musical genres. The foyer on the first floor is planned as a local meeting place where people can also meet for a coffee or a beer during the day.<\/p>\n<p>The idea of using music to initiate a cultural development process in the region coincides with the models of sustainable tourism practiced today. At the same time, the project generates considerable artistic added value. If all goes well, concerts of exceptional quality will be heard in Altdorf from 2030, sound recordings will be made here thanks to the excellent acoustics, educational programmes will be held for Altdorf schoolchildren and Marina Piccinini, who teaches flute at Johns Hopkins University in Baltimore, will organize international masterclasses here. She has also arranged for her university to send students to Altdorf as early as 2027 as part of a certified exchange program. And finally, what cannot be overestimated: in view of the bleak economic and political prospects for the future, this project is a strong, courageous signal for the preservation of our musical culture.<img loading=\"lazy\" decoding=\"async\" class=\"wp-image-72917 size-full\" src=\"https:\/\/www.musikzeitung.ch\/wp-content\/uploads\/2026\/04\/03_Echo_Altdorf_4.jpg\" alt=\"Visualisierung: Shigeru Ban Architects\" width=\"800\" height=\"1000\" srcset=\"https:\/\/www.musikzeitung.ch\/wp-content\/uploads\/2026\/04\/03_Echo_Altdorf_4.jpg 800w, https:\/\/www.musikzeitung.ch\/wp-content\/uploads\/2026\/04\/03_Echo_Altdorf_4-240x300.jpg 240w, https:\/\/www.musikzeitung.ch\/wp-content\/uploads\/2026\/04\/03_Echo_Altdorf_4-819x1024.jpg 819w, https:\/\/www.musikzeitung.ch\/wp-content\/uploads\/2026\/04\/03_Echo_Altdorf_4-768x960.jpg 768w, https:\/\/www.musikzeitung.ch\/wp-content\/uploads\/2026\/04\/03_Echo_Altdorf_4-10x12.jpg 10w, https:\/\/www.musikzeitung.ch\/wp-content\/uploads\/2026\/04\/03_Echo_Altdorf_4-140x175.jpg 140w, https:\/\/www.musikzeitung.ch\/wp-content\/uploads\/2026\/04\/03_Echo_Altdorf_4-280x350.jpg 280w, https:\/\/www.musikzeitung.ch\/wp-content\/uploads\/2026\/04\/03_Echo_Altdorf_4-640x800.jpg 640w, https:\/\/www.musikzeitung.ch\/wp-content\/uploads\/2026\/04\/03_Echo_Altdorf_4-920x1150.jpg 920w, https:\/\/www.musikzeitung.ch\/wp-content\/uploads\/2026\/04\/03_Echo_Altdorf_4-300x375.jpg 300w\" sizes=\"auto, (max-width: 800px) 100vw, 800px\" \/><\/p>\n<p>Visualization: <a href=\"https:\/\/shigerubanarchitects.com\/\" target=\"_blank\" rel=\"noopener\">Shigeru Ban Architects<\/a><\/p>","protected":false},"excerpt":{"rendered":"<p>Since the winters have become warmer and the ski slopes shorter, the mountain regions have discovered summer tourism and with it, culture. Andreas Haefliger wants to convert the old arsenal in the cantonal capital of Uri for this purpose. <\/p>","protected":false},"author":23,"featured_media":72915,"comment_status":"closed","ping_status":"closed","sticky":true,"template":"","format":"standard","meta":{"_acf_changed":false,"_relevanssi_hide_post":"","_relevanssi_hide_content":"","_relevanssi_pin_for_all":"","_relevanssi_pin_keywords":"","_relevanssi_unpin_keywords":"","_relevanssi_related_keywords":"","_relevanssi_related_include_ids":"","_relevanssi_related_exclude_ids":"","_relevanssi_related_no_append":"","_relevanssi_related_not_related":"","_relevanssi_related_posts":"","_relevanssi_noindex_reason":"","pgc_sgb_lightbox_settings":"","footnotes":""},"categories":[28,1081,1624,3008],"tags":[5621,1924,4175,5553,2609],"class_list":["post-72912","post","type-post","status-publish","format-standard","has-post-thumbnail","hentry","category-berichte","category-kantone-und-gemeinden","category-personen","category-treffpunkte-berichte","tag-andreas-haefliger","tag-kammermusik","tag-kanton-uri","tag-konzertsaaldesign","tag-musikfestival"],"acf":[],"yoast_head":"<!-- This site is optimized with the Yoast SEO plugin v27.5 - https:\/\/yoast.com\/product\/yoast-seo-wordpress\/ -->\n<title>Ein neuer Konzertsaal f\u00fcr Altdorf - Schweizer Musikzeitung<\/title>\n<meta name=\"description\" content=\"Bergregionen haben den touristischen Sommer entdeckt und mit ihm die Kultur. Andreas Haefliger will das alte Zeughaus im Urner Kantonshauptort umbauen.\" \/>\n<meta name=\"robots\" content=\"index, follow, max-snippet:-1, max-image-preview:large, max-video-preview:-1\" \/>\n<link rel=\"canonical\" href=\"https:\/\/www.musikzeitung.ch\/en\/berichte\/2026\/04\/ein-neuer-konzertsaal-fuer-altdorf\/\" \/>\n<meta property=\"og:locale\" content=\"en_US\" \/>\n<meta property=\"og:type\" content=\"article\" \/>\n<meta property=\"og:title\" content=\"Ein neuer Konzertsaal f\u00fcr Altdorf - Schweizer Musikzeitung\" \/>\n<meta property=\"og:description\" content=\"Bergregionen haben den touristischen Sommer entdeckt und mit ihm die Kultur. Andreas Haefliger will das alte Zeughaus im Urner Kantonshauptort umbauen.\" \/>\n<meta property=\"og:url\" content=\"https:\/\/www.musikzeitung.ch\/en\/berichte\/2026\/04\/ein-neuer-konzertsaal-fuer-altdorf\/\" \/>\n<meta property=\"og:site_name\" content=\"Schweizer Musikzeitung\" \/>\n<meta property=\"article:publisher\" content=\"https:\/\/www.facebook.com\/SchweizerMusikzeitung\/\" \/>\n<meta property=\"article:published_time\" content=\"2026-04-29T07:13:24+00:00\" \/>\n<meta property=\"article:modified_time\" content=\"2026-04-30T08:33:11+00:00\" \/>\n<meta property=\"og:image\" content=\"https:\/\/www.musikzeitung.ch\/wp-content\/uploads\/2026\/04\/03_Echo_Altdorf_2_Web.jpg\" \/>\n\t<meta property=\"og:image:width\" content=\"1400\" \/>\n\t<meta property=\"og:image:height\" content=\"934\" \/>\n\t<meta property=\"og:image:type\" content=\"image\/jpeg\" \/>\n<meta name=\"author\" content=\"Katrin Spelinova\" \/>\n<meta name=\"twitter:card\" content=\"summary_large_image\" \/>\n<meta name=\"twitter:creator\" content=\"@testredaktor\" \/>\n<meta name=\"twitter:site\" content=\"@smusikzeitung\" \/>\n<meta name=\"twitter:label1\" content=\"Written by\" \/>\n\t<meta name=\"twitter:data1\" content=\"Katrin Spelinova\" \/>\n\t<meta name=\"twitter:label2\" content=\"Est. reading time\" \/>\n\t<meta name=\"twitter:data2\" content=\"6 minutes\" \/>\n<script type=\"application\/ld+json\" class=\"yoast-schema-graph\">{\"@context\":\"https:\\\/\\\/schema.org\",\"@graph\":[{\"@type\":\"Article\",\"@id\":\"https:\\\/\\\/www.musikzeitung.ch\\\/berichte\\\/2026\\\/04\\\/ein-neuer-konzertsaal-fuer-altdorf#article\",\"isPartOf\":{\"@id\":\"https:\\\/\\\/www.musikzeitung.ch\\\/berichte\\\/2026\\\/04\\\/ein-neuer-konzertsaal-fuer-altdorf\"},\"author\":{\"name\":\"Katrin Spelinova\",\"@id\":\"https:\\\/\\\/www.musikzeitung.ch\\\/#\\\/schema\\\/person\\\/dce7e5b820812d9af4db2f787d1bec92\"},\"headline\":\"Ein neuer Konzertsaal f\u00fcr Altdorf\",\"datePublished\":\"2026-04-29T07:13:24+00:00\",\"dateModified\":\"2026-04-30T08:33:11+00:00\",\"mainEntityOfPage\":{\"@id\":\"https:\\\/\\\/www.musikzeitung.ch\\\/berichte\\\/2026\\\/04\\\/ein-neuer-konzertsaal-fuer-altdorf\"},\"wordCount\":933,\"publisher\":{\"@id\":\"https:\\\/\\\/www.musikzeitung.ch\\\/#organization\"},\"image\":{\"@id\":\"https:\\\/\\\/www.musikzeitung.ch\\\/berichte\\\/2026\\\/04\\\/ein-neuer-konzertsaal-fuer-altdorf#primaryimage\"},\"thumbnailUrl\":\"https:\\\/\\\/www.musikzeitung.ch\\\/wp-content\\\/uploads\\\/2026\\\/04\\\/03_Echo_Altdorf_2_Web.jpg\",\"keywords\":[\"Andreas Haefliger\",\"Kammermusik\",\"Kanton Uri\",\"Konzertsaaldesign\",\"Musikfestival\"],\"articleSection\":[\"Berichte\",\"Kantone und Gemeinden\",\"Personen\",\"Treffpunkte\"],\"inLanguage\":\"en-US\"},{\"@type\":\"WebPage\",\"@id\":\"https:\\\/\\\/www.musikzeitung.ch\\\/berichte\\\/2026\\\/04\\\/ein-neuer-konzertsaal-fuer-altdorf\",\"url\":\"https:\\\/\\\/www.musikzeitung.ch\\\/berichte\\\/2026\\\/04\\\/ein-neuer-konzertsaal-fuer-altdorf\",\"name\":\"Ein neuer Konzertsaal f\u00fcr Altdorf - Schweizer Musikzeitung\",\"isPartOf\":{\"@id\":\"https:\\\/\\\/www.musikzeitung.ch\\\/#website\"},\"primaryImageOfPage\":{\"@id\":\"https:\\\/\\\/www.musikzeitung.ch\\\/berichte\\\/2026\\\/04\\\/ein-neuer-konzertsaal-fuer-altdorf#primaryimage\"},\"image\":{\"@id\":\"https:\\\/\\\/www.musikzeitung.ch\\\/berichte\\\/2026\\\/04\\\/ein-neuer-konzertsaal-fuer-altdorf#primaryimage\"},\"thumbnailUrl\":\"https:\\\/\\\/www.musikzeitung.ch\\\/wp-content\\\/uploads\\\/2026\\\/04\\\/03_Echo_Altdorf_2_Web.jpg\",\"datePublished\":\"2026-04-29T07:13:24+00:00\",\"dateModified\":\"2026-04-30T08:33:11+00:00\",\"description\":\"Bergregionen haben den touristischen Sommer entdeckt und mit ihm die Kultur. Andreas Haefliger will das alte Zeughaus im Urner Kantonshauptort umbauen.\",\"breadcrumb\":{\"@id\":\"https:\\\/\\\/www.musikzeitung.ch\\\/berichte\\\/2026\\\/04\\\/ein-neuer-konzertsaal-fuer-altdorf#breadcrumb\"},\"inLanguage\":\"en-US\",\"potentialAction\":[{\"@type\":\"ReadAction\",\"target\":[\"https:\\\/\\\/www.musikzeitung.ch\\\/berichte\\\/2026\\\/04\\\/ein-neuer-konzertsaal-fuer-altdorf\"]}]},{\"@type\":\"ImageObject\",\"inLanguage\":\"en-US\",\"@id\":\"https:\\\/\\\/www.musikzeitung.ch\\\/berichte\\\/2026\\\/04\\\/ein-neuer-konzertsaal-fuer-altdorf#primaryimage\",\"url\":\"https:\\\/\\\/www.musikzeitung.ch\\\/wp-content\\\/uploads\\\/2026\\\/04\\\/03_Echo_Altdorf_2_Web.jpg\",\"contentUrl\":\"https:\\\/\\\/www.musikzeitung.ch\\\/wp-content\\\/uploads\\\/2026\\\/04\\\/03_Echo_Altdorf_2_Web.jpg\",\"width\":1400,\"height\":934},{\"@type\":\"BreadcrumbList\",\"@id\":\"https:\\\/\\\/www.musikzeitung.ch\\\/berichte\\\/2026\\\/04\\\/ein-neuer-konzertsaal-fuer-altdorf#breadcrumb\",\"itemListElement\":[{\"@type\":\"ListItem\",\"position\":1,\"name\":\"Home\",\"item\":\"https:\\\/\\\/www.musikzeitung.ch\\\/\"},{\"@type\":\"ListItem\",\"position\":2,\"name\":\"Ein neuer Konzertsaal f\u00fcr Altdorf\"}]},{\"@type\":\"WebSite\",\"@id\":\"https:\\\/\\\/www.musikzeitung.ch\\\/#website\",\"url\":\"https:\\\/\\\/www.musikzeitung.ch\\\/\",\"name\":\"Schweizer Musikzeitung\",\"description\":\"Die f\u00fchrende sparten\u00fcbergreifende Monatszeitung in der Schweiz f\u00fcr musikalische Fragen.\",\"publisher\":{\"@id\":\"https:\\\/\\\/www.musikzeitung.ch\\\/#organization\"},\"potentialAction\":[{\"@type\":\"SearchAction\",\"target\":{\"@type\":\"EntryPoint\",\"urlTemplate\":\"https:\\\/\\\/www.musikzeitung.ch\\\/?s={search_term_string}\"},\"query-input\":{\"@type\":\"PropertyValueSpecification\",\"valueRequired\":true,\"valueName\":\"search_term_string\"}}],\"inLanguage\":\"en-US\"},{\"@type\":\"Organization\",\"@id\":\"https:\\\/\\\/www.musikzeitung.ch\\\/#organization\",\"name\":\"Schweizer Musikzeitung\",\"url\":\"https:\\\/\\\/www.musikzeitung.ch\\\/\",\"logo\":{\"@type\":\"ImageObject\",\"inLanguage\":\"en-US\",\"@id\":\"https:\\\/\\\/www.musikzeitung.ch\\\/#\\\/schema\\\/logo\\\/image\\\/\",\"url\":\"https:\\\/\\\/www.musikzeitung.ch\\\/wp-content\\\/uploads\\\/2023\\\/01\\\/SMZ_Schriftzug_Sprache.png\",\"contentUrl\":\"https:\\\/\\\/www.musikzeitung.ch\\\/wp-content\\\/uploads\\\/2023\\\/01\\\/SMZ_Schriftzug_Sprache.png\",\"width\":1400,\"height\":279,\"caption\":\"Schweizer Musikzeitung\"},\"image\":{\"@id\":\"https:\\\/\\\/www.musikzeitung.ch\\\/#\\\/schema\\\/logo\\\/image\\\/\"},\"sameAs\":[\"https:\\\/\\\/www.facebook.com\\\/SchweizerMusikzeitung\\\/\",\"https:\\\/\\\/x.com\\\/smusikzeitung\",\"https:\\\/\\\/www.instagram.com\\\/musikzeitung.ch\\\/\"]},{\"@type\":\"Person\",\"@id\":\"https:\\\/\\\/www.musikzeitung.ch\\\/#\\\/schema\\\/person\\\/dce7e5b820812d9af4db2f787d1bec92\",\"name\":\"Katrin Spelinova\",\"image\":{\"@type\":\"ImageObject\",\"inLanguage\":\"en-US\",\"@id\":\"https:\\\/\\\/secure.gravatar.com\\\/avatar\\\/2a2c2956e074ebca9bf65620496cd2e317d90b8c76450e9dd04d7cebf95eeada?s=96&d=mm&r=g\",\"url\":\"https:\\\/\\\/secure.gravatar.com\\\/avatar\\\/2a2c2956e074ebca9bf65620496cd2e317d90b8c76450e9dd04d7cebf95eeada?s=96&d=mm&r=g\",\"contentUrl\":\"https:\\\/\\\/secure.gravatar.com\\\/avatar\\\/2a2c2956e074ebca9bf65620496cd2e317d90b8c76450e9dd04d7cebf95eeada?s=96&d=mm&r=g\",\"caption\":\"Katrin Spelinova\"},\"sameAs\":[\"https:\\\/\\\/x.com\\\/testredaktor\"],\"url\":\"https:\\\/\\\/www.musikzeitung.ch\\\/en\\\/author\\\/spelkat\"}]}<\/script>\n<!-- \/ Yoast SEO plugin. -->","yoast_head_json":{"title":"A new concert hall for Altdorf - Schweizer Musikzeitung","description":"Mountain regions have discovered the tourist summer and with it culture. Andreas Haefliger wants to convert the old arsenal in the cantonal capital of Uri.","robots":{"index":"index","follow":"follow","max-snippet":"max-snippet:-1","max-image-preview":"max-image-preview:large","max-video-preview":"max-video-preview:-1"},"canonical":"https:\/\/www.musikzeitung.ch\/en\/berichte\/2026\/04\/ein-neuer-konzertsaal-fuer-altdorf\/","og_locale":"en_US","og_type":"article","og_title":"Ein neuer Konzertsaal f\u00fcr Altdorf - Schweizer Musikzeitung","og_description":"Bergregionen haben den touristischen Sommer entdeckt und mit ihm die Kultur. Andreas Haefliger will das alte Zeughaus im Urner Kantonshauptort umbauen.","og_url":"https:\/\/www.musikzeitung.ch\/en\/berichte\/2026\/04\/ein-neuer-konzertsaal-fuer-altdorf\/","og_site_name":"Schweizer Musikzeitung","article_publisher":"https:\/\/www.facebook.com\/SchweizerMusikzeitung\/","article_published_time":"2026-04-29T07:13:24+00:00","article_modified_time":"2026-04-30T08:33:11+00:00","og_image":[{"width":1400,"height":934,"url":"https:\/\/www.musikzeitung.ch\/wp-content\/uploads\/2026\/04\/03_Echo_Altdorf_2_Web.jpg","type":"image\/jpeg"}],"author":"Katrin Spelinova","twitter_card":"summary_large_image","twitter_creator":"@testredaktor","twitter_site":"@smusikzeitung","twitter_misc":{"Written by":"Katrin Spelinova","Est. reading time":"6 minutes"},"schema":{"@context":"https:\/\/schema.org","@graph":[{"@type":"Article","@id":"https:\/\/www.musikzeitung.ch\/berichte\/2026\/04\/ein-neuer-konzertsaal-fuer-altdorf#article","isPartOf":{"@id":"https:\/\/www.musikzeitung.ch\/berichte\/2026\/04\/ein-neuer-konzertsaal-fuer-altdorf"},"author":{"name":"Katrin Spelinova","@id":"https:\/\/www.musikzeitung.ch\/#\/schema\/person\/dce7e5b820812d9af4db2f787d1bec92"},"headline":"Ein neuer Konzertsaal f\u00fcr Altdorf","datePublished":"2026-04-29T07:13:24+00:00","dateModified":"2026-04-30T08:33:11+00:00","mainEntityOfPage":{"@id":"https:\/\/www.musikzeitung.ch\/berichte\/2026\/04\/ein-neuer-konzertsaal-fuer-altdorf"},"wordCount":933,"publisher":{"@id":"https:\/\/www.musikzeitung.ch\/#organization"},"image":{"@id":"https:\/\/www.musikzeitung.ch\/berichte\/2026\/04\/ein-neuer-konzertsaal-fuer-altdorf#primaryimage"},"thumbnailUrl":"https:\/\/www.musikzeitung.ch\/wp-content\/uploads\/2026\/04\/03_Echo_Altdorf_2_Web.jpg","keywords":["Andreas Haefliger","Kammermusik","Kanton Uri","Konzertsaaldesign","Musikfestival"],"articleSection":["Berichte","Kantone und Gemeinden","Personen","Treffpunkte"],"inLanguage":"en-US"},{"@type":"WebPage","@id":"https:\/\/www.musikzeitung.ch\/berichte\/2026\/04\/ein-neuer-konzertsaal-fuer-altdorf","url":"https:\/\/www.musikzeitung.ch\/berichte\/2026\/04\/ein-neuer-konzertsaal-fuer-altdorf","name":"A new concert hall for Altdorf - Schweizer Musikzeitung","isPartOf":{"@id":"https:\/\/www.musikzeitung.ch\/#website"},"primaryImageOfPage":{"@id":"https:\/\/www.musikzeitung.ch\/berichte\/2026\/04\/ein-neuer-konzertsaal-fuer-altdorf#primaryimage"},"image":{"@id":"https:\/\/www.musikzeitung.ch\/berichte\/2026\/04\/ein-neuer-konzertsaal-fuer-altdorf#primaryimage"},"thumbnailUrl":"https:\/\/www.musikzeitung.ch\/wp-content\/uploads\/2026\/04\/03_Echo_Altdorf_2_Web.jpg","datePublished":"2026-04-29T07:13:24+00:00","dateModified":"2026-04-30T08:33:11+00:00","description":"Mountain regions have discovered the tourist summer and with it culture. Andreas Haefliger wants to convert the old arsenal in the cantonal capital of Uri.","breadcrumb":{"@id":"https:\/\/www.musikzeitung.ch\/berichte\/2026\/04\/ein-neuer-konzertsaal-fuer-altdorf#breadcrumb"},"inLanguage":"en-US","potentialAction":[{"@type":"ReadAction","target":["https:\/\/www.musikzeitung.ch\/berichte\/2026\/04\/ein-neuer-konzertsaal-fuer-altdorf"]}]},{"@type":"ImageObject","inLanguage":"en-US","@id":"https:\/\/www.musikzeitung.ch\/berichte\/2026\/04\/ein-neuer-konzertsaal-fuer-altdorf#primaryimage","url":"https:\/\/www.musikzeitung.ch\/wp-content\/uploads\/2026\/04\/03_Echo_Altdorf_2_Web.jpg","contentUrl":"https:\/\/www.musikzeitung.ch\/wp-content\/uploads\/2026\/04\/03_Echo_Altdorf_2_Web.jpg","width":1400,"height":934},{"@type":"BreadcrumbList","@id":"https:\/\/www.musikzeitung.ch\/berichte\/2026\/04\/ein-neuer-konzertsaal-fuer-altdorf#breadcrumb","itemListElement":[{"@type":"ListItem","position":1,"name":"Home","item":"https:\/\/www.musikzeitung.ch\/"},{"@type":"ListItem","position":2,"name":"Ein neuer Konzertsaal f\u00fcr Altdorf"}]},{"@type":"WebSite","@id":"https:\/\/www.musikzeitung.ch\/#website","url":"https:\/\/www.musikzeitung.ch\/","name":"Swiss Music Newspaper","description":"The leading interdisciplinary monthly newspaper in Switzerland for musical issues.","publisher":{"@id":"https:\/\/www.musikzeitung.ch\/#organization"},"potentialAction":[{"@type":"SearchAction","target":{"@type":"EntryPoint","urlTemplate":"https:\/\/www.musikzeitung.ch\/?s={search_term_string}"},"query-input":{"@type":"PropertyValueSpecification","valueRequired":true,"valueName":"search_term_string"}}],"inLanguage":"en-US"},{"@type":"Organization","@id":"https:\/\/www.musikzeitung.ch\/#organization","name":"Swiss Music Newspaper","url":"https:\/\/www.musikzeitung.ch\/","logo":{"@type":"ImageObject","inLanguage":"en-US","@id":"https:\/\/www.musikzeitung.ch\/#\/schema\/logo\/image\/","url":"https:\/\/www.musikzeitung.ch\/wp-content\/uploads\/2023\/01\/SMZ_Schriftzug_Sprache.png","contentUrl":"https:\/\/www.musikzeitung.ch\/wp-content\/uploads\/2023\/01\/SMZ_Schriftzug_Sprache.png","width":1400,"height":279,"caption":"Schweizer Musikzeitung"},"image":{"@id":"https:\/\/www.musikzeitung.ch\/#\/schema\/logo\/image\/"},"sameAs":["https:\/\/www.facebook.com\/SchweizerMusikzeitung\/","https:\/\/x.com\/smusikzeitung","https:\/\/www.instagram.com\/musikzeitung.ch\/"]},{"@type":"Person","@id":"https:\/\/www.musikzeitung.ch\/#\/schema\/person\/dce7e5b820812d9af4db2f787d1bec92","name":"Katrin Spelinova","image":{"@type":"ImageObject","inLanguage":"en-US","@id":"https:\/\/secure.gravatar.com\/avatar\/2a2c2956e074ebca9bf65620496cd2e317d90b8c76450e9dd04d7cebf95eeada?s=96&d=mm&r=g","url":"https:\/\/secure.gravatar.com\/avatar\/2a2c2956e074ebca9bf65620496cd2e317d90b8c76450e9dd04d7cebf95eeada?s=96&d=mm&r=g","contentUrl":"https:\/\/secure.gravatar.com\/avatar\/2a2c2956e074ebca9bf65620496cd2e317d90b8c76450e9dd04d7cebf95eeada?s=96&d=mm&r=g","caption":"Katrin Spelinova"},"sameAs":["https:\/\/x.com\/testredaktor"],"url":"https:\/\/www.musikzeitung.ch\/en\/author\/spelkat"}]}},"publishpress_future_workflow_manual_trigger":{"enabledWorkflows":[]},"_links":{"self":[{"href":"https:\/\/www.musikzeitung.ch\/en\/wp-json\/wp\/v2\/posts\/72912","targetHints":{"allow":["GET"]}}],"collection":[{"href":"https:\/\/www.musikzeitung.ch\/en\/wp-json\/wp\/v2\/posts"}],"about":[{"href":"https:\/\/www.musikzeitung.ch\/en\/wp-json\/wp\/v2\/types\/post"}],"author":[{"embeddable":true,"href":"https:\/\/www.musikzeitung.ch\/en\/wp-json\/wp\/v2\/users\/23"}],"replies":[{"embeddable":true,"href":"https:\/\/www.musikzeitung.ch\/en\/wp-json\/wp\/v2\/comments?post=72912"}],"version-history":[{"count":6,"href":"https:\/\/www.musikzeitung.ch\/en\/wp-json\/wp\/v2\/posts\/72912\/revisions"}],"predecessor-version":[{"id":72927,"href":"https:\/\/www.musikzeitung.ch\/en\/wp-json\/wp\/v2\/posts\/72912\/revisions\/72927"}],"wp:featuredmedia":[{"embeddable":true,"href":"https:\/\/www.musikzeitung.ch\/en\/wp-json\/wp\/v2\/media\/72915"}],"wp:attachment":[{"href":"https:\/\/www.musikzeitung.ch\/en\/wp-json\/wp\/v2\/media?parent=72912"}],"wp:term":[{"taxonomy":"category","embeddable":true,"href":"https:\/\/www.musikzeitung.ch\/en\/wp-json\/wp\/v2\/categories?post=72912"},{"taxonomy":"post_tag","embeddable":true,"href":"https:\/\/www.musikzeitung.ch\/en\/wp-json\/wp\/v2\/tags?post=72912"}],"curies":[{"name":"wp","href":"https:\/\/api.w.org\/{rel}","templated":true}]}}