{"id":72934,"date":"2026-04-30T06:00:26","date_gmt":"2026-04-30T04:00:26","guid":{"rendered":"https:\/\/www.musikzeitung.ch\/?p=72934"},"modified":"2026-04-30T10:25:14","modified_gmt":"2026-04-30T08:25:14","slug":"akustika-nuernberg-2026-europas-musikmesse-waechst","status":"publish","type":"post","link":"https:\/\/www.musikzeitung.ch\/en\/service\/2026\/04\/akustika-nuernberg-2026-europas-musikmesse-waechst","title":{"rendered":"akustika Nuremberg 2026: Europe's music fair grows"},"content":{"rendered":"<figure id=\"attachment_72935\" aria-describedby=\"caption-attachment-72935\" style=\"width: 2362px\" class=\"wp-caption aligncenter\"><img loading=\"lazy\" decoding=\"async\" class=\"size-full wp-image-72935\" src=\"https:\/\/www.musikzeitung.ch\/wp-content\/uploads\/2026\/04\/03_Echo_news_akustika_3.jpg\" alt=\"\" width=\"2362\" height=\"1420\" srcset=\"https:\/\/www.musikzeitung.ch\/wp-content\/uploads\/2026\/04\/03_Echo_news_akustika_3.jpg 1400w, https:\/\/www.musikzeitung.ch\/wp-content\/uploads\/2026\/04\/03_Echo_news_akustika_3-300x180.jpg 300w, https:\/\/www.musikzeitung.ch\/wp-content\/uploads\/2026\/04\/03_Echo_news_akustika_3-1024x616.jpg 1024w, https:\/\/www.musikzeitung.ch\/wp-content\/uploads\/2026\/04\/03_Echo_news_akustika_3-768x462.jpg 768w, https:\/\/www.musikzeitung.ch\/wp-content\/uploads\/2026\/04\/03_Echo_news_akustika_3-1536x923.jpg 1536w, https:\/\/www.musikzeitung.ch\/wp-content\/uploads\/2026\/04\/03_Echo_news_akustika_3-2048x1231.jpg 2048w, https:\/\/www.musikzeitung.ch\/wp-content\/uploads\/2026\/04\/03_Echo_news_akustika_3-18x12.jpg 18w, https:\/\/www.musikzeitung.ch\/wp-content\/uploads\/2026\/04\/03_Echo_news_akustika_3-291x175.jpg 291w, https:\/\/www.musikzeitung.ch\/wp-content\/uploads\/2026\/04\/03_Echo_news_akustika_3-582x350.jpg 582w, https:\/\/www.musikzeitung.ch\/wp-content\/uploads\/2026\/04\/03_Echo_news_akustika_3-1331x800.jpg 1331w, https:\/\/www.musikzeitung.ch\/wp-content\/uploads\/2026\/04\/03_Echo_news_akustika_3-920x553.jpg 920w\" sizes=\"auto, (max-width: 2362px) 100vw, 2362px\" \/><figcaption id=\"caption-attachment-72935\" class=\"wp-caption-text\">akustika Nuremberg 2026 - all photos: Daniel Karmann<\/figcaption><\/figure>\n<p>Around 11,500 visitors from 49 countries and 273 exhibitors from 25 nations - the key figures for akustika 2026 speak for themselves. The trade fair, which is organized by Arbeitsgemeinschaft f\u00fcr Messen und Ausstellungen GmbH (AFAG), founded in 1947, has developed steadily since its premiere in 2023 and is now regarded as the most important platform for the instrument making trade in German-speaking countries. For the first time, akustika occupied Hall 7A in addition to NCC Ost, the largest of the three Convention Centers (NCC) at the Nuremberg exhibition grounds, where sheet music publishers and string and plucked instruments were given their own area - and the new space was very well received by visitors.<\/p>\n<p><img loading=\"lazy\" decoding=\"async\" class=\"size-trpcustomlanguageflag wp-image-72937\" src=\"https:\/\/www.musikzeitung.ch\/wp-content\/uploads\/2026\/04\/03_Echo_news_akustika_2.jpg\" alt=\"\" width=\"2362\" height=\"1575\" srcset=\"https:\/\/www.musikzeitung.ch\/wp-content\/uploads\/2026\/04\/03_Echo_news_akustika_2.jpg 1400w, https:\/\/www.musikzeitung.ch\/wp-content\/uploads\/2026\/04\/03_Echo_news_akustika_2-300x200.jpg 300w, https:\/\/www.musikzeitung.ch\/wp-content\/uploads\/2026\/04\/03_Echo_news_akustika_2-1024x683.jpg 1024w, https:\/\/www.musikzeitung.ch\/wp-content\/uploads\/2026\/04\/03_Echo_news_akustika_2-600x400.jpg 600w, https:\/\/www.musikzeitung.ch\/wp-content\/uploads\/2026\/04\/03_Echo_news_akustika_2-768x512.jpg 768w, https:\/\/www.musikzeitung.ch\/wp-content\/uploads\/2026\/04\/03_Echo_news_akustika_2-1536x1024.jpg 1536w, https:\/\/www.musikzeitung.ch\/wp-content\/uploads\/2026\/04\/03_Echo_news_akustika_2-2048x1366.jpg 2048w, https:\/\/www.musikzeitung.ch\/wp-content\/uploads\/2026\/04\/03_Echo_news_akustika_2-18x12.jpg 18w, https:\/\/www.musikzeitung.ch\/wp-content\/uploads\/2026\/04\/03_Echo_news_akustika_2-262x175.jpg 262w, https:\/\/www.musikzeitung.ch\/wp-content\/uploads\/2026\/04\/03_Echo_news_akustika_2-525x350.jpg 525w, https:\/\/www.musikzeitung.ch\/wp-content\/uploads\/2026\/04\/03_Echo_news_akustika_2-1200x800.jpg 1200w, https:\/\/www.musikzeitung.ch\/wp-content\/uploads\/2026\/04\/03_Echo_news_akustika_2-920x613.jpg 920w\" sizes=\"auto, (max-width: 2362px) 100vw, 2362px\" \/><\/p>\n<h3><strong>Why Europe needs a trade fair like this<\/strong><\/h3>\n<p>Several exhibitors put it in a nutshell: Europe has so far lacked an independent international music fair with real appeal. After the last Musikmesse Frankfurt took place in 2019, it was canceled in 2020 due to the coronavirus pandemic and was not resumed afterwards due to market conditions. \u00abAt the moment, it only exists in the USA and China,\u00bb said Simon G\u00f6tz from C.A. G\u00f6tz jr. GmbH, a long-established company for violins and string instrument accessories from Markneukirchen. \u00abWe have lost this in Europe - and I hope that we will have it in Nuremberg in five years\u00bb time.\"<\/p>\n<p>This finding explains why akustika is more than just a regional trade fair. It brings together instrument makers, music publishers, dealers, teachers and musicians under one roof - a combination that hardly exists anywhere else. Hans-Peter Strohh\u00e4cker from Yamaha Music Europe spoke of akustika as the future \u00abindustry meeting place of Europe\u00bb, which aims to bring together different associations, clubs and music cultures.<\/p>\n<p><img loading=\"lazy\" decoding=\"async\" class=\"size-full wp-image-72938\" src=\"https:\/\/www.musikzeitung.ch\/wp-content\/uploads\/2026\/04\/03_Echo_news_akustika_5.jpg\" alt=\"\" width=\"2362\" height=\"1654\" srcset=\"https:\/\/www.musikzeitung.ch\/wp-content\/uploads\/2026\/04\/03_Echo_news_akustika_5.jpg 1400w, https:\/\/www.musikzeitung.ch\/wp-content\/uploads\/2026\/04\/03_Echo_news_akustika_5-300x210.jpg 300w, https:\/\/www.musikzeitung.ch\/wp-content\/uploads\/2026\/04\/03_Echo_news_akustika_5-1024x717.jpg 1024w, https:\/\/www.musikzeitung.ch\/wp-content\/uploads\/2026\/04\/03_Echo_news_akustika_5-768x538.jpg 768w, https:\/\/www.musikzeitung.ch\/wp-content\/uploads\/2026\/04\/03_Echo_news_akustika_5-1536x1076.jpg 1536w, https:\/\/www.musikzeitung.ch\/wp-content\/uploads\/2026\/04\/03_Echo_news_akustika_5-2048x1434.jpg 2048w, https:\/\/www.musikzeitung.ch\/wp-content\/uploads\/2026\/04\/03_Echo_news_akustika_5-18x12.jpg 18w, https:\/\/www.musikzeitung.ch\/wp-content\/uploads\/2026\/04\/03_Echo_news_akustika_5-250x175.jpg 250w, https:\/\/www.musikzeitung.ch\/wp-content\/uploads\/2026\/04\/03_Echo_news_akustika_5-500x350.jpg 500w, https:\/\/www.musikzeitung.ch\/wp-content\/uploads\/2026\/04\/03_Echo_news_akustika_5-1142x800.jpg 1142w, https:\/\/www.musikzeitung.ch\/wp-content\/uploads\/2026\/04\/03_Echo_news_akustika_5-920x644.jpg 920w\" sizes=\"auto, (max-width: 2362px) 100vw, 2362px\" \/><\/p>\n<p>Anna Petrof Pruskova from the Czech piano manufacturer Petrof also emphasized that akustika is currently the only trade fair with an international presence in Europe that is still active - and thus fills a gap that has arisen elsewhere.<\/p>\n<h3><strong>Craftsmanship, concerts and networking as trademarks<\/strong><\/h3>\n<p>akustika is a lively event: 80 concerts, 10 composer portraits and 50 workshops, seminars and lectures took place on six stages. The accordion, declared Instrument of the Year 2026 by the German State Music Councils, took center stage - the Nuremberg Accordion Orchestra, reigning world champion, performed. For the organizers, this concert program is a deliberate strategy: the trade fair should be a tangible and emotional experience, not just a showcase for products.<\/p>\n<p><img loading=\"lazy\" decoding=\"async\" class=\"size-full wp-image-72939\" src=\"https:\/\/www.musikzeitung.ch\/wp-content\/uploads\/2026\/04\/03_Echo_news_akustika_4.jpg\" alt=\"\" width=\"2362\" height=\"1575\" srcset=\"https:\/\/www.musikzeitung.ch\/wp-content\/uploads\/2026\/04\/03_Echo_news_akustika_4.jpg 1400w, https:\/\/www.musikzeitung.ch\/wp-content\/uploads\/2026\/04\/03_Echo_news_akustika_4-300x200.jpg 300w, https:\/\/www.musikzeitung.ch\/wp-content\/uploads\/2026\/04\/03_Echo_news_akustika_4-1024x683.jpg 1024w, https:\/\/www.musikzeitung.ch\/wp-content\/uploads\/2026\/04\/03_Echo_news_akustika_4-600x400.jpg 600w, https:\/\/www.musikzeitung.ch\/wp-content\/uploads\/2026\/04\/03_Echo_news_akustika_4-768x512.jpg 768w, https:\/\/www.musikzeitung.ch\/wp-content\/uploads\/2026\/04\/03_Echo_news_akustika_4-1536x1024.jpg 1536w, https:\/\/www.musikzeitung.ch\/wp-content\/uploads\/2026\/04\/03_Echo_news_akustika_4-2048x1366.jpg 2048w, https:\/\/www.musikzeitung.ch\/wp-content\/uploads\/2026\/04\/03_Echo_news_akustika_4-18x12.jpg 18w, https:\/\/www.musikzeitung.ch\/wp-content\/uploads\/2026\/04\/03_Echo_news_akustika_4-262x175.jpg 262w, https:\/\/www.musikzeitung.ch\/wp-content\/uploads\/2026\/04\/03_Echo_news_akustika_4-525x350.jpg 525w, https:\/\/www.musikzeitung.ch\/wp-content\/uploads\/2026\/04\/03_Echo_news_akustika_4-1200x800.jpg 1200w, https:\/\/www.musikzeitung.ch\/wp-content\/uploads\/2026\/04\/03_Echo_news_akustika_4-920x613.jpg 920w\" sizes=\"auto, (max-width: 2362px) 100vw, 2362px\" \/><\/p>\n<p>\u00abEspecially in the current times, music is one of the few things that connects people across borders - and this can be experienced everywhere at akustika,\u00bb AFAG Managing Directors Henning and Thilo K\u00f6nicke are convinced.<\/p>\n<h3><strong>Swiss participation and outlook<\/strong><\/h3>\n<p>Exhibitors from Switzerland were also represented at akustika 2026, for example daCarbo AG from Lachen, Jancic AG from Villmergen, Servette Music SA from Geneva and Swiss Wood Solutions AG Sonowood from Altdorf. The organizers have two clear goals for 2027: to strengthen the B2B area with more specialist music retailers and to further expand the international reach. Other foreign companies have already registered to take part in the future. The next akustika will take place from April 9 to 11, 2027 at Messe N\u00fcrnberg.<\/p>\n<p><a href=\"https:\/\/www.akustika-nuernberg.de\/\" target=\"_blank\" rel=\"noopener\"><em>www.akustika-nuernberg.de<\/em><\/a><\/p>","protected":false},"excerpt":{"rendered":"<p>More exhibitors, more visitors, more countries: akustika Nuremberg concluded its fourth edition from April 24 to 26, 2026 with a positive balance sheet. Behind the figures lies a greater ambition - the trade fair wants to become the leading European trade fair for music. <\/p>","protected":false},"author":23,"featured_media":72936,"comment_status":"closed","ping_status":"closed","sticky":false,"template":"","format":"standard","meta":{"_acf_changed":false,"_relevanssi_hide_post":"","_relevanssi_hide_content":"","_relevanssi_pin_for_all":"","_relevanssi_pin_keywords":"","_relevanssi_unpin_keywords":"","_relevanssi_related_keywords":"","_relevanssi_related_include_ids":"","_relevanssi_related_exclude_ids":"","_relevanssi_related_no_append":"","_relevanssi_related_not_related":"","_relevanssi_related_posts":"","_relevanssi_noindex_reason":"","pgc_sgb_lightbox_settings":"","footnotes":""},"categories":[5623,30],"tags":[5624,5625,4373,5626],"class_list":["post-72934","post","type-post","status-publish","format-standard","has-post-thumbnail","hentry","category-musikmesse","category-service","tag-akustika","tag-musikmesse","tag-musikmesse-frankfurt","tag-nuernberg"],"acf":[],"yoast_head":"<!-- This site is optimized with the Yoast SEO plugin v27.5 - https:\/\/yoast.com\/product\/yoast-seo-wordpress\/ -->\n<title>akustika N\u00fcrnberg 2026: Europas Musikmesse w\u00e4chst - Schweizer Musikzeitung<\/title>\n<meta name=\"description\" content=\"Die akustika N\u00fcrnberg hat ihre vierte Ausgabe mit einer positiven Bilanz abgeschlossen. Die Messe will zur europ\u00e4ischen Leitmesse f\u00fcr Musik werden.\" \/>\n<meta name=\"robots\" content=\"index, follow, max-snippet:-1, max-image-preview:large, max-video-preview:-1\" \/>\n<link rel=\"canonical\" href=\"https:\/\/www.musikzeitung.ch\/en\/service\/2026\/04\/akustika-nuernberg-2026-europas-musikmesse-waechst\/\" \/>\n<meta property=\"og:locale\" content=\"en_US\" \/>\n<meta property=\"og:type\" content=\"article\" \/>\n<meta property=\"og:title\" content=\"akustika N\u00fcrnberg 2026: Europas Musikmesse w\u00e4chst - Schweizer Musikzeitung\" \/>\n<meta property=\"og:description\" content=\"Die akustika N\u00fcrnberg hat ihre vierte Ausgabe mit einer positiven Bilanz abgeschlossen. Die Messe will zur europ\u00e4ischen Leitmesse f\u00fcr Musik werden.\" \/>\n<meta property=\"og:url\" content=\"https:\/\/www.musikzeitung.ch\/en\/service\/2026\/04\/akustika-nuernberg-2026-europas-musikmesse-waechst\/\" \/>\n<meta property=\"og:site_name\" content=\"Schweizer Musikzeitung\" \/>\n<meta property=\"article:publisher\" content=\"https:\/\/www.facebook.com\/SchweizerMusikzeitung\/\" \/>\n<meta property=\"article:published_time\" content=\"2026-04-30T04:00:26+00:00\" \/>\n<meta property=\"article:modified_time\" content=\"2026-04-30T08:25:14+00:00\" \/>\n<meta property=\"og:image\" content=\"https:\/\/www.musikzeitung.ch\/wp-content\/uploads\/2026\/04\/03_Echo_news_akustika_1.jpg\" \/>\n\t<meta property=\"og:image:width\" content=\"1400\" \/>\n\t<meta property=\"og:image:height\" content=\"934\" \/>\n\t<meta property=\"og:image:type\" content=\"image\/jpeg\" \/>\n<meta name=\"author\" content=\"Katrin Spelinova\" \/>\n<meta name=\"twitter:card\" content=\"summary_large_image\" \/>\n<meta name=\"twitter:creator\" content=\"@testredaktor\" \/>\n<meta name=\"twitter:site\" content=\"@smusikzeitung\" \/>\n<meta name=\"twitter:label1\" content=\"Written by\" \/>\n\t<meta name=\"twitter:data1\" content=\"Katrin Spelinova\" \/>\n\t<meta name=\"twitter:label2\" content=\"Est. reading time\" \/>\n\t<meta name=\"twitter:data2\" content=\"4 minutes\" \/>\n<script type=\"application\/ld+json\" class=\"yoast-schema-graph\">{\"@context\":\"https:\\\/\\\/schema.org\",\"@graph\":[{\"@type\":\"Article\",\"@id\":\"https:\\\/\\\/www.musikzeitung.ch\\\/service\\\/2026\\\/04\\\/akustika-nuernberg-2026-europas-musikmesse-waechst#article\",\"isPartOf\":{\"@id\":\"https:\\\/\\\/www.musikzeitung.ch\\\/service\\\/2026\\\/04\\\/akustika-nuernberg-2026-europas-musikmesse-waechst\"},\"author\":{\"name\":\"Katrin Spelinova\",\"@id\":\"https:\\\/\\\/www.musikzeitung.ch\\\/#\\\/schema\\\/person\\\/dce7e5b820812d9af4db2f787d1bec92\"},\"headline\":\"akustika N\u00fcrnberg 2026: Europas Musikmesse w\u00e4chst\",\"datePublished\":\"2026-04-30T04:00:26+00:00\",\"dateModified\":\"2026-04-30T08:25:14+00:00\",\"mainEntityOfPage\":{\"@id\":\"https:\\\/\\\/www.musikzeitung.ch\\\/service\\\/2026\\\/04\\\/akustika-nuernberg-2026-europas-musikmesse-waechst\"},\"wordCount\":528,\"publisher\":{\"@id\":\"https:\\\/\\\/www.musikzeitung.ch\\\/#organization\"},\"image\":{\"@id\":\"https:\\\/\\\/www.musikzeitung.ch\\\/service\\\/2026\\\/04\\\/akustika-nuernberg-2026-europas-musikmesse-waechst#primaryimage\"},\"thumbnailUrl\":\"https:\\\/\\\/www.musikzeitung.ch\\\/wp-content\\\/uploads\\\/2026\\\/04\\\/03_Echo_news_akustika_1.jpg\",\"keywords\":[\"akustika\",\"Musikmesse\",\"Musikmesse Frankfurt\",\"N\u00fcrnberg\"],\"articleSection\":[\"Musikmesse\",\"Service\"],\"inLanguage\":\"en-US\"},{\"@type\":\"WebPage\",\"@id\":\"https:\\\/\\\/www.musikzeitung.ch\\\/service\\\/2026\\\/04\\\/akustika-nuernberg-2026-europas-musikmesse-waechst\",\"url\":\"https:\\\/\\\/www.musikzeitung.ch\\\/service\\\/2026\\\/04\\\/akustika-nuernberg-2026-europas-musikmesse-waechst\",\"name\":\"akustika N\u00fcrnberg 2026: Europas Musikmesse w\u00e4chst - Schweizer Musikzeitung\",\"isPartOf\":{\"@id\":\"https:\\\/\\\/www.musikzeitung.ch\\\/#website\"},\"primaryImageOfPage\":{\"@id\":\"https:\\\/\\\/www.musikzeitung.ch\\\/service\\\/2026\\\/04\\\/akustika-nuernberg-2026-europas-musikmesse-waechst#primaryimage\"},\"image\":{\"@id\":\"https:\\\/\\\/www.musikzeitung.ch\\\/service\\\/2026\\\/04\\\/akustika-nuernberg-2026-europas-musikmesse-waechst#primaryimage\"},\"thumbnailUrl\":\"https:\\\/\\\/www.musikzeitung.ch\\\/wp-content\\\/uploads\\\/2026\\\/04\\\/03_Echo_news_akustika_1.jpg\",\"datePublished\":\"2026-04-30T04:00:26+00:00\",\"dateModified\":\"2026-04-30T08:25:14+00:00\",\"description\":\"Die akustika N\u00fcrnberg hat ihre vierte Ausgabe mit einer positiven Bilanz abgeschlossen. Die Messe will zur europ\u00e4ischen Leitmesse f\u00fcr Musik werden.\",\"breadcrumb\":{\"@id\":\"https:\\\/\\\/www.musikzeitung.ch\\\/service\\\/2026\\\/04\\\/akustika-nuernberg-2026-europas-musikmesse-waechst#breadcrumb\"},\"inLanguage\":\"en-US\",\"potentialAction\":[{\"@type\":\"ReadAction\",\"target\":[\"https:\\\/\\\/www.musikzeitung.ch\\\/service\\\/2026\\\/04\\\/akustika-nuernberg-2026-europas-musikmesse-waechst\"]}]},{\"@type\":\"ImageObject\",\"inLanguage\":\"en-US\",\"@id\":\"https:\\\/\\\/www.musikzeitung.ch\\\/service\\\/2026\\\/04\\\/akustika-nuernberg-2026-europas-musikmesse-waechst#primaryimage\",\"url\":\"https:\\\/\\\/www.musikzeitung.ch\\\/wp-content\\\/uploads\\\/2026\\\/04\\\/03_Echo_news_akustika_1.jpg\",\"contentUrl\":\"https:\\\/\\\/www.musikzeitung.ch\\\/wp-content\\\/uploads\\\/2026\\\/04\\\/03_Echo_news_akustika_1.jpg\",\"width\":1400,\"height\":934,\"caption\":\"akustika N\u00fcrnberg 2026\"},{\"@type\":\"BreadcrumbList\",\"@id\":\"https:\\\/\\\/www.musikzeitung.ch\\\/service\\\/2026\\\/04\\\/akustika-nuernberg-2026-europas-musikmesse-waechst#breadcrumb\",\"itemListElement\":[{\"@type\":\"ListItem\",\"position\":1,\"name\":\"Home\",\"item\":\"https:\\\/\\\/www.musikzeitung.ch\\\/\"},{\"@type\":\"ListItem\",\"position\":2,\"name\":\"akustika N\u00fcrnberg 2026: Europas Musikmesse w\u00e4chst\"}]},{\"@type\":\"WebSite\",\"@id\":\"https:\\\/\\\/www.musikzeitung.ch\\\/#website\",\"url\":\"https:\\\/\\\/www.musikzeitung.ch\\\/\",\"name\":\"Schweizer Musikzeitung\",\"description\":\"Die f\u00fchrende sparten\u00fcbergreifende Monatszeitung in der Schweiz f\u00fcr musikalische Fragen.\",\"publisher\":{\"@id\":\"https:\\\/\\\/www.musikzeitung.ch\\\/#organization\"},\"potentialAction\":[{\"@type\":\"SearchAction\",\"target\":{\"@type\":\"EntryPoint\",\"urlTemplate\":\"https:\\\/\\\/www.musikzeitung.ch\\\/?s={search_term_string}\"},\"query-input\":{\"@type\":\"PropertyValueSpecification\",\"valueRequired\":true,\"valueName\":\"search_term_string\"}}],\"inLanguage\":\"en-US\"},{\"@type\":\"Organization\",\"@id\":\"https:\\\/\\\/www.musikzeitung.ch\\\/#organization\",\"name\":\"Schweizer Musikzeitung\",\"url\":\"https:\\\/\\\/www.musikzeitung.ch\\\/\",\"logo\":{\"@type\":\"ImageObject\",\"inLanguage\":\"en-US\",\"@id\":\"https:\\\/\\\/www.musikzeitung.ch\\\/#\\\/schema\\\/logo\\\/image\\\/\",\"url\":\"https:\\\/\\\/www.musikzeitung.ch\\\/wp-content\\\/uploads\\\/2023\\\/01\\\/SMZ_Schriftzug_Sprache.png\",\"contentUrl\":\"https:\\\/\\\/www.musikzeitung.ch\\\/wp-content\\\/uploads\\\/2023\\\/01\\\/SMZ_Schriftzug_Sprache.png\",\"width\":1400,\"height\":279,\"caption\":\"Schweizer Musikzeitung\"},\"image\":{\"@id\":\"https:\\\/\\\/www.musikzeitung.ch\\\/#\\\/schema\\\/logo\\\/image\\\/\"},\"sameAs\":[\"https:\\\/\\\/www.facebook.com\\\/SchweizerMusikzeitung\\\/\",\"https:\\\/\\\/x.com\\\/smusikzeitung\",\"https:\\\/\\\/www.instagram.com\\\/musikzeitung.ch\\\/\"]},{\"@type\":\"Person\",\"@id\":\"https:\\\/\\\/www.musikzeitung.ch\\\/#\\\/schema\\\/person\\\/dce7e5b820812d9af4db2f787d1bec92\",\"name\":\"Katrin Spelinova\",\"image\":{\"@type\":\"ImageObject\",\"inLanguage\":\"en-US\",\"@id\":\"https:\\\/\\\/secure.gravatar.com\\\/avatar\\\/2a2c2956e074ebca9bf65620496cd2e317d90b8c76450e9dd04d7cebf95eeada?s=96&d=mm&r=g\",\"url\":\"https:\\\/\\\/secure.gravatar.com\\\/avatar\\\/2a2c2956e074ebca9bf65620496cd2e317d90b8c76450e9dd04d7cebf95eeada?s=96&d=mm&r=g\",\"contentUrl\":\"https:\\\/\\\/secure.gravatar.com\\\/avatar\\\/2a2c2956e074ebca9bf65620496cd2e317d90b8c76450e9dd04d7cebf95eeada?s=96&d=mm&r=g\",\"caption\":\"Katrin Spelinova\"},\"sameAs\":[\"https:\\\/\\\/x.com\\\/testredaktor\"],\"url\":\"https:\\\/\\\/www.musikzeitung.ch\\\/en\\\/author\\\/spelkat\"}]}<\/script>\n<!-- \/ Yoast SEO plugin. -->","yoast_head_json":{"title":"akustika Nuremberg 2026: Europe's music fair grows - Schweizer Musikzeitung","description":"akustika Nuremberg has concluded its fourth edition with positive results. The trade fair aims to become the leading European trade fair for music.","robots":{"index":"index","follow":"follow","max-snippet":"max-snippet:-1","max-image-preview":"max-image-preview:large","max-video-preview":"max-video-preview:-1"},"canonical":"https:\/\/www.musikzeitung.ch\/en\/service\/2026\/04\/akustika-nuernberg-2026-europas-musikmesse-waechst\/","og_locale":"en_US","og_type":"article","og_title":"akustika N\u00fcrnberg 2026: Europas Musikmesse w\u00e4chst - Schweizer Musikzeitung","og_description":"Die akustika N\u00fcrnberg hat ihre vierte Ausgabe mit einer positiven Bilanz abgeschlossen. Die Messe will zur europ\u00e4ischen Leitmesse f\u00fcr Musik werden.","og_url":"https:\/\/www.musikzeitung.ch\/en\/service\/2026\/04\/akustika-nuernberg-2026-europas-musikmesse-waechst\/","og_site_name":"Schweizer Musikzeitung","article_publisher":"https:\/\/www.facebook.com\/SchweizerMusikzeitung\/","article_published_time":"2026-04-30T04:00:26+00:00","article_modified_time":"2026-04-30T08:25:14+00:00","og_image":[{"width":1400,"height":934,"url":"https:\/\/www.musikzeitung.ch\/wp-content\/uploads\/2026\/04\/03_Echo_news_akustika_1.jpg","type":"image\/jpeg"}],"author":"Katrin Spelinova","twitter_card":"summary_large_image","twitter_creator":"@testredaktor","twitter_site":"@smusikzeitung","twitter_misc":{"Written by":"Katrin Spelinova","Est. reading time":"4 minutes"},"schema":{"@context":"https:\/\/schema.org","@graph":[{"@type":"Article","@id":"https:\/\/www.musikzeitung.ch\/service\/2026\/04\/akustika-nuernberg-2026-europas-musikmesse-waechst#article","isPartOf":{"@id":"https:\/\/www.musikzeitung.ch\/service\/2026\/04\/akustika-nuernberg-2026-europas-musikmesse-waechst"},"author":{"name":"Katrin Spelinova","@id":"https:\/\/www.musikzeitung.ch\/#\/schema\/person\/dce7e5b820812d9af4db2f787d1bec92"},"headline":"akustika N\u00fcrnberg 2026: Europas Musikmesse w\u00e4chst","datePublished":"2026-04-30T04:00:26+00:00","dateModified":"2026-04-30T08:25:14+00:00","mainEntityOfPage":{"@id":"https:\/\/www.musikzeitung.ch\/service\/2026\/04\/akustika-nuernberg-2026-europas-musikmesse-waechst"},"wordCount":528,"publisher":{"@id":"https:\/\/www.musikzeitung.ch\/#organization"},"image":{"@id":"https:\/\/www.musikzeitung.ch\/service\/2026\/04\/akustika-nuernberg-2026-europas-musikmesse-waechst#primaryimage"},"thumbnailUrl":"https:\/\/www.musikzeitung.ch\/wp-content\/uploads\/2026\/04\/03_Echo_news_akustika_1.jpg","keywords":["akustika","Musikmesse","Musikmesse Frankfurt","N\u00fcrnberg"],"articleSection":["Musikmesse","Service"],"inLanguage":"en-US"},{"@type":"WebPage","@id":"https:\/\/www.musikzeitung.ch\/service\/2026\/04\/akustika-nuernberg-2026-europas-musikmesse-waechst","url":"https:\/\/www.musikzeitung.ch\/service\/2026\/04\/akustika-nuernberg-2026-europas-musikmesse-waechst","name":"akustika Nuremberg 2026: Europe's music fair grows - Schweizer Musikzeitung","isPartOf":{"@id":"https:\/\/www.musikzeitung.ch\/#website"},"primaryImageOfPage":{"@id":"https:\/\/www.musikzeitung.ch\/service\/2026\/04\/akustika-nuernberg-2026-europas-musikmesse-waechst#primaryimage"},"image":{"@id":"https:\/\/www.musikzeitung.ch\/service\/2026\/04\/akustika-nuernberg-2026-europas-musikmesse-waechst#primaryimage"},"thumbnailUrl":"https:\/\/www.musikzeitung.ch\/wp-content\/uploads\/2026\/04\/03_Echo_news_akustika_1.jpg","datePublished":"2026-04-30T04:00:26+00:00","dateModified":"2026-04-30T08:25:14+00:00","description":"akustika Nuremberg has concluded its fourth edition with positive results. The trade fair aims to become the leading European trade fair for music.","breadcrumb":{"@id":"https:\/\/www.musikzeitung.ch\/service\/2026\/04\/akustika-nuernberg-2026-europas-musikmesse-waechst#breadcrumb"},"inLanguage":"en-US","potentialAction":[{"@type":"ReadAction","target":["https:\/\/www.musikzeitung.ch\/service\/2026\/04\/akustika-nuernberg-2026-europas-musikmesse-waechst"]}]},{"@type":"ImageObject","inLanguage":"en-US","@id":"https:\/\/www.musikzeitung.ch\/service\/2026\/04\/akustika-nuernberg-2026-europas-musikmesse-waechst#primaryimage","url":"https:\/\/www.musikzeitung.ch\/wp-content\/uploads\/2026\/04\/03_Echo_news_akustika_1.jpg","contentUrl":"https:\/\/www.musikzeitung.ch\/wp-content\/uploads\/2026\/04\/03_Echo_news_akustika_1.jpg","width":1400,"height":934,"caption":"akustika N\u00fcrnberg 2026"},{"@type":"BreadcrumbList","@id":"https:\/\/www.musikzeitung.ch\/service\/2026\/04\/akustika-nuernberg-2026-europas-musikmesse-waechst#breadcrumb","itemListElement":[{"@type":"ListItem","position":1,"name":"Home","item":"https:\/\/www.musikzeitung.ch\/"},{"@type":"ListItem","position":2,"name":"akustika N\u00fcrnberg 2026: Europas Musikmesse w\u00e4chst"}]},{"@type":"WebSite","@id":"https:\/\/www.musikzeitung.ch\/#website","url":"https:\/\/www.musikzeitung.ch\/","name":"Swiss Music Newspaper","description":"The leading interdisciplinary monthly newspaper in Switzerland for musical issues.","publisher":{"@id":"https:\/\/www.musikzeitung.ch\/#organization"},"potentialAction":[{"@type":"SearchAction","target":{"@type":"EntryPoint","urlTemplate":"https:\/\/www.musikzeitung.ch\/?s={search_term_string}"},"query-input":{"@type":"PropertyValueSpecification","valueRequired":true,"valueName":"search_term_string"}}],"inLanguage":"en-US"},{"@type":"Organization","@id":"https:\/\/www.musikzeitung.ch\/#organization","name":"Swiss Music Newspaper","url":"https:\/\/www.musikzeitung.ch\/","logo":{"@type":"ImageObject","inLanguage":"en-US","@id":"https:\/\/www.musikzeitung.ch\/#\/schema\/logo\/image\/","url":"https:\/\/www.musikzeitung.ch\/wp-content\/uploads\/2023\/01\/SMZ_Schriftzug_Sprache.png","contentUrl":"https:\/\/www.musikzeitung.ch\/wp-content\/uploads\/2023\/01\/SMZ_Schriftzug_Sprache.png","width":1400,"height":279,"caption":"Schweizer Musikzeitung"},"image":{"@id":"https:\/\/www.musikzeitung.ch\/#\/schema\/logo\/image\/"},"sameAs":["https:\/\/www.facebook.com\/SchweizerMusikzeitung\/","https:\/\/x.com\/smusikzeitung","https:\/\/www.instagram.com\/musikzeitung.ch\/"]},{"@type":"Person","@id":"https:\/\/www.musikzeitung.ch\/#\/schema\/person\/dce7e5b820812d9af4db2f787d1bec92","name":"Katrin Spelinova","image":{"@type":"ImageObject","inLanguage":"en-US","@id":"https:\/\/secure.gravatar.com\/avatar\/2a2c2956e074ebca9bf65620496cd2e317d90b8c76450e9dd04d7cebf95eeada?s=96&d=mm&r=g","url":"https:\/\/secure.gravatar.com\/avatar\/2a2c2956e074ebca9bf65620496cd2e317d90b8c76450e9dd04d7cebf95eeada?s=96&d=mm&r=g","contentUrl":"https:\/\/secure.gravatar.com\/avatar\/2a2c2956e074ebca9bf65620496cd2e317d90b8c76450e9dd04d7cebf95eeada?s=96&d=mm&r=g","caption":"Katrin Spelinova"},"sameAs":["https:\/\/x.com\/testredaktor"],"url":"https:\/\/www.musikzeitung.ch\/en\/author\/spelkat"}]}},"publishpress_future_workflow_manual_trigger":{"enabledWorkflows":[]},"_links":{"self":[{"href":"https:\/\/www.musikzeitung.ch\/en\/wp-json\/wp\/v2\/posts\/72934","targetHints":{"allow":["GET"]}}],"collection":[{"href":"https:\/\/www.musikzeitung.ch\/en\/wp-json\/wp\/v2\/posts"}],"about":[{"href":"https:\/\/www.musikzeitung.ch\/en\/wp-json\/wp\/v2\/types\/post"}],"author":[{"embeddable":true,"href":"https:\/\/www.musikzeitung.ch\/en\/wp-json\/wp\/v2\/users\/23"}],"replies":[{"embeddable":true,"href":"https:\/\/www.musikzeitung.ch\/en\/wp-json\/wp\/v2\/comments?post=72934"}],"version-history":[{"count":3,"href":"https:\/\/www.musikzeitung.ch\/en\/wp-json\/wp\/v2\/posts\/72934\/revisions"}],"predecessor-version":[{"id":72942,"href":"https:\/\/www.musikzeitung.ch\/en\/wp-json\/wp\/v2\/posts\/72934\/revisions\/72942"}],"wp:featuredmedia":[{"embeddable":true,"href":"https:\/\/www.musikzeitung.ch\/en\/wp-json\/wp\/v2\/media\/72936"}],"wp:attachment":[{"href":"https:\/\/www.musikzeitung.ch\/en\/wp-json\/wp\/v2\/media?parent=72934"}],"wp:term":[{"taxonomy":"category","embeddable":true,"href":"https:\/\/www.musikzeitung.ch\/en\/wp-json\/wp\/v2\/categories?post=72934"},{"taxonomy":"post_tag","embeddable":true,"href":"https:\/\/www.musikzeitung.ch\/en\/wp-json\/wp\/v2\/tags?post=72934"}],"curies":[{"name":"wp","href":"https:\/\/api.w.org\/{rel}","templated":true}]}}