{"id":74713,"date":"2026-08-18T07:49:04","date_gmt":"2026-08-18T05:49:04","guid":{"rendered":"https:\/\/www.musikzeitung.ch\/?p=74713"},"modified":"2026-08-18T08:59:04","modified_gmt":"2026-08-18T06:59:04","slug":"tod-des-dirigenten-und-kulturmanagers-armin-brunner","status":"publish","type":"post","link":"https:\/\/www.musikzeitung.ch\/en\/news\/2026\/08\/tod-des-dirigenten-und-kulturmanagers-armin-brunner","title":{"rendered":"Death of Conductor and Cultural Manager Armin Brunner"},"content":{"rendered":"<figure id=\"attachment_74714\" aria-describedby=\"caption-attachment-74714\" style=\"width: 768px\" class=\"wp-caption alignnone\"><img decoding=\"async\" class=\"size-large wp-image-74714\" src=\"https:\/\/www.musikzeitung.ch\/wp-content\/uploads\/2026\/08\/260818brunner-1024x596.jpg\" alt=\"\" width=\"768\" height=\"447\" srcset=\"https:\/\/www.musikzeitung.ch\/wp-content\/uploads\/2026\/08\/260818brunner-1024x596.jpg 1024w, https:\/\/www.musikzeitung.ch\/wp-content\/uploads\/2026\/08\/260818brunner-300x175.jpg 300w, https:\/\/www.musikzeitung.ch\/wp-content\/uploads\/2026\/08\/260818brunner-768x447.jpg 768w, https:\/\/www.musikzeitung.ch\/wp-content\/uploads\/2026\/08\/260818brunner-18x10.jpg 18w, https:\/\/www.musikzeitung.ch\/wp-content\/uploads\/2026\/08\/260818brunner-301x175.jpg 301w, https:\/\/www.musikzeitung.ch\/wp-content\/uploads\/2026\/08\/260818brunner-601x350.jpg 601w, https:\/\/www.musikzeitung.ch\/wp-content\/uploads\/2026\/08\/260818brunner-1374x800.jpg 1374w, https:\/\/www.musikzeitung.ch\/wp-content\/uploads\/2026\/08\/260818brunner-920x536.jpg 920w, https:\/\/www.musikzeitung.ch\/wp-content\/uploads\/2026\/08\/260818brunner.jpg 1400w\" sizes=\"(max-width: 768px) 100vw, 768px\" \/><figcaption id=\"caption-attachment-74714\" class=\"wp-caption-text\">Armin Brunner (Photo: Wikimedia Commons\/Anthropogen anthropogen)<\/figcaption><\/figure>\n<p>Armin Brunner studied conducting and composition at the Zurich University of the Arts and served as artistic director of the Neue Z\u00fcrcher Kammeroper from 1953 to 1973. In 1971, he founded the Musikszenische Studio Z\u00fcrich. From 1979 to 1998, he served as music director for DRS television, where he collaborated with television director Adrian Marthaler to develop narrative music productions and other musical television formats.<\/p>\n<p>From the summer of 2000 through 2009, Brunner served as artistic director of the Migros Culture Percentage\u2019s Klubhaus concerts.<\/p>","protected":false},"excerpt":{"rendered":"<p>Armin Brunner, the conductor and longtime head of cultural programming at Swiss Television, has died at the age of 93.<\/p>","protected":false},"author":30,"featured_media":74714,"comment_status":"closed","ping_status":"closed","sticky":false,"template":"","format":"standard","meta":{"_acf_changed":false,"_relevanssi_hide_post":"","_relevanssi_hide_content":"","_relevanssi_pin_for_all":"","_relevanssi_pin_keywords":"","_relevanssi_unpin_keywords":"","_relevanssi_related_keywords":"","_relevanssi_related_include_ids":"","_relevanssi_related_exclude_ids":"","_relevanssi_related_no_append":"","_relevanssi_related_not_related":"","_relevanssi_related_posts":"","_relevanssi_noindex_reason":"","pgc_sgb_lightbox_settings":"","footnotes":""},"categories":[27,1624],"tags":[5796],"class_list":["post-74713","post","type-post","status-publish","format-standard","has-post-thumbnail","hentry","category-news","category-personen","tag-armin-brunner"],"acf":{"author":"PM\/SMZ\/wb"},"yoast_head":"<!-- This site is optimized with the Yoast SEO plugin v28.4 - https:\/\/yoast.com\/product\/yoast-seo-wordpress\/ -->\n<title>Tod des Dirigenten und Kulturmanagers Armin Brunner - Schweizer Musikzeitung<\/title>\n<meta name=\"description\" content=\"Armin Brunner, der Dirigent und langj\u00e4hrige Kulturchef des Schweizer Fernsehens, ist im Alter von 93 Jahren verstorben.\" \/>\n<meta name=\"robots\" content=\"index, follow, max-snippet:-1, max-image-preview:large, max-video-preview:-1\" \/>\n<link rel=\"canonical\" href=\"https:\/\/www.musikzeitung.ch\/en\/news\/2026\/08\/tod-des-dirigenten-und-kulturmanagers-armin-brunner\/\" \/>\n<meta property=\"og:locale\" content=\"en_US\" \/>\n<meta property=\"og:type\" content=\"article\" \/>\n<meta property=\"og:title\" content=\"Tod des Dirigenten und Kulturmanagers Armin Brunner - Schweizer Musikzeitung\" \/>\n<meta property=\"og:description\" content=\"Armin Brunner, der Dirigent und langj\u00e4hrige Kulturchef des Schweizer Fernsehens, ist im Alter von 93 Jahren verstorben.\" \/>\n<meta property=\"og:url\" content=\"https:\/\/www.musikzeitung.ch\/en\/news\/2026\/08\/tod-des-dirigenten-und-kulturmanagers-armin-brunner\/\" \/>\n<meta property=\"og:site_name\" content=\"Schweizer Musikzeitung\" \/>\n<meta property=\"article:publisher\" content=\"https:\/\/www.facebook.com\/SchweizerMusikzeitung\/\" \/>\n<meta property=\"article:author\" content=\"https:\/\/www.facebook.com\/wolfgang.bohler.75\" \/>\n<meta property=\"article:published_time\" content=\"2026-08-18T05:49:04+00:00\" \/>\n<meta property=\"article:modified_time\" content=\"2026-08-18T06:59:04+00:00\" \/>\n<meta property=\"og:image\" content=\"https:\/\/www.musikzeitung.ch\/wp-content\/uploads\/2026\/08\/260818brunner.jpg\" \/>\n\t<meta property=\"og:image:width\" content=\"1400\" \/>\n\t<meta property=\"og:image:height\" content=\"815\" \/>\n\t<meta property=\"og:image:type\" content=\"image\/jpeg\" \/>\n<meta name=\"author\" content=\"Wolfgang B\u00f6hler\" \/>\n<meta name=\"twitter:card\" content=\"summary_large_image\" \/>\n<meta name=\"twitter:creator\" content=\"@smusikzeitung\" \/>\n<meta name=\"twitter:site\" content=\"@smusikzeitung\" \/>\n<meta name=\"twitter:label1\" content=\"Written by\" \/>\n\t<meta name=\"twitter:data1\" content=\"Wolfgang B\u00f6hler\" \/>\n\t<meta name=\"twitter:label2\" content=\"Est. reading time\" \/>\n\t<meta name=\"twitter:data2\" content=\"1 minute\" \/>\n<script type=\"application\/ld+json\" class=\"yoast-schema-graph\">{\"@context\":\"https:\\\/\\\/schema.org\",\"@graph\":[{\"@type\":\"Article\",\"@id\":\"https:\\\/\\\/www.musikzeitung.ch\\\/news\\\/2026\\\/08\\\/tod-des-dirigenten-und-kulturmanagers-armin-brunner#article\",\"isPartOf\":{\"@id\":\"https:\\\/\\\/www.musikzeitung.ch\\\/news\\\/2026\\\/08\\\/tod-des-dirigenten-und-kulturmanagers-armin-brunner\"},\"author\":{\"name\":\"Wolfgang B\u00f6hler\",\"@id\":\"https:\\\/\\\/www.musikzeitung.ch\\\/#\\\/schema\\\/person\\\/0da4fb82d243f1252850a35d0e87cf0c\"},\"headline\":\"Tod des Dirigenten und Kulturmanagers Armin Brunner\",\"datePublished\":\"2026-08-18T05:49:04+00:00\",\"dateModified\":\"2026-08-18T06:59:04+00:00\",\"mainEntityOfPage\":{\"@id\":\"https:\\\/\\\/www.musikzeitung.ch\\\/news\\\/2026\\\/08\\\/tod-des-dirigenten-und-kulturmanagers-armin-brunner\"},\"wordCount\":89,\"publisher\":{\"@id\":\"https:\\\/\\\/www.musikzeitung.ch\\\/#organization\"},\"image\":{\"@id\":\"https:\\\/\\\/www.musikzeitung.ch\\\/news\\\/2026\\\/08\\\/tod-des-dirigenten-und-kulturmanagers-armin-brunner#primaryimage\"},\"thumbnailUrl\":\"https:\\\/\\\/www.musikzeitung.ch\\\/wp-content\\\/uploads\\\/2026\\\/08\\\/260818brunner.jpg\",\"keywords\":[\"Armin Brunner\"],\"articleSection\":[\"News\",\"Personen\"],\"inLanguage\":\"en-US\"},{\"@type\":\"WebPage\",\"@id\":\"https:\\\/\\\/www.musikzeitung.ch\\\/news\\\/2026\\\/08\\\/tod-des-dirigenten-und-kulturmanagers-armin-brunner\",\"url\":\"https:\\\/\\\/www.musikzeitung.ch\\\/news\\\/2026\\\/08\\\/tod-des-dirigenten-und-kulturmanagers-armin-brunner\",\"name\":\"Tod des Dirigenten und Kulturmanagers Armin Brunner - Schweizer Musikzeitung\",\"isPartOf\":{\"@id\":\"https:\\\/\\\/www.musikzeitung.ch\\\/#website\"},\"primaryImageOfPage\":{\"@id\":\"https:\\\/\\\/www.musikzeitung.ch\\\/news\\\/2026\\\/08\\\/tod-des-dirigenten-und-kulturmanagers-armin-brunner#primaryimage\"},\"image\":{\"@id\":\"https:\\\/\\\/www.musikzeitung.ch\\\/news\\\/2026\\\/08\\\/tod-des-dirigenten-und-kulturmanagers-armin-brunner#primaryimage\"},\"thumbnailUrl\":\"https:\\\/\\\/www.musikzeitung.ch\\\/wp-content\\\/uploads\\\/2026\\\/08\\\/260818brunner.jpg\",\"datePublished\":\"2026-08-18T05:49:04+00:00\",\"dateModified\":\"2026-08-18T06:59:04+00:00\",\"description\":\"Armin Brunner, der Dirigent und langj\u00e4hrige Kulturchef des Schweizer Fernsehens, ist im Alter von 93 Jahren verstorben.\",\"breadcrumb\":{\"@id\":\"https:\\\/\\\/www.musikzeitung.ch\\\/news\\\/2026\\\/08\\\/tod-des-dirigenten-und-kulturmanagers-armin-brunner#breadcrumb\"},\"inLanguage\":\"en-US\",\"potentialAction\":[{\"@type\":\"ReadAction\",\"target\":[\"https:\\\/\\\/www.musikzeitung.ch\\\/news\\\/2026\\\/08\\\/tod-des-dirigenten-und-kulturmanagers-armin-brunner\"]}]},{\"@type\":\"ImageObject\",\"inLanguage\":\"en-US\",\"@id\":\"https:\\\/\\\/www.musikzeitung.ch\\\/news\\\/2026\\\/08\\\/tod-des-dirigenten-und-kulturmanagers-armin-brunner#primaryimage\",\"url\":\"https:\\\/\\\/www.musikzeitung.ch\\\/wp-content\\\/uploads\\\/2026\\\/08\\\/260818brunner.jpg\",\"contentUrl\":\"https:\\\/\\\/www.musikzeitung.ch\\\/wp-content\\\/uploads\\\/2026\\\/08\\\/260818brunner.jpg\",\"width\":1400,\"height\":815,\"caption\":\"Armin Brunner (Bild: Wikimedia Commons\\\/Anthropogen anthropogen\"},{\"@type\":\"BreadcrumbList\",\"@id\":\"https:\\\/\\\/www.musikzeitung.ch\\\/news\\\/2026\\\/08\\\/tod-des-dirigenten-und-kulturmanagers-armin-brunner#breadcrumb\",\"itemListElement\":[{\"@type\":\"ListItem\",\"position\":1,\"name\":\"Home\",\"item\":\"https:\\\/\\\/www.musikzeitung.ch\\\/\"},{\"@type\":\"ListItem\",\"position\":2,\"name\":\"Tod des Dirigenten und Kulturmanagers Armin Brunner\"}]},{\"@type\":\"WebSite\",\"@id\":\"https:\\\/\\\/www.musikzeitung.ch\\\/#website\",\"url\":\"https:\\\/\\\/www.musikzeitung.ch\\\/\",\"name\":\"Schweizer Musikzeitung\",\"description\":\"Die f\u00fchrende sparten\u00fcbergreifende Monatszeitung in der Schweiz f\u00fcr musikalische Fragen.\",\"publisher\":{\"@id\":\"https:\\\/\\\/www.musikzeitung.ch\\\/#organization\"},\"potentialAction\":[{\"@type\":\"SearchAction\",\"target\":{\"@type\":\"EntryPoint\",\"urlTemplate\":\"https:\\\/\\\/www.musikzeitung.ch\\\/?s={search_term_string}\"},\"query-input\":{\"@type\":\"PropertyValueSpecification\",\"valueRequired\":true,\"valueName\":\"search_term_string\"}}],\"inLanguage\":\"en-US\"},{\"@type\":\"Organization\",\"@id\":\"https:\\\/\\\/www.musikzeitung.ch\\\/#organization\",\"name\":\"Schweizer Musikzeitung\",\"url\":\"https:\\\/\\\/www.musikzeitung.ch\\\/\",\"logo\":{\"@type\":\"ImageObject\",\"inLanguage\":\"en-US\",\"@id\":\"https:\\\/\\\/www.musikzeitung.ch\\\/#\\\/schema\\\/logo\\\/image\\\/\",\"url\":\"https:\\\/\\\/www.musikzeitung.ch\\\/wp-content\\\/uploads\\\/2023\\\/01\\\/SMZ_Schriftzug_Sprache.png\",\"contentUrl\":\"https:\\\/\\\/www.musikzeitung.ch\\\/wp-content\\\/uploads\\\/2023\\\/01\\\/SMZ_Schriftzug_Sprache.png\",\"width\":1400,\"height\":279,\"caption\":\"Schweizer Musikzeitung\"},\"image\":{\"@id\":\"https:\\\/\\\/www.musikzeitung.ch\\\/#\\\/schema\\\/logo\\\/image\\\/\"},\"sameAs\":[\"https:\\\/\\\/www.facebook.com\\\/SchweizerMusikzeitung\\\/\",\"https:\\\/\\\/x.com\\\/smusikzeitung\",\"https:\\\/\\\/www.instagram.com\\\/musikzeitung.ch\\\/\"]},{\"@type\":\"Person\",\"@id\":\"https:\\\/\\\/www.musikzeitung.ch\\\/#\\\/schema\\\/person\\\/0da4fb82d243f1252850a35d0e87cf0c\",\"name\":\"Wolfgang B\u00f6hler\",\"image\":{\"@type\":\"ImageObject\",\"inLanguage\":\"en-US\",\"@id\":\"https:\\\/\\\/www.musikzeitung.ch\\\/wp-content\\\/uploads\\\/2023\\\/01\\\/boehler_portraet_web-e1674139782246-96x96.jpg\",\"url\":\"https:\\\/\\\/www.musikzeitung.ch\\\/wp-content\\\/uploads\\\/2023\\\/01\\\/boehler_portraet_web-e1674139782246-96x96.jpg\",\"contentUrl\":\"https:\\\/\\\/www.musikzeitung.ch\\\/wp-content\\\/uploads\\\/2023\\\/01\\\/boehler_portraet_web-e1674139782246-96x96.jpg\",\"caption\":\"Wolfgang B\u00f6hler\"},\"sameAs\":[\"http:\\\/\\\/www.manacanto.ch\",\"https:\\\/\\\/www.facebook.com\\\/wolfgang.bohler.75\"],\"url\":\"https:\\\/\\\/www.musikzeitung.ch\\\/en\\\/author\\\/wolfgang-boehler\"}]}<\/script>\n<!-- \/ Yoast SEO plugin. -->","yoast_head_json":{"title":"Death of Conductor and Cultural Manager Armin Brunner - Swiss Music Journal","description":"Armin Brunner, the conductor and longtime head of cultural programming at Swiss Television, has died at the age of 93.","robots":{"index":"index","follow":"follow","max-snippet":"max-snippet:-1","max-image-preview":"max-image-preview:large","max-video-preview":"max-video-preview:-1"},"canonical":"https:\/\/www.musikzeitung.ch\/en\/news\/2026\/08\/tod-des-dirigenten-und-kulturmanagers-armin-brunner\/","og_locale":"en_US","og_type":"article","og_title":"Tod des Dirigenten und Kulturmanagers Armin Brunner - Schweizer Musikzeitung","og_description":"Armin Brunner, der Dirigent und langj\u00e4hrige Kulturchef des Schweizer Fernsehens, ist im Alter von 93 Jahren verstorben.","og_url":"https:\/\/www.musikzeitung.ch\/en\/news\/2026\/08\/tod-des-dirigenten-und-kulturmanagers-armin-brunner\/","og_site_name":"Schweizer Musikzeitung","article_publisher":"https:\/\/www.facebook.com\/SchweizerMusikzeitung\/","article_author":"https:\/\/www.facebook.com\/wolfgang.bohler.75","article_published_time":"2026-08-18T05:49:04+00:00","article_modified_time":"2026-08-18T06:59:04+00:00","og_image":[{"width":1400,"height":815,"url":"https:\/\/www.musikzeitung.ch\/wp-content\/uploads\/2026\/08\/260818brunner.jpg","type":"image\/jpeg"}],"author":"Wolfgang B\u00f6hler","twitter_card":"summary_large_image","twitter_creator":"@smusikzeitung","twitter_site":"@smusikzeitung","twitter_misc":{"Written by":"Wolfgang B\u00f6hler","Est. reading time":"1 minute"},"schema":{"@context":"https:\/\/schema.org","@graph":[{"@type":"Article","@id":"https:\/\/www.musikzeitung.ch\/news\/2026\/08\/tod-des-dirigenten-und-kulturmanagers-armin-brunner#article","isPartOf":{"@id":"https:\/\/www.musikzeitung.ch\/news\/2026\/08\/tod-des-dirigenten-und-kulturmanagers-armin-brunner"},"author":{"name":"Wolfgang B\u00f6hler","@id":"https:\/\/www.musikzeitung.ch\/#\/schema\/person\/0da4fb82d243f1252850a35d0e87cf0c"},"headline":"Tod des Dirigenten und Kulturmanagers Armin Brunner","datePublished":"2026-08-18T05:49:04+00:00","dateModified":"2026-08-18T06:59:04+00:00","mainEntityOfPage":{"@id":"https:\/\/www.musikzeitung.ch\/news\/2026\/08\/tod-des-dirigenten-und-kulturmanagers-armin-brunner"},"wordCount":89,"publisher":{"@id":"https:\/\/www.musikzeitung.ch\/#organization"},"image":{"@id":"https:\/\/www.musikzeitung.ch\/news\/2026\/08\/tod-des-dirigenten-und-kulturmanagers-armin-brunner#primaryimage"},"thumbnailUrl":"https:\/\/www.musikzeitung.ch\/wp-content\/uploads\/2026\/08\/260818brunner.jpg","keywords":["Armin Brunner"],"articleSection":["News","Personen"],"inLanguage":"en-US"},{"@type":"WebPage","@id":"https:\/\/www.musikzeitung.ch\/news\/2026\/08\/tod-des-dirigenten-und-kulturmanagers-armin-brunner","url":"https:\/\/www.musikzeitung.ch\/news\/2026\/08\/tod-des-dirigenten-und-kulturmanagers-armin-brunner","name":"Death of Conductor and Cultural Manager Armin Brunner - Swiss Music Journal","isPartOf":{"@id":"https:\/\/www.musikzeitung.ch\/#website"},"primaryImageOfPage":{"@id":"https:\/\/www.musikzeitung.ch\/news\/2026\/08\/tod-des-dirigenten-und-kulturmanagers-armin-brunner#primaryimage"},"image":{"@id":"https:\/\/www.musikzeitung.ch\/news\/2026\/08\/tod-des-dirigenten-und-kulturmanagers-armin-brunner#primaryimage"},"thumbnailUrl":"https:\/\/www.musikzeitung.ch\/wp-content\/uploads\/2026\/08\/260818brunner.jpg","datePublished":"2026-08-18T05:49:04+00:00","dateModified":"2026-08-18T06:59:04+00:00","description":"Armin Brunner, the conductor and longtime head of cultural programming at Swiss Television, has died at the age of 93.","breadcrumb":{"@id":"https:\/\/www.musikzeitung.ch\/news\/2026\/08\/tod-des-dirigenten-und-kulturmanagers-armin-brunner#breadcrumb"},"inLanguage":"en-US","potentialAction":[{"@type":"ReadAction","target":["https:\/\/www.musikzeitung.ch\/news\/2026\/08\/tod-des-dirigenten-und-kulturmanagers-armin-brunner"]}]},{"@type":"ImageObject","inLanguage":"en-US","@id":"https:\/\/www.musikzeitung.ch\/news\/2026\/08\/tod-des-dirigenten-und-kulturmanagers-armin-brunner#primaryimage","url":"https:\/\/www.musikzeitung.ch\/wp-content\/uploads\/2026\/08\/260818brunner.jpg","contentUrl":"https:\/\/www.musikzeitung.ch\/wp-content\/uploads\/2026\/08\/260818brunner.jpg","width":1400,"height":815,"caption":"Armin Brunner (Bild: Wikimedia Commons\/Anthropogen anthropogen"},{"@type":"BreadcrumbList","@id":"https:\/\/www.musikzeitung.ch\/news\/2026\/08\/tod-des-dirigenten-und-kulturmanagers-armin-brunner#breadcrumb","itemListElement":[{"@type":"ListItem","position":1,"name":"Home","item":"https:\/\/www.musikzeitung.ch\/"},{"@type":"ListItem","position":2,"name":"Tod des Dirigenten und Kulturmanagers Armin Brunner"}]},{"@type":"WebSite","@id":"https:\/\/www.musikzeitung.ch\/#website","url":"https:\/\/www.musikzeitung.ch\/","name":"Swiss Music Newspaper","description":"The leading interdisciplinary monthly newspaper in Switzerland for musical issues.","publisher":{"@id":"https:\/\/www.musikzeitung.ch\/#organization"},"potentialAction":[{"@type":"SearchAction","target":{"@type":"EntryPoint","urlTemplate":"https:\/\/www.musikzeitung.ch\/?s={search_term_string}"},"query-input":{"@type":"PropertyValueSpecification","valueRequired":true,"valueName":"search_term_string"}}],"inLanguage":"en-US"},{"@type":"Organization","@id":"https:\/\/www.musikzeitung.ch\/#organization","name":"Swiss Music Newspaper","url":"https:\/\/www.musikzeitung.ch\/","logo":{"@type":"ImageObject","inLanguage":"en-US","@id":"https:\/\/www.musikzeitung.ch\/#\/schema\/logo\/image\/","url":"https:\/\/www.musikzeitung.ch\/wp-content\/uploads\/2023\/01\/SMZ_Schriftzug_Sprache.png","contentUrl":"https:\/\/www.musikzeitung.ch\/wp-content\/uploads\/2023\/01\/SMZ_Schriftzug_Sprache.png","width":1400,"height":279,"caption":"Schweizer Musikzeitung"},"image":{"@id":"https:\/\/www.musikzeitung.ch\/#\/schema\/logo\/image\/"},"sameAs":["https:\/\/www.facebook.com\/SchweizerMusikzeitung\/","https:\/\/x.com\/smusikzeitung","https:\/\/www.instagram.com\/musikzeitung.ch\/"]},{"@type":"Person","@id":"https:\/\/www.musikzeitung.ch\/#\/schema\/person\/0da4fb82d243f1252850a35d0e87cf0c","name":"Wolfgang B\u00f6hler","image":{"@type":"ImageObject","inLanguage":"en-US","@id":"https:\/\/www.musikzeitung.ch\/wp-content\/uploads\/2023\/01\/boehler_portraet_web-e1674139782246-96x96.jpg","url":"https:\/\/www.musikzeitung.ch\/wp-content\/uploads\/2023\/01\/boehler_portraet_web-e1674139782246-96x96.jpg","contentUrl":"https:\/\/www.musikzeitung.ch\/wp-content\/uploads\/2023\/01\/boehler_portraet_web-e1674139782246-96x96.jpg","caption":"Wolfgang B\u00f6hler"},"sameAs":["http:\/\/www.manacanto.ch","https:\/\/www.facebook.com\/wolfgang.bohler.75"],"url":"https:\/\/www.musikzeitung.ch\/en\/author\/wolfgang-boehler"}]}},"publishpress_future_workflow_manual_trigger":{"enabledWorkflows":[]},"_links":{"self":[{"href":"https:\/\/www.musikzeitung.ch\/en\/wp-json\/wp\/v2\/posts\/74713","targetHints":{"allow":["GET"]}}],"collection":[{"href":"https:\/\/www.musikzeitung.ch\/en\/wp-json\/wp\/v2\/posts"}],"about":[{"href":"https:\/\/www.musikzeitung.ch\/en\/wp-json\/wp\/v2\/types\/post"}],"author":[{"embeddable":true,"href":"https:\/\/www.musikzeitung.ch\/en\/wp-json\/wp\/v2\/users\/30"}],"replies":[{"embeddable":true,"href":"https:\/\/www.musikzeitung.ch\/en\/wp-json\/wp\/v2\/comments?post=74713"}],"version-history":[{"count":4,"href":"https:\/\/www.musikzeitung.ch\/en\/wp-json\/wp\/v2\/posts\/74713\/revisions"}],"predecessor-version":[{"id":74718,"href":"https:\/\/www.musikzeitung.ch\/en\/wp-json\/wp\/v2\/posts\/74713\/revisions\/74718"}],"wp:featuredmedia":[{"embeddable":true,"href":"https:\/\/www.musikzeitung.ch\/en\/wp-json\/wp\/v2\/media\/74714"}],"wp:attachment":[{"href":"https:\/\/www.musikzeitung.ch\/en\/wp-json\/wp\/v2\/media?parent=74713"}],"wp:term":[{"taxonomy":"category","embeddable":true,"href":"https:\/\/www.musikzeitung.ch\/en\/wp-json\/wp\/v2\/categories?post=74713"},{"taxonomy":"post_tag","embeddable":true,"href":"https:\/\/www.musikzeitung.ch\/en\/wp-json\/wp\/v2\/tags?post=74713"}],"curies":[{"name":"wp","href":"https:\/\/api.w.org\/{rel}","templated":true}]}}