{"id":75186,"date":"2026-08-31T03:49:00","date_gmt":"2026-08-31T01:49:00","guid":{"rendered":"https:\/\/www.musikzeitung.ch\/?p=75186"},"modified":"2026-08-31T03:49:00","modified_gmt":"2026-08-31T01:49:00","slug":"ein-neuer-zentralsekretaer-fuer-den-smv","status":"publish","type":"post","link":"https:\/\/www.musikzeitung.ch\/en\/basis\/smv\/2026\/08\/ein-neuer-zentralsekretaer-fuer-den-smv","title":{"rendered":"A New Executive Secretary for the SMV"},"content":{"rendered":"<p>This year\u2019s SMV Delegates\u2019 Assembly took place in Biel amid sweltering midsummer heat. The venue was the Farelsaal, an architectural icon from the late 1950s. Originally a parish hall for the Reformed Church, it has been operated by a new management team for the past 10 years as a cultural center featuring an attractive bistro and a hall that hosts a wide variety of events.<\/p>\n<p>The concert opened with a wind quintet from the Biel Solothurn Symphony Orchestra performing Darius Milhaud's <em>King Ren\u00e9's Chimney<\/em> performed it with great nuance and beautiful tone.<\/p>\n<p>In his opening remarks, Co-Central President Davide J\u00e4ger said that, in the general public\u2019s understanding, the SMV is primarily associated with \u00abtariffs.\u00bb The recently published \u201cTariff Traffic Light\u201d\u2014which documents which professional orchestras meet or fall short of the SMV minimum tariff\u2014shows where we stand today. Despite widespread pressure to cut costs, this should not even be up for debate; rather, the government should provide more generous support for culture. Defense projects are given priority, even though cultural projects cost much less. In closing, J\u00e4ger noted that awareness of the minimum wage still needs to grow.<\/p>\n<p>Co-President Muriel Noble, for her part, noted that appreciation for the profession of musician itself is still somewhat underdeveloped, given that even subscribers to the Orchestre de la Suisse Romande are unaware that it is a professional orchestra. The cost of training is completely overlooked, not to mention the expensive instruments. Noble also reminded the audience that solidarity among permanently employed musicians and freelancers is very important.<\/p>\n<p>Sophie Laville, President of the SMV\u2019s Biel Chapter, also welcomed the delegates and drew parallels between her orchestra\u2014which is seeking a new artistic director for the 2027\u201328 season\u2014and the SMV, where a new Central Secretary will soon take the helm of our association. A time of change\u2026<\/p>\n<p>Cristian Vasile of Geneva is stepping down from the Central Board after 22 years. Muriel Noble paid tribute to his contributions (which we will cover in a separate report) and described Cristian as someone who followed his own path but still dedicated himself to the collective.<\/p>\n<p>Having reached retirement age, Beat Santschi is also stepping down from his position as SMV Central Secretary (see the article dedicated to him about his work with the SMV and an interview with him). Toni Krein, president of orchester.ch, the Association of Swiss Professional Orchestras, noted that his relationship with Beat Santschi had always been characterized by respect and personal trust\u2014something that cannot be taken for granted. Davide J\u00e4ger remarked that Beat Santschi had become the very embodiment of the SMV, first as a member of the Central Executive Board, then as Central President, and finally as Central Secretary. It had always been important to him that freelancers and permanent employees work together toward a common goal. Beat Santschi was awarded honorary membership in the SMV. The honoree expressed his gratitude for the recognition. He noted that he had served on SMV committees for 28 years and was the first freelancer to serve as Central President. He noted that the pandemic had been the most difficult period of his professional life, but that the \u201cTaskforce culture\u201d had been very helpful. As his hopes for the future, he cited fair wages and social security for both permanent employees and freelancers. We are on the right track, but the road ahead is still rocky. More work needs to be done to improve the standing of the musician profession. He hopes that the fight for compensation when musicians\u2019 work is used by AI can be won. International solidarity is important. Various professional associations should also join forces at the national level.<\/p>\n<p>Carlo Mathieu, a candidate for the SMV Central Secretariat, then introduced himself. He will be featured in a separate article in the next issue of the SMZ. He was unanimously elected as Beat Santschi\u2019s successor. Ma\u00ebl Graa, a professional tenor from French-speaking Switzerland who has long been advocating for better working conditions for freelance singers in Western Switzerland, was elected to the Central Executive Board as the successor to Cristian Vasile (see article with interview).<\/p>\n<p>As agreed at the 2025 General Assembly, the \u00abBalancing Care and Work\u00bb and \u00abHealth and Safety Platform\u00bb working groups reported on their activities. There was a lengthy and contentious discussion about which working group should be continued. While the Central Executive Committee seeks and favors a comprehensive solution in which health issues, as well as workplace bullying and the balance between work and childcare, are all facets of a comprehensive health strategy, a majority of the delegates favored prioritizing the \u00abWork-Life Balance\u00bb working group for the time being, as it specifically addresses the day-to-day challenges faced by pregnant women and new parents. \u00abHealth and Safety\u00bb is being further explored and developed by Muriel Noble in collaboration with physical therapist Jody Karoubi.<\/p>\n<p>A motion by the Zurich Section calling for greater transparency in the selection of delegates to national and international labor union assemblies was noted.<\/p>\n<p>With the departure of Beat Santschi and the election of Carlo Mathieu, the Biel Delegates\u2019 Assembly had already taken on an almost historic significance, but the lively discussions and the record-breaking outdoor temperature are also likely to be remembered.<\/p>\n<p><em>The minutes of this DM will be published on the SMV website and can also be viewed at the Central Secretariat.<\/em><\/p>","protected":false},"excerpt":{"rendered":"<p>On June 25, the SMV delegates elected Carlo Mathieu as the new central secretary. He succeeds Beat Santschi, who successfully guided the SMV through difficult times.<\/p>","protected":false},"author":43673,"featured_media":75187,"comment_status":"closed","ping_status":"closed","sticky":false,"template":"","format":"standard","meta":{"_acf_changed":false,"_relevanssi_hide_post":"","_relevanssi_hide_content":"","_relevanssi_pin_for_all":"","_relevanssi_pin_keywords":"","_relevanssi_unpin_keywords":"","_relevanssi_related_keywords":"","_relevanssi_related_include_ids":"","_relevanssi_related_exclude_ids":"","_relevanssi_related_no_append":"","_relevanssi_related_not_related":"","_relevanssi_related_posts":"","_relevanssi_noindex_reason":"","pgc_sgb_lightbox_settings":"","footnotes":""},"categories":[53],"tags":[2927,2081],"class_list":["post-75186","post","type-post","status-publish","format-standard","has-post-thumbnail","hentry","category-smv","tag-delegiertenversammlung","tag-smv"],"acf":{"author":"Daniel Lienhard"},"yoast_head":"<!-- This site is optimized with the Yoast SEO plugin v28.3 - https:\/\/yoast.com\/product\/yoast-seo-wordpress\/ -->\n<title>Ein neuer Zentralsekret\u00e4r f\u00fcr den SMV - Schweizer Musikzeitung<\/title>\n<meta name=\"robots\" content=\"index, follow, max-snippet:-1, max-image-preview:large, max-video-preview:-1\" \/>\n<link rel=\"canonical\" href=\"https:\/\/www.musikzeitung.ch\/en\/basis\/smv\/2026\/08\/ein-neuer-zentralsekretaer-fuer-den-smv\/\" \/>\n<meta property=\"og:locale\" content=\"en_US\" \/>\n<meta property=\"og:type\" content=\"article\" \/>\n<meta property=\"og:title\" content=\"Ein neuer Zentralsekret\u00e4r f\u00fcr den SMV - Schweizer Musikzeitung\" \/>\n<meta property=\"og:description\" content=\"Am 25. Juni w\u00e4hlten die Delegierten des SMV Carlo Mathieu zum neuen Zentralsekret\u00e4r. Er folgt auf Beat Santschi, der den SMV erfolgreich durch schwierige Zeiten gef\u00fchrt hat.\" \/>\n<meta property=\"og:url\" content=\"https:\/\/www.musikzeitung.ch\/en\/basis\/smv\/2026\/08\/ein-neuer-zentralsekretaer-fuer-den-smv\/\" \/>\n<meta property=\"og:site_name\" content=\"Schweizer Musikzeitung\" \/>\n<meta property=\"article:publisher\" content=\"https:\/\/www.facebook.com\/SchweizerMusikzeitung\/\" \/>\n<meta property=\"article:published_time\" content=\"2026-08-31T01:49:00+00:00\" \/>\n<meta property=\"og:image\" content=\"https:\/\/www.musikzeitung.ch\/wp-content\/uploads\/2026\/08\/Bienne-AD-2026.jpeg\" \/>\n\t<meta property=\"og:image:width\" content=\"1166\" \/>\n\t<meta property=\"og:image:height\" content=\"794\" \/>\n\t<meta property=\"og:image:type\" content=\"image\/jpeg\" \/>\n<meta name=\"author\" content=\"Laurent Mettraux\" \/>\n<meta name=\"twitter:card\" content=\"summary_large_image\" \/>\n<meta name=\"twitter:creator\" content=\"@smusikzeitung\" \/>\n<meta name=\"twitter:site\" content=\"@smusikzeitung\" \/>\n<meta name=\"twitter:label1\" content=\"Written by\" \/>\n\t<meta name=\"twitter:data1\" content=\"Laurent Mettraux\" \/>\n\t<meta name=\"twitter:label2\" content=\"Est. reading time\" \/>\n\t<meta name=\"twitter:data2\" content=\"5 minutes\" \/>\n<script type=\"application\/ld+json\" class=\"yoast-schema-graph\">{\"@context\":\"https:\\\/\\\/schema.org\",\"@graph\":[{\"@type\":\"Article\",\"@id\":\"https:\\\/\\\/www.musikzeitung.ch\\\/basis\\\/smv\\\/2026\\\/08\\\/ein-neuer-zentralsekretaer-fuer-den-smv#article\",\"isPartOf\":{\"@id\":\"https:\\\/\\\/www.musikzeitung.ch\\\/basis\\\/smv\\\/2026\\\/08\\\/ein-neuer-zentralsekretaer-fuer-den-smv\"},\"author\":{\"name\":\"Laurent Mettraux\",\"@id\":\"https:\\\/\\\/www.musikzeitung.ch\\\/#\\\/schema\\\/person\\\/a70ee96522ef273659c9bcd9b68e5321\"},\"headline\":\"Ein neuer Zentralsekret\u00e4r f\u00fcr den SMV\",\"datePublished\":\"2026-08-31T01:49:00+00:00\",\"mainEntityOfPage\":{\"@id\":\"https:\\\/\\\/www.musikzeitung.ch\\\/basis\\\/smv\\\/2026\\\/08\\\/ein-neuer-zentralsekretaer-fuer-den-smv\"},\"wordCount\":863,\"publisher\":{\"@id\":\"https:\\\/\\\/www.musikzeitung.ch\\\/#organization\"},\"image\":{\"@id\":\"https:\\\/\\\/www.musikzeitung.ch\\\/basis\\\/smv\\\/2026\\\/08\\\/ein-neuer-zentralsekretaer-fuer-den-smv#primaryimage\"},\"thumbnailUrl\":\"https:\\\/\\\/www.musikzeitung.ch\\\/wp-content\\\/uploads\\\/2026\\\/08\\\/Bienne-AD-2026.jpeg\",\"keywords\":[\"Delegiertenversammlung\",\"SMV\"],\"articleSection\":[\"SMV\"],\"inLanguage\":\"en-US\"},{\"@type\":\"WebPage\",\"@id\":\"https:\\\/\\\/www.musikzeitung.ch\\\/basis\\\/smv\\\/2026\\\/08\\\/ein-neuer-zentralsekretaer-fuer-den-smv\",\"url\":\"https:\\\/\\\/www.musikzeitung.ch\\\/basis\\\/smv\\\/2026\\\/08\\\/ein-neuer-zentralsekretaer-fuer-den-smv\",\"name\":\"Ein neuer Zentralsekret\u00e4r f\u00fcr den SMV - Schweizer Musikzeitung\",\"isPartOf\":{\"@id\":\"https:\\\/\\\/www.musikzeitung.ch\\\/#website\"},\"primaryImageOfPage\":{\"@id\":\"https:\\\/\\\/www.musikzeitung.ch\\\/basis\\\/smv\\\/2026\\\/08\\\/ein-neuer-zentralsekretaer-fuer-den-smv#primaryimage\"},\"image\":{\"@id\":\"https:\\\/\\\/www.musikzeitung.ch\\\/basis\\\/smv\\\/2026\\\/08\\\/ein-neuer-zentralsekretaer-fuer-den-smv#primaryimage\"},\"thumbnailUrl\":\"https:\\\/\\\/www.musikzeitung.ch\\\/wp-content\\\/uploads\\\/2026\\\/08\\\/Bienne-AD-2026.jpeg\",\"datePublished\":\"2026-08-31T01:49:00+00:00\",\"breadcrumb\":{\"@id\":\"https:\\\/\\\/www.musikzeitung.ch\\\/basis\\\/smv\\\/2026\\\/08\\\/ein-neuer-zentralsekretaer-fuer-den-smv#breadcrumb\"},\"inLanguage\":\"en-US\",\"potentialAction\":[{\"@type\":\"ReadAction\",\"target\":[\"https:\\\/\\\/www.musikzeitung.ch\\\/basis\\\/smv\\\/2026\\\/08\\\/ein-neuer-zentralsekretaer-fuer-den-smv\"]}]},{\"@type\":\"ImageObject\",\"inLanguage\":\"en-US\",\"@id\":\"https:\\\/\\\/www.musikzeitung.ch\\\/basis\\\/smv\\\/2026\\\/08\\\/ein-neuer-zentralsekretaer-fuer-den-smv#primaryimage\",\"url\":\"https:\\\/\\\/www.musikzeitung.ch\\\/wp-content\\\/uploads\\\/2026\\\/08\\\/Bienne-AD-2026.jpeg\",\"contentUrl\":\"https:\\\/\\\/www.musikzeitung.ch\\\/wp-content\\\/uploads\\\/2026\\\/08\\\/Bienne-AD-2026.jpeg\",\"width\":1166,\"height\":794},{\"@type\":\"BreadcrumbList\",\"@id\":\"https:\\\/\\\/www.musikzeitung.ch\\\/basis\\\/smv\\\/2026\\\/08\\\/ein-neuer-zentralsekretaer-fuer-den-smv#breadcrumb\",\"itemListElement\":[{\"@type\":\"ListItem\",\"position\":1,\"name\":\"Home\",\"item\":\"https:\\\/\\\/www.musikzeitung.ch\\\/\"},{\"@type\":\"ListItem\",\"position\":2,\"name\":\"Ein neuer Zentralsekret\u00e4r f\u00fcr den SMV\"}]},{\"@type\":\"WebSite\",\"@id\":\"https:\\\/\\\/www.musikzeitung.ch\\\/#website\",\"url\":\"https:\\\/\\\/www.musikzeitung.ch\\\/\",\"name\":\"Schweizer Musikzeitung\",\"description\":\"Die f\u00fchrende sparten\u00fcbergreifende Monatszeitung in der Schweiz f\u00fcr musikalische Fragen.\",\"publisher\":{\"@id\":\"https:\\\/\\\/www.musikzeitung.ch\\\/#organization\"},\"potentialAction\":[{\"@type\":\"SearchAction\",\"target\":{\"@type\":\"EntryPoint\",\"urlTemplate\":\"https:\\\/\\\/www.musikzeitung.ch\\\/?s={search_term_string}\"},\"query-input\":{\"@type\":\"PropertyValueSpecification\",\"valueRequired\":true,\"valueName\":\"search_term_string\"}}],\"inLanguage\":\"en-US\"},{\"@type\":\"Organization\",\"@id\":\"https:\\\/\\\/www.musikzeitung.ch\\\/#organization\",\"name\":\"Schweizer Musikzeitung\",\"url\":\"https:\\\/\\\/www.musikzeitung.ch\\\/\",\"logo\":{\"@type\":\"ImageObject\",\"inLanguage\":\"en-US\",\"@id\":\"https:\\\/\\\/www.musikzeitung.ch\\\/#\\\/schema\\\/logo\\\/image\\\/\",\"url\":\"https:\\\/\\\/www.musikzeitung.ch\\\/wp-content\\\/uploads\\\/2023\\\/01\\\/SMZ_Schriftzug_Sprache.png\",\"contentUrl\":\"https:\\\/\\\/www.musikzeitung.ch\\\/wp-content\\\/uploads\\\/2023\\\/01\\\/SMZ_Schriftzug_Sprache.png\",\"width\":1400,\"height\":279,\"caption\":\"Schweizer Musikzeitung\"},\"image\":{\"@id\":\"https:\\\/\\\/www.musikzeitung.ch\\\/#\\\/schema\\\/logo\\\/image\\\/\"},\"sameAs\":[\"https:\\\/\\\/www.facebook.com\\\/SchweizerMusikzeitung\\\/\",\"https:\\\/\\\/x.com\\\/smusikzeitung\",\"https:\\\/\\\/www.instagram.com\\\/musikzeitung.ch\\\/\"]},{\"@type\":\"Person\",\"@id\":\"https:\\\/\\\/www.musikzeitung.ch\\\/#\\\/schema\\\/person\\\/a70ee96522ef273659c9bcd9b68e5321\",\"name\":\"Laurent Mettraux\",\"image\":{\"@type\":\"ImageObject\",\"inLanguage\":\"en-US\",\"@id\":\"https:\\\/\\\/secure.gravatar.com\\\/avatar\\\/0ff4c55a3beaca23cf8ac030f6a4d207c5c42f40aa03f3accbc97af09da0d956?s=96&d=mm&r=g\",\"url\":\"https:\\\/\\\/secure.gravatar.com\\\/avatar\\\/0ff4c55a3beaca23cf8ac030f6a4d207c5c42f40aa03f3accbc97af09da0d956?s=96&d=mm&r=g\",\"contentUrl\":\"https:\\\/\\\/secure.gravatar.com\\\/avatar\\\/0ff4c55a3beaca23cf8ac030f6a4d207c5c42f40aa03f3accbc97af09da0d956?s=96&d=mm&r=g\",\"caption\":\"Laurent Mettraux\"},\"url\":\"https:\\\/\\\/www.musikzeitung.ch\\\/en\\\/author\\\/laurent-mettraux\"}]}<\/script>\n<!-- \/ Yoast SEO plugin. -->","yoast_head_json":{"title":"Ein neuer Zentralsekret\u00e4r f\u00fcr den SMV - Schweizer Musikzeitung","robots":{"index":"index","follow":"follow","max-snippet":"max-snippet:-1","max-image-preview":"max-image-preview:large","max-video-preview":"max-video-preview:-1"},"canonical":"https:\/\/www.musikzeitung.ch\/en\/basis\/smv\/2026\/08\/ein-neuer-zentralsekretaer-fuer-den-smv\/","og_locale":"en_US","og_type":"article","og_title":"Ein neuer Zentralsekret\u00e4r f\u00fcr den SMV - Schweizer Musikzeitung","og_description":"Am 25. Juni w\u00e4hlten die Delegierten des SMV Carlo Mathieu zum neuen Zentralsekret\u00e4r. Er folgt auf Beat Santschi, der den SMV erfolgreich durch schwierige Zeiten gef\u00fchrt hat.","og_url":"https:\/\/www.musikzeitung.ch\/en\/basis\/smv\/2026\/08\/ein-neuer-zentralsekretaer-fuer-den-smv\/","og_site_name":"Schweizer Musikzeitung","article_publisher":"https:\/\/www.facebook.com\/SchweizerMusikzeitung\/","article_published_time":"2026-08-31T01:49:00+00:00","og_image":[{"width":1166,"height":794,"url":"https:\/\/www.musikzeitung.ch\/wp-content\/uploads\/2026\/08\/Bienne-AD-2026.jpeg","type":"image\/jpeg"}],"author":"Laurent Mettraux","twitter_card":"summary_large_image","twitter_creator":"@smusikzeitung","twitter_site":"@smusikzeitung","twitter_misc":{"Written by":"Laurent Mettraux","Est. reading time":"5 minutes"},"schema":{"@context":"https:\/\/schema.org","@graph":[{"@type":"Article","@id":"https:\/\/www.musikzeitung.ch\/basis\/smv\/2026\/08\/ein-neuer-zentralsekretaer-fuer-den-smv#article","isPartOf":{"@id":"https:\/\/www.musikzeitung.ch\/basis\/smv\/2026\/08\/ein-neuer-zentralsekretaer-fuer-den-smv"},"author":{"name":"Laurent Mettraux","@id":"https:\/\/www.musikzeitung.ch\/#\/schema\/person\/a70ee96522ef273659c9bcd9b68e5321"},"headline":"Ein neuer Zentralsekret\u00e4r f\u00fcr den SMV","datePublished":"2026-08-31T01:49:00+00:00","mainEntityOfPage":{"@id":"https:\/\/www.musikzeitung.ch\/basis\/smv\/2026\/08\/ein-neuer-zentralsekretaer-fuer-den-smv"},"wordCount":863,"publisher":{"@id":"https:\/\/www.musikzeitung.ch\/#organization"},"image":{"@id":"https:\/\/www.musikzeitung.ch\/basis\/smv\/2026\/08\/ein-neuer-zentralsekretaer-fuer-den-smv#primaryimage"},"thumbnailUrl":"https:\/\/www.musikzeitung.ch\/wp-content\/uploads\/2026\/08\/Bienne-AD-2026.jpeg","keywords":["Delegiertenversammlung","SMV"],"articleSection":["SMV"],"inLanguage":"en-US"},{"@type":"WebPage","@id":"https:\/\/www.musikzeitung.ch\/basis\/smv\/2026\/08\/ein-neuer-zentralsekretaer-fuer-den-smv","url":"https:\/\/www.musikzeitung.ch\/basis\/smv\/2026\/08\/ein-neuer-zentralsekretaer-fuer-den-smv","name":"Ein neuer Zentralsekret\u00e4r f\u00fcr den SMV - Schweizer Musikzeitung","isPartOf":{"@id":"https:\/\/www.musikzeitung.ch\/#website"},"primaryImageOfPage":{"@id":"https:\/\/www.musikzeitung.ch\/basis\/smv\/2026\/08\/ein-neuer-zentralsekretaer-fuer-den-smv#primaryimage"},"image":{"@id":"https:\/\/www.musikzeitung.ch\/basis\/smv\/2026\/08\/ein-neuer-zentralsekretaer-fuer-den-smv#primaryimage"},"thumbnailUrl":"https:\/\/www.musikzeitung.ch\/wp-content\/uploads\/2026\/08\/Bienne-AD-2026.jpeg","datePublished":"2026-08-31T01:49:00+00:00","breadcrumb":{"@id":"https:\/\/www.musikzeitung.ch\/basis\/smv\/2026\/08\/ein-neuer-zentralsekretaer-fuer-den-smv#breadcrumb"},"inLanguage":"en-US","potentialAction":[{"@type":"ReadAction","target":["https:\/\/www.musikzeitung.ch\/basis\/smv\/2026\/08\/ein-neuer-zentralsekretaer-fuer-den-smv"]}]},{"@type":"ImageObject","inLanguage":"en-US","@id":"https:\/\/www.musikzeitung.ch\/basis\/smv\/2026\/08\/ein-neuer-zentralsekretaer-fuer-den-smv#primaryimage","url":"https:\/\/www.musikzeitung.ch\/wp-content\/uploads\/2026\/08\/Bienne-AD-2026.jpeg","contentUrl":"https:\/\/www.musikzeitung.ch\/wp-content\/uploads\/2026\/08\/Bienne-AD-2026.jpeg","width":1166,"height":794},{"@type":"BreadcrumbList","@id":"https:\/\/www.musikzeitung.ch\/basis\/smv\/2026\/08\/ein-neuer-zentralsekretaer-fuer-den-smv#breadcrumb","itemListElement":[{"@type":"ListItem","position":1,"name":"Home","item":"https:\/\/www.musikzeitung.ch\/"},{"@type":"ListItem","position":2,"name":"Ein neuer Zentralsekret\u00e4r f\u00fcr den SMV"}]},{"@type":"WebSite","@id":"https:\/\/www.musikzeitung.ch\/#website","url":"https:\/\/www.musikzeitung.ch\/","name":"Swiss Music Newspaper","description":"The leading interdisciplinary monthly newspaper in Switzerland for musical issues.","publisher":{"@id":"https:\/\/www.musikzeitung.ch\/#organization"},"potentialAction":[{"@type":"SearchAction","target":{"@type":"EntryPoint","urlTemplate":"https:\/\/www.musikzeitung.ch\/?s={search_term_string}"},"query-input":{"@type":"PropertyValueSpecification","valueRequired":true,"valueName":"search_term_string"}}],"inLanguage":"en-US"},{"@type":"Organization","@id":"https:\/\/www.musikzeitung.ch\/#organization","name":"Swiss Music Newspaper","url":"https:\/\/www.musikzeitung.ch\/","logo":{"@type":"ImageObject","inLanguage":"en-US","@id":"https:\/\/www.musikzeitung.ch\/#\/schema\/logo\/image\/","url":"https:\/\/www.musikzeitung.ch\/wp-content\/uploads\/2023\/01\/SMZ_Schriftzug_Sprache.png","contentUrl":"https:\/\/www.musikzeitung.ch\/wp-content\/uploads\/2023\/01\/SMZ_Schriftzug_Sprache.png","width":1400,"height":279,"caption":"Schweizer Musikzeitung"},"image":{"@id":"https:\/\/www.musikzeitung.ch\/#\/schema\/logo\/image\/"},"sameAs":["https:\/\/www.facebook.com\/SchweizerMusikzeitung\/","https:\/\/x.com\/smusikzeitung","https:\/\/www.instagram.com\/musikzeitung.ch\/"]},{"@type":"Person","@id":"https:\/\/www.musikzeitung.ch\/#\/schema\/person\/a70ee96522ef273659c9bcd9b68e5321","name":"Laurent Mettraux","image":{"@type":"ImageObject","inLanguage":"en-US","@id":"https:\/\/secure.gravatar.com\/avatar\/0ff4c55a3beaca23cf8ac030f6a4d207c5c42f40aa03f3accbc97af09da0d956?s=96&d=mm&r=g","url":"https:\/\/secure.gravatar.com\/avatar\/0ff4c55a3beaca23cf8ac030f6a4d207c5c42f40aa03f3accbc97af09da0d956?s=96&d=mm&r=g","contentUrl":"https:\/\/secure.gravatar.com\/avatar\/0ff4c55a3beaca23cf8ac030f6a4d207c5c42f40aa03f3accbc97af09da0d956?s=96&d=mm&r=g","caption":"Laurent Mettraux"},"url":"https:\/\/www.musikzeitung.ch\/en\/author\/laurent-mettraux"}]}},"publishpress_future_workflow_manual_trigger":{"enabledWorkflows":[]},"_links":{"self":[{"href":"https:\/\/www.musikzeitung.ch\/en\/wp-json\/wp\/v2\/posts\/75186","targetHints":{"allow":["GET"]}}],"collection":[{"href":"https:\/\/www.musikzeitung.ch\/en\/wp-json\/wp\/v2\/posts"}],"about":[{"href":"https:\/\/www.musikzeitung.ch\/en\/wp-json\/wp\/v2\/types\/post"}],"author":[{"embeddable":true,"href":"https:\/\/www.musikzeitung.ch\/en\/wp-json\/wp\/v2\/users\/43673"}],"replies":[{"embeddable":true,"href":"https:\/\/www.musikzeitung.ch\/en\/wp-json\/wp\/v2\/comments?post=75186"}],"version-history":[{"count":2,"href":"https:\/\/www.musikzeitung.ch\/en\/wp-json\/wp\/v2\/posts\/75186\/revisions"}],"predecessor-version":[{"id":75189,"href":"https:\/\/www.musikzeitung.ch\/en\/wp-json\/wp\/v2\/posts\/75186\/revisions\/75189"}],"wp:featuredmedia":[{"embeddable":true,"href":"https:\/\/www.musikzeitung.ch\/en\/wp-json\/wp\/v2\/media\/75187"}],"wp:attachment":[{"href":"https:\/\/www.musikzeitung.ch\/en\/wp-json\/wp\/v2\/media?parent=75186"}],"wp:term":[{"taxonomy":"category","embeddable":true,"href":"https:\/\/www.musikzeitung.ch\/en\/wp-json\/wp\/v2\/categories?post=75186"},{"taxonomy":"post_tag","embeddable":true,"href":"https:\/\/www.musikzeitung.ch\/en\/wp-json\/wp\/v2\/tags?post=75186"}],"curies":[{"name":"wp","href":"https:\/\/api.w.org\/{rel}","templated":true}]}}