{"id":75192,"date":"2026-08-31T04:10:43","date_gmt":"2026-08-31T02:10:43","guid":{"rendered":"https:\/\/www.musikzeitung.ch\/?p=75192"},"modified":"2026-08-31T04:27:49","modified_gmt":"2026-08-31T02:27:49","slug":"wechsel-im-zentralvorstand","status":"publish","type":"post","link":"https:\/\/www.musikzeitung.ch\/en\/basis\/smv\/2026\/08\/wechsel-im-zentralvorstand","title":{"rendered":"Changes to the Central Executive Board"},"content":{"rendered":"<p>Ma\u00ebl Graa, a professional tenor who lives at the foot of the Vaud Jura, holds a master\u2019s degree in humanities from the University of Lausanne (2021) and a master\u2019s degree in opera singing from the Lausanne Conservatory of Music (2025). He performs as a chorus member and soloist in several major ensembles in French-speaking Switzerland, such as the Ensemble Vocal de Lausanne and the Acad\u00e9mie vocale de Suisse romande, as well as in the choruses of the Op\u00e9ra de Lausanne and the Grand Th\u00e9\u00e2tre de Gen\u00e8ve. In addition to his artistic work, he serves as coordinator of the Geneva Conservatory of Music\u2019s alumni network and is committed to advancing his profession. He is a co-founder and secretary of the \u00abAssociation romande des choristes et solistes\u00bb (ARCS) and, in this role, supports initiatives and actions aimed at improving the working conditions of professional singers in French-speaking Switzerland.<\/p>\n<p><em>Ma\u00ebl, what motivates you to serve on the Central Executive Board?<\/em><\/p>\n<p>I would like to share my experience and knowledge of the arts community and its organizations with my colleagues. It is very important to me to bring their voices\u2014and especially those of low-income individuals\u2014into a constructive dialogue among the various stakeholders in the music community.<\/p>\n<p><em>What are the specific challenges that freelance singers face compared to instrumentalists?<\/em><\/p>\n<p>Generally speaking, since singers hold the same degree and (roughly) practice the same profession as instrumentalists, they tend to be respected less, and their working conditions are less than ideal. On top of that, permanent positions are, as is well known, very rare. For me, this is partly explained by a tradition of amateur choral singing, which is of a very high standard in Switzerland. We\u2019re very often asked what our actual profession is (I know that some instrumentalists hear this too) or whether we play an instrument. Incidentally, there are some facts worth highlighting that are particularly related to the professional practice of singers\u2014such as health, recovery time, or the connection to the stage\u2014as well as the challenges that affect all musicians.<\/p>\n<p><em>What else can the SMV do to support freelancers?<\/em><\/p>\n<p>The SMV already plays a crucial role in representation and providing information. It can continue to address issues related to status, compensation, and social security, and carry on its work of raising awareness among cultural partners to help them understand the realities of freelance work, which affect a large proportion of professional musicians in Switzerland.<\/p>","protected":false},"excerpt":{"rendered":"<p>The next issue will feature an article about Cristian Vasile, who, after 22 years on the Central Executive Committee, has stepped down to make way for Ma\u00ebl Graa, whom we introduce here.<\/p>","protected":false},"author":43673,"featured_media":75196,"comment_status":"closed","ping_status":"closed","sticky":false,"template":"","format":"standard","meta":{"_acf_changed":false,"_relevanssi_hide_post":"","_relevanssi_hide_content":"","_relevanssi_pin_for_all":"","_relevanssi_pin_keywords":"","_relevanssi_unpin_keywords":"","_relevanssi_related_keywords":"","_relevanssi_related_include_ids":"","_relevanssi_related_exclude_ids":"","_relevanssi_related_no_append":"","_relevanssi_related_not_related":"","_relevanssi_related_posts":"","_relevanssi_noindex_reason":"","pgc_sgb_lightbox_settings":"","footnotes":""},"categories":[53],"tags":[5821,5822],"class_list":["post-75192","post","type-post","status-publish","format-standard","has-post-thumbnail","hentry","category-smv","tag-mael-graa","tag-zentralvorstandsmitglied"],"acf":{"author":"Laurent Mettraux ; \u00dcbersetzung Daniel Lienhard "},"yoast_head":"<!-- This site is optimized with the Yoast SEO plugin v28.3 - https:\/\/yoast.com\/product\/yoast-seo-wordpress\/ -->\n<title>Wechsel im Zentralvorstand - Schweizer Musikzeitung<\/title>\n<meta name=\"robots\" content=\"index, follow, max-snippet:-1, max-image-preview:large, max-video-preview:-1\" \/>\n<link rel=\"canonical\" href=\"https:\/\/www.musikzeitung.ch\/en\/basis\/smv\/2026\/08\/wechsel-im-zentralvorstand\/\" \/>\n<meta property=\"og:locale\" content=\"en_US\" \/>\n<meta property=\"og:type\" content=\"article\" \/>\n<meta property=\"og:title\" content=\"Wechsel im Zentralvorstand - Schweizer Musikzeitung\" \/>\n<meta property=\"og:description\" content=\"In der n\u00e4chsten Ausgabe wird ein Artikel \u00fcber Cristian Vasile erscheinen, der nach 22 Jahren im Zentralvorstand Platz f\u00fcr Ma\u00ebl Graa gemacht hat, den wir hier vorstellen.\" \/>\n<meta property=\"og:url\" content=\"https:\/\/www.musikzeitung.ch\/en\/basis\/smv\/2026\/08\/wechsel-im-zentralvorstand\/\" \/>\n<meta property=\"og:site_name\" content=\"Schweizer Musikzeitung\" \/>\n<meta property=\"article:publisher\" content=\"https:\/\/www.facebook.com\/SchweizerMusikzeitung\/\" \/>\n<meta property=\"article:published_time\" content=\"2026-08-31T02:10:43+00:00\" \/>\n<meta property=\"article:modified_time\" content=\"2026-08-31T02:27:49+00:00\" \/>\n<meta property=\"og:image\" content=\"https:\/\/www.musikzeitung.ch\/wp-content\/uploads\/2026\/08\/4a-Mael-Graa-1-Credit-Augustin-Laudet-jpg.jpg\" \/>\n\t<meta property=\"og:image:width\" content=\"1366\" \/>\n\t<meta property=\"og:image:height\" content=\"988\" \/>\n\t<meta property=\"og:image:type\" content=\"image\/jpeg\" \/>\n<meta name=\"author\" content=\"Laurent Mettraux\" \/>\n<meta name=\"twitter:card\" content=\"summary_large_image\" \/>\n<meta name=\"twitter:creator\" content=\"@smusikzeitung\" \/>\n<meta name=\"twitter:site\" content=\"@smusikzeitung\" \/>\n<meta name=\"twitter:label1\" content=\"Written by\" \/>\n\t<meta name=\"twitter:data1\" content=\"Laurent Mettraux\" \/>\n\t<meta name=\"twitter:label2\" content=\"Est. reading time\" \/>\n\t<meta name=\"twitter:data2\" content=\"3 minutes\" \/>\n<script type=\"application\/ld+json\" class=\"yoast-schema-graph\">{\"@context\":\"https:\\\/\\\/schema.org\",\"@graph\":[{\"@type\":\"Article\",\"@id\":\"https:\\\/\\\/www.musikzeitung.ch\\\/basis\\\/smv\\\/2026\\\/08\\\/wechsel-im-zentralvorstand#article\",\"isPartOf\":{\"@id\":\"https:\\\/\\\/www.musikzeitung.ch\\\/basis\\\/smv\\\/2026\\\/08\\\/wechsel-im-zentralvorstand\"},\"author\":{\"name\":\"Laurent Mettraux\",\"@id\":\"https:\\\/\\\/www.musikzeitung.ch\\\/#\\\/schema\\\/person\\\/a70ee96522ef273659c9bcd9b68e5321\"},\"headline\":\"Wechsel im Zentralvorstand\",\"datePublished\":\"2026-08-31T02:10:43+00:00\",\"dateModified\":\"2026-08-31T02:27:49+00:00\",\"mainEntityOfPage\":{\"@id\":\"https:\\\/\\\/www.musikzeitung.ch\\\/basis\\\/smv\\\/2026\\\/08\\\/wechsel-im-zentralvorstand\"},\"wordCount\":427,\"publisher\":{\"@id\":\"https:\\\/\\\/www.musikzeitung.ch\\\/#organization\"},\"image\":{\"@id\":\"https:\\\/\\\/www.musikzeitung.ch\\\/basis\\\/smv\\\/2026\\\/08\\\/wechsel-im-zentralvorstand#primaryimage\"},\"thumbnailUrl\":\"https:\\\/\\\/www.musikzeitung.ch\\\/wp-content\\\/uploads\\\/2026\\\/08\\\/4a-Mael-Graa-1-Credit-Augustin-Laudet-jpg.jpg\",\"keywords\":[\"Ma\u00ebl Graa\",\"Zentralvorstandsmitglied\"],\"articleSection\":[\"SMV\"],\"inLanguage\":\"en-US\"},{\"@type\":\"WebPage\",\"@id\":\"https:\\\/\\\/www.musikzeitung.ch\\\/basis\\\/smv\\\/2026\\\/08\\\/wechsel-im-zentralvorstand\",\"url\":\"https:\\\/\\\/www.musikzeitung.ch\\\/basis\\\/smv\\\/2026\\\/08\\\/wechsel-im-zentralvorstand\",\"name\":\"Wechsel im Zentralvorstand - Schweizer Musikzeitung\",\"isPartOf\":{\"@id\":\"https:\\\/\\\/www.musikzeitung.ch\\\/#website\"},\"primaryImageOfPage\":{\"@id\":\"https:\\\/\\\/www.musikzeitung.ch\\\/basis\\\/smv\\\/2026\\\/08\\\/wechsel-im-zentralvorstand#primaryimage\"},\"image\":{\"@id\":\"https:\\\/\\\/www.musikzeitung.ch\\\/basis\\\/smv\\\/2026\\\/08\\\/wechsel-im-zentralvorstand#primaryimage\"},\"thumbnailUrl\":\"https:\\\/\\\/www.musikzeitung.ch\\\/wp-content\\\/uploads\\\/2026\\\/08\\\/4a-Mael-Graa-1-Credit-Augustin-Laudet-jpg.jpg\",\"datePublished\":\"2026-08-31T02:10:43+00:00\",\"dateModified\":\"2026-08-31T02:27:49+00:00\",\"breadcrumb\":{\"@id\":\"https:\\\/\\\/www.musikzeitung.ch\\\/basis\\\/smv\\\/2026\\\/08\\\/wechsel-im-zentralvorstand#breadcrumb\"},\"inLanguage\":\"en-US\",\"potentialAction\":[{\"@type\":\"ReadAction\",\"target\":[\"https:\\\/\\\/www.musikzeitung.ch\\\/basis\\\/smv\\\/2026\\\/08\\\/wechsel-im-zentralvorstand\"]}]},{\"@type\":\"ImageObject\",\"inLanguage\":\"en-US\",\"@id\":\"https:\\\/\\\/www.musikzeitung.ch\\\/basis\\\/smv\\\/2026\\\/08\\\/wechsel-im-zentralvorstand#primaryimage\",\"url\":\"https:\\\/\\\/www.musikzeitung.ch\\\/wp-content\\\/uploads\\\/2026\\\/08\\\/4a-Mael-Graa-1-Credit-Augustin-Laudet-jpg.jpg\",\"contentUrl\":\"https:\\\/\\\/www.musikzeitung.ch\\\/wp-content\\\/uploads\\\/2026\\\/08\\\/4a-Mael-Graa-1-Credit-Augustin-Laudet-jpg.jpg\",\"width\":1366,\"height\":988,\"caption\":\"\u00a9 Augustin-Laudet-\"},{\"@type\":\"BreadcrumbList\",\"@id\":\"https:\\\/\\\/www.musikzeitung.ch\\\/basis\\\/smv\\\/2026\\\/08\\\/wechsel-im-zentralvorstand#breadcrumb\",\"itemListElement\":[{\"@type\":\"ListItem\",\"position\":1,\"name\":\"Home\",\"item\":\"https:\\\/\\\/www.musikzeitung.ch\\\/\"},{\"@type\":\"ListItem\",\"position\":2,\"name\":\"Wechsel im Zentralvorstand\"}]},{\"@type\":\"WebSite\",\"@id\":\"https:\\\/\\\/www.musikzeitung.ch\\\/#website\",\"url\":\"https:\\\/\\\/www.musikzeitung.ch\\\/\",\"name\":\"Schweizer Musikzeitung\",\"description\":\"Die f\u00fchrende sparten\u00fcbergreifende Monatszeitung in der Schweiz f\u00fcr musikalische Fragen.\",\"publisher\":{\"@id\":\"https:\\\/\\\/www.musikzeitung.ch\\\/#organization\"},\"potentialAction\":[{\"@type\":\"SearchAction\",\"target\":{\"@type\":\"EntryPoint\",\"urlTemplate\":\"https:\\\/\\\/www.musikzeitung.ch\\\/?s={search_term_string}\"},\"query-input\":{\"@type\":\"PropertyValueSpecification\",\"valueRequired\":true,\"valueName\":\"search_term_string\"}}],\"inLanguage\":\"en-US\"},{\"@type\":\"Organization\",\"@id\":\"https:\\\/\\\/www.musikzeitung.ch\\\/#organization\",\"name\":\"Schweizer Musikzeitung\",\"url\":\"https:\\\/\\\/www.musikzeitung.ch\\\/\",\"logo\":{\"@type\":\"ImageObject\",\"inLanguage\":\"en-US\",\"@id\":\"https:\\\/\\\/www.musikzeitung.ch\\\/#\\\/schema\\\/logo\\\/image\\\/\",\"url\":\"https:\\\/\\\/www.musikzeitung.ch\\\/wp-content\\\/uploads\\\/2023\\\/01\\\/SMZ_Schriftzug_Sprache.png\",\"contentUrl\":\"https:\\\/\\\/www.musikzeitung.ch\\\/wp-content\\\/uploads\\\/2023\\\/01\\\/SMZ_Schriftzug_Sprache.png\",\"width\":1400,\"height\":279,\"caption\":\"Schweizer Musikzeitung\"},\"image\":{\"@id\":\"https:\\\/\\\/www.musikzeitung.ch\\\/#\\\/schema\\\/logo\\\/image\\\/\"},\"sameAs\":[\"https:\\\/\\\/www.facebook.com\\\/SchweizerMusikzeitung\\\/\",\"https:\\\/\\\/x.com\\\/smusikzeitung\",\"https:\\\/\\\/www.instagram.com\\\/musikzeitung.ch\\\/\"]},{\"@type\":\"Person\",\"@id\":\"https:\\\/\\\/www.musikzeitung.ch\\\/#\\\/schema\\\/person\\\/a70ee96522ef273659c9bcd9b68e5321\",\"name\":\"Laurent Mettraux\",\"image\":{\"@type\":\"ImageObject\",\"inLanguage\":\"en-US\",\"@id\":\"https:\\\/\\\/secure.gravatar.com\\\/avatar\\\/0ff4c55a3beaca23cf8ac030f6a4d207c5c42f40aa03f3accbc97af09da0d956?s=96&d=mm&r=g\",\"url\":\"https:\\\/\\\/secure.gravatar.com\\\/avatar\\\/0ff4c55a3beaca23cf8ac030f6a4d207c5c42f40aa03f3accbc97af09da0d956?s=96&d=mm&r=g\",\"contentUrl\":\"https:\\\/\\\/secure.gravatar.com\\\/avatar\\\/0ff4c55a3beaca23cf8ac030f6a4d207c5c42f40aa03f3accbc97af09da0d956?s=96&d=mm&r=g\",\"caption\":\"Laurent Mettraux\"},\"url\":\"https:\\\/\\\/www.musikzeitung.ch\\\/en\\\/author\\\/laurent-mettraux\"}]}<\/script>\n<!-- \/ Yoast SEO plugin. -->","yoast_head_json":{"title":"Wechsel im Zentralvorstand - Schweizer Musikzeitung","robots":{"index":"index","follow":"follow","max-snippet":"max-snippet:-1","max-image-preview":"max-image-preview:large","max-video-preview":"max-video-preview:-1"},"canonical":"https:\/\/www.musikzeitung.ch\/en\/basis\/smv\/2026\/08\/wechsel-im-zentralvorstand\/","og_locale":"en_US","og_type":"article","og_title":"Wechsel im Zentralvorstand - Schweizer Musikzeitung","og_description":"In der n\u00e4chsten Ausgabe wird ein Artikel \u00fcber Cristian Vasile erscheinen, der nach 22 Jahren im Zentralvorstand Platz f\u00fcr Ma\u00ebl Graa gemacht hat, den wir hier vorstellen.","og_url":"https:\/\/www.musikzeitung.ch\/en\/basis\/smv\/2026\/08\/wechsel-im-zentralvorstand\/","og_site_name":"Schweizer Musikzeitung","article_publisher":"https:\/\/www.facebook.com\/SchweizerMusikzeitung\/","article_published_time":"2026-08-31T02:10:43+00:00","article_modified_time":"2026-08-31T02:27:49+00:00","og_image":[{"width":1366,"height":988,"url":"https:\/\/www.musikzeitung.ch\/wp-content\/uploads\/2026\/08\/4a-Mael-Graa-1-Credit-Augustin-Laudet-jpg.jpg","type":"image\/jpeg"}],"author":"Laurent Mettraux","twitter_card":"summary_large_image","twitter_creator":"@smusikzeitung","twitter_site":"@smusikzeitung","twitter_misc":{"Written by":"Laurent Mettraux","Est. reading time":"3 minutes"},"schema":{"@context":"https:\/\/schema.org","@graph":[{"@type":"Article","@id":"https:\/\/www.musikzeitung.ch\/basis\/smv\/2026\/08\/wechsel-im-zentralvorstand#article","isPartOf":{"@id":"https:\/\/www.musikzeitung.ch\/basis\/smv\/2026\/08\/wechsel-im-zentralvorstand"},"author":{"name":"Laurent Mettraux","@id":"https:\/\/www.musikzeitung.ch\/#\/schema\/person\/a70ee96522ef273659c9bcd9b68e5321"},"headline":"Wechsel im Zentralvorstand","datePublished":"2026-08-31T02:10:43+00:00","dateModified":"2026-08-31T02:27:49+00:00","mainEntityOfPage":{"@id":"https:\/\/www.musikzeitung.ch\/basis\/smv\/2026\/08\/wechsel-im-zentralvorstand"},"wordCount":427,"publisher":{"@id":"https:\/\/www.musikzeitung.ch\/#organization"},"image":{"@id":"https:\/\/www.musikzeitung.ch\/basis\/smv\/2026\/08\/wechsel-im-zentralvorstand#primaryimage"},"thumbnailUrl":"https:\/\/www.musikzeitung.ch\/wp-content\/uploads\/2026\/08\/4a-Mael-Graa-1-Credit-Augustin-Laudet-jpg.jpg","keywords":["Ma\u00ebl Graa","Zentralvorstandsmitglied"],"articleSection":["SMV"],"inLanguage":"en-US"},{"@type":"WebPage","@id":"https:\/\/www.musikzeitung.ch\/basis\/smv\/2026\/08\/wechsel-im-zentralvorstand","url":"https:\/\/www.musikzeitung.ch\/basis\/smv\/2026\/08\/wechsel-im-zentralvorstand","name":"Wechsel im Zentralvorstand - Schweizer Musikzeitung","isPartOf":{"@id":"https:\/\/www.musikzeitung.ch\/#website"},"primaryImageOfPage":{"@id":"https:\/\/www.musikzeitung.ch\/basis\/smv\/2026\/08\/wechsel-im-zentralvorstand#primaryimage"},"image":{"@id":"https:\/\/www.musikzeitung.ch\/basis\/smv\/2026\/08\/wechsel-im-zentralvorstand#primaryimage"},"thumbnailUrl":"https:\/\/www.musikzeitung.ch\/wp-content\/uploads\/2026\/08\/4a-Mael-Graa-1-Credit-Augustin-Laudet-jpg.jpg","datePublished":"2026-08-31T02:10:43+00:00","dateModified":"2026-08-31T02:27:49+00:00","breadcrumb":{"@id":"https:\/\/www.musikzeitung.ch\/basis\/smv\/2026\/08\/wechsel-im-zentralvorstand#breadcrumb"},"inLanguage":"en-US","potentialAction":[{"@type":"ReadAction","target":["https:\/\/www.musikzeitung.ch\/basis\/smv\/2026\/08\/wechsel-im-zentralvorstand"]}]},{"@type":"ImageObject","inLanguage":"en-US","@id":"https:\/\/www.musikzeitung.ch\/basis\/smv\/2026\/08\/wechsel-im-zentralvorstand#primaryimage","url":"https:\/\/www.musikzeitung.ch\/wp-content\/uploads\/2026\/08\/4a-Mael-Graa-1-Credit-Augustin-Laudet-jpg.jpg","contentUrl":"https:\/\/www.musikzeitung.ch\/wp-content\/uploads\/2026\/08\/4a-Mael-Graa-1-Credit-Augustin-Laudet-jpg.jpg","width":1366,"height":988,"caption":"\u00a9 Augustin-Laudet-"},{"@type":"BreadcrumbList","@id":"https:\/\/www.musikzeitung.ch\/basis\/smv\/2026\/08\/wechsel-im-zentralvorstand#breadcrumb","itemListElement":[{"@type":"ListItem","position":1,"name":"Home","item":"https:\/\/www.musikzeitung.ch\/"},{"@type":"ListItem","position":2,"name":"Wechsel im Zentralvorstand"}]},{"@type":"WebSite","@id":"https:\/\/www.musikzeitung.ch\/#website","url":"https:\/\/www.musikzeitung.ch\/","name":"Swiss Music Newspaper","description":"The leading interdisciplinary monthly newspaper in Switzerland for musical issues.","publisher":{"@id":"https:\/\/www.musikzeitung.ch\/#organization"},"potentialAction":[{"@type":"SearchAction","target":{"@type":"EntryPoint","urlTemplate":"https:\/\/www.musikzeitung.ch\/?s={search_term_string}"},"query-input":{"@type":"PropertyValueSpecification","valueRequired":true,"valueName":"search_term_string"}}],"inLanguage":"en-US"},{"@type":"Organization","@id":"https:\/\/www.musikzeitung.ch\/#organization","name":"Swiss Music Newspaper","url":"https:\/\/www.musikzeitung.ch\/","logo":{"@type":"ImageObject","inLanguage":"en-US","@id":"https:\/\/www.musikzeitung.ch\/#\/schema\/logo\/image\/","url":"https:\/\/www.musikzeitung.ch\/wp-content\/uploads\/2023\/01\/SMZ_Schriftzug_Sprache.png","contentUrl":"https:\/\/www.musikzeitung.ch\/wp-content\/uploads\/2023\/01\/SMZ_Schriftzug_Sprache.png","width":1400,"height":279,"caption":"Schweizer Musikzeitung"},"image":{"@id":"https:\/\/www.musikzeitung.ch\/#\/schema\/logo\/image\/"},"sameAs":["https:\/\/www.facebook.com\/SchweizerMusikzeitung\/","https:\/\/x.com\/smusikzeitung","https:\/\/www.instagram.com\/musikzeitung.ch\/"]},{"@type":"Person","@id":"https:\/\/www.musikzeitung.ch\/#\/schema\/person\/a70ee96522ef273659c9bcd9b68e5321","name":"Laurent Mettraux","image":{"@type":"ImageObject","inLanguage":"en-US","@id":"https:\/\/secure.gravatar.com\/avatar\/0ff4c55a3beaca23cf8ac030f6a4d207c5c42f40aa03f3accbc97af09da0d956?s=96&d=mm&r=g","url":"https:\/\/secure.gravatar.com\/avatar\/0ff4c55a3beaca23cf8ac030f6a4d207c5c42f40aa03f3accbc97af09da0d956?s=96&d=mm&r=g","contentUrl":"https:\/\/secure.gravatar.com\/avatar\/0ff4c55a3beaca23cf8ac030f6a4d207c5c42f40aa03f3accbc97af09da0d956?s=96&d=mm&r=g","caption":"Laurent Mettraux"},"url":"https:\/\/www.musikzeitung.ch\/en\/author\/laurent-mettraux"}]}},"publishpress_future_workflow_manual_trigger":{"enabledWorkflows":[]},"_links":{"self":[{"href":"https:\/\/www.musikzeitung.ch\/en\/wp-json\/wp\/v2\/posts\/75192","targetHints":{"allow":["GET"]}}],"collection":[{"href":"https:\/\/www.musikzeitung.ch\/en\/wp-json\/wp\/v2\/posts"}],"about":[{"href":"https:\/\/www.musikzeitung.ch\/en\/wp-json\/wp\/v2\/types\/post"}],"author":[{"embeddable":true,"href":"https:\/\/www.musikzeitung.ch\/en\/wp-json\/wp\/v2\/users\/43673"}],"replies":[{"embeddable":true,"href":"https:\/\/www.musikzeitung.ch\/en\/wp-json\/wp\/v2\/comments?post=75192"}],"version-history":[{"count":2,"href":"https:\/\/www.musikzeitung.ch\/en\/wp-json\/wp\/v2\/posts\/75192\/revisions"}],"predecessor-version":[{"id":75194,"href":"https:\/\/www.musikzeitung.ch\/en\/wp-json\/wp\/v2\/posts\/75192\/revisions\/75194"}],"wp:featuredmedia":[{"embeddable":true,"href":"https:\/\/www.musikzeitung.ch\/en\/wp-json\/wp\/v2\/media\/75196"}],"wp:attachment":[{"href":"https:\/\/www.musikzeitung.ch\/en\/wp-json\/wp\/v2\/media?parent=75192"}],"wp:term":[{"taxonomy":"category","embeddable":true,"href":"https:\/\/www.musikzeitung.ch\/en\/wp-json\/wp\/v2\/categories?post=75192"},{"taxonomy":"post_tag","embeddable":true,"href":"https:\/\/www.musikzeitung.ch\/en\/wp-json\/wp\/v2\/tags?post=75192"}],"curies":[{"name":"wp","href":"https:\/\/api.w.org\/{rel}","templated":true}]}}