{"id":75197,"date":"2026-08-31T04:26:20","date_gmt":"2026-08-31T02:26:20","guid":{"rendered":"https:\/\/www.musikzeitung.ch\/?p=75197"},"modified":"2026-08-31T04:26:20","modified_gmt":"2026-08-31T02:26:20","slug":"ein-langes-engagement-zugunsten-der-musikerinnen","status":"publish","type":"post","link":"https:\/\/www.musikzeitung.ch\/en\/basis\/smv\/2026\/08\/ein-langes-engagement-zugunsten-der-musikerinnen","title":{"rendered":"A long-standing commitment to supporting musicians"},"content":{"rendered":"<p>As a former Central President and Central Secretary, he played a decisive role in shaping the SMV and worked with great dedication to advance the interests of musicians in Switzerland. He was particularly committed to improving working conditions, ensuring strong advocacy for musicians\u2019 interests, and fostering dialogue with policymakers, institutions, and partner organizations. With his calm, approachable manner and extensive experience, he has left a lasting mark on the association. We extend our heartfelt thanks to Beat Santschi for his many years of service and wish him all the best as he embarks on this new chapter in his life.<\/p>\n<p><strong>Short Biography<\/strong><\/p>\n<p>Beat Santschi studied guitar and piano, archaeology and cultural anthropology, conducting, and cultural management at the University of Zurich, the Lucerne Jazz School, the Guitar Institute of Technology in Los Angeles, and the ZHAW Center for Cultural Management. In addition to his work as a guitarist and cultural manager, he has been a strong advocate for musicians\u201e interests, not only within the SMV\u2019s governing bodies (member of the Central Executive Board since 1998, SMV Central President from 2009 to 2020, and subsequently Central Secretary from 2020 to 2026), but also as Vice President of the International Federation of Musicians (FIM), President of the Swiss Coalition for Cultural Diversity and Vice President of the International Federation of Coalitions for Cultural Diversity (IFCCD), as well as a board member of Swissperform and the Swiss Performers\u201c Cooperative (SIG). In 2020, David Schneebeli, who succeeded him as Co-President, wrote a tribute from which we quote the following excerpt: \u201cBeat devoted himself to all areas of the association\u2019s work with equal energy; he was a knowledgeable point of contact for individual members as well as for section boards or representatives of other associations and government agencies. Beat placed great importance on cooperation among professional associations at the national and international levels.\u201d<\/p>\n<p><strong>Interview<\/strong><\/p>\n<p>The answers to our questions were provided in writing.<\/p>\n<p><em>\u2013 What do you remember most about your years on the Student Council, working on behalf of the musicians?<\/em><\/p>\n<p>Meeting so many wonderful people from many different countries and cultures\u2014and a few who weren't so wonderful\u2014and our shared commitment to improving working conditions in the music industry.<\/p>\n<p>The unprecedented extreme situation during the pandemic, when musicians were effectively barred from working\u2014a situation that hit freelancers particularly hard and posed a major challenge for us at the SMV. The gratitude for our emergency aid, but also the endless discussions with some members about the COVID-19 vaccine and the requirement for vaccination certificates, as well as the infection cluster at the OSR. The very close collaboration across all cultural sectors and with federal authorities, all the way up to Federal Councilor Berset, as part of the Task Force Culture.<\/p>\n<p>Important milestones such as the campaign against dumping wages at the Aida production in Pf\u00e4ffikon, ZH, in 2013, the SMV\u2019s centennial celebration in 2014\u2014during which we succeeded, among other things, in bringing a large orchestra of SMV members from all over Switzerland to the stage for the anniversary concert at the Zurich Opera House, with everyone playing in solidarity without pay, including conductor Mario Venzago\u2014the merger negotiations with the other professional musicians\u00ab associations in 2017, which failed due to resistance from within our own ranks \u2014which led to the creation of Sonart\u2014the integration of the SMV\u2019s collective bargaining agreements into the new orchestra support model in Basel, and the highly complex yet successful efforts to organize the FIM Congress at the ILO in Geneva and the \u00bbTarifampel\u201d project last year.<\/p>\n<p><em>\u2013 What developments have you observed over the years on the Board, as President, and as Executive Secretary?<\/em><\/p>\n<p>When I began getting involved with the SMV in the 1990s, the association struck me as rather old-fashioned. At the same time, however, it was a given for musicians to be members, without constantly asking what benefits membership brought to the individual. With the increasing individualization and decline of solidarity in society over the decades since then, personal benefits and services have come to the forefront for many (potential) members, sometimes driven by very specific interests. We often had to take steps to counteract this so as not to lose sight of the bigger picture.<\/p>\n<p>At the same time, the demands placed on the association\u2019s work increased due to rising expectations from both outside and within, which also required a certain degree of professionalization on the part of the association\u2019s leadership. Fortunately, however, we were also able to secure additional resources through the BAK\u2019s KuOr association grant program.<\/p>\n<p><em>\u2013 In your opinion, what challenges do you think musicians will face, both today and in the future?<\/em><\/p>\n<p>Earning a sustainable income from music recordings is no longer a viable option for most musicians today\u2014at least not since streaming platforms have become the primary source of music for consumers, without the issue of compensation for those who create the music having been seriously addressed. Now we\u2019re seeing the emergence of music production using generative AI, which is only possible by training the models with existing recordings made by humans. These platforms, too, take everything from the creators and performers and give nothing back, without any serious political intervention.<\/p>\n<p>That leaves only live performances\u2014concerts and stage productions. The challenge now is to secure adequate compensation that allows artists to make a living. In most cases, this requires appropriately funded cultural support and, consequently, political will. We can expect to see politicians who believe that savings could be made, for example, on subsidies for one symphony orchestra or another, since nowadays anyone can become a musician with just a few clicks by using AI platforms. In the world of pop music, there are already hologram bands that fill concert halls in Switzerland, even though not a single person is on stage. Here, however, I\u2019m more optimistic: I believe that people will continue to take special pleasure in live human music for a long time to come and will also be willing to pay for it.<\/p>\n<p><em>\u2013 How important do you think international cooperation is for musicians' unions?<\/em><\/p>\n<p>International cooperation and solidarity among musicians\u2019 unions are absolutely essential, especially in these times of anti-multilateralism on the political stage. I would go so far as to say that, in some cases, the SMV maintains far more constructive and forward-looking relationships\u2014for example, with our European and American colleagues\u2014than the Federal Council and Parliament do. For example, we are working together\u2014including within the framework of international organizations such as WIPO\u2014to advocate for regulations governing generative AI that benefit authors and performers, an issue that seems to hold little interest for our governments.<\/p>\n<p>Fortunately, the SMV can continue to play a leading role in the F\u00e9d\u00e9ration Internationale des Musiciens (FIM).<\/p>","protected":false},"excerpt":{"rendered":"<p>After many years of dedicated service, Beat Santschi is taking his well-deserved retirement. <\/p>","protected":false},"author":43673,"featured_media":75199,"comment_status":"closed","ping_status":"closed","sticky":false,"template":"","format":"standard","meta":{"_acf_changed":false,"_relevanssi_hide_post":"","_relevanssi_hide_content":"","_relevanssi_pin_for_all":"","_relevanssi_pin_keywords":"","_relevanssi_unpin_keywords":"","_relevanssi_related_keywords":"","_relevanssi_related_include_ids":"","_relevanssi_related_exclude_ids":"","_relevanssi_related_no_append":"","_relevanssi_related_not_related":"","_relevanssi_related_posts":"","_relevanssi_noindex_reason":"","pgc_sgb_lightbox_settings":"","footnotes":""},"categories":[53],"tags":[5823],"class_list":["post-75197","post","type-post","status-publish","format-standard","has-post-thumbnail","hentry","category-smv","tag-beat-santschi"],"acf":{"author":"SMV"},"yoast_head":"<!-- This site is optimized with the Yoast SEO plugin v28.3 - https:\/\/yoast.com\/product\/yoast-seo-wordpress\/ -->\n<title>Ein langes Engagement zugunsten der Musiker*innen - Schweizer Musikzeitung<\/title>\n<meta name=\"robots\" content=\"index, follow, max-snippet:-1, max-image-preview:large, max-video-preview:-1\" \/>\n<link rel=\"canonical\" href=\"https:\/\/www.musikzeitung.ch\/en\/basis\/smv\/2026\/08\/ein-langes-engagement-zugunsten-der-musikerinnen\/\" \/>\n<meta property=\"og:locale\" content=\"en_US\" \/>\n<meta property=\"og:type\" content=\"article\" \/>\n<meta property=\"og:title\" content=\"Ein langes Engagement zugunsten der Musiker*innen - Schweizer Musikzeitung\" \/>\n<meta property=\"og:description\" content=\"Nach vielen Jahren engagierter T\u00e4tigkeit tritt Beat Santschi in den wohlverdienten Ruhestand.\" \/>\n<meta property=\"og:url\" content=\"https:\/\/www.musikzeitung.ch\/en\/basis\/smv\/2026\/08\/ein-langes-engagement-zugunsten-der-musikerinnen\/\" \/>\n<meta property=\"og:site_name\" content=\"Schweizer Musikzeitung\" \/>\n<meta property=\"article:publisher\" content=\"https:\/\/www.facebook.com\/SchweizerMusikzeitung\/\" \/>\n<meta property=\"article:published_time\" content=\"2026-08-31T02:26:20+00:00\" \/>\n<meta property=\"og:image\" content=\"https:\/\/www.musikzeitung.ch\/wp-content\/uploads\/2026\/08\/5e-Beat-Santschi-couleur-\u00a9-Amanda-Nikolic.png\" \/>\n\t<meta property=\"og:image:width\" content=\"635\" \/>\n\t<meta property=\"og:image:height\" content=\"458\" \/>\n\t<meta property=\"og:image:type\" content=\"image\/png\" \/>\n<meta name=\"author\" content=\"Laurent Mettraux\" \/>\n<meta name=\"twitter:card\" content=\"summary_large_image\" \/>\n<meta name=\"twitter:creator\" content=\"@smusikzeitung\" \/>\n<meta name=\"twitter:site\" content=\"@smusikzeitung\" \/>\n<meta name=\"twitter:label1\" content=\"Written by\" \/>\n\t<meta name=\"twitter:data1\" content=\"Laurent Mettraux\" \/>\n\t<meta name=\"twitter:label2\" content=\"Est. reading time\" \/>\n\t<meta name=\"twitter:data2\" content=\"6 minutes\" \/>\n<script type=\"application\/ld+json\" class=\"yoast-schema-graph\">{\"@context\":\"https:\\\/\\\/schema.org\",\"@graph\":[{\"@type\":\"Article\",\"@id\":\"https:\\\/\\\/www.musikzeitung.ch\\\/basis\\\/smv\\\/2026\\\/08\\\/ein-langes-engagement-zugunsten-der-musikerinnen#article\",\"isPartOf\":{\"@id\":\"https:\\\/\\\/www.musikzeitung.ch\\\/basis\\\/smv\\\/2026\\\/08\\\/ein-langes-engagement-zugunsten-der-musikerinnen\"},\"author\":{\"name\":\"Laurent Mettraux\",\"@id\":\"https:\\\/\\\/www.musikzeitung.ch\\\/#\\\/schema\\\/person\\\/a70ee96522ef273659c9bcd9b68e5321\"},\"headline\":\"Ein langes Engagement zugunsten der Musiker*innen\",\"datePublished\":\"2026-08-31T02:26:20+00:00\",\"mainEntityOfPage\":{\"@id\":\"https:\\\/\\\/www.musikzeitung.ch\\\/basis\\\/smv\\\/2026\\\/08\\\/ein-langes-engagement-zugunsten-der-musikerinnen\"},\"wordCount\":1082,\"publisher\":{\"@id\":\"https:\\\/\\\/www.musikzeitung.ch\\\/#organization\"},\"image\":{\"@id\":\"https:\\\/\\\/www.musikzeitung.ch\\\/basis\\\/smv\\\/2026\\\/08\\\/ein-langes-engagement-zugunsten-der-musikerinnen#primaryimage\"},\"thumbnailUrl\":\"https:\\\/\\\/www.musikzeitung.ch\\\/wp-content\\\/uploads\\\/2026\\\/08\\\/5e-Beat-Santschi-couleur-\u00a9-Amanda-Nikolic.png\",\"keywords\":[\"Beat Santschi\"],\"articleSection\":[\"SMV\"],\"inLanguage\":\"en-US\"},{\"@type\":\"WebPage\",\"@id\":\"https:\\\/\\\/www.musikzeitung.ch\\\/basis\\\/smv\\\/2026\\\/08\\\/ein-langes-engagement-zugunsten-der-musikerinnen\",\"url\":\"https:\\\/\\\/www.musikzeitung.ch\\\/basis\\\/smv\\\/2026\\\/08\\\/ein-langes-engagement-zugunsten-der-musikerinnen\",\"name\":\"Ein langes Engagement zugunsten der Musiker*innen - Schweizer Musikzeitung\",\"isPartOf\":{\"@id\":\"https:\\\/\\\/www.musikzeitung.ch\\\/#website\"},\"primaryImageOfPage\":{\"@id\":\"https:\\\/\\\/www.musikzeitung.ch\\\/basis\\\/smv\\\/2026\\\/08\\\/ein-langes-engagement-zugunsten-der-musikerinnen#primaryimage\"},\"image\":{\"@id\":\"https:\\\/\\\/www.musikzeitung.ch\\\/basis\\\/smv\\\/2026\\\/08\\\/ein-langes-engagement-zugunsten-der-musikerinnen#primaryimage\"},\"thumbnailUrl\":\"https:\\\/\\\/www.musikzeitung.ch\\\/wp-content\\\/uploads\\\/2026\\\/08\\\/5e-Beat-Santschi-couleur-\u00a9-Amanda-Nikolic.png\",\"datePublished\":\"2026-08-31T02:26:20+00:00\",\"breadcrumb\":{\"@id\":\"https:\\\/\\\/www.musikzeitung.ch\\\/basis\\\/smv\\\/2026\\\/08\\\/ein-langes-engagement-zugunsten-der-musikerinnen#breadcrumb\"},\"inLanguage\":\"en-US\",\"potentialAction\":[{\"@type\":\"ReadAction\",\"target\":[\"https:\\\/\\\/www.musikzeitung.ch\\\/basis\\\/smv\\\/2026\\\/08\\\/ein-langes-engagement-zugunsten-der-musikerinnen\"]}]},{\"@type\":\"ImageObject\",\"inLanguage\":\"en-US\",\"@id\":\"https:\\\/\\\/www.musikzeitung.ch\\\/basis\\\/smv\\\/2026\\\/08\\\/ein-langes-engagement-zugunsten-der-musikerinnen#primaryimage\",\"url\":\"https:\\\/\\\/www.musikzeitung.ch\\\/wp-content\\\/uploads\\\/2026\\\/08\\\/5e-Beat-Santschi-couleur-\u00a9-Amanda-Nikolic.png\",\"contentUrl\":\"https:\\\/\\\/www.musikzeitung.ch\\\/wp-content\\\/uploads\\\/2026\\\/08\\\/5e-Beat-Santschi-couleur-\u00a9-Amanda-Nikolic.png\",\"width\":635,\"height\":458,\"caption\":\"\u00a9 Amanda Nikolic\"},{\"@type\":\"BreadcrumbList\",\"@id\":\"https:\\\/\\\/www.musikzeitung.ch\\\/basis\\\/smv\\\/2026\\\/08\\\/ein-langes-engagement-zugunsten-der-musikerinnen#breadcrumb\",\"itemListElement\":[{\"@type\":\"ListItem\",\"position\":1,\"name\":\"Home\",\"item\":\"https:\\\/\\\/www.musikzeitung.ch\\\/\"},{\"@type\":\"ListItem\",\"position\":2,\"name\":\"Ein langes Engagement zugunsten der Musiker*innen\"}]},{\"@type\":\"WebSite\",\"@id\":\"https:\\\/\\\/www.musikzeitung.ch\\\/#website\",\"url\":\"https:\\\/\\\/www.musikzeitung.ch\\\/\",\"name\":\"Schweizer Musikzeitung\",\"description\":\"Die f\u00fchrende sparten\u00fcbergreifende Monatszeitung in der Schweiz f\u00fcr musikalische Fragen.\",\"publisher\":{\"@id\":\"https:\\\/\\\/www.musikzeitung.ch\\\/#organization\"},\"potentialAction\":[{\"@type\":\"SearchAction\",\"target\":{\"@type\":\"EntryPoint\",\"urlTemplate\":\"https:\\\/\\\/www.musikzeitung.ch\\\/?s={search_term_string}\"},\"query-input\":{\"@type\":\"PropertyValueSpecification\",\"valueRequired\":true,\"valueName\":\"search_term_string\"}}],\"inLanguage\":\"en-US\"},{\"@type\":\"Organization\",\"@id\":\"https:\\\/\\\/www.musikzeitung.ch\\\/#organization\",\"name\":\"Schweizer Musikzeitung\",\"url\":\"https:\\\/\\\/www.musikzeitung.ch\\\/\",\"logo\":{\"@type\":\"ImageObject\",\"inLanguage\":\"en-US\",\"@id\":\"https:\\\/\\\/www.musikzeitung.ch\\\/#\\\/schema\\\/logo\\\/image\\\/\",\"url\":\"https:\\\/\\\/www.musikzeitung.ch\\\/wp-content\\\/uploads\\\/2023\\\/01\\\/SMZ_Schriftzug_Sprache.png\",\"contentUrl\":\"https:\\\/\\\/www.musikzeitung.ch\\\/wp-content\\\/uploads\\\/2023\\\/01\\\/SMZ_Schriftzug_Sprache.png\",\"width\":1400,\"height\":279,\"caption\":\"Schweizer Musikzeitung\"},\"image\":{\"@id\":\"https:\\\/\\\/www.musikzeitung.ch\\\/#\\\/schema\\\/logo\\\/image\\\/\"},\"sameAs\":[\"https:\\\/\\\/www.facebook.com\\\/SchweizerMusikzeitung\\\/\",\"https:\\\/\\\/x.com\\\/smusikzeitung\",\"https:\\\/\\\/www.instagram.com\\\/musikzeitung.ch\\\/\"]},{\"@type\":\"Person\",\"@id\":\"https:\\\/\\\/www.musikzeitung.ch\\\/#\\\/schema\\\/person\\\/a70ee96522ef273659c9bcd9b68e5321\",\"name\":\"Laurent Mettraux\",\"image\":{\"@type\":\"ImageObject\",\"inLanguage\":\"en-US\",\"@id\":\"https:\\\/\\\/secure.gravatar.com\\\/avatar\\\/0ff4c55a3beaca23cf8ac030f6a4d207c5c42f40aa03f3accbc97af09da0d956?s=96&d=mm&r=g\",\"url\":\"https:\\\/\\\/secure.gravatar.com\\\/avatar\\\/0ff4c55a3beaca23cf8ac030f6a4d207c5c42f40aa03f3accbc97af09da0d956?s=96&d=mm&r=g\",\"contentUrl\":\"https:\\\/\\\/secure.gravatar.com\\\/avatar\\\/0ff4c55a3beaca23cf8ac030f6a4d207c5c42f40aa03f3accbc97af09da0d956?s=96&d=mm&r=g\",\"caption\":\"Laurent Mettraux\"},\"url\":\"https:\\\/\\\/www.musikzeitung.ch\\\/en\\\/author\\\/laurent-mettraux\"}]}<\/script>\n<!-- \/ Yoast SEO plugin. -->","yoast_head_json":{"title":"Ein langes Engagement zugunsten der Musiker*innen - Schweizer Musikzeitung","robots":{"index":"index","follow":"follow","max-snippet":"max-snippet:-1","max-image-preview":"max-image-preview:large","max-video-preview":"max-video-preview:-1"},"canonical":"https:\/\/www.musikzeitung.ch\/en\/basis\/smv\/2026\/08\/ein-langes-engagement-zugunsten-der-musikerinnen\/","og_locale":"en_US","og_type":"article","og_title":"Ein langes Engagement zugunsten der Musiker*innen - Schweizer Musikzeitung","og_description":"Nach vielen Jahren engagierter T\u00e4tigkeit tritt Beat Santschi in den wohlverdienten Ruhestand.","og_url":"https:\/\/www.musikzeitung.ch\/en\/basis\/smv\/2026\/08\/ein-langes-engagement-zugunsten-der-musikerinnen\/","og_site_name":"Schweizer Musikzeitung","article_publisher":"https:\/\/www.facebook.com\/SchweizerMusikzeitung\/","article_published_time":"2026-08-31T02:26:20+00:00","og_image":[{"width":635,"height":458,"url":"https:\/\/www.musikzeitung.ch\/wp-content\/uploads\/2026\/08\/5e-Beat-Santschi-couleur-\u00a9-Amanda-Nikolic.png","type":"image\/png"}],"author":"Laurent Mettraux","twitter_card":"summary_large_image","twitter_creator":"@smusikzeitung","twitter_site":"@smusikzeitung","twitter_misc":{"Written by":"Laurent Mettraux","Est. reading time":"6 minutes"},"schema":{"@context":"https:\/\/schema.org","@graph":[{"@type":"Article","@id":"https:\/\/www.musikzeitung.ch\/basis\/smv\/2026\/08\/ein-langes-engagement-zugunsten-der-musikerinnen#article","isPartOf":{"@id":"https:\/\/www.musikzeitung.ch\/basis\/smv\/2026\/08\/ein-langes-engagement-zugunsten-der-musikerinnen"},"author":{"name":"Laurent Mettraux","@id":"https:\/\/www.musikzeitung.ch\/#\/schema\/person\/a70ee96522ef273659c9bcd9b68e5321"},"headline":"Ein langes Engagement zugunsten der Musiker*innen","datePublished":"2026-08-31T02:26:20+00:00","mainEntityOfPage":{"@id":"https:\/\/www.musikzeitung.ch\/basis\/smv\/2026\/08\/ein-langes-engagement-zugunsten-der-musikerinnen"},"wordCount":1082,"publisher":{"@id":"https:\/\/www.musikzeitung.ch\/#organization"},"image":{"@id":"https:\/\/www.musikzeitung.ch\/basis\/smv\/2026\/08\/ein-langes-engagement-zugunsten-der-musikerinnen#primaryimage"},"thumbnailUrl":"https:\/\/www.musikzeitung.ch\/wp-content\/uploads\/2026\/08\/5e-Beat-Santschi-couleur-\u00a9-Amanda-Nikolic.png","keywords":["Beat Santschi"],"articleSection":["SMV"],"inLanguage":"en-US"},{"@type":"WebPage","@id":"https:\/\/www.musikzeitung.ch\/basis\/smv\/2026\/08\/ein-langes-engagement-zugunsten-der-musikerinnen","url":"https:\/\/www.musikzeitung.ch\/basis\/smv\/2026\/08\/ein-langes-engagement-zugunsten-der-musikerinnen","name":"Ein langes Engagement zugunsten der Musiker*innen - Schweizer Musikzeitung","isPartOf":{"@id":"https:\/\/www.musikzeitung.ch\/#website"},"primaryImageOfPage":{"@id":"https:\/\/www.musikzeitung.ch\/basis\/smv\/2026\/08\/ein-langes-engagement-zugunsten-der-musikerinnen#primaryimage"},"image":{"@id":"https:\/\/www.musikzeitung.ch\/basis\/smv\/2026\/08\/ein-langes-engagement-zugunsten-der-musikerinnen#primaryimage"},"thumbnailUrl":"https:\/\/www.musikzeitung.ch\/wp-content\/uploads\/2026\/08\/5e-Beat-Santschi-couleur-\u00a9-Amanda-Nikolic.png","datePublished":"2026-08-31T02:26:20+00:00","breadcrumb":{"@id":"https:\/\/www.musikzeitung.ch\/basis\/smv\/2026\/08\/ein-langes-engagement-zugunsten-der-musikerinnen#breadcrumb"},"inLanguage":"en-US","potentialAction":[{"@type":"ReadAction","target":["https:\/\/www.musikzeitung.ch\/basis\/smv\/2026\/08\/ein-langes-engagement-zugunsten-der-musikerinnen"]}]},{"@type":"ImageObject","inLanguage":"en-US","@id":"https:\/\/www.musikzeitung.ch\/basis\/smv\/2026\/08\/ein-langes-engagement-zugunsten-der-musikerinnen#primaryimage","url":"https:\/\/www.musikzeitung.ch\/wp-content\/uploads\/2026\/08\/5e-Beat-Santschi-couleur-\u00a9-Amanda-Nikolic.png","contentUrl":"https:\/\/www.musikzeitung.ch\/wp-content\/uploads\/2026\/08\/5e-Beat-Santschi-couleur-\u00a9-Amanda-Nikolic.png","width":635,"height":458,"caption":"\u00a9 Amanda Nikolic"},{"@type":"BreadcrumbList","@id":"https:\/\/www.musikzeitung.ch\/basis\/smv\/2026\/08\/ein-langes-engagement-zugunsten-der-musikerinnen#breadcrumb","itemListElement":[{"@type":"ListItem","position":1,"name":"Home","item":"https:\/\/www.musikzeitung.ch\/"},{"@type":"ListItem","position":2,"name":"Ein langes Engagement zugunsten der Musiker*innen"}]},{"@type":"WebSite","@id":"https:\/\/www.musikzeitung.ch\/#website","url":"https:\/\/www.musikzeitung.ch\/","name":"Swiss Music Newspaper","description":"The leading interdisciplinary monthly newspaper in Switzerland for musical issues.","publisher":{"@id":"https:\/\/www.musikzeitung.ch\/#organization"},"potentialAction":[{"@type":"SearchAction","target":{"@type":"EntryPoint","urlTemplate":"https:\/\/www.musikzeitung.ch\/?s={search_term_string}"},"query-input":{"@type":"PropertyValueSpecification","valueRequired":true,"valueName":"search_term_string"}}],"inLanguage":"en-US"},{"@type":"Organization","@id":"https:\/\/www.musikzeitung.ch\/#organization","name":"Swiss Music Newspaper","url":"https:\/\/www.musikzeitung.ch\/","logo":{"@type":"ImageObject","inLanguage":"en-US","@id":"https:\/\/www.musikzeitung.ch\/#\/schema\/logo\/image\/","url":"https:\/\/www.musikzeitung.ch\/wp-content\/uploads\/2023\/01\/SMZ_Schriftzug_Sprache.png","contentUrl":"https:\/\/www.musikzeitung.ch\/wp-content\/uploads\/2023\/01\/SMZ_Schriftzug_Sprache.png","width":1400,"height":279,"caption":"Schweizer Musikzeitung"},"image":{"@id":"https:\/\/www.musikzeitung.ch\/#\/schema\/logo\/image\/"},"sameAs":["https:\/\/www.facebook.com\/SchweizerMusikzeitung\/","https:\/\/x.com\/smusikzeitung","https:\/\/www.instagram.com\/musikzeitung.ch\/"]},{"@type":"Person","@id":"https:\/\/www.musikzeitung.ch\/#\/schema\/person\/a70ee96522ef273659c9bcd9b68e5321","name":"Laurent Mettraux","image":{"@type":"ImageObject","inLanguage":"en-US","@id":"https:\/\/secure.gravatar.com\/avatar\/0ff4c55a3beaca23cf8ac030f6a4d207c5c42f40aa03f3accbc97af09da0d956?s=96&d=mm&r=g","url":"https:\/\/secure.gravatar.com\/avatar\/0ff4c55a3beaca23cf8ac030f6a4d207c5c42f40aa03f3accbc97af09da0d956?s=96&d=mm&r=g","contentUrl":"https:\/\/secure.gravatar.com\/avatar\/0ff4c55a3beaca23cf8ac030f6a4d207c5c42f40aa03f3accbc97af09da0d956?s=96&d=mm&r=g","caption":"Laurent Mettraux"},"url":"https:\/\/www.musikzeitung.ch\/en\/author\/laurent-mettraux"}]}},"publishpress_future_workflow_manual_trigger":{"enabledWorkflows":[]},"_links":{"self":[{"href":"https:\/\/www.musikzeitung.ch\/en\/wp-json\/wp\/v2\/posts\/75197","targetHints":{"allow":["GET"]}}],"collection":[{"href":"https:\/\/www.musikzeitung.ch\/en\/wp-json\/wp\/v2\/posts"}],"about":[{"href":"https:\/\/www.musikzeitung.ch\/en\/wp-json\/wp\/v2\/types\/post"}],"author":[{"embeddable":true,"href":"https:\/\/www.musikzeitung.ch\/en\/wp-json\/wp\/v2\/users\/43673"}],"replies":[{"embeddable":true,"href":"https:\/\/www.musikzeitung.ch\/en\/wp-json\/wp\/v2\/comments?post=75197"}],"version-history":[{"count":1,"href":"https:\/\/www.musikzeitung.ch\/en\/wp-json\/wp\/v2\/posts\/75197\/revisions"}],"predecessor-version":[{"id":75198,"href":"https:\/\/www.musikzeitung.ch\/en\/wp-json\/wp\/v2\/posts\/75197\/revisions\/75198"}],"wp:featuredmedia":[{"embeddable":true,"href":"https:\/\/www.musikzeitung.ch\/en\/wp-json\/wp\/v2\/media\/75199"}],"wp:attachment":[{"href":"https:\/\/www.musikzeitung.ch\/en\/wp-json\/wp\/v2\/media?parent=75197"}],"wp:term":[{"taxonomy":"category","embeddable":true,"href":"https:\/\/www.musikzeitung.ch\/en\/wp-json\/wp\/v2\/categories?post=75197"},{"taxonomy":"post_tag","embeddable":true,"href":"https:\/\/www.musikzeitung.ch\/en\/wp-json\/wp\/v2\/tags?post=75197"}],"curies":[{"name":"wp","href":"https:\/\/api.w.org\/{rel}","templated":true}]}}