{"id":753,"date":"2018-10-24T00:00:00","date_gmt":"2018-10-23T23:00:00","guid":{"rendered":"https:\/\/www.musikzeitung.ch\/allgemein\/oper-als-slapstick-in-tram-oder-box\/"},"modified":"2018-10-24T00:00:00","modified_gmt":"2018-10-23T23:00:00","slug":"oper-als-slapstick-in-tram-oder-box","status":"publish","type":"post","link":"https:\/\/www.musikzeitung.ch\/en\/anlaesse\/2018\/10\/oper-als-slapstick-in-tram-oder-box","title":{"rendered":"Opera as slapstick, in streetcar or box"},"content":{"rendered":"<figure style=\"width: 1200px\" class=\"wp-caption alignnone\"><img decoding=\"async\" class=\"size-full\" src=\"https:\/\/www.musikzeitung.ch\/wp-content\/uploads\/2023\/01\/oe-1.jpg\" alt=\"\" \/><figcaption class=\"wp-caption-text\">\"Kindertotenlieder\" in the Lucerne Box. Photo: Ingo H\u00f6hn,Photo: Maurice Korbel,Photo: Ingo H\u00f6hn<\/figcaption><\/figure>\n<div class='text-section'>\n<p>\"Opera, that's what many people mean: Two fat people shouting at each other. And in the end, the woman dies,\" Mustafa Ak\u00e7a stated with a grin at the Freiburg symposium <em>Opera finds the city. Community opera as an interface between contemporary music education and art<\/em>jointly organized by the<a href='http:\/\/community-oper.de'> Freiburg Community Opera Association <\/a>and the Young Ears Network. Ak\u00e7a is trying to open up the Komische Oper Berlin to new cultural circles. For several years, he has therefore regularly packed a number of musicians and singers into his opera dolmu\u015f (in Turkey, shared cabs are called dolmu\u015f - Turkish for \"cab\").<em> filled<\/em>) and travels to other parts of the city to perform some scenes from current productions as a pop-up opera in a bar. \"Subsidized opera must be there for all sections of the city's population.\" In the field of opera, the aristocratic structures dating back to the 19th century are particularly entrenched, the panel participants complained. At the Bern University of the Arts, Barbara Balba Weber therefore wants to awaken students' interest in other social groups as early as the training stage. In Fribourg too, as dramaturge Veit B. Arlt says, they want to \"get out of the fortress of the municipal theater\" and open up other spaces and a new audience.<\/p>\n<\/div>\n<div>\n<h3 class=''><span>Opera streetcar in Freiburg i. B.<\/span><\/h3>\n<\/div>\n<div class='text-section'>\n<dl class='picture media photo'>\n<dt>          <img class='media photo' src='https:\/\/www.musikzeitung.ch\/wp-content\/uploads\/2023\/01\/so-1.jpg' alt='Image '><\/dt>\n<dd class='copyright'>Photo: Maurice Korbel<\/dd>\n<\/dl>\n<\/div>\n<div class='text-section'>\n<p>A moving streetcar is one such space. However, there is not only space inside for the stage and the premiere audience, but also from the outside, when people waiting at the stops catch a few seconds of the performance with astonished looks. Arlt's idea of turning the audience into tourists traveling through a recreated Breisgau adventure park in the year 2048 is brilliant. Unfortunately, the resulting theatrical tension is not played out any further in Thalia Kellmeyer's production; Freiburg passes by the window without comment. Instead, an amateur choir (conducted by Raffaella Dilles) plays opera-loving Freiburgers who dare to come out of hiding after a thirty-year ban on singing. Conductor Jan F. Kurth has written strongly rhythmic music for the piece, which is somewhat reminiscent of Kurt Weill. At the end, after 45 entertaining minutes, the streetcar turns back into the depot to be greeted by dancing people in the hall. What exactly the opera house of the future will be remains uncertain. <\/p>\n<\/div>\n<div>\n<h3 class=''><span>Wooden box in Lucerne<\/span><\/h3>\n<\/div>\n<div class='text-section'>\n<p>Lucerne's artistic director Benedikt von Peter is also looking for new premises. With the wooden box right next to the <a href='https:\/\/www.luzernertheater.ch'>Theater<\/a> he has installed a permanent outdoor performance venue to lower the audience's inhibitions. \"There's a danger to life,\" a child with bunny ears (Fionn Berchtold) screeches through the megaphone. \"Their future is at stake!\" The audience is then individually and carefully prepared for the hour-long musical theater evening <em>Children's death songs<\/em> in the dark to his place in the box. A woman and a man (Sarah Alexandra Hudarew and Jason Cox) have turned their backs on each other. British sound artist Matthew Herbert imagines the everyday life of this couple with recorded sounds such as brushing teeth. Only after a ten-minute collage does Sarah Alexandra Hudarew begin Gustav Mahler's first song <em>Now the sun wants to rise so brightly<\/em>accompanied by twelve members of the Lucerne Symphony Orchestra (conductor: Clemens Heil), who are distributed around the room and constantly change places. However, the production fails to stir the audience. The pain is more asserted than felt.<\/p>\n<\/div>\n<div>\n<h3 class=''><span>Operetta and revue in the subway <\/span><\/h3>\n<\/div>\n<div class='text-section'>\n<p>The so-called slapstick opera<em> In the Office for Death Affairs<\/em> by Klaus von Heydenaber (director: Viktor Bod\u00f3) also deals with death - albeit in a rather comedic way. An opera (almost) without text, performed by the agile Lucerne 21st Century Orchestra (musical director: William Kelley) and a soloist ensemble made up of actors and singers. The evening on the main stage of the <a href='https:\/\/www.luzernertheater.ch'>Lucerne Theater<\/a> breathes the spirit of operetta and revue, especially as small choreographies are also incorporated. On the second floor is the clinically white Office of Death Affairs, where uniformly dressed and coiffed officials make coffee and fill out notepads (stage: M\u00e1rton \u00c1gh). Underneath is a filthy subway station, which remains empty for the time being to the grooving, neoclassical sounds from the orchestra pit. The lonely figures then move between the photo booth, hairdressing salon and toilet in a world of their own. Driven by the catchy music, a network of relationships is woven in which the actors find each other, sometimes more, sometimes less. However, there are no real areas of friction. And the slapstick scenes are also manageable. The character of Diana (Schn\u00fcrpel), who develops from a Russian cleaning lady into a prima donna in a toilet paper dress (costumes: Fruzsina Nagy), is the most striking. The second part takes place in a morgue before the Office of Death Affairs presses the reset button, the music plays backwards and the characters have changed their costumes and thus their identities. Everything could now start all over again under different circumstances - but the opera breaks off at precisely the point that promises suspense.<\/p>\n<\/div>\n<div class='text-section'>\n<dl class='picture media photo large'>\n<dt>          <img class='media photo large' src='https:\/\/www.musikzeitung.ch\/wp-content\/uploads\/2023\/01\/at-2.jpg' alt='Image '><\/dt>\n<dd class='copyright'>Photo: Ingo H\u00f6hn<\/dd>\n<dd class='caption'>Scene from \"Im Amt f\u00fcr Todesangelegenheiten\" by Klaus von Heydenaber <\/dd>\n<\/dl>\n<\/div>","protected":false},"excerpt":{"rendered":"<p><strong>How could opera work beyond traditional stages and forms? Community Opera in Freiburg, \"Kindertotenlieder\" and \"Im Amt f\u00fcr Todesangelegenheiten\" in Lucerne.<\/strong><\/p>","protected":false},"author":1,"featured_media":754,"comment_status":"open","ping_status":"open","sticky":false,"template":"","format":"standard","meta":{"_acf_changed":false,"_relevanssi_hide_post":"","_relevanssi_hide_content":"","_relevanssi_pin_for_all":"","_relevanssi_pin_keywords":"","_relevanssi_unpin_keywords":"","_relevanssi_related_keywords":"","_relevanssi_related_include_ids":"","_relevanssi_related_exclude_ids":"","_relevanssi_related_no_append":"","_relevanssi_related_not_related":"","_relevanssi_related_posts":"","_relevanssi_noindex_reason":"","pgc_sgb_lightbox_settings":"","footnotes":""},"categories":[2,57],"tags":[],"class_list":["post-753","post","type-post","status-publish","format-standard","has-post-thumbnail","hentry","category-anlaesse","category-klassik"],"acf":[],"yoast_head":"<!-- This site is optimized with the Yoast SEO plugin v27.4 - https:\/\/yoast.com\/product\/yoast-seo-wordpress\/ -->\n<title>Oper als Slapstick, in Tram oder Box - Schweizer Musikzeitung<\/title>\n<meta name=\"robots\" content=\"index, follow, max-snippet:-1, max-image-preview:large, max-video-preview:-1\" \/>\n<link rel=\"canonical\" href=\"https:\/\/www.musikzeitung.ch\/en\/anlaesse\/2018\/10\/oper-als-slapstick-in-tram-oder-box\/\" \/>\n<meta property=\"og:locale\" content=\"en_US\" \/>\n<meta property=\"og:type\" content=\"article\" \/>\n<meta property=\"og:title\" content=\"Oper als Slapstick, in Tram oder Box - Schweizer Musikzeitung\" \/>\n<meta property=\"og:description\" content=\"Wie k\u00f6nnte Oper jenseits traditioneller B\u00fchnen und Formen funktionieren? Community Oper in Freiburg, \u00abKindertotenlieder\u00bb und \u00abIm Amt f\u00fcr Todesangelegenheiten\u00bb in Luzern.\" \/>\n<meta property=\"og:url\" content=\"https:\/\/www.musikzeitung.ch\/en\/anlaesse\/2018\/10\/oper-als-slapstick-in-tram-oder-box\/\" \/>\n<meta property=\"og:site_name\" content=\"Schweizer Musikzeitung\" \/>\n<meta property=\"article:publisher\" content=\"https:\/\/www.facebook.com\/SchweizerMusikzeitung\/\" \/>\n<meta property=\"article:published_time\" content=\"2018-10-23T23:00:00+00:00\" \/>\n<meta property=\"og:image\" content=\"https:\/\/www.musikzeitung.ch\/wp-content\/uploads\/2023\/01\/oe-1.jpg\" \/>\n\t<meta property=\"og:image:width\" content=\"554\" \/>\n\t<meta property=\"og:image:height\" content=\"369\" \/>\n\t<meta property=\"og:image:type\" content=\"image\/jpeg\" \/>\n<meta name=\"author\" content=\"Musikzeitung-Redaktion\" \/>\n<meta name=\"twitter:card\" content=\"summary_large_image\" \/>\n<meta name=\"twitter:creator\" content=\"@smusikzeitung\" \/>\n<meta name=\"twitter:site\" content=\"@smusikzeitung\" \/>\n<meta name=\"twitter:label1\" content=\"Written by\" \/>\n\t<meta name=\"twitter:data1\" content=\"Musikzeitung-Redaktion\" \/>\n\t<meta name=\"twitter:label2\" content=\"Est. reading time\" \/>\n\t<meta name=\"twitter:data2\" content=\"4 minutes\" \/>\n<script type=\"application\/ld+json\" class=\"yoast-schema-graph\">{\"@context\":\"https:\\\/\\\/schema.org\",\"@graph\":[{\"@type\":\"Article\",\"@id\":\"https:\\\/\\\/www.musikzeitung.ch\\\/anlaesse\\\/2018\\\/10\\\/oper-als-slapstick-in-tram-oder-box#article\",\"isPartOf\":{\"@id\":\"https:\\\/\\\/www.musikzeitung.ch\\\/anlaesse\\\/2018\\\/10\\\/oper-als-slapstick-in-tram-oder-box\"},\"author\":{\"name\":\"Musikzeitung-Redaktion\",\"@id\":\"https:\\\/\\\/www.musikzeitung.ch\\\/#\\\/schema\\\/person\\\/b2fd892c800856270b9dcc6001265712\"},\"headline\":\"Oper als Slapstick, in Tram oder Box\",\"datePublished\":\"2018-10-23T23:00:00+00:00\",\"mainEntityOfPage\":{\"@id\":\"https:\\\/\\\/www.musikzeitung.ch\\\/anlaesse\\\/2018\\\/10\\\/oper-als-slapstick-in-tram-oder-box\"},\"wordCount\":856,\"commentCount\":0,\"publisher\":{\"@id\":\"https:\\\/\\\/www.musikzeitung.ch\\\/#organization\"},\"image\":{\"@id\":\"https:\\\/\\\/www.musikzeitung.ch\\\/anlaesse\\\/2018\\\/10\\\/oper-als-slapstick-in-tram-oder-box#primaryimage\"},\"thumbnailUrl\":\"https:\\\/\\\/www.musikzeitung.ch\\\/wp-content\\\/uploads\\\/2023\\\/01\\\/oe-1.jpg\",\"articleSection\":[\"Anl\u00e4sse\",\"Klassik\"],\"inLanguage\":\"en-US\"},{\"@type\":\"WebPage\",\"@id\":\"https:\\\/\\\/www.musikzeitung.ch\\\/anlaesse\\\/2018\\\/10\\\/oper-als-slapstick-in-tram-oder-box\",\"url\":\"https:\\\/\\\/www.musikzeitung.ch\\\/anlaesse\\\/2018\\\/10\\\/oper-als-slapstick-in-tram-oder-box\",\"name\":\"Oper als Slapstick, in Tram oder Box - Schweizer Musikzeitung\",\"isPartOf\":{\"@id\":\"https:\\\/\\\/www.musikzeitung.ch\\\/#website\"},\"primaryImageOfPage\":{\"@id\":\"https:\\\/\\\/www.musikzeitung.ch\\\/anlaesse\\\/2018\\\/10\\\/oper-als-slapstick-in-tram-oder-box#primaryimage\"},\"image\":{\"@id\":\"https:\\\/\\\/www.musikzeitung.ch\\\/anlaesse\\\/2018\\\/10\\\/oper-als-slapstick-in-tram-oder-box#primaryimage\"},\"thumbnailUrl\":\"https:\\\/\\\/www.musikzeitung.ch\\\/wp-content\\\/uploads\\\/2023\\\/01\\\/oe-1.jpg\",\"datePublished\":\"2018-10-23T23:00:00+00:00\",\"breadcrumb\":{\"@id\":\"https:\\\/\\\/www.musikzeitung.ch\\\/anlaesse\\\/2018\\\/10\\\/oper-als-slapstick-in-tram-oder-box#breadcrumb\"},\"inLanguage\":\"en-US\",\"potentialAction\":[{\"@type\":\"ReadAction\",\"target\":[\"https:\\\/\\\/www.musikzeitung.ch\\\/anlaesse\\\/2018\\\/10\\\/oper-als-slapstick-in-tram-oder-box\"]}]},{\"@type\":\"ImageObject\",\"inLanguage\":\"en-US\",\"@id\":\"https:\\\/\\\/www.musikzeitung.ch\\\/anlaesse\\\/2018\\\/10\\\/oper-als-slapstick-in-tram-oder-box#primaryimage\",\"url\":\"https:\\\/\\\/www.musikzeitung.ch\\\/wp-content\\\/uploads\\\/2023\\\/01\\\/oe-1.jpg\",\"contentUrl\":\"https:\\\/\\\/www.musikzeitung.ch\\\/wp-content\\\/uploads\\\/2023\\\/01\\\/oe-1.jpg\",\"width\":554,\"height\":369},{\"@type\":\"BreadcrumbList\",\"@id\":\"https:\\\/\\\/www.musikzeitung.ch\\\/anlaesse\\\/2018\\\/10\\\/oper-als-slapstick-in-tram-oder-box#breadcrumb\",\"itemListElement\":[{\"@type\":\"ListItem\",\"position\":1,\"name\":\"Home\",\"item\":\"https:\\\/\\\/www.musikzeitung.ch\\\/\"},{\"@type\":\"ListItem\",\"position\":2,\"name\":\"Oper als Slapstick, in Tram oder Box\"}]},{\"@type\":\"WebSite\",\"@id\":\"https:\\\/\\\/www.musikzeitung.ch\\\/#website\",\"url\":\"https:\\\/\\\/www.musikzeitung.ch\\\/\",\"name\":\"Schweizer Musikzeitung\",\"description\":\"Die f\u00fchrende sparten\u00fcbergreifende Monatszeitung in der Schweiz f\u00fcr musikalische Fragen.\",\"publisher\":{\"@id\":\"https:\\\/\\\/www.musikzeitung.ch\\\/#organization\"},\"potentialAction\":[{\"@type\":\"SearchAction\",\"target\":{\"@type\":\"EntryPoint\",\"urlTemplate\":\"https:\\\/\\\/www.musikzeitung.ch\\\/?s={search_term_string}\"},\"query-input\":{\"@type\":\"PropertyValueSpecification\",\"valueRequired\":true,\"valueName\":\"search_term_string\"}}],\"inLanguage\":\"en-US\"},{\"@type\":\"Organization\",\"@id\":\"https:\\\/\\\/www.musikzeitung.ch\\\/#organization\",\"name\":\"Schweizer Musikzeitung\",\"url\":\"https:\\\/\\\/www.musikzeitung.ch\\\/\",\"logo\":{\"@type\":\"ImageObject\",\"inLanguage\":\"en-US\",\"@id\":\"https:\\\/\\\/www.musikzeitung.ch\\\/#\\\/schema\\\/logo\\\/image\\\/\",\"url\":\"https:\\\/\\\/www.musikzeitung.ch\\\/wp-content\\\/uploads\\\/2023\\\/01\\\/SMZ_Schriftzug_Sprache.png\",\"contentUrl\":\"https:\\\/\\\/www.musikzeitung.ch\\\/wp-content\\\/uploads\\\/2023\\\/01\\\/SMZ_Schriftzug_Sprache.png\",\"width\":1400,\"height\":279,\"caption\":\"Schweizer Musikzeitung\"},\"image\":{\"@id\":\"https:\\\/\\\/www.musikzeitung.ch\\\/#\\\/schema\\\/logo\\\/image\\\/\"},\"sameAs\":[\"https:\\\/\\\/www.facebook.com\\\/SchweizerMusikzeitung\\\/\",\"https:\\\/\\\/x.com\\\/smusikzeitung\",\"https:\\\/\\\/www.instagram.com\\\/musikzeitung.ch\\\/\"]},{\"@type\":\"Person\",\"@id\":\"https:\\\/\\\/www.musikzeitung.ch\\\/#\\\/schema\\\/person\\\/b2fd892c800856270b9dcc6001265712\",\"name\":\"Musikzeitung-Redaktion\",\"image\":{\"@type\":\"ImageObject\",\"inLanguage\":\"en-US\",\"@id\":\"https:\\\/\\\/www.musikzeitung.ch\\\/wp-content\\\/uploads\\\/2022\\\/05\\\/usericon_musikzeitung-96x96.jpg\",\"url\":\"https:\\\/\\\/www.musikzeitung.ch\\\/wp-content\\\/uploads\\\/2022\\\/05\\\/usericon_musikzeitung-96x96.jpg\",\"contentUrl\":\"https:\\\/\\\/www.musikzeitung.ch\\\/wp-content\\\/uploads\\\/2022\\\/05\\\/usericon_musikzeitung-96x96.jpg\",\"caption\":\"Musikzeitung-Redaktion\"},\"url\":\"https:\\\/\\\/www.musikzeitung.ch\\\/en\\\/author\\\/admin\"}]}<\/script>\n<!-- \/ Yoast SEO plugin. -->","yoast_head_json":{"title":"Oper als Slapstick, in Tram oder Box - Schweizer Musikzeitung","robots":{"index":"index","follow":"follow","max-snippet":"max-snippet:-1","max-image-preview":"max-image-preview:large","max-video-preview":"max-video-preview:-1"},"canonical":"https:\/\/www.musikzeitung.ch\/en\/anlaesse\/2018\/10\/oper-als-slapstick-in-tram-oder-box\/","og_locale":"en_US","og_type":"article","og_title":"Oper als Slapstick, in Tram oder Box - Schweizer Musikzeitung","og_description":"Wie k\u00f6nnte Oper jenseits traditioneller B\u00fchnen und Formen funktionieren? Community Oper in Freiburg, \u00abKindertotenlieder\u00bb und \u00abIm Amt f\u00fcr Todesangelegenheiten\u00bb in Luzern.","og_url":"https:\/\/www.musikzeitung.ch\/en\/anlaesse\/2018\/10\/oper-als-slapstick-in-tram-oder-box\/","og_site_name":"Schweizer Musikzeitung","article_publisher":"https:\/\/www.facebook.com\/SchweizerMusikzeitung\/","article_published_time":"2018-10-23T23:00:00+00:00","og_image":[{"width":554,"height":369,"url":"https:\/\/www.musikzeitung.ch\/wp-content\/uploads\/2023\/01\/oe-1.jpg","type":"image\/jpeg"}],"author":"Musikzeitung-Redaktion","twitter_card":"summary_large_image","twitter_creator":"@smusikzeitung","twitter_site":"@smusikzeitung","twitter_misc":{"Written by":"Musikzeitung-Redaktion","Est. reading time":"4 minutes"},"schema":{"@context":"https:\/\/schema.org","@graph":[{"@type":"Article","@id":"https:\/\/www.musikzeitung.ch\/anlaesse\/2018\/10\/oper-als-slapstick-in-tram-oder-box#article","isPartOf":{"@id":"https:\/\/www.musikzeitung.ch\/anlaesse\/2018\/10\/oper-als-slapstick-in-tram-oder-box"},"author":{"name":"Musikzeitung-Redaktion","@id":"https:\/\/www.musikzeitung.ch\/#\/schema\/person\/b2fd892c800856270b9dcc6001265712"},"headline":"Oper als Slapstick, in Tram oder Box","datePublished":"2018-10-23T23:00:00+00:00","mainEntityOfPage":{"@id":"https:\/\/www.musikzeitung.ch\/anlaesse\/2018\/10\/oper-als-slapstick-in-tram-oder-box"},"wordCount":856,"commentCount":0,"publisher":{"@id":"https:\/\/www.musikzeitung.ch\/#organization"},"image":{"@id":"https:\/\/www.musikzeitung.ch\/anlaesse\/2018\/10\/oper-als-slapstick-in-tram-oder-box#primaryimage"},"thumbnailUrl":"https:\/\/www.musikzeitung.ch\/wp-content\/uploads\/2023\/01\/oe-1.jpg","articleSection":["Anl\u00e4sse","Klassik"],"inLanguage":"en-US"},{"@type":"WebPage","@id":"https:\/\/www.musikzeitung.ch\/anlaesse\/2018\/10\/oper-als-slapstick-in-tram-oder-box","url":"https:\/\/www.musikzeitung.ch\/anlaesse\/2018\/10\/oper-als-slapstick-in-tram-oder-box","name":"Oper als Slapstick, in Tram oder Box - Schweizer Musikzeitung","isPartOf":{"@id":"https:\/\/www.musikzeitung.ch\/#website"},"primaryImageOfPage":{"@id":"https:\/\/www.musikzeitung.ch\/anlaesse\/2018\/10\/oper-als-slapstick-in-tram-oder-box#primaryimage"},"image":{"@id":"https:\/\/www.musikzeitung.ch\/anlaesse\/2018\/10\/oper-als-slapstick-in-tram-oder-box#primaryimage"},"thumbnailUrl":"https:\/\/www.musikzeitung.ch\/wp-content\/uploads\/2023\/01\/oe-1.jpg","datePublished":"2018-10-23T23:00:00+00:00","breadcrumb":{"@id":"https:\/\/www.musikzeitung.ch\/anlaesse\/2018\/10\/oper-als-slapstick-in-tram-oder-box#breadcrumb"},"inLanguage":"en-US","potentialAction":[{"@type":"ReadAction","target":["https:\/\/www.musikzeitung.ch\/anlaesse\/2018\/10\/oper-als-slapstick-in-tram-oder-box"]}]},{"@type":"ImageObject","inLanguage":"en-US","@id":"https:\/\/www.musikzeitung.ch\/anlaesse\/2018\/10\/oper-als-slapstick-in-tram-oder-box#primaryimage","url":"https:\/\/www.musikzeitung.ch\/wp-content\/uploads\/2023\/01\/oe-1.jpg","contentUrl":"https:\/\/www.musikzeitung.ch\/wp-content\/uploads\/2023\/01\/oe-1.jpg","width":554,"height":369},{"@type":"BreadcrumbList","@id":"https:\/\/www.musikzeitung.ch\/anlaesse\/2018\/10\/oper-als-slapstick-in-tram-oder-box#breadcrumb","itemListElement":[{"@type":"ListItem","position":1,"name":"Home","item":"https:\/\/www.musikzeitung.ch\/"},{"@type":"ListItem","position":2,"name":"Oper als Slapstick, in Tram oder Box"}]},{"@type":"WebSite","@id":"https:\/\/www.musikzeitung.ch\/#website","url":"https:\/\/www.musikzeitung.ch\/","name":"Swiss Music Newspaper","description":"The leading interdisciplinary monthly newspaper in Switzerland for musical issues.","publisher":{"@id":"https:\/\/www.musikzeitung.ch\/#organization"},"potentialAction":[{"@type":"SearchAction","target":{"@type":"EntryPoint","urlTemplate":"https:\/\/www.musikzeitung.ch\/?s={search_term_string}"},"query-input":{"@type":"PropertyValueSpecification","valueRequired":true,"valueName":"search_term_string"}}],"inLanguage":"en-US"},{"@type":"Organization","@id":"https:\/\/www.musikzeitung.ch\/#organization","name":"Swiss Music Newspaper","url":"https:\/\/www.musikzeitung.ch\/","logo":{"@type":"ImageObject","inLanguage":"en-US","@id":"https:\/\/www.musikzeitung.ch\/#\/schema\/logo\/image\/","url":"https:\/\/www.musikzeitung.ch\/wp-content\/uploads\/2023\/01\/SMZ_Schriftzug_Sprache.png","contentUrl":"https:\/\/www.musikzeitung.ch\/wp-content\/uploads\/2023\/01\/SMZ_Schriftzug_Sprache.png","width":1400,"height":279,"caption":"Schweizer Musikzeitung"},"image":{"@id":"https:\/\/www.musikzeitung.ch\/#\/schema\/logo\/image\/"},"sameAs":["https:\/\/www.facebook.com\/SchweizerMusikzeitung\/","https:\/\/x.com\/smusikzeitung","https:\/\/www.instagram.com\/musikzeitung.ch\/"]},{"@type":"Person","@id":"https:\/\/www.musikzeitung.ch\/#\/schema\/person\/b2fd892c800856270b9dcc6001265712","name":"Music newspaper editorial office","image":{"@type":"ImageObject","inLanguage":"en-US","@id":"https:\/\/www.musikzeitung.ch\/wp-content\/uploads\/2022\/05\/usericon_musikzeitung-96x96.jpg","url":"https:\/\/www.musikzeitung.ch\/wp-content\/uploads\/2022\/05\/usericon_musikzeitung-96x96.jpg","contentUrl":"https:\/\/www.musikzeitung.ch\/wp-content\/uploads\/2022\/05\/usericon_musikzeitung-96x96.jpg","caption":"Musikzeitung-Redaktion"},"url":"https:\/\/www.musikzeitung.ch\/en\/author\/admin"}]}},"publishpress_future_workflow_manual_trigger":{"enabledWorkflows":[]},"_links":{"self":[{"href":"https:\/\/www.musikzeitung.ch\/en\/wp-json\/wp\/v2\/posts\/753","targetHints":{"allow":["GET"]}}],"collection":[{"href":"https:\/\/www.musikzeitung.ch\/en\/wp-json\/wp\/v2\/posts"}],"about":[{"href":"https:\/\/www.musikzeitung.ch\/en\/wp-json\/wp\/v2\/types\/post"}],"author":[{"embeddable":true,"href":"https:\/\/www.musikzeitung.ch\/en\/wp-json\/wp\/v2\/users\/1"}],"replies":[{"embeddable":true,"href":"https:\/\/www.musikzeitung.ch\/en\/wp-json\/wp\/v2\/comments?post=753"}],"version-history":[{"count":0,"href":"https:\/\/www.musikzeitung.ch\/en\/wp-json\/wp\/v2\/posts\/753\/revisions"}],"wp:featuredmedia":[{"embeddable":true,"href":"https:\/\/www.musikzeitung.ch\/en\/wp-json\/wp\/v2\/media\/754"}],"wp:attachment":[{"href":"https:\/\/www.musikzeitung.ch\/en\/wp-json\/wp\/v2\/media?parent=753"}],"wp:term":[{"taxonomy":"category","embeddable":true,"href":"https:\/\/www.musikzeitung.ch\/en\/wp-json\/wp\/v2\/categories?post=753"},{"taxonomy":"post_tag","embeddable":true,"href":"https:\/\/www.musikzeitung.ch\/en\/wp-json\/wp\/v2\/tags?post=753"}],"curies":[{"name":"wp","href":"https:\/\/api.w.org\/{rel}","templated":true}]}}