{"id":75311,"date":"2026-09-01T15:17:32","date_gmt":"2026-09-01T13:17:32","guid":{"rendered":"https:\/\/www.musikzeitung.ch\/?p=75311"},"modified":"2026-09-02T08:34:08","modified_gmt":"2026-09-02T06:34:08","slug":"wie-sebastian-nordmann-musik-in-luzerns-strassen-bringt","status":"publish","type":"post","link":"https:\/\/www.musikzeitung.ch\/en\/berichte\/2026\/09\/wie-sebastian-nordmann-musik-in-luzerns-strassen-bringt","title":{"rendered":"How Sebastian Nordmann Brings Music to the Streets of Lucerne"},"content":{"rendered":"<figure id=\"attachment_75315\" aria-describedby=\"caption-attachment-75315\" style=\"width: 8192px\" class=\"wp-caption alignnone\"><img decoding=\"async\" class=\"size-full wp-image-75315\" src=\"https:\/\/www.musikzeitung.ch\/wp-content\/uploads\/2026\/08\/260826_citystage_c_manuelajans_lucernefestival_klein-25.jpg\" alt=\"\" width=\"8192\" height=\"5464\" srcset=\"https:\/\/www.musikzeitung.ch\/wp-content\/uploads\/2026\/08\/260826_citystage_c_manuelajans_lucernefestival_klein-25.jpg 1400w, https:\/\/www.musikzeitung.ch\/wp-content\/uploads\/2026\/08\/260826_citystage_c_manuelajans_lucernefestival_klein-25-300x200.jpg 300w, https:\/\/www.musikzeitung.ch\/wp-content\/uploads\/2026\/08\/260826_citystage_c_manuelajans_lucernefestival_klein-25-1024x683.jpg 1024w, https:\/\/www.musikzeitung.ch\/wp-content\/uploads\/2026\/08\/260826_citystage_c_manuelajans_lucernefestival_klein-25-600x400.jpg 600w, https:\/\/www.musikzeitung.ch\/wp-content\/uploads\/2026\/08\/260826_citystage_c_manuelajans_lucernefestival_klein-25-768x512.jpg 768w, https:\/\/www.musikzeitung.ch\/wp-content\/uploads\/2026\/08\/260826_citystage_c_manuelajans_lucernefestival_klein-25-1536x1025.jpg 1536w, https:\/\/www.musikzeitung.ch\/wp-content\/uploads\/2026\/08\/260826_citystage_c_manuelajans_lucernefestival_klein-25-2048x1366.jpg 2048w, https:\/\/www.musikzeitung.ch\/wp-content\/uploads\/2026\/08\/260826_citystage_c_manuelajans_lucernefestival_klein-25-18x12.jpg 18w, https:\/\/www.musikzeitung.ch\/wp-content\/uploads\/2026\/08\/260826_citystage_c_manuelajans_lucernefestival_klein-25-262x175.jpg 262w, https:\/\/www.musikzeitung.ch\/wp-content\/uploads\/2026\/08\/260826_citystage_c_manuelajans_lucernefestival_klein-25-525x350.jpg 525w, https:\/\/www.musikzeitung.ch\/wp-content\/uploads\/2026\/08\/260826_citystage_c_manuelajans_lucernefestival_klein-25-1199x800.jpg 1199w, https:\/\/www.musikzeitung.ch\/wp-content\/uploads\/2026\/08\/260826_citystage_c_manuelajans_lucernefestival_klein-25-920x614.jpg 920w\" sizes=\"(max-width: 8192px) 100vw, 8192px\" \/><figcaption id=\"caption-attachment-75315\" class=\"wp-caption-text\">At the \u00abSymphonic Jukebox,\u00bb the musicians play pieces chosen by the audience.\u00a0<br \/>Photo: Manuela Jans\/Lucerne Festival<\/figcaption><\/figure>\n<p>In Lucerne\u2019s Old Town, you can hear muffled beats. \u00abIs that a tower clock?\u00bb a tourist asks the person she\u2019s with\u2014and continues on toward the Weinmarkt. Curious onlookers flock to the square from all sides, where a circle of people has already formed and a drummer is tuning his bongos. Two vibraphones and two marimbas are also set up on the pavement. The free concert, part of the newly conceived \u00abIn den Strassen: City Stage\u00bb festival, is ready to begin.<\/p>\n<p>The new artistic director, Sebastian Nordmann, wants to bring the Lucerne Festival even more into the city. The four young participants of the Lucerne Festival Academy manage to captivate passersby at the Weinmarkt. People pull out their cell phones, and some start moving to the groovy, rhythmically shifted sounds of Steve Reich\u2019s <em>Mallet Quartet<\/em>.<\/p>\n<p>A few blocks away on Kapellplatz, the experience gets even more interactive. At the \u00abSymphonic Jukebox,\u00bb listeners can choose from over 30 songs, which are then performed live by the Lucerne Festival Contemporary Orchestra. Popular pieces such as the waltz from Shostakovich\u2019s <em>Jazz Suite<\/em> resonates just as much as the rhythmically complex <em>Short Ride in a Fast Machine<\/em> by John Adams. Conductor Joseph Sieber briefly explains the selected pieces and occasionally offers commentary during an excerpt from <em>Jupiter<\/em> by Gustav Holst's <em>The Planets<\/em> hand the baton to a volunteer.<\/p>\n<p>At the Schirmerturm, \u00absound gardener\u00bb Andres Bosshard welcomes a group of twenty for a \u00abSound Walk.\u00bb Together, they listen to the rain, press their noses against the Musegg Wall while humming, learn about the positive social impact of the \u00abMurmelstrom,\u00bb and are impressed by the echoes produced, which even make the cows grazing on the neighboring meadow flinch.<\/p>\n<h3><strong>Beethoven, as perceived in the 18th century<\/strong><\/h3>\n<p>With this new awareness, you descend the stairs toward the city with a changed perspective. And you savor the subtleties that can be heard in the Royal Concertgebouw Orchestra Amsterdam\u2019s concert at the packed KKL. The orchestra\u2019s interpretation of Beethoven\u2019s Piano Concerto No. 5 in E-flat major is airy. The strings play with little vibrato, and the timpanist uses wooden mallets. Icelandic pianist V\u00edkingur \u00d3lafsson, who is curating the new Pulse Festival in Lucerne this spring, also approaches Beethoven from an 18th-century perspective\u2014in the cadenza, he makes the Steinway grand sound almost like a fortepiano. The strings\u2019 pizzicatos are perfectly executed; indeed, the Amsterdam orchestra delights with its flawless ensemble playing. \u00d3lafsson plays the Adagio with a completely ethereal touch. He then floods the finale with energy and, even if not every triplet opening is technically flawless, transforms it into a rousing dance through his close interplay with the orchestra.<\/p>\n<p>In Sergei Prokofiev\u2019s Symphony No. 5, which premiered in 1945, the Royal Concertgebouw Orchestra, under the baton of Finnish guest conductor Santtu-Matias Rouvali, presents itself as a vibrant ensemble in which the individual instrumental sections are perfectly interwoven. In the second movement, the contours become more jarring and the rhythms sharper\u2014the Adagio is filled with tension and urgency. Only when the violins play in the upper registers in a highly exposed manner, as they do here at the beginning of the movement, is the intonation slightly off.<\/p>\n<h3><strong>Hadelich, the Aesthete of Sound<\/strong><\/h3>\n<p>The Berlin Philharmonic also features a rarely performed Russian composition on its program: Alexander Scriabin\u2019s Symphony No. 3 in C minor, Op. 43. How the orchestra shapes this richly textured, complex, and at times bombastic orchestral work\u2014as in the sensuous second movement\u2014 <em>Volupt\u00e9s<\/em> It\u2019s exhilarating to hear the woodwinds chirp like birds and the brass create emotional peaks. Principal conductor Kirill Petrenko draws the extroverted out of the introverted, using his left hand to maintain balance and his right to ensure musical flow. Unfortunately, the tutti entries following the general rests and the chord changes at the end of the first movement aren\u2019t quite in unison.<\/p>\n<p>In Beethoven\u2019s Violin Concerto, too, the woodwinds\u00ab first entry sounds a bit clattery\u2014but then the orchestra settles into a warm sound, fully resonating through the strings, and a flowing pulse. And it lays down the foundation upon which Augustin Hadelich enters the scene on the violin with delicate octaves. This year\u2019s \u00bbartist in residence\u201d at the festival is a master of sound aesthetics. Not a single bow change can be heard; every figure is played out in full. The Berlin Philharmonic follows him closely, giving him room to unfold. In the Larghetto, Petrenko has the muted strings play extremely softly, while clarinetist Wenzel Fuchs and bassoonist Stefan Schweigert conjure up a cantabile quality\u2014and Hadelich refines the melody with artful ornamentation.<\/p>\n<figure id=\"attachment_75319\" aria-describedby=\"caption-attachment-75319\" style=\"width: 4000px\" class=\"wp-caption alignnone\"><img decoding=\"async\" class=\"size-full wp-image-75319\" src=\"https:\/\/www.musikzeitung.ch\/wp-content\/uploads\/2026\/08\/260825_citystage_c_priskaketterer_lucernefestival_27_klein.jpg\" alt=\"\" width=\"4000\" height=\"2667\" srcset=\"https:\/\/www.musikzeitung.ch\/wp-content\/uploads\/2026\/08\/260825_citystage_c_priskaketterer_lucernefestival_27_klein.jpg 1400w, https:\/\/www.musikzeitung.ch\/wp-content\/uploads\/2026\/08\/260825_citystage_c_priskaketterer_lucernefestival_27_klein-300x200.jpg 300w, https:\/\/www.musikzeitung.ch\/wp-content\/uploads\/2026\/08\/260825_citystage_c_priskaketterer_lucernefestival_27_klein-1024x683.jpg 1024w, https:\/\/www.musikzeitung.ch\/wp-content\/uploads\/2026\/08\/260825_citystage_c_priskaketterer_lucernefestival_27_klein-600x400.jpg 600w, https:\/\/www.musikzeitung.ch\/wp-content\/uploads\/2026\/08\/260825_citystage_c_priskaketterer_lucernefestival_27_klein-768x512.jpg 768w, https:\/\/www.musikzeitung.ch\/wp-content\/uploads\/2026\/08\/260825_citystage_c_priskaketterer_lucernefestival_27_klein-1536x1024.jpg 1536w, https:\/\/www.musikzeitung.ch\/wp-content\/uploads\/2026\/08\/260825_citystage_c_priskaketterer_lucernefestival_27_klein-2048x1366.jpg 2048w, https:\/\/www.musikzeitung.ch\/wp-content\/uploads\/2026\/08\/260825_citystage_c_priskaketterer_lucernefestival_27_klein-18x12.jpg 18w, https:\/\/www.musikzeitung.ch\/wp-content\/uploads\/2026\/08\/260825_citystage_c_priskaketterer_lucernefestival_27_klein-262x175.jpg 262w, https:\/\/www.musikzeitung.ch\/wp-content\/uploads\/2026\/08\/260825_citystage_c_priskaketterer_lucernefestival_27_klein-525x350.jpg 525w, https:\/\/www.musikzeitung.ch\/wp-content\/uploads\/2026\/08\/260825_citystage_c_priskaketterer_lucernefestival_27_klein-1200x800.jpg 1200w, https:\/\/www.musikzeitung.ch\/wp-content\/uploads\/2026\/08\/260825_citystage_c_priskaketterer_lucernefestival_27_klein-920x613.jpg 920w\" sizes=\"(max-width: 4000px) 100vw, 4000px\" \/><figcaption id=\"caption-attachment-75319\" class=\"wp-caption-text\">Sebastian Nordmann, Artistic Director of the Lucerne Festival. Photo: Lucerne Festival \/ Priska Ketterer<\/figcaption><\/figure>\n<p>A total of 20 orchestras will perform at the Lucerne Festival over the course of a month. With 12 world premieres, the new artistic director, Sebastian Nordmann, is continuing the work Michael Haefliger has been doing for many years. He hopes to attract new audiences with a more pop-oriented brand, new formats such as \u00abMittendrin,\u00bb where the audience sits on stage, and free events like the Open Air at the start of the festival.<\/p>\n<h3><strong>With J\u00f6rg Widma<\/strong><strong style=\"font-size: 16px;\">nn to the limits of audibility<\/strong><\/h3>\n<p>Nordmann has appointed J\u00f6rg Widmann\u2014a charismatic composer who succeeds the late Wolfgang Rihm as director of the Lucerne Festival Academy\u2014to the position; Widmann is also active as a conductor and clarinetist\u2014a fact that was particularly evident during the Academy\u2019s fourth concert. Together with the Lucerne Festival Contemporary Orchestra and the SWR Experimental Studio in Freiburg (sound direction: Michael Acker, Joachim Haas, Daniel Miska), Widmann, under the baton of Peter Rundel, <em>About<\/em> by the French composer Mark Andre, created from the breath, features delicate harmonics and soft clarinet tones at the very limit of audibility.<\/p>\n<p>The world premiere of <em>Tongue of the Land<\/em> (Roche Commissions) by Australian composer Liza Lim is met with a standing ovation. The rediscovered, reconstructed Celtic instrument, the carnyx (soloist: Marco Blaauw), takes center stage in this sensual, theatrical composition. With its rousing performance, <em>Doctor Atomic Symphony<\/em> John Adams\u00ab work also reflects this year's theme, \u00bbAmerican Dreams\"\u2014which has been the subject of much discussion in the run-up to the concert\u2014in the Academy concert. A composition that critiques the atomic bomb? That, too, is possible in American music.<\/p>\n<p><em>Lucerne Festival, through September 13. <\/em><a href=\"http:\/\/www.lucerne-festival.ch\"><em>www.lucerne-festival.ch<\/em><\/a><\/p>","protected":false},"excerpt":{"rendered":"<p>The Lucerne Festival runs through September 13. The opening was marked, among other things, by unusual formats with which the new artistic director hopes to attract new audiences.<\/p>","protected":false},"author":58087,"featured_media":75315,"comment_status":"closed","ping_status":"closed","sticky":true,"template":"","format":"standard","meta":{"_acf_changed":false,"_relevanssi_hide_post":"","_relevanssi_hide_content":"","_relevanssi_pin_for_all":"","_relevanssi_pin_keywords":"","_relevanssi_unpin_keywords":"","_relevanssi_related_keywords":"","_relevanssi_related_include_ids":"","_relevanssi_related_exclude_ids":"","_relevanssi_related_no_append":"","_relevanssi_related_not_related":"","_relevanssi_related_posts":"","_relevanssi_noindex_reason":"","pgc_sgb_lightbox_settings":"","footnotes":""},"categories":[1531,28],"tags":[4322,5019,2139,4227,5791,2485],"class_list":["post-75311","post","type-post","status-publish","format-standard","has-post-thumbnail","hentry","category-auffuehrungen","category-berichte","tag-berliner-philharmoniker","tag-joerg-widmann","tag-lucerne-festival","tag-lucerne-festival-academy","tag-lucerne-festival-academy-orchestra","tag-sebastian-nordmann"],"acf":{"author":"Georg Rudiger"},"yoast_head":"<!-- This site is optimized with the Yoast SEO plugin v28.4 - https:\/\/yoast.com\/product\/yoast-seo-wordpress\/ -->\n<title>Wie Sebastian Nordmann Musik in Luzerns Strassen bringt - Schweizer Musikzeitung<\/title>\n<meta name=\"robots\" content=\"index, follow, max-snippet:-1, max-image-preview:large, max-video-preview:-1\" \/>\n<link rel=\"canonical\" href=\"https:\/\/www.musikzeitung.ch\/en\/berichte\/2026\/09\/wie-sebastian-nordmann-musik-in-luzerns-strassen-bringt\/\" \/>\n<meta property=\"og:locale\" content=\"en_US\" \/>\n<meta property=\"og:type\" content=\"article\" \/>\n<meta property=\"og:title\" content=\"Wie Sebastian Nordmann Musik in Luzerns Strassen bringt - Schweizer Musikzeitung\" \/>\n<meta property=\"og:description\" content=\"Noch bis 13. September l\u00e4uft das Lucerne Festival. Der Start war unter anderem gepr\u00e4gt von ungew\u00f6hnlichen Formaten, mit denen der neue Intendant Publikum hinzugewinnen will.\" \/>\n<meta property=\"og:url\" content=\"https:\/\/www.musikzeitung.ch\/en\/berichte\/2026\/09\/wie-sebastian-nordmann-musik-in-luzerns-strassen-bringt\/\" \/>\n<meta property=\"og:site_name\" content=\"Schweizer Musikzeitung\" \/>\n<meta property=\"article:publisher\" content=\"https:\/\/www.facebook.com\/SchweizerMusikzeitung\/\" \/>\n<meta property=\"article:published_time\" content=\"2026-09-01T13:17:32+00:00\" \/>\n<meta property=\"article:modified_time\" content=\"2026-09-02T06:34:08+00:00\" \/>\n<meta property=\"og:image\" content=\"https:\/\/www.musikzeitung.ch\/wp-content\/uploads\/2026\/08\/260826_citystage_c_manuelajans_lucernefestival_klein-25.jpg\" \/>\n\t<meta property=\"og:image:width\" content=\"1400\" \/>\n\t<meta property=\"og:image:height\" content=\"934\" \/>\n\t<meta property=\"og:image:type\" content=\"image\/jpeg\" \/>\n<meta name=\"author\" content=\"Fabian Renz\" \/>\n<meta name=\"twitter:card\" content=\"summary_large_image\" \/>\n<meta name=\"twitter:creator\" content=\"@smusikzeitung\" \/>\n<meta name=\"twitter:site\" content=\"@smusikzeitung\" \/>\n<meta name=\"twitter:label1\" content=\"Written by\" \/>\n\t<meta name=\"twitter:data1\" content=\"Fabian Renz\" \/>\n\t<meta name=\"twitter:label2\" content=\"Est. reading time\" \/>\n\t<meta name=\"twitter:data2\" content=\"6 minutes\" \/>\n<script type=\"application\/ld+json\" class=\"yoast-schema-graph\">{\"@context\":\"https:\\\/\\\/schema.org\",\"@graph\":[{\"@type\":\"Article\",\"@id\":\"https:\\\/\\\/www.musikzeitung.ch\\\/berichte\\\/2026\\\/09\\\/wie-sebastian-nordmann-musik-in-luzerns-strassen-bringt#article\",\"isPartOf\":{\"@id\":\"https:\\\/\\\/www.musikzeitung.ch\\\/berichte\\\/2026\\\/09\\\/wie-sebastian-nordmann-musik-in-luzerns-strassen-bringt\"},\"author\":{\"name\":\"Fabian Renz\",\"@id\":\"https:\\\/\\\/www.musikzeitung.ch\\\/#\\\/schema\\\/person\\\/d5e2affbc30912ae581f457f8993d034\"},\"headline\":\"Wie Sebastian Nordmann Musik in Luzerns Strassen bringt\",\"datePublished\":\"2026-09-01T13:17:32+00:00\",\"dateModified\":\"2026-09-02T06:34:08+00:00\",\"mainEntityOfPage\":{\"@id\":\"https:\\\/\\\/www.musikzeitung.ch\\\/berichte\\\/2026\\\/09\\\/wie-sebastian-nordmann-musik-in-luzerns-strassen-bringt\"},\"wordCount\":1019,\"publisher\":{\"@id\":\"https:\\\/\\\/www.musikzeitung.ch\\\/#organization\"},\"image\":{\"@id\":\"https:\\\/\\\/www.musikzeitung.ch\\\/berichte\\\/2026\\\/09\\\/wie-sebastian-nordmann-musik-in-luzerns-strassen-bringt#primaryimage\"},\"thumbnailUrl\":\"https:\\\/\\\/www.musikzeitung.ch\\\/wp-content\\\/uploads\\\/2026\\\/08\\\/260826_citystage_c_manuelajans_lucernefestival_klein-25.jpg\",\"keywords\":[\"Berliner Philharmoniker\",\"J\u00f6rg Widmann\",\"Lucerne Festival\",\"Lucerne Festival Academy\",\"Lucerne Festival Academy Orchestra\",\"Sebastian Nordmann\"],\"articleSection\":[\"Auff\u00fchrungen\",\"Berichte\"],\"inLanguage\":\"en-US\"},{\"@type\":\"WebPage\",\"@id\":\"https:\\\/\\\/www.musikzeitung.ch\\\/berichte\\\/2026\\\/09\\\/wie-sebastian-nordmann-musik-in-luzerns-strassen-bringt\",\"url\":\"https:\\\/\\\/www.musikzeitung.ch\\\/berichte\\\/2026\\\/09\\\/wie-sebastian-nordmann-musik-in-luzerns-strassen-bringt\",\"name\":\"Wie Sebastian Nordmann Musik in Luzerns Strassen bringt - Schweizer Musikzeitung\",\"isPartOf\":{\"@id\":\"https:\\\/\\\/www.musikzeitung.ch\\\/#website\"},\"primaryImageOfPage\":{\"@id\":\"https:\\\/\\\/www.musikzeitung.ch\\\/berichte\\\/2026\\\/09\\\/wie-sebastian-nordmann-musik-in-luzerns-strassen-bringt#primaryimage\"},\"image\":{\"@id\":\"https:\\\/\\\/www.musikzeitung.ch\\\/berichte\\\/2026\\\/09\\\/wie-sebastian-nordmann-musik-in-luzerns-strassen-bringt#primaryimage\"},\"thumbnailUrl\":\"https:\\\/\\\/www.musikzeitung.ch\\\/wp-content\\\/uploads\\\/2026\\\/08\\\/260826_citystage_c_manuelajans_lucernefestival_klein-25.jpg\",\"datePublished\":\"2026-09-01T13:17:32+00:00\",\"dateModified\":\"2026-09-02T06:34:08+00:00\",\"breadcrumb\":{\"@id\":\"https:\\\/\\\/www.musikzeitung.ch\\\/berichte\\\/2026\\\/09\\\/wie-sebastian-nordmann-musik-in-luzerns-strassen-bringt#breadcrumb\"},\"inLanguage\":\"en-US\",\"potentialAction\":[{\"@type\":\"ReadAction\",\"target\":[\"https:\\\/\\\/www.musikzeitung.ch\\\/berichte\\\/2026\\\/09\\\/wie-sebastian-nordmann-musik-in-luzerns-strassen-bringt\"]}]},{\"@type\":\"ImageObject\",\"inLanguage\":\"en-US\",\"@id\":\"https:\\\/\\\/www.musikzeitung.ch\\\/berichte\\\/2026\\\/09\\\/wie-sebastian-nordmann-musik-in-luzerns-strassen-bringt#primaryimage\",\"url\":\"https:\\\/\\\/www.musikzeitung.ch\\\/wp-content\\\/uploads\\\/2026\\\/08\\\/260826_citystage_c_manuelajans_lucernefestival_klein-25.jpg\",\"contentUrl\":\"https:\\\/\\\/www.musikzeitung.ch\\\/wp-content\\\/uploads\\\/2026\\\/08\\\/260826_citystage_c_manuelajans_lucernefestival_klein-25.jpg\",\"width\":1400,\"height\":934,\"caption\":\"Lucerne Festival: Sommer-Festival 2026 | 26.08.2026 | City Stage | Symphonic Jukebox, Reflecting the Streets of New Orleans | Copyright: Manuela Jans\\\/ Lucerne Festival\"},{\"@type\":\"BreadcrumbList\",\"@id\":\"https:\\\/\\\/www.musikzeitung.ch\\\/berichte\\\/2026\\\/09\\\/wie-sebastian-nordmann-musik-in-luzerns-strassen-bringt#breadcrumb\",\"itemListElement\":[{\"@type\":\"ListItem\",\"position\":1,\"name\":\"Home\",\"item\":\"https:\\\/\\\/www.musikzeitung.ch\\\/\"},{\"@type\":\"ListItem\",\"position\":2,\"name\":\"Wie Sebastian Nordmann Musik in Luzerns Strassen bringt\"}]},{\"@type\":\"WebSite\",\"@id\":\"https:\\\/\\\/www.musikzeitung.ch\\\/#website\",\"url\":\"https:\\\/\\\/www.musikzeitung.ch\\\/\",\"name\":\"Schweizer Musikzeitung\",\"description\":\"Die f\u00fchrende sparten\u00fcbergreifende Monatszeitung in der Schweiz f\u00fcr musikalische Fragen.\",\"publisher\":{\"@id\":\"https:\\\/\\\/www.musikzeitung.ch\\\/#organization\"},\"potentialAction\":[{\"@type\":\"SearchAction\",\"target\":{\"@type\":\"EntryPoint\",\"urlTemplate\":\"https:\\\/\\\/www.musikzeitung.ch\\\/?s={search_term_string}\"},\"query-input\":{\"@type\":\"PropertyValueSpecification\",\"valueRequired\":true,\"valueName\":\"search_term_string\"}}],\"inLanguage\":\"en-US\"},{\"@type\":\"Organization\",\"@id\":\"https:\\\/\\\/www.musikzeitung.ch\\\/#organization\",\"name\":\"Schweizer Musikzeitung\",\"url\":\"https:\\\/\\\/www.musikzeitung.ch\\\/\",\"logo\":{\"@type\":\"ImageObject\",\"inLanguage\":\"en-US\",\"@id\":\"https:\\\/\\\/www.musikzeitung.ch\\\/#\\\/schema\\\/logo\\\/image\\\/\",\"url\":\"https:\\\/\\\/www.musikzeitung.ch\\\/wp-content\\\/uploads\\\/2023\\\/01\\\/SMZ_Schriftzug_Sprache.png\",\"contentUrl\":\"https:\\\/\\\/www.musikzeitung.ch\\\/wp-content\\\/uploads\\\/2023\\\/01\\\/SMZ_Schriftzug_Sprache.png\",\"width\":1400,\"height\":279,\"caption\":\"Schweizer Musikzeitung\"},\"image\":{\"@id\":\"https:\\\/\\\/www.musikzeitung.ch\\\/#\\\/schema\\\/logo\\\/image\\\/\"},\"sameAs\":[\"https:\\\/\\\/www.facebook.com\\\/SchweizerMusikzeitung\\\/\",\"https:\\\/\\\/x.com\\\/smusikzeitung\",\"https:\\\/\\\/www.instagram.com\\\/musikzeitung.ch\\\/\"]},{\"@type\":\"Person\",\"@id\":\"https:\\\/\\\/www.musikzeitung.ch\\\/#\\\/schema\\\/person\\\/d5e2affbc30912ae581f457f8993d034\",\"name\":\"Fabian Renz\",\"image\":{\"@type\":\"ImageObject\",\"inLanguage\":\"en-US\",\"@id\":\"https:\\\/\\\/secure.gravatar.com\\\/avatar\\\/2d30a35a3fc008c3c0ccb0a1e6758ef4a34aad80df2ce102b470992541cd3b66?s=96&d=mm&r=g\",\"url\":\"https:\\\/\\\/secure.gravatar.com\\\/avatar\\\/2d30a35a3fc008c3c0ccb0a1e6758ef4a34aad80df2ce102b470992541cd3b66?s=96&d=mm&r=g\",\"contentUrl\":\"https:\\\/\\\/secure.gravatar.com\\\/avatar\\\/2d30a35a3fc008c3c0ccb0a1e6758ef4a34aad80df2ce102b470992541cd3b66?s=96&d=mm&r=g\",\"caption\":\"Fabian Renz\"},\"url\":\"https:\\\/\\\/www.musikzeitung.ch\\\/en\\\/author\\\/fabian-renz\"}]}<\/script>\n<!-- \/ Yoast SEO plugin. -->","yoast_head_json":{"title":"Wie Sebastian Nordmann Musik in Luzerns Strassen bringt - Schweizer Musikzeitung","robots":{"index":"index","follow":"follow","max-snippet":"max-snippet:-1","max-image-preview":"max-image-preview:large","max-video-preview":"max-video-preview:-1"},"canonical":"https:\/\/www.musikzeitung.ch\/en\/berichte\/2026\/09\/wie-sebastian-nordmann-musik-in-luzerns-strassen-bringt\/","og_locale":"en_US","og_type":"article","og_title":"Wie Sebastian Nordmann Musik in Luzerns Strassen bringt - Schweizer Musikzeitung","og_description":"Noch bis 13. September l\u00e4uft das Lucerne Festival. Der Start war unter anderem gepr\u00e4gt von ungew\u00f6hnlichen Formaten, mit denen der neue Intendant Publikum hinzugewinnen will.","og_url":"https:\/\/www.musikzeitung.ch\/en\/berichte\/2026\/09\/wie-sebastian-nordmann-musik-in-luzerns-strassen-bringt\/","og_site_name":"Schweizer Musikzeitung","article_publisher":"https:\/\/www.facebook.com\/SchweizerMusikzeitung\/","article_published_time":"2026-09-01T13:17:32+00:00","article_modified_time":"2026-09-02T06:34:08+00:00","og_image":[{"width":1400,"height":934,"url":"https:\/\/www.musikzeitung.ch\/wp-content\/uploads\/2026\/08\/260826_citystage_c_manuelajans_lucernefestival_klein-25.jpg","type":"image\/jpeg"}],"author":"Fabian Renz","twitter_card":"summary_large_image","twitter_creator":"@smusikzeitung","twitter_site":"@smusikzeitung","twitter_misc":{"Written by":"Fabian Renz","Est. reading time":"6 minutes"},"schema":{"@context":"https:\/\/schema.org","@graph":[{"@type":"Article","@id":"https:\/\/www.musikzeitung.ch\/berichte\/2026\/09\/wie-sebastian-nordmann-musik-in-luzerns-strassen-bringt#article","isPartOf":{"@id":"https:\/\/www.musikzeitung.ch\/berichte\/2026\/09\/wie-sebastian-nordmann-musik-in-luzerns-strassen-bringt"},"author":{"name":"Fabian Renz","@id":"https:\/\/www.musikzeitung.ch\/#\/schema\/person\/d5e2affbc30912ae581f457f8993d034"},"headline":"Wie Sebastian Nordmann Musik in Luzerns Strassen bringt","datePublished":"2026-09-01T13:17:32+00:00","dateModified":"2026-09-02T06:34:08+00:00","mainEntityOfPage":{"@id":"https:\/\/www.musikzeitung.ch\/berichte\/2026\/09\/wie-sebastian-nordmann-musik-in-luzerns-strassen-bringt"},"wordCount":1019,"publisher":{"@id":"https:\/\/www.musikzeitung.ch\/#organization"},"image":{"@id":"https:\/\/www.musikzeitung.ch\/berichte\/2026\/09\/wie-sebastian-nordmann-musik-in-luzerns-strassen-bringt#primaryimage"},"thumbnailUrl":"https:\/\/www.musikzeitung.ch\/wp-content\/uploads\/2026\/08\/260826_citystage_c_manuelajans_lucernefestival_klein-25.jpg","keywords":["Berliner Philharmoniker","J\u00f6rg Widmann","Lucerne Festival","Lucerne Festival Academy","Lucerne Festival Academy Orchestra","Sebastian Nordmann"],"articleSection":["Auff\u00fchrungen","Berichte"],"inLanguage":"en-US"},{"@type":"WebPage","@id":"https:\/\/www.musikzeitung.ch\/berichte\/2026\/09\/wie-sebastian-nordmann-musik-in-luzerns-strassen-bringt","url":"https:\/\/www.musikzeitung.ch\/berichte\/2026\/09\/wie-sebastian-nordmann-musik-in-luzerns-strassen-bringt","name":"Wie Sebastian Nordmann Musik in Luzerns Strassen bringt - Schweizer Musikzeitung","isPartOf":{"@id":"https:\/\/www.musikzeitung.ch\/#website"},"primaryImageOfPage":{"@id":"https:\/\/www.musikzeitung.ch\/berichte\/2026\/09\/wie-sebastian-nordmann-musik-in-luzerns-strassen-bringt#primaryimage"},"image":{"@id":"https:\/\/www.musikzeitung.ch\/berichte\/2026\/09\/wie-sebastian-nordmann-musik-in-luzerns-strassen-bringt#primaryimage"},"thumbnailUrl":"https:\/\/www.musikzeitung.ch\/wp-content\/uploads\/2026\/08\/260826_citystage_c_manuelajans_lucernefestival_klein-25.jpg","datePublished":"2026-09-01T13:17:32+00:00","dateModified":"2026-09-02T06:34:08+00:00","breadcrumb":{"@id":"https:\/\/www.musikzeitung.ch\/berichte\/2026\/09\/wie-sebastian-nordmann-musik-in-luzerns-strassen-bringt#breadcrumb"},"inLanguage":"en-US","potentialAction":[{"@type":"ReadAction","target":["https:\/\/www.musikzeitung.ch\/berichte\/2026\/09\/wie-sebastian-nordmann-musik-in-luzerns-strassen-bringt"]}]},{"@type":"ImageObject","inLanguage":"en-US","@id":"https:\/\/www.musikzeitung.ch\/berichte\/2026\/09\/wie-sebastian-nordmann-musik-in-luzerns-strassen-bringt#primaryimage","url":"https:\/\/www.musikzeitung.ch\/wp-content\/uploads\/2026\/08\/260826_citystage_c_manuelajans_lucernefestival_klein-25.jpg","contentUrl":"https:\/\/www.musikzeitung.ch\/wp-content\/uploads\/2026\/08\/260826_citystage_c_manuelajans_lucernefestival_klein-25.jpg","width":1400,"height":934,"caption":"Lucerne Festival: Sommer-Festival 2026 | 26.08.2026 | City Stage | Symphonic Jukebox, Reflecting the Streets of New Orleans | Copyright: Manuela Jans\/ Lucerne Festival"},{"@type":"BreadcrumbList","@id":"https:\/\/www.musikzeitung.ch\/berichte\/2026\/09\/wie-sebastian-nordmann-musik-in-luzerns-strassen-bringt#breadcrumb","itemListElement":[{"@type":"ListItem","position":1,"name":"Home","item":"https:\/\/www.musikzeitung.ch\/"},{"@type":"ListItem","position":2,"name":"Wie Sebastian Nordmann Musik in Luzerns Strassen bringt"}]},{"@type":"WebSite","@id":"https:\/\/www.musikzeitung.ch\/#website","url":"https:\/\/www.musikzeitung.ch\/","name":"Swiss Music Newspaper","description":"The leading interdisciplinary monthly newspaper in Switzerland for musical issues.","publisher":{"@id":"https:\/\/www.musikzeitung.ch\/#organization"},"potentialAction":[{"@type":"SearchAction","target":{"@type":"EntryPoint","urlTemplate":"https:\/\/www.musikzeitung.ch\/?s={search_term_string}"},"query-input":{"@type":"PropertyValueSpecification","valueRequired":true,"valueName":"search_term_string"}}],"inLanguage":"en-US"},{"@type":"Organization","@id":"https:\/\/www.musikzeitung.ch\/#organization","name":"Swiss Music Newspaper","url":"https:\/\/www.musikzeitung.ch\/","logo":{"@type":"ImageObject","inLanguage":"en-US","@id":"https:\/\/www.musikzeitung.ch\/#\/schema\/logo\/image\/","url":"https:\/\/www.musikzeitung.ch\/wp-content\/uploads\/2023\/01\/SMZ_Schriftzug_Sprache.png","contentUrl":"https:\/\/www.musikzeitung.ch\/wp-content\/uploads\/2023\/01\/SMZ_Schriftzug_Sprache.png","width":1400,"height":279,"caption":"Schweizer Musikzeitung"},"image":{"@id":"https:\/\/www.musikzeitung.ch\/#\/schema\/logo\/image\/"},"sameAs":["https:\/\/www.facebook.com\/SchweizerMusikzeitung\/","https:\/\/x.com\/smusikzeitung","https:\/\/www.instagram.com\/musikzeitung.ch\/"]},{"@type":"Person","@id":"https:\/\/www.musikzeitung.ch\/#\/schema\/person\/d5e2affbc30912ae581f457f8993d034","name":"Fabian Renz","image":{"@type":"ImageObject","inLanguage":"en-US","@id":"https:\/\/secure.gravatar.com\/avatar\/2d30a35a3fc008c3c0ccb0a1e6758ef4a34aad80df2ce102b470992541cd3b66?s=96&d=mm&r=g","url":"https:\/\/secure.gravatar.com\/avatar\/2d30a35a3fc008c3c0ccb0a1e6758ef4a34aad80df2ce102b470992541cd3b66?s=96&d=mm&r=g","contentUrl":"https:\/\/secure.gravatar.com\/avatar\/2d30a35a3fc008c3c0ccb0a1e6758ef4a34aad80df2ce102b470992541cd3b66?s=96&d=mm&r=g","caption":"Fabian Renz"},"url":"https:\/\/www.musikzeitung.ch\/en\/author\/fabian-renz"}]}},"publishpress_future_workflow_manual_trigger":{"enabledWorkflows":[]},"_links":{"self":[{"href":"https:\/\/www.musikzeitung.ch\/en\/wp-json\/wp\/v2\/posts\/75311","targetHints":{"allow":["GET"]}}],"collection":[{"href":"https:\/\/www.musikzeitung.ch\/en\/wp-json\/wp\/v2\/posts"}],"about":[{"href":"https:\/\/www.musikzeitung.ch\/en\/wp-json\/wp\/v2\/types\/post"}],"author":[{"embeddable":true,"href":"https:\/\/www.musikzeitung.ch\/en\/wp-json\/wp\/v2\/users\/58087"}],"replies":[{"embeddable":true,"href":"https:\/\/www.musikzeitung.ch\/en\/wp-json\/wp\/v2\/comments?post=75311"}],"version-history":[{"count":6,"href":"https:\/\/www.musikzeitung.ch\/en\/wp-json\/wp\/v2\/posts\/75311\/revisions"}],"predecessor-version":[{"id":75320,"href":"https:\/\/www.musikzeitung.ch\/en\/wp-json\/wp\/v2\/posts\/75311\/revisions\/75320"}],"wp:featuredmedia":[{"embeddable":true,"href":"https:\/\/www.musikzeitung.ch\/en\/wp-json\/wp\/v2\/media\/75315"}],"wp:attachment":[{"href":"https:\/\/www.musikzeitung.ch\/en\/wp-json\/wp\/v2\/media?parent=75311"}],"wp:term":[{"taxonomy":"category","embeddable":true,"href":"https:\/\/www.musikzeitung.ch\/en\/wp-json\/wp\/v2\/categories?post=75311"},{"taxonomy":"post_tag","embeddable":true,"href":"https:\/\/www.musikzeitung.ch\/en\/wp-json\/wp\/v2\/tags?post=75311"}],"curies":[{"name":"wp","href":"https:\/\/api.w.org\/{rel}","templated":true}]}}