{"id":75362,"date":"2026-09-03T15:00:31","date_gmt":"2026-09-03T13:00:31","guid":{"rendered":"https:\/\/www.musikzeitung.ch\/?p=75362"},"modified":"2026-09-03T15:13:30","modified_gmt":"2026-09-03T13:13:30","slug":"er-wollte-musik-sichtbar-machen","status":"publish","type":"post","link":"https:\/\/www.musikzeitung.ch\/en\/dossiers\/nachruf\/2026\/09\/er-wollte-musik-sichtbar-machen","title":{"rendered":"He wanted to make music visible"},"content":{"rendered":"<figure id=\"attachment_74714\" aria-describedby=\"caption-attachment-74714\" style=\"width: 1400px\" class=\"wp-caption alignnone\"><img decoding=\"async\" class=\"size-full wp-image-74714\" src=\"https:\/\/www.musikzeitung.ch\/wp-content\/uploads\/2026\/08\/260818brunner.jpg\" alt=\"\" width=\"1400\" height=\"815\" srcset=\"https:\/\/www.musikzeitung.ch\/wp-content\/uploads\/2026\/08\/260818brunner.jpg 1400w, https:\/\/www.musikzeitung.ch\/wp-content\/uploads\/2026\/08\/260818brunner-300x175.jpg 300w, https:\/\/www.musikzeitung.ch\/wp-content\/uploads\/2026\/08\/260818brunner-1024x596.jpg 1024w, https:\/\/www.musikzeitung.ch\/wp-content\/uploads\/2026\/08\/260818brunner-768x447.jpg 768w, https:\/\/www.musikzeitung.ch\/wp-content\/uploads\/2026\/08\/260818brunner-18x10.jpg 18w, https:\/\/www.musikzeitung.ch\/wp-content\/uploads\/2026\/08\/260818brunner-301x175.jpg 301w, https:\/\/www.musikzeitung.ch\/wp-content\/uploads\/2026\/08\/260818brunner-601x350.jpg 601w, https:\/\/www.musikzeitung.ch\/wp-content\/uploads\/2026\/08\/260818brunner-1374x800.jpg 1374w, https:\/\/www.musikzeitung.ch\/wp-content\/uploads\/2026\/08\/260818brunner-920x536.jpg 920w\" sizes=\"(max-width: 1400px) 100vw, 1400px\" \/><figcaption id=\"caption-attachment-74714\" class=\"wp-caption-text\">Armin Brunner (1933\u20132026). Image: Wikimedia Commons\/Anthropogen anthropogen<\/figcaption><\/figure>\n<p>People wandered through the building while different music played simultaneously in every room. Anyone who wanted to listen had to make a choice. The event was called \u00ab3\u00d75 Hours of Music\u00bb; it was one of those inspiring and stimulating events with which Armin Brunner shook up the music scene in the 1970s. Consumer behavior was challenged, listening habits were called into question, and the concert format was broken up\u2014in a manner that was as witty as it was provocative. New and older music sometimes interacted with pop\u2014a consequence of the turbulent 1960s. Brunner wasn\u2019t one for reverent, contemplative immersion in the \u201cabsolute musical.\u201d These were important influences for our generation as well\u2014we were young back then and made a pilgrimage to these events.<\/p>\n<p>Born in Zollikon in 1933, Brunner had studied at the Zurich University of the Arts. He soon became an assistant to Hans Rosbaud at the Zurich Opera House, one of the leading conductors of contemporary music at the time. Brunner was interested not only in the new, but also in the theatrical\u2014or, more broadly, in the connection between music and the visual. After gaining experience with chamber operas, he founded the Musikszenische Studio Z\u00fcrich in 1971, which he directed until 1983. At the same time, he championed the unconventional. For example, he directed Hans Werner Henze\u2019s show <em>The Long Journey to Natascha Ungeheuer's Apartment<\/em> in which a wrecked car served as a percussion instrument.<\/p>\n<p>He then moved to Deutschschweizer Fernsehen, where he headed the \u00abMusic and Ballet\u00bb department from 1979 to 1998. Never before and never since has there been such a flurry of activity there when it came to classical music. It was a time of new beginnings and experimentation. Directors such as Fred Bosman, Peter Schweiger, and Werner D\u00fcggelin produced unconventional music films; the latter, for example, created an impressive <em>St. John Passion<\/em>. A series of ballets by Heinz Spoerli was created. Mauricio Kagel, one of Brunner\u2019s leading influences in his approach to music and media, created magnificent music films.<\/p>\n<h3>Innovative Collaboration with Adrian Marthaler<\/h3>\n<p>Above all, however, the innovative productions with Adrian Marthaler became a huge success even beyond the country\u2019s borders: concert life was interpreted and reimagined in ways ranging from critical to parodic. Classical works were presented in a modern context. Gershwin\u2019s <em>Rhapsody in Blue<\/em> For example, one was set in a bar. Later, however, \u00abmore serious\u00bb film adaptations of Mozart\u2019s works followed, as well as an epic film version of Mahler\u2019s Sixth Symphony. Swiss television hasn\u2019t shown any of this in a long time, even though it ranks among the most glorious creations in its history.<\/p>\n<p>Brunner, who had long directed the Frauenfeld Oratorio Choir, also wanted to explore the great works of church music. Thus, he produced a total of 21 \u00abMusical Meditations,\u00bb in which critical contemporaries \u00abpreached\u00bb on a classical work, as it were, from the pulpit. Wolfgang Hildesheimer, for example, expressed heretical thoughts on Mozart\u2019s Requiem: \u00abLord, do not grant them eternal rest!\u00bb He was followed by writers and theologians such as Dorothee S\u00f6lle, G\u00fcnter Wallraff, Hans K\u00fcng, Peter Bichsel, Martin Walser, Wolf Biermann, and Adolf Muschg.<\/p>\n<p>After all, Brunner had a particular fondness for silent films: famous examples such as <em>Nosferatu<\/em>, <em>Battleship Potemkin<\/em> or <em>Metropolis<\/em> He set it to music\u2014though not by composing new music for it, but by compiling existing works and setting them to the images. Over time, a sense of distrust toward the elitism of New Music also became apparent in this work. Over the years, Brunner grew suspicious of music that refused to be accessible. He regarded Arvo P\u00e4rt as a shining counterexample.<\/p>\n<h3>He was fascinated by the connection between the ear and the eye<\/h3>\n<p>As concert manager for the Migros-Klubhauskonzerte, he continued his work as a cultural mediator after his time in television. After eight years, he concluded this chapter with a \u201cco-creation\u201d concert\u2014the diverse program for the final concerts was determined based on a questionnaire. During those years, however, he also revived the unusual concert formats of the past, albeit on a much larger scale. As early as 1990, he had created a large-scale \u201cSonoptikum\u201d for the Alte Oper Frankfurt. There, too, the focus was once again on the connection between the ear and the eye\u2014the theme that fascinated and drove him until the very end.<\/p>\n<p>Armin Brunner passed away on August 12; he was a critical thinker who, incidentally, also valued a critical spirit in others. He viewed the decline of music criticism in recent decades as a great loss. In fact\u2014and this is a sad realization\u2014much of what he created is hardly conceivable today, especially on television.<\/p>","protected":false},"excerpt":{"rendered":"<p>Conductor, concert promoter, and a decidedly outspoken music educator: An obituary for Armin Brunner, who passed away on August 12 at the age of 93.<\/p>","protected":false},"author":58087,"featured_media":74714,"comment_status":"closed","ping_status":"closed","sticky":false,"template":"","format":"standard","meta":{"_acf_changed":false,"_relevanssi_hide_post":"","_relevanssi_hide_content":"","_relevanssi_pin_for_all":"","_relevanssi_pin_keywords":"","_relevanssi_unpin_keywords":"","_relevanssi_related_keywords":"","_relevanssi_related_include_ids":"","_relevanssi_related_exclude_ids":"","_relevanssi_related_no_append":"","_relevanssi_related_not_related":"","_relevanssi_related_posts":"","_relevanssi_noindex_reason":"","pgc_sgb_lightbox_settings":"","footnotes":""},"categories":[5114],"tags":[5796,1622],"class_list":["post-75362","post","type-post","status-publish","format-standard","has-post-thumbnail","hentry","category-nachruf","tag-armin-brunner","tag-nachruf"],"acf":{"author":"Thomas Meyer"},"yoast_head":"<!-- This site is optimized with the Yoast SEO plugin v28.4 - https:\/\/yoast.com\/product\/yoast-seo-wordpress\/ -->\n<title>Er wollte Musik sichtbar machen - Schweizer Musikzeitung<\/title>\n<meta name=\"robots\" content=\"index, follow, max-snippet:-1, max-image-preview:large, max-video-preview:-1\" \/>\n<link rel=\"canonical\" href=\"https:\/\/www.musikzeitung.ch\/en\/dossiers\/nachruf\/2026\/09\/er-wollte-musik-sichtbar-machen\/\" \/>\n<meta property=\"og:locale\" content=\"en_US\" \/>\n<meta property=\"og:type\" content=\"article\" \/>\n<meta property=\"og:title\" content=\"Er wollte Musik sichtbar machen - Schweizer Musikzeitung\" \/>\n<meta property=\"og:description\" content=\"Dirigent, Konzertveranstalter und durchaus polemischer Musikvermittler: Ein Nachruf auf Armin Brunner, der am 12. August im Alter von 93 Jahren verstorben ist.\" \/>\n<meta property=\"og:url\" content=\"https:\/\/www.musikzeitung.ch\/en\/dossiers\/nachruf\/2026\/09\/er-wollte-musik-sichtbar-machen\/\" \/>\n<meta property=\"og:site_name\" content=\"Schweizer Musikzeitung\" \/>\n<meta property=\"article:publisher\" content=\"https:\/\/www.facebook.com\/SchweizerMusikzeitung\/\" \/>\n<meta property=\"article:published_time\" content=\"2026-09-03T13:00:31+00:00\" \/>\n<meta property=\"article:modified_time\" content=\"2026-09-03T13:13:30+00:00\" \/>\n<meta property=\"og:image\" content=\"https:\/\/www.musikzeitung.ch\/wp-content\/uploads\/2026\/08\/260818brunner.jpg\" \/>\n\t<meta property=\"og:image:width\" content=\"1400\" \/>\n\t<meta property=\"og:image:height\" content=\"815\" \/>\n\t<meta property=\"og:image:type\" content=\"image\/jpeg\" \/>\n<meta name=\"author\" content=\"Fabian Renz\" \/>\n<meta name=\"twitter:card\" content=\"summary_large_image\" \/>\n<meta name=\"twitter:creator\" content=\"@smusikzeitung\" \/>\n<meta name=\"twitter:site\" content=\"@smusikzeitung\" \/>\n<meta name=\"twitter:label1\" content=\"Written by\" \/>\n\t<meta name=\"twitter:data1\" content=\"Fabian Renz\" \/>\n\t<meta name=\"twitter:label2\" content=\"Est. reading time\" \/>\n\t<meta name=\"twitter:data2\" content=\"5 minutes\" \/>\n<script type=\"application\/ld+json\" class=\"yoast-schema-graph\">{\"@context\":\"https:\\\/\\\/schema.org\",\"@graph\":[{\"@type\":\"Article\",\"@id\":\"https:\\\/\\\/www.musikzeitung.ch\\\/dossiers\\\/nachruf\\\/2026\\\/09\\\/er-wollte-musik-sichtbar-machen#article\",\"isPartOf\":{\"@id\":\"https:\\\/\\\/www.musikzeitung.ch\\\/dossiers\\\/nachruf\\\/2026\\\/09\\\/er-wollte-musik-sichtbar-machen\"},\"author\":{\"name\":\"Fabian Renz\",\"@id\":\"https:\\\/\\\/www.musikzeitung.ch\\\/#\\\/schema\\\/person\\\/d5e2affbc30912ae581f457f8993d034\"},\"headline\":\"Er wollte Musik sichtbar machen\",\"datePublished\":\"2026-09-03T13:00:31+00:00\",\"dateModified\":\"2026-09-03T13:13:30+00:00\",\"mainEntityOfPage\":{\"@id\":\"https:\\\/\\\/www.musikzeitung.ch\\\/dossiers\\\/nachruf\\\/2026\\\/09\\\/er-wollte-musik-sichtbar-machen\"},\"wordCount\":708,\"publisher\":{\"@id\":\"https:\\\/\\\/www.musikzeitung.ch\\\/#organization\"},\"image\":{\"@id\":\"https:\\\/\\\/www.musikzeitung.ch\\\/dossiers\\\/nachruf\\\/2026\\\/09\\\/er-wollte-musik-sichtbar-machen#primaryimage\"},\"thumbnailUrl\":\"https:\\\/\\\/www.musikzeitung.ch\\\/wp-content\\\/uploads\\\/2026\\\/08\\\/260818brunner.jpg\",\"keywords\":[\"Armin Brunner\",\"Nachruf\"],\"articleSection\":[\"Nachruf\"],\"inLanguage\":\"en-US\"},{\"@type\":\"WebPage\",\"@id\":\"https:\\\/\\\/www.musikzeitung.ch\\\/dossiers\\\/nachruf\\\/2026\\\/09\\\/er-wollte-musik-sichtbar-machen\",\"url\":\"https:\\\/\\\/www.musikzeitung.ch\\\/dossiers\\\/nachruf\\\/2026\\\/09\\\/er-wollte-musik-sichtbar-machen\",\"name\":\"Er wollte Musik sichtbar machen - Schweizer Musikzeitung\",\"isPartOf\":{\"@id\":\"https:\\\/\\\/www.musikzeitung.ch\\\/#website\"},\"primaryImageOfPage\":{\"@id\":\"https:\\\/\\\/www.musikzeitung.ch\\\/dossiers\\\/nachruf\\\/2026\\\/09\\\/er-wollte-musik-sichtbar-machen#primaryimage\"},\"image\":{\"@id\":\"https:\\\/\\\/www.musikzeitung.ch\\\/dossiers\\\/nachruf\\\/2026\\\/09\\\/er-wollte-musik-sichtbar-machen#primaryimage\"},\"thumbnailUrl\":\"https:\\\/\\\/www.musikzeitung.ch\\\/wp-content\\\/uploads\\\/2026\\\/08\\\/260818brunner.jpg\",\"datePublished\":\"2026-09-03T13:00:31+00:00\",\"dateModified\":\"2026-09-03T13:13:30+00:00\",\"breadcrumb\":{\"@id\":\"https:\\\/\\\/www.musikzeitung.ch\\\/dossiers\\\/nachruf\\\/2026\\\/09\\\/er-wollte-musik-sichtbar-machen#breadcrumb\"},\"inLanguage\":\"en-US\",\"potentialAction\":[{\"@type\":\"ReadAction\",\"target\":[\"https:\\\/\\\/www.musikzeitung.ch\\\/dossiers\\\/nachruf\\\/2026\\\/09\\\/er-wollte-musik-sichtbar-machen\"]}]},{\"@type\":\"ImageObject\",\"inLanguage\":\"en-US\",\"@id\":\"https:\\\/\\\/www.musikzeitung.ch\\\/dossiers\\\/nachruf\\\/2026\\\/09\\\/er-wollte-musik-sichtbar-machen#primaryimage\",\"url\":\"https:\\\/\\\/www.musikzeitung.ch\\\/wp-content\\\/uploads\\\/2026\\\/08\\\/260818brunner.jpg\",\"contentUrl\":\"https:\\\/\\\/www.musikzeitung.ch\\\/wp-content\\\/uploads\\\/2026\\\/08\\\/260818brunner.jpg\",\"width\":1400,\"height\":815,\"caption\":\"Armin Brunner (Bild: Wikimedia Commons\\\/Anthropogen anthropogen\"},{\"@type\":\"BreadcrumbList\",\"@id\":\"https:\\\/\\\/www.musikzeitung.ch\\\/dossiers\\\/nachruf\\\/2026\\\/09\\\/er-wollte-musik-sichtbar-machen#breadcrumb\",\"itemListElement\":[{\"@type\":\"ListItem\",\"position\":1,\"name\":\"Home\",\"item\":\"https:\\\/\\\/www.musikzeitung.ch\\\/\"},{\"@type\":\"ListItem\",\"position\":2,\"name\":\"Er wollte Musik sichtbar machen\"}]},{\"@type\":\"WebSite\",\"@id\":\"https:\\\/\\\/www.musikzeitung.ch\\\/#website\",\"url\":\"https:\\\/\\\/www.musikzeitung.ch\\\/\",\"name\":\"Schweizer Musikzeitung\",\"description\":\"Die f\u00fchrende sparten\u00fcbergreifende Monatszeitung in der Schweiz f\u00fcr musikalische Fragen.\",\"publisher\":{\"@id\":\"https:\\\/\\\/www.musikzeitung.ch\\\/#organization\"},\"potentialAction\":[{\"@type\":\"SearchAction\",\"target\":{\"@type\":\"EntryPoint\",\"urlTemplate\":\"https:\\\/\\\/www.musikzeitung.ch\\\/?s={search_term_string}\"},\"query-input\":{\"@type\":\"PropertyValueSpecification\",\"valueRequired\":true,\"valueName\":\"search_term_string\"}}],\"inLanguage\":\"en-US\"},{\"@type\":\"Organization\",\"@id\":\"https:\\\/\\\/www.musikzeitung.ch\\\/#organization\",\"name\":\"Schweizer Musikzeitung\",\"url\":\"https:\\\/\\\/www.musikzeitung.ch\\\/\",\"logo\":{\"@type\":\"ImageObject\",\"inLanguage\":\"en-US\",\"@id\":\"https:\\\/\\\/www.musikzeitung.ch\\\/#\\\/schema\\\/logo\\\/image\\\/\",\"url\":\"https:\\\/\\\/www.musikzeitung.ch\\\/wp-content\\\/uploads\\\/2023\\\/01\\\/SMZ_Schriftzug_Sprache.png\",\"contentUrl\":\"https:\\\/\\\/www.musikzeitung.ch\\\/wp-content\\\/uploads\\\/2023\\\/01\\\/SMZ_Schriftzug_Sprache.png\",\"width\":1400,\"height\":279,\"caption\":\"Schweizer Musikzeitung\"},\"image\":{\"@id\":\"https:\\\/\\\/www.musikzeitung.ch\\\/#\\\/schema\\\/logo\\\/image\\\/\"},\"sameAs\":[\"https:\\\/\\\/www.facebook.com\\\/SchweizerMusikzeitung\\\/\",\"https:\\\/\\\/x.com\\\/smusikzeitung\",\"https:\\\/\\\/www.instagram.com\\\/musikzeitung.ch\\\/\"]},{\"@type\":\"Person\",\"@id\":\"https:\\\/\\\/www.musikzeitung.ch\\\/#\\\/schema\\\/person\\\/d5e2affbc30912ae581f457f8993d034\",\"name\":\"Fabian Renz\",\"image\":{\"@type\":\"ImageObject\",\"inLanguage\":\"en-US\",\"@id\":\"https:\\\/\\\/secure.gravatar.com\\\/avatar\\\/2d30a35a3fc008c3c0ccb0a1e6758ef4a34aad80df2ce102b470992541cd3b66?s=96&d=mm&r=g\",\"url\":\"https:\\\/\\\/secure.gravatar.com\\\/avatar\\\/2d30a35a3fc008c3c0ccb0a1e6758ef4a34aad80df2ce102b470992541cd3b66?s=96&d=mm&r=g\",\"contentUrl\":\"https:\\\/\\\/secure.gravatar.com\\\/avatar\\\/2d30a35a3fc008c3c0ccb0a1e6758ef4a34aad80df2ce102b470992541cd3b66?s=96&d=mm&r=g\",\"caption\":\"Fabian Renz\"},\"url\":\"https:\\\/\\\/www.musikzeitung.ch\\\/en\\\/author\\\/fabian-renz\"}]}<\/script>\n<!-- \/ Yoast SEO plugin. -->","yoast_head_json":{"title":"Er wollte Musik sichtbar machen - Schweizer Musikzeitung","robots":{"index":"index","follow":"follow","max-snippet":"max-snippet:-1","max-image-preview":"max-image-preview:large","max-video-preview":"max-video-preview:-1"},"canonical":"https:\/\/www.musikzeitung.ch\/en\/dossiers\/nachruf\/2026\/09\/er-wollte-musik-sichtbar-machen\/","og_locale":"en_US","og_type":"article","og_title":"Er wollte Musik sichtbar machen - Schweizer Musikzeitung","og_description":"Dirigent, Konzertveranstalter und durchaus polemischer Musikvermittler: Ein Nachruf auf Armin Brunner, der am 12. August im Alter von 93 Jahren verstorben ist.","og_url":"https:\/\/www.musikzeitung.ch\/en\/dossiers\/nachruf\/2026\/09\/er-wollte-musik-sichtbar-machen\/","og_site_name":"Schweizer Musikzeitung","article_publisher":"https:\/\/www.facebook.com\/SchweizerMusikzeitung\/","article_published_time":"2026-09-03T13:00:31+00:00","article_modified_time":"2026-09-03T13:13:30+00:00","og_image":[{"width":1400,"height":815,"url":"https:\/\/www.musikzeitung.ch\/wp-content\/uploads\/2026\/08\/260818brunner.jpg","type":"image\/jpeg"}],"author":"Fabian Renz","twitter_card":"summary_large_image","twitter_creator":"@smusikzeitung","twitter_site":"@smusikzeitung","twitter_misc":{"Written by":"Fabian Renz","Est. reading time":"5 minutes"},"schema":{"@context":"https:\/\/schema.org","@graph":[{"@type":"Article","@id":"https:\/\/www.musikzeitung.ch\/dossiers\/nachruf\/2026\/09\/er-wollte-musik-sichtbar-machen#article","isPartOf":{"@id":"https:\/\/www.musikzeitung.ch\/dossiers\/nachruf\/2026\/09\/er-wollte-musik-sichtbar-machen"},"author":{"name":"Fabian Renz","@id":"https:\/\/www.musikzeitung.ch\/#\/schema\/person\/d5e2affbc30912ae581f457f8993d034"},"headline":"Er wollte Musik sichtbar machen","datePublished":"2026-09-03T13:00:31+00:00","dateModified":"2026-09-03T13:13:30+00:00","mainEntityOfPage":{"@id":"https:\/\/www.musikzeitung.ch\/dossiers\/nachruf\/2026\/09\/er-wollte-musik-sichtbar-machen"},"wordCount":708,"publisher":{"@id":"https:\/\/www.musikzeitung.ch\/#organization"},"image":{"@id":"https:\/\/www.musikzeitung.ch\/dossiers\/nachruf\/2026\/09\/er-wollte-musik-sichtbar-machen#primaryimage"},"thumbnailUrl":"https:\/\/www.musikzeitung.ch\/wp-content\/uploads\/2026\/08\/260818brunner.jpg","keywords":["Armin Brunner","Nachruf"],"articleSection":["Nachruf"],"inLanguage":"en-US"},{"@type":"WebPage","@id":"https:\/\/www.musikzeitung.ch\/dossiers\/nachruf\/2026\/09\/er-wollte-musik-sichtbar-machen","url":"https:\/\/www.musikzeitung.ch\/dossiers\/nachruf\/2026\/09\/er-wollte-musik-sichtbar-machen","name":"Er wollte Musik sichtbar machen - Schweizer Musikzeitung","isPartOf":{"@id":"https:\/\/www.musikzeitung.ch\/#website"},"primaryImageOfPage":{"@id":"https:\/\/www.musikzeitung.ch\/dossiers\/nachruf\/2026\/09\/er-wollte-musik-sichtbar-machen#primaryimage"},"image":{"@id":"https:\/\/www.musikzeitung.ch\/dossiers\/nachruf\/2026\/09\/er-wollte-musik-sichtbar-machen#primaryimage"},"thumbnailUrl":"https:\/\/www.musikzeitung.ch\/wp-content\/uploads\/2026\/08\/260818brunner.jpg","datePublished":"2026-09-03T13:00:31+00:00","dateModified":"2026-09-03T13:13:30+00:00","breadcrumb":{"@id":"https:\/\/www.musikzeitung.ch\/dossiers\/nachruf\/2026\/09\/er-wollte-musik-sichtbar-machen#breadcrumb"},"inLanguage":"en-US","potentialAction":[{"@type":"ReadAction","target":["https:\/\/www.musikzeitung.ch\/dossiers\/nachruf\/2026\/09\/er-wollte-musik-sichtbar-machen"]}]},{"@type":"ImageObject","inLanguage":"en-US","@id":"https:\/\/www.musikzeitung.ch\/dossiers\/nachruf\/2026\/09\/er-wollte-musik-sichtbar-machen#primaryimage","url":"https:\/\/www.musikzeitung.ch\/wp-content\/uploads\/2026\/08\/260818brunner.jpg","contentUrl":"https:\/\/www.musikzeitung.ch\/wp-content\/uploads\/2026\/08\/260818brunner.jpg","width":1400,"height":815,"caption":"Armin Brunner (Bild: Wikimedia Commons\/Anthropogen anthropogen"},{"@type":"BreadcrumbList","@id":"https:\/\/www.musikzeitung.ch\/dossiers\/nachruf\/2026\/09\/er-wollte-musik-sichtbar-machen#breadcrumb","itemListElement":[{"@type":"ListItem","position":1,"name":"Home","item":"https:\/\/www.musikzeitung.ch\/"},{"@type":"ListItem","position":2,"name":"Er wollte Musik sichtbar machen"}]},{"@type":"WebSite","@id":"https:\/\/www.musikzeitung.ch\/#website","url":"https:\/\/www.musikzeitung.ch\/","name":"Swiss Music Newspaper","description":"The leading interdisciplinary monthly newspaper in Switzerland for musical issues.","publisher":{"@id":"https:\/\/www.musikzeitung.ch\/#organization"},"potentialAction":[{"@type":"SearchAction","target":{"@type":"EntryPoint","urlTemplate":"https:\/\/www.musikzeitung.ch\/?s={search_term_string}"},"query-input":{"@type":"PropertyValueSpecification","valueRequired":true,"valueName":"search_term_string"}}],"inLanguage":"en-US"},{"@type":"Organization","@id":"https:\/\/www.musikzeitung.ch\/#organization","name":"Swiss Music Newspaper","url":"https:\/\/www.musikzeitung.ch\/","logo":{"@type":"ImageObject","inLanguage":"en-US","@id":"https:\/\/www.musikzeitung.ch\/#\/schema\/logo\/image\/","url":"https:\/\/www.musikzeitung.ch\/wp-content\/uploads\/2023\/01\/SMZ_Schriftzug_Sprache.png","contentUrl":"https:\/\/www.musikzeitung.ch\/wp-content\/uploads\/2023\/01\/SMZ_Schriftzug_Sprache.png","width":1400,"height":279,"caption":"Schweizer Musikzeitung"},"image":{"@id":"https:\/\/www.musikzeitung.ch\/#\/schema\/logo\/image\/"},"sameAs":["https:\/\/www.facebook.com\/SchweizerMusikzeitung\/","https:\/\/x.com\/smusikzeitung","https:\/\/www.instagram.com\/musikzeitung.ch\/"]},{"@type":"Person","@id":"https:\/\/www.musikzeitung.ch\/#\/schema\/person\/d5e2affbc30912ae581f457f8993d034","name":"Fabian Renz","image":{"@type":"ImageObject","inLanguage":"en-US","@id":"https:\/\/secure.gravatar.com\/avatar\/2d30a35a3fc008c3c0ccb0a1e6758ef4a34aad80df2ce102b470992541cd3b66?s=96&d=mm&r=g","url":"https:\/\/secure.gravatar.com\/avatar\/2d30a35a3fc008c3c0ccb0a1e6758ef4a34aad80df2ce102b470992541cd3b66?s=96&d=mm&r=g","contentUrl":"https:\/\/secure.gravatar.com\/avatar\/2d30a35a3fc008c3c0ccb0a1e6758ef4a34aad80df2ce102b470992541cd3b66?s=96&d=mm&r=g","caption":"Fabian Renz"},"url":"https:\/\/www.musikzeitung.ch\/en\/author\/fabian-renz"}]}},"publishpress_future_workflow_manual_trigger":{"enabledWorkflows":[]},"_links":{"self":[{"href":"https:\/\/www.musikzeitung.ch\/en\/wp-json\/wp\/v2\/posts\/75362","targetHints":{"allow":["GET"]}}],"collection":[{"href":"https:\/\/www.musikzeitung.ch\/en\/wp-json\/wp\/v2\/posts"}],"about":[{"href":"https:\/\/www.musikzeitung.ch\/en\/wp-json\/wp\/v2\/types\/post"}],"author":[{"embeddable":true,"href":"https:\/\/www.musikzeitung.ch\/en\/wp-json\/wp\/v2\/users\/58087"}],"replies":[{"embeddable":true,"href":"https:\/\/www.musikzeitung.ch\/en\/wp-json\/wp\/v2\/comments?post=75362"}],"version-history":[{"count":4,"href":"https:\/\/www.musikzeitung.ch\/en\/wp-json\/wp\/v2\/posts\/75362\/revisions"}],"predecessor-version":[{"id":75366,"href":"https:\/\/www.musikzeitung.ch\/en\/wp-json\/wp\/v2\/posts\/75362\/revisions\/75366"}],"wp:featuredmedia":[{"embeddable":true,"href":"https:\/\/www.musikzeitung.ch\/en\/wp-json\/wp\/v2\/media\/74714"}],"wp:attachment":[{"href":"https:\/\/www.musikzeitung.ch\/en\/wp-json\/wp\/v2\/media?parent=75362"}],"wp:term":[{"taxonomy":"category","embeddable":true,"href":"https:\/\/www.musikzeitung.ch\/en\/wp-json\/wp\/v2\/categories?post=75362"},{"taxonomy":"post_tag","embeddable":true,"href":"https:\/\/www.musikzeitung.ch\/en\/wp-json\/wp\/v2\/tags?post=75362"}],"curies":[{"name":"wp","href":"https:\/\/api.w.org\/{rel}","templated":true}]}}