{"id":75368,"date":"2026-09-02T06:21:45","date_gmt":"2026-09-02T04:21:45","guid":{"rendered":"https:\/\/www.musikzeitung.ch\/?p=75368"},"modified":"2026-09-02T08:57:32","modified_gmt":"2026-09-02T06:57:32","slug":"kopierverguetungen-sollen-bestehen-bleiben","status":"publish","type":"post","link":"https:\/\/www.musikzeitung.ch\/en\/news\/2026\/09\/kopierverguetungen-sollen-bestehen-bleiben","title":{"rendered":"Copying fees are to remain in place"},"content":{"rendered":"<p><img decoding=\"async\" class=\"alignnone size-full wp-image-49890\" src=\"https:\/\/www.musikzeitung.ch\/wp-content\/uploads\/2023\/11\/Bundeshaus.jpg\" alt=\"\" width=\"906\" height=\"675\" srcset=\"https:\/\/www.musikzeitung.ch\/wp-content\/uploads\/2023\/11\/Bundeshaus.jpg 906w, https:\/\/www.musikzeitung.ch\/wp-content\/uploads\/2023\/11\/Bundeshaus-300x224.jpg 300w, https:\/\/www.musikzeitung.ch\/wp-content\/uploads\/2023\/11\/Bundeshaus-768x572.jpg 768w, https:\/\/www.musikzeitung.ch\/wp-content\/uploads\/2023\/11\/Bundeshaus-235x175.jpg 235w, https:\/\/www.musikzeitung.ch\/wp-content\/uploads\/2023\/11\/Bundeshaus-470x350.jpg 470w\" sizes=\"(max-width: 906px) 100vw, 906px\" \/><\/p>\n<p>According to Suisseculture, the copying levies are a system managed professionally and pragmatically by the collecting societies. They are said to capture the value generated by protected content. In a recent press release, Suisseculture therefore expressed its satisfaction that the National Council\u2019s Committee on Science, Education, and Culture (WBK) has recommended rejecting a motion by SVP National Council member Thomas Aeschi. Aeschi wants to abolish the \u00abunfair and outdated model of the copying levy\u00bb via a parliamentary initiative.<\/p>\n<p>Suisseculture, on the other hand, advocates for simplifying the data collection process and reviewing the compensation amount. Given the actual volume of use of protected content, the association considers the current amount to be \u00abvery modest.\u00bb.<\/p>\n<p>Suisseculture recommends that the National Council reject Aeschi\u2019s motion and thus follow the recommendation of the WBK. However, it recommends adopting a postulate titled \u00abModernization of the Copying Levy,\u00bb which calls for further clarification.\u00a0 Only then should a decision be made regarding any potential need for legislative action.<\/p>\n<p>&nbsp;<\/p>","protected":false},"excerpt":{"rendered":"<p>Suisseculture, the umbrella organization for Swiss cultural professionals, is pleased that the National Council's Committee on Science, Education, and Culture has decided against abolishing copying royalties.<\/p>","protected":false},"author":30,"featured_media":49890,"comment_status":"closed","ping_status":"closed","sticky":false,"template":"","format":"standard","meta":{"_acf_changed":false,"_relevanssi_hide_post":"","_relevanssi_hide_content":"","_relevanssi_pin_for_all":"","_relevanssi_pin_keywords":"","_relevanssi_unpin_keywords":"","_relevanssi_related_keywords":"","_relevanssi_related_include_ids":"","_relevanssi_related_exclude_ids":"","_relevanssi_related_no_append":"","_relevanssi_related_not_related":"","_relevanssi_related_posts":"","_relevanssi_noindex_reason":"","pgc_sgb_lightbox_settings":"","footnotes":""},"categories":[27],"tags":[5824,5663,1912],"class_list":["post-75368","post","type-post","status-publish","format-standard","has-post-thumbnail","hentry","category-news","tag-kopierverguetungen","tag-nationalrat","tag-suisseculture"],"acf":{"author":"PM\/SMZ\/wb"},"yoast_head":"<!-- This site is optimized with the Yoast SEO plugin v28.4 - https:\/\/yoast.com\/product\/yoast-seo-wordpress\/ -->\n<title>Kopierverg\u00fctungen sollen bestehen bleiben - Schweizer Musikzeitung<\/title>\n<meta name=\"robots\" content=\"index, follow, max-snippet:-1, max-image-preview:large, max-video-preview:-1\" \/>\n<link rel=\"canonical\" href=\"https:\/\/www.musikzeitung.ch\/en\/news\/2026\/09\/kopierverguetungen-sollen-bestehen-bleiben\/\" \/>\n<meta property=\"og:locale\" content=\"en_US\" \/>\n<meta property=\"og:type\" content=\"article\" \/>\n<meta property=\"og:title\" content=\"Kopierverg\u00fctungen sollen bestehen bleiben - Schweizer Musikzeitung\" \/>\n<meta property=\"og:description\" content=\"Suisseculture, der Dachverband der Schweizer Kulturschaffenden, ist erfreut, dass die Kommission f\u00fcr Wissenschaft, Bildung und Kultur des Nationalrates von einer Abschaffung der Kopierverg\u00fctungen absieht.\" \/>\n<meta property=\"og:url\" content=\"https:\/\/www.musikzeitung.ch\/en\/news\/2026\/09\/kopierverguetungen-sollen-bestehen-bleiben\/\" \/>\n<meta property=\"og:site_name\" content=\"Schweizer Musikzeitung\" \/>\n<meta property=\"article:publisher\" content=\"https:\/\/www.facebook.com\/SchweizerMusikzeitung\/\" \/>\n<meta property=\"article:author\" content=\"https:\/\/www.facebook.com\/wolfgang.bohler.75\" \/>\n<meta property=\"article:published_time\" content=\"2026-09-02T04:21:45+00:00\" \/>\n<meta property=\"article:modified_time\" content=\"2026-09-02T06:57:32+00:00\" \/>\n<meta property=\"og:image\" content=\"https:\/\/www.musikzeitung.ch\/wp-content\/uploads\/2023\/11\/Bundeshaus.jpg\" \/>\n\t<meta property=\"og:image:width\" content=\"906\" \/>\n\t<meta property=\"og:image:height\" content=\"675\" \/>\n\t<meta property=\"og:image:type\" content=\"image\/jpeg\" \/>\n<meta name=\"author\" content=\"Wolfgang B\u00f6hler\" \/>\n<meta name=\"twitter:card\" content=\"summary_large_image\" \/>\n<meta name=\"twitter:creator\" content=\"@smusikzeitung\" \/>\n<meta name=\"twitter:site\" content=\"@smusikzeitung\" \/>\n<meta name=\"twitter:label1\" content=\"Written by\" \/>\n\t<meta name=\"twitter:data1\" content=\"Wolfgang B\u00f6hler\" \/>\n\t<meta name=\"twitter:label2\" content=\"Est. reading time\" \/>\n\t<meta name=\"twitter:data2\" content=\"2 minutes\" \/>\n<script type=\"application\/ld+json\" class=\"yoast-schema-graph\">{\"@context\":\"https:\\\/\\\/schema.org\",\"@graph\":[{\"@type\":\"Article\",\"@id\":\"https:\\\/\\\/www.musikzeitung.ch\\\/news\\\/2026\\\/09\\\/kopierverguetungen-sollen-bestehen-bleiben#article\",\"isPartOf\":{\"@id\":\"https:\\\/\\\/www.musikzeitung.ch\\\/news\\\/2026\\\/09\\\/kopierverguetungen-sollen-bestehen-bleiben\"},\"author\":{\"name\":\"Wolfgang B\u00f6hler\",\"@id\":\"https:\\\/\\\/www.musikzeitung.ch\\\/#\\\/schema\\\/person\\\/0da4fb82d243f1252850a35d0e87cf0c\"},\"headline\":\"Kopierverg\u00fctungen sollen bestehen bleiben\",\"datePublished\":\"2026-09-02T04:21:45+00:00\",\"dateModified\":\"2026-09-02T06:57:32+00:00\",\"mainEntityOfPage\":{\"@id\":\"https:\\\/\\\/www.musikzeitung.ch\\\/news\\\/2026\\\/09\\\/kopierverguetungen-sollen-bestehen-bleiben\"},\"wordCount\":163,\"publisher\":{\"@id\":\"https:\\\/\\\/www.musikzeitung.ch\\\/#organization\"},\"image\":{\"@id\":\"https:\\\/\\\/www.musikzeitung.ch\\\/news\\\/2026\\\/09\\\/kopierverguetungen-sollen-bestehen-bleiben#primaryimage\"},\"thumbnailUrl\":\"https:\\\/\\\/www.musikzeitung.ch\\\/wp-content\\\/uploads\\\/2023\\\/11\\\/Bundeshaus.jpg\",\"keywords\":[\"Kopierverg\u00fctungen\",\"Nationalrat\",\"Suisseculture\"],\"articleSection\":[\"News\"],\"inLanguage\":\"en-US\"},{\"@type\":\"WebPage\",\"@id\":\"https:\\\/\\\/www.musikzeitung.ch\\\/news\\\/2026\\\/09\\\/kopierverguetungen-sollen-bestehen-bleiben\",\"url\":\"https:\\\/\\\/www.musikzeitung.ch\\\/news\\\/2026\\\/09\\\/kopierverguetungen-sollen-bestehen-bleiben\",\"name\":\"Kopierverg\u00fctungen sollen bestehen bleiben - Schweizer Musikzeitung\",\"isPartOf\":{\"@id\":\"https:\\\/\\\/www.musikzeitung.ch\\\/#website\"},\"primaryImageOfPage\":{\"@id\":\"https:\\\/\\\/www.musikzeitung.ch\\\/news\\\/2026\\\/09\\\/kopierverguetungen-sollen-bestehen-bleiben#primaryimage\"},\"image\":{\"@id\":\"https:\\\/\\\/www.musikzeitung.ch\\\/news\\\/2026\\\/09\\\/kopierverguetungen-sollen-bestehen-bleiben#primaryimage\"},\"thumbnailUrl\":\"https:\\\/\\\/www.musikzeitung.ch\\\/wp-content\\\/uploads\\\/2023\\\/11\\\/Bundeshaus.jpg\",\"datePublished\":\"2026-09-02T04:21:45+00:00\",\"dateModified\":\"2026-09-02T06:57:32+00:00\",\"breadcrumb\":{\"@id\":\"https:\\\/\\\/www.musikzeitung.ch\\\/news\\\/2026\\\/09\\\/kopierverguetungen-sollen-bestehen-bleiben#breadcrumb\"},\"inLanguage\":\"en-US\",\"potentialAction\":[{\"@type\":\"ReadAction\",\"target\":[\"https:\\\/\\\/www.musikzeitung.ch\\\/news\\\/2026\\\/09\\\/kopierverguetungen-sollen-bestehen-bleiben\"]}]},{\"@type\":\"ImageObject\",\"inLanguage\":\"en-US\",\"@id\":\"https:\\\/\\\/www.musikzeitung.ch\\\/news\\\/2026\\\/09\\\/kopierverguetungen-sollen-bestehen-bleiben#primaryimage\",\"url\":\"https:\\\/\\\/www.musikzeitung.ch\\\/wp-content\\\/uploads\\\/2023\\\/11\\\/Bundeshaus.jpg\",\"contentUrl\":\"https:\\\/\\\/www.musikzeitung.ch\\\/wp-content\\\/uploads\\\/2023\\\/11\\\/Bundeshaus.jpg\",\"width\":906,\"height\":675},{\"@type\":\"BreadcrumbList\",\"@id\":\"https:\\\/\\\/www.musikzeitung.ch\\\/news\\\/2026\\\/09\\\/kopierverguetungen-sollen-bestehen-bleiben#breadcrumb\",\"itemListElement\":[{\"@type\":\"ListItem\",\"position\":1,\"name\":\"Home\",\"item\":\"https:\\\/\\\/www.musikzeitung.ch\\\/\"},{\"@type\":\"ListItem\",\"position\":2,\"name\":\"Kopierverg\u00fctungen sollen bestehen bleiben\"}]},{\"@type\":\"WebSite\",\"@id\":\"https:\\\/\\\/www.musikzeitung.ch\\\/#website\",\"url\":\"https:\\\/\\\/www.musikzeitung.ch\\\/\",\"name\":\"Schweizer Musikzeitung\",\"description\":\"Die f\u00fchrende sparten\u00fcbergreifende Monatszeitung in der Schweiz f\u00fcr musikalische Fragen.\",\"publisher\":{\"@id\":\"https:\\\/\\\/www.musikzeitung.ch\\\/#organization\"},\"potentialAction\":[{\"@type\":\"SearchAction\",\"target\":{\"@type\":\"EntryPoint\",\"urlTemplate\":\"https:\\\/\\\/www.musikzeitung.ch\\\/?s={search_term_string}\"},\"query-input\":{\"@type\":\"PropertyValueSpecification\",\"valueRequired\":true,\"valueName\":\"search_term_string\"}}],\"inLanguage\":\"en-US\"},{\"@type\":\"Organization\",\"@id\":\"https:\\\/\\\/www.musikzeitung.ch\\\/#organization\",\"name\":\"Schweizer Musikzeitung\",\"url\":\"https:\\\/\\\/www.musikzeitung.ch\\\/\",\"logo\":{\"@type\":\"ImageObject\",\"inLanguage\":\"en-US\",\"@id\":\"https:\\\/\\\/www.musikzeitung.ch\\\/#\\\/schema\\\/logo\\\/image\\\/\",\"url\":\"https:\\\/\\\/www.musikzeitung.ch\\\/wp-content\\\/uploads\\\/2023\\\/01\\\/SMZ_Schriftzug_Sprache.png\",\"contentUrl\":\"https:\\\/\\\/www.musikzeitung.ch\\\/wp-content\\\/uploads\\\/2023\\\/01\\\/SMZ_Schriftzug_Sprache.png\",\"width\":1400,\"height\":279,\"caption\":\"Schweizer Musikzeitung\"},\"image\":{\"@id\":\"https:\\\/\\\/www.musikzeitung.ch\\\/#\\\/schema\\\/logo\\\/image\\\/\"},\"sameAs\":[\"https:\\\/\\\/www.facebook.com\\\/SchweizerMusikzeitung\\\/\",\"https:\\\/\\\/x.com\\\/smusikzeitung\",\"https:\\\/\\\/www.instagram.com\\\/musikzeitung.ch\\\/\"]},{\"@type\":\"Person\",\"@id\":\"https:\\\/\\\/www.musikzeitung.ch\\\/#\\\/schema\\\/person\\\/0da4fb82d243f1252850a35d0e87cf0c\",\"name\":\"Wolfgang B\u00f6hler\",\"image\":{\"@type\":\"ImageObject\",\"inLanguage\":\"en-US\",\"@id\":\"https:\\\/\\\/www.musikzeitung.ch\\\/wp-content\\\/uploads\\\/2023\\\/01\\\/boehler_portraet_web-e1674139782246-96x96.jpg\",\"url\":\"https:\\\/\\\/www.musikzeitung.ch\\\/wp-content\\\/uploads\\\/2023\\\/01\\\/boehler_portraet_web-e1674139782246-96x96.jpg\",\"contentUrl\":\"https:\\\/\\\/www.musikzeitung.ch\\\/wp-content\\\/uploads\\\/2023\\\/01\\\/boehler_portraet_web-e1674139782246-96x96.jpg\",\"caption\":\"Wolfgang B\u00f6hler\"},\"sameAs\":[\"http:\\\/\\\/www.manacanto.ch\",\"https:\\\/\\\/www.facebook.com\\\/wolfgang.bohler.75\"],\"url\":\"https:\\\/\\\/www.musikzeitung.ch\\\/en\\\/author\\\/wolfgang-boehler\"}]}<\/script>\n<!-- \/ Yoast SEO plugin. -->","yoast_head_json":{"title":"Kopierverg\u00fctungen sollen bestehen bleiben - Schweizer Musikzeitung","robots":{"index":"index","follow":"follow","max-snippet":"max-snippet:-1","max-image-preview":"max-image-preview:large","max-video-preview":"max-video-preview:-1"},"canonical":"https:\/\/www.musikzeitung.ch\/en\/news\/2026\/09\/kopierverguetungen-sollen-bestehen-bleiben\/","og_locale":"en_US","og_type":"article","og_title":"Kopierverg\u00fctungen sollen bestehen bleiben - Schweizer Musikzeitung","og_description":"Suisseculture, der Dachverband der Schweizer Kulturschaffenden, ist erfreut, dass die Kommission f\u00fcr Wissenschaft, Bildung und Kultur des Nationalrates von einer Abschaffung der Kopierverg\u00fctungen absieht.","og_url":"https:\/\/www.musikzeitung.ch\/en\/news\/2026\/09\/kopierverguetungen-sollen-bestehen-bleiben\/","og_site_name":"Schweizer Musikzeitung","article_publisher":"https:\/\/www.facebook.com\/SchweizerMusikzeitung\/","article_author":"https:\/\/www.facebook.com\/wolfgang.bohler.75","article_published_time":"2026-09-02T04:21:45+00:00","article_modified_time":"2026-09-02T06:57:32+00:00","og_image":[{"width":906,"height":675,"url":"https:\/\/www.musikzeitung.ch\/wp-content\/uploads\/2023\/11\/Bundeshaus.jpg","type":"image\/jpeg"}],"author":"Wolfgang B\u00f6hler","twitter_card":"summary_large_image","twitter_creator":"@smusikzeitung","twitter_site":"@smusikzeitung","twitter_misc":{"Written by":"Wolfgang B\u00f6hler","Est. reading time":"2 minutes"},"schema":{"@context":"https:\/\/schema.org","@graph":[{"@type":"Article","@id":"https:\/\/www.musikzeitung.ch\/news\/2026\/09\/kopierverguetungen-sollen-bestehen-bleiben#article","isPartOf":{"@id":"https:\/\/www.musikzeitung.ch\/news\/2026\/09\/kopierverguetungen-sollen-bestehen-bleiben"},"author":{"name":"Wolfgang B\u00f6hler","@id":"https:\/\/www.musikzeitung.ch\/#\/schema\/person\/0da4fb82d243f1252850a35d0e87cf0c"},"headline":"Kopierverg\u00fctungen sollen bestehen bleiben","datePublished":"2026-09-02T04:21:45+00:00","dateModified":"2026-09-02T06:57:32+00:00","mainEntityOfPage":{"@id":"https:\/\/www.musikzeitung.ch\/news\/2026\/09\/kopierverguetungen-sollen-bestehen-bleiben"},"wordCount":163,"publisher":{"@id":"https:\/\/www.musikzeitung.ch\/#organization"},"image":{"@id":"https:\/\/www.musikzeitung.ch\/news\/2026\/09\/kopierverguetungen-sollen-bestehen-bleiben#primaryimage"},"thumbnailUrl":"https:\/\/www.musikzeitung.ch\/wp-content\/uploads\/2023\/11\/Bundeshaus.jpg","keywords":["Kopierverg\u00fctungen","Nationalrat","Suisseculture"],"articleSection":["News"],"inLanguage":"en-US"},{"@type":"WebPage","@id":"https:\/\/www.musikzeitung.ch\/news\/2026\/09\/kopierverguetungen-sollen-bestehen-bleiben","url":"https:\/\/www.musikzeitung.ch\/news\/2026\/09\/kopierverguetungen-sollen-bestehen-bleiben","name":"Kopierverg\u00fctungen sollen bestehen bleiben - Schweizer Musikzeitung","isPartOf":{"@id":"https:\/\/www.musikzeitung.ch\/#website"},"primaryImageOfPage":{"@id":"https:\/\/www.musikzeitung.ch\/news\/2026\/09\/kopierverguetungen-sollen-bestehen-bleiben#primaryimage"},"image":{"@id":"https:\/\/www.musikzeitung.ch\/news\/2026\/09\/kopierverguetungen-sollen-bestehen-bleiben#primaryimage"},"thumbnailUrl":"https:\/\/www.musikzeitung.ch\/wp-content\/uploads\/2023\/11\/Bundeshaus.jpg","datePublished":"2026-09-02T04:21:45+00:00","dateModified":"2026-09-02T06:57:32+00:00","breadcrumb":{"@id":"https:\/\/www.musikzeitung.ch\/news\/2026\/09\/kopierverguetungen-sollen-bestehen-bleiben#breadcrumb"},"inLanguage":"en-US","potentialAction":[{"@type":"ReadAction","target":["https:\/\/www.musikzeitung.ch\/news\/2026\/09\/kopierverguetungen-sollen-bestehen-bleiben"]}]},{"@type":"ImageObject","inLanguage":"en-US","@id":"https:\/\/www.musikzeitung.ch\/news\/2026\/09\/kopierverguetungen-sollen-bestehen-bleiben#primaryimage","url":"https:\/\/www.musikzeitung.ch\/wp-content\/uploads\/2023\/11\/Bundeshaus.jpg","contentUrl":"https:\/\/www.musikzeitung.ch\/wp-content\/uploads\/2023\/11\/Bundeshaus.jpg","width":906,"height":675},{"@type":"BreadcrumbList","@id":"https:\/\/www.musikzeitung.ch\/news\/2026\/09\/kopierverguetungen-sollen-bestehen-bleiben#breadcrumb","itemListElement":[{"@type":"ListItem","position":1,"name":"Home","item":"https:\/\/www.musikzeitung.ch\/"},{"@type":"ListItem","position":2,"name":"Kopierverg\u00fctungen sollen bestehen bleiben"}]},{"@type":"WebSite","@id":"https:\/\/www.musikzeitung.ch\/#website","url":"https:\/\/www.musikzeitung.ch\/","name":"Swiss Music Newspaper","description":"The leading interdisciplinary monthly newspaper in Switzerland for musical issues.","publisher":{"@id":"https:\/\/www.musikzeitung.ch\/#organization"},"potentialAction":[{"@type":"SearchAction","target":{"@type":"EntryPoint","urlTemplate":"https:\/\/www.musikzeitung.ch\/?s={search_term_string}"},"query-input":{"@type":"PropertyValueSpecification","valueRequired":true,"valueName":"search_term_string"}}],"inLanguage":"en-US"},{"@type":"Organization","@id":"https:\/\/www.musikzeitung.ch\/#organization","name":"Swiss Music Newspaper","url":"https:\/\/www.musikzeitung.ch\/","logo":{"@type":"ImageObject","inLanguage":"en-US","@id":"https:\/\/www.musikzeitung.ch\/#\/schema\/logo\/image\/","url":"https:\/\/www.musikzeitung.ch\/wp-content\/uploads\/2023\/01\/SMZ_Schriftzug_Sprache.png","contentUrl":"https:\/\/www.musikzeitung.ch\/wp-content\/uploads\/2023\/01\/SMZ_Schriftzug_Sprache.png","width":1400,"height":279,"caption":"Schweizer Musikzeitung"},"image":{"@id":"https:\/\/www.musikzeitung.ch\/#\/schema\/logo\/image\/"},"sameAs":["https:\/\/www.facebook.com\/SchweizerMusikzeitung\/","https:\/\/x.com\/smusikzeitung","https:\/\/www.instagram.com\/musikzeitung.ch\/"]},{"@type":"Person","@id":"https:\/\/www.musikzeitung.ch\/#\/schema\/person\/0da4fb82d243f1252850a35d0e87cf0c","name":"Wolfgang B\u00f6hler","image":{"@type":"ImageObject","inLanguage":"en-US","@id":"https:\/\/www.musikzeitung.ch\/wp-content\/uploads\/2023\/01\/boehler_portraet_web-e1674139782246-96x96.jpg","url":"https:\/\/www.musikzeitung.ch\/wp-content\/uploads\/2023\/01\/boehler_portraet_web-e1674139782246-96x96.jpg","contentUrl":"https:\/\/www.musikzeitung.ch\/wp-content\/uploads\/2023\/01\/boehler_portraet_web-e1674139782246-96x96.jpg","caption":"Wolfgang B\u00f6hler"},"sameAs":["http:\/\/www.manacanto.ch","https:\/\/www.facebook.com\/wolfgang.bohler.75"],"url":"https:\/\/www.musikzeitung.ch\/en\/author\/wolfgang-boehler"}]}},"publishpress_future_workflow_manual_trigger":{"enabledWorkflows":[]},"_links":{"self":[{"href":"https:\/\/www.musikzeitung.ch\/en\/wp-json\/wp\/v2\/posts\/75368","targetHints":{"allow":["GET"]}}],"collection":[{"href":"https:\/\/www.musikzeitung.ch\/en\/wp-json\/wp\/v2\/posts"}],"about":[{"href":"https:\/\/www.musikzeitung.ch\/en\/wp-json\/wp\/v2\/types\/post"}],"author":[{"embeddable":true,"href":"https:\/\/www.musikzeitung.ch\/en\/wp-json\/wp\/v2\/users\/30"}],"replies":[{"embeddable":true,"href":"https:\/\/www.musikzeitung.ch\/en\/wp-json\/wp\/v2\/comments?post=75368"}],"version-history":[{"count":3,"href":"https:\/\/www.musikzeitung.ch\/en\/wp-json\/wp\/v2\/posts\/75368\/revisions"}],"predecessor-version":[{"id":75371,"href":"https:\/\/www.musikzeitung.ch\/en\/wp-json\/wp\/v2\/posts\/75368\/revisions\/75371"}],"wp:featuredmedia":[{"embeddable":true,"href":"https:\/\/www.musikzeitung.ch\/en\/wp-json\/wp\/v2\/media\/49890"}],"wp:attachment":[{"href":"https:\/\/www.musikzeitung.ch\/en\/wp-json\/wp\/v2\/media?parent=75368"}],"wp:term":[{"taxonomy":"category","embeddable":true,"href":"https:\/\/www.musikzeitung.ch\/en\/wp-json\/wp\/v2\/categories?post=75368"},{"taxonomy":"post_tag","embeddable":true,"href":"https:\/\/www.musikzeitung.ch\/en\/wp-json\/wp\/v2\/tags?post=75368"}],"curies":[{"name":"wp","href":"https:\/\/api.w.org\/{rel}","templated":true}]}}