{"id":75476,"date":"2026-09-04T09:50:57","date_gmt":"2026-09-04T07:50:57","guid":{"rendered":"https:\/\/www.musikzeitung.ch\/?p=75476"},"modified":"2026-09-04T10:21:24","modified_gmt":"2026-09-04T08:21:24","slug":"kanton-wallis-verschenkt-kultur-an-jugendliche","status":"publish","type":"post","link":"https:\/\/www.musikzeitung.ch\/en\/news\/2026\/09\/kanton-wallis-verschenkt-kultur-an-jugendliche","title":{"rendered":"The Canton of Valais Brings Culture to Young People"},"content":{"rendered":"<figure id=\"attachment_54477\" aria-describedby=\"caption-attachment-54477\" style=\"width: 978px\" class=\"wp-caption alignnone\"><img decoding=\"async\" class=\"size-full wp-image-54477\" src=\"https:\/\/www.musikzeitung.ch\/wp-content\/uploads\/2024\/05\/240503wallis.jpg\" alt=\"\" width=\"978\" height=\"768\" srcset=\"https:\/\/www.musikzeitung.ch\/wp-content\/uploads\/2024\/05\/240503wallis.jpg 978w, https:\/\/www.musikzeitung.ch\/wp-content\/uploads\/2024\/05\/240503wallis-300x236.jpg 300w, https:\/\/www.musikzeitung.ch\/wp-content\/uploads\/2024\/05\/240503wallis-768x603.jpg 768w, https:\/\/www.musikzeitung.ch\/wp-content\/uploads\/2024\/05\/240503wallis-223x175.jpg 223w, https:\/\/www.musikzeitung.ch\/wp-content\/uploads\/2024\/05\/240503wallis-446x350.jpg 446w, https:\/\/www.musikzeitung.ch\/wp-content\/uploads\/2024\/05\/240503wallis-920x722.jpg 920w\" sizes=\"(max-width: 978px) 100vw, 978px\" \/><figcaption id=\"caption-attachment-54477\" class=\"wp-caption-text\">Valais government building (Image: EpsilonEridani)<\/figcaption><\/figure>\n<p>According to a press release from the canton, approximately 4,000 young people in Valais will benefit from this measure, which stems from a recommendation by the Youth Parliament. This initiative aims to promote access to culture and raise awareness of existing cultural offerings. At the same time, the beneficiaries are to be encouraged to explore these offerings together. \u200b\u200b\u200b\u200b\u200b\u200b\u200b<\/p>\n<p>As part of its 2024\u20132025 recommendations, the Valais Youth Parliament pointed out that the younger generation is still not sufficiently aware of the cultural offerings available. This also applies to the Kultur-GA for people under 26. It was also emphasized that access to culture varies greatly depending on one\u2019s sociocultural background, education, or place of residence. Based on these findings, the Youth Parliament recommended promoting access to culture for all young people by giving them their first Culture GA card when they turn 16 to 18 years old.<\/p>\n<p>The Canton of Valais will implement this recommendation at the start of the 2026\u20132027 school year. Thanks to a collaboration between the Kultur-GA association, the Office of Culture, and the Kultur Wallis association, all young people born in 2010 and residing in the canton\u2014approximately 4,000 people from both language regions\u2014will receive a Kultur-GA worth 100 francs as a gift. A similar initiative had already been carried out in 2021 as part of economic stimulus measures in response to the COVID-19 pandemic; it is now set to become a permanent program.<\/p>","protected":false},"excerpt":{"rendered":"<p>At the start of the 2026\u20132027 school year, the Canton of Valais will give all young people born in 2010 who reside in the canton a Kultur-GA worth 100 francs.<\/p>","protected":false},"author":30,"featured_media":54477,"comment_status":"closed","ping_status":"closed","sticky":false,"template":"","format":"standard","meta":{"_acf_changed":false,"_relevanssi_hide_post":"","_relevanssi_hide_content":"","_relevanssi_pin_for_all":"","_relevanssi_pin_keywords":"","_relevanssi_unpin_keywords":"","_relevanssi_related_keywords":"","_relevanssi_related_include_ids":"","_relevanssi_related_exclude_ids":"","_relevanssi_related_no_append":"","_relevanssi_related_not_related":"","_relevanssi_related_posts":"","_relevanssi_noindex_reason":"","pgc_sgb_lightbox_settings":"","footnotes":""},"categories":[27],"tags":[3680,5825],"class_list":["post-75476","post","type-post","status-publish","format-standard","has-post-thumbnail","hentry","category-news","tag-kanton-wallis","tag-kultur-ga"],"acf":{"author":"PM\/SMZ\/wb"},"yoast_head":"<!-- This site is optimized with the Yoast SEO plugin v28.4 - https:\/\/yoast.com\/product\/yoast-seo-wordpress\/ -->\n<title>Kanton Wallis verschenkt Kultur an Jugendliche - Schweizer Musikzeitung<\/title>\n<meta name=\"robots\" content=\"index, follow, max-snippet:-1, max-image-preview:large, max-video-preview:-1\" \/>\n<link rel=\"canonical\" href=\"https:\/\/www.musikzeitung.ch\/en\/news\/2026\/09\/kanton-wallis-verschenkt-kultur-an-jugendliche\/\" \/>\n<meta property=\"og:locale\" content=\"en_US\" \/>\n<meta property=\"og:type\" content=\"article\" \/>\n<meta property=\"og:title\" content=\"Kanton Wallis verschenkt Kultur an Jugendliche - Schweizer Musikzeitung\" \/>\n<meta property=\"og:description\" content=\"Zum Beginn des Schuljahrs 2026-2027 schenkt der Kanton Wallis allen im Kanton wohnhaften jungen Menschen des Jahrgangs 2010 ein Kultur-GA im Wert von 100 Franken.\" \/>\n<meta property=\"og:url\" content=\"https:\/\/www.musikzeitung.ch\/en\/news\/2026\/09\/kanton-wallis-verschenkt-kultur-an-jugendliche\/\" \/>\n<meta property=\"og:site_name\" content=\"Schweizer Musikzeitung\" \/>\n<meta property=\"article:publisher\" content=\"https:\/\/www.facebook.com\/SchweizerMusikzeitung\/\" \/>\n<meta property=\"article:author\" content=\"https:\/\/www.facebook.com\/wolfgang.bohler.75\" \/>\n<meta property=\"article:published_time\" content=\"2026-09-04T07:50:57+00:00\" \/>\n<meta property=\"article:modified_time\" content=\"2026-09-04T08:21:24+00:00\" \/>\n<meta property=\"og:image\" content=\"https:\/\/www.musikzeitung.ch\/wp-content\/uploads\/2024\/05\/240503wallis.jpg\" \/>\n\t<meta property=\"og:image:width\" content=\"978\" \/>\n\t<meta property=\"og:image:height\" content=\"768\" \/>\n\t<meta property=\"og:image:type\" content=\"image\/jpeg\" \/>\n<meta name=\"author\" content=\"Wolfgang B\u00f6hler\" \/>\n<meta name=\"twitter:card\" content=\"summary_large_image\" \/>\n<meta name=\"twitter:creator\" content=\"@smusikzeitung\" \/>\n<meta name=\"twitter:site\" content=\"@smusikzeitung\" \/>\n<meta name=\"twitter:label1\" content=\"Written by\" \/>\n\t<meta name=\"twitter:data1\" content=\"Wolfgang B\u00f6hler\" \/>\n\t<meta name=\"twitter:label2\" content=\"Est. reading time\" \/>\n\t<meta name=\"twitter:data2\" content=\"2 minutes\" \/>\n<script type=\"application\/ld+json\" class=\"yoast-schema-graph\">{\"@context\":\"https:\\\/\\\/schema.org\",\"@graph\":[{\"@type\":\"Article\",\"@id\":\"https:\\\/\\\/www.musikzeitung.ch\\\/news\\\/2026\\\/09\\\/kanton-wallis-verschenkt-kultur-an-jugendliche#article\",\"isPartOf\":{\"@id\":\"https:\\\/\\\/www.musikzeitung.ch\\\/news\\\/2026\\\/09\\\/kanton-wallis-verschenkt-kultur-an-jugendliche\"},\"author\":{\"name\":\"Wolfgang B\u00f6hler\",\"@id\":\"https:\\\/\\\/www.musikzeitung.ch\\\/#\\\/schema\\\/person\\\/0da4fb82d243f1252850a35d0e87cf0c\"},\"headline\":\"Kanton Wallis verschenkt Kultur an Jugendliche\",\"datePublished\":\"2026-09-04T07:50:57+00:00\",\"dateModified\":\"2026-09-04T08:21:24+00:00\",\"mainEntityOfPage\":{\"@id\":\"https:\\\/\\\/www.musikzeitung.ch\\\/news\\\/2026\\\/09\\\/kanton-wallis-verschenkt-kultur-an-jugendliche\"},\"wordCount\":232,\"publisher\":{\"@id\":\"https:\\\/\\\/www.musikzeitung.ch\\\/#organization\"},\"image\":{\"@id\":\"https:\\\/\\\/www.musikzeitung.ch\\\/news\\\/2026\\\/09\\\/kanton-wallis-verschenkt-kultur-an-jugendliche#primaryimage\"},\"thumbnailUrl\":\"https:\\\/\\\/www.musikzeitung.ch\\\/wp-content\\\/uploads\\\/2024\\\/05\\\/240503wallis.jpg\",\"keywords\":[\"Kanton Wallis\",\"Kultur-GA\"],\"articleSection\":[\"News\"],\"inLanguage\":\"en-US\"},{\"@type\":\"WebPage\",\"@id\":\"https:\\\/\\\/www.musikzeitung.ch\\\/news\\\/2026\\\/09\\\/kanton-wallis-verschenkt-kultur-an-jugendliche\",\"url\":\"https:\\\/\\\/www.musikzeitung.ch\\\/news\\\/2026\\\/09\\\/kanton-wallis-verschenkt-kultur-an-jugendliche\",\"name\":\"Kanton Wallis verschenkt Kultur an Jugendliche - Schweizer Musikzeitung\",\"isPartOf\":{\"@id\":\"https:\\\/\\\/www.musikzeitung.ch\\\/#website\"},\"primaryImageOfPage\":{\"@id\":\"https:\\\/\\\/www.musikzeitung.ch\\\/news\\\/2026\\\/09\\\/kanton-wallis-verschenkt-kultur-an-jugendliche#primaryimage\"},\"image\":{\"@id\":\"https:\\\/\\\/www.musikzeitung.ch\\\/news\\\/2026\\\/09\\\/kanton-wallis-verschenkt-kultur-an-jugendliche#primaryimage\"},\"thumbnailUrl\":\"https:\\\/\\\/www.musikzeitung.ch\\\/wp-content\\\/uploads\\\/2024\\\/05\\\/240503wallis.jpg\",\"datePublished\":\"2026-09-04T07:50:57+00:00\",\"dateModified\":\"2026-09-04T08:21:24+00:00\",\"breadcrumb\":{\"@id\":\"https:\\\/\\\/www.musikzeitung.ch\\\/news\\\/2026\\\/09\\\/kanton-wallis-verschenkt-kultur-an-jugendliche#breadcrumb\"},\"inLanguage\":\"en-US\",\"potentialAction\":[{\"@type\":\"ReadAction\",\"target\":[\"https:\\\/\\\/www.musikzeitung.ch\\\/news\\\/2026\\\/09\\\/kanton-wallis-verschenkt-kultur-an-jugendliche\"]}]},{\"@type\":\"ImageObject\",\"inLanguage\":\"en-US\",\"@id\":\"https:\\\/\\\/www.musikzeitung.ch\\\/news\\\/2026\\\/09\\\/kanton-wallis-verschenkt-kultur-an-jugendliche#primaryimage\",\"url\":\"https:\\\/\\\/www.musikzeitung.ch\\\/wp-content\\\/uploads\\\/2024\\\/05\\\/240503wallis.jpg\",\"contentUrl\":\"https:\\\/\\\/www.musikzeitung.ch\\\/wp-content\\\/uploads\\\/2024\\\/05\\\/240503wallis.jpg\",\"width\":978,\"height\":768,\"caption\":\"Walliser Regierungsgeb\u00e4ude (Bild: EpsilonEridani)\"},{\"@type\":\"BreadcrumbList\",\"@id\":\"https:\\\/\\\/www.musikzeitung.ch\\\/news\\\/2026\\\/09\\\/kanton-wallis-verschenkt-kultur-an-jugendliche#breadcrumb\",\"itemListElement\":[{\"@type\":\"ListItem\",\"position\":1,\"name\":\"Home\",\"item\":\"https:\\\/\\\/www.musikzeitung.ch\\\/\"},{\"@type\":\"ListItem\",\"position\":2,\"name\":\"Kanton Wallis verschenkt Kultur an Jugendliche\"}]},{\"@type\":\"WebSite\",\"@id\":\"https:\\\/\\\/www.musikzeitung.ch\\\/#website\",\"url\":\"https:\\\/\\\/www.musikzeitung.ch\\\/\",\"name\":\"Schweizer Musikzeitung\",\"description\":\"Die f\u00fchrende sparten\u00fcbergreifende Monatszeitung in der Schweiz f\u00fcr musikalische Fragen.\",\"publisher\":{\"@id\":\"https:\\\/\\\/www.musikzeitung.ch\\\/#organization\"},\"potentialAction\":[{\"@type\":\"SearchAction\",\"target\":{\"@type\":\"EntryPoint\",\"urlTemplate\":\"https:\\\/\\\/www.musikzeitung.ch\\\/?s={search_term_string}\"},\"query-input\":{\"@type\":\"PropertyValueSpecification\",\"valueRequired\":true,\"valueName\":\"search_term_string\"}}],\"inLanguage\":\"en-US\"},{\"@type\":\"Organization\",\"@id\":\"https:\\\/\\\/www.musikzeitung.ch\\\/#organization\",\"name\":\"Schweizer Musikzeitung\",\"url\":\"https:\\\/\\\/www.musikzeitung.ch\\\/\",\"logo\":{\"@type\":\"ImageObject\",\"inLanguage\":\"en-US\",\"@id\":\"https:\\\/\\\/www.musikzeitung.ch\\\/#\\\/schema\\\/logo\\\/image\\\/\",\"url\":\"https:\\\/\\\/www.musikzeitung.ch\\\/wp-content\\\/uploads\\\/2023\\\/01\\\/SMZ_Schriftzug_Sprache.png\",\"contentUrl\":\"https:\\\/\\\/www.musikzeitung.ch\\\/wp-content\\\/uploads\\\/2023\\\/01\\\/SMZ_Schriftzug_Sprache.png\",\"width\":1400,\"height\":279,\"caption\":\"Schweizer Musikzeitung\"},\"image\":{\"@id\":\"https:\\\/\\\/www.musikzeitung.ch\\\/#\\\/schema\\\/logo\\\/image\\\/\"},\"sameAs\":[\"https:\\\/\\\/www.facebook.com\\\/SchweizerMusikzeitung\\\/\",\"https:\\\/\\\/x.com\\\/smusikzeitung\",\"https:\\\/\\\/www.instagram.com\\\/musikzeitung.ch\\\/\"]},{\"@type\":\"Person\",\"@id\":\"https:\\\/\\\/www.musikzeitung.ch\\\/#\\\/schema\\\/person\\\/0da4fb82d243f1252850a35d0e87cf0c\",\"name\":\"Wolfgang B\u00f6hler\",\"image\":{\"@type\":\"ImageObject\",\"inLanguage\":\"en-US\",\"@id\":\"https:\\\/\\\/www.musikzeitung.ch\\\/wp-content\\\/uploads\\\/2023\\\/01\\\/boehler_portraet_web-e1674139782246-96x96.jpg\",\"url\":\"https:\\\/\\\/www.musikzeitung.ch\\\/wp-content\\\/uploads\\\/2023\\\/01\\\/boehler_portraet_web-e1674139782246-96x96.jpg\",\"contentUrl\":\"https:\\\/\\\/www.musikzeitung.ch\\\/wp-content\\\/uploads\\\/2023\\\/01\\\/boehler_portraet_web-e1674139782246-96x96.jpg\",\"caption\":\"Wolfgang B\u00f6hler\"},\"sameAs\":[\"http:\\\/\\\/www.manacanto.ch\",\"https:\\\/\\\/www.facebook.com\\\/wolfgang.bohler.75\"],\"url\":\"https:\\\/\\\/www.musikzeitung.ch\\\/en\\\/author\\\/wolfgang-boehler\"}]}<\/script>\n<!-- \/ Yoast SEO plugin. -->","yoast_head_json":{"title":"Kanton Wallis verschenkt Kultur an Jugendliche - Schweizer Musikzeitung","robots":{"index":"index","follow":"follow","max-snippet":"max-snippet:-1","max-image-preview":"max-image-preview:large","max-video-preview":"max-video-preview:-1"},"canonical":"https:\/\/www.musikzeitung.ch\/en\/news\/2026\/09\/kanton-wallis-verschenkt-kultur-an-jugendliche\/","og_locale":"en_US","og_type":"article","og_title":"Kanton Wallis verschenkt Kultur an Jugendliche - Schweizer Musikzeitung","og_description":"Zum Beginn des Schuljahrs 2026-2027 schenkt der Kanton Wallis allen im Kanton wohnhaften jungen Menschen des Jahrgangs 2010 ein Kultur-GA im Wert von 100 Franken.","og_url":"https:\/\/www.musikzeitung.ch\/en\/news\/2026\/09\/kanton-wallis-verschenkt-kultur-an-jugendliche\/","og_site_name":"Schweizer Musikzeitung","article_publisher":"https:\/\/www.facebook.com\/SchweizerMusikzeitung\/","article_author":"https:\/\/www.facebook.com\/wolfgang.bohler.75","article_published_time":"2026-09-04T07:50:57+00:00","article_modified_time":"2026-09-04T08:21:24+00:00","og_image":[{"width":978,"height":768,"url":"https:\/\/www.musikzeitung.ch\/wp-content\/uploads\/2024\/05\/240503wallis.jpg","type":"image\/jpeg"}],"author":"Wolfgang B\u00f6hler","twitter_card":"summary_large_image","twitter_creator":"@smusikzeitung","twitter_site":"@smusikzeitung","twitter_misc":{"Written by":"Wolfgang B\u00f6hler","Est. reading time":"2 minutes"},"schema":{"@context":"https:\/\/schema.org","@graph":[{"@type":"Article","@id":"https:\/\/www.musikzeitung.ch\/news\/2026\/09\/kanton-wallis-verschenkt-kultur-an-jugendliche#article","isPartOf":{"@id":"https:\/\/www.musikzeitung.ch\/news\/2026\/09\/kanton-wallis-verschenkt-kultur-an-jugendliche"},"author":{"name":"Wolfgang B\u00f6hler","@id":"https:\/\/www.musikzeitung.ch\/#\/schema\/person\/0da4fb82d243f1252850a35d0e87cf0c"},"headline":"Kanton Wallis verschenkt Kultur an Jugendliche","datePublished":"2026-09-04T07:50:57+00:00","dateModified":"2026-09-04T08:21:24+00:00","mainEntityOfPage":{"@id":"https:\/\/www.musikzeitung.ch\/news\/2026\/09\/kanton-wallis-verschenkt-kultur-an-jugendliche"},"wordCount":232,"publisher":{"@id":"https:\/\/www.musikzeitung.ch\/#organization"},"image":{"@id":"https:\/\/www.musikzeitung.ch\/news\/2026\/09\/kanton-wallis-verschenkt-kultur-an-jugendliche#primaryimage"},"thumbnailUrl":"https:\/\/www.musikzeitung.ch\/wp-content\/uploads\/2024\/05\/240503wallis.jpg","keywords":["Kanton Wallis","Kultur-GA"],"articleSection":["News"],"inLanguage":"en-US"},{"@type":"WebPage","@id":"https:\/\/www.musikzeitung.ch\/news\/2026\/09\/kanton-wallis-verschenkt-kultur-an-jugendliche","url":"https:\/\/www.musikzeitung.ch\/news\/2026\/09\/kanton-wallis-verschenkt-kultur-an-jugendliche","name":"Kanton Wallis verschenkt Kultur an Jugendliche - Schweizer Musikzeitung","isPartOf":{"@id":"https:\/\/www.musikzeitung.ch\/#website"},"primaryImageOfPage":{"@id":"https:\/\/www.musikzeitung.ch\/news\/2026\/09\/kanton-wallis-verschenkt-kultur-an-jugendliche#primaryimage"},"image":{"@id":"https:\/\/www.musikzeitung.ch\/news\/2026\/09\/kanton-wallis-verschenkt-kultur-an-jugendliche#primaryimage"},"thumbnailUrl":"https:\/\/www.musikzeitung.ch\/wp-content\/uploads\/2024\/05\/240503wallis.jpg","datePublished":"2026-09-04T07:50:57+00:00","dateModified":"2026-09-04T08:21:24+00:00","breadcrumb":{"@id":"https:\/\/www.musikzeitung.ch\/news\/2026\/09\/kanton-wallis-verschenkt-kultur-an-jugendliche#breadcrumb"},"inLanguage":"en-US","potentialAction":[{"@type":"ReadAction","target":["https:\/\/www.musikzeitung.ch\/news\/2026\/09\/kanton-wallis-verschenkt-kultur-an-jugendliche"]}]},{"@type":"ImageObject","inLanguage":"en-US","@id":"https:\/\/www.musikzeitung.ch\/news\/2026\/09\/kanton-wallis-verschenkt-kultur-an-jugendliche#primaryimage","url":"https:\/\/www.musikzeitung.ch\/wp-content\/uploads\/2024\/05\/240503wallis.jpg","contentUrl":"https:\/\/www.musikzeitung.ch\/wp-content\/uploads\/2024\/05\/240503wallis.jpg","width":978,"height":768,"caption":"Walliser Regierungsgeb\u00e4ude (Bild: EpsilonEridani)"},{"@type":"BreadcrumbList","@id":"https:\/\/www.musikzeitung.ch\/news\/2026\/09\/kanton-wallis-verschenkt-kultur-an-jugendliche#breadcrumb","itemListElement":[{"@type":"ListItem","position":1,"name":"Home","item":"https:\/\/www.musikzeitung.ch\/"},{"@type":"ListItem","position":2,"name":"Kanton Wallis verschenkt Kultur an Jugendliche"}]},{"@type":"WebSite","@id":"https:\/\/www.musikzeitung.ch\/#website","url":"https:\/\/www.musikzeitung.ch\/","name":"Swiss Music Newspaper","description":"The leading interdisciplinary monthly newspaper in Switzerland for musical issues.","publisher":{"@id":"https:\/\/www.musikzeitung.ch\/#organization"},"potentialAction":[{"@type":"SearchAction","target":{"@type":"EntryPoint","urlTemplate":"https:\/\/www.musikzeitung.ch\/?s={search_term_string}"},"query-input":{"@type":"PropertyValueSpecification","valueRequired":true,"valueName":"search_term_string"}}],"inLanguage":"en-US"},{"@type":"Organization","@id":"https:\/\/www.musikzeitung.ch\/#organization","name":"Swiss Music Newspaper","url":"https:\/\/www.musikzeitung.ch\/","logo":{"@type":"ImageObject","inLanguage":"en-US","@id":"https:\/\/www.musikzeitung.ch\/#\/schema\/logo\/image\/","url":"https:\/\/www.musikzeitung.ch\/wp-content\/uploads\/2023\/01\/SMZ_Schriftzug_Sprache.png","contentUrl":"https:\/\/www.musikzeitung.ch\/wp-content\/uploads\/2023\/01\/SMZ_Schriftzug_Sprache.png","width":1400,"height":279,"caption":"Schweizer Musikzeitung"},"image":{"@id":"https:\/\/www.musikzeitung.ch\/#\/schema\/logo\/image\/"},"sameAs":["https:\/\/www.facebook.com\/SchweizerMusikzeitung\/","https:\/\/x.com\/smusikzeitung","https:\/\/www.instagram.com\/musikzeitung.ch\/"]},{"@type":"Person","@id":"https:\/\/www.musikzeitung.ch\/#\/schema\/person\/0da4fb82d243f1252850a35d0e87cf0c","name":"Wolfgang B\u00f6hler","image":{"@type":"ImageObject","inLanguage":"en-US","@id":"https:\/\/www.musikzeitung.ch\/wp-content\/uploads\/2023\/01\/boehler_portraet_web-e1674139782246-96x96.jpg","url":"https:\/\/www.musikzeitung.ch\/wp-content\/uploads\/2023\/01\/boehler_portraet_web-e1674139782246-96x96.jpg","contentUrl":"https:\/\/www.musikzeitung.ch\/wp-content\/uploads\/2023\/01\/boehler_portraet_web-e1674139782246-96x96.jpg","caption":"Wolfgang B\u00f6hler"},"sameAs":["http:\/\/www.manacanto.ch","https:\/\/www.facebook.com\/wolfgang.bohler.75"],"url":"https:\/\/www.musikzeitung.ch\/en\/author\/wolfgang-boehler"}]}},"publishpress_future_workflow_manual_trigger":{"enabledWorkflows":[]},"_links":{"self":[{"href":"https:\/\/www.musikzeitung.ch\/en\/wp-json\/wp\/v2\/posts\/75476","targetHints":{"allow":["GET"]}}],"collection":[{"href":"https:\/\/www.musikzeitung.ch\/en\/wp-json\/wp\/v2\/posts"}],"about":[{"href":"https:\/\/www.musikzeitung.ch\/en\/wp-json\/wp\/v2\/types\/post"}],"author":[{"embeddable":true,"href":"https:\/\/www.musikzeitung.ch\/en\/wp-json\/wp\/v2\/users\/30"}],"replies":[{"embeddable":true,"href":"https:\/\/www.musikzeitung.ch\/en\/wp-json\/wp\/v2\/comments?post=75476"}],"version-history":[{"count":5,"href":"https:\/\/www.musikzeitung.ch\/en\/wp-json\/wp\/v2\/posts\/75476\/revisions"}],"predecessor-version":[{"id":75491,"href":"https:\/\/www.musikzeitung.ch\/en\/wp-json\/wp\/v2\/posts\/75476\/revisions\/75491"}],"wp:featuredmedia":[{"embeddable":true,"href":"https:\/\/www.musikzeitung.ch\/en\/wp-json\/wp\/v2\/media\/54477"}],"wp:attachment":[{"href":"https:\/\/www.musikzeitung.ch\/en\/wp-json\/wp\/v2\/media?parent=75476"}],"wp:term":[{"taxonomy":"category","embeddable":true,"href":"https:\/\/www.musikzeitung.ch\/en\/wp-json\/wp\/v2\/categories?post=75476"},{"taxonomy":"post_tag","embeddable":true,"href":"https:\/\/www.musikzeitung.ch\/en\/wp-json\/wp\/v2\/tags?post=75476"}],"curies":[{"name":"wp","href":"https:\/\/api.w.org\/{rel}","templated":true}]}}