{"id":759,"date":"2018-10-19T00:00:00","date_gmt":"2018-10-18T23:00:00","guid":{"rendered":"https:\/\/www.musikzeitung.ch\/allgemein\/donaueschingen-oeffnet-mit-schweizer-beitrag\/"},"modified":"2024-10-25T11:00:03","modified_gmt":"2024-10-25T09:00:03","slug":"donaueschingen-oeffnet-mit-schweizer-beitrag","status":"publish","type":"post","link":"https:\/\/www.musikzeitung.ch\/en\/news\/2018\/10\/donaueschingen-oeffnet-mit-schweizer-beitrag","title":{"rendered":"Donaueschingen opens with Swiss contribution"},"content":{"rendered":"<figure style=\"width: 554px\" class=\"wp-caption alignnone\"><img loading=\"lazy\" decoding=\"async\" src=\"https:\/\/www.musikzeitung.ch\/wp-content\/uploads\/2023\/01\/Zimoun-2017-1.png\" alt=\"\" width=\"554\" height=\"310\" \/><figcaption class=\"wp-caption-text\">Forerunner of the 2017 Donaueschingen installation in Paris. Photo: Zimoun\/wikimedia commons<\/figcaption><\/figure>\n<div class=\"text-section\">\n<p>This year's New Music Festival in Donaueschingen will focus on experimental music, technical experiments and new forms of presentation. Works by Isabel Mundry, Georges Aperghis, Benedict Mason, Francesco Filidei, Enno Poppe, Marco Stroppa and Agata Zubel, among others, will be premiered. Around 10,000 visitors are expected.<\/p>\n<p>They were opened with an installation by Swiss artist Zimoun. He \"transforms the space with mechanical sound exciters into rhythmically complex time structures.\" This year's Donaueschingen Music Days sound art program also presents works from Egypt, Bolivia, Morocco and Taiwan. The focus is on works that \"establish a significant connection between the realities of life, culturally influenced ideas of sound and the materials used\", including deliberately rough materials such as cardboard and wire, natural materials such as clay and stone.<\/p>\n<\/div>","protected":false},"excerpt":{"rendered":"<p><strong>The Donaueschingen Music Days opened with a sound installation by Swiss artist Zimoun and a panel discussion on the mechanisms of the music industry.<\/strong><\/p>","protected":false},"author":1,"featured_media":760,"comment_status":"closed","ping_status":"closed","sticky":false,"template":"","format":"standard","meta":{"_acf_changed":false,"_relevanssi_hide_post":"","_relevanssi_hide_content":"","_relevanssi_pin_for_all":"","_relevanssi_pin_keywords":"","_relevanssi_unpin_keywords":"","_relevanssi_related_keywords":"","_relevanssi_related_include_ids":"","_relevanssi_related_exclude_ids":"","_relevanssi_related_no_append":"","_relevanssi_related_not_related":"","_relevanssi_related_posts":"","_relevanssi_noindex_reason":"","pgc_sgb_lightbox_settings":"","footnotes":""},"categories":[2,57,27],"tags":[],"class_list":["post-759","post","type-post","status-publish","format-standard","has-post-thumbnail","hentry","category-anlaesse","category-klassik","category-news"],"acf":[],"yoast_head":"<!-- This site is optimized with the Yoast SEO plugin v27.5 - https:\/\/yoast.com\/product\/yoast-seo-wordpress\/ -->\n<title>Donaueschingen \u00f6ffnet mit Schweizer Beitrag - Schweizer Musikzeitung<\/title>\n<meta name=\"description\" content=\"Die Donaueschinger Musiktage 2018 sind mit einer Klanginstallationen des Schweizer K\u00fcnstlers Zimoun er\u00f6ffnet worden.\" \/>\n<meta name=\"robots\" content=\"index, follow, max-snippet:-1, max-image-preview:large, max-video-preview:-1\" \/>\n<link rel=\"canonical\" href=\"https:\/\/www.musikzeitung.ch\/en\/news\/2018\/10\/donaueschingen-oeffnet-mit-schweizer-beitrag\/\" \/>\n<meta property=\"og:locale\" content=\"en_US\" \/>\n<meta property=\"og:type\" content=\"article\" \/>\n<meta property=\"og:title\" content=\"Donaueschingen \u00f6ffnet mit Schweizer Beitrag - Schweizer Musikzeitung\" \/>\n<meta property=\"og:description\" content=\"Die Donaueschinger Musiktage 2018 sind mit einer Klanginstallationen des Schweizer K\u00fcnstlers Zimoun er\u00f6ffnet worden.\" \/>\n<meta property=\"og:url\" content=\"https:\/\/www.musikzeitung.ch\/en\/news\/2018\/10\/donaueschingen-oeffnet-mit-schweizer-beitrag\/\" \/>\n<meta property=\"og:site_name\" content=\"Schweizer Musikzeitung\" \/>\n<meta property=\"article:publisher\" content=\"https:\/\/www.facebook.com\/SchweizerMusikzeitung\/\" \/>\n<meta property=\"article:published_time\" content=\"2018-10-18T23:00:00+00:00\" \/>\n<meta property=\"article:modified_time\" content=\"2024-10-25T09:00:03+00:00\" \/>\n<meta property=\"og:image\" content=\"https:\/\/www.musikzeitung.ch\/wp-content\/uploads\/2023\/01\/Zimoun-2017-1.png\" \/>\n\t<meta property=\"og:image:width\" content=\"554\" \/>\n\t<meta property=\"og:image:height\" content=\"310\" \/>\n\t<meta property=\"og:image:type\" content=\"image\/png\" \/>\n<meta name=\"author\" content=\"Musikzeitung-Redaktion\" \/>\n<meta name=\"twitter:card\" content=\"summary_large_image\" \/>\n<meta name=\"twitter:creator\" content=\"@smusikzeitung\" \/>\n<meta name=\"twitter:site\" content=\"@smusikzeitung\" \/>\n<meta name=\"twitter:label1\" content=\"Written by\" \/>\n\t<meta name=\"twitter:data1\" content=\"Musikzeitung-Redaktion\" \/>\n\t<meta name=\"twitter:label2\" content=\"Est. reading time\" \/>\n\t<meta name=\"twitter:data2\" content=\"2 minutes\" \/>\n<script type=\"application\/ld+json\" class=\"yoast-schema-graph\">{\"@context\":\"https:\\\/\\\/schema.org\",\"@graph\":[{\"@type\":\"Article\",\"@id\":\"https:\\\/\\\/www.musikzeitung.ch\\\/news\\\/2018\\\/10\\\/donaueschingen-oeffnet-mit-schweizer-beitrag#article\",\"isPartOf\":{\"@id\":\"https:\\\/\\\/www.musikzeitung.ch\\\/news\\\/2018\\\/10\\\/donaueschingen-oeffnet-mit-schweizer-beitrag\"},\"author\":{\"name\":\"Musikzeitung-Redaktion\",\"@id\":\"https:\\\/\\\/www.musikzeitung.ch\\\/#\\\/schema\\\/person\\\/b2fd892c800856270b9dcc6001265712\"},\"headline\":\"Donaueschingen \u00f6ffnet mit Schweizer Beitrag\",\"datePublished\":\"2018-10-18T23:00:00+00:00\",\"dateModified\":\"2024-10-25T09:00:03+00:00\",\"mainEntityOfPage\":{\"@id\":\"https:\\\/\\\/www.musikzeitung.ch\\\/news\\\/2018\\\/10\\\/donaueschingen-oeffnet-mit-schweizer-beitrag\"},\"wordCount\":140,\"publisher\":{\"@id\":\"https:\\\/\\\/www.musikzeitung.ch\\\/#organization\"},\"image\":{\"@id\":\"https:\\\/\\\/www.musikzeitung.ch\\\/news\\\/2018\\\/10\\\/donaueschingen-oeffnet-mit-schweizer-beitrag#primaryimage\"},\"thumbnailUrl\":\"https:\\\/\\\/www.musikzeitung.ch\\\/wp-content\\\/uploads\\\/2023\\\/01\\\/Zimoun-2017-1.png\",\"articleSection\":[\"Anl\u00e4sse\",\"Klassik\",\"News\"],\"inLanguage\":\"en-US\"},{\"@type\":\"WebPage\",\"@id\":\"https:\\\/\\\/www.musikzeitung.ch\\\/news\\\/2018\\\/10\\\/donaueschingen-oeffnet-mit-schweizer-beitrag\",\"url\":\"https:\\\/\\\/www.musikzeitung.ch\\\/news\\\/2018\\\/10\\\/donaueschingen-oeffnet-mit-schweizer-beitrag\",\"name\":\"Donaueschingen \u00f6ffnet mit Schweizer Beitrag - Schweizer Musikzeitung\",\"isPartOf\":{\"@id\":\"https:\\\/\\\/www.musikzeitung.ch\\\/#website\"},\"primaryImageOfPage\":{\"@id\":\"https:\\\/\\\/www.musikzeitung.ch\\\/news\\\/2018\\\/10\\\/donaueschingen-oeffnet-mit-schweizer-beitrag#primaryimage\"},\"image\":{\"@id\":\"https:\\\/\\\/www.musikzeitung.ch\\\/news\\\/2018\\\/10\\\/donaueschingen-oeffnet-mit-schweizer-beitrag#primaryimage\"},\"thumbnailUrl\":\"https:\\\/\\\/www.musikzeitung.ch\\\/wp-content\\\/uploads\\\/2023\\\/01\\\/Zimoun-2017-1.png\",\"datePublished\":\"2018-10-18T23:00:00+00:00\",\"dateModified\":\"2024-10-25T09:00:03+00:00\",\"description\":\"Die Donaueschinger Musiktage 2018 sind mit einer Klanginstallationen des Schweizer K\u00fcnstlers Zimoun er\u00f6ffnet worden.\",\"breadcrumb\":{\"@id\":\"https:\\\/\\\/www.musikzeitung.ch\\\/news\\\/2018\\\/10\\\/donaueschingen-oeffnet-mit-schweizer-beitrag#breadcrumb\"},\"inLanguage\":\"en-US\",\"potentialAction\":[{\"@type\":\"ReadAction\",\"target\":[\"https:\\\/\\\/www.musikzeitung.ch\\\/news\\\/2018\\\/10\\\/donaueschingen-oeffnet-mit-schweizer-beitrag\"]}]},{\"@type\":\"ImageObject\",\"inLanguage\":\"en-US\",\"@id\":\"https:\\\/\\\/www.musikzeitung.ch\\\/news\\\/2018\\\/10\\\/donaueschingen-oeffnet-mit-schweizer-beitrag#primaryimage\",\"url\":\"https:\\\/\\\/www.musikzeitung.ch\\\/wp-content\\\/uploads\\\/2023\\\/01\\\/Zimoun-2017-1.png\",\"contentUrl\":\"https:\\\/\\\/www.musikzeitung.ch\\\/wp-content\\\/uploads\\\/2023\\\/01\\\/Zimoun-2017-1.png\",\"width\":554,\"height\":310},{\"@type\":\"BreadcrumbList\",\"@id\":\"https:\\\/\\\/www.musikzeitung.ch\\\/news\\\/2018\\\/10\\\/donaueschingen-oeffnet-mit-schweizer-beitrag#breadcrumb\",\"itemListElement\":[{\"@type\":\"ListItem\",\"position\":1,\"name\":\"Home\",\"item\":\"https:\\\/\\\/www.musikzeitung.ch\\\/\"},{\"@type\":\"ListItem\",\"position\":2,\"name\":\"Donaueschingen \u00f6ffnet mit Schweizer Beitrag\"}]},{\"@type\":\"WebSite\",\"@id\":\"https:\\\/\\\/www.musikzeitung.ch\\\/#website\",\"url\":\"https:\\\/\\\/www.musikzeitung.ch\\\/\",\"name\":\"Schweizer Musikzeitung\",\"description\":\"Die f\u00fchrende sparten\u00fcbergreifende Monatszeitung in der Schweiz f\u00fcr musikalische Fragen.\",\"publisher\":{\"@id\":\"https:\\\/\\\/www.musikzeitung.ch\\\/#organization\"},\"potentialAction\":[{\"@type\":\"SearchAction\",\"target\":{\"@type\":\"EntryPoint\",\"urlTemplate\":\"https:\\\/\\\/www.musikzeitung.ch\\\/?s={search_term_string}\"},\"query-input\":{\"@type\":\"PropertyValueSpecification\",\"valueRequired\":true,\"valueName\":\"search_term_string\"}}],\"inLanguage\":\"en-US\"},{\"@type\":\"Organization\",\"@id\":\"https:\\\/\\\/www.musikzeitung.ch\\\/#organization\",\"name\":\"Schweizer Musikzeitung\",\"url\":\"https:\\\/\\\/www.musikzeitung.ch\\\/\",\"logo\":{\"@type\":\"ImageObject\",\"inLanguage\":\"en-US\",\"@id\":\"https:\\\/\\\/www.musikzeitung.ch\\\/#\\\/schema\\\/logo\\\/image\\\/\",\"url\":\"https:\\\/\\\/www.musikzeitung.ch\\\/wp-content\\\/uploads\\\/2023\\\/01\\\/SMZ_Schriftzug_Sprache.png\",\"contentUrl\":\"https:\\\/\\\/www.musikzeitung.ch\\\/wp-content\\\/uploads\\\/2023\\\/01\\\/SMZ_Schriftzug_Sprache.png\",\"width\":1400,\"height\":279,\"caption\":\"Schweizer Musikzeitung\"},\"image\":{\"@id\":\"https:\\\/\\\/www.musikzeitung.ch\\\/#\\\/schema\\\/logo\\\/image\\\/\"},\"sameAs\":[\"https:\\\/\\\/www.facebook.com\\\/SchweizerMusikzeitung\\\/\",\"https:\\\/\\\/x.com\\\/smusikzeitung\",\"https:\\\/\\\/www.instagram.com\\\/musikzeitung.ch\\\/\"]},{\"@type\":\"Person\",\"@id\":\"https:\\\/\\\/www.musikzeitung.ch\\\/#\\\/schema\\\/person\\\/b2fd892c800856270b9dcc6001265712\",\"name\":\"Musikzeitung-Redaktion\",\"image\":{\"@type\":\"ImageObject\",\"inLanguage\":\"en-US\",\"@id\":\"https:\\\/\\\/www.musikzeitung.ch\\\/wp-content\\\/uploads\\\/2022\\\/05\\\/usericon_musikzeitung-96x96.jpg\",\"url\":\"https:\\\/\\\/www.musikzeitung.ch\\\/wp-content\\\/uploads\\\/2022\\\/05\\\/usericon_musikzeitung-96x96.jpg\",\"contentUrl\":\"https:\\\/\\\/www.musikzeitung.ch\\\/wp-content\\\/uploads\\\/2022\\\/05\\\/usericon_musikzeitung-96x96.jpg\",\"caption\":\"Musikzeitung-Redaktion\"},\"url\":\"https:\\\/\\\/www.musikzeitung.ch\\\/en\\\/author\\\/admin\"}]}<\/script>\n<!-- \/ Yoast SEO plugin. -->","yoast_head_json":{"title":"Donaueschingen opens with Swiss contribution - Schweizer Musikzeitung","description":"The Donaueschingen Music Days 2018 opened with a sound installation by Swiss artist Zimoun.","robots":{"index":"index","follow":"follow","max-snippet":"max-snippet:-1","max-image-preview":"max-image-preview:large","max-video-preview":"max-video-preview:-1"},"canonical":"https:\/\/www.musikzeitung.ch\/en\/news\/2018\/10\/donaueschingen-oeffnet-mit-schweizer-beitrag\/","og_locale":"en_US","og_type":"article","og_title":"Donaueschingen \u00f6ffnet mit Schweizer Beitrag - Schweizer Musikzeitung","og_description":"Die Donaueschinger Musiktage 2018 sind mit einer Klanginstallationen des Schweizer K\u00fcnstlers Zimoun er\u00f6ffnet worden.","og_url":"https:\/\/www.musikzeitung.ch\/en\/news\/2018\/10\/donaueschingen-oeffnet-mit-schweizer-beitrag\/","og_site_name":"Schweizer Musikzeitung","article_publisher":"https:\/\/www.facebook.com\/SchweizerMusikzeitung\/","article_published_time":"2018-10-18T23:00:00+00:00","article_modified_time":"2024-10-25T09:00:03+00:00","og_image":[{"width":554,"height":310,"url":"https:\/\/www.musikzeitung.ch\/wp-content\/uploads\/2023\/01\/Zimoun-2017-1.png","type":"image\/png"}],"author":"Musikzeitung-Redaktion","twitter_card":"summary_large_image","twitter_creator":"@smusikzeitung","twitter_site":"@smusikzeitung","twitter_misc":{"Written by":"Musikzeitung-Redaktion","Est. reading time":"2 minutes"},"schema":{"@context":"https:\/\/schema.org","@graph":[{"@type":"Article","@id":"https:\/\/www.musikzeitung.ch\/news\/2018\/10\/donaueschingen-oeffnet-mit-schweizer-beitrag#article","isPartOf":{"@id":"https:\/\/www.musikzeitung.ch\/news\/2018\/10\/donaueschingen-oeffnet-mit-schweizer-beitrag"},"author":{"name":"Musikzeitung-Redaktion","@id":"https:\/\/www.musikzeitung.ch\/#\/schema\/person\/b2fd892c800856270b9dcc6001265712"},"headline":"Donaueschingen \u00f6ffnet mit Schweizer Beitrag","datePublished":"2018-10-18T23:00:00+00:00","dateModified":"2024-10-25T09:00:03+00:00","mainEntityOfPage":{"@id":"https:\/\/www.musikzeitung.ch\/news\/2018\/10\/donaueschingen-oeffnet-mit-schweizer-beitrag"},"wordCount":140,"publisher":{"@id":"https:\/\/www.musikzeitung.ch\/#organization"},"image":{"@id":"https:\/\/www.musikzeitung.ch\/news\/2018\/10\/donaueschingen-oeffnet-mit-schweizer-beitrag#primaryimage"},"thumbnailUrl":"https:\/\/www.musikzeitung.ch\/wp-content\/uploads\/2023\/01\/Zimoun-2017-1.png","articleSection":["Anl\u00e4sse","Klassik","News"],"inLanguage":"en-US"},{"@type":"WebPage","@id":"https:\/\/www.musikzeitung.ch\/news\/2018\/10\/donaueschingen-oeffnet-mit-schweizer-beitrag","url":"https:\/\/www.musikzeitung.ch\/news\/2018\/10\/donaueschingen-oeffnet-mit-schweizer-beitrag","name":"Donaueschingen opens with Swiss contribution - Schweizer Musikzeitung","isPartOf":{"@id":"https:\/\/www.musikzeitung.ch\/#website"},"primaryImageOfPage":{"@id":"https:\/\/www.musikzeitung.ch\/news\/2018\/10\/donaueschingen-oeffnet-mit-schweizer-beitrag#primaryimage"},"image":{"@id":"https:\/\/www.musikzeitung.ch\/news\/2018\/10\/donaueschingen-oeffnet-mit-schweizer-beitrag#primaryimage"},"thumbnailUrl":"https:\/\/www.musikzeitung.ch\/wp-content\/uploads\/2023\/01\/Zimoun-2017-1.png","datePublished":"2018-10-18T23:00:00+00:00","dateModified":"2024-10-25T09:00:03+00:00","description":"The Donaueschingen Music Days 2018 opened with a sound installation by Swiss artist Zimoun.","breadcrumb":{"@id":"https:\/\/www.musikzeitung.ch\/news\/2018\/10\/donaueschingen-oeffnet-mit-schweizer-beitrag#breadcrumb"},"inLanguage":"en-US","potentialAction":[{"@type":"ReadAction","target":["https:\/\/www.musikzeitung.ch\/news\/2018\/10\/donaueschingen-oeffnet-mit-schweizer-beitrag"]}]},{"@type":"ImageObject","inLanguage":"en-US","@id":"https:\/\/www.musikzeitung.ch\/news\/2018\/10\/donaueschingen-oeffnet-mit-schweizer-beitrag#primaryimage","url":"https:\/\/www.musikzeitung.ch\/wp-content\/uploads\/2023\/01\/Zimoun-2017-1.png","contentUrl":"https:\/\/www.musikzeitung.ch\/wp-content\/uploads\/2023\/01\/Zimoun-2017-1.png","width":554,"height":310},{"@type":"BreadcrumbList","@id":"https:\/\/www.musikzeitung.ch\/news\/2018\/10\/donaueschingen-oeffnet-mit-schweizer-beitrag#breadcrumb","itemListElement":[{"@type":"ListItem","position":1,"name":"Home","item":"https:\/\/www.musikzeitung.ch\/"},{"@type":"ListItem","position":2,"name":"Donaueschingen \u00f6ffnet mit Schweizer Beitrag"}]},{"@type":"WebSite","@id":"https:\/\/www.musikzeitung.ch\/#website","url":"https:\/\/www.musikzeitung.ch\/","name":"Swiss Music Newspaper","description":"The leading interdisciplinary monthly newspaper in Switzerland for musical issues.","publisher":{"@id":"https:\/\/www.musikzeitung.ch\/#organization"},"potentialAction":[{"@type":"SearchAction","target":{"@type":"EntryPoint","urlTemplate":"https:\/\/www.musikzeitung.ch\/?s={search_term_string}"},"query-input":{"@type":"PropertyValueSpecification","valueRequired":true,"valueName":"search_term_string"}}],"inLanguage":"en-US"},{"@type":"Organization","@id":"https:\/\/www.musikzeitung.ch\/#organization","name":"Swiss Music Newspaper","url":"https:\/\/www.musikzeitung.ch\/","logo":{"@type":"ImageObject","inLanguage":"en-US","@id":"https:\/\/www.musikzeitung.ch\/#\/schema\/logo\/image\/","url":"https:\/\/www.musikzeitung.ch\/wp-content\/uploads\/2023\/01\/SMZ_Schriftzug_Sprache.png","contentUrl":"https:\/\/www.musikzeitung.ch\/wp-content\/uploads\/2023\/01\/SMZ_Schriftzug_Sprache.png","width":1400,"height":279,"caption":"Schweizer Musikzeitung"},"image":{"@id":"https:\/\/www.musikzeitung.ch\/#\/schema\/logo\/image\/"},"sameAs":["https:\/\/www.facebook.com\/SchweizerMusikzeitung\/","https:\/\/x.com\/smusikzeitung","https:\/\/www.instagram.com\/musikzeitung.ch\/"]},{"@type":"Person","@id":"https:\/\/www.musikzeitung.ch\/#\/schema\/person\/b2fd892c800856270b9dcc6001265712","name":"Music newspaper editorial office","image":{"@type":"ImageObject","inLanguage":"en-US","@id":"https:\/\/www.musikzeitung.ch\/wp-content\/uploads\/2022\/05\/usericon_musikzeitung-96x96.jpg","url":"https:\/\/www.musikzeitung.ch\/wp-content\/uploads\/2022\/05\/usericon_musikzeitung-96x96.jpg","contentUrl":"https:\/\/www.musikzeitung.ch\/wp-content\/uploads\/2022\/05\/usericon_musikzeitung-96x96.jpg","caption":"Musikzeitung-Redaktion"},"url":"https:\/\/www.musikzeitung.ch\/en\/author\/admin"}]}},"publishpress_future_workflow_manual_trigger":{"enabledWorkflows":[]},"_links":{"self":[{"href":"https:\/\/www.musikzeitung.ch\/en\/wp-json\/wp\/v2\/posts\/759","targetHints":{"allow":["GET"]}}],"collection":[{"href":"https:\/\/www.musikzeitung.ch\/en\/wp-json\/wp\/v2\/posts"}],"about":[{"href":"https:\/\/www.musikzeitung.ch\/en\/wp-json\/wp\/v2\/types\/post"}],"author":[{"embeddable":true,"href":"https:\/\/www.musikzeitung.ch\/en\/wp-json\/wp\/v2\/users\/1"}],"replies":[{"embeddable":true,"href":"https:\/\/www.musikzeitung.ch\/en\/wp-json\/wp\/v2\/comments?post=759"}],"version-history":[{"count":2,"href":"https:\/\/www.musikzeitung.ch\/en\/wp-json\/wp\/v2\/posts\/759\/revisions"}],"predecessor-version":[{"id":59846,"href":"https:\/\/www.musikzeitung.ch\/en\/wp-json\/wp\/v2\/posts\/759\/revisions\/59846"}],"wp:featuredmedia":[{"embeddable":true,"href":"https:\/\/www.musikzeitung.ch\/en\/wp-json\/wp\/v2\/media\/760"}],"wp:attachment":[{"href":"https:\/\/www.musikzeitung.ch\/en\/wp-json\/wp\/v2\/media?parent=759"}],"wp:term":[{"taxonomy":"category","embeddable":true,"href":"https:\/\/www.musikzeitung.ch\/en\/wp-json\/wp\/v2\/categories?post=759"},{"taxonomy":"post_tag","embeddable":true,"href":"https:\/\/www.musikzeitung.ch\/en\/wp-json\/wp\/v2\/tags?post=759"}],"curies":[{"name":"wp","href":"https:\/\/api.w.org\/{rel}","templated":true}]}}