{"id":761,"date":"2018-09-05T00:00:00","date_gmt":"2018-09-04T23:00:00","guid":{"rendered":"https:\/\/www.musikzeitung.ch\/allgemein\/rebecca-saunders-erhaelt-roche-commissions\/"},"modified":"2018-09-05T00:00:00","modified_gmt":"2018-09-04T23:00:00","slug":"rebecca-saunders-erhaelt-roche-commissions","status":"publish","type":"post","link":"https:\/\/www.musikzeitung.ch\/en\/anlaesse\/2018\/09\/rebecca-saunders-erhaelt-roche-commissions","title":{"rendered":"Rebecca Saunders receives \"Roche Commissions\""},"content":{"rendered":"<figure style=\"width: 1200px\" class=\"wp-caption alignnone\"><img decoding=\"async\" class=\"size-full\" src=\"https:\/\/www.musikzeitung.ch\/wp-content\/uploads\/2023\/01\/Rebecca-Saunders-2018-Foto-2-Astrid-Ackermann-klein-1.jpg\" alt=\"\" \/><figcaption class=\"wp-caption-text\">Photo: \u00a9 Astrid Ackermann\/Edition Peters<\/figcaption><\/figure>\n<div class='text-section'>\n<p>Born in London in 1967, Rebecca Saunders studied with Nigel Osborne in Edinburgh and with Wolfgang Rihm in Karlsruhe. Her music stands for \"the finest musical gestures and sounds, the exploration of never-before-heard timbres and the spatialization of musical progressions\". She has been awarded the Mauricio Kagel Music Prize and the Ernst von Siemens Music Prize, among others.<\/p>\n<p>Since 2003, a work has been commissioned from a world-renowned composer every two years as part of the \"Roche Commissions\". Saunders was chosen by Roche at the suggestion of the Lucerne Festival Artistic Director. The world premiere of her work will take place during the 2020 Summer Festival.<\/p>\n<\/div>","protected":false},"excerpt":{"rendered":"<p><strong>British composer Rebecca Saunders receives the tenth commission from the Roche Commissions. The ninth, \"Reading Malevich\" by Peter E\u00f6tv\u00f6s, was premiered by the Lucerne Festival Academy Orchestra under Matthias Pintscher on September 1.<\/strong><\/p>","protected":false},"author":1,"featured_media":762,"comment_status":"open","ping_status":"open","sticky":false,"template":"","format":"standard","meta":{"_acf_changed":false,"_relevanssi_hide_post":"","_relevanssi_hide_content":"","_relevanssi_pin_for_all":"","_relevanssi_pin_keywords":"","_relevanssi_unpin_keywords":"","_relevanssi_related_keywords":"","_relevanssi_related_include_ids":"","_relevanssi_related_exclude_ids":"","_relevanssi_related_no_append":"","_relevanssi_related_not_related":"","_relevanssi_related_posts":"","_relevanssi_noindex_reason":"","pgc_sgb_lightbox_settings":"","footnotes":""},"categories":[2,57],"tags":[],"class_list":["post-761","post","type-post","status-publish","format-standard","has-post-thumbnail","hentry","category-anlaesse","category-klassik"],"acf":[],"yoast_head":"<!-- This site is optimized with the Yoast SEO plugin v27.5 - https:\/\/yoast.com\/product\/yoast-seo-wordpress\/ -->\n<title>Rebecca Saunders erh\u00e4lt \u00abRoche Commissions\u00bb - Schweizer Musikzeitung<\/title>\n<meta name=\"robots\" content=\"index, follow, max-snippet:-1, max-image-preview:large, max-video-preview:-1\" \/>\n<link rel=\"canonical\" href=\"https:\/\/www.musikzeitung.ch\/en\/anlaesse\/2018\/09\/rebecca-saunders-erhaelt-roche-commissions\/\" \/>\n<meta property=\"og:locale\" content=\"en_US\" \/>\n<meta property=\"og:type\" content=\"article\" \/>\n<meta property=\"og:title\" content=\"Rebecca Saunders erh\u00e4lt \u00abRoche Commissions\u00bb - Schweizer Musikzeitung\" \/>\n<meta property=\"og:description\" content=\"Die Britin Rebecca Saunders erh\u00e4lt den zehnten Kompositionsauftrag der \u00abRoche Commissions\u00bb. Das neunte, \u00abReading Malevich\u00bb von Peter E\u00f6tv\u00f6s, wurde am 1. September vom Orchester der Lucerne Festival Academy unter Matthias Pintscher uraufgef\u00fchrt.\" \/>\n<meta property=\"og:url\" content=\"https:\/\/www.musikzeitung.ch\/en\/anlaesse\/2018\/09\/rebecca-saunders-erhaelt-roche-commissions\/\" \/>\n<meta property=\"og:site_name\" content=\"Schweizer Musikzeitung\" \/>\n<meta property=\"article:publisher\" content=\"https:\/\/www.facebook.com\/SchweizerMusikzeitung\/\" \/>\n<meta property=\"article:published_time\" content=\"2018-09-04T23:00:00+00:00\" \/>\n<meta property=\"og:image\" content=\"https:\/\/www.musikzeitung.ch\/wp-content\/uploads\/2023\/01\/Rebecca-Saunders-2018-Foto-2-Astrid-Ackermann-klein-1.jpg\" \/>\n\t<meta property=\"og:image:width\" content=\"554\" \/>\n\t<meta property=\"og:image:height\" content=\"369\" \/>\n\t<meta property=\"og:image:type\" content=\"image\/jpeg\" \/>\n<meta name=\"author\" content=\"Musikzeitung-Redaktion\" \/>\n<meta name=\"twitter:card\" content=\"summary_large_image\" \/>\n<meta name=\"twitter:creator\" content=\"@smusikzeitung\" \/>\n<meta name=\"twitter:site\" content=\"@smusikzeitung\" \/>\n<meta name=\"twitter:label1\" content=\"Written by\" \/>\n\t<meta name=\"twitter:data1\" content=\"Musikzeitung-Redaktion\" \/>\n\t<meta name=\"twitter:label2\" content=\"Est. reading time\" \/>\n\t<meta name=\"twitter:data2\" content=\"1 minute\" \/>\n<script type=\"application\/ld+json\" class=\"yoast-schema-graph\">{\"@context\":\"https:\\\/\\\/schema.org\",\"@graph\":[{\"@type\":\"Article\",\"@id\":\"https:\\\/\\\/www.musikzeitung.ch\\\/anlaesse\\\/2018\\\/09\\\/rebecca-saunders-erhaelt-roche-commissions#article\",\"isPartOf\":{\"@id\":\"https:\\\/\\\/www.musikzeitung.ch\\\/anlaesse\\\/2018\\\/09\\\/rebecca-saunders-erhaelt-roche-commissions\"},\"author\":{\"name\":\"Musikzeitung-Redaktion\",\"@id\":\"https:\\\/\\\/www.musikzeitung.ch\\\/#\\\/schema\\\/person\\\/b2fd892c800856270b9dcc6001265712\"},\"headline\":\"Rebecca Saunders erh\u00e4lt \u00abRoche Commissions\u00bb\",\"datePublished\":\"2018-09-04T23:00:00+00:00\",\"mainEntityOfPage\":{\"@id\":\"https:\\\/\\\/www.musikzeitung.ch\\\/anlaesse\\\/2018\\\/09\\\/rebecca-saunders-erhaelt-roche-commissions\"},\"wordCount\":122,\"commentCount\":0,\"publisher\":{\"@id\":\"https:\\\/\\\/www.musikzeitung.ch\\\/#organization\"},\"image\":{\"@id\":\"https:\\\/\\\/www.musikzeitung.ch\\\/anlaesse\\\/2018\\\/09\\\/rebecca-saunders-erhaelt-roche-commissions#primaryimage\"},\"thumbnailUrl\":\"https:\\\/\\\/www.musikzeitung.ch\\\/wp-content\\\/uploads\\\/2023\\\/01\\\/Rebecca-Saunders-2018-Foto-2-Astrid-Ackermann-klein-1.jpg\",\"articleSection\":[\"Anl\u00e4sse\",\"Klassik\"],\"inLanguage\":\"en-US\"},{\"@type\":\"WebPage\",\"@id\":\"https:\\\/\\\/www.musikzeitung.ch\\\/anlaesse\\\/2018\\\/09\\\/rebecca-saunders-erhaelt-roche-commissions\",\"url\":\"https:\\\/\\\/www.musikzeitung.ch\\\/anlaesse\\\/2018\\\/09\\\/rebecca-saunders-erhaelt-roche-commissions\",\"name\":\"Rebecca Saunders erh\u00e4lt \u00abRoche Commissions\u00bb - Schweizer Musikzeitung\",\"isPartOf\":{\"@id\":\"https:\\\/\\\/www.musikzeitung.ch\\\/#website\"},\"primaryImageOfPage\":{\"@id\":\"https:\\\/\\\/www.musikzeitung.ch\\\/anlaesse\\\/2018\\\/09\\\/rebecca-saunders-erhaelt-roche-commissions#primaryimage\"},\"image\":{\"@id\":\"https:\\\/\\\/www.musikzeitung.ch\\\/anlaesse\\\/2018\\\/09\\\/rebecca-saunders-erhaelt-roche-commissions#primaryimage\"},\"thumbnailUrl\":\"https:\\\/\\\/www.musikzeitung.ch\\\/wp-content\\\/uploads\\\/2023\\\/01\\\/Rebecca-Saunders-2018-Foto-2-Astrid-Ackermann-klein-1.jpg\",\"datePublished\":\"2018-09-04T23:00:00+00:00\",\"breadcrumb\":{\"@id\":\"https:\\\/\\\/www.musikzeitung.ch\\\/anlaesse\\\/2018\\\/09\\\/rebecca-saunders-erhaelt-roche-commissions#breadcrumb\"},\"inLanguage\":\"en-US\",\"potentialAction\":[{\"@type\":\"ReadAction\",\"target\":[\"https:\\\/\\\/www.musikzeitung.ch\\\/anlaesse\\\/2018\\\/09\\\/rebecca-saunders-erhaelt-roche-commissions\"]}]},{\"@type\":\"ImageObject\",\"inLanguage\":\"en-US\",\"@id\":\"https:\\\/\\\/www.musikzeitung.ch\\\/anlaesse\\\/2018\\\/09\\\/rebecca-saunders-erhaelt-roche-commissions#primaryimage\",\"url\":\"https:\\\/\\\/www.musikzeitung.ch\\\/wp-content\\\/uploads\\\/2023\\\/01\\\/Rebecca-Saunders-2018-Foto-2-Astrid-Ackermann-klein-1.jpg\",\"contentUrl\":\"https:\\\/\\\/www.musikzeitung.ch\\\/wp-content\\\/uploads\\\/2023\\\/01\\\/Rebecca-Saunders-2018-Foto-2-Astrid-Ackermann-klein-1.jpg\",\"width\":554,\"height\":369},{\"@type\":\"BreadcrumbList\",\"@id\":\"https:\\\/\\\/www.musikzeitung.ch\\\/anlaesse\\\/2018\\\/09\\\/rebecca-saunders-erhaelt-roche-commissions#breadcrumb\",\"itemListElement\":[{\"@type\":\"ListItem\",\"position\":1,\"name\":\"Home\",\"item\":\"https:\\\/\\\/www.musikzeitung.ch\\\/\"},{\"@type\":\"ListItem\",\"position\":2,\"name\":\"Rebecca Saunders erh\u00e4lt \u00abRoche Commissions\u00bb\"}]},{\"@type\":\"WebSite\",\"@id\":\"https:\\\/\\\/www.musikzeitung.ch\\\/#website\",\"url\":\"https:\\\/\\\/www.musikzeitung.ch\\\/\",\"name\":\"Schweizer Musikzeitung\",\"description\":\"Die f\u00fchrende sparten\u00fcbergreifende Monatszeitung in der Schweiz f\u00fcr musikalische Fragen.\",\"publisher\":{\"@id\":\"https:\\\/\\\/www.musikzeitung.ch\\\/#organization\"},\"potentialAction\":[{\"@type\":\"SearchAction\",\"target\":{\"@type\":\"EntryPoint\",\"urlTemplate\":\"https:\\\/\\\/www.musikzeitung.ch\\\/?s={search_term_string}\"},\"query-input\":{\"@type\":\"PropertyValueSpecification\",\"valueRequired\":true,\"valueName\":\"search_term_string\"}}],\"inLanguage\":\"en-US\"},{\"@type\":\"Organization\",\"@id\":\"https:\\\/\\\/www.musikzeitung.ch\\\/#organization\",\"name\":\"Schweizer Musikzeitung\",\"url\":\"https:\\\/\\\/www.musikzeitung.ch\\\/\",\"logo\":{\"@type\":\"ImageObject\",\"inLanguage\":\"en-US\",\"@id\":\"https:\\\/\\\/www.musikzeitung.ch\\\/#\\\/schema\\\/logo\\\/image\\\/\",\"url\":\"https:\\\/\\\/www.musikzeitung.ch\\\/wp-content\\\/uploads\\\/2023\\\/01\\\/SMZ_Schriftzug_Sprache.png\",\"contentUrl\":\"https:\\\/\\\/www.musikzeitung.ch\\\/wp-content\\\/uploads\\\/2023\\\/01\\\/SMZ_Schriftzug_Sprache.png\",\"width\":1400,\"height\":279,\"caption\":\"Schweizer Musikzeitung\"},\"image\":{\"@id\":\"https:\\\/\\\/www.musikzeitung.ch\\\/#\\\/schema\\\/logo\\\/image\\\/\"},\"sameAs\":[\"https:\\\/\\\/www.facebook.com\\\/SchweizerMusikzeitung\\\/\",\"https:\\\/\\\/x.com\\\/smusikzeitung\",\"https:\\\/\\\/www.instagram.com\\\/musikzeitung.ch\\\/\"]},{\"@type\":\"Person\",\"@id\":\"https:\\\/\\\/www.musikzeitung.ch\\\/#\\\/schema\\\/person\\\/b2fd892c800856270b9dcc6001265712\",\"name\":\"Musikzeitung-Redaktion\",\"image\":{\"@type\":\"ImageObject\",\"inLanguage\":\"en-US\",\"@id\":\"https:\\\/\\\/www.musikzeitung.ch\\\/wp-content\\\/uploads\\\/2022\\\/05\\\/usericon_musikzeitung-96x96.jpg\",\"url\":\"https:\\\/\\\/www.musikzeitung.ch\\\/wp-content\\\/uploads\\\/2022\\\/05\\\/usericon_musikzeitung-96x96.jpg\",\"contentUrl\":\"https:\\\/\\\/www.musikzeitung.ch\\\/wp-content\\\/uploads\\\/2022\\\/05\\\/usericon_musikzeitung-96x96.jpg\",\"caption\":\"Musikzeitung-Redaktion\"},\"url\":\"https:\\\/\\\/www.musikzeitung.ch\\\/en\\\/author\\\/admin\"}]}<\/script>\n<!-- \/ Yoast SEO plugin. -->","yoast_head_json":{"title":"Rebecca Saunders erh\u00e4lt \u00abRoche Commissions\u00bb - Schweizer Musikzeitung","robots":{"index":"index","follow":"follow","max-snippet":"max-snippet:-1","max-image-preview":"max-image-preview:large","max-video-preview":"max-video-preview:-1"},"canonical":"https:\/\/www.musikzeitung.ch\/en\/anlaesse\/2018\/09\/rebecca-saunders-erhaelt-roche-commissions\/","og_locale":"en_US","og_type":"article","og_title":"Rebecca Saunders erh\u00e4lt \u00abRoche Commissions\u00bb - Schweizer Musikzeitung","og_description":"Die Britin Rebecca Saunders erh\u00e4lt den zehnten Kompositionsauftrag der \u00abRoche Commissions\u00bb. Das neunte, \u00abReading Malevich\u00bb von Peter E\u00f6tv\u00f6s, wurde am 1. September vom Orchester der Lucerne Festival Academy unter Matthias Pintscher uraufgef\u00fchrt.","og_url":"https:\/\/www.musikzeitung.ch\/en\/anlaesse\/2018\/09\/rebecca-saunders-erhaelt-roche-commissions\/","og_site_name":"Schweizer Musikzeitung","article_publisher":"https:\/\/www.facebook.com\/SchweizerMusikzeitung\/","article_published_time":"2018-09-04T23:00:00+00:00","og_image":[{"width":554,"height":369,"url":"https:\/\/www.musikzeitung.ch\/wp-content\/uploads\/2023\/01\/Rebecca-Saunders-2018-Foto-2-Astrid-Ackermann-klein-1.jpg","type":"image\/jpeg"}],"author":"Musikzeitung-Redaktion","twitter_card":"summary_large_image","twitter_creator":"@smusikzeitung","twitter_site":"@smusikzeitung","twitter_misc":{"Written by":"Musikzeitung-Redaktion","Est. reading time":"1 minute"},"schema":{"@context":"https:\/\/schema.org","@graph":[{"@type":"Article","@id":"https:\/\/www.musikzeitung.ch\/anlaesse\/2018\/09\/rebecca-saunders-erhaelt-roche-commissions#article","isPartOf":{"@id":"https:\/\/www.musikzeitung.ch\/anlaesse\/2018\/09\/rebecca-saunders-erhaelt-roche-commissions"},"author":{"name":"Musikzeitung-Redaktion","@id":"https:\/\/www.musikzeitung.ch\/#\/schema\/person\/b2fd892c800856270b9dcc6001265712"},"headline":"Rebecca Saunders erh\u00e4lt \u00abRoche Commissions\u00bb","datePublished":"2018-09-04T23:00:00+00:00","mainEntityOfPage":{"@id":"https:\/\/www.musikzeitung.ch\/anlaesse\/2018\/09\/rebecca-saunders-erhaelt-roche-commissions"},"wordCount":122,"commentCount":0,"publisher":{"@id":"https:\/\/www.musikzeitung.ch\/#organization"},"image":{"@id":"https:\/\/www.musikzeitung.ch\/anlaesse\/2018\/09\/rebecca-saunders-erhaelt-roche-commissions#primaryimage"},"thumbnailUrl":"https:\/\/www.musikzeitung.ch\/wp-content\/uploads\/2023\/01\/Rebecca-Saunders-2018-Foto-2-Astrid-Ackermann-klein-1.jpg","articleSection":["Anl\u00e4sse","Klassik"],"inLanguage":"en-US"},{"@type":"WebPage","@id":"https:\/\/www.musikzeitung.ch\/anlaesse\/2018\/09\/rebecca-saunders-erhaelt-roche-commissions","url":"https:\/\/www.musikzeitung.ch\/anlaesse\/2018\/09\/rebecca-saunders-erhaelt-roche-commissions","name":"Rebecca Saunders erh\u00e4lt \u00abRoche Commissions\u00bb - Schweizer Musikzeitung","isPartOf":{"@id":"https:\/\/www.musikzeitung.ch\/#website"},"primaryImageOfPage":{"@id":"https:\/\/www.musikzeitung.ch\/anlaesse\/2018\/09\/rebecca-saunders-erhaelt-roche-commissions#primaryimage"},"image":{"@id":"https:\/\/www.musikzeitung.ch\/anlaesse\/2018\/09\/rebecca-saunders-erhaelt-roche-commissions#primaryimage"},"thumbnailUrl":"https:\/\/www.musikzeitung.ch\/wp-content\/uploads\/2023\/01\/Rebecca-Saunders-2018-Foto-2-Astrid-Ackermann-klein-1.jpg","datePublished":"2018-09-04T23:00:00+00:00","breadcrumb":{"@id":"https:\/\/www.musikzeitung.ch\/anlaesse\/2018\/09\/rebecca-saunders-erhaelt-roche-commissions#breadcrumb"},"inLanguage":"en-US","potentialAction":[{"@type":"ReadAction","target":["https:\/\/www.musikzeitung.ch\/anlaesse\/2018\/09\/rebecca-saunders-erhaelt-roche-commissions"]}]},{"@type":"ImageObject","inLanguage":"en-US","@id":"https:\/\/www.musikzeitung.ch\/anlaesse\/2018\/09\/rebecca-saunders-erhaelt-roche-commissions#primaryimage","url":"https:\/\/www.musikzeitung.ch\/wp-content\/uploads\/2023\/01\/Rebecca-Saunders-2018-Foto-2-Astrid-Ackermann-klein-1.jpg","contentUrl":"https:\/\/www.musikzeitung.ch\/wp-content\/uploads\/2023\/01\/Rebecca-Saunders-2018-Foto-2-Astrid-Ackermann-klein-1.jpg","width":554,"height":369},{"@type":"BreadcrumbList","@id":"https:\/\/www.musikzeitung.ch\/anlaesse\/2018\/09\/rebecca-saunders-erhaelt-roche-commissions#breadcrumb","itemListElement":[{"@type":"ListItem","position":1,"name":"Home","item":"https:\/\/www.musikzeitung.ch\/"},{"@type":"ListItem","position":2,"name":"Rebecca Saunders erh\u00e4lt \u00abRoche Commissions\u00bb"}]},{"@type":"WebSite","@id":"https:\/\/www.musikzeitung.ch\/#website","url":"https:\/\/www.musikzeitung.ch\/","name":"Swiss Music Newspaper","description":"The leading interdisciplinary monthly newspaper in Switzerland for musical issues.","publisher":{"@id":"https:\/\/www.musikzeitung.ch\/#organization"},"potentialAction":[{"@type":"SearchAction","target":{"@type":"EntryPoint","urlTemplate":"https:\/\/www.musikzeitung.ch\/?s={search_term_string}"},"query-input":{"@type":"PropertyValueSpecification","valueRequired":true,"valueName":"search_term_string"}}],"inLanguage":"en-US"},{"@type":"Organization","@id":"https:\/\/www.musikzeitung.ch\/#organization","name":"Swiss Music Newspaper","url":"https:\/\/www.musikzeitung.ch\/","logo":{"@type":"ImageObject","inLanguage":"en-US","@id":"https:\/\/www.musikzeitung.ch\/#\/schema\/logo\/image\/","url":"https:\/\/www.musikzeitung.ch\/wp-content\/uploads\/2023\/01\/SMZ_Schriftzug_Sprache.png","contentUrl":"https:\/\/www.musikzeitung.ch\/wp-content\/uploads\/2023\/01\/SMZ_Schriftzug_Sprache.png","width":1400,"height":279,"caption":"Schweizer Musikzeitung"},"image":{"@id":"https:\/\/www.musikzeitung.ch\/#\/schema\/logo\/image\/"},"sameAs":["https:\/\/www.facebook.com\/SchweizerMusikzeitung\/","https:\/\/x.com\/smusikzeitung","https:\/\/www.instagram.com\/musikzeitung.ch\/"]},{"@type":"Person","@id":"https:\/\/www.musikzeitung.ch\/#\/schema\/person\/b2fd892c800856270b9dcc6001265712","name":"Music newspaper editorial office","image":{"@type":"ImageObject","inLanguage":"en-US","@id":"https:\/\/www.musikzeitung.ch\/wp-content\/uploads\/2022\/05\/usericon_musikzeitung-96x96.jpg","url":"https:\/\/www.musikzeitung.ch\/wp-content\/uploads\/2022\/05\/usericon_musikzeitung-96x96.jpg","contentUrl":"https:\/\/www.musikzeitung.ch\/wp-content\/uploads\/2022\/05\/usericon_musikzeitung-96x96.jpg","caption":"Musikzeitung-Redaktion"},"url":"https:\/\/www.musikzeitung.ch\/en\/author\/admin"}]}},"publishpress_future_workflow_manual_trigger":{"enabledWorkflows":[]},"_links":{"self":[{"href":"https:\/\/www.musikzeitung.ch\/en\/wp-json\/wp\/v2\/posts\/761","targetHints":{"allow":["GET"]}}],"collection":[{"href":"https:\/\/www.musikzeitung.ch\/en\/wp-json\/wp\/v2\/posts"}],"about":[{"href":"https:\/\/www.musikzeitung.ch\/en\/wp-json\/wp\/v2\/types\/post"}],"author":[{"embeddable":true,"href":"https:\/\/www.musikzeitung.ch\/en\/wp-json\/wp\/v2\/users\/1"}],"replies":[{"embeddable":true,"href":"https:\/\/www.musikzeitung.ch\/en\/wp-json\/wp\/v2\/comments?post=761"}],"version-history":[{"count":0,"href":"https:\/\/www.musikzeitung.ch\/en\/wp-json\/wp\/v2\/posts\/761\/revisions"}],"wp:featuredmedia":[{"embeddable":true,"href":"https:\/\/www.musikzeitung.ch\/en\/wp-json\/wp\/v2\/media\/762"}],"wp:attachment":[{"href":"https:\/\/www.musikzeitung.ch\/en\/wp-json\/wp\/v2\/media?parent=761"}],"wp:term":[{"taxonomy":"category","embeddable":true,"href":"https:\/\/www.musikzeitung.ch\/en\/wp-json\/wp\/v2\/categories?post=761"},{"taxonomy":"post_tag","embeddable":true,"href":"https:\/\/www.musikzeitung.ch\/en\/wp-json\/wp\/v2\/tags?post=761"}],"curies":[{"name":"wp","href":"https:\/\/api.w.org\/{rel}","templated":true}]}}