{"id":773,"date":"2018-06-12T00:00:00","date_gmt":"2018-06-11T23:00:00","guid":{"rendered":"https:\/\/www.musikzeitung.ch\/allgemein\/orchester-vom-see-verpflichtet-raphael-honegger\/"},"modified":"2023-09-13T15:52:10","modified_gmt":"2023-09-13T13:52:10","slug":"orchester-vom-see-verpflichtet-raphael-honegger","status":"publish","type":"post","link":"https:\/\/www.musikzeitung.ch\/en\/anlaesse\/klassik\/2018\/06\/orchester-vom-see-verpflichtet-raphael-honegger","title":{"rendered":"Orchestra from the lake hires Raphael Honegger"},"content":{"rendered":"<p><img decoding=\"async\" class=\"size-full\" src=\"https:\/\/www.musikzeitung.ch\/wp-content\/uploads\/2023\/01\/rh-6.jpg\" alt=\"\" \/><\/p>\n<div class=\"text-section\">\n<p>The award-winning Raphael Honegger studied orchestral conducting at the ZHdK under Johannes Schlaefli and physics at the ETH Zurich.<\/p>\n<p>The Orchester vom See forms a bridge for young professional musicians and music students from their music studies to membership of one of the major orchestras (including the Tonhalle Zurich, Philharmonia Zurich, Shanghai Symphony Orchestra and Melbourne Symphony Orchestra) or to a career as a soloist. It performs challenging works from the baroque, classical, romantic and modern periods as well as works by the W\u00e4denswil organist Fritz St\u00fcssi (1874 - 1923).<\/p>\n<p>Young professional musicians or music students under the age of 30, with at least a Bachelor's degree, who would like to play in the Orchester vom See from the November 2018 project can apply by July 5, 2018 with a detailed CV by e-mail:\u00a0 <a href=\"mailto:us@orchestervomsee.ch\">us@orchestervomsee.ch<\/a><br \/>\nAddendum September 13, 2023: The orchestra is now called the Zurich Chamber Philharmonic Orchestra: <a href=\"https:\/\/www.zuercherkammerphilharmonie.ch\/orchester\" target=\"_blank\" rel=\"noopener\">https:\/\/www.zuercherkammerphilharmonie.ch\/orchester<\/a><\/p>\n<p>It is managed by Dominic Limburg.<\/p>\n<\/div>","protected":false},"excerpt":{"rendered":"<p><strong>The Orchester vom See, founded in 2011 by Ulrich St\u00fcssi in the Lake Zurich region and previously conducted by him, has a new conductor in Raphael Maximilian Honegger. The symphony orchestra comprises around fifty professional musicians and some students.<\/strong><\/p>","protected":false},"author":1,"featured_media":774,"comment_status":"closed","ping_status":"closed","sticky":false,"template":"","format":"standard","meta":{"_acf_changed":false,"_relevanssi_hide_post":"","_relevanssi_hide_content":"","_relevanssi_pin_for_all":"","_relevanssi_pin_keywords":"","_relevanssi_unpin_keywords":"","_relevanssi_related_keywords":"","_relevanssi_related_include_ids":"","_relevanssi_related_exclude_ids":"","_relevanssi_related_no_append":"","_relevanssi_related_not_related":"","_relevanssi_related_posts":"","_relevanssi_noindex_reason":"","pgc_sgb_lightbox_settings":"","footnotes":""},"categories":[57,27],"tags":[],"class_list":["post-773","post","type-post","status-publish","format-standard","has-post-thumbnail","hentry","category-klassik","category-news"],"acf":[],"yoast_head":"<!-- This site is optimized with the Yoast SEO plugin v27.4 - https:\/\/yoast.com\/product\/yoast-seo-wordpress\/ -->\n<title>Orchester vom See verpflichtet Raphael Honegger - Schweizer Musikzeitung<\/title>\n<meta name=\"description\" content=\"Das 2011 von Ulrich St\u00fcssi in der Region Z\u00fcrichsee gegr\u00fcndete und bisher geleitete Orchester vom See hat mit Raphael Maximilian Honegger einen neuen Dirigenten.\" \/>\n<meta name=\"robots\" content=\"index, follow, max-snippet:-1, max-image-preview:large, max-video-preview:-1\" \/>\n<link rel=\"canonical\" href=\"https:\/\/www.musikzeitung.ch\/en\/anlaesse\/klassik\/2018\/06\/orchester-vom-see-verpflichtet-raphael-honegger\/\" \/>\n<meta property=\"og:locale\" content=\"en_US\" \/>\n<meta property=\"og:type\" content=\"article\" \/>\n<meta property=\"og:title\" content=\"Orchester vom See verpflichtet Raphael Honegger - Schweizer Musikzeitung\" \/>\n<meta property=\"og:description\" content=\"Das 2011 von Ulrich St\u00fcssi in der Region Z\u00fcrichsee gegr\u00fcndete und bisher geleitete Orchester vom See hat mit Raphael Maximilian Honegger einen neuen Dirigenten.\" \/>\n<meta property=\"og:url\" content=\"https:\/\/www.musikzeitung.ch\/en\/anlaesse\/klassik\/2018\/06\/orchester-vom-see-verpflichtet-raphael-honegger\/\" \/>\n<meta property=\"og:site_name\" content=\"Schweizer Musikzeitung\" \/>\n<meta property=\"article:publisher\" content=\"https:\/\/www.facebook.com\/SchweizerMusikzeitung\/\" \/>\n<meta property=\"article:published_time\" content=\"2018-06-11T23:00:00+00:00\" \/>\n<meta property=\"article:modified_time\" content=\"2023-09-13T13:52:10+00:00\" \/>\n<meta property=\"og:image\" content=\"https:\/\/www.musikzeitung.ch\/wp-content\/uploads\/2023\/01\/rh-6.jpg\" \/>\n\t<meta property=\"og:image:width\" content=\"554\" \/>\n\t<meta property=\"og:image:height\" content=\"391\" \/>\n\t<meta property=\"og:image:type\" content=\"image\/jpeg\" \/>\n<meta name=\"author\" content=\"Musikzeitung-Redaktion\" \/>\n<meta name=\"twitter:card\" content=\"summary_large_image\" \/>\n<meta name=\"twitter:creator\" content=\"@smusikzeitung\" \/>\n<meta name=\"twitter:site\" content=\"@smusikzeitung\" \/>\n<meta name=\"twitter:label1\" content=\"Written by\" \/>\n\t<meta name=\"twitter:data1\" content=\"Musikzeitung-Redaktion\" \/>\n\t<meta name=\"twitter:label2\" content=\"Est. reading time\" \/>\n\t<meta name=\"twitter:data2\" content=\"1 minute\" \/>\n<script type=\"application\/ld+json\" class=\"yoast-schema-graph\">{\"@context\":\"https:\\\/\\\/schema.org\",\"@graph\":[{\"@type\":\"Article\",\"@id\":\"https:\\\/\\\/www.musikzeitung.ch\\\/anlaesse\\\/klassik\\\/2018\\\/06\\\/orchester-vom-see-verpflichtet-raphael-honegger#article\",\"isPartOf\":{\"@id\":\"https:\\\/\\\/www.musikzeitung.ch\\\/anlaesse\\\/klassik\\\/2018\\\/06\\\/orchester-vom-see-verpflichtet-raphael-honegger\"},\"author\":{\"name\":\"Musikzeitung-Redaktion\",\"@id\":\"https:\\\/\\\/www.musikzeitung.ch\\\/#\\\/schema\\\/person\\\/b2fd892c800856270b9dcc6001265712\"},\"headline\":\"Orchester vom See verpflichtet Raphael Honegger\",\"datePublished\":\"2018-06-11T23:00:00+00:00\",\"dateModified\":\"2023-09-13T13:52:10+00:00\",\"mainEntityOfPage\":{\"@id\":\"https:\\\/\\\/www.musikzeitung.ch\\\/anlaesse\\\/klassik\\\/2018\\\/06\\\/orchester-vom-see-verpflichtet-raphael-honegger\"},\"wordCount\":149,\"publisher\":{\"@id\":\"https:\\\/\\\/www.musikzeitung.ch\\\/#organization\"},\"image\":{\"@id\":\"https:\\\/\\\/www.musikzeitung.ch\\\/anlaesse\\\/klassik\\\/2018\\\/06\\\/orchester-vom-see-verpflichtet-raphael-honegger#primaryimage\"},\"thumbnailUrl\":\"https:\\\/\\\/www.musikzeitung.ch\\\/wp-content\\\/uploads\\\/2023\\\/01\\\/rh-6.jpg\",\"articleSection\":[\"Klassik\",\"News\"],\"inLanguage\":\"en-US\"},{\"@type\":\"WebPage\",\"@id\":\"https:\\\/\\\/www.musikzeitung.ch\\\/anlaesse\\\/klassik\\\/2018\\\/06\\\/orchester-vom-see-verpflichtet-raphael-honegger\",\"url\":\"https:\\\/\\\/www.musikzeitung.ch\\\/anlaesse\\\/klassik\\\/2018\\\/06\\\/orchester-vom-see-verpflichtet-raphael-honegger\",\"name\":\"Orchester vom See verpflichtet Raphael Honegger - Schweizer Musikzeitung\",\"isPartOf\":{\"@id\":\"https:\\\/\\\/www.musikzeitung.ch\\\/#website\"},\"primaryImageOfPage\":{\"@id\":\"https:\\\/\\\/www.musikzeitung.ch\\\/anlaesse\\\/klassik\\\/2018\\\/06\\\/orchester-vom-see-verpflichtet-raphael-honegger#primaryimage\"},\"image\":{\"@id\":\"https:\\\/\\\/www.musikzeitung.ch\\\/anlaesse\\\/klassik\\\/2018\\\/06\\\/orchester-vom-see-verpflichtet-raphael-honegger#primaryimage\"},\"thumbnailUrl\":\"https:\\\/\\\/www.musikzeitung.ch\\\/wp-content\\\/uploads\\\/2023\\\/01\\\/rh-6.jpg\",\"datePublished\":\"2018-06-11T23:00:00+00:00\",\"dateModified\":\"2023-09-13T13:52:10+00:00\",\"description\":\"Das 2011 von Ulrich St\u00fcssi in der Region Z\u00fcrichsee gegr\u00fcndete und bisher geleitete Orchester vom See hat mit Raphael Maximilian Honegger einen neuen Dirigenten.\",\"breadcrumb\":{\"@id\":\"https:\\\/\\\/www.musikzeitung.ch\\\/anlaesse\\\/klassik\\\/2018\\\/06\\\/orchester-vom-see-verpflichtet-raphael-honegger#breadcrumb\"},\"inLanguage\":\"en-US\",\"potentialAction\":[{\"@type\":\"ReadAction\",\"target\":[\"https:\\\/\\\/www.musikzeitung.ch\\\/anlaesse\\\/klassik\\\/2018\\\/06\\\/orchester-vom-see-verpflichtet-raphael-honegger\"]}]},{\"@type\":\"ImageObject\",\"inLanguage\":\"en-US\",\"@id\":\"https:\\\/\\\/www.musikzeitung.ch\\\/anlaesse\\\/klassik\\\/2018\\\/06\\\/orchester-vom-see-verpflichtet-raphael-honegger#primaryimage\",\"url\":\"https:\\\/\\\/www.musikzeitung.ch\\\/wp-content\\\/uploads\\\/2023\\\/01\\\/rh-6.jpg\",\"contentUrl\":\"https:\\\/\\\/www.musikzeitung.ch\\\/wp-content\\\/uploads\\\/2023\\\/01\\\/rh-6.jpg\",\"width\":554,\"height\":391},{\"@type\":\"BreadcrumbList\",\"@id\":\"https:\\\/\\\/www.musikzeitung.ch\\\/anlaesse\\\/klassik\\\/2018\\\/06\\\/orchester-vom-see-verpflichtet-raphael-honegger#breadcrumb\",\"itemListElement\":[{\"@type\":\"ListItem\",\"position\":1,\"name\":\"Home\",\"item\":\"https:\\\/\\\/www.musikzeitung.ch\\\/\"},{\"@type\":\"ListItem\",\"position\":2,\"name\":\"Orchester vom See verpflichtet Raphael Honegger\"}]},{\"@type\":\"WebSite\",\"@id\":\"https:\\\/\\\/www.musikzeitung.ch\\\/#website\",\"url\":\"https:\\\/\\\/www.musikzeitung.ch\\\/\",\"name\":\"Schweizer Musikzeitung\",\"description\":\"Die f\u00fchrende sparten\u00fcbergreifende Monatszeitung in der Schweiz f\u00fcr musikalische Fragen.\",\"publisher\":{\"@id\":\"https:\\\/\\\/www.musikzeitung.ch\\\/#organization\"},\"potentialAction\":[{\"@type\":\"SearchAction\",\"target\":{\"@type\":\"EntryPoint\",\"urlTemplate\":\"https:\\\/\\\/www.musikzeitung.ch\\\/?s={search_term_string}\"},\"query-input\":{\"@type\":\"PropertyValueSpecification\",\"valueRequired\":true,\"valueName\":\"search_term_string\"}}],\"inLanguage\":\"en-US\"},{\"@type\":\"Organization\",\"@id\":\"https:\\\/\\\/www.musikzeitung.ch\\\/#organization\",\"name\":\"Schweizer Musikzeitung\",\"url\":\"https:\\\/\\\/www.musikzeitung.ch\\\/\",\"logo\":{\"@type\":\"ImageObject\",\"inLanguage\":\"en-US\",\"@id\":\"https:\\\/\\\/www.musikzeitung.ch\\\/#\\\/schema\\\/logo\\\/image\\\/\",\"url\":\"https:\\\/\\\/www.musikzeitung.ch\\\/wp-content\\\/uploads\\\/2023\\\/01\\\/SMZ_Schriftzug_Sprache.png\",\"contentUrl\":\"https:\\\/\\\/www.musikzeitung.ch\\\/wp-content\\\/uploads\\\/2023\\\/01\\\/SMZ_Schriftzug_Sprache.png\",\"width\":1400,\"height\":279,\"caption\":\"Schweizer Musikzeitung\"},\"image\":{\"@id\":\"https:\\\/\\\/www.musikzeitung.ch\\\/#\\\/schema\\\/logo\\\/image\\\/\"},\"sameAs\":[\"https:\\\/\\\/www.facebook.com\\\/SchweizerMusikzeitung\\\/\",\"https:\\\/\\\/x.com\\\/smusikzeitung\",\"https:\\\/\\\/www.instagram.com\\\/musikzeitung.ch\\\/\"]},{\"@type\":\"Person\",\"@id\":\"https:\\\/\\\/www.musikzeitung.ch\\\/#\\\/schema\\\/person\\\/b2fd892c800856270b9dcc6001265712\",\"name\":\"Musikzeitung-Redaktion\",\"image\":{\"@type\":\"ImageObject\",\"inLanguage\":\"en-US\",\"@id\":\"https:\\\/\\\/www.musikzeitung.ch\\\/wp-content\\\/uploads\\\/2022\\\/05\\\/usericon_musikzeitung-96x96.jpg\",\"url\":\"https:\\\/\\\/www.musikzeitung.ch\\\/wp-content\\\/uploads\\\/2022\\\/05\\\/usericon_musikzeitung-96x96.jpg\",\"contentUrl\":\"https:\\\/\\\/www.musikzeitung.ch\\\/wp-content\\\/uploads\\\/2022\\\/05\\\/usericon_musikzeitung-96x96.jpg\",\"caption\":\"Musikzeitung-Redaktion\"},\"url\":\"https:\\\/\\\/www.musikzeitung.ch\\\/en\\\/author\\\/admin\"}]}<\/script>\n<!-- \/ Yoast SEO plugin. -->","yoast_head_json":{"title":"Orchester vom See signs Raphael Honegger - Schweizer Musikzeitung","description":"The Orchester vom See, founded in 2011 by Ulrich St\u00fcssi in the Lake Zurich region and previously conducted by him, has a new conductor in Raphael Maximilian Honegger.","robots":{"index":"index","follow":"follow","max-snippet":"max-snippet:-1","max-image-preview":"max-image-preview:large","max-video-preview":"max-video-preview:-1"},"canonical":"https:\/\/www.musikzeitung.ch\/en\/anlaesse\/klassik\/2018\/06\/orchester-vom-see-verpflichtet-raphael-honegger\/","og_locale":"en_US","og_type":"article","og_title":"Orchester vom See verpflichtet Raphael Honegger - Schweizer Musikzeitung","og_description":"Das 2011 von Ulrich St\u00fcssi in der Region Z\u00fcrichsee gegr\u00fcndete und bisher geleitete Orchester vom See hat mit Raphael Maximilian Honegger einen neuen Dirigenten.","og_url":"https:\/\/www.musikzeitung.ch\/en\/anlaesse\/klassik\/2018\/06\/orchester-vom-see-verpflichtet-raphael-honegger\/","og_site_name":"Schweizer Musikzeitung","article_publisher":"https:\/\/www.facebook.com\/SchweizerMusikzeitung\/","article_published_time":"2018-06-11T23:00:00+00:00","article_modified_time":"2023-09-13T13:52:10+00:00","og_image":[{"width":554,"height":391,"url":"https:\/\/www.musikzeitung.ch\/wp-content\/uploads\/2023\/01\/rh-6.jpg","type":"image\/jpeg"}],"author":"Musikzeitung-Redaktion","twitter_card":"summary_large_image","twitter_creator":"@smusikzeitung","twitter_site":"@smusikzeitung","twitter_misc":{"Written by":"Musikzeitung-Redaktion","Est. reading time":"1 minute"},"schema":{"@context":"https:\/\/schema.org","@graph":[{"@type":"Article","@id":"https:\/\/www.musikzeitung.ch\/anlaesse\/klassik\/2018\/06\/orchester-vom-see-verpflichtet-raphael-honegger#article","isPartOf":{"@id":"https:\/\/www.musikzeitung.ch\/anlaesse\/klassik\/2018\/06\/orchester-vom-see-verpflichtet-raphael-honegger"},"author":{"name":"Musikzeitung-Redaktion","@id":"https:\/\/www.musikzeitung.ch\/#\/schema\/person\/b2fd892c800856270b9dcc6001265712"},"headline":"Orchester vom See verpflichtet Raphael Honegger","datePublished":"2018-06-11T23:00:00+00:00","dateModified":"2023-09-13T13:52:10+00:00","mainEntityOfPage":{"@id":"https:\/\/www.musikzeitung.ch\/anlaesse\/klassik\/2018\/06\/orchester-vom-see-verpflichtet-raphael-honegger"},"wordCount":149,"publisher":{"@id":"https:\/\/www.musikzeitung.ch\/#organization"},"image":{"@id":"https:\/\/www.musikzeitung.ch\/anlaesse\/klassik\/2018\/06\/orchester-vom-see-verpflichtet-raphael-honegger#primaryimage"},"thumbnailUrl":"https:\/\/www.musikzeitung.ch\/wp-content\/uploads\/2023\/01\/rh-6.jpg","articleSection":["Klassik","News"],"inLanguage":"en-US"},{"@type":"WebPage","@id":"https:\/\/www.musikzeitung.ch\/anlaesse\/klassik\/2018\/06\/orchester-vom-see-verpflichtet-raphael-honegger","url":"https:\/\/www.musikzeitung.ch\/anlaesse\/klassik\/2018\/06\/orchester-vom-see-verpflichtet-raphael-honegger","name":"Orchester vom See signs Raphael Honegger - Schweizer Musikzeitung","isPartOf":{"@id":"https:\/\/www.musikzeitung.ch\/#website"},"primaryImageOfPage":{"@id":"https:\/\/www.musikzeitung.ch\/anlaesse\/klassik\/2018\/06\/orchester-vom-see-verpflichtet-raphael-honegger#primaryimage"},"image":{"@id":"https:\/\/www.musikzeitung.ch\/anlaesse\/klassik\/2018\/06\/orchester-vom-see-verpflichtet-raphael-honegger#primaryimage"},"thumbnailUrl":"https:\/\/www.musikzeitung.ch\/wp-content\/uploads\/2023\/01\/rh-6.jpg","datePublished":"2018-06-11T23:00:00+00:00","dateModified":"2023-09-13T13:52:10+00:00","description":"The Orchester vom See, founded in 2011 by Ulrich St\u00fcssi in the Lake Zurich region and previously conducted by him, has a new conductor in Raphael Maximilian Honegger.","breadcrumb":{"@id":"https:\/\/www.musikzeitung.ch\/anlaesse\/klassik\/2018\/06\/orchester-vom-see-verpflichtet-raphael-honegger#breadcrumb"},"inLanguage":"en-US","potentialAction":[{"@type":"ReadAction","target":["https:\/\/www.musikzeitung.ch\/anlaesse\/klassik\/2018\/06\/orchester-vom-see-verpflichtet-raphael-honegger"]}]},{"@type":"ImageObject","inLanguage":"en-US","@id":"https:\/\/www.musikzeitung.ch\/anlaesse\/klassik\/2018\/06\/orchester-vom-see-verpflichtet-raphael-honegger#primaryimage","url":"https:\/\/www.musikzeitung.ch\/wp-content\/uploads\/2023\/01\/rh-6.jpg","contentUrl":"https:\/\/www.musikzeitung.ch\/wp-content\/uploads\/2023\/01\/rh-6.jpg","width":554,"height":391},{"@type":"BreadcrumbList","@id":"https:\/\/www.musikzeitung.ch\/anlaesse\/klassik\/2018\/06\/orchester-vom-see-verpflichtet-raphael-honegger#breadcrumb","itemListElement":[{"@type":"ListItem","position":1,"name":"Home","item":"https:\/\/www.musikzeitung.ch\/"},{"@type":"ListItem","position":2,"name":"Orchester vom See verpflichtet Raphael Honegger"}]},{"@type":"WebSite","@id":"https:\/\/www.musikzeitung.ch\/#website","url":"https:\/\/www.musikzeitung.ch\/","name":"Swiss Music Newspaper","description":"The leading interdisciplinary monthly newspaper in Switzerland for musical issues.","publisher":{"@id":"https:\/\/www.musikzeitung.ch\/#organization"},"potentialAction":[{"@type":"SearchAction","target":{"@type":"EntryPoint","urlTemplate":"https:\/\/www.musikzeitung.ch\/?s={search_term_string}"},"query-input":{"@type":"PropertyValueSpecification","valueRequired":true,"valueName":"search_term_string"}}],"inLanguage":"en-US"},{"@type":"Organization","@id":"https:\/\/www.musikzeitung.ch\/#organization","name":"Swiss Music Newspaper","url":"https:\/\/www.musikzeitung.ch\/","logo":{"@type":"ImageObject","inLanguage":"en-US","@id":"https:\/\/www.musikzeitung.ch\/#\/schema\/logo\/image\/","url":"https:\/\/www.musikzeitung.ch\/wp-content\/uploads\/2023\/01\/SMZ_Schriftzug_Sprache.png","contentUrl":"https:\/\/www.musikzeitung.ch\/wp-content\/uploads\/2023\/01\/SMZ_Schriftzug_Sprache.png","width":1400,"height":279,"caption":"Schweizer Musikzeitung"},"image":{"@id":"https:\/\/www.musikzeitung.ch\/#\/schema\/logo\/image\/"},"sameAs":["https:\/\/www.facebook.com\/SchweizerMusikzeitung\/","https:\/\/x.com\/smusikzeitung","https:\/\/www.instagram.com\/musikzeitung.ch\/"]},{"@type":"Person","@id":"https:\/\/www.musikzeitung.ch\/#\/schema\/person\/b2fd892c800856270b9dcc6001265712","name":"Music newspaper editorial office","image":{"@type":"ImageObject","inLanguage":"en-US","@id":"https:\/\/www.musikzeitung.ch\/wp-content\/uploads\/2022\/05\/usericon_musikzeitung-96x96.jpg","url":"https:\/\/www.musikzeitung.ch\/wp-content\/uploads\/2022\/05\/usericon_musikzeitung-96x96.jpg","contentUrl":"https:\/\/www.musikzeitung.ch\/wp-content\/uploads\/2022\/05\/usericon_musikzeitung-96x96.jpg","caption":"Musikzeitung-Redaktion"},"url":"https:\/\/www.musikzeitung.ch\/en\/author\/admin"}]}},"publishpress_future_workflow_manual_trigger":{"enabledWorkflows":[]},"_links":{"self":[{"href":"https:\/\/www.musikzeitung.ch\/en\/wp-json\/wp\/v2\/posts\/773","targetHints":{"allow":["GET"]}}],"collection":[{"href":"https:\/\/www.musikzeitung.ch\/en\/wp-json\/wp\/v2\/posts"}],"about":[{"href":"https:\/\/www.musikzeitung.ch\/en\/wp-json\/wp\/v2\/types\/post"}],"author":[{"embeddable":true,"href":"https:\/\/www.musikzeitung.ch\/en\/wp-json\/wp\/v2\/users\/1"}],"replies":[{"embeddable":true,"href":"https:\/\/www.musikzeitung.ch\/en\/wp-json\/wp\/v2\/comments?post=773"}],"version-history":[{"count":2,"href":"https:\/\/www.musikzeitung.ch\/en\/wp-json\/wp\/v2\/posts\/773\/revisions"}],"predecessor-version":[{"id":47443,"href":"https:\/\/www.musikzeitung.ch\/en\/wp-json\/wp\/v2\/posts\/773\/revisions\/47443"}],"wp:featuredmedia":[{"embeddable":true,"href":"https:\/\/www.musikzeitung.ch\/en\/wp-json\/wp\/v2\/media\/774"}],"wp:attachment":[{"href":"https:\/\/www.musikzeitung.ch\/en\/wp-json\/wp\/v2\/media?parent=773"}],"wp:term":[{"taxonomy":"category","embeddable":true,"href":"https:\/\/www.musikzeitung.ch\/en\/wp-json\/wp\/v2\/categories?post=773"},{"taxonomy":"post_tag","embeddable":true,"href":"https:\/\/www.musikzeitung.ch\/en\/wp-json\/wp\/v2\/tags?post=773"}],"curies":[{"name":"wp","href":"https:\/\/api.w.org\/{rel}","templated":true}]}}