{"id":7837,"date":"2013-09-29T00:00:00","date_gmt":"2013-09-28T23:00:00","guid":{"rendered":"https:\/\/www.musikzeitung.ch\/allgemein\/7837\/"},"modified":"2024-09-23T10:49:12","modified_gmt":"2024-09-23T08:49:12","slug":"7837","status":"publish","type":"post","link":"https:\/\/www.musikzeitung.ch\/en\/rezensionen\/noten-rezensionen\/2013\/09\/7837","title":{"rendered":"Cheerful theme theft"},"content":{"rendered":"<figure id=\"attachment_58339\" aria-describedby=\"caption-attachment-58339\" style=\"width: 1664px\" class=\"wp-caption alignnone\"><img loading=\"lazy\" decoding=\"async\" class=\"wp-image-58339 size-full\" src=\"https:\/\/www.musikzeitung.ch\/wp-content\/uploads\/2013\/09\/CH-NB_-_Grafiken_Orts-_und_Landschaftsansichten_-_GS-GRAF-ANSI-AG-28.tif.jpg\" alt=\"\" width=\"1664\" height=\"1213\" srcset=\"https:\/\/www.musikzeitung.ch\/wp-content\/uploads\/2013\/09\/CH-NB_-_Grafiken_Orts-_und_Landschaftsansichten_-_GS-GRAF-ANSI-AG-28.tif.jpg 1372w, https:\/\/www.musikzeitung.ch\/wp-content\/uploads\/2013\/09\/CH-NB_-_Grafiken_Orts-_und_Landschaftsansichten_-_GS-GRAF-ANSI-AG-28.tif-300x219.jpg 300w, https:\/\/www.musikzeitung.ch\/wp-content\/uploads\/2013\/09\/CH-NB_-_Grafiken_Orts-_und_Landschaftsansichten_-_GS-GRAF-ANSI-AG-28.tif-1024x746.jpg 1024w, https:\/\/www.musikzeitung.ch\/wp-content\/uploads\/2013\/09\/CH-NB_-_Grafiken_Orts-_und_Landschaftsansichten_-_GS-GRAF-ANSI-AG-28.tif-768x560.jpg 768w, https:\/\/www.musikzeitung.ch\/wp-content\/uploads\/2013\/09\/CH-NB_-_Grafiken_Orts-_und_Landschaftsansichten_-_GS-GRAF-ANSI-AG-28.tif-1536x1120.jpg 1536w, https:\/\/www.musikzeitung.ch\/wp-content\/uploads\/2013\/09\/CH-NB_-_Grafiken_Orts-_und_Landschaftsansichten_-_GS-GRAF-ANSI-AG-28.tif-16x12.jpg 16w, https:\/\/www.musikzeitung.ch\/wp-content\/uploads\/2013\/09\/CH-NB_-_Grafiken_Orts-_und_Landschaftsansichten_-_GS-GRAF-ANSI-AG-28.tif-240x175.jpg 240w, https:\/\/www.musikzeitung.ch\/wp-content\/uploads\/2013\/09\/CH-NB_-_Grafiken_Orts-_und_Landschaftsansichten_-_GS-GRAF-ANSI-AG-28.tif-480x350.jpg 480w, https:\/\/www.musikzeitung.ch\/wp-content\/uploads\/2013\/09\/CH-NB_-_Grafiken_Orts-_und_Landschaftsansichten_-_GS-GRAF-ANSI-AG-28.tif-1097x800.jpg 1097w, https:\/\/www.musikzeitung.ch\/wp-content\/uploads\/2013\/09\/CH-NB_-_Grafiken_Orts-_und_Landschaftsansichten_-_GS-GRAF-ANSI-AG-28.tif-920x671.jpg 920w, https:\/\/www.musikzeitung.ch\/wp-content\/uploads\/2013\/09\/CH-NB_-_Grafiken_Orts-_und_Landschaftsansichten_-_GS-GRAF-ANSI-AG-28.tif-1400x1021.jpg 1400w\" sizes=\"auto, (max-width: 1664px) 100vw, 1664px\" \/><figcaption id=\"caption-attachment-58339\" class=\"wp-caption-text\">Fr\u00f6hlich's birthplace Brugg in the 1820s. Source: <a href=\"https:\/\/commons.wikimedia.org\/wiki\/File:CH-NB_-_Grafiken_Orts-_und_Landschaftsansichten_-_GS-GRAF-ANSI-AG-28.tif?page=1&amp;uselang=de\" target=\"_blank\" rel=\"noopener\">Swiss National Library\/wikimedia commons<\/a><\/figcaption><\/figure>\n<div class=\"text-section\">\n<p>While Norbert Burgm\u00fcller (1810-1836), who died in the same year, has been in the <em>Monuments of Rhenish music <\/em>is in good hands with a complete edition of his four string quartets, Friedrich Theodor Fr\u00f6hlich (1803-1836) from Aargau still has a hard time in this respect. Of the five contributions to the genre, which are among his main instrumental works, only the Quartet in E major, written in Berlin in 1827\/28, is available in print. It was edited from the autograph and provided with a preface by Carola Gloor, a Bruges music student and cellist. Her Matura thesis dedicated to Fr\u00f6hlich earned her the special prize with the rating \"outstanding\" <em>Swiss Youth in Science: Culture<\/em> of the 47th National Competition after revising the text with string quartet expert Antonio Baldassare.<\/p>\n<p>The first edition (score and parts), published in only 280 copies, is based on Carola Gloor's transcription of Fr\u00f6hlich's manuscript using the Sibelius music notation program. Published in the well-known engraving quality of Amadeus Verlag, run by violist Bernhard P\u00e4uler, the four-movement work represents a significant enrichment of the early Romantic quartet repertoire.<\/p>\n<p>If Fr\u00f6hlich had presented this work to his Berlin teachers Karl Friedrich Zelter and Bernhard Klein, they would hardly have agreed with the many idiosyncrasies. However, they considerably increase the appeal of the formally and tonally unconventional composition. Although it does not contain a development section, the first movement is in sonata form. In the Adagio, complicated rhythms and differently phrased sextuplets complicate the interplay. The particularly imaginative finale, written in free rondo form, quotes from the first movement for long stretches and surprises with recitative-like insertions and an effective fugato.<\/p>\n<p>The editor and her academic advisor apparently missed the fact that the gently swaying main theme of the first movement in six-eighths time is not an invention of Fr\u00f6hlich's. It comes from Felix Mendelssohn Bartholdy's Piano Sonata in E major op. 6, first published in 1826. The same composer, whom Fr\u00f6hlich appreciated more than he successfully contacted in Berlin, also left his mark on the Scherzo. The combination of long chains of semiquavers with staccato accompaniment quavers in the lower register can already be found in his Capriccio in F sharp minor op. 5 for piano, printed in 1826.<\/p>\n<p>What was long known as Fr\u00f6hlich's <em>Missa I <\/em>turned out one day to be an only slightly altered copy of a mass by Johann Gottlieb Naumann (1741-1801). Once again, Fr\u00f6hlich stands out as a cheerful plagiarist, although this in no way diminishes the value of the work as a whole with regard to the short main theme of the string quartet.<\/p>\n<\/div>\n<div class=\"text-section\">\n<dl class=\"picture media photo\">\n<dt><img decoding=\"async\" class=\"media photo aligncenter\" src=\"https:\/\/www.musikzeitung.ch\/wp-content\/uploads\/2023\/01\/Froehklein.jpg\" alt=\"Image \" \/><\/dt>\n<\/dl>\n<\/div>\n<div class=\"text-section\">\n<p><em>Friedrich Theodor Fr\u00f6hlich: String Quartet in E major, edited by Carola Gloor, BP 1842, Fr.68.00, Amadeus Verlag, Winterthur 2012<\/em><\/p>\n<\/div>","protected":false},"excerpt":{"rendered":"<p><strong>A string quartet by the Swiss Romantic composer Friedrich Theodor Fr\u00f6hlich appears in print for the first time.<\/strong><\/p>","protected":false},"author":1,"featured_media":58339,"comment_status":"closed","ping_status":"closed","sticky":false,"template":"","format":"standard","meta":{"_acf_changed":false,"_relevanssi_hide_post":"","_relevanssi_hide_content":"","_relevanssi_pin_for_all":"","_relevanssi_pin_keywords":"","_relevanssi_unpin_keywords":"","_relevanssi_related_keywords":"","_relevanssi_related_include_ids":"","_relevanssi_related_exclude_ids":"","_relevanssi_related_no_append":"","_relevanssi_related_not_related":"","_relevanssi_related_posts":"","_relevanssi_noindex_reason":"","pgc_sgb_lightbox_settings":"","footnotes":""},"categories":[1316,29],"tags":[],"class_list":["post-7837","post","type-post","status-publish","format-standard","has-post-thumbnail","hentry","category-noten-rezensionen","category-rezensionen"],"acf":[],"yoast_head":"<!-- This site is optimized with the Yoast SEO plugin v27.4 - https:\/\/yoast.com\/product\/yoast-seo-wordpress\/ -->\n<title>Fr\u00f6hlicher Themenklau - Schweizer Musikzeitung<\/title>\n<meta name=\"robots\" content=\"index, follow, max-snippet:-1, max-image-preview:large, max-video-preview:-1\" \/>\n<link rel=\"canonical\" href=\"https:\/\/www.musikzeitung.ch\/en\/rezensionen\/noten-rezensionen\/2013\/09\/7837\/\" \/>\n<meta property=\"og:locale\" content=\"en_US\" \/>\n<meta property=\"og:type\" content=\"article\" \/>\n<meta property=\"og:title\" content=\"Fr\u00f6hlicher Themenklau - Schweizer Musikzeitung\" \/>\n<meta property=\"og:description\" content=\"Erstmals erscheint ein Streichquartett des Schweizer Romantikers Friedrich Theodor Fr\u00f6hlich im Druck.\" \/>\n<meta property=\"og:url\" content=\"https:\/\/www.musikzeitung.ch\/en\/rezensionen\/noten-rezensionen\/2013\/09\/7837\/\" \/>\n<meta property=\"og:site_name\" content=\"Schweizer Musikzeitung\" \/>\n<meta property=\"article:publisher\" content=\"https:\/\/www.facebook.com\/SchweizerMusikzeitung\/\" \/>\n<meta property=\"article:published_time\" content=\"2013-09-28T23:00:00+00:00\" \/>\n<meta property=\"article:modified_time\" content=\"2024-09-23T08:49:12+00:00\" \/>\n<meta property=\"og:image\" content=\"https:\/\/www.musikzeitung.ch\/wp-content\/uploads\/2013\/09\/CH-NB_-_Grafiken_Orts-_und_Landschaftsansichten_-_GS-GRAF-ANSI-AG-28.tif.jpg\" \/>\n\t<meta property=\"og:image:width\" content=\"1372\" \/>\n\t<meta property=\"og:image:height\" content=\"1000\" \/>\n\t<meta property=\"og:image:type\" content=\"image\/jpeg\" \/>\n<meta name=\"author\" content=\"Musikzeitung-Redaktion\" \/>\n<meta name=\"twitter:card\" content=\"summary_large_image\" \/>\n<meta name=\"twitter:creator\" content=\"@smusikzeitung\" \/>\n<meta name=\"twitter:site\" content=\"@smusikzeitung\" \/>\n<meta name=\"twitter:label1\" content=\"Written by\" \/>\n\t<meta name=\"twitter:data1\" content=\"Musikzeitung-Redaktion\" \/>\n\t<meta name=\"twitter:label2\" content=\"Est. reading time\" \/>\n\t<meta name=\"twitter:data2\" content=\"3 minutes\" \/>\n<script type=\"application\/ld+json\" class=\"yoast-schema-graph\">{\"@context\":\"https:\\\/\\\/schema.org\",\"@graph\":[{\"@type\":\"Article\",\"@id\":\"https:\\\/\\\/www.musikzeitung.ch\\\/rezensionen\\\/noten-rezensionen\\\/2013\\\/09\\\/7837#article\",\"isPartOf\":{\"@id\":\"https:\\\/\\\/www.musikzeitung.ch\\\/rezensionen\\\/noten-rezensionen\\\/2013\\\/09\\\/7837\"},\"author\":{\"name\":\"Musikzeitung-Redaktion\",\"@id\":\"https:\\\/\\\/www.musikzeitung.ch\\\/#\\\/schema\\\/person\\\/b2fd892c800856270b9dcc6001265712\"},\"headline\":\"Fr\u00f6hlicher Themenklau\",\"datePublished\":\"2013-09-28T23:00:00+00:00\",\"dateModified\":\"2024-09-23T08:49:12+00:00\",\"mainEntityOfPage\":{\"@id\":\"https:\\\/\\\/www.musikzeitung.ch\\\/rezensionen\\\/noten-rezensionen\\\/2013\\\/09\\\/7837\"},\"wordCount\":425,\"publisher\":{\"@id\":\"https:\\\/\\\/www.musikzeitung.ch\\\/#organization\"},\"image\":{\"@id\":\"https:\\\/\\\/www.musikzeitung.ch\\\/rezensionen\\\/noten-rezensionen\\\/2013\\\/09\\\/7837#primaryimage\"},\"thumbnailUrl\":\"https:\\\/\\\/www.musikzeitung.ch\\\/wp-content\\\/uploads\\\/2013\\\/09\\\/CH-NB_-_Grafiken_Orts-_und_Landschaftsansichten_-_GS-GRAF-ANSI-AG-28.tif.jpg\",\"articleSection\":[\"Noten\",\"Rezensionen\"],\"inLanguage\":\"en-US\"},{\"@type\":\"WebPage\",\"@id\":\"https:\\\/\\\/www.musikzeitung.ch\\\/rezensionen\\\/noten-rezensionen\\\/2013\\\/09\\\/7837\",\"url\":\"https:\\\/\\\/www.musikzeitung.ch\\\/rezensionen\\\/noten-rezensionen\\\/2013\\\/09\\\/7837\",\"name\":\"Fr\u00f6hlicher Themenklau - Schweizer Musikzeitung\",\"isPartOf\":{\"@id\":\"https:\\\/\\\/www.musikzeitung.ch\\\/#website\"},\"primaryImageOfPage\":{\"@id\":\"https:\\\/\\\/www.musikzeitung.ch\\\/rezensionen\\\/noten-rezensionen\\\/2013\\\/09\\\/7837#primaryimage\"},\"image\":{\"@id\":\"https:\\\/\\\/www.musikzeitung.ch\\\/rezensionen\\\/noten-rezensionen\\\/2013\\\/09\\\/7837#primaryimage\"},\"thumbnailUrl\":\"https:\\\/\\\/www.musikzeitung.ch\\\/wp-content\\\/uploads\\\/2013\\\/09\\\/CH-NB_-_Grafiken_Orts-_und_Landschaftsansichten_-_GS-GRAF-ANSI-AG-28.tif.jpg\",\"datePublished\":\"2013-09-28T23:00:00+00:00\",\"dateModified\":\"2024-09-23T08:49:12+00:00\",\"breadcrumb\":{\"@id\":\"https:\\\/\\\/www.musikzeitung.ch\\\/rezensionen\\\/noten-rezensionen\\\/2013\\\/09\\\/7837#breadcrumb\"},\"inLanguage\":\"en-US\",\"potentialAction\":[{\"@type\":\"ReadAction\",\"target\":[\"https:\\\/\\\/www.musikzeitung.ch\\\/rezensionen\\\/noten-rezensionen\\\/2013\\\/09\\\/7837\"]}]},{\"@type\":\"ImageObject\",\"inLanguage\":\"en-US\",\"@id\":\"https:\\\/\\\/www.musikzeitung.ch\\\/rezensionen\\\/noten-rezensionen\\\/2013\\\/09\\\/7837#primaryimage\",\"url\":\"https:\\\/\\\/www.musikzeitung.ch\\\/wp-content\\\/uploads\\\/2013\\\/09\\\/CH-NB_-_Grafiken_Orts-_und_Landschaftsansichten_-_GS-GRAF-ANSI-AG-28.tif.jpg\",\"contentUrl\":\"https:\\\/\\\/www.musikzeitung.ch\\\/wp-content\\\/uploads\\\/2013\\\/09\\\/CH-NB_-_Grafiken_Orts-_und_Landschaftsansichten_-_GS-GRAF-ANSI-AG-28.tif.jpg\",\"width\":1372,\"height\":1000},{\"@type\":\"BreadcrumbList\",\"@id\":\"https:\\\/\\\/www.musikzeitung.ch\\\/rezensionen\\\/noten-rezensionen\\\/2013\\\/09\\\/7837#breadcrumb\",\"itemListElement\":[{\"@type\":\"ListItem\",\"position\":1,\"name\":\"Home\",\"item\":\"https:\\\/\\\/www.musikzeitung.ch\\\/\"},{\"@type\":\"ListItem\",\"position\":2,\"name\":\"Fr\u00f6hlicher Themenklau\"}]},{\"@type\":\"WebSite\",\"@id\":\"https:\\\/\\\/www.musikzeitung.ch\\\/#website\",\"url\":\"https:\\\/\\\/www.musikzeitung.ch\\\/\",\"name\":\"Schweizer Musikzeitung\",\"description\":\"Die f\u00fchrende sparten\u00fcbergreifende Monatszeitung in der Schweiz f\u00fcr musikalische Fragen.\",\"publisher\":{\"@id\":\"https:\\\/\\\/www.musikzeitung.ch\\\/#organization\"},\"potentialAction\":[{\"@type\":\"SearchAction\",\"target\":{\"@type\":\"EntryPoint\",\"urlTemplate\":\"https:\\\/\\\/www.musikzeitung.ch\\\/?s={search_term_string}\"},\"query-input\":{\"@type\":\"PropertyValueSpecification\",\"valueRequired\":true,\"valueName\":\"search_term_string\"}}],\"inLanguage\":\"en-US\"},{\"@type\":\"Organization\",\"@id\":\"https:\\\/\\\/www.musikzeitung.ch\\\/#organization\",\"name\":\"Schweizer Musikzeitung\",\"url\":\"https:\\\/\\\/www.musikzeitung.ch\\\/\",\"logo\":{\"@type\":\"ImageObject\",\"inLanguage\":\"en-US\",\"@id\":\"https:\\\/\\\/www.musikzeitung.ch\\\/#\\\/schema\\\/logo\\\/image\\\/\",\"url\":\"https:\\\/\\\/www.musikzeitung.ch\\\/wp-content\\\/uploads\\\/2023\\\/01\\\/SMZ_Schriftzug_Sprache.png\",\"contentUrl\":\"https:\\\/\\\/www.musikzeitung.ch\\\/wp-content\\\/uploads\\\/2023\\\/01\\\/SMZ_Schriftzug_Sprache.png\",\"width\":1400,\"height\":279,\"caption\":\"Schweizer Musikzeitung\"},\"image\":{\"@id\":\"https:\\\/\\\/www.musikzeitung.ch\\\/#\\\/schema\\\/logo\\\/image\\\/\"},\"sameAs\":[\"https:\\\/\\\/www.facebook.com\\\/SchweizerMusikzeitung\\\/\",\"https:\\\/\\\/x.com\\\/smusikzeitung\",\"https:\\\/\\\/www.instagram.com\\\/musikzeitung.ch\\\/\"]},{\"@type\":\"Person\",\"@id\":\"https:\\\/\\\/www.musikzeitung.ch\\\/#\\\/schema\\\/person\\\/b2fd892c800856270b9dcc6001265712\",\"name\":\"Musikzeitung-Redaktion\",\"image\":{\"@type\":\"ImageObject\",\"inLanguage\":\"en-US\",\"@id\":\"https:\\\/\\\/www.musikzeitung.ch\\\/wp-content\\\/uploads\\\/2022\\\/05\\\/usericon_musikzeitung-96x96.jpg\",\"url\":\"https:\\\/\\\/www.musikzeitung.ch\\\/wp-content\\\/uploads\\\/2022\\\/05\\\/usericon_musikzeitung-96x96.jpg\",\"contentUrl\":\"https:\\\/\\\/www.musikzeitung.ch\\\/wp-content\\\/uploads\\\/2022\\\/05\\\/usericon_musikzeitung-96x96.jpg\",\"caption\":\"Musikzeitung-Redaktion\"},\"url\":\"https:\\\/\\\/www.musikzeitung.ch\\\/en\\\/author\\\/admin\"}]}<\/script>\n<!-- \/ Yoast SEO plugin. -->","yoast_head_json":{"title":"Fr\u00f6hlicher Themenklau - Schweizer Musikzeitung","robots":{"index":"index","follow":"follow","max-snippet":"max-snippet:-1","max-image-preview":"max-image-preview:large","max-video-preview":"max-video-preview:-1"},"canonical":"https:\/\/www.musikzeitung.ch\/en\/rezensionen\/noten-rezensionen\/2013\/09\/7837\/","og_locale":"en_US","og_type":"article","og_title":"Fr\u00f6hlicher Themenklau - Schweizer Musikzeitung","og_description":"Erstmals erscheint ein Streichquartett des Schweizer Romantikers Friedrich Theodor Fr\u00f6hlich im Druck.","og_url":"https:\/\/www.musikzeitung.ch\/en\/rezensionen\/noten-rezensionen\/2013\/09\/7837\/","og_site_name":"Schweizer Musikzeitung","article_publisher":"https:\/\/www.facebook.com\/SchweizerMusikzeitung\/","article_published_time":"2013-09-28T23:00:00+00:00","article_modified_time":"2024-09-23T08:49:12+00:00","og_image":[{"width":1372,"height":1000,"url":"https:\/\/www.musikzeitung.ch\/wp-content\/uploads\/2013\/09\/CH-NB_-_Grafiken_Orts-_und_Landschaftsansichten_-_GS-GRAF-ANSI-AG-28.tif.jpg","type":"image\/jpeg"}],"author":"Musikzeitung-Redaktion","twitter_card":"summary_large_image","twitter_creator":"@smusikzeitung","twitter_site":"@smusikzeitung","twitter_misc":{"Written by":"Musikzeitung-Redaktion","Est. reading time":"3 minutes"},"schema":{"@context":"https:\/\/schema.org","@graph":[{"@type":"Article","@id":"https:\/\/www.musikzeitung.ch\/rezensionen\/noten-rezensionen\/2013\/09\/7837#article","isPartOf":{"@id":"https:\/\/www.musikzeitung.ch\/rezensionen\/noten-rezensionen\/2013\/09\/7837"},"author":{"name":"Musikzeitung-Redaktion","@id":"https:\/\/www.musikzeitung.ch\/#\/schema\/person\/b2fd892c800856270b9dcc6001265712"},"headline":"Fr\u00f6hlicher Themenklau","datePublished":"2013-09-28T23:00:00+00:00","dateModified":"2024-09-23T08:49:12+00:00","mainEntityOfPage":{"@id":"https:\/\/www.musikzeitung.ch\/rezensionen\/noten-rezensionen\/2013\/09\/7837"},"wordCount":425,"publisher":{"@id":"https:\/\/www.musikzeitung.ch\/#organization"},"image":{"@id":"https:\/\/www.musikzeitung.ch\/rezensionen\/noten-rezensionen\/2013\/09\/7837#primaryimage"},"thumbnailUrl":"https:\/\/www.musikzeitung.ch\/wp-content\/uploads\/2013\/09\/CH-NB_-_Grafiken_Orts-_und_Landschaftsansichten_-_GS-GRAF-ANSI-AG-28.tif.jpg","articleSection":["Noten","Rezensionen"],"inLanguage":"en-US"},{"@type":"WebPage","@id":"https:\/\/www.musikzeitung.ch\/rezensionen\/noten-rezensionen\/2013\/09\/7837","url":"https:\/\/www.musikzeitung.ch\/rezensionen\/noten-rezensionen\/2013\/09\/7837","name":"Fr\u00f6hlicher Themenklau - Schweizer Musikzeitung","isPartOf":{"@id":"https:\/\/www.musikzeitung.ch\/#website"},"primaryImageOfPage":{"@id":"https:\/\/www.musikzeitung.ch\/rezensionen\/noten-rezensionen\/2013\/09\/7837#primaryimage"},"image":{"@id":"https:\/\/www.musikzeitung.ch\/rezensionen\/noten-rezensionen\/2013\/09\/7837#primaryimage"},"thumbnailUrl":"https:\/\/www.musikzeitung.ch\/wp-content\/uploads\/2013\/09\/CH-NB_-_Grafiken_Orts-_und_Landschaftsansichten_-_GS-GRAF-ANSI-AG-28.tif.jpg","datePublished":"2013-09-28T23:00:00+00:00","dateModified":"2024-09-23T08:49:12+00:00","breadcrumb":{"@id":"https:\/\/www.musikzeitung.ch\/rezensionen\/noten-rezensionen\/2013\/09\/7837#breadcrumb"},"inLanguage":"en-US","potentialAction":[{"@type":"ReadAction","target":["https:\/\/www.musikzeitung.ch\/rezensionen\/noten-rezensionen\/2013\/09\/7837"]}]},{"@type":"ImageObject","inLanguage":"en-US","@id":"https:\/\/www.musikzeitung.ch\/rezensionen\/noten-rezensionen\/2013\/09\/7837#primaryimage","url":"https:\/\/www.musikzeitung.ch\/wp-content\/uploads\/2013\/09\/CH-NB_-_Grafiken_Orts-_und_Landschaftsansichten_-_GS-GRAF-ANSI-AG-28.tif.jpg","contentUrl":"https:\/\/www.musikzeitung.ch\/wp-content\/uploads\/2013\/09\/CH-NB_-_Grafiken_Orts-_und_Landschaftsansichten_-_GS-GRAF-ANSI-AG-28.tif.jpg","width":1372,"height":1000},{"@type":"BreadcrumbList","@id":"https:\/\/www.musikzeitung.ch\/rezensionen\/noten-rezensionen\/2013\/09\/7837#breadcrumb","itemListElement":[{"@type":"ListItem","position":1,"name":"Home","item":"https:\/\/www.musikzeitung.ch\/"},{"@type":"ListItem","position":2,"name":"Fr\u00f6hlicher Themenklau"}]},{"@type":"WebSite","@id":"https:\/\/www.musikzeitung.ch\/#website","url":"https:\/\/www.musikzeitung.ch\/","name":"Swiss Music Newspaper","description":"The leading interdisciplinary monthly newspaper in Switzerland for musical issues.","publisher":{"@id":"https:\/\/www.musikzeitung.ch\/#organization"},"potentialAction":[{"@type":"SearchAction","target":{"@type":"EntryPoint","urlTemplate":"https:\/\/www.musikzeitung.ch\/?s={search_term_string}"},"query-input":{"@type":"PropertyValueSpecification","valueRequired":true,"valueName":"search_term_string"}}],"inLanguage":"en-US"},{"@type":"Organization","@id":"https:\/\/www.musikzeitung.ch\/#organization","name":"Swiss Music Newspaper","url":"https:\/\/www.musikzeitung.ch\/","logo":{"@type":"ImageObject","inLanguage":"en-US","@id":"https:\/\/www.musikzeitung.ch\/#\/schema\/logo\/image\/","url":"https:\/\/www.musikzeitung.ch\/wp-content\/uploads\/2023\/01\/SMZ_Schriftzug_Sprache.png","contentUrl":"https:\/\/www.musikzeitung.ch\/wp-content\/uploads\/2023\/01\/SMZ_Schriftzug_Sprache.png","width":1400,"height":279,"caption":"Schweizer Musikzeitung"},"image":{"@id":"https:\/\/www.musikzeitung.ch\/#\/schema\/logo\/image\/"},"sameAs":["https:\/\/www.facebook.com\/SchweizerMusikzeitung\/","https:\/\/x.com\/smusikzeitung","https:\/\/www.instagram.com\/musikzeitung.ch\/"]},{"@type":"Person","@id":"https:\/\/www.musikzeitung.ch\/#\/schema\/person\/b2fd892c800856270b9dcc6001265712","name":"Music newspaper editorial office","image":{"@type":"ImageObject","inLanguage":"en-US","@id":"https:\/\/www.musikzeitung.ch\/wp-content\/uploads\/2022\/05\/usericon_musikzeitung-96x96.jpg","url":"https:\/\/www.musikzeitung.ch\/wp-content\/uploads\/2022\/05\/usericon_musikzeitung-96x96.jpg","contentUrl":"https:\/\/www.musikzeitung.ch\/wp-content\/uploads\/2022\/05\/usericon_musikzeitung-96x96.jpg","caption":"Musikzeitung-Redaktion"},"url":"https:\/\/www.musikzeitung.ch\/en\/author\/admin"}]}},"publishpress_future_workflow_manual_trigger":{"enabledWorkflows":[]},"_links":{"self":[{"href":"https:\/\/www.musikzeitung.ch\/en\/wp-json\/wp\/v2\/posts\/7837","targetHints":{"allow":["GET"]}}],"collection":[{"href":"https:\/\/www.musikzeitung.ch\/en\/wp-json\/wp\/v2\/posts"}],"about":[{"href":"https:\/\/www.musikzeitung.ch\/en\/wp-json\/wp\/v2\/types\/post"}],"author":[{"embeddable":true,"href":"https:\/\/www.musikzeitung.ch\/en\/wp-json\/wp\/v2\/users\/1"}],"replies":[{"embeddable":true,"href":"https:\/\/www.musikzeitung.ch\/en\/wp-json\/wp\/v2\/comments?post=7837"}],"version-history":[{"count":3,"href":"https:\/\/www.musikzeitung.ch\/en\/wp-json\/wp\/v2\/posts\/7837\/revisions"}],"predecessor-version":[{"id":58340,"href":"https:\/\/www.musikzeitung.ch\/en\/wp-json\/wp\/v2\/posts\/7837\/revisions\/58340"}],"wp:featuredmedia":[{"embeddable":true,"href":"https:\/\/www.musikzeitung.ch\/en\/wp-json\/wp\/v2\/media\/58339"}],"wp:attachment":[{"href":"https:\/\/www.musikzeitung.ch\/en\/wp-json\/wp\/v2\/media?parent=7837"}],"wp:term":[{"taxonomy":"category","embeddable":true,"href":"https:\/\/www.musikzeitung.ch\/en\/wp-json\/wp\/v2\/categories?post=7837"},{"taxonomy":"post_tag","embeddable":true,"href":"https:\/\/www.musikzeitung.ch\/en\/wp-json\/wp\/v2\/tags?post=7837"}],"curies":[{"name":"wp","href":"https:\/\/api.w.org\/{rel}","templated":true}]}}