{"id":784,"date":"2018-04-16T00:00:00","date_gmt":"2018-04-15T23:00:00","guid":{"rendered":"https:\/\/www.musikzeitung.ch\/allgemein\/joachim-raff-soll-wiederentdeckt-werden\/"},"modified":"2023-09-29T16:12:07","modified_gmt":"2023-09-29T14:12:07","slug":"joachim-raff-soll-wiederentdeckt-werden","status":"publish","type":"post","link":"https:\/\/www.musikzeitung.ch\/en\/anlaesse\/klassik\/2018\/04\/joachim-raff-soll-wiederentdeckt-werden","title":{"rendered":"Joachim Raff to be rediscovered"},"content":{"rendered":"<figure style=\"width: 554px\" class=\"wp-caption alignnone\"><img loading=\"lazy\" decoding=\"async\" src=\"https:\/\/www.musikzeitung.ch\/wp-content\/uploads\/2023\/01\/180416raff-1.jpg\" alt=\"\" width=\"554\" height=\"394\" \/><figcaption class=\"wp-caption-text\">\u00a0From left to right: Res Marty (JRG), Nick Pfefferkorn (Breitkopf &amp; H\u00e4rtel), Severin Kolb (JRG). (Picture: zvg)<\/figcaption><\/figure>\n<div class=\"text-section\">\n<p>It was a recommendation from Mendelssohn Bartholdy that originally drew Breitkopf &amp; H\u00e4rtel's attention to the inexperienced Joachim Raff. In 1844, the publishing house published the first piano works of the young man, who wrote over 300 compositions in his lifetime. The Joachim Raff Society, based in Lachen, Schwyz, the Swiss birthplace of the composer, is also dedicated to the preservation and research of his legacy.<\/p>\n<p>Born in Lachen on Lake Zurich in 1822, Raff first became a primary school teacher in Rapperswil. After four years at school and self-taught training in piano, organ and violin playing, he chose to become a musician. In 1845, Liszt engaged him as his secretary. From 1856, he worked in Wiesbaden as a piano teacher and lecturer in harmony. He soon became one of the most sought-after composers of his time. In 1877, he became the first director of the Hoch Conservatory in Frankfurt, where he supported Clara Schumann, among others. Raff died in Frankfurt in 1882.\n<\/p><\/div>","protected":false},"excerpt":{"rendered":"<p><strong>The publishing house Breitkopf &amp; H\u00e4rtel and the Swiss Joachim Raff Society have agreed to intensify their collaboration. The aim is to rediscover one of the most frequently performed composers of his time. <\/strong><\/p>","protected":false},"author":1,"featured_media":785,"comment_status":"closed","ping_status":"closed","sticky":false,"template":"","format":"standard","meta":{"_acf_changed":false,"_relevanssi_hide_post":"","_relevanssi_hide_content":"","_relevanssi_pin_for_all":"","_relevanssi_pin_keywords":"","_relevanssi_unpin_keywords":"","_relevanssi_related_keywords":"","_relevanssi_related_include_ids":"","_relevanssi_related_exclude_ids":"","_relevanssi_related_no_append":"","_relevanssi_related_not_related":"","_relevanssi_related_posts":"","_relevanssi_noindex_reason":"","pgc_sgb_lightbox_settings":"","footnotes":""},"categories":[57,27],"tags":[],"class_list":["post-784","post","type-post","status-publish","format-standard","has-post-thumbnail","hentry","category-klassik","category-news"],"acf":[],"yoast_head":"<!-- This site is optimized with the Yoast SEO plugin v27.4 - https:\/\/yoast.com\/product\/yoast-seo-wordpress\/ -->\n<title>Joachim Raff soll wiederentdeckt werden - Schweizer Musikzeitung<\/title>\n<meta name=\"description\" content=\"Der Verlag Breitkopf &amp; H\u00e4rtel und die Schweizer Joachim-Raff-Gesellschaft haben eine intensivere Zusammenarbeit vereinbart.\" \/>\n<meta name=\"robots\" content=\"index, follow, max-snippet:-1, max-image-preview:large, max-video-preview:-1\" \/>\n<link rel=\"canonical\" href=\"https:\/\/www.musikzeitung.ch\/en\/anlaesse\/klassik\/2018\/04\/joachim-raff-soll-wiederentdeckt-werden\/\" \/>\n<meta property=\"og:locale\" content=\"en_US\" \/>\n<meta property=\"og:type\" content=\"article\" \/>\n<meta property=\"og:title\" content=\"Joachim Raff soll wiederentdeckt werden - Schweizer Musikzeitung\" \/>\n<meta property=\"og:description\" content=\"Der Verlag Breitkopf &amp; H\u00e4rtel und die Schweizer Joachim-Raff-Gesellschaft haben eine intensivere Zusammenarbeit vereinbart.\" \/>\n<meta property=\"og:url\" content=\"https:\/\/www.musikzeitung.ch\/en\/anlaesse\/klassik\/2018\/04\/joachim-raff-soll-wiederentdeckt-werden\/\" \/>\n<meta property=\"og:site_name\" content=\"Schweizer Musikzeitung\" \/>\n<meta property=\"article:publisher\" content=\"https:\/\/www.facebook.com\/SchweizerMusikzeitung\/\" \/>\n<meta property=\"article:published_time\" content=\"2018-04-15T23:00:00+00:00\" \/>\n<meta property=\"article:modified_time\" content=\"2023-09-29T14:12:07+00:00\" \/>\n<meta property=\"og:image\" content=\"https:\/\/www.musikzeitung.ch\/wp-content\/uploads\/2023\/01\/180416raff-1.jpg\" \/>\n\t<meta property=\"og:image:width\" content=\"554\" \/>\n\t<meta property=\"og:image:height\" content=\"394\" \/>\n\t<meta property=\"og:image:type\" content=\"image\/jpeg\" \/>\n<meta name=\"author\" content=\"Musikzeitung-Redaktion\" \/>\n<meta name=\"twitter:card\" content=\"summary_large_image\" \/>\n<meta name=\"twitter:creator\" content=\"@smusikzeitung\" \/>\n<meta name=\"twitter:site\" content=\"@smusikzeitung\" \/>\n<meta name=\"twitter:label1\" content=\"Written by\" \/>\n\t<meta name=\"twitter:data1\" content=\"Musikzeitung-Redaktion\" \/>\n\t<meta name=\"twitter:label2\" content=\"Est. reading time\" \/>\n\t<meta name=\"twitter:data2\" content=\"2 minutes\" \/>\n<script type=\"application\/ld+json\" class=\"yoast-schema-graph\">{\"@context\":\"https:\\\/\\\/schema.org\",\"@graph\":[{\"@type\":\"Article\",\"@id\":\"https:\\\/\\\/www.musikzeitung.ch\\\/anlaesse\\\/klassik\\\/2018\\\/04\\\/joachim-raff-soll-wiederentdeckt-werden#article\",\"isPartOf\":{\"@id\":\"https:\\\/\\\/www.musikzeitung.ch\\\/anlaesse\\\/klassik\\\/2018\\\/04\\\/joachim-raff-soll-wiederentdeckt-werden\"},\"author\":{\"name\":\"Musikzeitung-Redaktion\",\"@id\":\"https:\\\/\\\/www.musikzeitung.ch\\\/#\\\/schema\\\/person\\\/b2fd892c800856270b9dcc6001265712\"},\"headline\":\"Joachim Raff soll wiederentdeckt werden\",\"datePublished\":\"2018-04-15T23:00:00+00:00\",\"dateModified\":\"2023-09-29T14:12:07+00:00\",\"mainEntityOfPage\":{\"@id\":\"https:\\\/\\\/www.musikzeitung.ch\\\/anlaesse\\\/klassik\\\/2018\\\/04\\\/joachim-raff-soll-wiederentdeckt-werden\"},\"wordCount\":165,\"publisher\":{\"@id\":\"https:\\\/\\\/www.musikzeitung.ch\\\/#organization\"},\"image\":{\"@id\":\"https:\\\/\\\/www.musikzeitung.ch\\\/anlaesse\\\/klassik\\\/2018\\\/04\\\/joachim-raff-soll-wiederentdeckt-werden#primaryimage\"},\"thumbnailUrl\":\"https:\\\/\\\/www.musikzeitung.ch\\\/wp-content\\\/uploads\\\/2023\\\/01\\\/180416raff-1.jpg\",\"articleSection\":[\"Klassik\",\"News\"],\"inLanguage\":\"en-US\"},{\"@type\":\"WebPage\",\"@id\":\"https:\\\/\\\/www.musikzeitung.ch\\\/anlaesse\\\/klassik\\\/2018\\\/04\\\/joachim-raff-soll-wiederentdeckt-werden\",\"url\":\"https:\\\/\\\/www.musikzeitung.ch\\\/anlaesse\\\/klassik\\\/2018\\\/04\\\/joachim-raff-soll-wiederentdeckt-werden\",\"name\":\"Joachim Raff soll wiederentdeckt werden - Schweizer Musikzeitung\",\"isPartOf\":{\"@id\":\"https:\\\/\\\/www.musikzeitung.ch\\\/#website\"},\"primaryImageOfPage\":{\"@id\":\"https:\\\/\\\/www.musikzeitung.ch\\\/anlaesse\\\/klassik\\\/2018\\\/04\\\/joachim-raff-soll-wiederentdeckt-werden#primaryimage\"},\"image\":{\"@id\":\"https:\\\/\\\/www.musikzeitung.ch\\\/anlaesse\\\/klassik\\\/2018\\\/04\\\/joachim-raff-soll-wiederentdeckt-werden#primaryimage\"},\"thumbnailUrl\":\"https:\\\/\\\/www.musikzeitung.ch\\\/wp-content\\\/uploads\\\/2023\\\/01\\\/180416raff-1.jpg\",\"datePublished\":\"2018-04-15T23:00:00+00:00\",\"dateModified\":\"2023-09-29T14:12:07+00:00\",\"description\":\"Der Verlag Breitkopf & H\u00e4rtel und die Schweizer Joachim-Raff-Gesellschaft haben eine intensivere Zusammenarbeit vereinbart.\",\"breadcrumb\":{\"@id\":\"https:\\\/\\\/www.musikzeitung.ch\\\/anlaesse\\\/klassik\\\/2018\\\/04\\\/joachim-raff-soll-wiederentdeckt-werden#breadcrumb\"},\"inLanguage\":\"en-US\",\"potentialAction\":[{\"@type\":\"ReadAction\",\"target\":[\"https:\\\/\\\/www.musikzeitung.ch\\\/anlaesse\\\/klassik\\\/2018\\\/04\\\/joachim-raff-soll-wiederentdeckt-werden\"]}]},{\"@type\":\"ImageObject\",\"inLanguage\":\"en-US\",\"@id\":\"https:\\\/\\\/www.musikzeitung.ch\\\/anlaesse\\\/klassik\\\/2018\\\/04\\\/joachim-raff-soll-wiederentdeckt-werden#primaryimage\",\"url\":\"https:\\\/\\\/www.musikzeitung.ch\\\/wp-content\\\/uploads\\\/2023\\\/01\\\/180416raff-1.jpg\",\"contentUrl\":\"https:\\\/\\\/www.musikzeitung.ch\\\/wp-content\\\/uploads\\\/2023\\\/01\\\/180416raff-1.jpg\",\"width\":554,\"height\":394},{\"@type\":\"BreadcrumbList\",\"@id\":\"https:\\\/\\\/www.musikzeitung.ch\\\/anlaesse\\\/klassik\\\/2018\\\/04\\\/joachim-raff-soll-wiederentdeckt-werden#breadcrumb\",\"itemListElement\":[{\"@type\":\"ListItem\",\"position\":1,\"name\":\"Home\",\"item\":\"https:\\\/\\\/www.musikzeitung.ch\\\/\"},{\"@type\":\"ListItem\",\"position\":2,\"name\":\"Joachim Raff soll wiederentdeckt werden\"}]},{\"@type\":\"WebSite\",\"@id\":\"https:\\\/\\\/www.musikzeitung.ch\\\/#website\",\"url\":\"https:\\\/\\\/www.musikzeitung.ch\\\/\",\"name\":\"Schweizer Musikzeitung\",\"description\":\"Die f\u00fchrende sparten\u00fcbergreifende Monatszeitung in der Schweiz f\u00fcr musikalische Fragen.\",\"publisher\":{\"@id\":\"https:\\\/\\\/www.musikzeitung.ch\\\/#organization\"},\"potentialAction\":[{\"@type\":\"SearchAction\",\"target\":{\"@type\":\"EntryPoint\",\"urlTemplate\":\"https:\\\/\\\/www.musikzeitung.ch\\\/?s={search_term_string}\"},\"query-input\":{\"@type\":\"PropertyValueSpecification\",\"valueRequired\":true,\"valueName\":\"search_term_string\"}}],\"inLanguage\":\"en-US\"},{\"@type\":\"Organization\",\"@id\":\"https:\\\/\\\/www.musikzeitung.ch\\\/#organization\",\"name\":\"Schweizer Musikzeitung\",\"url\":\"https:\\\/\\\/www.musikzeitung.ch\\\/\",\"logo\":{\"@type\":\"ImageObject\",\"inLanguage\":\"en-US\",\"@id\":\"https:\\\/\\\/www.musikzeitung.ch\\\/#\\\/schema\\\/logo\\\/image\\\/\",\"url\":\"https:\\\/\\\/www.musikzeitung.ch\\\/wp-content\\\/uploads\\\/2023\\\/01\\\/SMZ_Schriftzug_Sprache.png\",\"contentUrl\":\"https:\\\/\\\/www.musikzeitung.ch\\\/wp-content\\\/uploads\\\/2023\\\/01\\\/SMZ_Schriftzug_Sprache.png\",\"width\":1400,\"height\":279,\"caption\":\"Schweizer Musikzeitung\"},\"image\":{\"@id\":\"https:\\\/\\\/www.musikzeitung.ch\\\/#\\\/schema\\\/logo\\\/image\\\/\"},\"sameAs\":[\"https:\\\/\\\/www.facebook.com\\\/SchweizerMusikzeitung\\\/\",\"https:\\\/\\\/x.com\\\/smusikzeitung\",\"https:\\\/\\\/www.instagram.com\\\/musikzeitung.ch\\\/\"]},{\"@type\":\"Person\",\"@id\":\"https:\\\/\\\/www.musikzeitung.ch\\\/#\\\/schema\\\/person\\\/b2fd892c800856270b9dcc6001265712\",\"name\":\"Musikzeitung-Redaktion\",\"image\":{\"@type\":\"ImageObject\",\"inLanguage\":\"en-US\",\"@id\":\"https:\\\/\\\/www.musikzeitung.ch\\\/wp-content\\\/uploads\\\/2022\\\/05\\\/usericon_musikzeitung-96x96.jpg\",\"url\":\"https:\\\/\\\/www.musikzeitung.ch\\\/wp-content\\\/uploads\\\/2022\\\/05\\\/usericon_musikzeitung-96x96.jpg\",\"contentUrl\":\"https:\\\/\\\/www.musikzeitung.ch\\\/wp-content\\\/uploads\\\/2022\\\/05\\\/usericon_musikzeitung-96x96.jpg\",\"caption\":\"Musikzeitung-Redaktion\"},\"url\":\"https:\\\/\\\/www.musikzeitung.ch\\\/en\\\/author\\\/admin\"}]}<\/script>\n<!-- \/ Yoast SEO plugin. -->","yoast_head_json":{"title":"Joachim Raff to be rediscovered - Schweizer Musikzeitung","description":"The publishing house Breitkopf &amp; H\u00e4rtel and the Swiss Joachim Raff Society have agreed to intensify their cooperation.","robots":{"index":"index","follow":"follow","max-snippet":"max-snippet:-1","max-image-preview":"max-image-preview:large","max-video-preview":"max-video-preview:-1"},"canonical":"https:\/\/www.musikzeitung.ch\/en\/anlaesse\/klassik\/2018\/04\/joachim-raff-soll-wiederentdeckt-werden\/","og_locale":"en_US","og_type":"article","og_title":"Joachim Raff soll wiederentdeckt werden - Schweizer Musikzeitung","og_description":"Der Verlag Breitkopf & H\u00e4rtel und die Schweizer Joachim-Raff-Gesellschaft haben eine intensivere Zusammenarbeit vereinbart.","og_url":"https:\/\/www.musikzeitung.ch\/en\/anlaesse\/klassik\/2018\/04\/joachim-raff-soll-wiederentdeckt-werden\/","og_site_name":"Schweizer Musikzeitung","article_publisher":"https:\/\/www.facebook.com\/SchweizerMusikzeitung\/","article_published_time":"2018-04-15T23:00:00+00:00","article_modified_time":"2023-09-29T14:12:07+00:00","og_image":[{"width":554,"height":394,"url":"https:\/\/www.musikzeitung.ch\/wp-content\/uploads\/2023\/01\/180416raff-1.jpg","type":"image\/jpeg"}],"author":"Musikzeitung-Redaktion","twitter_card":"summary_large_image","twitter_creator":"@smusikzeitung","twitter_site":"@smusikzeitung","twitter_misc":{"Written by":"Musikzeitung-Redaktion","Est. reading time":"2 minutes"},"schema":{"@context":"https:\/\/schema.org","@graph":[{"@type":"Article","@id":"https:\/\/www.musikzeitung.ch\/anlaesse\/klassik\/2018\/04\/joachim-raff-soll-wiederentdeckt-werden#article","isPartOf":{"@id":"https:\/\/www.musikzeitung.ch\/anlaesse\/klassik\/2018\/04\/joachim-raff-soll-wiederentdeckt-werden"},"author":{"name":"Musikzeitung-Redaktion","@id":"https:\/\/www.musikzeitung.ch\/#\/schema\/person\/b2fd892c800856270b9dcc6001265712"},"headline":"Joachim Raff soll wiederentdeckt werden","datePublished":"2018-04-15T23:00:00+00:00","dateModified":"2023-09-29T14:12:07+00:00","mainEntityOfPage":{"@id":"https:\/\/www.musikzeitung.ch\/anlaesse\/klassik\/2018\/04\/joachim-raff-soll-wiederentdeckt-werden"},"wordCount":165,"publisher":{"@id":"https:\/\/www.musikzeitung.ch\/#organization"},"image":{"@id":"https:\/\/www.musikzeitung.ch\/anlaesse\/klassik\/2018\/04\/joachim-raff-soll-wiederentdeckt-werden#primaryimage"},"thumbnailUrl":"https:\/\/www.musikzeitung.ch\/wp-content\/uploads\/2023\/01\/180416raff-1.jpg","articleSection":["Klassik","News"],"inLanguage":"en-US"},{"@type":"WebPage","@id":"https:\/\/www.musikzeitung.ch\/anlaesse\/klassik\/2018\/04\/joachim-raff-soll-wiederentdeckt-werden","url":"https:\/\/www.musikzeitung.ch\/anlaesse\/klassik\/2018\/04\/joachim-raff-soll-wiederentdeckt-werden","name":"Joachim Raff to be rediscovered - Schweizer Musikzeitung","isPartOf":{"@id":"https:\/\/www.musikzeitung.ch\/#website"},"primaryImageOfPage":{"@id":"https:\/\/www.musikzeitung.ch\/anlaesse\/klassik\/2018\/04\/joachim-raff-soll-wiederentdeckt-werden#primaryimage"},"image":{"@id":"https:\/\/www.musikzeitung.ch\/anlaesse\/klassik\/2018\/04\/joachim-raff-soll-wiederentdeckt-werden#primaryimage"},"thumbnailUrl":"https:\/\/www.musikzeitung.ch\/wp-content\/uploads\/2023\/01\/180416raff-1.jpg","datePublished":"2018-04-15T23:00:00+00:00","dateModified":"2023-09-29T14:12:07+00:00","description":"The publishing house Breitkopf &amp; H\u00e4rtel and the Swiss Joachim Raff Society have agreed to intensify their cooperation.","breadcrumb":{"@id":"https:\/\/www.musikzeitung.ch\/anlaesse\/klassik\/2018\/04\/joachim-raff-soll-wiederentdeckt-werden#breadcrumb"},"inLanguage":"en-US","potentialAction":[{"@type":"ReadAction","target":["https:\/\/www.musikzeitung.ch\/anlaesse\/klassik\/2018\/04\/joachim-raff-soll-wiederentdeckt-werden"]}]},{"@type":"ImageObject","inLanguage":"en-US","@id":"https:\/\/www.musikzeitung.ch\/anlaesse\/klassik\/2018\/04\/joachim-raff-soll-wiederentdeckt-werden#primaryimage","url":"https:\/\/www.musikzeitung.ch\/wp-content\/uploads\/2023\/01\/180416raff-1.jpg","contentUrl":"https:\/\/www.musikzeitung.ch\/wp-content\/uploads\/2023\/01\/180416raff-1.jpg","width":554,"height":394},{"@type":"BreadcrumbList","@id":"https:\/\/www.musikzeitung.ch\/anlaesse\/klassik\/2018\/04\/joachim-raff-soll-wiederentdeckt-werden#breadcrumb","itemListElement":[{"@type":"ListItem","position":1,"name":"Home","item":"https:\/\/www.musikzeitung.ch\/"},{"@type":"ListItem","position":2,"name":"Joachim Raff soll wiederentdeckt werden"}]},{"@type":"WebSite","@id":"https:\/\/www.musikzeitung.ch\/#website","url":"https:\/\/www.musikzeitung.ch\/","name":"Swiss Music Newspaper","description":"The leading interdisciplinary monthly newspaper in Switzerland for musical issues.","publisher":{"@id":"https:\/\/www.musikzeitung.ch\/#organization"},"potentialAction":[{"@type":"SearchAction","target":{"@type":"EntryPoint","urlTemplate":"https:\/\/www.musikzeitung.ch\/?s={search_term_string}"},"query-input":{"@type":"PropertyValueSpecification","valueRequired":true,"valueName":"search_term_string"}}],"inLanguage":"en-US"},{"@type":"Organization","@id":"https:\/\/www.musikzeitung.ch\/#organization","name":"Swiss Music Newspaper","url":"https:\/\/www.musikzeitung.ch\/","logo":{"@type":"ImageObject","inLanguage":"en-US","@id":"https:\/\/www.musikzeitung.ch\/#\/schema\/logo\/image\/","url":"https:\/\/www.musikzeitung.ch\/wp-content\/uploads\/2023\/01\/SMZ_Schriftzug_Sprache.png","contentUrl":"https:\/\/www.musikzeitung.ch\/wp-content\/uploads\/2023\/01\/SMZ_Schriftzug_Sprache.png","width":1400,"height":279,"caption":"Schweizer Musikzeitung"},"image":{"@id":"https:\/\/www.musikzeitung.ch\/#\/schema\/logo\/image\/"},"sameAs":["https:\/\/www.facebook.com\/SchweizerMusikzeitung\/","https:\/\/x.com\/smusikzeitung","https:\/\/www.instagram.com\/musikzeitung.ch\/"]},{"@type":"Person","@id":"https:\/\/www.musikzeitung.ch\/#\/schema\/person\/b2fd892c800856270b9dcc6001265712","name":"Music newspaper editorial office","image":{"@type":"ImageObject","inLanguage":"en-US","@id":"https:\/\/www.musikzeitung.ch\/wp-content\/uploads\/2022\/05\/usericon_musikzeitung-96x96.jpg","url":"https:\/\/www.musikzeitung.ch\/wp-content\/uploads\/2022\/05\/usericon_musikzeitung-96x96.jpg","contentUrl":"https:\/\/www.musikzeitung.ch\/wp-content\/uploads\/2022\/05\/usericon_musikzeitung-96x96.jpg","caption":"Musikzeitung-Redaktion"},"url":"https:\/\/www.musikzeitung.ch\/en\/author\/admin"}]}},"publishpress_future_workflow_manual_trigger":{"enabledWorkflows":[]},"_links":{"self":[{"href":"https:\/\/www.musikzeitung.ch\/en\/wp-json\/wp\/v2\/posts\/784","targetHints":{"allow":["GET"]}}],"collection":[{"href":"https:\/\/www.musikzeitung.ch\/en\/wp-json\/wp\/v2\/posts"}],"about":[{"href":"https:\/\/www.musikzeitung.ch\/en\/wp-json\/wp\/v2\/types\/post"}],"author":[{"embeddable":true,"href":"https:\/\/www.musikzeitung.ch\/en\/wp-json\/wp\/v2\/users\/1"}],"replies":[{"embeddable":true,"href":"https:\/\/www.musikzeitung.ch\/en\/wp-json\/wp\/v2\/comments?post=784"}],"version-history":[{"count":2,"href":"https:\/\/www.musikzeitung.ch\/en\/wp-json\/wp\/v2\/posts\/784\/revisions"}],"predecessor-version":[{"id":47954,"href":"https:\/\/www.musikzeitung.ch\/en\/wp-json\/wp\/v2\/posts\/784\/revisions\/47954"}],"wp:featuredmedia":[{"embeddable":true,"href":"https:\/\/www.musikzeitung.ch\/en\/wp-json\/wp\/v2\/media\/785"}],"wp:attachment":[{"href":"https:\/\/www.musikzeitung.ch\/en\/wp-json\/wp\/v2\/media?parent=784"}],"wp:term":[{"taxonomy":"category","embeddable":true,"href":"https:\/\/www.musikzeitung.ch\/en\/wp-json\/wp\/v2\/categories?post=784"},{"taxonomy":"post_tag","embeddable":true,"href":"https:\/\/www.musikzeitung.ch\/en\/wp-json\/wp\/v2\/tags?post=784"}],"curies":[{"name":"wp","href":"https:\/\/api.w.org\/{rel}","templated":true}]}}