{"id":8289,"date":"2014-07-01T00:00:00","date_gmt":"2014-06-30T23:00:00","guid":{"rendered":"https:\/\/www.musikzeitung.ch\/allgemein\/merkwuerdiger-eigensinn\/"},"modified":"2024-10-07T12:00:24","modified_gmt":"2024-10-07T10:00:24","slug":"merkwuerdiger-eigensinn","status":"publish","type":"post","link":"https:\/\/www.musikzeitung.ch\/en\/rezensionen\/tontraeger-rezensionen\/2014\/07\/merkwuerdiger-eigensinn","title":{"rendered":"Strange obstinacy"},"content":{"rendered":"<div class=\"text-section\">\n<figure id=\"attachment_59229\" aria-describedby=\"caption-attachment-59229\" style=\"width: 986px\" class=\"wp-caption alignnone\"><img loading=\"lazy\" decoding=\"async\" class=\"wp-image-59229 size-full\" src=\"https:\/\/www.musikzeitung.ch\/wp-content\/uploads\/2014\/07\/Bildnis_des_Musikers_Hermann_Suter_1922.jpg\" alt=\"\" width=\"986\" height=\"768\" srcset=\"https:\/\/www.musikzeitung.ch\/wp-content\/uploads\/2014\/07\/Bildnis_des_Musikers_Hermann_Suter_1922.jpg 986w, https:\/\/www.musikzeitung.ch\/wp-content\/uploads\/2014\/07\/Bildnis_des_Musikers_Hermann_Suter_1922-300x234.jpg 300w, https:\/\/www.musikzeitung.ch\/wp-content\/uploads\/2014\/07\/Bildnis_des_Musikers_Hermann_Suter_1922-768x598.jpg 768w, https:\/\/www.musikzeitung.ch\/wp-content\/uploads\/2014\/07\/Bildnis_des_Musikers_Hermann_Suter_1922-15x12.jpg 15w, https:\/\/www.musikzeitung.ch\/wp-content\/uploads\/2014\/07\/Bildnis_des_Musikers_Hermann_Suter_1922-225x175.jpg 225w, https:\/\/www.musikzeitung.ch\/wp-content\/uploads\/2014\/07\/Bildnis_des_Musikers_Hermann_Suter_1922-449x350.jpg 449w, https:\/\/www.musikzeitung.ch\/wp-content\/uploads\/2014\/07\/Bildnis_des_Musikers_Hermann_Suter_1922-920x717.jpg 920w\" sizes=\"auto, (max-width: 986px) 100vw, 986px\" \/><figcaption id=\"caption-attachment-59229\" class=\"wp-caption-text\">Portrait of Hermann Suter by Heinrich Altherr, 1922 Source: <a href=\"https:\/\/commons.wikimedia.org\/wiki\/File:Bildnis_des_Musikers_Hermann_Suter,_1922.jpg?uselang=de\" target=\"_blank\" rel=\"noopener\">Kunstmuseum Basel \/ wikimedia commons<\/a><\/figcaption><\/figure>\n<p>Hermann Suter is nothing like an old acquaintance. He was active in Switzerland, conducting the Basler Gesangsverein, the Basler Liedertafel and the symphonic concert series of the Allgemeine Musikgesellschaft. In addition to his many conducting engagements, to which he added the directorship of the Basel Music School and the Basel Conservatory from 1918-1921, he only produced a small compositional oeuvre. If anyone knows Suter, it probably goes back to his encounter with the oratorio <em>Le laudi di S Francesco d'Assisi<\/em> (1925) and the violin concerto op. 23 (1924) dedicated to the violinist Adolf Busch.<\/p>\n<p>The three string quartets published in the Musiques Suisses series now provide a beautiful insight into the chamber music and the composer's career. Suter composed his first quartet in D major in 1901, his second in C sharp minor in 1910 and the last, so-called \"Blackbird Calls\" quartet op. 20 in G major in 1918. None of the three are progressive. Points of reference are primarily Johannes Brahms, on a second level Richard Wagner alongside Max Reger and on a third level the influence of Beethoven, whom Suter always admired, is palpable. The quartets are not as deeply enigmatic as Beethoven's late works. But they do contain surprises. Even in the first - particularly clearly at the beginning of the second movement \"Moderato, con svogliatezza\" - there are unusual twists and turns that cannot be explained by the German reference points.<\/p>\n<p>At least a certain independence is noticeable. In the third string quartet, it turns into a somewhat disconcerting obstinacy. Shortly after the end of the First World War, Suter retreats, as booklet author Georg-Albrecht Eckle rightly puts it, \"almost childlike into the idyll that he revives in a cheerfully melancholy, extremely detached three-movement quartet\".<\/p>\n<p>In addition to such historical \"transverse positions\", there are also some intonational slants. Since the Beethoven Quartet are seasoned professionals, the microtonal enrichments are probably due to time constraints during the recording. Despite some reservations: The CD remains an eloquent treasure trove for a Swiss music history that has yet to be written.<\/p>\n<div class=\"text-section\">\n<dl class=\"picture media photo\">\n<dt><img decoding=\"async\" class=\"media photo aligncenter\" src=\"https:\/\/old.musikzeitung.ch\/imaging\/stk\/musikzeitung\/article-image-left\/website\/de\/rezensionen\/tontraeger\/2014\/07\/suter-quartette\/content\/02\/imageBinary\/Sutercover.jpg\" alt=\"Image \" \/><\/dt>\n<\/dl>\n<\/div>\n<div class=\"text-section\">\n<p><em>Hermann Suter: Complete String Quartets. Beethoven Quartet: M\u00e1ty\u00e1s Bartha, Laurentius Bonitz, violin; Vahagn Aristakesyan, viola; Carlos Conrad, violoncello. Musiques Suisses MGB CD 6279<\/em><\/p>\n<\/div>\n<\/div>","protected":false},"excerpt":{"rendered":"<p><strong>Three string quartets, composed over the course of 20 years, provide an insight into Hermann Suter's chamber music. <\/strong><\/p>","protected":false},"author":1,"featured_media":59229,"comment_status":"closed","ping_status":"closed","sticky":false,"template":"","format":"standard","meta":{"_acf_changed":false,"_relevanssi_hide_post":"","_relevanssi_hide_content":"","_relevanssi_pin_for_all":"","_relevanssi_pin_keywords":"","_relevanssi_unpin_keywords":"","_relevanssi_related_keywords":"","_relevanssi_related_include_ids":"","_relevanssi_related_exclude_ids":"","_relevanssi_related_no_append":"","_relevanssi_related_not_related":"","_relevanssi_related_posts":"","_relevanssi_noindex_reason":"","pgc_sgb_lightbox_settings":"","footnotes":""},"categories":[29,1420],"tags":[],"class_list":["post-8289","post","type-post","status-publish","format-standard","has-post-thumbnail","hentry","category-rezensionen","category-tontraeger-rezensionen"],"acf":[],"yoast_head":"<!-- This site is optimized with the Yoast SEO plugin v27.4 - https:\/\/yoast.com\/product\/yoast-seo-wordpress\/ -->\n<title>Merkw\u00fcrdiger Eigensinn - Schweizer Musikzeitung<\/title>\n<meta name=\"robots\" content=\"index, follow, max-snippet:-1, max-image-preview:large, max-video-preview:-1\" \/>\n<link rel=\"canonical\" href=\"https:\/\/www.musikzeitung.ch\/en\/rezensionen\/tontraeger-rezensionen\/2014\/07\/merkwuerdiger-eigensinn\/\" \/>\n<meta property=\"og:locale\" content=\"en_US\" \/>\n<meta property=\"og:type\" content=\"article\" \/>\n<meta property=\"og:title\" content=\"Merkw\u00fcrdiger Eigensinn - Schweizer Musikzeitung\" \/>\n<meta property=\"og:description\" content=\"Drei Streichquartette, komponiert im Verlauf von 20 Jahren, geben Einblick in die Kammermusik Hermann Suters.\" \/>\n<meta property=\"og:url\" content=\"https:\/\/www.musikzeitung.ch\/en\/rezensionen\/tontraeger-rezensionen\/2014\/07\/merkwuerdiger-eigensinn\/\" \/>\n<meta property=\"og:site_name\" content=\"Schweizer Musikzeitung\" \/>\n<meta property=\"article:publisher\" content=\"https:\/\/www.facebook.com\/SchweizerMusikzeitung\/\" \/>\n<meta property=\"article:published_time\" content=\"2014-06-30T23:00:00+00:00\" \/>\n<meta property=\"article:modified_time\" content=\"2024-10-07T10:00:24+00:00\" \/>\n<meta property=\"og:image\" content=\"https:\/\/www.musikzeitung.ch\/wp-content\/uploads\/2014\/07\/Bildnis_des_Musikers_Hermann_Suter_1922.jpg\" \/>\n\t<meta property=\"og:image:width\" content=\"986\" \/>\n\t<meta property=\"og:image:height\" content=\"768\" \/>\n\t<meta property=\"og:image:type\" content=\"image\/jpeg\" \/>\n<meta name=\"author\" content=\"Musikzeitung-Redaktion\" \/>\n<meta name=\"twitter:card\" content=\"summary_large_image\" \/>\n<meta name=\"twitter:creator\" content=\"@smusikzeitung\" \/>\n<meta name=\"twitter:site\" content=\"@smusikzeitung\" \/>\n<meta name=\"twitter:label1\" content=\"Written by\" \/>\n\t<meta name=\"twitter:data1\" content=\"Musikzeitung-Redaktion\" \/>\n\t<meta name=\"twitter:label2\" content=\"Est. reading time\" \/>\n\t<meta name=\"twitter:data2\" content=\"3 minutes\" \/>\n<script type=\"application\/ld+json\" class=\"yoast-schema-graph\">{\"@context\":\"https:\\\/\\\/schema.org\",\"@graph\":[{\"@type\":\"Article\",\"@id\":\"https:\\\/\\\/www.musikzeitung.ch\\\/rezensionen\\\/tontraeger-rezensionen\\\/2014\\\/07\\\/merkwuerdiger-eigensinn#article\",\"isPartOf\":{\"@id\":\"https:\\\/\\\/www.musikzeitung.ch\\\/rezensionen\\\/tontraeger-rezensionen\\\/2014\\\/07\\\/merkwuerdiger-eigensinn\"},\"author\":{\"name\":\"Musikzeitung-Redaktion\",\"@id\":\"https:\\\/\\\/www.musikzeitung.ch\\\/#\\\/schema\\\/person\\\/b2fd892c800856270b9dcc6001265712\"},\"headline\":\"Merkw\u00fcrdiger Eigensinn\",\"datePublished\":\"2014-06-30T23:00:00+00:00\",\"dateModified\":\"2024-10-07T10:00:24+00:00\",\"mainEntityOfPage\":{\"@id\":\"https:\\\/\\\/www.musikzeitung.ch\\\/rezensionen\\\/tontraeger-rezensionen\\\/2014\\\/07\\\/merkwuerdiger-eigensinn\"},\"wordCount\":370,\"publisher\":{\"@id\":\"https:\\\/\\\/www.musikzeitung.ch\\\/#organization\"},\"image\":{\"@id\":\"https:\\\/\\\/www.musikzeitung.ch\\\/rezensionen\\\/tontraeger-rezensionen\\\/2014\\\/07\\\/merkwuerdiger-eigensinn#primaryimage\"},\"thumbnailUrl\":\"https:\\\/\\\/www.musikzeitung.ch\\\/wp-content\\\/uploads\\\/2014\\\/07\\\/Bildnis_des_Musikers_Hermann_Suter_1922.jpg\",\"articleSection\":[\"Rezensionen\",\"Tontr\u00e4ger\"],\"inLanguage\":\"en-US\"},{\"@type\":\"WebPage\",\"@id\":\"https:\\\/\\\/www.musikzeitung.ch\\\/rezensionen\\\/tontraeger-rezensionen\\\/2014\\\/07\\\/merkwuerdiger-eigensinn\",\"url\":\"https:\\\/\\\/www.musikzeitung.ch\\\/rezensionen\\\/tontraeger-rezensionen\\\/2014\\\/07\\\/merkwuerdiger-eigensinn\",\"name\":\"Merkw\u00fcrdiger Eigensinn - Schweizer Musikzeitung\",\"isPartOf\":{\"@id\":\"https:\\\/\\\/www.musikzeitung.ch\\\/#website\"},\"primaryImageOfPage\":{\"@id\":\"https:\\\/\\\/www.musikzeitung.ch\\\/rezensionen\\\/tontraeger-rezensionen\\\/2014\\\/07\\\/merkwuerdiger-eigensinn#primaryimage\"},\"image\":{\"@id\":\"https:\\\/\\\/www.musikzeitung.ch\\\/rezensionen\\\/tontraeger-rezensionen\\\/2014\\\/07\\\/merkwuerdiger-eigensinn#primaryimage\"},\"thumbnailUrl\":\"https:\\\/\\\/www.musikzeitung.ch\\\/wp-content\\\/uploads\\\/2014\\\/07\\\/Bildnis_des_Musikers_Hermann_Suter_1922.jpg\",\"datePublished\":\"2014-06-30T23:00:00+00:00\",\"dateModified\":\"2024-10-07T10:00:24+00:00\",\"breadcrumb\":{\"@id\":\"https:\\\/\\\/www.musikzeitung.ch\\\/rezensionen\\\/tontraeger-rezensionen\\\/2014\\\/07\\\/merkwuerdiger-eigensinn#breadcrumb\"},\"inLanguage\":\"en-US\",\"potentialAction\":[{\"@type\":\"ReadAction\",\"target\":[\"https:\\\/\\\/www.musikzeitung.ch\\\/rezensionen\\\/tontraeger-rezensionen\\\/2014\\\/07\\\/merkwuerdiger-eigensinn\"]}]},{\"@type\":\"ImageObject\",\"inLanguage\":\"en-US\",\"@id\":\"https:\\\/\\\/www.musikzeitung.ch\\\/rezensionen\\\/tontraeger-rezensionen\\\/2014\\\/07\\\/merkwuerdiger-eigensinn#primaryimage\",\"url\":\"https:\\\/\\\/www.musikzeitung.ch\\\/wp-content\\\/uploads\\\/2014\\\/07\\\/Bildnis_des_Musikers_Hermann_Suter_1922.jpg\",\"contentUrl\":\"https:\\\/\\\/www.musikzeitung.ch\\\/wp-content\\\/uploads\\\/2014\\\/07\\\/Bildnis_des_Musikers_Hermann_Suter_1922.jpg\",\"width\":986,\"height\":768},{\"@type\":\"BreadcrumbList\",\"@id\":\"https:\\\/\\\/www.musikzeitung.ch\\\/rezensionen\\\/tontraeger-rezensionen\\\/2014\\\/07\\\/merkwuerdiger-eigensinn#breadcrumb\",\"itemListElement\":[{\"@type\":\"ListItem\",\"position\":1,\"name\":\"Home\",\"item\":\"https:\\\/\\\/www.musikzeitung.ch\\\/\"},{\"@type\":\"ListItem\",\"position\":2,\"name\":\"Merkw\u00fcrdiger Eigensinn\"}]},{\"@type\":\"WebSite\",\"@id\":\"https:\\\/\\\/www.musikzeitung.ch\\\/#website\",\"url\":\"https:\\\/\\\/www.musikzeitung.ch\\\/\",\"name\":\"Schweizer Musikzeitung\",\"description\":\"Die f\u00fchrende sparten\u00fcbergreifende Monatszeitung in der Schweiz f\u00fcr musikalische Fragen.\",\"publisher\":{\"@id\":\"https:\\\/\\\/www.musikzeitung.ch\\\/#organization\"},\"potentialAction\":[{\"@type\":\"SearchAction\",\"target\":{\"@type\":\"EntryPoint\",\"urlTemplate\":\"https:\\\/\\\/www.musikzeitung.ch\\\/?s={search_term_string}\"},\"query-input\":{\"@type\":\"PropertyValueSpecification\",\"valueRequired\":true,\"valueName\":\"search_term_string\"}}],\"inLanguage\":\"en-US\"},{\"@type\":\"Organization\",\"@id\":\"https:\\\/\\\/www.musikzeitung.ch\\\/#organization\",\"name\":\"Schweizer Musikzeitung\",\"url\":\"https:\\\/\\\/www.musikzeitung.ch\\\/\",\"logo\":{\"@type\":\"ImageObject\",\"inLanguage\":\"en-US\",\"@id\":\"https:\\\/\\\/www.musikzeitung.ch\\\/#\\\/schema\\\/logo\\\/image\\\/\",\"url\":\"https:\\\/\\\/www.musikzeitung.ch\\\/wp-content\\\/uploads\\\/2023\\\/01\\\/SMZ_Schriftzug_Sprache.png\",\"contentUrl\":\"https:\\\/\\\/www.musikzeitung.ch\\\/wp-content\\\/uploads\\\/2023\\\/01\\\/SMZ_Schriftzug_Sprache.png\",\"width\":1400,\"height\":279,\"caption\":\"Schweizer Musikzeitung\"},\"image\":{\"@id\":\"https:\\\/\\\/www.musikzeitung.ch\\\/#\\\/schema\\\/logo\\\/image\\\/\"},\"sameAs\":[\"https:\\\/\\\/www.facebook.com\\\/SchweizerMusikzeitung\\\/\",\"https:\\\/\\\/x.com\\\/smusikzeitung\",\"https:\\\/\\\/www.instagram.com\\\/musikzeitung.ch\\\/\"]},{\"@type\":\"Person\",\"@id\":\"https:\\\/\\\/www.musikzeitung.ch\\\/#\\\/schema\\\/person\\\/b2fd892c800856270b9dcc6001265712\",\"name\":\"Musikzeitung-Redaktion\",\"image\":{\"@type\":\"ImageObject\",\"inLanguage\":\"en-US\",\"@id\":\"https:\\\/\\\/www.musikzeitung.ch\\\/wp-content\\\/uploads\\\/2022\\\/05\\\/usericon_musikzeitung-96x96.jpg\",\"url\":\"https:\\\/\\\/www.musikzeitung.ch\\\/wp-content\\\/uploads\\\/2022\\\/05\\\/usericon_musikzeitung-96x96.jpg\",\"contentUrl\":\"https:\\\/\\\/www.musikzeitung.ch\\\/wp-content\\\/uploads\\\/2022\\\/05\\\/usericon_musikzeitung-96x96.jpg\",\"caption\":\"Musikzeitung-Redaktion\"},\"url\":\"https:\\\/\\\/www.musikzeitung.ch\\\/en\\\/author\\\/admin\"}]}<\/script>\n<!-- \/ Yoast SEO plugin. -->","yoast_head_json":{"title":"Strange obstinacy - Schweizer Musikzeitung","robots":{"index":"index","follow":"follow","max-snippet":"max-snippet:-1","max-image-preview":"max-image-preview:large","max-video-preview":"max-video-preview:-1"},"canonical":"https:\/\/www.musikzeitung.ch\/en\/rezensionen\/tontraeger-rezensionen\/2014\/07\/merkwuerdiger-eigensinn\/","og_locale":"en_US","og_type":"article","og_title":"Merkw\u00fcrdiger Eigensinn - Schweizer Musikzeitung","og_description":"Drei Streichquartette, komponiert im Verlauf von 20 Jahren, geben Einblick in die Kammermusik Hermann Suters.","og_url":"https:\/\/www.musikzeitung.ch\/en\/rezensionen\/tontraeger-rezensionen\/2014\/07\/merkwuerdiger-eigensinn\/","og_site_name":"Schweizer Musikzeitung","article_publisher":"https:\/\/www.facebook.com\/SchweizerMusikzeitung\/","article_published_time":"2014-06-30T23:00:00+00:00","article_modified_time":"2024-10-07T10:00:24+00:00","og_image":[{"width":986,"height":768,"url":"https:\/\/www.musikzeitung.ch\/wp-content\/uploads\/2014\/07\/Bildnis_des_Musikers_Hermann_Suter_1922.jpg","type":"image\/jpeg"}],"author":"Musikzeitung-Redaktion","twitter_card":"summary_large_image","twitter_creator":"@smusikzeitung","twitter_site":"@smusikzeitung","twitter_misc":{"Written by":"Musikzeitung-Redaktion","Est. reading time":"3 minutes"},"schema":{"@context":"https:\/\/schema.org","@graph":[{"@type":"Article","@id":"https:\/\/www.musikzeitung.ch\/rezensionen\/tontraeger-rezensionen\/2014\/07\/merkwuerdiger-eigensinn#article","isPartOf":{"@id":"https:\/\/www.musikzeitung.ch\/rezensionen\/tontraeger-rezensionen\/2014\/07\/merkwuerdiger-eigensinn"},"author":{"name":"Musikzeitung-Redaktion","@id":"https:\/\/www.musikzeitung.ch\/#\/schema\/person\/b2fd892c800856270b9dcc6001265712"},"headline":"Merkw\u00fcrdiger Eigensinn","datePublished":"2014-06-30T23:00:00+00:00","dateModified":"2024-10-07T10:00:24+00:00","mainEntityOfPage":{"@id":"https:\/\/www.musikzeitung.ch\/rezensionen\/tontraeger-rezensionen\/2014\/07\/merkwuerdiger-eigensinn"},"wordCount":370,"publisher":{"@id":"https:\/\/www.musikzeitung.ch\/#organization"},"image":{"@id":"https:\/\/www.musikzeitung.ch\/rezensionen\/tontraeger-rezensionen\/2014\/07\/merkwuerdiger-eigensinn#primaryimage"},"thumbnailUrl":"https:\/\/www.musikzeitung.ch\/wp-content\/uploads\/2014\/07\/Bildnis_des_Musikers_Hermann_Suter_1922.jpg","articleSection":["Rezensionen","Tontr\u00e4ger"],"inLanguage":"en-US"},{"@type":"WebPage","@id":"https:\/\/www.musikzeitung.ch\/rezensionen\/tontraeger-rezensionen\/2014\/07\/merkwuerdiger-eigensinn","url":"https:\/\/www.musikzeitung.ch\/rezensionen\/tontraeger-rezensionen\/2014\/07\/merkwuerdiger-eigensinn","name":"Strange obstinacy - Schweizer Musikzeitung","isPartOf":{"@id":"https:\/\/www.musikzeitung.ch\/#website"},"primaryImageOfPage":{"@id":"https:\/\/www.musikzeitung.ch\/rezensionen\/tontraeger-rezensionen\/2014\/07\/merkwuerdiger-eigensinn#primaryimage"},"image":{"@id":"https:\/\/www.musikzeitung.ch\/rezensionen\/tontraeger-rezensionen\/2014\/07\/merkwuerdiger-eigensinn#primaryimage"},"thumbnailUrl":"https:\/\/www.musikzeitung.ch\/wp-content\/uploads\/2014\/07\/Bildnis_des_Musikers_Hermann_Suter_1922.jpg","datePublished":"2014-06-30T23:00:00+00:00","dateModified":"2024-10-07T10:00:24+00:00","breadcrumb":{"@id":"https:\/\/www.musikzeitung.ch\/rezensionen\/tontraeger-rezensionen\/2014\/07\/merkwuerdiger-eigensinn#breadcrumb"},"inLanguage":"en-US","potentialAction":[{"@type":"ReadAction","target":["https:\/\/www.musikzeitung.ch\/rezensionen\/tontraeger-rezensionen\/2014\/07\/merkwuerdiger-eigensinn"]}]},{"@type":"ImageObject","inLanguage":"en-US","@id":"https:\/\/www.musikzeitung.ch\/rezensionen\/tontraeger-rezensionen\/2014\/07\/merkwuerdiger-eigensinn#primaryimage","url":"https:\/\/www.musikzeitung.ch\/wp-content\/uploads\/2014\/07\/Bildnis_des_Musikers_Hermann_Suter_1922.jpg","contentUrl":"https:\/\/www.musikzeitung.ch\/wp-content\/uploads\/2014\/07\/Bildnis_des_Musikers_Hermann_Suter_1922.jpg","width":986,"height":768},{"@type":"BreadcrumbList","@id":"https:\/\/www.musikzeitung.ch\/rezensionen\/tontraeger-rezensionen\/2014\/07\/merkwuerdiger-eigensinn#breadcrumb","itemListElement":[{"@type":"ListItem","position":1,"name":"Home","item":"https:\/\/www.musikzeitung.ch\/"},{"@type":"ListItem","position":2,"name":"Merkw\u00fcrdiger Eigensinn"}]},{"@type":"WebSite","@id":"https:\/\/www.musikzeitung.ch\/#website","url":"https:\/\/www.musikzeitung.ch\/","name":"Swiss Music Newspaper","description":"The leading interdisciplinary monthly newspaper in Switzerland for musical issues.","publisher":{"@id":"https:\/\/www.musikzeitung.ch\/#organization"},"potentialAction":[{"@type":"SearchAction","target":{"@type":"EntryPoint","urlTemplate":"https:\/\/www.musikzeitung.ch\/?s={search_term_string}"},"query-input":{"@type":"PropertyValueSpecification","valueRequired":true,"valueName":"search_term_string"}}],"inLanguage":"en-US"},{"@type":"Organization","@id":"https:\/\/www.musikzeitung.ch\/#organization","name":"Swiss Music Newspaper","url":"https:\/\/www.musikzeitung.ch\/","logo":{"@type":"ImageObject","inLanguage":"en-US","@id":"https:\/\/www.musikzeitung.ch\/#\/schema\/logo\/image\/","url":"https:\/\/www.musikzeitung.ch\/wp-content\/uploads\/2023\/01\/SMZ_Schriftzug_Sprache.png","contentUrl":"https:\/\/www.musikzeitung.ch\/wp-content\/uploads\/2023\/01\/SMZ_Schriftzug_Sprache.png","width":1400,"height":279,"caption":"Schweizer Musikzeitung"},"image":{"@id":"https:\/\/www.musikzeitung.ch\/#\/schema\/logo\/image\/"},"sameAs":["https:\/\/www.facebook.com\/SchweizerMusikzeitung\/","https:\/\/x.com\/smusikzeitung","https:\/\/www.instagram.com\/musikzeitung.ch\/"]},{"@type":"Person","@id":"https:\/\/www.musikzeitung.ch\/#\/schema\/person\/b2fd892c800856270b9dcc6001265712","name":"Music newspaper editorial office","image":{"@type":"ImageObject","inLanguage":"en-US","@id":"https:\/\/www.musikzeitung.ch\/wp-content\/uploads\/2022\/05\/usericon_musikzeitung-96x96.jpg","url":"https:\/\/www.musikzeitung.ch\/wp-content\/uploads\/2022\/05\/usericon_musikzeitung-96x96.jpg","contentUrl":"https:\/\/www.musikzeitung.ch\/wp-content\/uploads\/2022\/05\/usericon_musikzeitung-96x96.jpg","caption":"Musikzeitung-Redaktion"},"url":"https:\/\/www.musikzeitung.ch\/en\/author\/admin"}]}},"publishpress_future_workflow_manual_trigger":{"enabledWorkflows":[]},"_links":{"self":[{"href":"https:\/\/www.musikzeitung.ch\/en\/wp-json\/wp\/v2\/posts\/8289","targetHints":{"allow":["GET"]}}],"collection":[{"href":"https:\/\/www.musikzeitung.ch\/en\/wp-json\/wp\/v2\/posts"}],"about":[{"href":"https:\/\/www.musikzeitung.ch\/en\/wp-json\/wp\/v2\/types\/post"}],"author":[{"embeddable":true,"href":"https:\/\/www.musikzeitung.ch\/en\/wp-json\/wp\/v2\/users\/1"}],"replies":[{"embeddable":true,"href":"https:\/\/www.musikzeitung.ch\/en\/wp-json\/wp\/v2\/comments?post=8289"}],"version-history":[{"count":2,"href":"https:\/\/www.musikzeitung.ch\/en\/wp-json\/wp\/v2\/posts\/8289\/revisions"}],"predecessor-version":[{"id":59233,"href":"https:\/\/www.musikzeitung.ch\/en\/wp-json\/wp\/v2\/posts\/8289\/revisions\/59233"}],"wp:featuredmedia":[{"embeddable":true,"href":"https:\/\/www.musikzeitung.ch\/en\/wp-json\/wp\/v2\/media\/59229"}],"wp:attachment":[{"href":"https:\/\/www.musikzeitung.ch\/en\/wp-json\/wp\/v2\/media?parent=8289"}],"wp:term":[{"taxonomy":"category","embeddable":true,"href":"https:\/\/www.musikzeitung.ch\/en\/wp-json\/wp\/v2\/categories?post=8289"},{"taxonomy":"post_tag","embeddable":true,"href":"https:\/\/www.musikzeitung.ch\/en\/wp-json\/wp\/v2\/tags?post=8289"}],"curies":[{"name":"wp","href":"https:\/\/api.w.org\/{rel}","templated":true}]}}