{"id":8377,"date":"2020-09-01T00:00:00","date_gmt":"2020-08-31T23:00:00","guid":{"rendered":"https:\/\/www.musikzeitung.ch\/allgemein\/bach-im-netz\/"},"modified":"2024-08-15T10:30:36","modified_gmt":"2024-08-15T08:30:36","slug":"bach-im-netz","status":"publish","type":"post","link":"https:\/\/www.musikzeitung.ch\/en\/rezensionen\/web\/2020\/09\/bach-im-netz","title":{"rendered":"Bach on the net"},"content":{"rendered":"<figure style=\"width: 554px\" class=\"wp-caption alignnone\"><img loading=\"lazy\" decoding=\"async\" src=\"https:\/\/www.musikzeitung.ch\/wp-content\/uploads\/2023\/01\/Videostill.png\" alt=\"\" width=\"554\" height=\"342\" \/><figcaption class=\"wp-caption-text\">Video still from \"What you always wanted to know about improvisation\", Xo\u00e1n Casti\u00f1eira, Rudolf Lutz<\/figcaption><\/figure>\n<div class=\"text-section\">\n<p>\"Cantata performances impossible - but we're streaming anyway!\" This is how the St. Gallen Bach Foundation welcomes visitors to its website <em>bachipedia.org<\/em>. The coronavirus crisis has temporarily disrupted her schedule of performing all Bach cantatas in recitals by 2027 and making the live recordings accessible worldwide. To bridge the gap, it has now turned its web portal into a showcase for current streaming activities. Similarly, the Stuttgart International Bach Academy is now streaming its concerts under the title <em>Baroque@home<\/em> has been replaced by highly interesting monthly web podcasts on key works of Baroque music. Both Stuttgart and Sankt Gallen present themselves with high-quality and technically and dramaturgically absolutely professionally produced content. Both make clever use of the educational opportunities offered by the new media and explicitly address the younger generation. The historical discipline of baroque music has firmly established itself on the Internet.<\/p>\n<p>\"Everything you always wanted to know about improvisation\" is the title of a recently published <em>bachipedia.org<\/em> published stream with a musical conversation between the musically talented managing director Xo\u00e1n Casti\u00f1eira and Rudolf Lutz, artistic director and mastermind of the entire company. In English, German and Spanish, the two give a relaxed and well-founded introduction to baroque improvisation practice in the empty church of Stein\/AR. The audience is spellbound as Lutz improvises a fugue in C sharp minor on the D minor theme of the \"Art of Fugue\" or musically depicts different emotions when called upon. Creativity born of necessity - the distant past is brought to life in a captivating way. It is not the only contribution on this web portal that will amaze you. <em>Bachipedia.org <\/em>is accessible to the general public, and those who enter here will find themselves in a veritable treasure trove of baroque music culture.<\/p>\n<p><em><a href=\"https:\/\/www.bachipedia.org\" target=\"_blank\" rel=\"noopener\">https:\/\/www.bachipedia.org <\/a><br \/>\n<a href=\"https:\/\/www.bachipedia.org\/live_stream\/improvisation-20200619\/\" target=\"_blank\" rel=\"noopener\">https:\/\/www.bachipedia.org\/live_stream\/improvisation-20200619\/<\/a><br \/>\n<a href=\"https:\/\/mediathek.bachakademie.de\/\" target=\"_blank\" rel=\"noopener\">https:\/\/mediathek.bachakademie.de\/<\/a><\/em><\/p>\n<\/div>","protected":false},"excerpt":{"rendered":"<p><strong>The St. Gallen Bach Foundation lets interested parties take part in its cantata performances online. Recently, there is also an introduction to baroque improvisation to discover. The Bachakademie Stuttgart offers a similar format.<\/p>\n<p><\/strong><\/p>","protected":false},"author":1,"featured_media":8378,"comment_status":"closed","ping_status":"closed","sticky":false,"template":"","format":"standard","meta":{"_acf_changed":false,"_relevanssi_hide_post":"","_relevanssi_hide_content":"","_relevanssi_pin_for_all":"","_relevanssi_pin_keywords":"","_relevanssi_unpin_keywords":"","_relevanssi_related_keywords":"","_relevanssi_related_include_ids":"","_relevanssi_related_exclude_ids":"","_relevanssi_related_no_append":"","_relevanssi_related_not_related":"","_relevanssi_related_posts":"","_relevanssi_noindex_reason":"","pgc_sgb_lightbox_settings":"","footnotes":""},"categories":[29,1518],"tags":[1717,1733,1734,1732],"class_list":["post-8377","post","type-post","status-publish","format-standard","has-post-thumbnail","hentry","category-rezensionen","category-web","tag-bach","tag-kantaten","tag-lutz","tag-st-galler-bachstiftung"],"acf":[],"yoast_head":"<!-- This site is optimized with the Yoast SEO plugin v27.4 - https:\/\/yoast.com\/product\/yoast-seo-wordpress\/ -->\n<title>Bach im Netz - Schweizer Musikzeitung<\/title>\n<meta name=\"robots\" content=\"index, follow, max-snippet:-1, max-image-preview:large, max-video-preview:-1\" \/>\n<link rel=\"canonical\" href=\"https:\/\/www.musikzeitung.ch\/en\/rezensionen\/web\/2020\/09\/bach-im-netz\/\" \/>\n<meta property=\"og:locale\" content=\"en_US\" \/>\n<meta property=\"og:type\" content=\"article\" \/>\n<meta property=\"og:title\" content=\"Bach im Netz - Schweizer Musikzeitung\" \/>\n<meta property=\"og:description\" content=\"Die St. Galler Bachstiftung l\u00e4sst Interessierte online an ihren Kantatenauff\u00fchrungen teilhaben. J\u00fcngst gibt es auch eine Einf\u00fchrung in die barocke Improvisation zu entdecken. Ein verwandtes Format bietet die Bachakademie Stuttgart.\" \/>\n<meta property=\"og:url\" content=\"https:\/\/www.musikzeitung.ch\/en\/rezensionen\/web\/2020\/09\/bach-im-netz\/\" \/>\n<meta property=\"og:site_name\" content=\"Schweizer Musikzeitung\" \/>\n<meta property=\"article:publisher\" content=\"https:\/\/www.facebook.com\/SchweizerMusikzeitung\/\" \/>\n<meta property=\"article:published_time\" content=\"2020-08-31T23:00:00+00:00\" \/>\n<meta property=\"article:modified_time\" content=\"2024-08-15T08:30:36+00:00\" \/>\n<meta property=\"og:image\" content=\"https:\/\/www.musikzeitung.ch\/wp-content\/uploads\/2023\/01\/Videostill.png\" \/>\n\t<meta property=\"og:image:width\" content=\"554\" \/>\n\t<meta property=\"og:image:height\" content=\"342\" \/>\n\t<meta property=\"og:image:type\" content=\"image\/png\" \/>\n<meta name=\"author\" content=\"Musikzeitung-Redaktion\" \/>\n<meta name=\"twitter:card\" content=\"summary_large_image\" \/>\n<meta name=\"twitter:creator\" content=\"@smusikzeitung\" \/>\n<meta name=\"twitter:site\" content=\"@smusikzeitung\" \/>\n<meta name=\"twitter:label1\" content=\"Written by\" \/>\n\t<meta name=\"twitter:data1\" content=\"Musikzeitung-Redaktion\" \/>\n\t<meta name=\"twitter:label2\" content=\"Est. reading time\" \/>\n\t<meta name=\"twitter:data2\" content=\"2 minutes\" \/>\n<script type=\"application\/ld+json\" class=\"yoast-schema-graph\">{\"@context\":\"https:\\\/\\\/schema.org\",\"@graph\":[{\"@type\":\"Article\",\"@id\":\"https:\\\/\\\/www.musikzeitung.ch\\\/rezensionen\\\/web\\\/2020\\\/09\\\/bach-im-netz#article\",\"isPartOf\":{\"@id\":\"https:\\\/\\\/www.musikzeitung.ch\\\/rezensionen\\\/web\\\/2020\\\/09\\\/bach-im-netz\"},\"author\":{\"name\":\"Musikzeitung-Redaktion\",\"@id\":\"https:\\\/\\\/www.musikzeitung.ch\\\/#\\\/schema\\\/person\\\/b2fd892c800856270b9dcc6001265712\"},\"headline\":\"Bach im Netz\",\"datePublished\":\"2020-08-31T23:00:00+00:00\",\"dateModified\":\"2024-08-15T08:30:36+00:00\",\"mainEntityOfPage\":{\"@id\":\"https:\\\/\\\/www.musikzeitung.ch\\\/rezensionen\\\/web\\\/2020\\\/09\\\/bach-im-netz\"},\"wordCount\":313,\"publisher\":{\"@id\":\"https:\\\/\\\/www.musikzeitung.ch\\\/#organization\"},\"image\":{\"@id\":\"https:\\\/\\\/www.musikzeitung.ch\\\/rezensionen\\\/web\\\/2020\\\/09\\\/bach-im-netz#primaryimage\"},\"thumbnailUrl\":\"https:\\\/\\\/www.musikzeitung.ch\\\/wp-content\\\/uploads\\\/2023\\\/01\\\/Videostill.png\",\"keywords\":[\"Bach\",\"Kantaten\",\"Lutz\",\"St.Galler Bachstiftung\"],\"articleSection\":[\"Rezensionen\",\"Web\"],\"inLanguage\":\"en-US\"},{\"@type\":\"WebPage\",\"@id\":\"https:\\\/\\\/www.musikzeitung.ch\\\/rezensionen\\\/web\\\/2020\\\/09\\\/bach-im-netz\",\"url\":\"https:\\\/\\\/www.musikzeitung.ch\\\/rezensionen\\\/web\\\/2020\\\/09\\\/bach-im-netz\",\"name\":\"Bach im Netz - Schweizer Musikzeitung\",\"isPartOf\":{\"@id\":\"https:\\\/\\\/www.musikzeitung.ch\\\/#website\"},\"primaryImageOfPage\":{\"@id\":\"https:\\\/\\\/www.musikzeitung.ch\\\/rezensionen\\\/web\\\/2020\\\/09\\\/bach-im-netz#primaryimage\"},\"image\":{\"@id\":\"https:\\\/\\\/www.musikzeitung.ch\\\/rezensionen\\\/web\\\/2020\\\/09\\\/bach-im-netz#primaryimage\"},\"thumbnailUrl\":\"https:\\\/\\\/www.musikzeitung.ch\\\/wp-content\\\/uploads\\\/2023\\\/01\\\/Videostill.png\",\"datePublished\":\"2020-08-31T23:00:00+00:00\",\"dateModified\":\"2024-08-15T08:30:36+00:00\",\"breadcrumb\":{\"@id\":\"https:\\\/\\\/www.musikzeitung.ch\\\/rezensionen\\\/web\\\/2020\\\/09\\\/bach-im-netz#breadcrumb\"},\"inLanguage\":\"en-US\",\"potentialAction\":[{\"@type\":\"ReadAction\",\"target\":[\"https:\\\/\\\/www.musikzeitung.ch\\\/rezensionen\\\/web\\\/2020\\\/09\\\/bach-im-netz\"]}]},{\"@type\":\"ImageObject\",\"inLanguage\":\"en-US\",\"@id\":\"https:\\\/\\\/www.musikzeitung.ch\\\/rezensionen\\\/web\\\/2020\\\/09\\\/bach-im-netz#primaryimage\",\"url\":\"https:\\\/\\\/www.musikzeitung.ch\\\/wp-content\\\/uploads\\\/2023\\\/01\\\/Videostill.png\",\"contentUrl\":\"https:\\\/\\\/www.musikzeitung.ch\\\/wp-content\\\/uploads\\\/2023\\\/01\\\/Videostill.png\",\"width\":554,\"height\":342},{\"@type\":\"BreadcrumbList\",\"@id\":\"https:\\\/\\\/www.musikzeitung.ch\\\/rezensionen\\\/web\\\/2020\\\/09\\\/bach-im-netz#breadcrumb\",\"itemListElement\":[{\"@type\":\"ListItem\",\"position\":1,\"name\":\"Home\",\"item\":\"https:\\\/\\\/www.musikzeitung.ch\\\/\"},{\"@type\":\"ListItem\",\"position\":2,\"name\":\"Bach im Netz\"}]},{\"@type\":\"WebSite\",\"@id\":\"https:\\\/\\\/www.musikzeitung.ch\\\/#website\",\"url\":\"https:\\\/\\\/www.musikzeitung.ch\\\/\",\"name\":\"Schweizer Musikzeitung\",\"description\":\"Die f\u00fchrende sparten\u00fcbergreifende Monatszeitung in der Schweiz f\u00fcr musikalische Fragen.\",\"publisher\":{\"@id\":\"https:\\\/\\\/www.musikzeitung.ch\\\/#organization\"},\"potentialAction\":[{\"@type\":\"SearchAction\",\"target\":{\"@type\":\"EntryPoint\",\"urlTemplate\":\"https:\\\/\\\/www.musikzeitung.ch\\\/?s={search_term_string}\"},\"query-input\":{\"@type\":\"PropertyValueSpecification\",\"valueRequired\":true,\"valueName\":\"search_term_string\"}}],\"inLanguage\":\"en-US\"},{\"@type\":\"Organization\",\"@id\":\"https:\\\/\\\/www.musikzeitung.ch\\\/#organization\",\"name\":\"Schweizer Musikzeitung\",\"url\":\"https:\\\/\\\/www.musikzeitung.ch\\\/\",\"logo\":{\"@type\":\"ImageObject\",\"inLanguage\":\"en-US\",\"@id\":\"https:\\\/\\\/www.musikzeitung.ch\\\/#\\\/schema\\\/logo\\\/image\\\/\",\"url\":\"https:\\\/\\\/www.musikzeitung.ch\\\/wp-content\\\/uploads\\\/2023\\\/01\\\/SMZ_Schriftzug_Sprache.png\",\"contentUrl\":\"https:\\\/\\\/www.musikzeitung.ch\\\/wp-content\\\/uploads\\\/2023\\\/01\\\/SMZ_Schriftzug_Sprache.png\",\"width\":1400,\"height\":279,\"caption\":\"Schweizer Musikzeitung\"},\"image\":{\"@id\":\"https:\\\/\\\/www.musikzeitung.ch\\\/#\\\/schema\\\/logo\\\/image\\\/\"},\"sameAs\":[\"https:\\\/\\\/www.facebook.com\\\/SchweizerMusikzeitung\\\/\",\"https:\\\/\\\/x.com\\\/smusikzeitung\",\"https:\\\/\\\/www.instagram.com\\\/musikzeitung.ch\\\/\"]},{\"@type\":\"Person\",\"@id\":\"https:\\\/\\\/www.musikzeitung.ch\\\/#\\\/schema\\\/person\\\/b2fd892c800856270b9dcc6001265712\",\"name\":\"Musikzeitung-Redaktion\",\"image\":{\"@type\":\"ImageObject\",\"inLanguage\":\"en-US\",\"@id\":\"https:\\\/\\\/www.musikzeitung.ch\\\/wp-content\\\/uploads\\\/2022\\\/05\\\/usericon_musikzeitung-96x96.jpg\",\"url\":\"https:\\\/\\\/www.musikzeitung.ch\\\/wp-content\\\/uploads\\\/2022\\\/05\\\/usericon_musikzeitung-96x96.jpg\",\"contentUrl\":\"https:\\\/\\\/www.musikzeitung.ch\\\/wp-content\\\/uploads\\\/2022\\\/05\\\/usericon_musikzeitung-96x96.jpg\",\"caption\":\"Musikzeitung-Redaktion\"},\"url\":\"https:\\\/\\\/www.musikzeitung.ch\\\/en\\\/author\\\/admin\"}]}<\/script>\n<!-- \/ Yoast SEO plugin. -->","yoast_head_json":{"title":"Bach on the net - Swiss Music Newspaper","robots":{"index":"index","follow":"follow","max-snippet":"max-snippet:-1","max-image-preview":"max-image-preview:large","max-video-preview":"max-video-preview:-1"},"canonical":"https:\/\/www.musikzeitung.ch\/en\/rezensionen\/web\/2020\/09\/bach-im-netz\/","og_locale":"en_US","og_type":"article","og_title":"Bach im Netz - Schweizer Musikzeitung","og_description":"Die St. Galler Bachstiftung l\u00e4sst Interessierte online an ihren Kantatenauff\u00fchrungen teilhaben. J\u00fcngst gibt es auch eine Einf\u00fchrung in die barocke Improvisation zu entdecken. Ein verwandtes Format bietet die Bachakademie Stuttgart.","og_url":"https:\/\/www.musikzeitung.ch\/en\/rezensionen\/web\/2020\/09\/bach-im-netz\/","og_site_name":"Schweizer Musikzeitung","article_publisher":"https:\/\/www.facebook.com\/SchweizerMusikzeitung\/","article_published_time":"2020-08-31T23:00:00+00:00","article_modified_time":"2024-08-15T08:30:36+00:00","og_image":[{"width":554,"height":342,"url":"https:\/\/www.musikzeitung.ch\/wp-content\/uploads\/2023\/01\/Videostill.png","type":"image\/png"}],"author":"Musikzeitung-Redaktion","twitter_card":"summary_large_image","twitter_creator":"@smusikzeitung","twitter_site":"@smusikzeitung","twitter_misc":{"Written by":"Musikzeitung-Redaktion","Est. reading time":"2 minutes"},"schema":{"@context":"https:\/\/schema.org","@graph":[{"@type":"Article","@id":"https:\/\/www.musikzeitung.ch\/rezensionen\/web\/2020\/09\/bach-im-netz#article","isPartOf":{"@id":"https:\/\/www.musikzeitung.ch\/rezensionen\/web\/2020\/09\/bach-im-netz"},"author":{"name":"Musikzeitung-Redaktion","@id":"https:\/\/www.musikzeitung.ch\/#\/schema\/person\/b2fd892c800856270b9dcc6001265712"},"headline":"Bach im Netz","datePublished":"2020-08-31T23:00:00+00:00","dateModified":"2024-08-15T08:30:36+00:00","mainEntityOfPage":{"@id":"https:\/\/www.musikzeitung.ch\/rezensionen\/web\/2020\/09\/bach-im-netz"},"wordCount":313,"publisher":{"@id":"https:\/\/www.musikzeitung.ch\/#organization"},"image":{"@id":"https:\/\/www.musikzeitung.ch\/rezensionen\/web\/2020\/09\/bach-im-netz#primaryimage"},"thumbnailUrl":"https:\/\/www.musikzeitung.ch\/wp-content\/uploads\/2023\/01\/Videostill.png","keywords":["Bach","Kantaten","Lutz","St.Galler Bachstiftung"],"articleSection":["Rezensionen","Web"],"inLanguage":"en-US"},{"@type":"WebPage","@id":"https:\/\/www.musikzeitung.ch\/rezensionen\/web\/2020\/09\/bach-im-netz","url":"https:\/\/www.musikzeitung.ch\/rezensionen\/web\/2020\/09\/bach-im-netz","name":"Bach on the net - Swiss Music Newspaper","isPartOf":{"@id":"https:\/\/www.musikzeitung.ch\/#website"},"primaryImageOfPage":{"@id":"https:\/\/www.musikzeitung.ch\/rezensionen\/web\/2020\/09\/bach-im-netz#primaryimage"},"image":{"@id":"https:\/\/www.musikzeitung.ch\/rezensionen\/web\/2020\/09\/bach-im-netz#primaryimage"},"thumbnailUrl":"https:\/\/www.musikzeitung.ch\/wp-content\/uploads\/2023\/01\/Videostill.png","datePublished":"2020-08-31T23:00:00+00:00","dateModified":"2024-08-15T08:30:36+00:00","breadcrumb":{"@id":"https:\/\/www.musikzeitung.ch\/rezensionen\/web\/2020\/09\/bach-im-netz#breadcrumb"},"inLanguage":"en-US","potentialAction":[{"@type":"ReadAction","target":["https:\/\/www.musikzeitung.ch\/rezensionen\/web\/2020\/09\/bach-im-netz"]}]},{"@type":"ImageObject","inLanguage":"en-US","@id":"https:\/\/www.musikzeitung.ch\/rezensionen\/web\/2020\/09\/bach-im-netz#primaryimage","url":"https:\/\/www.musikzeitung.ch\/wp-content\/uploads\/2023\/01\/Videostill.png","contentUrl":"https:\/\/www.musikzeitung.ch\/wp-content\/uploads\/2023\/01\/Videostill.png","width":554,"height":342},{"@type":"BreadcrumbList","@id":"https:\/\/www.musikzeitung.ch\/rezensionen\/web\/2020\/09\/bach-im-netz#breadcrumb","itemListElement":[{"@type":"ListItem","position":1,"name":"Home","item":"https:\/\/www.musikzeitung.ch\/"},{"@type":"ListItem","position":2,"name":"Bach im Netz"}]},{"@type":"WebSite","@id":"https:\/\/www.musikzeitung.ch\/#website","url":"https:\/\/www.musikzeitung.ch\/","name":"Swiss Music Newspaper","description":"The leading interdisciplinary monthly newspaper in Switzerland for musical issues.","publisher":{"@id":"https:\/\/www.musikzeitung.ch\/#organization"},"potentialAction":[{"@type":"SearchAction","target":{"@type":"EntryPoint","urlTemplate":"https:\/\/www.musikzeitung.ch\/?s={search_term_string}"},"query-input":{"@type":"PropertyValueSpecification","valueRequired":true,"valueName":"search_term_string"}}],"inLanguage":"en-US"},{"@type":"Organization","@id":"https:\/\/www.musikzeitung.ch\/#organization","name":"Swiss Music Newspaper","url":"https:\/\/www.musikzeitung.ch\/","logo":{"@type":"ImageObject","inLanguage":"en-US","@id":"https:\/\/www.musikzeitung.ch\/#\/schema\/logo\/image\/","url":"https:\/\/www.musikzeitung.ch\/wp-content\/uploads\/2023\/01\/SMZ_Schriftzug_Sprache.png","contentUrl":"https:\/\/www.musikzeitung.ch\/wp-content\/uploads\/2023\/01\/SMZ_Schriftzug_Sprache.png","width":1400,"height":279,"caption":"Schweizer Musikzeitung"},"image":{"@id":"https:\/\/www.musikzeitung.ch\/#\/schema\/logo\/image\/"},"sameAs":["https:\/\/www.facebook.com\/SchweizerMusikzeitung\/","https:\/\/x.com\/smusikzeitung","https:\/\/www.instagram.com\/musikzeitung.ch\/"]},{"@type":"Person","@id":"https:\/\/www.musikzeitung.ch\/#\/schema\/person\/b2fd892c800856270b9dcc6001265712","name":"Music newspaper editorial office","image":{"@type":"ImageObject","inLanguage":"en-US","@id":"https:\/\/www.musikzeitung.ch\/wp-content\/uploads\/2022\/05\/usericon_musikzeitung-96x96.jpg","url":"https:\/\/www.musikzeitung.ch\/wp-content\/uploads\/2022\/05\/usericon_musikzeitung-96x96.jpg","contentUrl":"https:\/\/www.musikzeitung.ch\/wp-content\/uploads\/2022\/05\/usericon_musikzeitung-96x96.jpg","caption":"Musikzeitung-Redaktion"},"url":"https:\/\/www.musikzeitung.ch\/en\/author\/admin"}]}},"publishpress_future_workflow_manual_trigger":{"enabledWorkflows":[]},"_links":{"self":[{"href":"https:\/\/www.musikzeitung.ch\/en\/wp-json\/wp\/v2\/posts\/8377","targetHints":{"allow":["GET"]}}],"collection":[{"href":"https:\/\/www.musikzeitung.ch\/en\/wp-json\/wp\/v2\/posts"}],"about":[{"href":"https:\/\/www.musikzeitung.ch\/en\/wp-json\/wp\/v2\/types\/post"}],"author":[{"embeddable":true,"href":"https:\/\/www.musikzeitung.ch\/en\/wp-json\/wp\/v2\/users\/1"}],"replies":[{"embeddable":true,"href":"https:\/\/www.musikzeitung.ch\/en\/wp-json\/wp\/v2\/comments?post=8377"}],"version-history":[{"count":2,"href":"https:\/\/www.musikzeitung.ch\/en\/wp-json\/wp\/v2\/posts\/8377\/revisions"}],"predecessor-version":[{"id":56815,"href":"https:\/\/www.musikzeitung.ch\/en\/wp-json\/wp\/v2\/posts\/8377\/revisions\/56815"}],"wp:featuredmedia":[{"embeddable":true,"href":"https:\/\/www.musikzeitung.ch\/en\/wp-json\/wp\/v2\/media\/8378"}],"wp:attachment":[{"href":"https:\/\/www.musikzeitung.ch\/en\/wp-json\/wp\/v2\/media?parent=8377"}],"wp:term":[{"taxonomy":"category","embeddable":true,"href":"https:\/\/www.musikzeitung.ch\/en\/wp-json\/wp\/v2\/categories?post=8377"},{"taxonomy":"post_tag","embeddable":true,"href":"https:\/\/www.musikzeitung.ch\/en\/wp-json\/wp\/v2\/tags?post=8377"}],"curies":[{"name":"wp","href":"https:\/\/api.w.org\/{rel}","templated":true}]}}