{"id":8587,"date":"2019-09-19T00:00:00","date_gmt":"2019-09-18T23:00:00","guid":{"rendered":"https:\/\/www.musikzeitung.ch\/allgemein\/scharniere-zur-natur\/"},"modified":"2025-03-28T11:21:41","modified_gmt":"2025-03-28T10:21:41","slug":"scharniere-zur-natur","status":"publish","type":"post","link":"https:\/\/www.musikzeitung.ch\/en\/berichte\/2019\/09\/scharniere-zur-natur","title":{"rendered":"Hinges to nature"},"content":{"rendered":"<figure style=\"width: 554px\" class=\"wp-caption alignnone\"><img loading=\"lazy\" decoding=\"async\" src=\"https:\/\/www.musikzeitung.ch\/wp-content\/uploads\/2023\/01\/Carola_Bauckholt_Doppelbelichtung_BDS5714_schulthess-foto_klein.jpg\" alt=\"\" width=\"554\" height=\"368\" \/><figcaption class=\"wp-caption-text\">Akiko Sabine Ahrendt in Carola Bauckholt's \"Double Exposure\". Photos: Kathrin Schulthess<\/figcaption><\/figure>\n<div class=\"text-section\">\n<p>Happening, environment or simply outdoor music? It is no longer so easy to use these terms since people have been looking to cross boundaries and experiment with them. On the other hand, music has never been easy to reduce to a common denominator or even to a single point. It likes to elude us. Harmonic analyses only provide rudimentary impressions; adjectives commonly used in journalism are no more than approximations.<\/p>\n<p>Anyone who visits the R\u00fcmlingen festival is bound to have some thoughts. This time there was another six-hour sound hike in the open air. Only it didn't start in R\u00fcmlingen and go to Sissach or Olten, but from little Lavin in the depths of eastern Switzerland: Scattered groups set off on their way to Sur d'Ardez. A constant companion along the way is the Inn, which rushes ostinato - and inspires festival directors and composers alike. On the banks of the river, the American Christian Wolff explores the sound of stones that he strikes against each other; at the next sound station, J\u00fcrg Kienberger and Peter Conradin Zumthor play on glasses filled with water by a stream. After such rather esoteric and anthroposophical sounds, the path leads into a stone tunnel. <em>Fingal's Grotto<\/em> from the <em>Hebrides<\/em> by Felix Mendelssohn Bartholdy briefly comes to mind. However, there is no orchestra in the cave-like tunnel, but a harpist whose subtly bowed or dabbed sounds come from the German composer Caspar Johannes Walter. \"The water,\" says Walter, \"is the hinge to nature.\" Drip sounds come from the loudspeakers surrounding the harp. They are processed, sounding at different pitches and rhythms. Despite the damp and cold, people like to linger a little longer in the dark - knowing full well that the sun will soon warm up again.<\/p>\n<p>Continue on. Out of the tunnel, continue on the gravel path heading east. A sign reads \"Carola Bauckholt: <em>Double exposure<\/em>\". Looking to the right, we see a violinist standing somewhat lost among the trees. Hanging around her are other violins, from which - stimulated by so-called \"transducers\" - come bird calls. In view of her duplication of nature, Bauckholt had some scruples. Ultimately, however, such arrangements show that an \"artistic-civilizational intervention\" always sets different accents than \"nature itself\". Even if it is \"only\" through the fact that such an accomplished violinist as Akiko Sabine Ahrendt can imitate birds with incredible virtuosity in the highest regions of her instrument.<\/p>\n<\/div>\n<div>\n<h3 class=\"\">Inspired by Leta Semadeni<\/h3>\n<\/div>\n<div class=\"text-section\">\n<p>Of course, it is also the darker side of the concert hall that comes to mind between Lavin and Sur d'Ardez. The atmosphere between the sound stations is very informal. People talk about what they have heard, are inspired by the imposing high mountains or by sounds that reveal their subtle sides. Daniel Ott \"hates it when the audience is suggested a freedom that they are not allowed to use\". This time, the Swiss festival director and composer himself contributed a sound station called <em>Chavorgia <\/em>with. Wind instruments, primarily from Musica Concordia Ardez, play a few selected chords on a forest slope, while a duet with accordion and clarinet intones beautiful cantilenas. Ott was inspired by the structure of a poem by the Lavin-based writer Leta Semadeni. The total number of syllables in the short poem <em>Chavorgia <\/em>He transfers this to the large-scale form of his successful musical environment, which is perhaps more like outdoor music after all.<\/p>\n<p>Beat Furrer also sets Leta Semadeni's poetry to music. In the small village church in Sur en d'Ardez, soprano Rinnat Moriah sings beguilingly beautifully, accompanied by the fantastic saxophonist Markus Weiss with both expressiveness and flexibility. Semadeni's natural mysticism develops incredible power, which unfolds well in the sparse church space. <em>In mia vita da vuolp - In my life as a fox<\/em> is the title of the poem in which the poet writes: \"I didn't know my name, was only always there where my paw touched the earth.\" Now man is not a fox. But he can learn something from him - by simply strolling around, far away from concepts, far away from the constant question of why.\n<\/div>\n<div class=\"text-section\">\n<dl class=\"picture media photo large\">\n<dt>\n<figure style=\"width: 554px\" class=\"wp-caption alignnone\"><img loading=\"lazy\" decoding=\"async\" class=\"media photo large\" src=\"https:\/\/www.musikzeitung.ch\/wp-content\/uploads\/2023\/01\/Daniel_Ott_Chavorgia_BDS5753_schulthess-foto_klein.jpg\" alt=\" \" width=\"554\" height=\"368\" \/><figcaption class=\"wp-caption-text\">Wind players primarily from Musica Concordia Ardez in Daniel Ott's \"Chavorgia\"<\/figcaption><\/figure><\/dt>\n<dd class=\"caption\"><\/dd>\n<\/dl>\n<\/div>\n<div>\n<h4>Echo<\/h4>\n<p>The festival management announced that the 2019 edition is not quite over yet. On November 16 at 8 p.m., there will be an \"echo\" in the church in R\u00fcmlingen.<\/p>\n<p><a href=\"http:\/\/www.neue-musik-ruemlingen.ch\/\" target=\"_blank\" rel=\"noopener\"><strong>www.neue-musik-ruemlingen.ch<\/strong><\/a><\/p>\n<\/div>","protected":false},"excerpt":{"rendered":"<p><strong>The R\u00fcmlingen New Music Festival is not staying at home this time. A sound hike takes place in the Engadin. Thoughts wander around the contact with the earth.<\/strong><\/p>","protected":false},"author":1,"featured_media":8588,"comment_status":"closed","ping_status":"closed","sticky":false,"template":"","format":"standard","meta":{"_acf_changed":false,"_relevanssi_hide_post":"","_relevanssi_hide_content":"","_relevanssi_pin_for_all":"","_relevanssi_pin_keywords":"","_relevanssi_unpin_keywords":"","_relevanssi_related_keywords":"","_relevanssi_related_include_ids":"","_relevanssi_related_exclude_ids":"","_relevanssi_related_no_append":"","_relevanssi_related_not_related":"","_relevanssi_related_posts":"","_relevanssi_noindex_reason":"","pgc_sgb_lightbox_settings":"","footnotes":""},"categories":[1531,28],"tags":[4548],"class_list":["post-8587","post","type-post","status-publish","format-standard","has-post-thumbnail","hentry","category-auffuehrungen","category-berichte","tag-festival-ruemlingen"],"acf":[],"yoast_head":"<!-- This site is optimized with the Yoast SEO plugin v27.4 - https:\/\/yoast.com\/product\/yoast-seo-wordpress\/ -->\n<title>Scharniere zur Natur - Schweizer Musikzeitung<\/title>\n<meta name=\"robots\" content=\"index, follow, max-snippet:-1, max-image-preview:large, max-video-preview:-1\" \/>\n<link rel=\"canonical\" href=\"https:\/\/www.musikzeitung.ch\/en\/berichte\/2019\/09\/scharniere-zur-natur\/\" \/>\n<meta property=\"og:locale\" content=\"en_US\" \/>\n<meta property=\"og:type\" content=\"article\" \/>\n<meta property=\"og:title\" content=\"Scharniere zur Natur - Schweizer Musikzeitung\" \/>\n<meta property=\"og:description\" content=\"Das Festival Neue Musik R\u00fcmlingen bleibt diesmal nicht zu Hause. Eine Klangwanderung findet im Engadin statt. Die Gedanken schweifen um die Ber\u00fchrung mit der Erde.\" \/>\n<meta property=\"og:url\" content=\"https:\/\/www.musikzeitung.ch\/en\/berichte\/2019\/09\/scharniere-zur-natur\/\" \/>\n<meta property=\"og:site_name\" content=\"Schweizer Musikzeitung\" \/>\n<meta property=\"article:publisher\" content=\"https:\/\/www.facebook.com\/SchweizerMusikzeitung\/\" \/>\n<meta property=\"article:published_time\" content=\"2019-09-18T23:00:00+00:00\" \/>\n<meta property=\"article:modified_time\" content=\"2025-03-28T10:21:41+00:00\" \/>\n<meta property=\"og:image\" content=\"https:\/\/www.musikzeitung.ch\/wp-content\/uploads\/2023\/01\/Carola_Bauckholt_Doppelbelichtung_BDS5714_schulthess-foto_klein.jpg\" \/>\n\t<meta property=\"og:image:width\" content=\"554\" \/>\n\t<meta property=\"og:image:height\" content=\"368\" \/>\n\t<meta property=\"og:image:type\" content=\"image\/jpeg\" \/>\n<meta name=\"author\" content=\"Musikzeitung-Redaktion\" \/>\n<meta name=\"twitter:card\" content=\"summary_large_image\" \/>\n<meta name=\"twitter:creator\" content=\"@smusikzeitung\" \/>\n<meta name=\"twitter:site\" content=\"@smusikzeitung\" \/>\n<meta name=\"twitter:label1\" content=\"Written by\" \/>\n\t<meta name=\"twitter:data1\" content=\"Musikzeitung-Redaktion\" \/>\n\t<meta name=\"twitter:label2\" content=\"Est. reading time\" \/>\n\t<meta name=\"twitter:data2\" content=\"5 minutes\" \/>\n<script type=\"application\/ld+json\" class=\"yoast-schema-graph\">{\"@context\":\"https:\\\/\\\/schema.org\",\"@graph\":[{\"@type\":\"Article\",\"@id\":\"https:\\\/\\\/www.musikzeitung.ch\\\/berichte\\\/2019\\\/09\\\/scharniere-zur-natur#article\",\"isPartOf\":{\"@id\":\"https:\\\/\\\/www.musikzeitung.ch\\\/berichte\\\/2019\\\/09\\\/scharniere-zur-natur\"},\"author\":{\"name\":\"Musikzeitung-Redaktion\",\"@id\":\"https:\\\/\\\/www.musikzeitung.ch\\\/#\\\/schema\\\/person\\\/b2fd892c800856270b9dcc6001265712\"},\"headline\":\"Scharniere zur Natur\",\"datePublished\":\"2019-09-18T23:00:00+00:00\",\"dateModified\":\"2025-03-28T10:21:41+00:00\",\"mainEntityOfPage\":{\"@id\":\"https:\\\/\\\/www.musikzeitung.ch\\\/berichte\\\/2019\\\/09\\\/scharniere-zur-natur\"},\"wordCount\":719,\"publisher\":{\"@id\":\"https:\\\/\\\/www.musikzeitung.ch\\\/#organization\"},\"image\":{\"@id\":\"https:\\\/\\\/www.musikzeitung.ch\\\/berichte\\\/2019\\\/09\\\/scharniere-zur-natur#primaryimage\"},\"thumbnailUrl\":\"https:\\\/\\\/www.musikzeitung.ch\\\/wp-content\\\/uploads\\\/2023\\\/01\\\/Carola_Bauckholt_Doppelbelichtung_BDS5714_schulthess-foto_klein.jpg\",\"keywords\":[\"Festival R\u00fcmlingen\"],\"articleSection\":[\"Auff\u00fchrungen\",\"Berichte\"],\"inLanguage\":\"en-US\"},{\"@type\":\"WebPage\",\"@id\":\"https:\\\/\\\/www.musikzeitung.ch\\\/berichte\\\/2019\\\/09\\\/scharniere-zur-natur\",\"url\":\"https:\\\/\\\/www.musikzeitung.ch\\\/berichte\\\/2019\\\/09\\\/scharniere-zur-natur\",\"name\":\"Scharniere zur Natur - Schweizer Musikzeitung\",\"isPartOf\":{\"@id\":\"https:\\\/\\\/www.musikzeitung.ch\\\/#website\"},\"primaryImageOfPage\":{\"@id\":\"https:\\\/\\\/www.musikzeitung.ch\\\/berichte\\\/2019\\\/09\\\/scharniere-zur-natur#primaryimage\"},\"image\":{\"@id\":\"https:\\\/\\\/www.musikzeitung.ch\\\/berichte\\\/2019\\\/09\\\/scharniere-zur-natur#primaryimage\"},\"thumbnailUrl\":\"https:\\\/\\\/www.musikzeitung.ch\\\/wp-content\\\/uploads\\\/2023\\\/01\\\/Carola_Bauckholt_Doppelbelichtung_BDS5714_schulthess-foto_klein.jpg\",\"datePublished\":\"2019-09-18T23:00:00+00:00\",\"dateModified\":\"2025-03-28T10:21:41+00:00\",\"breadcrumb\":{\"@id\":\"https:\\\/\\\/www.musikzeitung.ch\\\/berichte\\\/2019\\\/09\\\/scharniere-zur-natur#breadcrumb\"},\"inLanguage\":\"en-US\",\"potentialAction\":[{\"@type\":\"ReadAction\",\"target\":[\"https:\\\/\\\/www.musikzeitung.ch\\\/berichte\\\/2019\\\/09\\\/scharniere-zur-natur\"]}]},{\"@type\":\"ImageObject\",\"inLanguage\":\"en-US\",\"@id\":\"https:\\\/\\\/www.musikzeitung.ch\\\/berichte\\\/2019\\\/09\\\/scharniere-zur-natur#primaryimage\",\"url\":\"https:\\\/\\\/www.musikzeitung.ch\\\/wp-content\\\/uploads\\\/2023\\\/01\\\/Carola_Bauckholt_Doppelbelichtung_BDS5714_schulthess-foto_klein.jpg\",\"contentUrl\":\"https:\\\/\\\/www.musikzeitung.ch\\\/wp-content\\\/uploads\\\/2023\\\/01\\\/Carola_Bauckholt_Doppelbelichtung_BDS5714_schulthess-foto_klein.jpg\",\"width\":554,\"height\":368},{\"@type\":\"BreadcrumbList\",\"@id\":\"https:\\\/\\\/www.musikzeitung.ch\\\/berichte\\\/2019\\\/09\\\/scharniere-zur-natur#breadcrumb\",\"itemListElement\":[{\"@type\":\"ListItem\",\"position\":1,\"name\":\"Home\",\"item\":\"https:\\\/\\\/www.musikzeitung.ch\\\/\"},{\"@type\":\"ListItem\",\"position\":2,\"name\":\"Scharniere zur Natur\"}]},{\"@type\":\"WebSite\",\"@id\":\"https:\\\/\\\/www.musikzeitung.ch\\\/#website\",\"url\":\"https:\\\/\\\/www.musikzeitung.ch\\\/\",\"name\":\"Schweizer Musikzeitung\",\"description\":\"Die f\u00fchrende sparten\u00fcbergreifende Monatszeitung in der Schweiz f\u00fcr musikalische Fragen.\",\"publisher\":{\"@id\":\"https:\\\/\\\/www.musikzeitung.ch\\\/#organization\"},\"potentialAction\":[{\"@type\":\"SearchAction\",\"target\":{\"@type\":\"EntryPoint\",\"urlTemplate\":\"https:\\\/\\\/www.musikzeitung.ch\\\/?s={search_term_string}\"},\"query-input\":{\"@type\":\"PropertyValueSpecification\",\"valueRequired\":true,\"valueName\":\"search_term_string\"}}],\"inLanguage\":\"en-US\"},{\"@type\":\"Organization\",\"@id\":\"https:\\\/\\\/www.musikzeitung.ch\\\/#organization\",\"name\":\"Schweizer Musikzeitung\",\"url\":\"https:\\\/\\\/www.musikzeitung.ch\\\/\",\"logo\":{\"@type\":\"ImageObject\",\"inLanguage\":\"en-US\",\"@id\":\"https:\\\/\\\/www.musikzeitung.ch\\\/#\\\/schema\\\/logo\\\/image\\\/\",\"url\":\"https:\\\/\\\/www.musikzeitung.ch\\\/wp-content\\\/uploads\\\/2023\\\/01\\\/SMZ_Schriftzug_Sprache.png\",\"contentUrl\":\"https:\\\/\\\/www.musikzeitung.ch\\\/wp-content\\\/uploads\\\/2023\\\/01\\\/SMZ_Schriftzug_Sprache.png\",\"width\":1400,\"height\":279,\"caption\":\"Schweizer Musikzeitung\"},\"image\":{\"@id\":\"https:\\\/\\\/www.musikzeitung.ch\\\/#\\\/schema\\\/logo\\\/image\\\/\"},\"sameAs\":[\"https:\\\/\\\/www.facebook.com\\\/SchweizerMusikzeitung\\\/\",\"https:\\\/\\\/x.com\\\/smusikzeitung\",\"https:\\\/\\\/www.instagram.com\\\/musikzeitung.ch\\\/\"]},{\"@type\":\"Person\",\"@id\":\"https:\\\/\\\/www.musikzeitung.ch\\\/#\\\/schema\\\/person\\\/b2fd892c800856270b9dcc6001265712\",\"name\":\"Musikzeitung-Redaktion\",\"image\":{\"@type\":\"ImageObject\",\"inLanguage\":\"en-US\",\"@id\":\"https:\\\/\\\/www.musikzeitung.ch\\\/wp-content\\\/uploads\\\/2022\\\/05\\\/usericon_musikzeitung-96x96.jpg\",\"url\":\"https:\\\/\\\/www.musikzeitung.ch\\\/wp-content\\\/uploads\\\/2022\\\/05\\\/usericon_musikzeitung-96x96.jpg\",\"contentUrl\":\"https:\\\/\\\/www.musikzeitung.ch\\\/wp-content\\\/uploads\\\/2022\\\/05\\\/usericon_musikzeitung-96x96.jpg\",\"caption\":\"Musikzeitung-Redaktion\"},\"url\":\"https:\\\/\\\/www.musikzeitung.ch\\\/en\\\/author\\\/admin\"}]}<\/script>\n<!-- \/ Yoast SEO plugin. -->","yoast_head_json":{"title":"Scharniere zur Natur - Schweizer Musikzeitung","robots":{"index":"index","follow":"follow","max-snippet":"max-snippet:-1","max-image-preview":"max-image-preview:large","max-video-preview":"max-video-preview:-1"},"canonical":"https:\/\/www.musikzeitung.ch\/en\/berichte\/2019\/09\/scharniere-zur-natur\/","og_locale":"en_US","og_type":"article","og_title":"Scharniere zur Natur - Schweizer Musikzeitung","og_description":"Das Festival Neue Musik R\u00fcmlingen bleibt diesmal nicht zu Hause. Eine Klangwanderung findet im Engadin statt. Die Gedanken schweifen um die Ber\u00fchrung mit der Erde.","og_url":"https:\/\/www.musikzeitung.ch\/en\/berichte\/2019\/09\/scharniere-zur-natur\/","og_site_name":"Schweizer Musikzeitung","article_publisher":"https:\/\/www.facebook.com\/SchweizerMusikzeitung\/","article_published_time":"2019-09-18T23:00:00+00:00","article_modified_time":"2025-03-28T10:21:41+00:00","og_image":[{"width":554,"height":368,"url":"https:\/\/www.musikzeitung.ch\/wp-content\/uploads\/2023\/01\/Carola_Bauckholt_Doppelbelichtung_BDS5714_schulthess-foto_klein.jpg","type":"image\/jpeg"}],"author":"Musikzeitung-Redaktion","twitter_card":"summary_large_image","twitter_creator":"@smusikzeitung","twitter_site":"@smusikzeitung","twitter_misc":{"Written by":"Musikzeitung-Redaktion","Est. reading time":"5 minutes"},"schema":{"@context":"https:\/\/schema.org","@graph":[{"@type":"Article","@id":"https:\/\/www.musikzeitung.ch\/berichte\/2019\/09\/scharniere-zur-natur#article","isPartOf":{"@id":"https:\/\/www.musikzeitung.ch\/berichte\/2019\/09\/scharniere-zur-natur"},"author":{"name":"Musikzeitung-Redaktion","@id":"https:\/\/www.musikzeitung.ch\/#\/schema\/person\/b2fd892c800856270b9dcc6001265712"},"headline":"Scharniere zur Natur","datePublished":"2019-09-18T23:00:00+00:00","dateModified":"2025-03-28T10:21:41+00:00","mainEntityOfPage":{"@id":"https:\/\/www.musikzeitung.ch\/berichte\/2019\/09\/scharniere-zur-natur"},"wordCount":719,"publisher":{"@id":"https:\/\/www.musikzeitung.ch\/#organization"},"image":{"@id":"https:\/\/www.musikzeitung.ch\/berichte\/2019\/09\/scharniere-zur-natur#primaryimage"},"thumbnailUrl":"https:\/\/www.musikzeitung.ch\/wp-content\/uploads\/2023\/01\/Carola_Bauckholt_Doppelbelichtung_BDS5714_schulthess-foto_klein.jpg","keywords":["Festival R\u00fcmlingen"],"articleSection":["Auff\u00fchrungen","Berichte"],"inLanguage":"en-US"},{"@type":"WebPage","@id":"https:\/\/www.musikzeitung.ch\/berichte\/2019\/09\/scharniere-zur-natur","url":"https:\/\/www.musikzeitung.ch\/berichte\/2019\/09\/scharniere-zur-natur","name":"Scharniere zur Natur - Schweizer Musikzeitung","isPartOf":{"@id":"https:\/\/www.musikzeitung.ch\/#website"},"primaryImageOfPage":{"@id":"https:\/\/www.musikzeitung.ch\/berichte\/2019\/09\/scharniere-zur-natur#primaryimage"},"image":{"@id":"https:\/\/www.musikzeitung.ch\/berichte\/2019\/09\/scharniere-zur-natur#primaryimage"},"thumbnailUrl":"https:\/\/www.musikzeitung.ch\/wp-content\/uploads\/2023\/01\/Carola_Bauckholt_Doppelbelichtung_BDS5714_schulthess-foto_klein.jpg","datePublished":"2019-09-18T23:00:00+00:00","dateModified":"2025-03-28T10:21:41+00:00","breadcrumb":{"@id":"https:\/\/www.musikzeitung.ch\/berichte\/2019\/09\/scharniere-zur-natur#breadcrumb"},"inLanguage":"en-US","potentialAction":[{"@type":"ReadAction","target":["https:\/\/www.musikzeitung.ch\/berichte\/2019\/09\/scharniere-zur-natur"]}]},{"@type":"ImageObject","inLanguage":"en-US","@id":"https:\/\/www.musikzeitung.ch\/berichte\/2019\/09\/scharniere-zur-natur#primaryimage","url":"https:\/\/www.musikzeitung.ch\/wp-content\/uploads\/2023\/01\/Carola_Bauckholt_Doppelbelichtung_BDS5714_schulthess-foto_klein.jpg","contentUrl":"https:\/\/www.musikzeitung.ch\/wp-content\/uploads\/2023\/01\/Carola_Bauckholt_Doppelbelichtung_BDS5714_schulthess-foto_klein.jpg","width":554,"height":368},{"@type":"BreadcrumbList","@id":"https:\/\/www.musikzeitung.ch\/berichte\/2019\/09\/scharniere-zur-natur#breadcrumb","itemListElement":[{"@type":"ListItem","position":1,"name":"Home","item":"https:\/\/www.musikzeitung.ch\/"},{"@type":"ListItem","position":2,"name":"Scharniere zur Natur"}]},{"@type":"WebSite","@id":"https:\/\/www.musikzeitung.ch\/#website","url":"https:\/\/www.musikzeitung.ch\/","name":"Swiss Music Newspaper","description":"The leading interdisciplinary monthly newspaper in Switzerland for musical issues.","publisher":{"@id":"https:\/\/www.musikzeitung.ch\/#organization"},"potentialAction":[{"@type":"SearchAction","target":{"@type":"EntryPoint","urlTemplate":"https:\/\/www.musikzeitung.ch\/?s={search_term_string}"},"query-input":{"@type":"PropertyValueSpecification","valueRequired":true,"valueName":"search_term_string"}}],"inLanguage":"en-US"},{"@type":"Organization","@id":"https:\/\/www.musikzeitung.ch\/#organization","name":"Swiss Music Newspaper","url":"https:\/\/www.musikzeitung.ch\/","logo":{"@type":"ImageObject","inLanguage":"en-US","@id":"https:\/\/www.musikzeitung.ch\/#\/schema\/logo\/image\/","url":"https:\/\/www.musikzeitung.ch\/wp-content\/uploads\/2023\/01\/SMZ_Schriftzug_Sprache.png","contentUrl":"https:\/\/www.musikzeitung.ch\/wp-content\/uploads\/2023\/01\/SMZ_Schriftzug_Sprache.png","width":1400,"height":279,"caption":"Schweizer Musikzeitung"},"image":{"@id":"https:\/\/www.musikzeitung.ch\/#\/schema\/logo\/image\/"},"sameAs":["https:\/\/www.facebook.com\/SchweizerMusikzeitung\/","https:\/\/x.com\/smusikzeitung","https:\/\/www.instagram.com\/musikzeitung.ch\/"]},{"@type":"Person","@id":"https:\/\/www.musikzeitung.ch\/#\/schema\/person\/b2fd892c800856270b9dcc6001265712","name":"Music newspaper editorial office","image":{"@type":"ImageObject","inLanguage":"en-US","@id":"https:\/\/www.musikzeitung.ch\/wp-content\/uploads\/2022\/05\/usericon_musikzeitung-96x96.jpg","url":"https:\/\/www.musikzeitung.ch\/wp-content\/uploads\/2022\/05\/usericon_musikzeitung-96x96.jpg","contentUrl":"https:\/\/www.musikzeitung.ch\/wp-content\/uploads\/2022\/05\/usericon_musikzeitung-96x96.jpg","caption":"Musikzeitung-Redaktion"},"url":"https:\/\/www.musikzeitung.ch\/en\/author\/admin"}]}},"publishpress_future_workflow_manual_trigger":{"enabledWorkflows":[]},"_links":{"self":[{"href":"https:\/\/www.musikzeitung.ch\/en\/wp-json\/wp\/v2\/posts\/8587","targetHints":{"allow":["GET"]}}],"collection":[{"href":"https:\/\/www.musikzeitung.ch\/en\/wp-json\/wp\/v2\/posts"}],"about":[{"href":"https:\/\/www.musikzeitung.ch\/en\/wp-json\/wp\/v2\/types\/post"}],"author":[{"embeddable":true,"href":"https:\/\/www.musikzeitung.ch\/en\/wp-json\/wp\/v2\/users\/1"}],"replies":[{"embeddable":true,"href":"https:\/\/www.musikzeitung.ch\/en\/wp-json\/wp\/v2\/comments?post=8587"}],"version-history":[{"count":2,"href":"https:\/\/www.musikzeitung.ch\/en\/wp-json\/wp\/v2\/posts\/8587\/revisions"}],"predecessor-version":[{"id":64106,"href":"https:\/\/www.musikzeitung.ch\/en\/wp-json\/wp\/v2\/posts\/8587\/revisions\/64106"}],"wp:featuredmedia":[{"embeddable":true,"href":"https:\/\/www.musikzeitung.ch\/en\/wp-json\/wp\/v2\/media\/8588"}],"wp:attachment":[{"href":"https:\/\/www.musikzeitung.ch\/en\/wp-json\/wp\/v2\/media?parent=8587"}],"wp:term":[{"taxonomy":"category","embeddable":true,"href":"https:\/\/www.musikzeitung.ch\/en\/wp-json\/wp\/v2\/categories?post=8587"},{"taxonomy":"post_tag","embeddable":true,"href":"https:\/\/www.musikzeitung.ch\/en\/wp-json\/wp\/v2\/tags?post=8587"}],"curies":[{"name":"wp","href":"https:\/\/api.w.org\/{rel}","templated":true}]}}