{"id":8602,"date":"2019-08-02T00:00:00","date_gmt":"2019-08-01T23:00:00","guid":{"rendered":"https:\/\/www.musikzeitung.ch\/allgemein\/eine-region-feiert-die-zeitlichkeit\/"},"modified":"2025-03-28T11:44:18","modified_gmt":"2025-03-28T10:44:18","slug":"eine-region-feiert-die-zeitlichkeit","status":"publish","type":"post","link":"https:\/\/www.musikzeitung.ch\/en\/berichte\/2019\/08\/eine-region-feiert-die-zeitlichkeit","title":{"rendered":"A region celebrates temporality"},"content":{"rendered":"<figure style=\"width: 554px\" class=\"wp-caption alignnone\"><img loading=\"lazy\" decoding=\"async\" src=\"https:\/\/www.musikzeitung.ch\/wp-content\/uploads\/2023\/01\/K9mON_tableau_feuille_2_celine-michel_fete-des-vignerons-Kopie.jpg\" alt=\"\" width=\"554\" height=\"369\" \/><figcaption class=\"wp-caption-text\">Photo: C\u00e9line Michel\/F\u00eate des Vignerons<\/figcaption><\/figure>\n<div class=\"text-section\">\n<p>On the train that takes me home, I suddenly hear the <em>Ranz des Vaches<\/em>. A fellow passenger has obviously recorded this part of the performance and is now watching or listening to it. The other passengers smile in their tiredness: recognition, memory. Memories of the F\u00eate des Vignerons performance they have just experienced, which only takes place once a generation. Remembrance too - the pensive attention of the 20,000 spectators and, more poignant today, the countless cell phone lights held high in the arena have just shown it - of something that we recognize as our own and yet is far away, so that longing arises. Homesickness in a way.<\/p>\n<\/div>\n<div>\n<h3 class=\"\">Je suis la m\u00e9moire<\/h3>\n<\/div>\n<div class=\"text-section\">\n<p>The fact that it is about remembrance and passing on traditions is also evident in the characters that form the central theme of the two-and-a-half-hour stage festival: The girl Julie is in the vineyard with her grandfather and experiences with him the course of the seasons, the development of the vegetation, the work on the vines, the events of life as a winegrower. Julie soon meets a figure in historical garb. \"Je suis la m\u00e9moire\", she introduces herself. It is the chairman of the Cent Suisses, a troupe of a hundred mercenaries who returned home from European courts around the time of the first winegrowers' festival. Like the aforementioned shepherd's song, which resounds down from the alpine pastures above the vineyards, they are an integral part of these performances: Strands of memory through the centuries.<\/p>\n<p>This is the 12th edition of the Winegrowers' Festival since 1797. Every twenty years or so, the Confr\u00e9rie des Vignerons organizes such an event, at the heart of which is the crowning of the most meticulous winegrowers. Among the thousands of participants, around thirty will be taking part for the fourth time: Periods that unquestionably give rise to a certain solemnity.<\/p>\n<\/div>\n<div class=\"text-section\">\n<dl class=\"picture media photo large\">\n<dt>\n<figure style=\"width: 554px\" class=\"wp-caption alignnone\"><img loading=\"lazy\" decoding=\"async\" class=\"media photo large\" src=\"https:\/\/www.musikzeitung.ch\/wp-content\/uploads\/2023\/01\/I7V6k_personnages_cent-suisse-1819_petite-julie_samuel-rubio_fete-des-vignerons-Kopie.jpg\" alt=\" \" width=\"554\" height=\"369\" \/><figcaption class=\"wp-caption-text\">The chairman of the Cents Suisses with Julie. Photo: Samuel Rubio\/F\u00eate des Vignerons<\/figcaption><\/figure><\/dt>\n<dd class=\"caption\"><\/dd>\n<\/dl>\n<\/div>\n<div>\n<h3 class=\"\">La vie est \u00e9ph\u00e9m\u00e8re<\/h3>\n<\/div>\n<div class=\"text-section\">\n<p>However, the F\u00eate des Vignerons 2019 is not always the same celebration of old traditions, but is extremely contemporary, not only because of the stupendous technology, especially the huge stage floor made of LED components, which literally \"underscores\" the scenes. In the grape harvest scene, chrome steel tanks and harvest crates made of yellow plastic become instruments in a large percussion happening. The early summer work on the foliage develops into an unleashed cancan, performed in a variation of traditional Vaudois costume, the straw hats in bold red, the skirts lined with rustling ruffles: palpable energy. And the Cent Suisses, these guardians of the past, are joined by hundreds of women.<\/p>\n<p>A total of 5600 amateur performers play and dance at the festival, 900 members of choirs from all over the region sing along, school choirs have been brought together, as have local brass bands. The director is Daniele Finzi Pasca from Ticino, who is known for his work with Cirque du Soleil, among other things; his images have the craziness and poetry of the circus. Their effect is supported by the texts by the Vaudois authors St\u00e9phane Blok and Blaise Hofmann: often more associative clouds of concepts than action. Nevertheless, the focus is very clear: the here and now celebrates what is, what was and what will come, the \"fleeting life\", supported by an equally contemporary, holistic view of viticulture, society and the foundations of life.<\/p>\n<p>Like a healthy vineyard, this performance is populated by animals: Ants, grasshoppers, butterflies, dragonflies, starlings. The musicians in particular appear in insect costumes. However, there are not very many of them, most of the instrumental music is recorded. A large live orchestra would probably also be unhappy with the acoustics, because despite the great effort, the sounds falter when there are sharp draughts of air. The compositions by Maria Bonzanigo, Valentin Villard and J\u00e9r\u00f4me Berney model the stage situations with catchy motifs, lively changes of time signature and striking repetitions. They make it swing and carouse, parade and ponder.<\/p>\n<\/div>\n<div class=\"text-section\">\n<dl class=\"picture media photo large\">\n<dt>\n<figure style=\"width: 554px\" class=\"wp-caption alignnone\"><img loading=\"lazy\" decoding=\"async\" class=\"media photo large\" src=\"https:\/\/www.musikzeitung.ch\/wp-content\/uploads\/2023\/01\/IEPkv_personnages_vendanges_samuel-rubio_fete-des-vignerons-Kopie.jpg\" alt=\" \" width=\"554\" height=\"369\" \/><figcaption class=\"wp-caption-text\">The harvest in the lively vineyard as a percussion happening. Photo: Samuel Rubio\/F\u00eate des Vignerons<\/figcaption><\/figure><\/dt>\n<dd class=\"caption\"><\/dd>\n<\/dl>\n<\/div>\n<div>\n<h3 class=\"\">Le vent de la jeunesse<\/h3>\n<\/div>\n<div class=\"text-section\">\n<p>\"La vie va trop vite,\" says Raoul Colliard, the oldest of the shepherds, before the <em>Ranz des Vaches<\/em> resounds. He is one of those who are experiencing their fourth and therefore probably last Winzerfest. His grandfather sang the song as a soloist at the 1927 edition. In 2019, his sons and grandchildren, and perhaps even great-grandchildren, will be there. So life doesn't just move (too) fast, it also renews itself. That is one of the insights to be gained here. In the picture \"J'arrache\", young gymnasts from the area perform volleys of daring jumps and next to them, disabled athletes form pyramids. With their strength, they all point to the vigor with which old vines are repeatedly uprooted and new ones planted: Making room for the next generation!<\/p>\n<p>And when the <em>Ranz des Vaches <\/em>is also sung by the children's choir and by Julie alone, then that is perhaps a little didactic. But ultimately, this is exactly how traditions are passed on. The Trois Docteurs, humorous characters who appear again and again and, for example, dissolve the emotional mood after the shepherd's song into laughter by obsessively directing the most modern cleaning machines to the places where the cows' droppings lie, these three swear the participants and audience, especially the young ones among them, to the future at the end, to the next wine festival: \"Vous y serez, au rendez-vous?\" That wouldn't even be necessary. Traditions that are filled with life are not lost.<br \/>\nThe F\u00eate des Vignerons continues until August 11:<br \/>\n<a href=\"https:\/\/www.fetedesvignerons.ch\/de\/\">www.fetedesvignerons.ch\/de\/<\/a>\n<\/div>","protected":false},"excerpt":{"rendered":"<p><strong>6500 men, women and children from the region take part in the 20 performances of the F\u00eate des Vignerons 2019 in Vevey. - A playful and magnificent round dance of viticulture and life.<\/strong><\/p>","protected":false},"author":1,"featured_media":8603,"comment_status":"closed","ping_status":"closed","sticky":false,"template":"","format":"standard","meta":{"_acf_changed":false,"_relevanssi_hide_post":"","_relevanssi_hide_content":"","_relevanssi_pin_for_all":"","_relevanssi_pin_keywords":"","_relevanssi_unpin_keywords":"","_relevanssi_related_keywords":"","_relevanssi_related_include_ids":"","_relevanssi_related_exclude_ids":"","_relevanssi_related_no_append":"","_relevanssi_related_not_related":"","_relevanssi_related_posts":"","_relevanssi_noindex_reason":"","pgc_sgb_lightbox_settings":"","footnotes":""},"categories":[1531,28],"tags":[4854],"class_list":["post-8602","post","type-post","status-publish","format-standard","has-post-thumbnail","hentry","category-auffuehrungen","category-berichte","tag-fete-des-vignerons"],"acf":[],"yoast_head":"<!-- This site is optimized with the Yoast SEO plugin v27.4 - https:\/\/yoast.com\/product\/yoast-seo-wordpress\/ -->\n<title>Eine Region feiert die Zeitlichkeit - Schweizer Musikzeitung<\/title>\n<meta name=\"robots\" content=\"index, follow, max-snippet:-1, max-image-preview:large, max-video-preview:-1\" \/>\n<link rel=\"canonical\" href=\"https:\/\/www.musikzeitung.ch\/en\/berichte\/2019\/08\/eine-region-feiert-die-zeitlichkeit\/\" \/>\n<meta property=\"og:locale\" content=\"en_US\" \/>\n<meta property=\"og:type\" content=\"article\" \/>\n<meta property=\"og:title\" content=\"Eine Region feiert die Zeitlichkeit - Schweizer Musikzeitung\" \/>\n<meta property=\"og:description\" content=\"Bei den 20 Vorstellungen der F\u00eate des Vignerons 2019 in Vevey machen 6500 M\u00e4nner, Frauen und Kinder aus der Gegend mit. \u2013 Ein verspielter und grossartiger Reigen des Weinbaus und des Lebens.\" \/>\n<meta property=\"og:url\" content=\"https:\/\/www.musikzeitung.ch\/en\/berichte\/2019\/08\/eine-region-feiert-die-zeitlichkeit\/\" \/>\n<meta property=\"og:site_name\" content=\"Schweizer Musikzeitung\" \/>\n<meta property=\"article:publisher\" content=\"https:\/\/www.facebook.com\/SchweizerMusikzeitung\/\" \/>\n<meta property=\"article:published_time\" content=\"2019-08-01T23:00:00+00:00\" \/>\n<meta property=\"article:modified_time\" content=\"2025-03-28T10:44:18+00:00\" \/>\n<meta property=\"og:image\" content=\"https:\/\/www.musikzeitung.ch\/wp-content\/uploads\/2023\/01\/K9mON_tableau_feuille_2_celine-michel_fete-des-vignerons-Kopie.jpg\" \/>\n\t<meta property=\"og:image:width\" content=\"554\" \/>\n\t<meta property=\"og:image:height\" content=\"369\" \/>\n\t<meta property=\"og:image:type\" content=\"image\/jpeg\" \/>\n<meta name=\"author\" content=\"Musikzeitung-Redaktion\" \/>\n<meta name=\"twitter:card\" content=\"summary_large_image\" \/>\n<meta name=\"twitter:creator\" content=\"@smusikzeitung\" \/>\n<meta name=\"twitter:site\" content=\"@smusikzeitung\" \/>\n<meta name=\"twitter:label1\" content=\"Written by\" \/>\n\t<meta name=\"twitter:data1\" content=\"Musikzeitung-Redaktion\" \/>\n\t<meta name=\"twitter:label2\" content=\"Est. reading time\" \/>\n\t<meta name=\"twitter:data2\" content=\"6 minutes\" \/>\n<script type=\"application\/ld+json\" class=\"yoast-schema-graph\">{\"@context\":\"https:\\\/\\\/schema.org\",\"@graph\":[{\"@type\":\"Article\",\"@id\":\"https:\\\/\\\/www.musikzeitung.ch\\\/berichte\\\/2019\\\/08\\\/eine-region-feiert-die-zeitlichkeit#article\",\"isPartOf\":{\"@id\":\"https:\\\/\\\/www.musikzeitung.ch\\\/berichte\\\/2019\\\/08\\\/eine-region-feiert-die-zeitlichkeit\"},\"author\":{\"name\":\"Musikzeitung-Redaktion\",\"@id\":\"https:\\\/\\\/www.musikzeitung.ch\\\/#\\\/schema\\\/person\\\/b2fd892c800856270b9dcc6001265712\"},\"headline\":\"Eine Region feiert die Zeitlichkeit\",\"datePublished\":\"2019-08-01T23:00:00+00:00\",\"dateModified\":\"2025-03-28T10:44:18+00:00\",\"mainEntityOfPage\":{\"@id\":\"https:\\\/\\\/www.musikzeitung.ch\\\/berichte\\\/2019\\\/08\\\/eine-region-feiert-die-zeitlichkeit\"},\"wordCount\":949,\"publisher\":{\"@id\":\"https:\\\/\\\/www.musikzeitung.ch\\\/#organization\"},\"image\":{\"@id\":\"https:\\\/\\\/www.musikzeitung.ch\\\/berichte\\\/2019\\\/08\\\/eine-region-feiert-die-zeitlichkeit#primaryimage\"},\"thumbnailUrl\":\"https:\\\/\\\/www.musikzeitung.ch\\\/wp-content\\\/uploads\\\/2023\\\/01\\\/K9mON_tableau_feuille_2_celine-michel_fete-des-vignerons-Kopie.jpg\",\"keywords\":[\"F\u00eate des Vignerons\"],\"articleSection\":[\"Auff\u00fchrungen\",\"Berichte\"],\"inLanguage\":\"en-US\"},{\"@type\":\"WebPage\",\"@id\":\"https:\\\/\\\/www.musikzeitung.ch\\\/berichte\\\/2019\\\/08\\\/eine-region-feiert-die-zeitlichkeit\",\"url\":\"https:\\\/\\\/www.musikzeitung.ch\\\/berichte\\\/2019\\\/08\\\/eine-region-feiert-die-zeitlichkeit\",\"name\":\"Eine Region feiert die Zeitlichkeit - Schweizer Musikzeitung\",\"isPartOf\":{\"@id\":\"https:\\\/\\\/www.musikzeitung.ch\\\/#website\"},\"primaryImageOfPage\":{\"@id\":\"https:\\\/\\\/www.musikzeitung.ch\\\/berichte\\\/2019\\\/08\\\/eine-region-feiert-die-zeitlichkeit#primaryimage\"},\"image\":{\"@id\":\"https:\\\/\\\/www.musikzeitung.ch\\\/berichte\\\/2019\\\/08\\\/eine-region-feiert-die-zeitlichkeit#primaryimage\"},\"thumbnailUrl\":\"https:\\\/\\\/www.musikzeitung.ch\\\/wp-content\\\/uploads\\\/2023\\\/01\\\/K9mON_tableau_feuille_2_celine-michel_fete-des-vignerons-Kopie.jpg\",\"datePublished\":\"2019-08-01T23:00:00+00:00\",\"dateModified\":\"2025-03-28T10:44:18+00:00\",\"breadcrumb\":{\"@id\":\"https:\\\/\\\/www.musikzeitung.ch\\\/berichte\\\/2019\\\/08\\\/eine-region-feiert-die-zeitlichkeit#breadcrumb\"},\"inLanguage\":\"en-US\",\"potentialAction\":[{\"@type\":\"ReadAction\",\"target\":[\"https:\\\/\\\/www.musikzeitung.ch\\\/berichte\\\/2019\\\/08\\\/eine-region-feiert-die-zeitlichkeit\"]}]},{\"@type\":\"ImageObject\",\"inLanguage\":\"en-US\",\"@id\":\"https:\\\/\\\/www.musikzeitung.ch\\\/berichte\\\/2019\\\/08\\\/eine-region-feiert-die-zeitlichkeit#primaryimage\",\"url\":\"https:\\\/\\\/www.musikzeitung.ch\\\/wp-content\\\/uploads\\\/2023\\\/01\\\/K9mON_tableau_feuille_2_celine-michel_fete-des-vignerons-Kopie.jpg\",\"contentUrl\":\"https:\\\/\\\/www.musikzeitung.ch\\\/wp-content\\\/uploads\\\/2023\\\/01\\\/K9mON_tableau_feuille_2_celine-michel_fete-des-vignerons-Kopie.jpg\",\"width\":554,\"height\":369},{\"@type\":\"BreadcrumbList\",\"@id\":\"https:\\\/\\\/www.musikzeitung.ch\\\/berichte\\\/2019\\\/08\\\/eine-region-feiert-die-zeitlichkeit#breadcrumb\",\"itemListElement\":[{\"@type\":\"ListItem\",\"position\":1,\"name\":\"Home\",\"item\":\"https:\\\/\\\/www.musikzeitung.ch\\\/\"},{\"@type\":\"ListItem\",\"position\":2,\"name\":\"Eine Region feiert die Zeitlichkeit\"}]},{\"@type\":\"WebSite\",\"@id\":\"https:\\\/\\\/www.musikzeitung.ch\\\/#website\",\"url\":\"https:\\\/\\\/www.musikzeitung.ch\\\/\",\"name\":\"Schweizer Musikzeitung\",\"description\":\"Die f\u00fchrende sparten\u00fcbergreifende Monatszeitung in der Schweiz f\u00fcr musikalische Fragen.\",\"publisher\":{\"@id\":\"https:\\\/\\\/www.musikzeitung.ch\\\/#organization\"},\"potentialAction\":[{\"@type\":\"SearchAction\",\"target\":{\"@type\":\"EntryPoint\",\"urlTemplate\":\"https:\\\/\\\/www.musikzeitung.ch\\\/?s={search_term_string}\"},\"query-input\":{\"@type\":\"PropertyValueSpecification\",\"valueRequired\":true,\"valueName\":\"search_term_string\"}}],\"inLanguage\":\"en-US\"},{\"@type\":\"Organization\",\"@id\":\"https:\\\/\\\/www.musikzeitung.ch\\\/#organization\",\"name\":\"Schweizer Musikzeitung\",\"url\":\"https:\\\/\\\/www.musikzeitung.ch\\\/\",\"logo\":{\"@type\":\"ImageObject\",\"inLanguage\":\"en-US\",\"@id\":\"https:\\\/\\\/www.musikzeitung.ch\\\/#\\\/schema\\\/logo\\\/image\\\/\",\"url\":\"https:\\\/\\\/www.musikzeitung.ch\\\/wp-content\\\/uploads\\\/2023\\\/01\\\/SMZ_Schriftzug_Sprache.png\",\"contentUrl\":\"https:\\\/\\\/www.musikzeitung.ch\\\/wp-content\\\/uploads\\\/2023\\\/01\\\/SMZ_Schriftzug_Sprache.png\",\"width\":1400,\"height\":279,\"caption\":\"Schweizer Musikzeitung\"},\"image\":{\"@id\":\"https:\\\/\\\/www.musikzeitung.ch\\\/#\\\/schema\\\/logo\\\/image\\\/\"},\"sameAs\":[\"https:\\\/\\\/www.facebook.com\\\/SchweizerMusikzeitung\\\/\",\"https:\\\/\\\/x.com\\\/smusikzeitung\",\"https:\\\/\\\/www.instagram.com\\\/musikzeitung.ch\\\/\"]},{\"@type\":\"Person\",\"@id\":\"https:\\\/\\\/www.musikzeitung.ch\\\/#\\\/schema\\\/person\\\/b2fd892c800856270b9dcc6001265712\",\"name\":\"Musikzeitung-Redaktion\",\"image\":{\"@type\":\"ImageObject\",\"inLanguage\":\"en-US\",\"@id\":\"https:\\\/\\\/www.musikzeitung.ch\\\/wp-content\\\/uploads\\\/2022\\\/05\\\/usericon_musikzeitung-96x96.jpg\",\"url\":\"https:\\\/\\\/www.musikzeitung.ch\\\/wp-content\\\/uploads\\\/2022\\\/05\\\/usericon_musikzeitung-96x96.jpg\",\"contentUrl\":\"https:\\\/\\\/www.musikzeitung.ch\\\/wp-content\\\/uploads\\\/2022\\\/05\\\/usericon_musikzeitung-96x96.jpg\",\"caption\":\"Musikzeitung-Redaktion\"},\"url\":\"https:\\\/\\\/www.musikzeitung.ch\\\/en\\\/author\\\/admin\"}]}<\/script>\n<!-- \/ Yoast SEO plugin. -->","yoast_head_json":{"title":"Eine Region feiert die Zeitlichkeit - Schweizer Musikzeitung","robots":{"index":"index","follow":"follow","max-snippet":"max-snippet:-1","max-image-preview":"max-image-preview:large","max-video-preview":"max-video-preview:-1"},"canonical":"https:\/\/www.musikzeitung.ch\/en\/berichte\/2019\/08\/eine-region-feiert-die-zeitlichkeit\/","og_locale":"en_US","og_type":"article","og_title":"Eine Region feiert die Zeitlichkeit - Schweizer Musikzeitung","og_description":"Bei den 20 Vorstellungen der F\u00eate des Vignerons 2019 in Vevey machen 6500 M\u00e4nner, Frauen und Kinder aus der Gegend mit. \u2013 Ein verspielter und grossartiger Reigen des Weinbaus und des Lebens.","og_url":"https:\/\/www.musikzeitung.ch\/en\/berichte\/2019\/08\/eine-region-feiert-die-zeitlichkeit\/","og_site_name":"Schweizer Musikzeitung","article_publisher":"https:\/\/www.facebook.com\/SchweizerMusikzeitung\/","article_published_time":"2019-08-01T23:00:00+00:00","article_modified_time":"2025-03-28T10:44:18+00:00","og_image":[{"width":554,"height":369,"url":"https:\/\/www.musikzeitung.ch\/wp-content\/uploads\/2023\/01\/K9mON_tableau_feuille_2_celine-michel_fete-des-vignerons-Kopie.jpg","type":"image\/jpeg"}],"author":"Musikzeitung-Redaktion","twitter_card":"summary_large_image","twitter_creator":"@smusikzeitung","twitter_site":"@smusikzeitung","twitter_misc":{"Written by":"Musikzeitung-Redaktion","Est. reading time":"6 minutes"},"schema":{"@context":"https:\/\/schema.org","@graph":[{"@type":"Article","@id":"https:\/\/www.musikzeitung.ch\/berichte\/2019\/08\/eine-region-feiert-die-zeitlichkeit#article","isPartOf":{"@id":"https:\/\/www.musikzeitung.ch\/berichte\/2019\/08\/eine-region-feiert-die-zeitlichkeit"},"author":{"name":"Musikzeitung-Redaktion","@id":"https:\/\/www.musikzeitung.ch\/#\/schema\/person\/b2fd892c800856270b9dcc6001265712"},"headline":"Eine Region feiert die Zeitlichkeit","datePublished":"2019-08-01T23:00:00+00:00","dateModified":"2025-03-28T10:44:18+00:00","mainEntityOfPage":{"@id":"https:\/\/www.musikzeitung.ch\/berichte\/2019\/08\/eine-region-feiert-die-zeitlichkeit"},"wordCount":949,"publisher":{"@id":"https:\/\/www.musikzeitung.ch\/#organization"},"image":{"@id":"https:\/\/www.musikzeitung.ch\/berichte\/2019\/08\/eine-region-feiert-die-zeitlichkeit#primaryimage"},"thumbnailUrl":"https:\/\/www.musikzeitung.ch\/wp-content\/uploads\/2023\/01\/K9mON_tableau_feuille_2_celine-michel_fete-des-vignerons-Kopie.jpg","keywords":["F\u00eate des Vignerons"],"articleSection":["Auff\u00fchrungen","Berichte"],"inLanguage":"en-US"},{"@type":"WebPage","@id":"https:\/\/www.musikzeitung.ch\/berichte\/2019\/08\/eine-region-feiert-die-zeitlichkeit","url":"https:\/\/www.musikzeitung.ch\/berichte\/2019\/08\/eine-region-feiert-die-zeitlichkeit","name":"Eine Region feiert die Zeitlichkeit - Schweizer Musikzeitung","isPartOf":{"@id":"https:\/\/www.musikzeitung.ch\/#website"},"primaryImageOfPage":{"@id":"https:\/\/www.musikzeitung.ch\/berichte\/2019\/08\/eine-region-feiert-die-zeitlichkeit#primaryimage"},"image":{"@id":"https:\/\/www.musikzeitung.ch\/berichte\/2019\/08\/eine-region-feiert-die-zeitlichkeit#primaryimage"},"thumbnailUrl":"https:\/\/www.musikzeitung.ch\/wp-content\/uploads\/2023\/01\/K9mON_tableau_feuille_2_celine-michel_fete-des-vignerons-Kopie.jpg","datePublished":"2019-08-01T23:00:00+00:00","dateModified":"2025-03-28T10:44:18+00:00","breadcrumb":{"@id":"https:\/\/www.musikzeitung.ch\/berichte\/2019\/08\/eine-region-feiert-die-zeitlichkeit#breadcrumb"},"inLanguage":"en-US","potentialAction":[{"@type":"ReadAction","target":["https:\/\/www.musikzeitung.ch\/berichte\/2019\/08\/eine-region-feiert-die-zeitlichkeit"]}]},{"@type":"ImageObject","inLanguage":"en-US","@id":"https:\/\/www.musikzeitung.ch\/berichte\/2019\/08\/eine-region-feiert-die-zeitlichkeit#primaryimage","url":"https:\/\/www.musikzeitung.ch\/wp-content\/uploads\/2023\/01\/K9mON_tableau_feuille_2_celine-michel_fete-des-vignerons-Kopie.jpg","contentUrl":"https:\/\/www.musikzeitung.ch\/wp-content\/uploads\/2023\/01\/K9mON_tableau_feuille_2_celine-michel_fete-des-vignerons-Kopie.jpg","width":554,"height":369},{"@type":"BreadcrumbList","@id":"https:\/\/www.musikzeitung.ch\/berichte\/2019\/08\/eine-region-feiert-die-zeitlichkeit#breadcrumb","itemListElement":[{"@type":"ListItem","position":1,"name":"Home","item":"https:\/\/www.musikzeitung.ch\/"},{"@type":"ListItem","position":2,"name":"Eine Region feiert die Zeitlichkeit"}]},{"@type":"WebSite","@id":"https:\/\/www.musikzeitung.ch\/#website","url":"https:\/\/www.musikzeitung.ch\/","name":"Swiss Music Newspaper","description":"The leading interdisciplinary monthly newspaper in Switzerland for musical issues.","publisher":{"@id":"https:\/\/www.musikzeitung.ch\/#organization"},"potentialAction":[{"@type":"SearchAction","target":{"@type":"EntryPoint","urlTemplate":"https:\/\/www.musikzeitung.ch\/?s={search_term_string}"},"query-input":{"@type":"PropertyValueSpecification","valueRequired":true,"valueName":"search_term_string"}}],"inLanguage":"en-US"},{"@type":"Organization","@id":"https:\/\/www.musikzeitung.ch\/#organization","name":"Swiss Music Newspaper","url":"https:\/\/www.musikzeitung.ch\/","logo":{"@type":"ImageObject","inLanguage":"en-US","@id":"https:\/\/www.musikzeitung.ch\/#\/schema\/logo\/image\/","url":"https:\/\/www.musikzeitung.ch\/wp-content\/uploads\/2023\/01\/SMZ_Schriftzug_Sprache.png","contentUrl":"https:\/\/www.musikzeitung.ch\/wp-content\/uploads\/2023\/01\/SMZ_Schriftzug_Sprache.png","width":1400,"height":279,"caption":"Schweizer Musikzeitung"},"image":{"@id":"https:\/\/www.musikzeitung.ch\/#\/schema\/logo\/image\/"},"sameAs":["https:\/\/www.facebook.com\/SchweizerMusikzeitung\/","https:\/\/x.com\/smusikzeitung","https:\/\/www.instagram.com\/musikzeitung.ch\/"]},{"@type":"Person","@id":"https:\/\/www.musikzeitung.ch\/#\/schema\/person\/b2fd892c800856270b9dcc6001265712","name":"Music newspaper editorial office","image":{"@type":"ImageObject","inLanguage":"en-US","@id":"https:\/\/www.musikzeitung.ch\/wp-content\/uploads\/2022\/05\/usericon_musikzeitung-96x96.jpg","url":"https:\/\/www.musikzeitung.ch\/wp-content\/uploads\/2022\/05\/usericon_musikzeitung-96x96.jpg","contentUrl":"https:\/\/www.musikzeitung.ch\/wp-content\/uploads\/2022\/05\/usericon_musikzeitung-96x96.jpg","caption":"Musikzeitung-Redaktion"},"url":"https:\/\/www.musikzeitung.ch\/en\/author\/admin"}]}},"publishpress_future_workflow_manual_trigger":{"enabledWorkflows":[]},"_links":{"self":[{"href":"https:\/\/www.musikzeitung.ch\/en\/wp-json\/wp\/v2\/posts\/8602","targetHints":{"allow":["GET"]}}],"collection":[{"href":"https:\/\/www.musikzeitung.ch\/en\/wp-json\/wp\/v2\/posts"}],"about":[{"href":"https:\/\/www.musikzeitung.ch\/en\/wp-json\/wp\/v2\/types\/post"}],"author":[{"embeddable":true,"href":"https:\/\/www.musikzeitung.ch\/en\/wp-json\/wp\/v2\/users\/1"}],"replies":[{"embeddable":true,"href":"https:\/\/www.musikzeitung.ch\/en\/wp-json\/wp\/v2\/comments?post=8602"}],"version-history":[{"count":2,"href":"https:\/\/www.musikzeitung.ch\/en\/wp-json\/wp\/v2\/posts\/8602\/revisions"}],"predecessor-version":[{"id":64113,"href":"https:\/\/www.musikzeitung.ch\/en\/wp-json\/wp\/v2\/posts\/8602\/revisions\/64113"}],"wp:featuredmedia":[{"embeddable":true,"href":"https:\/\/www.musikzeitung.ch\/en\/wp-json\/wp\/v2\/media\/8603"}],"wp:attachment":[{"href":"https:\/\/www.musikzeitung.ch\/en\/wp-json\/wp\/v2\/media?parent=8602"}],"wp:term":[{"taxonomy":"category","embeddable":true,"href":"https:\/\/www.musikzeitung.ch\/en\/wp-json\/wp\/v2\/categories?post=8602"},{"taxonomy":"post_tag","embeddable":true,"href":"https:\/\/www.musikzeitung.ch\/en\/wp-json\/wp\/v2\/tags?post=8602"}],"curies":[{"name":"wp","href":"https:\/\/api.w.org\/{rel}","templated":true}]}}