{"id":8625,"date":"2019-04-26T00:00:00","date_gmt":"2019-04-25T23:00:00","guid":{"rendered":"https:\/\/www.musikzeitung.ch\/allgemein\/kecker-geist-in-der-einoede\/"},"modified":"2025-05-08T15:40:10","modified_gmt":"2025-05-08T13:40:10","slug":"kecker-geist-in-der-einoede","status":"publish","type":"post","link":"https:\/\/www.musikzeitung.ch\/en\/berichte\/2019\/04\/kecker-geist-in-der-einoede","title":{"rendered":"Cheeky ghost in the wasteland"},"content":{"rendered":"<figure style=\"width: 554px\" class=\"wp-caption alignnone\"><img loading=\"lazy\" decoding=\"async\" src=\"https:\/\/www.musikzeitung.ch\/wp-content\/uploads\/2023\/01\/tf.jpg\" alt=\"\" width=\"554\" height=\"390\" \/><figcaption class=\"wp-caption-text\">Friedrich Theodor Fr\u00f6hlich (1803-1836). Image: Wikimedia<\/figcaption><\/figure>\n<div class=\"text-section\">\n<p>The International Fr\u00f6hlich Society Brugg, initiated by the singer Barbara Vigfusson, has been committed to the performance and dissemination of the music of the Aargau early Romantic composer Friedrich Theodor Fr\u00f6hlich (1803-1836) since 2016. There is now also a Fr\u00f6hlich Concert Choir Brugg, led by church musician Markus J. Frey, and a cultural association \"Fr\u00f6hlich Concerts Brugg\".<\/p>\n<p>The fact that Aargau produced Switzerland's most important early Romantic composer has been known at least since the dissertation by Winterthur grammar school teacher Pierre Sarbach in 1987 and his Fr\u00f6hlich performances with the vocal ensemble pro musica. Fr\u00f6hlich's <em>Missa<\/em> was published in 1987 in the series \"Schweizerische Musikdenkm\u00e4ler\", but it turned out to be a copy by Fr\u00f6hlich of a mass by Johann Gottlieb Naumann (1741-1801) from 1794. There is a great deal to discover in Fr\u00f6hlich's own works: well-sung choral and vocal ensemble works, several orchestral overtures, many songs, chamber music and piano pieces - original Gebrauchsmusik in the best sense of the word. Incidentally, his estate is in the Basel University Library.\n<\/div>\n<div>\n<h3 class=\"\">Metropolitan education in the provinces<\/h3>\n<\/div>\n<div class=\"text-section\">\n<p>Fr\u00f6hlich received his basic musical training at Hans Georg N\u00e4geli's \"Singinstitut\" in Zurich. He was originally supposed to study law. However, musical life in Berlin really took off for him: he attended many concerts and came into contact with the best musicians of the time, including Felix Mendelssohn Bartholdy and Friedrich Zelter from the Berlin Sing-Akademie. In this environment, Fr\u00f6hlich also experienced Mendelssohn's music-historically significant revival of Bach's <em>St. Matthew Passion<\/em> with.<\/p>\n<p>His <em>Passion Cantata<\/em> He wrote it shortly after his return from Berlin and performed it in Aarau in 1831 - not with an orchestra, but with piano accompaniment. Fr\u00f6hlich had returned to a musical wasteland. There was no orchestra in Aarau and no regular music lessons at the cantonal school with which he could have made a living. So he founded his own singing school.<\/p>\n<p>The texts for the <em>Passion Cantata<\/em>based on the four Gospels, was provided by his brother, the reformed theologian Abraham Emanuel Fr\u00f6hlich. The oratorio is extensive, consists of 21 numbers and not only has an original instrumentation, Fr\u00f6hlich also \"plays\" with it: mixed choir, women's choir and men's choir sing in alternation, plus six soloists and a wind orchestra. The unconventional yet singable melodic line is striking; harmonically, he repeatedly finds interesting, early Romantic turns and colors. The instrumentation is surprisingly good.\n<\/div>\n<div>\n<h3 class=\"\">Performance of a work printed for the first time<\/h3>\n<\/div>\n<div class=\"text-section\">\n<p>Fr\u00f6hlich's oratorio could now be experienced in the Stadtkirche Brugg under the masterful direction of Markus J. Frey. The participating Fr\u00f6hlich Concert Choir Brugg also included the excellent female vocal ensemble Vocembalo, conducted by Barbara Vigfusson. This was clearly audible in the well-intoned, extremely high soprano parts. Overall, the choir and Chaart's orchestra mastered this work with fresh verve, good intonation and precise fugal entries.<\/p>\n<p>Sunday also showed that this Fr\u00f6hlich project involves good musicians who are committed to the cause. The song recital with soprano Muriel Schwarz and her subtly attuned pianist Andrea Wiesli embedded Fr\u00f6hlich's songs - including some <em>Swiss songs<\/em> in dialect - between those of the siblings Fanny Hensel Mendelssohn and Felix Mendelssohn Bartholdy. The Biedermeier-style pieces, which bear witness to Fr\u00f6hlich's humor and joie de vivre, were performed sensitively and wittily.<\/p>\n<p>In addition, violinist Sebastian Bohren and the Stradivari Quartet took on the Swiss premiere of the Piano Quartet in D minor (1835), first published by Amadeus-Verlag; Benjamin Engeli was at the piano. They played the work by the early Romantic composer from Aargau after Mozart's Piano Quartet No. 1 in G minor K. 478 and showed that it could certainly hold its own alongside Mozart. They infected the audience with their delight in Fr\u00f6hlich's sense of sound and cheeky spirit. It would be time to promote this locally and nationally significant Fr\u00f6hlich initiative more strongly in terms of cultural policy.\n<\/p><\/div>\n<div>\n<p><a href=\"http:\/\/www.froehlich-gesellschaft.ch\"><strong>www.froehlich-gesellschaft.ch<\/strong><\/a><\/p>\n<\/div>","protected":false},"excerpt":{"rendered":"<p><strong>The third edition of the Fr\u00f6hlich Day attracted many visitors to Brugg on the weekend of April 13 and 14. <\/strong><\/p>","protected":false},"author":1,"featured_media":8626,"comment_status":"closed","ping_status":"closed","sticky":false,"template":"","format":"standard","meta":{"_acf_changed":false,"_relevanssi_hide_post":"","_relevanssi_hide_content":"","_relevanssi_pin_for_all":"","_relevanssi_pin_keywords":"","_relevanssi_unpin_keywords":"","_relevanssi_related_keywords":"","_relevanssi_related_include_ids":"","_relevanssi_related_exclude_ids":"","_relevanssi_related_no_append":"","_relevanssi_related_not_related":"","_relevanssi_related_posts":"","_relevanssi_noindex_reason":"","pgc_sgb_lightbox_settings":"","footnotes":""},"categories":[1531,28],"tags":[4930,4931],"class_list":["post-8625","post","type-post","status-publish","format-standard","has-post-thumbnail","hentry","category-auffuehrungen","category-berichte","tag-friedrich-theodor-froehlich","tag-internationale-froehlich-gesellschaft-brugg"],"acf":[],"yoast_head":"<!-- This site is optimized with the Yoast SEO plugin v27.4 - https:\/\/yoast.com\/product\/yoast-seo-wordpress\/ -->\n<title>Kecker Geist in der Ein\u00f6de - Schweizer Musikzeitung<\/title>\n<meta name=\"robots\" content=\"index, follow, max-snippet:-1, max-image-preview:large, max-video-preview:-1\" \/>\n<link rel=\"canonical\" href=\"https:\/\/www.musikzeitung.ch\/en\/berichte\/2019\/04\/kecker-geist-in-der-einoede\/\" \/>\n<meta property=\"og:locale\" content=\"en_US\" \/>\n<meta property=\"og:type\" content=\"article\" \/>\n<meta property=\"og:title\" content=\"Kecker Geist in der Ein\u00f6de - Schweizer Musikzeitung\" \/>\n<meta property=\"og:description\" content=\"Die dritte Ausgabe des Fr\u00f6hlich-Tages lockte am Wochenende vom 13. und 14. April viele Besucherinnen und Besucher nach Brugg.\" \/>\n<meta property=\"og:url\" content=\"https:\/\/www.musikzeitung.ch\/en\/berichte\/2019\/04\/kecker-geist-in-der-einoede\/\" \/>\n<meta property=\"og:site_name\" content=\"Schweizer Musikzeitung\" \/>\n<meta property=\"article:publisher\" content=\"https:\/\/www.facebook.com\/SchweizerMusikzeitung\/\" \/>\n<meta property=\"article:published_time\" content=\"2019-04-25T23:00:00+00:00\" \/>\n<meta property=\"article:modified_time\" content=\"2025-05-08T13:40:10+00:00\" \/>\n<meta property=\"og:image\" content=\"https:\/\/www.musikzeitung.ch\/wp-content\/uploads\/2023\/01\/tf.jpg\" \/>\n\t<meta property=\"og:image:width\" content=\"554\" \/>\n\t<meta property=\"og:image:height\" content=\"390\" \/>\n\t<meta property=\"og:image:type\" content=\"image\/jpeg\" \/>\n<meta name=\"author\" content=\"Musikzeitung-Redaktion\" \/>\n<meta name=\"twitter:card\" content=\"summary_large_image\" \/>\n<meta name=\"twitter:creator\" content=\"@smusikzeitung\" \/>\n<meta name=\"twitter:site\" content=\"@smusikzeitung\" \/>\n<meta name=\"twitter:label1\" content=\"Written by\" \/>\n\t<meta name=\"twitter:data1\" content=\"Musikzeitung-Redaktion\" \/>\n\t<meta name=\"twitter:label2\" content=\"Est. reading time\" \/>\n\t<meta name=\"twitter:data2\" content=\"4 minutes\" \/>\n<script type=\"application\/ld+json\" class=\"yoast-schema-graph\">{\"@context\":\"https:\\\/\\\/schema.org\",\"@graph\":[{\"@type\":\"Article\",\"@id\":\"https:\\\/\\\/www.musikzeitung.ch\\\/berichte\\\/2019\\\/04\\\/kecker-geist-in-der-einoede#article\",\"isPartOf\":{\"@id\":\"https:\\\/\\\/www.musikzeitung.ch\\\/berichte\\\/2019\\\/04\\\/kecker-geist-in-der-einoede\"},\"author\":{\"name\":\"Musikzeitung-Redaktion\",\"@id\":\"https:\\\/\\\/www.musikzeitung.ch\\\/#\\\/schema\\\/person\\\/b2fd892c800856270b9dcc6001265712\"},\"headline\":\"Kecker Geist in der Ein\u00f6de\",\"datePublished\":\"2019-04-25T23:00:00+00:00\",\"dateModified\":\"2025-05-08T13:40:10+00:00\",\"mainEntityOfPage\":{\"@id\":\"https:\\\/\\\/www.musikzeitung.ch\\\/berichte\\\/2019\\\/04\\\/kecker-geist-in-der-einoede\"},\"wordCount\":658,\"publisher\":{\"@id\":\"https:\\\/\\\/www.musikzeitung.ch\\\/#organization\"},\"image\":{\"@id\":\"https:\\\/\\\/www.musikzeitung.ch\\\/berichte\\\/2019\\\/04\\\/kecker-geist-in-der-einoede#primaryimage\"},\"thumbnailUrl\":\"https:\\\/\\\/www.musikzeitung.ch\\\/wp-content\\\/uploads\\\/2023\\\/01\\\/tf.jpg\",\"keywords\":[\"Friedrich Theodor Fr\u00f6hlich\",\"Internationale Fr\u00f6hlich-Gesellschaft Brugg\"],\"articleSection\":[\"Auff\u00fchrungen\",\"Berichte\"],\"inLanguage\":\"en-US\"},{\"@type\":\"WebPage\",\"@id\":\"https:\\\/\\\/www.musikzeitung.ch\\\/berichte\\\/2019\\\/04\\\/kecker-geist-in-der-einoede\",\"url\":\"https:\\\/\\\/www.musikzeitung.ch\\\/berichte\\\/2019\\\/04\\\/kecker-geist-in-der-einoede\",\"name\":\"Kecker Geist in der Ein\u00f6de - Schweizer Musikzeitung\",\"isPartOf\":{\"@id\":\"https:\\\/\\\/www.musikzeitung.ch\\\/#website\"},\"primaryImageOfPage\":{\"@id\":\"https:\\\/\\\/www.musikzeitung.ch\\\/berichte\\\/2019\\\/04\\\/kecker-geist-in-der-einoede#primaryimage\"},\"image\":{\"@id\":\"https:\\\/\\\/www.musikzeitung.ch\\\/berichte\\\/2019\\\/04\\\/kecker-geist-in-der-einoede#primaryimage\"},\"thumbnailUrl\":\"https:\\\/\\\/www.musikzeitung.ch\\\/wp-content\\\/uploads\\\/2023\\\/01\\\/tf.jpg\",\"datePublished\":\"2019-04-25T23:00:00+00:00\",\"dateModified\":\"2025-05-08T13:40:10+00:00\",\"breadcrumb\":{\"@id\":\"https:\\\/\\\/www.musikzeitung.ch\\\/berichte\\\/2019\\\/04\\\/kecker-geist-in-der-einoede#breadcrumb\"},\"inLanguage\":\"en-US\",\"potentialAction\":[{\"@type\":\"ReadAction\",\"target\":[\"https:\\\/\\\/www.musikzeitung.ch\\\/berichte\\\/2019\\\/04\\\/kecker-geist-in-der-einoede\"]}]},{\"@type\":\"ImageObject\",\"inLanguage\":\"en-US\",\"@id\":\"https:\\\/\\\/www.musikzeitung.ch\\\/berichte\\\/2019\\\/04\\\/kecker-geist-in-der-einoede#primaryimage\",\"url\":\"https:\\\/\\\/www.musikzeitung.ch\\\/wp-content\\\/uploads\\\/2023\\\/01\\\/tf.jpg\",\"contentUrl\":\"https:\\\/\\\/www.musikzeitung.ch\\\/wp-content\\\/uploads\\\/2023\\\/01\\\/tf.jpg\",\"width\":554,\"height\":390},{\"@type\":\"BreadcrumbList\",\"@id\":\"https:\\\/\\\/www.musikzeitung.ch\\\/berichte\\\/2019\\\/04\\\/kecker-geist-in-der-einoede#breadcrumb\",\"itemListElement\":[{\"@type\":\"ListItem\",\"position\":1,\"name\":\"Home\",\"item\":\"https:\\\/\\\/www.musikzeitung.ch\\\/\"},{\"@type\":\"ListItem\",\"position\":2,\"name\":\"Kecker Geist in der Ein\u00f6de\"}]},{\"@type\":\"WebSite\",\"@id\":\"https:\\\/\\\/www.musikzeitung.ch\\\/#website\",\"url\":\"https:\\\/\\\/www.musikzeitung.ch\\\/\",\"name\":\"Schweizer Musikzeitung\",\"description\":\"Die f\u00fchrende sparten\u00fcbergreifende Monatszeitung in der Schweiz f\u00fcr musikalische Fragen.\",\"publisher\":{\"@id\":\"https:\\\/\\\/www.musikzeitung.ch\\\/#organization\"},\"potentialAction\":[{\"@type\":\"SearchAction\",\"target\":{\"@type\":\"EntryPoint\",\"urlTemplate\":\"https:\\\/\\\/www.musikzeitung.ch\\\/?s={search_term_string}\"},\"query-input\":{\"@type\":\"PropertyValueSpecification\",\"valueRequired\":true,\"valueName\":\"search_term_string\"}}],\"inLanguage\":\"en-US\"},{\"@type\":\"Organization\",\"@id\":\"https:\\\/\\\/www.musikzeitung.ch\\\/#organization\",\"name\":\"Schweizer Musikzeitung\",\"url\":\"https:\\\/\\\/www.musikzeitung.ch\\\/\",\"logo\":{\"@type\":\"ImageObject\",\"inLanguage\":\"en-US\",\"@id\":\"https:\\\/\\\/www.musikzeitung.ch\\\/#\\\/schema\\\/logo\\\/image\\\/\",\"url\":\"https:\\\/\\\/www.musikzeitung.ch\\\/wp-content\\\/uploads\\\/2023\\\/01\\\/SMZ_Schriftzug_Sprache.png\",\"contentUrl\":\"https:\\\/\\\/www.musikzeitung.ch\\\/wp-content\\\/uploads\\\/2023\\\/01\\\/SMZ_Schriftzug_Sprache.png\",\"width\":1400,\"height\":279,\"caption\":\"Schweizer Musikzeitung\"},\"image\":{\"@id\":\"https:\\\/\\\/www.musikzeitung.ch\\\/#\\\/schema\\\/logo\\\/image\\\/\"},\"sameAs\":[\"https:\\\/\\\/www.facebook.com\\\/SchweizerMusikzeitung\\\/\",\"https:\\\/\\\/x.com\\\/smusikzeitung\",\"https:\\\/\\\/www.instagram.com\\\/musikzeitung.ch\\\/\"]},{\"@type\":\"Person\",\"@id\":\"https:\\\/\\\/www.musikzeitung.ch\\\/#\\\/schema\\\/person\\\/b2fd892c800856270b9dcc6001265712\",\"name\":\"Musikzeitung-Redaktion\",\"image\":{\"@type\":\"ImageObject\",\"inLanguage\":\"en-US\",\"@id\":\"https:\\\/\\\/www.musikzeitung.ch\\\/wp-content\\\/uploads\\\/2022\\\/05\\\/usericon_musikzeitung-96x96.jpg\",\"url\":\"https:\\\/\\\/www.musikzeitung.ch\\\/wp-content\\\/uploads\\\/2022\\\/05\\\/usericon_musikzeitung-96x96.jpg\",\"contentUrl\":\"https:\\\/\\\/www.musikzeitung.ch\\\/wp-content\\\/uploads\\\/2022\\\/05\\\/usericon_musikzeitung-96x96.jpg\",\"caption\":\"Musikzeitung-Redaktion\"},\"url\":\"https:\\\/\\\/www.musikzeitung.ch\\\/en\\\/author\\\/admin\"}]}<\/script>\n<!-- \/ Yoast SEO plugin. -->","yoast_head_json":{"title":"Kecker Geist in der Ein\u00f6de - Schweizer Musikzeitung","robots":{"index":"index","follow":"follow","max-snippet":"max-snippet:-1","max-image-preview":"max-image-preview:large","max-video-preview":"max-video-preview:-1"},"canonical":"https:\/\/www.musikzeitung.ch\/en\/berichte\/2019\/04\/kecker-geist-in-der-einoede\/","og_locale":"en_US","og_type":"article","og_title":"Kecker Geist in der Ein\u00f6de - Schweizer Musikzeitung","og_description":"Die dritte Ausgabe des Fr\u00f6hlich-Tages lockte am Wochenende vom 13. und 14. April viele Besucherinnen und Besucher nach Brugg.","og_url":"https:\/\/www.musikzeitung.ch\/en\/berichte\/2019\/04\/kecker-geist-in-der-einoede\/","og_site_name":"Schweizer Musikzeitung","article_publisher":"https:\/\/www.facebook.com\/SchweizerMusikzeitung\/","article_published_time":"2019-04-25T23:00:00+00:00","article_modified_time":"2025-05-08T13:40:10+00:00","og_image":[{"width":554,"height":390,"url":"https:\/\/www.musikzeitung.ch\/wp-content\/uploads\/2023\/01\/tf.jpg","type":"image\/jpeg"}],"author":"Musikzeitung-Redaktion","twitter_card":"summary_large_image","twitter_creator":"@smusikzeitung","twitter_site":"@smusikzeitung","twitter_misc":{"Written by":"Musikzeitung-Redaktion","Est. reading time":"4 minutes"},"schema":{"@context":"https:\/\/schema.org","@graph":[{"@type":"Article","@id":"https:\/\/www.musikzeitung.ch\/berichte\/2019\/04\/kecker-geist-in-der-einoede#article","isPartOf":{"@id":"https:\/\/www.musikzeitung.ch\/berichte\/2019\/04\/kecker-geist-in-der-einoede"},"author":{"name":"Musikzeitung-Redaktion","@id":"https:\/\/www.musikzeitung.ch\/#\/schema\/person\/b2fd892c800856270b9dcc6001265712"},"headline":"Kecker Geist in der Ein\u00f6de","datePublished":"2019-04-25T23:00:00+00:00","dateModified":"2025-05-08T13:40:10+00:00","mainEntityOfPage":{"@id":"https:\/\/www.musikzeitung.ch\/berichte\/2019\/04\/kecker-geist-in-der-einoede"},"wordCount":658,"publisher":{"@id":"https:\/\/www.musikzeitung.ch\/#organization"},"image":{"@id":"https:\/\/www.musikzeitung.ch\/berichte\/2019\/04\/kecker-geist-in-der-einoede#primaryimage"},"thumbnailUrl":"https:\/\/www.musikzeitung.ch\/wp-content\/uploads\/2023\/01\/tf.jpg","keywords":["Friedrich Theodor Fr\u00f6hlich","Internationale Fr\u00f6hlich-Gesellschaft Brugg"],"articleSection":["Auff\u00fchrungen","Berichte"],"inLanguage":"en-US"},{"@type":"WebPage","@id":"https:\/\/www.musikzeitung.ch\/berichte\/2019\/04\/kecker-geist-in-der-einoede","url":"https:\/\/www.musikzeitung.ch\/berichte\/2019\/04\/kecker-geist-in-der-einoede","name":"Kecker Geist in der Ein\u00f6de - Schweizer Musikzeitung","isPartOf":{"@id":"https:\/\/www.musikzeitung.ch\/#website"},"primaryImageOfPage":{"@id":"https:\/\/www.musikzeitung.ch\/berichte\/2019\/04\/kecker-geist-in-der-einoede#primaryimage"},"image":{"@id":"https:\/\/www.musikzeitung.ch\/berichte\/2019\/04\/kecker-geist-in-der-einoede#primaryimage"},"thumbnailUrl":"https:\/\/www.musikzeitung.ch\/wp-content\/uploads\/2023\/01\/tf.jpg","datePublished":"2019-04-25T23:00:00+00:00","dateModified":"2025-05-08T13:40:10+00:00","breadcrumb":{"@id":"https:\/\/www.musikzeitung.ch\/berichte\/2019\/04\/kecker-geist-in-der-einoede#breadcrumb"},"inLanguage":"en-US","potentialAction":[{"@type":"ReadAction","target":["https:\/\/www.musikzeitung.ch\/berichte\/2019\/04\/kecker-geist-in-der-einoede"]}]},{"@type":"ImageObject","inLanguage":"en-US","@id":"https:\/\/www.musikzeitung.ch\/berichte\/2019\/04\/kecker-geist-in-der-einoede#primaryimage","url":"https:\/\/www.musikzeitung.ch\/wp-content\/uploads\/2023\/01\/tf.jpg","contentUrl":"https:\/\/www.musikzeitung.ch\/wp-content\/uploads\/2023\/01\/tf.jpg","width":554,"height":390},{"@type":"BreadcrumbList","@id":"https:\/\/www.musikzeitung.ch\/berichte\/2019\/04\/kecker-geist-in-der-einoede#breadcrumb","itemListElement":[{"@type":"ListItem","position":1,"name":"Home","item":"https:\/\/www.musikzeitung.ch\/"},{"@type":"ListItem","position":2,"name":"Kecker Geist in der Ein\u00f6de"}]},{"@type":"WebSite","@id":"https:\/\/www.musikzeitung.ch\/#website","url":"https:\/\/www.musikzeitung.ch\/","name":"Swiss Music Newspaper","description":"The leading interdisciplinary monthly newspaper in Switzerland for musical issues.","publisher":{"@id":"https:\/\/www.musikzeitung.ch\/#organization"},"potentialAction":[{"@type":"SearchAction","target":{"@type":"EntryPoint","urlTemplate":"https:\/\/www.musikzeitung.ch\/?s={search_term_string}"},"query-input":{"@type":"PropertyValueSpecification","valueRequired":true,"valueName":"search_term_string"}}],"inLanguage":"en-US"},{"@type":"Organization","@id":"https:\/\/www.musikzeitung.ch\/#organization","name":"Swiss Music Newspaper","url":"https:\/\/www.musikzeitung.ch\/","logo":{"@type":"ImageObject","inLanguage":"en-US","@id":"https:\/\/www.musikzeitung.ch\/#\/schema\/logo\/image\/","url":"https:\/\/www.musikzeitung.ch\/wp-content\/uploads\/2023\/01\/SMZ_Schriftzug_Sprache.png","contentUrl":"https:\/\/www.musikzeitung.ch\/wp-content\/uploads\/2023\/01\/SMZ_Schriftzug_Sprache.png","width":1400,"height":279,"caption":"Schweizer Musikzeitung"},"image":{"@id":"https:\/\/www.musikzeitung.ch\/#\/schema\/logo\/image\/"},"sameAs":["https:\/\/www.facebook.com\/SchweizerMusikzeitung\/","https:\/\/x.com\/smusikzeitung","https:\/\/www.instagram.com\/musikzeitung.ch\/"]},{"@type":"Person","@id":"https:\/\/www.musikzeitung.ch\/#\/schema\/person\/b2fd892c800856270b9dcc6001265712","name":"Music newspaper editorial office","image":{"@type":"ImageObject","inLanguage":"en-US","@id":"https:\/\/www.musikzeitung.ch\/wp-content\/uploads\/2022\/05\/usericon_musikzeitung-96x96.jpg","url":"https:\/\/www.musikzeitung.ch\/wp-content\/uploads\/2022\/05\/usericon_musikzeitung-96x96.jpg","contentUrl":"https:\/\/www.musikzeitung.ch\/wp-content\/uploads\/2022\/05\/usericon_musikzeitung-96x96.jpg","caption":"Musikzeitung-Redaktion"},"url":"https:\/\/www.musikzeitung.ch\/en\/author\/admin"}]}},"publishpress_future_workflow_manual_trigger":{"enabledWorkflows":[]},"_links":{"self":[{"href":"https:\/\/www.musikzeitung.ch\/en\/wp-json\/wp\/v2\/posts\/8625","targetHints":{"allow":["GET"]}}],"collection":[{"href":"https:\/\/www.musikzeitung.ch\/en\/wp-json\/wp\/v2\/posts"}],"about":[{"href":"https:\/\/www.musikzeitung.ch\/en\/wp-json\/wp\/v2\/types\/post"}],"author":[{"embeddable":true,"href":"https:\/\/www.musikzeitung.ch\/en\/wp-json\/wp\/v2\/users\/1"}],"replies":[{"embeddable":true,"href":"https:\/\/www.musikzeitung.ch\/en\/wp-json\/wp\/v2\/comments?post=8625"}],"version-history":[{"count":2,"href":"https:\/\/www.musikzeitung.ch\/en\/wp-json\/wp\/v2\/posts\/8625\/revisions"}],"predecessor-version":[{"id":64994,"href":"https:\/\/www.musikzeitung.ch\/en\/wp-json\/wp\/v2\/posts\/8625\/revisions\/64994"}],"wp:featuredmedia":[{"embeddable":true,"href":"https:\/\/www.musikzeitung.ch\/en\/wp-json\/wp\/v2\/media\/8626"}],"wp:attachment":[{"href":"https:\/\/www.musikzeitung.ch\/en\/wp-json\/wp\/v2\/media?parent=8625"}],"wp:term":[{"taxonomy":"category","embeddable":true,"href":"https:\/\/www.musikzeitung.ch\/en\/wp-json\/wp\/v2\/categories?post=8625"},{"taxonomy":"post_tag","embeddable":true,"href":"https:\/\/www.musikzeitung.ch\/en\/wp-json\/wp\/v2\/tags?post=8625"}],"curies":[{"name":"wp","href":"https:\/\/api.w.org\/{rel}","templated":true}]}}