{"id":8629,"date":"2019-04-10T00:00:00","date_gmt":"2019-04-09T23:00:00","guid":{"rendered":"https:\/\/www.musikzeitung.ch\/allgemein\/im-mittelpunkt-steht-das-gepflegte\/"},"modified":"2025-05-08T15:47:00","modified_gmt":"2025-05-08T13:47:00","slug":"im-mittelpunkt-steht-das-gepflegte","status":"publish","type":"post","link":"https:\/\/www.musikzeitung.ch\/en\/berichte\/2019\/04\/im-mittelpunkt-steht-das-gepflegte","title":{"rendered":"The focus is on the well-groomed"},"content":{"rendered":"<figure style=\"width: 554px\" class=\"wp-caption alignnone\"><img loading=\"lazy\" decoding=\"async\" src=\"https:\/\/www.musikzeitung.ch\/wp-content\/uploads\/2023\/01\/JBBT2.jpg\" alt=\"\" width=\"554\" height=\"414\" \/><figcaption class=\"wp-caption-text\">The festival has been held in the Marians Jazzroom since 2003. Photo: IJFB 2019<\/figcaption><\/figure>\n<div class=\"text-section\">\n<p>The Bern International Jazz Festival was founded in 1976 by hotel entrepreneur Hans Zurbr\u00fcgg. It is now run by his son Benny Zurbr\u00fcgg. The 44th edition has been in full swing since mid-March and once again offers no experiments, but rather cultivated sounds. \"Basically, we are sticking to remaining a genuine jazz festival and not trying to cram in everything that has sales potential in terms of style,\" explains Benny Zurbr\u00fcgg. What has changed since the early days is the main venue, which was moved from the Kursaal Bern to the much more intimate Marians Jazzroom in the basement of the Hotel Innere Enge in 2003. This was under the motto \"back to the roots\"; after all, both jazz and blues originated in clubs. \"Since then, each band has played one or two concerts a night with us, which gives the audience the chance to see their favorite band several times.\"<\/p>\n<\/div>\n<div class=\"text-section\">\n<dl class=\"picture media photo large\">\n<dt>\n<figure style=\"width: 554px\" class=\"wp-caption alignnone\"><img loading=\"lazy\" decoding=\"async\" class=\"media photo large\" src=\"https:\/\/www.musikzeitung.ch\/wp-content\/uploads\/2023\/01\/JBB2.jpg\" alt=\" \" width=\"554\" height=\"329\" \/><figcaption class=\"wp-caption-text\">Bettye LaVette. Photo: IJFB 2019<\/figcaption><\/figure><\/dt>\n<dd class=\"caption\"><\/dd>\n<\/dl>\n<\/div>\n<div>\n<h3 class=\"\">Bettye LaVette: experienced in life and full of suspense<\/h3>\n<\/div>\n<div class=\"text-section\">\n<p>The concept seems to work, as this year's example of Bettye LaVette illustrates: Four of her five concerts were sold out in advance. And not by chance, as her third appearance suggests: Accompanied by her four-piece band, the 73-year-old R'n'B and soul singer takes us through the highlights of her career since 1962. She is sometimes self-deprecating (\"At my age, you shouldn't be trying to learn twelve new Dylan songs\"), sometimes proud: she mentions several times that she has already been nominated five times for the most coveted of all music awards, the Grammy. The voice of Bettye LaVette, real name Betty Jo Haskins, may be showing a few signs of age, but it still manages to captivate with passion, temperament and a great deal of self-confidence. While the US-American sings the Dylan composition <em>Things Have Change<\/em>d with verve, blues and her accumulated life experience, she offers with<em> My Man - He's A Lovin' Man<\/em> a piece she performed at the age of 16 - is as crisp as it is blunt R'n'B. The 80-minute performance, during which LaVette also performed at Swamp Rock (<em>He Made A Woman Out Of Me<\/em>) and gospel (<em>Close As I'll Get To Heaven<\/em>) is dense and so full of tension that the audience feels inspired to give a standing ovation at the end of the concert.<\/p>\n<\/div>\n<div>\n<h3 class=\"\">Jerron \"Blind Boy\" Paxton: authentic and haunting<\/h3>\n<\/div>\n<div class=\"text-section\">\n<dl class=\"picture media photo\">\n<dt>\n<figure style=\"width: 180px\" class=\"wp-caption alignnone\"><img loading=\"lazy\" decoding=\"async\" class=\"media photo\" src=\"https:\/\/www.musikzeitung.ch\/wp-content\/uploads\/2023\/01\/JBJ.jpg\" alt=\" \" width=\"180\" height=\"273\" \/><figcaption class=\"wp-caption-text\">Jerron Paxton. Photo: IJFB 2019<\/figcaption><\/figure><\/dt>\n<dd class=\"caption\"><\/dd>\n<\/dl>\n<\/div>\n<div class=\"text-section\">\n<p>An hour later, Jerron \"Blind Boy\" Paxton begins to set up on the stage of Marian's Jazzroom. The 30-year-old wears denim dungarees and looks a little like a farmer from the old days. His music, which is mainly based on the acoustic folk blues of the early 1920s, fits in with this. The audience of around 50 listeners can hear how Paxton - who almost completely lost his sight as a teenager - traces the sound of his ancestors from Louisiana and strives for the greatest possible authenticity. Particularly impressive <em>Ole Dog Blue<\/em>in which the artist reports on the years of famine following the American Civil War, during which one million black people perished. The organic interplay of banjo sounds and Paxton's haunting vocals provides a highlight. According to festival director Benny Zurbr\u00fcgg, the fact that the event is not sold out is due to the fact that the musician is unfortunately not yet as well known as Bettye LaVette. However, he is convinced that the evening double concerts are perfect for promoting the popularity of artists like Paxton.<\/p>\n<\/div>\n<div>\n<h3 class=\"\">Eddie Palmieri: intricate and elegant<\/h3>\n<\/div>\n<div class=\"text-section\">\n<p>After three weeks of the festival, it is still too early to draw any conclusions, explains Zurbr\u00fcgg. \"But the concerts so far have been a complete success, both artistically and in terms of visitor numbers.\" This view is also supported by the appearance of music legend Eddie Palmieri. The 82-year-old, who never saw himself as a jazz musician but as a representative of Latin dance, needs a little help to get to his grand piano, but the New Yorker with Puerto Rican roots leads his Afro-Carribean jazz sextet with the same steady hand. However, he leaves most of the spotlight and solos to trumpeter Jonathan Powell and saxophonist Louis Fouch\u00e9, who provide plenty of drive and pressure. Although Palmieri plays songs such as Mambo <em>Picadillo<\/em> from the pen of Tito Puente or <em>Samba Do Suenho<\/em> by Cal Tjader, the result impresses with its light-footedness. This is not least thanks to his adept rhythm section, consisting of Vincente Rivero on congas, Luques Cortes on double bass and percussionist Camilo Molina. The trio knows how to vary non-stop between the intricate and the elegant - which makes for a firework of thrilling moments.<\/p>\n<\/div>\n<div class=\"text-section\">\n<dl class=\"picture media photo large\">\n<dt>\n<figure style=\"width: 554px\" class=\"wp-caption alignnone\"><img loading=\"lazy\" decoding=\"async\" class=\"media photo large\" src=\"https:\/\/www.musikzeitung.ch\/wp-content\/uploads\/2023\/01\/JBBP.jpg\" alt=\" \" width=\"554\" height=\"360\" \/><figcaption class=\"wp-caption-text\">Eddie Palmieri and the Afro-Carribean Jazz Sextet. Photo: IJFB 2019<\/figcaption><\/figure><\/dt>\n<dd class=\"caption\"><\/dd>\n<\/dl>\n<\/div>\n<div>\n<p>The 44th Bern International Jazz Festival runs until May 18.<br \/>\n<a href=\"http:\/\/www.jazzfestivalbern.ch\"><strong>www.jazzfestivalbern.ch<\/strong><\/a>\n<\/div>","protected":false},"excerpt":{"rendered":"<p><strong>Since its early days, the Bern International Jazz Festival has been dedicated not only to jazz, but also to blues, soul and Latin. An interim report on the 44th edition of the festival. <\/strong><\/p>","protected":false},"author":1,"featured_media":8630,"comment_status":"closed","ping_status":"closed","sticky":false,"template":"","format":"standard","meta":{"_acf_changed":false,"_relevanssi_hide_post":"","_relevanssi_hide_content":"","_relevanssi_pin_for_all":"","_relevanssi_pin_keywords":"","_relevanssi_unpin_keywords":"","_relevanssi_related_keywords":"","_relevanssi_related_include_ids":"","_relevanssi_related_exclude_ids":"","_relevanssi_related_no_append":"","_relevanssi_related_not_related":"","_relevanssi_related_posts":"","_relevanssi_noindex_reason":"","pgc_sgb_lightbox_settings":"","footnotes":""},"categories":[1531,28],"tags":[4934,4936,4933,4935],"class_list":["post-8629","post","type-post","status-publish","format-standard","has-post-thumbnail","hentry","category-auffuehrungen","category-berichte","tag-bettye-lavette","tag-eddie-palmieri","tag-internationales-jazzfestival-bern","tag-jerron-paxton"],"acf":[],"yoast_head":"<!-- This site is optimized with the Yoast SEO plugin v27.4 - https:\/\/yoast.com\/product\/yoast-seo-wordpress\/ -->\n<title>Im Mittelpunkt steht das Gepflegte - Schweizer Musikzeitung<\/title>\n<meta name=\"robots\" content=\"index, follow, max-snippet:-1, max-image-preview:large, max-video-preview:-1\" \/>\n<link rel=\"canonical\" href=\"https:\/\/www.musikzeitung.ch\/en\/berichte\/2019\/04\/im-mittelpunkt-steht-das-gepflegte\/\" \/>\n<meta property=\"og:locale\" content=\"en_US\" \/>\n<meta property=\"og:type\" content=\"article\" \/>\n<meta property=\"og:title\" content=\"Im Mittelpunkt steht das Gepflegte - Schweizer Musikzeitung\" \/>\n<meta property=\"og:description\" content=\"Das Internationale Jazzfestival Bern hat sich seit seinen Anfangstagen nicht nur dem Jazz, sondern auch dem Blues, Soul und Latin verschrieben. Ein Zwischenbericht zur 44. Festival-Ausgabe.\" \/>\n<meta property=\"og:url\" content=\"https:\/\/www.musikzeitung.ch\/en\/berichte\/2019\/04\/im-mittelpunkt-steht-das-gepflegte\/\" \/>\n<meta property=\"og:site_name\" content=\"Schweizer Musikzeitung\" \/>\n<meta property=\"article:publisher\" content=\"https:\/\/www.facebook.com\/SchweizerMusikzeitung\/\" \/>\n<meta property=\"article:published_time\" content=\"2019-04-09T23:00:00+00:00\" \/>\n<meta property=\"article:modified_time\" content=\"2025-05-08T13:47:00+00:00\" \/>\n<meta property=\"og:image\" content=\"https:\/\/www.musikzeitung.ch\/wp-content\/uploads\/2023\/01\/JBBT2.jpg\" \/>\n\t<meta property=\"og:image:width\" content=\"554\" \/>\n\t<meta property=\"og:image:height\" content=\"414\" \/>\n\t<meta property=\"og:image:type\" content=\"image\/jpeg\" \/>\n<meta name=\"author\" content=\"Musikzeitung-Redaktion\" \/>\n<meta name=\"twitter:card\" content=\"summary_large_image\" \/>\n<meta name=\"twitter:creator\" content=\"@smusikzeitung\" \/>\n<meta name=\"twitter:site\" content=\"@smusikzeitung\" \/>\n<meta name=\"twitter:label1\" content=\"Written by\" \/>\n\t<meta name=\"twitter:data1\" content=\"Musikzeitung-Redaktion\" \/>\n\t<meta name=\"twitter:label2\" content=\"Est. reading time\" \/>\n\t<meta name=\"twitter:data2\" content=\"6 minutes\" \/>\n<script type=\"application\/ld+json\" class=\"yoast-schema-graph\">{\"@context\":\"https:\\\/\\\/schema.org\",\"@graph\":[{\"@type\":\"Article\",\"@id\":\"https:\\\/\\\/www.musikzeitung.ch\\\/berichte\\\/2019\\\/04\\\/im-mittelpunkt-steht-das-gepflegte#article\",\"isPartOf\":{\"@id\":\"https:\\\/\\\/www.musikzeitung.ch\\\/berichte\\\/2019\\\/04\\\/im-mittelpunkt-steht-das-gepflegte\"},\"author\":{\"name\":\"Musikzeitung-Redaktion\",\"@id\":\"https:\\\/\\\/www.musikzeitung.ch\\\/#\\\/schema\\\/person\\\/b2fd892c800856270b9dcc6001265712\"},\"headline\":\"Im Mittelpunkt steht das Gepflegte\",\"datePublished\":\"2019-04-09T23:00:00+00:00\",\"dateModified\":\"2025-05-08T13:47:00+00:00\",\"mainEntityOfPage\":{\"@id\":\"https:\\\/\\\/www.musikzeitung.ch\\\/berichte\\\/2019\\\/04\\\/im-mittelpunkt-steht-das-gepflegte\"},\"wordCount\":833,\"publisher\":{\"@id\":\"https:\\\/\\\/www.musikzeitung.ch\\\/#organization\"},\"image\":{\"@id\":\"https:\\\/\\\/www.musikzeitung.ch\\\/berichte\\\/2019\\\/04\\\/im-mittelpunkt-steht-das-gepflegte#primaryimage\"},\"thumbnailUrl\":\"https:\\\/\\\/www.musikzeitung.ch\\\/wp-content\\\/uploads\\\/2023\\\/01\\\/JBBT2.jpg\",\"keywords\":[\"Bettye LaVette\",\"Eddie Palmieri\",\"Internationales Jazzfestival Bern\",\"Jerron Paxton\"],\"articleSection\":[\"Auff\u00fchrungen\",\"Berichte\"],\"inLanguage\":\"en-US\"},{\"@type\":\"WebPage\",\"@id\":\"https:\\\/\\\/www.musikzeitung.ch\\\/berichte\\\/2019\\\/04\\\/im-mittelpunkt-steht-das-gepflegte\",\"url\":\"https:\\\/\\\/www.musikzeitung.ch\\\/berichte\\\/2019\\\/04\\\/im-mittelpunkt-steht-das-gepflegte\",\"name\":\"Im Mittelpunkt steht das Gepflegte - Schweizer Musikzeitung\",\"isPartOf\":{\"@id\":\"https:\\\/\\\/www.musikzeitung.ch\\\/#website\"},\"primaryImageOfPage\":{\"@id\":\"https:\\\/\\\/www.musikzeitung.ch\\\/berichte\\\/2019\\\/04\\\/im-mittelpunkt-steht-das-gepflegte#primaryimage\"},\"image\":{\"@id\":\"https:\\\/\\\/www.musikzeitung.ch\\\/berichte\\\/2019\\\/04\\\/im-mittelpunkt-steht-das-gepflegte#primaryimage\"},\"thumbnailUrl\":\"https:\\\/\\\/www.musikzeitung.ch\\\/wp-content\\\/uploads\\\/2023\\\/01\\\/JBBT2.jpg\",\"datePublished\":\"2019-04-09T23:00:00+00:00\",\"dateModified\":\"2025-05-08T13:47:00+00:00\",\"breadcrumb\":{\"@id\":\"https:\\\/\\\/www.musikzeitung.ch\\\/berichte\\\/2019\\\/04\\\/im-mittelpunkt-steht-das-gepflegte#breadcrumb\"},\"inLanguage\":\"en-US\",\"potentialAction\":[{\"@type\":\"ReadAction\",\"target\":[\"https:\\\/\\\/www.musikzeitung.ch\\\/berichte\\\/2019\\\/04\\\/im-mittelpunkt-steht-das-gepflegte\"]}]},{\"@type\":\"ImageObject\",\"inLanguage\":\"en-US\",\"@id\":\"https:\\\/\\\/www.musikzeitung.ch\\\/berichte\\\/2019\\\/04\\\/im-mittelpunkt-steht-das-gepflegte#primaryimage\",\"url\":\"https:\\\/\\\/www.musikzeitung.ch\\\/wp-content\\\/uploads\\\/2023\\\/01\\\/JBBT2.jpg\",\"contentUrl\":\"https:\\\/\\\/www.musikzeitung.ch\\\/wp-content\\\/uploads\\\/2023\\\/01\\\/JBBT2.jpg\",\"width\":554,\"height\":414},{\"@type\":\"BreadcrumbList\",\"@id\":\"https:\\\/\\\/www.musikzeitung.ch\\\/berichte\\\/2019\\\/04\\\/im-mittelpunkt-steht-das-gepflegte#breadcrumb\",\"itemListElement\":[{\"@type\":\"ListItem\",\"position\":1,\"name\":\"Home\",\"item\":\"https:\\\/\\\/www.musikzeitung.ch\\\/\"},{\"@type\":\"ListItem\",\"position\":2,\"name\":\"Im Mittelpunkt steht das Gepflegte\"}]},{\"@type\":\"WebSite\",\"@id\":\"https:\\\/\\\/www.musikzeitung.ch\\\/#website\",\"url\":\"https:\\\/\\\/www.musikzeitung.ch\\\/\",\"name\":\"Schweizer Musikzeitung\",\"description\":\"Die f\u00fchrende sparten\u00fcbergreifende Monatszeitung in der Schweiz f\u00fcr musikalische Fragen.\",\"publisher\":{\"@id\":\"https:\\\/\\\/www.musikzeitung.ch\\\/#organization\"},\"potentialAction\":[{\"@type\":\"SearchAction\",\"target\":{\"@type\":\"EntryPoint\",\"urlTemplate\":\"https:\\\/\\\/www.musikzeitung.ch\\\/?s={search_term_string}\"},\"query-input\":{\"@type\":\"PropertyValueSpecification\",\"valueRequired\":true,\"valueName\":\"search_term_string\"}}],\"inLanguage\":\"en-US\"},{\"@type\":\"Organization\",\"@id\":\"https:\\\/\\\/www.musikzeitung.ch\\\/#organization\",\"name\":\"Schweizer Musikzeitung\",\"url\":\"https:\\\/\\\/www.musikzeitung.ch\\\/\",\"logo\":{\"@type\":\"ImageObject\",\"inLanguage\":\"en-US\",\"@id\":\"https:\\\/\\\/www.musikzeitung.ch\\\/#\\\/schema\\\/logo\\\/image\\\/\",\"url\":\"https:\\\/\\\/www.musikzeitung.ch\\\/wp-content\\\/uploads\\\/2023\\\/01\\\/SMZ_Schriftzug_Sprache.png\",\"contentUrl\":\"https:\\\/\\\/www.musikzeitung.ch\\\/wp-content\\\/uploads\\\/2023\\\/01\\\/SMZ_Schriftzug_Sprache.png\",\"width\":1400,\"height\":279,\"caption\":\"Schweizer Musikzeitung\"},\"image\":{\"@id\":\"https:\\\/\\\/www.musikzeitung.ch\\\/#\\\/schema\\\/logo\\\/image\\\/\"},\"sameAs\":[\"https:\\\/\\\/www.facebook.com\\\/SchweizerMusikzeitung\\\/\",\"https:\\\/\\\/x.com\\\/smusikzeitung\",\"https:\\\/\\\/www.instagram.com\\\/musikzeitung.ch\\\/\"]},{\"@type\":\"Person\",\"@id\":\"https:\\\/\\\/www.musikzeitung.ch\\\/#\\\/schema\\\/person\\\/b2fd892c800856270b9dcc6001265712\",\"name\":\"Musikzeitung-Redaktion\",\"image\":{\"@type\":\"ImageObject\",\"inLanguage\":\"en-US\",\"@id\":\"https:\\\/\\\/www.musikzeitung.ch\\\/wp-content\\\/uploads\\\/2022\\\/05\\\/usericon_musikzeitung-96x96.jpg\",\"url\":\"https:\\\/\\\/www.musikzeitung.ch\\\/wp-content\\\/uploads\\\/2022\\\/05\\\/usericon_musikzeitung-96x96.jpg\",\"contentUrl\":\"https:\\\/\\\/www.musikzeitung.ch\\\/wp-content\\\/uploads\\\/2022\\\/05\\\/usericon_musikzeitung-96x96.jpg\",\"caption\":\"Musikzeitung-Redaktion\"},\"url\":\"https:\\\/\\\/www.musikzeitung.ch\\\/en\\\/author\\\/admin\"}]}<\/script>\n<!-- \/ Yoast SEO plugin. -->","yoast_head_json":{"title":"Im Mittelpunkt steht das Gepflegte - Schweizer Musikzeitung","robots":{"index":"index","follow":"follow","max-snippet":"max-snippet:-1","max-image-preview":"max-image-preview:large","max-video-preview":"max-video-preview:-1"},"canonical":"https:\/\/www.musikzeitung.ch\/en\/berichte\/2019\/04\/im-mittelpunkt-steht-das-gepflegte\/","og_locale":"en_US","og_type":"article","og_title":"Im Mittelpunkt steht das Gepflegte - Schweizer Musikzeitung","og_description":"Das Internationale Jazzfestival Bern hat sich seit seinen Anfangstagen nicht nur dem Jazz, sondern auch dem Blues, Soul und Latin verschrieben. Ein Zwischenbericht zur 44. Festival-Ausgabe.","og_url":"https:\/\/www.musikzeitung.ch\/en\/berichte\/2019\/04\/im-mittelpunkt-steht-das-gepflegte\/","og_site_name":"Schweizer Musikzeitung","article_publisher":"https:\/\/www.facebook.com\/SchweizerMusikzeitung\/","article_published_time":"2019-04-09T23:00:00+00:00","article_modified_time":"2025-05-08T13:47:00+00:00","og_image":[{"width":554,"height":414,"url":"https:\/\/www.musikzeitung.ch\/wp-content\/uploads\/2023\/01\/JBBT2.jpg","type":"image\/jpeg"}],"author":"Musikzeitung-Redaktion","twitter_card":"summary_large_image","twitter_creator":"@smusikzeitung","twitter_site":"@smusikzeitung","twitter_misc":{"Written by":"Musikzeitung-Redaktion","Est. reading time":"6 minutes"},"schema":{"@context":"https:\/\/schema.org","@graph":[{"@type":"Article","@id":"https:\/\/www.musikzeitung.ch\/berichte\/2019\/04\/im-mittelpunkt-steht-das-gepflegte#article","isPartOf":{"@id":"https:\/\/www.musikzeitung.ch\/berichte\/2019\/04\/im-mittelpunkt-steht-das-gepflegte"},"author":{"name":"Musikzeitung-Redaktion","@id":"https:\/\/www.musikzeitung.ch\/#\/schema\/person\/b2fd892c800856270b9dcc6001265712"},"headline":"Im Mittelpunkt steht das Gepflegte","datePublished":"2019-04-09T23:00:00+00:00","dateModified":"2025-05-08T13:47:00+00:00","mainEntityOfPage":{"@id":"https:\/\/www.musikzeitung.ch\/berichte\/2019\/04\/im-mittelpunkt-steht-das-gepflegte"},"wordCount":833,"publisher":{"@id":"https:\/\/www.musikzeitung.ch\/#organization"},"image":{"@id":"https:\/\/www.musikzeitung.ch\/berichte\/2019\/04\/im-mittelpunkt-steht-das-gepflegte#primaryimage"},"thumbnailUrl":"https:\/\/www.musikzeitung.ch\/wp-content\/uploads\/2023\/01\/JBBT2.jpg","keywords":["Bettye LaVette","Eddie Palmieri","Internationales Jazzfestival Bern","Jerron Paxton"],"articleSection":["Auff\u00fchrungen","Berichte"],"inLanguage":"en-US"},{"@type":"WebPage","@id":"https:\/\/www.musikzeitung.ch\/berichte\/2019\/04\/im-mittelpunkt-steht-das-gepflegte","url":"https:\/\/www.musikzeitung.ch\/berichte\/2019\/04\/im-mittelpunkt-steht-das-gepflegte","name":"Im Mittelpunkt steht das Gepflegte - Schweizer Musikzeitung","isPartOf":{"@id":"https:\/\/www.musikzeitung.ch\/#website"},"primaryImageOfPage":{"@id":"https:\/\/www.musikzeitung.ch\/berichte\/2019\/04\/im-mittelpunkt-steht-das-gepflegte#primaryimage"},"image":{"@id":"https:\/\/www.musikzeitung.ch\/berichte\/2019\/04\/im-mittelpunkt-steht-das-gepflegte#primaryimage"},"thumbnailUrl":"https:\/\/www.musikzeitung.ch\/wp-content\/uploads\/2023\/01\/JBBT2.jpg","datePublished":"2019-04-09T23:00:00+00:00","dateModified":"2025-05-08T13:47:00+00:00","breadcrumb":{"@id":"https:\/\/www.musikzeitung.ch\/berichte\/2019\/04\/im-mittelpunkt-steht-das-gepflegte#breadcrumb"},"inLanguage":"en-US","potentialAction":[{"@type":"ReadAction","target":["https:\/\/www.musikzeitung.ch\/berichte\/2019\/04\/im-mittelpunkt-steht-das-gepflegte"]}]},{"@type":"ImageObject","inLanguage":"en-US","@id":"https:\/\/www.musikzeitung.ch\/berichte\/2019\/04\/im-mittelpunkt-steht-das-gepflegte#primaryimage","url":"https:\/\/www.musikzeitung.ch\/wp-content\/uploads\/2023\/01\/JBBT2.jpg","contentUrl":"https:\/\/www.musikzeitung.ch\/wp-content\/uploads\/2023\/01\/JBBT2.jpg","width":554,"height":414},{"@type":"BreadcrumbList","@id":"https:\/\/www.musikzeitung.ch\/berichte\/2019\/04\/im-mittelpunkt-steht-das-gepflegte#breadcrumb","itemListElement":[{"@type":"ListItem","position":1,"name":"Home","item":"https:\/\/www.musikzeitung.ch\/"},{"@type":"ListItem","position":2,"name":"Im Mittelpunkt steht das Gepflegte"}]},{"@type":"WebSite","@id":"https:\/\/www.musikzeitung.ch\/#website","url":"https:\/\/www.musikzeitung.ch\/","name":"Swiss Music Newspaper","description":"The leading interdisciplinary monthly newspaper in Switzerland for musical issues.","publisher":{"@id":"https:\/\/www.musikzeitung.ch\/#organization"},"potentialAction":[{"@type":"SearchAction","target":{"@type":"EntryPoint","urlTemplate":"https:\/\/www.musikzeitung.ch\/?s={search_term_string}"},"query-input":{"@type":"PropertyValueSpecification","valueRequired":true,"valueName":"search_term_string"}}],"inLanguage":"en-US"},{"@type":"Organization","@id":"https:\/\/www.musikzeitung.ch\/#organization","name":"Swiss Music Newspaper","url":"https:\/\/www.musikzeitung.ch\/","logo":{"@type":"ImageObject","inLanguage":"en-US","@id":"https:\/\/www.musikzeitung.ch\/#\/schema\/logo\/image\/","url":"https:\/\/www.musikzeitung.ch\/wp-content\/uploads\/2023\/01\/SMZ_Schriftzug_Sprache.png","contentUrl":"https:\/\/www.musikzeitung.ch\/wp-content\/uploads\/2023\/01\/SMZ_Schriftzug_Sprache.png","width":1400,"height":279,"caption":"Schweizer Musikzeitung"},"image":{"@id":"https:\/\/www.musikzeitung.ch\/#\/schema\/logo\/image\/"},"sameAs":["https:\/\/www.facebook.com\/SchweizerMusikzeitung\/","https:\/\/x.com\/smusikzeitung","https:\/\/www.instagram.com\/musikzeitung.ch\/"]},{"@type":"Person","@id":"https:\/\/www.musikzeitung.ch\/#\/schema\/person\/b2fd892c800856270b9dcc6001265712","name":"Music newspaper editorial office","image":{"@type":"ImageObject","inLanguage":"en-US","@id":"https:\/\/www.musikzeitung.ch\/wp-content\/uploads\/2022\/05\/usericon_musikzeitung-96x96.jpg","url":"https:\/\/www.musikzeitung.ch\/wp-content\/uploads\/2022\/05\/usericon_musikzeitung-96x96.jpg","contentUrl":"https:\/\/www.musikzeitung.ch\/wp-content\/uploads\/2022\/05\/usericon_musikzeitung-96x96.jpg","caption":"Musikzeitung-Redaktion"},"url":"https:\/\/www.musikzeitung.ch\/en\/author\/admin"}]}},"publishpress_future_workflow_manual_trigger":{"enabledWorkflows":[]},"_links":{"self":[{"href":"https:\/\/www.musikzeitung.ch\/en\/wp-json\/wp\/v2\/posts\/8629","targetHints":{"allow":["GET"]}}],"collection":[{"href":"https:\/\/www.musikzeitung.ch\/en\/wp-json\/wp\/v2\/posts"}],"about":[{"href":"https:\/\/www.musikzeitung.ch\/en\/wp-json\/wp\/v2\/types\/post"}],"author":[{"embeddable":true,"href":"https:\/\/www.musikzeitung.ch\/en\/wp-json\/wp\/v2\/users\/1"}],"replies":[{"embeddable":true,"href":"https:\/\/www.musikzeitung.ch\/en\/wp-json\/wp\/v2\/comments?post=8629"}],"version-history":[{"count":2,"href":"https:\/\/www.musikzeitung.ch\/en\/wp-json\/wp\/v2\/posts\/8629\/revisions"}],"predecessor-version":[{"id":64998,"href":"https:\/\/www.musikzeitung.ch\/en\/wp-json\/wp\/v2\/posts\/8629\/revisions\/64998"}],"wp:featuredmedia":[{"embeddable":true,"href":"https:\/\/www.musikzeitung.ch\/en\/wp-json\/wp\/v2\/media\/8630"}],"wp:attachment":[{"href":"https:\/\/www.musikzeitung.ch\/en\/wp-json\/wp\/v2\/media?parent=8629"}],"wp:term":[{"taxonomy":"category","embeddable":true,"href":"https:\/\/www.musikzeitung.ch\/en\/wp-json\/wp\/v2\/categories?post=8629"},{"taxonomy":"post_tag","embeddable":true,"href":"https:\/\/www.musikzeitung.ch\/en\/wp-json\/wp\/v2\/tags?post=8629"}],"curies":[{"name":"wp","href":"https:\/\/api.w.org\/{rel}","templated":true}]}}