{"id":8664,"date":"2018-08-24T00:00:00","date_gmt":"2018-08-23T23:00:00","guid":{"rendered":"https:\/\/www.musikzeitung.ch\/allgemein\/innen-und-aussen\/"},"modified":"2025-05-08T16:26:51","modified_gmt":"2025-05-08T14:26:51","slug":"innen-und-aussen","status":"publish","type":"post","link":"https:\/\/www.musikzeitung.ch\/en\/berichte\/2018\/08\/innen-und-aussen","title":{"rendered":"Inside and outside"},"content":{"rendered":"<figure style=\"width: 554px\" class=\"wp-caption alignnone\"><img loading=\"lazy\" decoding=\"async\" src=\"https:\/\/www.musikzeitung.ch\/wp-content\/uploads\/2023\/01\/fr-1.jpg\" alt=\"\" width=\"554\" height=\"369\" \/><figcaption class=\"wp-caption-text\">Peter Ablinger's \"Bedouin tent cubes\". Photo: Kathrin Schulthess<\/figcaption><\/figure>\n<div class=\"text-section\">\n<p>It is 14 square meters in size, this Tonhalle in miniature. Perhaps 20 people sit in it: four string players at the front of the stage, an estimated 16 in the audience. At the entrance to this beautifully put-together mini-concert hall, an actor moderates. He provides information about the \"string quartet\" with two violas, for example about the past of this \"Henosode Quartet\" in a student flat share. Between the mostly sparse sounds, the building is explained, which has special acoustics and a very special interior sound system. Then the performer Thomas Douglas repeatedly pulls the door open. He is annoyed by barking dogs or the seemingly endless ringing of the church bells of the village church in R\u00fcmlingen.<\/p>\n<p>Art sometimes has a strange life of its own - this also applies to this Tonhalle project by Swiss composer and theater director Ruedi H\u00e4usermann. The disturbing environmental noises do not come from animals, churches or motorcycles, but from loudspeakers positioned around the Tonhalle. The theme is thus set. It's about inside and outside. Here the devoutly quiet concert hall, there the uncontrollable, sometimes annoying environment that intrudes into the sacred musical sphere. H\u00e4usermann makes the interplay amusing, but unfortunately too stretched out. The same or slightly varied gags come too often. What works at first becomes increasingly stale. It's a nice theme, just too long.\n<\/p><\/div>\n<div>\n<h3 class=\"\">Opera farewell<\/h3>\n<\/div>\n<div class=\"text-section\">\n<p>Long is also the sound hike as part of this year's R\u00fcmlingen motto \"In scene. 7 landscape operas\". The nature-loving excursion takes three and a half hours with steep climbs and very different music stations. A giant soprano (Eva Nievergelt) in a red robe stands at an altitude of around 750 meters. She sings excerpts from opera arias, short episodes from Arnold Sch\u00f6nberg's<em> Expectation<\/em>from George Bizet's famous opera <em>Carmen<\/em> or from Benjamin Britten's <em>Peter Grimes<\/em>. The fragments last barely longer than 1 minute. They are accompanied by an accordionist who, hidden under Nievergelt's dress, plays sounds by Swiss composer Mischa K\u00e4ser. It all sounds sparse, reduced, not exactly cheerful. The operatic swansong character is matched by the costumes scattered around the forest: worn-out clothes from an apparently bygone era with cassette recorders inside. They should sound lo-fi, the noisy recordings of operas from the last few centuries, says Mischa K\u00e4ser. He has imagined the empty costumes as extinct opera singers, so to speak; what remains is the live singer as the last representative of a dying genre.<\/p>\n<p>About 50 meters below Mischa K\u00e4ser's whimsical but very successful opera fragments, the play <em>In the forest<\/em> by Manos Tsangaris. The main characters are a percussionist and a singer. First there are verbal and non-verbal musical dialogs between the two near the audience. Then the large forest space comes into play. The singer moves away and continues to sing, strolling through the forest. Figures scurry back and forth behind trees, timpanists stand ten to twenty meters away. Tsangaris is a multi-talent. He incorporates lighting effects, which unfortunately do not come into their own in bright light. Nevertheless, this forest scene also makes an impression.\n<\/div>\n<div class=\"text-section\">\n<dl class=\"picture media photo large\">\n<dt>\n<figure style=\"width: 554px\" class=\"wp-caption alignnone\"><img loading=\"lazy\" decoding=\"async\" class=\"media photo large\" src=\"https:\/\/www.musikzeitung.ch\/wp-content\/uploads\/2023\/01\/fr2.jpg\" alt=\" \" width=\"554\" height=\"369\" \/><figcaption class=\"wp-caption-text\">Eva Nievergelt as the last representative of a dying genre in Mischa K\u00e4ser's opera fragments. Photo: Kathrin Schulthess<\/figcaption><\/figure><\/dt>\n<dd class=\"caption\"><\/dd>\n<\/dl>\n<\/div>\n<div>\n<h3 class=\"\">Head concerts<\/h3>\n<\/div>\n<div class=\"text-section\">\n<p>No, it's not boring in R\u00fcmlingen. The festival not only offers space in the forest, but also freedom. Composers such as the young Italian Clara Ianotta enjoy the fact that they can experiment far away from predetermined concert formats, which are usually determined by instrumentation, duration and frontal presentation in front of a seated audience. The R\u00fcmlingen concept emphasizes above all the changed listening situation. Yes, it makes a big difference whether your body is involved, whether you are physically exhausted and can simply look at the mountains and clouds. The Austrian composer Peter Ablinger makes a special point of listening outdoors. Seven of his so-called \"Bedouin tent cubes\" stand at the edge of the forest. The sides of the square wooden frames are covered with fluttering white fabric sheets. Inside are carpets that give free rein to the imagination. Without art and operatic heaviness, you can simply gaze at the clouds, think of Gustav Mahler, Beethoven's <em>Pastoral<\/em> or - even if it is the Swiss forest - Richard Wagner's <em>Forest weaving<\/em>.<\/p>\n<\/div>\n<div>\n<p><a href=\"https:\/\/www.neue-musik-ruemlingen.ch\/\">Link to the R\u00fcmlingen Festival<\/a><\/p>\n<\/div>","protected":false},"excerpt":{"rendered":"<p><strong>The R\u00fcmlingen Festival brings opera to the countryside. \"In scene. 7 landscape operas\" is this year's motto.<\/strong><\/p>","protected":false},"author":1,"featured_media":8665,"comment_status":"closed","ping_status":"closed","sticky":false,"template":"","format":"standard","meta":{"_acf_changed":false,"_relevanssi_hide_post":"","_relevanssi_hide_content":"","_relevanssi_pin_for_all":"","_relevanssi_pin_keywords":"","_relevanssi_unpin_keywords":"","_relevanssi_related_keywords":"","_relevanssi_related_include_ids":"","_relevanssi_related_exclude_ids":"","_relevanssi_related_no_append":"","_relevanssi_related_not_related":"","_relevanssi_related_posts":"","_relevanssi_noindex_reason":"","pgc_sgb_lightbox_settings":"","footnotes":""},"categories":[1531,28],"tags":[4548],"class_list":["post-8664","post","type-post","status-publish","format-standard","has-post-thumbnail","hentry","category-auffuehrungen","category-berichte","tag-festival-ruemlingen"],"acf":[],"yoast_head":"<!-- This site is optimized with the Yoast SEO plugin v27.4 - https:\/\/yoast.com\/product\/yoast-seo-wordpress\/ -->\n<title>Innen und Aussen - Schweizer Musikzeitung<\/title>\n<meta name=\"robots\" content=\"index, follow, max-snippet:-1, max-image-preview:large, max-video-preview:-1\" \/>\n<link rel=\"canonical\" href=\"https:\/\/www.musikzeitung.ch\/en\/berichte\/2018\/08\/innen-und-aussen\/\" \/>\n<meta property=\"og:locale\" content=\"en_US\" \/>\n<meta property=\"og:type\" content=\"article\" \/>\n<meta property=\"og:title\" content=\"Innen und Aussen - Schweizer Musikzeitung\" \/>\n<meta property=\"og:description\" content=\"Das Festival R\u00fcmlingen bringt die Oper in die Landschaft. \u00abIn Szene. 7 Landschaftsopern\u00bb heisst das Motto in diesem Jahr.\" \/>\n<meta property=\"og:url\" content=\"https:\/\/www.musikzeitung.ch\/en\/berichte\/2018\/08\/innen-und-aussen\/\" \/>\n<meta property=\"og:site_name\" content=\"Schweizer Musikzeitung\" \/>\n<meta property=\"article:publisher\" content=\"https:\/\/www.facebook.com\/SchweizerMusikzeitung\/\" \/>\n<meta property=\"article:published_time\" content=\"2018-08-23T23:00:00+00:00\" \/>\n<meta property=\"article:modified_time\" content=\"2025-05-08T14:26:51+00:00\" \/>\n<meta property=\"og:image\" content=\"https:\/\/www.musikzeitung.ch\/wp-content\/uploads\/2023\/01\/fr-1.jpg\" \/>\n\t<meta property=\"og:image:width\" content=\"554\" \/>\n\t<meta property=\"og:image:height\" content=\"369\" \/>\n\t<meta property=\"og:image:type\" content=\"image\/jpeg\" \/>\n<meta name=\"author\" content=\"Musikzeitung-Redaktion\" \/>\n<meta name=\"twitter:card\" content=\"summary_large_image\" \/>\n<meta name=\"twitter:creator\" content=\"@smusikzeitung\" \/>\n<meta name=\"twitter:site\" content=\"@smusikzeitung\" \/>\n<meta name=\"twitter:label1\" content=\"Written by\" \/>\n\t<meta name=\"twitter:data1\" content=\"Musikzeitung-Redaktion\" \/>\n\t<meta name=\"twitter:label2\" content=\"Est. reading time\" \/>\n\t<meta name=\"twitter:data2\" content=\"5 minutes\" \/>\n<script type=\"application\/ld+json\" class=\"yoast-schema-graph\">{\"@context\":\"https:\\\/\\\/schema.org\",\"@graph\":[{\"@type\":\"Article\",\"@id\":\"https:\\\/\\\/www.musikzeitung.ch\\\/berichte\\\/2018\\\/08\\\/innen-und-aussen#article\",\"isPartOf\":{\"@id\":\"https:\\\/\\\/www.musikzeitung.ch\\\/berichte\\\/2018\\\/08\\\/innen-und-aussen\"},\"author\":{\"name\":\"Musikzeitung-Redaktion\",\"@id\":\"https:\\\/\\\/www.musikzeitung.ch\\\/#\\\/schema\\\/person\\\/b2fd892c800856270b9dcc6001265712\"},\"headline\":\"Innen und Aussen\",\"datePublished\":\"2018-08-23T23:00:00+00:00\",\"dateModified\":\"2025-05-08T14:26:51+00:00\",\"mainEntityOfPage\":{\"@id\":\"https:\\\/\\\/www.musikzeitung.ch\\\/berichte\\\/2018\\\/08\\\/innen-und-aussen\"},\"wordCount\":692,\"publisher\":{\"@id\":\"https:\\\/\\\/www.musikzeitung.ch\\\/#organization\"},\"image\":{\"@id\":\"https:\\\/\\\/www.musikzeitung.ch\\\/berichte\\\/2018\\\/08\\\/innen-und-aussen#primaryimage\"},\"thumbnailUrl\":\"https:\\\/\\\/www.musikzeitung.ch\\\/wp-content\\\/uploads\\\/2023\\\/01\\\/fr-1.jpg\",\"keywords\":[\"Festival R\u00fcmlingen\"],\"articleSection\":[\"Auff\u00fchrungen\",\"Berichte\"],\"inLanguage\":\"en-US\"},{\"@type\":\"WebPage\",\"@id\":\"https:\\\/\\\/www.musikzeitung.ch\\\/berichte\\\/2018\\\/08\\\/innen-und-aussen\",\"url\":\"https:\\\/\\\/www.musikzeitung.ch\\\/berichte\\\/2018\\\/08\\\/innen-und-aussen\",\"name\":\"Innen und Aussen - Schweizer Musikzeitung\",\"isPartOf\":{\"@id\":\"https:\\\/\\\/www.musikzeitung.ch\\\/#website\"},\"primaryImageOfPage\":{\"@id\":\"https:\\\/\\\/www.musikzeitung.ch\\\/berichte\\\/2018\\\/08\\\/innen-und-aussen#primaryimage\"},\"image\":{\"@id\":\"https:\\\/\\\/www.musikzeitung.ch\\\/berichte\\\/2018\\\/08\\\/innen-und-aussen#primaryimage\"},\"thumbnailUrl\":\"https:\\\/\\\/www.musikzeitung.ch\\\/wp-content\\\/uploads\\\/2023\\\/01\\\/fr-1.jpg\",\"datePublished\":\"2018-08-23T23:00:00+00:00\",\"dateModified\":\"2025-05-08T14:26:51+00:00\",\"breadcrumb\":{\"@id\":\"https:\\\/\\\/www.musikzeitung.ch\\\/berichte\\\/2018\\\/08\\\/innen-und-aussen#breadcrumb\"},\"inLanguage\":\"en-US\",\"potentialAction\":[{\"@type\":\"ReadAction\",\"target\":[\"https:\\\/\\\/www.musikzeitung.ch\\\/berichte\\\/2018\\\/08\\\/innen-und-aussen\"]}]},{\"@type\":\"ImageObject\",\"inLanguage\":\"en-US\",\"@id\":\"https:\\\/\\\/www.musikzeitung.ch\\\/berichte\\\/2018\\\/08\\\/innen-und-aussen#primaryimage\",\"url\":\"https:\\\/\\\/www.musikzeitung.ch\\\/wp-content\\\/uploads\\\/2023\\\/01\\\/fr-1.jpg\",\"contentUrl\":\"https:\\\/\\\/www.musikzeitung.ch\\\/wp-content\\\/uploads\\\/2023\\\/01\\\/fr-1.jpg\",\"width\":554,\"height\":369},{\"@type\":\"BreadcrumbList\",\"@id\":\"https:\\\/\\\/www.musikzeitung.ch\\\/berichte\\\/2018\\\/08\\\/innen-und-aussen#breadcrumb\",\"itemListElement\":[{\"@type\":\"ListItem\",\"position\":1,\"name\":\"Home\",\"item\":\"https:\\\/\\\/www.musikzeitung.ch\\\/\"},{\"@type\":\"ListItem\",\"position\":2,\"name\":\"Innen und Aussen\"}]},{\"@type\":\"WebSite\",\"@id\":\"https:\\\/\\\/www.musikzeitung.ch\\\/#website\",\"url\":\"https:\\\/\\\/www.musikzeitung.ch\\\/\",\"name\":\"Schweizer Musikzeitung\",\"description\":\"Die f\u00fchrende sparten\u00fcbergreifende Monatszeitung in der Schweiz f\u00fcr musikalische Fragen.\",\"publisher\":{\"@id\":\"https:\\\/\\\/www.musikzeitung.ch\\\/#organization\"},\"potentialAction\":[{\"@type\":\"SearchAction\",\"target\":{\"@type\":\"EntryPoint\",\"urlTemplate\":\"https:\\\/\\\/www.musikzeitung.ch\\\/?s={search_term_string}\"},\"query-input\":{\"@type\":\"PropertyValueSpecification\",\"valueRequired\":true,\"valueName\":\"search_term_string\"}}],\"inLanguage\":\"en-US\"},{\"@type\":\"Organization\",\"@id\":\"https:\\\/\\\/www.musikzeitung.ch\\\/#organization\",\"name\":\"Schweizer Musikzeitung\",\"url\":\"https:\\\/\\\/www.musikzeitung.ch\\\/\",\"logo\":{\"@type\":\"ImageObject\",\"inLanguage\":\"en-US\",\"@id\":\"https:\\\/\\\/www.musikzeitung.ch\\\/#\\\/schema\\\/logo\\\/image\\\/\",\"url\":\"https:\\\/\\\/www.musikzeitung.ch\\\/wp-content\\\/uploads\\\/2023\\\/01\\\/SMZ_Schriftzug_Sprache.png\",\"contentUrl\":\"https:\\\/\\\/www.musikzeitung.ch\\\/wp-content\\\/uploads\\\/2023\\\/01\\\/SMZ_Schriftzug_Sprache.png\",\"width\":1400,\"height\":279,\"caption\":\"Schweizer Musikzeitung\"},\"image\":{\"@id\":\"https:\\\/\\\/www.musikzeitung.ch\\\/#\\\/schema\\\/logo\\\/image\\\/\"},\"sameAs\":[\"https:\\\/\\\/www.facebook.com\\\/SchweizerMusikzeitung\\\/\",\"https:\\\/\\\/x.com\\\/smusikzeitung\",\"https:\\\/\\\/www.instagram.com\\\/musikzeitung.ch\\\/\"]},{\"@type\":\"Person\",\"@id\":\"https:\\\/\\\/www.musikzeitung.ch\\\/#\\\/schema\\\/person\\\/b2fd892c800856270b9dcc6001265712\",\"name\":\"Musikzeitung-Redaktion\",\"image\":{\"@type\":\"ImageObject\",\"inLanguage\":\"en-US\",\"@id\":\"https:\\\/\\\/www.musikzeitung.ch\\\/wp-content\\\/uploads\\\/2022\\\/05\\\/usericon_musikzeitung-96x96.jpg\",\"url\":\"https:\\\/\\\/www.musikzeitung.ch\\\/wp-content\\\/uploads\\\/2022\\\/05\\\/usericon_musikzeitung-96x96.jpg\",\"contentUrl\":\"https:\\\/\\\/www.musikzeitung.ch\\\/wp-content\\\/uploads\\\/2022\\\/05\\\/usericon_musikzeitung-96x96.jpg\",\"caption\":\"Musikzeitung-Redaktion\"},\"url\":\"https:\\\/\\\/www.musikzeitung.ch\\\/en\\\/author\\\/admin\"}]}<\/script>\n<!-- \/ Yoast SEO plugin. -->","yoast_head_json":{"title":"Inside and outside - Schweizer Musikzeitung","robots":{"index":"index","follow":"follow","max-snippet":"max-snippet:-1","max-image-preview":"max-image-preview:large","max-video-preview":"max-video-preview:-1"},"canonical":"https:\/\/www.musikzeitung.ch\/en\/berichte\/2018\/08\/innen-und-aussen\/","og_locale":"en_US","og_type":"article","og_title":"Innen und Aussen - Schweizer Musikzeitung","og_description":"Das Festival R\u00fcmlingen bringt die Oper in die Landschaft. \u00abIn Szene. 7 Landschaftsopern\u00bb heisst das Motto in diesem Jahr.","og_url":"https:\/\/www.musikzeitung.ch\/en\/berichte\/2018\/08\/innen-und-aussen\/","og_site_name":"Schweizer Musikzeitung","article_publisher":"https:\/\/www.facebook.com\/SchweizerMusikzeitung\/","article_published_time":"2018-08-23T23:00:00+00:00","article_modified_time":"2025-05-08T14:26:51+00:00","og_image":[{"width":554,"height":369,"url":"https:\/\/www.musikzeitung.ch\/wp-content\/uploads\/2023\/01\/fr-1.jpg","type":"image\/jpeg"}],"author":"Musikzeitung-Redaktion","twitter_card":"summary_large_image","twitter_creator":"@smusikzeitung","twitter_site":"@smusikzeitung","twitter_misc":{"Written by":"Musikzeitung-Redaktion","Est. reading time":"5 minutes"},"schema":{"@context":"https:\/\/schema.org","@graph":[{"@type":"Article","@id":"https:\/\/www.musikzeitung.ch\/berichte\/2018\/08\/innen-und-aussen#article","isPartOf":{"@id":"https:\/\/www.musikzeitung.ch\/berichte\/2018\/08\/innen-und-aussen"},"author":{"name":"Musikzeitung-Redaktion","@id":"https:\/\/www.musikzeitung.ch\/#\/schema\/person\/b2fd892c800856270b9dcc6001265712"},"headline":"Innen und Aussen","datePublished":"2018-08-23T23:00:00+00:00","dateModified":"2025-05-08T14:26:51+00:00","mainEntityOfPage":{"@id":"https:\/\/www.musikzeitung.ch\/berichte\/2018\/08\/innen-und-aussen"},"wordCount":692,"publisher":{"@id":"https:\/\/www.musikzeitung.ch\/#organization"},"image":{"@id":"https:\/\/www.musikzeitung.ch\/berichte\/2018\/08\/innen-und-aussen#primaryimage"},"thumbnailUrl":"https:\/\/www.musikzeitung.ch\/wp-content\/uploads\/2023\/01\/fr-1.jpg","keywords":["Festival R\u00fcmlingen"],"articleSection":["Auff\u00fchrungen","Berichte"],"inLanguage":"en-US"},{"@type":"WebPage","@id":"https:\/\/www.musikzeitung.ch\/berichte\/2018\/08\/innen-und-aussen","url":"https:\/\/www.musikzeitung.ch\/berichte\/2018\/08\/innen-und-aussen","name":"Inside and outside - Schweizer Musikzeitung","isPartOf":{"@id":"https:\/\/www.musikzeitung.ch\/#website"},"primaryImageOfPage":{"@id":"https:\/\/www.musikzeitung.ch\/berichte\/2018\/08\/innen-und-aussen#primaryimage"},"image":{"@id":"https:\/\/www.musikzeitung.ch\/berichte\/2018\/08\/innen-und-aussen#primaryimage"},"thumbnailUrl":"https:\/\/www.musikzeitung.ch\/wp-content\/uploads\/2023\/01\/fr-1.jpg","datePublished":"2018-08-23T23:00:00+00:00","dateModified":"2025-05-08T14:26:51+00:00","breadcrumb":{"@id":"https:\/\/www.musikzeitung.ch\/berichte\/2018\/08\/innen-und-aussen#breadcrumb"},"inLanguage":"en-US","potentialAction":[{"@type":"ReadAction","target":["https:\/\/www.musikzeitung.ch\/berichte\/2018\/08\/innen-und-aussen"]}]},{"@type":"ImageObject","inLanguage":"en-US","@id":"https:\/\/www.musikzeitung.ch\/berichte\/2018\/08\/innen-und-aussen#primaryimage","url":"https:\/\/www.musikzeitung.ch\/wp-content\/uploads\/2023\/01\/fr-1.jpg","contentUrl":"https:\/\/www.musikzeitung.ch\/wp-content\/uploads\/2023\/01\/fr-1.jpg","width":554,"height":369},{"@type":"BreadcrumbList","@id":"https:\/\/www.musikzeitung.ch\/berichte\/2018\/08\/innen-und-aussen#breadcrumb","itemListElement":[{"@type":"ListItem","position":1,"name":"Home","item":"https:\/\/www.musikzeitung.ch\/"},{"@type":"ListItem","position":2,"name":"Innen und Aussen"}]},{"@type":"WebSite","@id":"https:\/\/www.musikzeitung.ch\/#website","url":"https:\/\/www.musikzeitung.ch\/","name":"Swiss Music Newspaper","description":"The leading interdisciplinary monthly newspaper in Switzerland for musical issues.","publisher":{"@id":"https:\/\/www.musikzeitung.ch\/#organization"},"potentialAction":[{"@type":"SearchAction","target":{"@type":"EntryPoint","urlTemplate":"https:\/\/www.musikzeitung.ch\/?s={search_term_string}"},"query-input":{"@type":"PropertyValueSpecification","valueRequired":true,"valueName":"search_term_string"}}],"inLanguage":"en-US"},{"@type":"Organization","@id":"https:\/\/www.musikzeitung.ch\/#organization","name":"Swiss Music Newspaper","url":"https:\/\/www.musikzeitung.ch\/","logo":{"@type":"ImageObject","inLanguage":"en-US","@id":"https:\/\/www.musikzeitung.ch\/#\/schema\/logo\/image\/","url":"https:\/\/www.musikzeitung.ch\/wp-content\/uploads\/2023\/01\/SMZ_Schriftzug_Sprache.png","contentUrl":"https:\/\/www.musikzeitung.ch\/wp-content\/uploads\/2023\/01\/SMZ_Schriftzug_Sprache.png","width":1400,"height":279,"caption":"Schweizer Musikzeitung"},"image":{"@id":"https:\/\/www.musikzeitung.ch\/#\/schema\/logo\/image\/"},"sameAs":["https:\/\/www.facebook.com\/SchweizerMusikzeitung\/","https:\/\/x.com\/smusikzeitung","https:\/\/www.instagram.com\/musikzeitung.ch\/"]},{"@type":"Person","@id":"https:\/\/www.musikzeitung.ch\/#\/schema\/person\/b2fd892c800856270b9dcc6001265712","name":"Music newspaper editorial office","image":{"@type":"ImageObject","inLanguage":"en-US","@id":"https:\/\/www.musikzeitung.ch\/wp-content\/uploads\/2022\/05\/usericon_musikzeitung-96x96.jpg","url":"https:\/\/www.musikzeitung.ch\/wp-content\/uploads\/2022\/05\/usericon_musikzeitung-96x96.jpg","contentUrl":"https:\/\/www.musikzeitung.ch\/wp-content\/uploads\/2022\/05\/usericon_musikzeitung-96x96.jpg","caption":"Musikzeitung-Redaktion"},"url":"https:\/\/www.musikzeitung.ch\/en\/author\/admin"}]}},"publishpress_future_workflow_manual_trigger":{"enabledWorkflows":[]},"_links":{"self":[{"href":"https:\/\/www.musikzeitung.ch\/en\/wp-json\/wp\/v2\/posts\/8664","targetHints":{"allow":["GET"]}}],"collection":[{"href":"https:\/\/www.musikzeitung.ch\/en\/wp-json\/wp\/v2\/posts"}],"about":[{"href":"https:\/\/www.musikzeitung.ch\/en\/wp-json\/wp\/v2\/types\/post"}],"author":[{"embeddable":true,"href":"https:\/\/www.musikzeitung.ch\/en\/wp-json\/wp\/v2\/users\/1"}],"replies":[{"embeddable":true,"href":"https:\/\/www.musikzeitung.ch\/en\/wp-json\/wp\/v2\/comments?post=8664"}],"version-history":[{"count":2,"href":"https:\/\/www.musikzeitung.ch\/en\/wp-json\/wp\/v2\/posts\/8664\/revisions"}],"predecessor-version":[{"id":65018,"href":"https:\/\/www.musikzeitung.ch\/en\/wp-json\/wp\/v2\/posts\/8664\/revisions\/65018"}],"wp:featuredmedia":[{"embeddable":true,"href":"https:\/\/www.musikzeitung.ch\/en\/wp-json\/wp\/v2\/media\/8665"}],"wp:attachment":[{"href":"https:\/\/www.musikzeitung.ch\/en\/wp-json\/wp\/v2\/media?parent=8664"}],"wp:term":[{"taxonomy":"category","embeddable":true,"href":"https:\/\/www.musikzeitung.ch\/en\/wp-json\/wp\/v2\/categories?post=8664"},{"taxonomy":"post_tag","embeddable":true,"href":"https:\/\/www.musikzeitung.ch\/en\/wp-json\/wp\/v2\/tags?post=8664"}],"curies":[{"name":"wp","href":"https:\/\/api.w.org\/{rel}","templated":true}]}}