{"id":8710,"date":"2018-02-13T00:00:00","date_gmt":"2018-02-12T23:00:00","guid":{"rendered":"https:\/\/www.musikzeitung.ch\/allgemein\/masse-statt-klasse\/"},"modified":"2025-05-09T11:45:33","modified_gmt":"2025-05-09T09:45:33","slug":"masse-statt-klasse","status":"publish","type":"post","link":"https:\/\/www.musikzeitung.ch\/en\/berichte\/2018\/02\/masse-statt-klasse","title":{"rendered":"Mass instead of class"},"content":{"rendered":"<figure style=\"width: 554px\" class=\"wp-caption alignnone\"><img loading=\"lazy\" decoding=\"async\" src=\"https:\/\/www.musikzeitung.ch\/wp-content\/uploads\/2023\/01\/ecweb.jpg\" alt=\"\" width=\"554\" height=\"369\" \/><figcaption class=\"wp-caption-text\">Marianthi Papalexandri-Alexandri and Pe Lang: \"Distance\". Photo: Martin Sigmund<\/figcaption><\/figure>\n<div class=\"text-section\">\n<p>It's familiar from childhood: Two tin cans transport sound if they are connected with a taut thread. Marianthi Papalexandri-Alexandri uses this principle, but colors it in an adult way. The sound artist, who works in Zurich, Berlin and Ithaca in the USA, combines a cello with surfaces made of gray cardboard. Sometimes something like the scraping sounds of the bow come from the cardboard surfaces, sometimes rounder sounds from the cello. What sounds simple develops an incredible pull over the course of the 30-minute performance. Papalexandri-Alexandri simply has a knack for visual staging and for the sensitive \"sound actions\" of cellist S\u00e9verine Ballon. Born in Thessaloniki in 1974, she already impressed the audience with her sound installations at the most recent Donaueschingen Music Days. With <em>Distance<\/em> she has once again succeeded in creating an all-round coherent work, this time also developed with the resourceful kinetic artist Pe Lang.<\/p>\n<p>Multimedia is still \"in\" - due to our smartphone worlds, efforts to breathe more \"life\" into music, and perhaps also - on the negative side - due to a certain helplessness about what music alone can still achieve. One thing is certain: Not all composers succeed in \"fusing the arts\". As part of the Eclat Festival, Clemens Gadenst\u00e4tter from Austria presents an extensive piece of music theater called <em>Daily Transformations<\/em> with instrumental and vocal ensemble, video and spoken texts. It lasts more than an hour, but petered out early on in a noncommittal mishmash. The music is monotonous, the lyrics and videos incomprehensible. Anyone who embarks on a search for meaning can only come to one conclusion: Apparently it's about narrative denial, about torn continuities, which - somewhere - also have to do with our lifeworlds.\n<\/div>\n<div>\n<h3 class=\"\">Frayed in the fray<\/h3>\n<\/div>\n<div class=\"text-section\">\n<p>\"Less is more\" - the architect Mies van der Rohe had already recognized this. Unfortunately, however, word has not gotten around among Stuttgart's composers and artists. At the Eclat Festival, there are not only 24 world premieres, but also many videos and, unfortunately, populistically pimped concerts with cheap cabaret interludes, which the Stuttgart vocal ensemble Neue Vocalsolisten in particular makes its own. The audience no longer has more than a friendly smile for it. Nevertheless, almost no Vocalsolisten concert is complete without exaggerated facial expressions or cheap gags such as a musician looking into the audience through his flute. Aha, a telescope then!<\/p>\n<p>\"What the hell is wrong with music?\" Swiss music theorist and cellist Urs Frauchiger asked this question back in the early 1980s. Frauchiger also had his sights set on the festival business, which no longer trusted music, the joy of pure listening. Naturally, this is a dangerous development for music, which could be averted if dramaturges and concert organizers once again develop a sense of substance and good programming. M\u00e1rton Ill\u00e9s, born in Hungary in 1975, writes wonderful music: substantial, authoritative sounds can be heard in his work presented by the Neue Vocalsolisten - now without gags. <em>Hang-Rajzok<\/em>. Before that came a very dense <em>passwords<\/em> for six voices by the old master Georges Aperghis. Between the vocal pieces, an impressive piece composed on natural tones <em>Ultimi Fiori<\/em> by the Italian composer Francesca Verunelli. This uninterrupted 45-minute concert was a highlight of the Eclat Festival.<\/p>\n<p>The concert with the Ensemble ascolta was incomparably louder. Stefan Keller, born in Zurich in 1974 and awarded the Composition Prize of the City of Stuttgart in 2004, wrote a world premiere of the piece <em>hybrid gaits <\/em>for drumset, keyboard and ensemble. One focus of the almost 20-minute piece is on the rhythmic level; consequently, the drums and the brilliant soloist Daniel Eichholz take center stage. A drumset commonly used in rock music provides the sound balance. Only loud wind instruments and a keyboard with synthesized and sampled sounds can compete with a snare. Keller thinks little of stylistic pigeonholing. In the end, his <em>hybrid gaits <\/em>but still reminiscent of free jazz - which is not necessarily a bad sign when you think of its freshness and unpredictability.\n<\/div>\n<div>\n<p><a href=\"http:\/\/eclat.org\/eclat-home.html\"><strong>Eclat<\/strong><\/a><\/p>\n<\/div>","protected":false},"excerpt":{"rendered":"<p><strong>The Stuttgart Eclat Festival lacks commitment and a musical basis. Fortunately, there are exceptions.<\/strong><\/p>","protected":false},"author":1,"featured_media":8711,"comment_status":"closed","ping_status":"closed","sticky":false,"template":"","format":"standard","meta":{"_acf_changed":false,"_relevanssi_hide_post":"","_relevanssi_hide_content":"","_relevanssi_pin_for_all":"","_relevanssi_pin_keywords":"","_relevanssi_unpin_keywords":"","_relevanssi_related_keywords":"","_relevanssi_related_include_ids":"","_relevanssi_related_exclude_ids":"","_relevanssi_related_no_append":"","_relevanssi_related_not_related":"","_relevanssi_related_posts":"","_relevanssi_noindex_reason":"","pgc_sgb_lightbox_settings":"","footnotes":""},"categories":[1531,28],"tags":[4939],"class_list":["post-8710","post","type-post","status-publish","format-standard","has-post-thumbnail","hentry","category-auffuehrungen","category-berichte","tag-eclat-festival-stuttgart"],"acf":[],"yoast_head":"<!-- This site is optimized with the Yoast SEO plugin v27.5 - https:\/\/yoast.com\/product\/yoast-seo-wordpress\/ -->\n<title>Masse statt Klasse - Schweizer Musikzeitung<\/title>\n<meta name=\"robots\" content=\"index, follow, max-snippet:-1, max-image-preview:large, max-video-preview:-1\" \/>\n<link rel=\"canonical\" href=\"https:\/\/www.musikzeitung.ch\/en\/berichte\/2018\/02\/masse-statt-klasse\/\" \/>\n<meta property=\"og:locale\" content=\"en_US\" \/>\n<meta property=\"og:type\" content=\"article\" \/>\n<meta property=\"og:title\" content=\"Masse statt Klasse - Schweizer Musikzeitung\" \/>\n<meta property=\"og:description\" content=\"Dem Stuttgarter Eclat-Festival fehlen die Verbindlichkeit und die musikalische Basis. Zum Gl\u00fcck gibts Ausnahmen.\" \/>\n<meta property=\"og:url\" content=\"https:\/\/www.musikzeitung.ch\/en\/berichte\/2018\/02\/masse-statt-klasse\/\" \/>\n<meta property=\"og:site_name\" content=\"Schweizer Musikzeitung\" \/>\n<meta property=\"article:publisher\" content=\"https:\/\/www.facebook.com\/SchweizerMusikzeitung\/\" \/>\n<meta property=\"article:published_time\" content=\"2018-02-12T23:00:00+00:00\" \/>\n<meta property=\"article:modified_time\" content=\"2025-05-09T09:45:33+00:00\" \/>\n<meta property=\"og:image\" content=\"https:\/\/www.musikzeitung.ch\/wp-content\/uploads\/2023\/01\/ecweb.jpg\" \/>\n\t<meta property=\"og:image:width\" content=\"554\" \/>\n\t<meta property=\"og:image:height\" content=\"369\" \/>\n\t<meta property=\"og:image:type\" content=\"image\/jpeg\" \/>\n<meta name=\"author\" content=\"Musikzeitung-Redaktion\" \/>\n<meta name=\"twitter:card\" content=\"summary_large_image\" \/>\n<meta name=\"twitter:creator\" content=\"@smusikzeitung\" \/>\n<meta name=\"twitter:site\" content=\"@smusikzeitung\" \/>\n<meta name=\"twitter:label1\" content=\"Written by\" \/>\n\t<meta name=\"twitter:data1\" content=\"Musikzeitung-Redaktion\" \/>\n\t<meta name=\"twitter:label2\" content=\"Est. reading time\" \/>\n\t<meta name=\"twitter:data2\" content=\"4 minutes\" \/>\n<script type=\"application\/ld+json\" class=\"yoast-schema-graph\">{\"@context\":\"https:\\\/\\\/schema.org\",\"@graph\":[{\"@type\":\"Article\",\"@id\":\"https:\\\/\\\/www.musikzeitung.ch\\\/berichte\\\/2018\\\/02\\\/masse-statt-klasse#article\",\"isPartOf\":{\"@id\":\"https:\\\/\\\/www.musikzeitung.ch\\\/berichte\\\/2018\\\/02\\\/masse-statt-klasse\"},\"author\":{\"name\":\"Musikzeitung-Redaktion\",\"@id\":\"https:\\\/\\\/www.musikzeitung.ch\\\/#\\\/schema\\\/person\\\/b2fd892c800856270b9dcc6001265712\"},\"headline\":\"Masse statt Klasse\",\"datePublished\":\"2018-02-12T23:00:00+00:00\",\"dateModified\":\"2025-05-09T09:45:33+00:00\",\"mainEntityOfPage\":{\"@id\":\"https:\\\/\\\/www.musikzeitung.ch\\\/berichte\\\/2018\\\/02\\\/masse-statt-klasse\"},\"wordCount\":669,\"publisher\":{\"@id\":\"https:\\\/\\\/www.musikzeitung.ch\\\/#organization\"},\"image\":{\"@id\":\"https:\\\/\\\/www.musikzeitung.ch\\\/berichte\\\/2018\\\/02\\\/masse-statt-klasse#primaryimage\"},\"thumbnailUrl\":\"https:\\\/\\\/www.musikzeitung.ch\\\/wp-content\\\/uploads\\\/2023\\\/01\\\/ecweb.jpg\",\"keywords\":[\"Eclat-Festival Stuttgart\"],\"articleSection\":[\"Auff\u00fchrungen\",\"Berichte\"],\"inLanguage\":\"en-US\"},{\"@type\":\"WebPage\",\"@id\":\"https:\\\/\\\/www.musikzeitung.ch\\\/berichte\\\/2018\\\/02\\\/masse-statt-klasse\",\"url\":\"https:\\\/\\\/www.musikzeitung.ch\\\/berichte\\\/2018\\\/02\\\/masse-statt-klasse\",\"name\":\"Masse statt Klasse - Schweizer Musikzeitung\",\"isPartOf\":{\"@id\":\"https:\\\/\\\/www.musikzeitung.ch\\\/#website\"},\"primaryImageOfPage\":{\"@id\":\"https:\\\/\\\/www.musikzeitung.ch\\\/berichte\\\/2018\\\/02\\\/masse-statt-klasse#primaryimage\"},\"image\":{\"@id\":\"https:\\\/\\\/www.musikzeitung.ch\\\/berichte\\\/2018\\\/02\\\/masse-statt-klasse#primaryimage\"},\"thumbnailUrl\":\"https:\\\/\\\/www.musikzeitung.ch\\\/wp-content\\\/uploads\\\/2023\\\/01\\\/ecweb.jpg\",\"datePublished\":\"2018-02-12T23:00:00+00:00\",\"dateModified\":\"2025-05-09T09:45:33+00:00\",\"breadcrumb\":{\"@id\":\"https:\\\/\\\/www.musikzeitung.ch\\\/berichte\\\/2018\\\/02\\\/masse-statt-klasse#breadcrumb\"},\"inLanguage\":\"en-US\",\"potentialAction\":[{\"@type\":\"ReadAction\",\"target\":[\"https:\\\/\\\/www.musikzeitung.ch\\\/berichte\\\/2018\\\/02\\\/masse-statt-klasse\"]}]},{\"@type\":\"ImageObject\",\"inLanguage\":\"en-US\",\"@id\":\"https:\\\/\\\/www.musikzeitung.ch\\\/berichte\\\/2018\\\/02\\\/masse-statt-klasse#primaryimage\",\"url\":\"https:\\\/\\\/www.musikzeitung.ch\\\/wp-content\\\/uploads\\\/2023\\\/01\\\/ecweb.jpg\",\"contentUrl\":\"https:\\\/\\\/www.musikzeitung.ch\\\/wp-content\\\/uploads\\\/2023\\\/01\\\/ecweb.jpg\",\"width\":554,\"height\":369},{\"@type\":\"BreadcrumbList\",\"@id\":\"https:\\\/\\\/www.musikzeitung.ch\\\/berichte\\\/2018\\\/02\\\/masse-statt-klasse#breadcrumb\",\"itemListElement\":[{\"@type\":\"ListItem\",\"position\":1,\"name\":\"Home\",\"item\":\"https:\\\/\\\/www.musikzeitung.ch\\\/\"},{\"@type\":\"ListItem\",\"position\":2,\"name\":\"Masse statt Klasse\"}]},{\"@type\":\"WebSite\",\"@id\":\"https:\\\/\\\/www.musikzeitung.ch\\\/#website\",\"url\":\"https:\\\/\\\/www.musikzeitung.ch\\\/\",\"name\":\"Schweizer Musikzeitung\",\"description\":\"Die f\u00fchrende sparten\u00fcbergreifende Monatszeitung in der Schweiz f\u00fcr musikalische Fragen.\",\"publisher\":{\"@id\":\"https:\\\/\\\/www.musikzeitung.ch\\\/#organization\"},\"potentialAction\":[{\"@type\":\"SearchAction\",\"target\":{\"@type\":\"EntryPoint\",\"urlTemplate\":\"https:\\\/\\\/www.musikzeitung.ch\\\/?s={search_term_string}\"},\"query-input\":{\"@type\":\"PropertyValueSpecification\",\"valueRequired\":true,\"valueName\":\"search_term_string\"}}],\"inLanguage\":\"en-US\"},{\"@type\":\"Organization\",\"@id\":\"https:\\\/\\\/www.musikzeitung.ch\\\/#organization\",\"name\":\"Schweizer Musikzeitung\",\"url\":\"https:\\\/\\\/www.musikzeitung.ch\\\/\",\"logo\":{\"@type\":\"ImageObject\",\"inLanguage\":\"en-US\",\"@id\":\"https:\\\/\\\/www.musikzeitung.ch\\\/#\\\/schema\\\/logo\\\/image\\\/\",\"url\":\"https:\\\/\\\/www.musikzeitung.ch\\\/wp-content\\\/uploads\\\/2023\\\/01\\\/SMZ_Schriftzug_Sprache.png\",\"contentUrl\":\"https:\\\/\\\/www.musikzeitung.ch\\\/wp-content\\\/uploads\\\/2023\\\/01\\\/SMZ_Schriftzug_Sprache.png\",\"width\":1400,\"height\":279,\"caption\":\"Schweizer Musikzeitung\"},\"image\":{\"@id\":\"https:\\\/\\\/www.musikzeitung.ch\\\/#\\\/schema\\\/logo\\\/image\\\/\"},\"sameAs\":[\"https:\\\/\\\/www.facebook.com\\\/SchweizerMusikzeitung\\\/\",\"https:\\\/\\\/x.com\\\/smusikzeitung\",\"https:\\\/\\\/www.instagram.com\\\/musikzeitung.ch\\\/\"]},{\"@type\":\"Person\",\"@id\":\"https:\\\/\\\/www.musikzeitung.ch\\\/#\\\/schema\\\/person\\\/b2fd892c800856270b9dcc6001265712\",\"name\":\"Musikzeitung-Redaktion\",\"image\":{\"@type\":\"ImageObject\",\"inLanguage\":\"en-US\",\"@id\":\"https:\\\/\\\/www.musikzeitung.ch\\\/wp-content\\\/uploads\\\/2022\\\/05\\\/usericon_musikzeitung-96x96.jpg\",\"url\":\"https:\\\/\\\/www.musikzeitung.ch\\\/wp-content\\\/uploads\\\/2022\\\/05\\\/usericon_musikzeitung-96x96.jpg\",\"contentUrl\":\"https:\\\/\\\/www.musikzeitung.ch\\\/wp-content\\\/uploads\\\/2022\\\/05\\\/usericon_musikzeitung-96x96.jpg\",\"caption\":\"Musikzeitung-Redaktion\"},\"url\":\"https:\\\/\\\/www.musikzeitung.ch\\\/en\\\/author\\\/admin\"}]}<\/script>\n<!-- \/ Yoast SEO plugin. -->","yoast_head_json":{"title":"Mass instead of class - Schweizer Musikzeitung","robots":{"index":"index","follow":"follow","max-snippet":"max-snippet:-1","max-image-preview":"max-image-preview:large","max-video-preview":"max-video-preview:-1"},"canonical":"https:\/\/www.musikzeitung.ch\/en\/berichte\/2018\/02\/masse-statt-klasse\/","og_locale":"en_US","og_type":"article","og_title":"Masse statt Klasse - Schweizer Musikzeitung","og_description":"Dem Stuttgarter Eclat-Festival fehlen die Verbindlichkeit und die musikalische Basis. Zum Gl\u00fcck gibts Ausnahmen.","og_url":"https:\/\/www.musikzeitung.ch\/en\/berichte\/2018\/02\/masse-statt-klasse\/","og_site_name":"Schweizer Musikzeitung","article_publisher":"https:\/\/www.facebook.com\/SchweizerMusikzeitung\/","article_published_time":"2018-02-12T23:00:00+00:00","article_modified_time":"2025-05-09T09:45:33+00:00","og_image":[{"width":554,"height":369,"url":"https:\/\/www.musikzeitung.ch\/wp-content\/uploads\/2023\/01\/ecweb.jpg","type":"image\/jpeg"}],"author":"Musikzeitung-Redaktion","twitter_card":"summary_large_image","twitter_creator":"@smusikzeitung","twitter_site":"@smusikzeitung","twitter_misc":{"Written by":"Musikzeitung-Redaktion","Est. reading time":"4 minutes"},"schema":{"@context":"https:\/\/schema.org","@graph":[{"@type":"Article","@id":"https:\/\/www.musikzeitung.ch\/berichte\/2018\/02\/masse-statt-klasse#article","isPartOf":{"@id":"https:\/\/www.musikzeitung.ch\/berichte\/2018\/02\/masse-statt-klasse"},"author":{"name":"Musikzeitung-Redaktion","@id":"https:\/\/www.musikzeitung.ch\/#\/schema\/person\/b2fd892c800856270b9dcc6001265712"},"headline":"Masse statt Klasse","datePublished":"2018-02-12T23:00:00+00:00","dateModified":"2025-05-09T09:45:33+00:00","mainEntityOfPage":{"@id":"https:\/\/www.musikzeitung.ch\/berichte\/2018\/02\/masse-statt-klasse"},"wordCount":669,"publisher":{"@id":"https:\/\/www.musikzeitung.ch\/#organization"},"image":{"@id":"https:\/\/www.musikzeitung.ch\/berichte\/2018\/02\/masse-statt-klasse#primaryimage"},"thumbnailUrl":"https:\/\/www.musikzeitung.ch\/wp-content\/uploads\/2023\/01\/ecweb.jpg","keywords":["Eclat-Festival Stuttgart"],"articleSection":["Auff\u00fchrungen","Berichte"],"inLanguage":"en-US"},{"@type":"WebPage","@id":"https:\/\/www.musikzeitung.ch\/berichte\/2018\/02\/masse-statt-klasse","url":"https:\/\/www.musikzeitung.ch\/berichte\/2018\/02\/masse-statt-klasse","name":"Mass instead of class - Schweizer Musikzeitung","isPartOf":{"@id":"https:\/\/www.musikzeitung.ch\/#website"},"primaryImageOfPage":{"@id":"https:\/\/www.musikzeitung.ch\/berichte\/2018\/02\/masse-statt-klasse#primaryimage"},"image":{"@id":"https:\/\/www.musikzeitung.ch\/berichte\/2018\/02\/masse-statt-klasse#primaryimage"},"thumbnailUrl":"https:\/\/www.musikzeitung.ch\/wp-content\/uploads\/2023\/01\/ecweb.jpg","datePublished":"2018-02-12T23:00:00+00:00","dateModified":"2025-05-09T09:45:33+00:00","breadcrumb":{"@id":"https:\/\/www.musikzeitung.ch\/berichte\/2018\/02\/masse-statt-klasse#breadcrumb"},"inLanguage":"en-US","potentialAction":[{"@type":"ReadAction","target":["https:\/\/www.musikzeitung.ch\/berichte\/2018\/02\/masse-statt-klasse"]}]},{"@type":"ImageObject","inLanguage":"en-US","@id":"https:\/\/www.musikzeitung.ch\/berichte\/2018\/02\/masse-statt-klasse#primaryimage","url":"https:\/\/www.musikzeitung.ch\/wp-content\/uploads\/2023\/01\/ecweb.jpg","contentUrl":"https:\/\/www.musikzeitung.ch\/wp-content\/uploads\/2023\/01\/ecweb.jpg","width":554,"height":369},{"@type":"BreadcrumbList","@id":"https:\/\/www.musikzeitung.ch\/berichte\/2018\/02\/masse-statt-klasse#breadcrumb","itemListElement":[{"@type":"ListItem","position":1,"name":"Home","item":"https:\/\/www.musikzeitung.ch\/"},{"@type":"ListItem","position":2,"name":"Masse statt Klasse"}]},{"@type":"WebSite","@id":"https:\/\/www.musikzeitung.ch\/#website","url":"https:\/\/www.musikzeitung.ch\/","name":"Swiss Music Newspaper","description":"The leading interdisciplinary monthly newspaper in Switzerland for musical issues.","publisher":{"@id":"https:\/\/www.musikzeitung.ch\/#organization"},"potentialAction":[{"@type":"SearchAction","target":{"@type":"EntryPoint","urlTemplate":"https:\/\/www.musikzeitung.ch\/?s={search_term_string}"},"query-input":{"@type":"PropertyValueSpecification","valueRequired":true,"valueName":"search_term_string"}}],"inLanguage":"en-US"},{"@type":"Organization","@id":"https:\/\/www.musikzeitung.ch\/#organization","name":"Swiss Music Newspaper","url":"https:\/\/www.musikzeitung.ch\/","logo":{"@type":"ImageObject","inLanguage":"en-US","@id":"https:\/\/www.musikzeitung.ch\/#\/schema\/logo\/image\/","url":"https:\/\/www.musikzeitung.ch\/wp-content\/uploads\/2023\/01\/SMZ_Schriftzug_Sprache.png","contentUrl":"https:\/\/www.musikzeitung.ch\/wp-content\/uploads\/2023\/01\/SMZ_Schriftzug_Sprache.png","width":1400,"height":279,"caption":"Schweizer Musikzeitung"},"image":{"@id":"https:\/\/www.musikzeitung.ch\/#\/schema\/logo\/image\/"},"sameAs":["https:\/\/www.facebook.com\/SchweizerMusikzeitung\/","https:\/\/x.com\/smusikzeitung","https:\/\/www.instagram.com\/musikzeitung.ch\/"]},{"@type":"Person","@id":"https:\/\/www.musikzeitung.ch\/#\/schema\/person\/b2fd892c800856270b9dcc6001265712","name":"Music newspaper editorial office","image":{"@type":"ImageObject","inLanguage":"en-US","@id":"https:\/\/www.musikzeitung.ch\/wp-content\/uploads\/2022\/05\/usericon_musikzeitung-96x96.jpg","url":"https:\/\/www.musikzeitung.ch\/wp-content\/uploads\/2022\/05\/usericon_musikzeitung-96x96.jpg","contentUrl":"https:\/\/www.musikzeitung.ch\/wp-content\/uploads\/2022\/05\/usericon_musikzeitung-96x96.jpg","caption":"Musikzeitung-Redaktion"},"url":"https:\/\/www.musikzeitung.ch\/en\/author\/admin"}]}},"publishpress_future_workflow_manual_trigger":{"enabledWorkflows":[]},"_links":{"self":[{"href":"https:\/\/www.musikzeitung.ch\/en\/wp-json\/wp\/v2\/posts\/8710","targetHints":{"allow":["GET"]}}],"collection":[{"href":"https:\/\/www.musikzeitung.ch\/en\/wp-json\/wp\/v2\/posts"}],"about":[{"href":"https:\/\/www.musikzeitung.ch\/en\/wp-json\/wp\/v2\/types\/post"}],"author":[{"embeddable":true,"href":"https:\/\/www.musikzeitung.ch\/en\/wp-json\/wp\/v2\/users\/1"}],"replies":[{"embeddable":true,"href":"https:\/\/www.musikzeitung.ch\/en\/wp-json\/wp\/v2\/comments?post=8710"}],"version-history":[{"count":1,"href":"https:\/\/www.musikzeitung.ch\/en\/wp-json\/wp\/v2\/posts\/8710\/revisions"}],"predecessor-version":[{"id":65056,"href":"https:\/\/www.musikzeitung.ch\/en\/wp-json\/wp\/v2\/posts\/8710\/revisions\/65056"}],"wp:featuredmedia":[{"embeddable":true,"href":"https:\/\/www.musikzeitung.ch\/en\/wp-json\/wp\/v2\/media\/8711"}],"wp:attachment":[{"href":"https:\/\/www.musikzeitung.ch\/en\/wp-json\/wp\/v2\/media?parent=8710"}],"wp:term":[{"taxonomy":"category","embeddable":true,"href":"https:\/\/www.musikzeitung.ch\/en\/wp-json\/wp\/v2\/categories?post=8710"},{"taxonomy":"post_tag","embeddable":true,"href":"https:\/\/www.musikzeitung.ch\/en\/wp-json\/wp\/v2\/tags?post=8710"}],"curies":[{"name":"wp","href":"https:\/\/api.w.org\/{rel}","templated":true}]}}