{"id":872,"date":"2017-03-17T00:00:00","date_gmt":"2017-03-16T23:00:00","guid":{"rendered":"https:\/\/www.musikzeitung.ch\/allgemein\/abschied-mit-einer-neuentdeckung\/"},"modified":"2017-03-17T00:00:00","modified_gmt":"2017-03-16T23:00:00","slug":"abschied-mit-einer-neuentdeckung","status":"publish","type":"post","link":"https:\/\/www.musikzeitung.ch\/en\/anlaesse\/2017\/03\/abschied-mit-einer-neuentdeckung","title":{"rendered":"Farewell with a new discovery"},"content":{"rendered":"<figure style=\"width: 1200px\" class=\"wp-caption alignnone\"><img decoding=\"async\" class=\"size-full\" src=\"https:\/\/www.musikzeitung.ch\/wp-content\/uploads\/2023\/01\/Pergolesi_Q_Einsiedeln-Kopie-1.jpg\" alt=\"\" \/><figcaption class=\"wp-caption-text\">Manuscript page of the found \"Dixit Dominus\". Photo: zVg<\/figcaption><\/figure>\n<div class='text-section'>\n<p><em><strong>Giovanni Battista Pergolesi is no stranger to fame; for a long time he was even a cult figure. How can it be explained that an important work has only now come to light?<\/strong><\/em><\/p>\n<p><strong><em>Mario Schwarz: <\/em><\/strong>There is an endless amount of material stored in the monastery libraries and there are few people who rummage around. One of them is Friedrich H\u00e4gele from Aalen. He has Pergolesi's <em>Dixit Dominus<\/em> was unearthed in the library of the canons' monastery of Berom\u00fcnster. The <em>Missa Solemnis in C con organo concertante<\/em> by Franti\u0161ek Xaver Brixi, which we are performing in the same concert, was found by Karlheinz Ostermann from Silz in Tyrol, like many others, in the library of Ottobeuren Monastery. It is a laborious task that not everyone takes on. You don't find scores, but individual parts, copies or even copies of copies. In Pergolesi's case, the material was particularly miserable. Everyone who had anything to do with it cursed the poor scribe who was at work there. I didn't deal with this material myself. But there were a thousand questions in the score produced from it; I spent hours on the phone with the editor.<\/p>\n<p> <em><strong>Was the work worth it? Although Pergolesi was only 26 years old, his catalog of works contains a considerable number of church compositions, including another \"Dixit Dominus\".<\/strong><\/em><\/p>\n<p>It is a wonderful work in terms of its structure, larger than its sister work, and I also think that it has a future. It shows a clever distribution of the solos, the solo ensembles and the choir, there is a nice variety. In addition, this music is not only very singable, but also very clearly composed in relation to the text. The beginning, for example, with the declamatory \"Dixit\" call gets under your skin, or the end with the long note values in the stile antico to \"Sicut erat in principio\" (As it was in the beginning) has real grandeur. It is all very emotional and also pictorial - an organ point marks the footstool for the Lord's feet, which the enemies are to become.<br \/> \u00a0<\/p>\n<p><em><strong>How certain is the authorship? According to MGG, the legendary reputation of the genius, who died young, led to a flourishing trade in falsely attributed or forged compositions. In Pergolesi's case, the ratio of authentic to fake works is said to have peaked at 1 to 10.<\/strong><\/em><\/p>\n<p>There is no proof of the authenticity of this work; to date, no original sheet music or even a reference to a performance has been found. It is also unknown how the work ended up in Berom\u00fcnster Abbey - and incidentally, a much abridged version also ended up in the library of Einsiedeln Abbey. There is no historical evidence, only the compositional handwriting as we know it from the confirmed works and which can be found here, typical rhythms, the treatment of fermatas. There is no proof, but stylistically one has the strong feeling that a very good composer was at work here and that the publisher is right to publish it under the name Pergolesi.<\/p>\n<\/div>\n<div>\n<hr>\n<\/div>\n<div class='text-section'>\n<p>Mario Schwarz has conducted the Collegium Musicum Ostschweiz for more than 40 years. He has particularly made a name for himself with world premieres by Swiss composers, for example in 2004 with the opera <em>Tredeschin<\/em> by Gion Antoni Derungs. In 2009, he was able to launch Heinrich von Herzogenberg's violin concerto. In 2010, he conducted Derungs' scenic musical work on the 100th anniversary of Henry Dunant's death <em>Henry Dunant <\/em>- The libretto was written by Hans-Rudolf Merz (<a href='\/de\/resonance\/klassik\/2017\/03\/pergolesi-beromuenster\/content\/01\/text_files\/file\/document\/Henry Dunant.pdf'><em>SMZ<\/em> 12\/2010, page 25<\/a>).<\/p>\n<\/div>\n<div>\n<blockquote class='text-section'>\n<h4>Farewell concert by Mario Schwarz<\/h4>\n<p> First performances by F. X. Brixi and G. B. Pergolesi<\/p>\n<p>\u00a0<br \/> Sun April 09, 5 p.m., Stiftskirche Bischofszell<br \/> Thursday, April 13, 7 p.m., St. Fiden Church, St. Gallen <br \/> Fri April 14, 5 p.m., Protestant Church Heiden<\/p>\n<p> Muriel Schwarz, soprano; Kismara Pessatti, alto; Nik Kevin Koch, tenor; Chasper-Cur\u00f2 Mani, bass; Christian Busslinger, organ; choir and orchestra of the Collegium Musicum Ostschweiz <br \/> \u00a0<\/p>\n<\/blockquote>\n<\/div>","protected":false},"excerpt":{"rendered":"<p><strong>Mario Schwarz concludes his many years of work with the Collegium Musicum Ostschweiz with first performances of Baroque gems. He describes Pergolesi's recently discovered cantata \"Dixit Dominus\" as a sensation.<\/strong><\/p>","protected":false},"author":1,"featured_media":873,"comment_status":"open","ping_status":"open","sticky":false,"template":"","format":"standard","meta":{"_acf_changed":false,"_relevanssi_hide_post":"","_relevanssi_hide_content":"","_relevanssi_pin_for_all":"","_relevanssi_pin_keywords":"","_relevanssi_unpin_keywords":"","_relevanssi_related_keywords":"","_relevanssi_related_include_ids":"","_relevanssi_related_exclude_ids":"","_relevanssi_related_no_append":"","_relevanssi_related_not_related":"","_relevanssi_related_posts":"","_relevanssi_noindex_reason":"","pgc_sgb_lightbox_settings":"","footnotes":""},"categories":[2,57],"tags":[],"class_list":["post-872","post","type-post","status-publish","format-standard","has-post-thumbnail","hentry","category-anlaesse","category-klassik"],"acf":[],"yoast_head":"<!-- This site is optimized with the Yoast SEO plugin v27.4 - https:\/\/yoast.com\/product\/yoast-seo-wordpress\/ -->\n<title>Abschied mit einer Neuentdeckung - Schweizer Musikzeitung<\/title>\n<meta name=\"robots\" content=\"index, follow, max-snippet:-1, max-image-preview:large, max-video-preview:-1\" \/>\n<link rel=\"canonical\" href=\"https:\/\/www.musikzeitung.ch\/en\/anlaesse\/2017\/03\/abschied-mit-einer-neuentdeckung\/\" \/>\n<meta property=\"og:locale\" content=\"en_US\" \/>\n<meta property=\"og:type\" content=\"article\" \/>\n<meta property=\"og:title\" content=\"Abschied mit einer Neuentdeckung - Schweizer Musikzeitung\" \/>\n<meta property=\"og:description\" content=\"Mit Erstauff\u00fchrungen barocker Trouvaillen beschliesst Mario Schwarz seine langj\u00e4hrige Arbeit mit dem Collegium Musicum Ostschweiz. Pergolesis k\u00fcrzlich aufgesp\u00fcrte Kantate \u00abDixit Dominus\u00bb bezeichnet er als Sensation.\" \/>\n<meta property=\"og:url\" content=\"https:\/\/www.musikzeitung.ch\/en\/anlaesse\/2017\/03\/abschied-mit-einer-neuentdeckung\/\" \/>\n<meta property=\"og:site_name\" content=\"Schweizer Musikzeitung\" \/>\n<meta property=\"article:publisher\" content=\"https:\/\/www.facebook.com\/SchweizerMusikzeitung\/\" \/>\n<meta property=\"article:published_time\" content=\"2017-03-16T23:00:00+00:00\" \/>\n<meta property=\"og:image\" content=\"https:\/\/www.musikzeitung.ch\/wp-content\/uploads\/2023\/01\/Pergolesi_Q_Einsiedeln-Kopie-1.jpg\" \/>\n\t<meta property=\"og:image:width\" content=\"554\" \/>\n\t<meta property=\"og:image:height\" content=\"409\" \/>\n\t<meta property=\"og:image:type\" content=\"image\/jpeg\" \/>\n<meta name=\"author\" content=\"Musikzeitung-Redaktion\" \/>\n<meta name=\"twitter:card\" content=\"summary_large_image\" \/>\n<meta name=\"twitter:creator\" content=\"@smusikzeitung\" \/>\n<meta name=\"twitter:site\" content=\"@smusikzeitung\" \/>\n<meta name=\"twitter:label1\" content=\"Written by\" \/>\n\t<meta name=\"twitter:data1\" content=\"Musikzeitung-Redaktion\" \/>\n\t<meta name=\"twitter:label2\" content=\"Est. reading time\" \/>\n\t<meta name=\"twitter:data2\" content=\"3 minutes\" \/>\n<script type=\"application\/ld+json\" class=\"yoast-schema-graph\">{\"@context\":\"https:\\\/\\\/schema.org\",\"@graph\":[{\"@type\":\"Article\",\"@id\":\"https:\\\/\\\/www.musikzeitung.ch\\\/anlaesse\\\/2017\\\/03\\\/abschied-mit-einer-neuentdeckung#article\",\"isPartOf\":{\"@id\":\"https:\\\/\\\/www.musikzeitung.ch\\\/anlaesse\\\/2017\\\/03\\\/abschied-mit-einer-neuentdeckung\"},\"author\":{\"name\":\"Musikzeitung-Redaktion\",\"@id\":\"https:\\\/\\\/www.musikzeitung.ch\\\/#\\\/schema\\\/person\\\/b2fd892c800856270b9dcc6001265712\"},\"headline\":\"Abschied mit einer Neuentdeckung\",\"datePublished\":\"2017-03-16T23:00:00+00:00\",\"mainEntityOfPage\":{\"@id\":\"https:\\\/\\\/www.musikzeitung.ch\\\/anlaesse\\\/2017\\\/03\\\/abschied-mit-einer-neuentdeckung\"},\"wordCount\":621,\"commentCount\":0,\"publisher\":{\"@id\":\"https:\\\/\\\/www.musikzeitung.ch\\\/#organization\"},\"image\":{\"@id\":\"https:\\\/\\\/www.musikzeitung.ch\\\/anlaesse\\\/2017\\\/03\\\/abschied-mit-einer-neuentdeckung#primaryimage\"},\"thumbnailUrl\":\"https:\\\/\\\/www.musikzeitung.ch\\\/wp-content\\\/uploads\\\/2023\\\/01\\\/Pergolesi_Q_Einsiedeln-Kopie-1.jpg\",\"articleSection\":[\"Anl\u00e4sse\",\"Klassik\"],\"inLanguage\":\"en-US\"},{\"@type\":\"WebPage\",\"@id\":\"https:\\\/\\\/www.musikzeitung.ch\\\/anlaesse\\\/2017\\\/03\\\/abschied-mit-einer-neuentdeckung\",\"url\":\"https:\\\/\\\/www.musikzeitung.ch\\\/anlaesse\\\/2017\\\/03\\\/abschied-mit-einer-neuentdeckung\",\"name\":\"Abschied mit einer Neuentdeckung - Schweizer Musikzeitung\",\"isPartOf\":{\"@id\":\"https:\\\/\\\/www.musikzeitung.ch\\\/#website\"},\"primaryImageOfPage\":{\"@id\":\"https:\\\/\\\/www.musikzeitung.ch\\\/anlaesse\\\/2017\\\/03\\\/abschied-mit-einer-neuentdeckung#primaryimage\"},\"image\":{\"@id\":\"https:\\\/\\\/www.musikzeitung.ch\\\/anlaesse\\\/2017\\\/03\\\/abschied-mit-einer-neuentdeckung#primaryimage\"},\"thumbnailUrl\":\"https:\\\/\\\/www.musikzeitung.ch\\\/wp-content\\\/uploads\\\/2023\\\/01\\\/Pergolesi_Q_Einsiedeln-Kopie-1.jpg\",\"datePublished\":\"2017-03-16T23:00:00+00:00\",\"breadcrumb\":{\"@id\":\"https:\\\/\\\/www.musikzeitung.ch\\\/anlaesse\\\/2017\\\/03\\\/abschied-mit-einer-neuentdeckung#breadcrumb\"},\"inLanguage\":\"en-US\",\"potentialAction\":[{\"@type\":\"ReadAction\",\"target\":[\"https:\\\/\\\/www.musikzeitung.ch\\\/anlaesse\\\/2017\\\/03\\\/abschied-mit-einer-neuentdeckung\"]}]},{\"@type\":\"ImageObject\",\"inLanguage\":\"en-US\",\"@id\":\"https:\\\/\\\/www.musikzeitung.ch\\\/anlaesse\\\/2017\\\/03\\\/abschied-mit-einer-neuentdeckung#primaryimage\",\"url\":\"https:\\\/\\\/www.musikzeitung.ch\\\/wp-content\\\/uploads\\\/2023\\\/01\\\/Pergolesi_Q_Einsiedeln-Kopie-1.jpg\",\"contentUrl\":\"https:\\\/\\\/www.musikzeitung.ch\\\/wp-content\\\/uploads\\\/2023\\\/01\\\/Pergolesi_Q_Einsiedeln-Kopie-1.jpg\",\"width\":554,\"height\":409},{\"@type\":\"BreadcrumbList\",\"@id\":\"https:\\\/\\\/www.musikzeitung.ch\\\/anlaesse\\\/2017\\\/03\\\/abschied-mit-einer-neuentdeckung#breadcrumb\",\"itemListElement\":[{\"@type\":\"ListItem\",\"position\":1,\"name\":\"Home\",\"item\":\"https:\\\/\\\/www.musikzeitung.ch\\\/\"},{\"@type\":\"ListItem\",\"position\":2,\"name\":\"Abschied mit einer Neuentdeckung\"}]},{\"@type\":\"WebSite\",\"@id\":\"https:\\\/\\\/www.musikzeitung.ch\\\/#website\",\"url\":\"https:\\\/\\\/www.musikzeitung.ch\\\/\",\"name\":\"Schweizer Musikzeitung\",\"description\":\"Die f\u00fchrende sparten\u00fcbergreifende Monatszeitung in der Schweiz f\u00fcr musikalische Fragen.\",\"publisher\":{\"@id\":\"https:\\\/\\\/www.musikzeitung.ch\\\/#organization\"},\"potentialAction\":[{\"@type\":\"SearchAction\",\"target\":{\"@type\":\"EntryPoint\",\"urlTemplate\":\"https:\\\/\\\/www.musikzeitung.ch\\\/?s={search_term_string}\"},\"query-input\":{\"@type\":\"PropertyValueSpecification\",\"valueRequired\":true,\"valueName\":\"search_term_string\"}}],\"inLanguage\":\"en-US\"},{\"@type\":\"Organization\",\"@id\":\"https:\\\/\\\/www.musikzeitung.ch\\\/#organization\",\"name\":\"Schweizer Musikzeitung\",\"url\":\"https:\\\/\\\/www.musikzeitung.ch\\\/\",\"logo\":{\"@type\":\"ImageObject\",\"inLanguage\":\"en-US\",\"@id\":\"https:\\\/\\\/www.musikzeitung.ch\\\/#\\\/schema\\\/logo\\\/image\\\/\",\"url\":\"https:\\\/\\\/www.musikzeitung.ch\\\/wp-content\\\/uploads\\\/2023\\\/01\\\/SMZ_Schriftzug_Sprache.png\",\"contentUrl\":\"https:\\\/\\\/www.musikzeitung.ch\\\/wp-content\\\/uploads\\\/2023\\\/01\\\/SMZ_Schriftzug_Sprache.png\",\"width\":1400,\"height\":279,\"caption\":\"Schweizer Musikzeitung\"},\"image\":{\"@id\":\"https:\\\/\\\/www.musikzeitung.ch\\\/#\\\/schema\\\/logo\\\/image\\\/\"},\"sameAs\":[\"https:\\\/\\\/www.facebook.com\\\/SchweizerMusikzeitung\\\/\",\"https:\\\/\\\/x.com\\\/smusikzeitung\",\"https:\\\/\\\/www.instagram.com\\\/musikzeitung.ch\\\/\"]},{\"@type\":\"Person\",\"@id\":\"https:\\\/\\\/www.musikzeitung.ch\\\/#\\\/schema\\\/person\\\/b2fd892c800856270b9dcc6001265712\",\"name\":\"Musikzeitung-Redaktion\",\"image\":{\"@type\":\"ImageObject\",\"inLanguage\":\"en-US\",\"@id\":\"https:\\\/\\\/www.musikzeitung.ch\\\/wp-content\\\/uploads\\\/2022\\\/05\\\/usericon_musikzeitung-96x96.jpg\",\"url\":\"https:\\\/\\\/www.musikzeitung.ch\\\/wp-content\\\/uploads\\\/2022\\\/05\\\/usericon_musikzeitung-96x96.jpg\",\"contentUrl\":\"https:\\\/\\\/www.musikzeitung.ch\\\/wp-content\\\/uploads\\\/2022\\\/05\\\/usericon_musikzeitung-96x96.jpg\",\"caption\":\"Musikzeitung-Redaktion\"},\"url\":\"https:\\\/\\\/www.musikzeitung.ch\\\/en\\\/author\\\/admin\"}]}<\/script>\n<!-- \/ Yoast SEO plugin. -->","yoast_head_json":{"title":"Abschied mit einer Neuentdeckung - Schweizer Musikzeitung","robots":{"index":"index","follow":"follow","max-snippet":"max-snippet:-1","max-image-preview":"max-image-preview:large","max-video-preview":"max-video-preview:-1"},"canonical":"https:\/\/www.musikzeitung.ch\/en\/anlaesse\/2017\/03\/abschied-mit-einer-neuentdeckung\/","og_locale":"en_US","og_type":"article","og_title":"Abschied mit einer Neuentdeckung - Schweizer Musikzeitung","og_description":"Mit Erstauff\u00fchrungen barocker Trouvaillen beschliesst Mario Schwarz seine langj\u00e4hrige Arbeit mit dem Collegium Musicum Ostschweiz. Pergolesis k\u00fcrzlich aufgesp\u00fcrte Kantate \u00abDixit Dominus\u00bb bezeichnet er als Sensation.","og_url":"https:\/\/www.musikzeitung.ch\/en\/anlaesse\/2017\/03\/abschied-mit-einer-neuentdeckung\/","og_site_name":"Schweizer Musikzeitung","article_publisher":"https:\/\/www.facebook.com\/SchweizerMusikzeitung\/","article_published_time":"2017-03-16T23:00:00+00:00","og_image":[{"width":554,"height":409,"url":"https:\/\/www.musikzeitung.ch\/wp-content\/uploads\/2023\/01\/Pergolesi_Q_Einsiedeln-Kopie-1.jpg","type":"image\/jpeg"}],"author":"Musikzeitung-Redaktion","twitter_card":"summary_large_image","twitter_creator":"@smusikzeitung","twitter_site":"@smusikzeitung","twitter_misc":{"Written by":"Musikzeitung-Redaktion","Est. reading time":"3 minutes"},"schema":{"@context":"https:\/\/schema.org","@graph":[{"@type":"Article","@id":"https:\/\/www.musikzeitung.ch\/anlaesse\/2017\/03\/abschied-mit-einer-neuentdeckung#article","isPartOf":{"@id":"https:\/\/www.musikzeitung.ch\/anlaesse\/2017\/03\/abschied-mit-einer-neuentdeckung"},"author":{"name":"Musikzeitung-Redaktion","@id":"https:\/\/www.musikzeitung.ch\/#\/schema\/person\/b2fd892c800856270b9dcc6001265712"},"headline":"Abschied mit einer Neuentdeckung","datePublished":"2017-03-16T23:00:00+00:00","mainEntityOfPage":{"@id":"https:\/\/www.musikzeitung.ch\/anlaesse\/2017\/03\/abschied-mit-einer-neuentdeckung"},"wordCount":621,"commentCount":0,"publisher":{"@id":"https:\/\/www.musikzeitung.ch\/#organization"},"image":{"@id":"https:\/\/www.musikzeitung.ch\/anlaesse\/2017\/03\/abschied-mit-einer-neuentdeckung#primaryimage"},"thumbnailUrl":"https:\/\/www.musikzeitung.ch\/wp-content\/uploads\/2023\/01\/Pergolesi_Q_Einsiedeln-Kopie-1.jpg","articleSection":["Anl\u00e4sse","Klassik"],"inLanguage":"en-US"},{"@type":"WebPage","@id":"https:\/\/www.musikzeitung.ch\/anlaesse\/2017\/03\/abschied-mit-einer-neuentdeckung","url":"https:\/\/www.musikzeitung.ch\/anlaesse\/2017\/03\/abschied-mit-einer-neuentdeckung","name":"Abschied mit einer Neuentdeckung - Schweizer Musikzeitung","isPartOf":{"@id":"https:\/\/www.musikzeitung.ch\/#website"},"primaryImageOfPage":{"@id":"https:\/\/www.musikzeitung.ch\/anlaesse\/2017\/03\/abschied-mit-einer-neuentdeckung#primaryimage"},"image":{"@id":"https:\/\/www.musikzeitung.ch\/anlaesse\/2017\/03\/abschied-mit-einer-neuentdeckung#primaryimage"},"thumbnailUrl":"https:\/\/www.musikzeitung.ch\/wp-content\/uploads\/2023\/01\/Pergolesi_Q_Einsiedeln-Kopie-1.jpg","datePublished":"2017-03-16T23:00:00+00:00","breadcrumb":{"@id":"https:\/\/www.musikzeitung.ch\/anlaesse\/2017\/03\/abschied-mit-einer-neuentdeckung#breadcrumb"},"inLanguage":"en-US","potentialAction":[{"@type":"ReadAction","target":["https:\/\/www.musikzeitung.ch\/anlaesse\/2017\/03\/abschied-mit-einer-neuentdeckung"]}]},{"@type":"ImageObject","inLanguage":"en-US","@id":"https:\/\/www.musikzeitung.ch\/anlaesse\/2017\/03\/abschied-mit-einer-neuentdeckung#primaryimage","url":"https:\/\/www.musikzeitung.ch\/wp-content\/uploads\/2023\/01\/Pergolesi_Q_Einsiedeln-Kopie-1.jpg","contentUrl":"https:\/\/www.musikzeitung.ch\/wp-content\/uploads\/2023\/01\/Pergolesi_Q_Einsiedeln-Kopie-1.jpg","width":554,"height":409},{"@type":"BreadcrumbList","@id":"https:\/\/www.musikzeitung.ch\/anlaesse\/2017\/03\/abschied-mit-einer-neuentdeckung#breadcrumb","itemListElement":[{"@type":"ListItem","position":1,"name":"Home","item":"https:\/\/www.musikzeitung.ch\/"},{"@type":"ListItem","position":2,"name":"Abschied mit einer Neuentdeckung"}]},{"@type":"WebSite","@id":"https:\/\/www.musikzeitung.ch\/#website","url":"https:\/\/www.musikzeitung.ch\/","name":"Swiss Music Newspaper","description":"The leading interdisciplinary monthly newspaper in Switzerland for musical issues.","publisher":{"@id":"https:\/\/www.musikzeitung.ch\/#organization"},"potentialAction":[{"@type":"SearchAction","target":{"@type":"EntryPoint","urlTemplate":"https:\/\/www.musikzeitung.ch\/?s={search_term_string}"},"query-input":{"@type":"PropertyValueSpecification","valueRequired":true,"valueName":"search_term_string"}}],"inLanguage":"en-US"},{"@type":"Organization","@id":"https:\/\/www.musikzeitung.ch\/#organization","name":"Swiss Music Newspaper","url":"https:\/\/www.musikzeitung.ch\/","logo":{"@type":"ImageObject","inLanguage":"en-US","@id":"https:\/\/www.musikzeitung.ch\/#\/schema\/logo\/image\/","url":"https:\/\/www.musikzeitung.ch\/wp-content\/uploads\/2023\/01\/SMZ_Schriftzug_Sprache.png","contentUrl":"https:\/\/www.musikzeitung.ch\/wp-content\/uploads\/2023\/01\/SMZ_Schriftzug_Sprache.png","width":1400,"height":279,"caption":"Schweizer Musikzeitung"},"image":{"@id":"https:\/\/www.musikzeitung.ch\/#\/schema\/logo\/image\/"},"sameAs":["https:\/\/www.facebook.com\/SchweizerMusikzeitung\/","https:\/\/x.com\/smusikzeitung","https:\/\/www.instagram.com\/musikzeitung.ch\/"]},{"@type":"Person","@id":"https:\/\/www.musikzeitung.ch\/#\/schema\/person\/b2fd892c800856270b9dcc6001265712","name":"Music newspaper editorial office","image":{"@type":"ImageObject","inLanguage":"en-US","@id":"https:\/\/www.musikzeitung.ch\/wp-content\/uploads\/2022\/05\/usericon_musikzeitung-96x96.jpg","url":"https:\/\/www.musikzeitung.ch\/wp-content\/uploads\/2022\/05\/usericon_musikzeitung-96x96.jpg","contentUrl":"https:\/\/www.musikzeitung.ch\/wp-content\/uploads\/2022\/05\/usericon_musikzeitung-96x96.jpg","caption":"Musikzeitung-Redaktion"},"url":"https:\/\/www.musikzeitung.ch\/en\/author\/admin"}]}},"publishpress_future_workflow_manual_trigger":{"enabledWorkflows":[]},"_links":{"self":[{"href":"https:\/\/www.musikzeitung.ch\/en\/wp-json\/wp\/v2\/posts\/872","targetHints":{"allow":["GET"]}}],"collection":[{"href":"https:\/\/www.musikzeitung.ch\/en\/wp-json\/wp\/v2\/posts"}],"about":[{"href":"https:\/\/www.musikzeitung.ch\/en\/wp-json\/wp\/v2\/types\/post"}],"author":[{"embeddable":true,"href":"https:\/\/www.musikzeitung.ch\/en\/wp-json\/wp\/v2\/users\/1"}],"replies":[{"embeddable":true,"href":"https:\/\/www.musikzeitung.ch\/en\/wp-json\/wp\/v2\/comments?post=872"}],"version-history":[{"count":0,"href":"https:\/\/www.musikzeitung.ch\/en\/wp-json\/wp\/v2\/posts\/872\/revisions"}],"wp:featuredmedia":[{"embeddable":true,"href":"https:\/\/www.musikzeitung.ch\/en\/wp-json\/wp\/v2\/media\/873"}],"wp:attachment":[{"href":"https:\/\/www.musikzeitung.ch\/en\/wp-json\/wp\/v2\/media?parent=872"}],"wp:term":[{"taxonomy":"category","embeddable":true,"href":"https:\/\/www.musikzeitung.ch\/en\/wp-json\/wp\/v2\/categories?post=872"},{"taxonomy":"post_tag","embeddable":true,"href":"https:\/\/www.musikzeitung.ch\/en\/wp-json\/wp\/v2\/tags?post=872"}],"curies":[{"name":"wp","href":"https:\/\/api.w.org\/{rel}","templated":true}]}}