{"id":8898,"date":"2014-09-03T00:00:00","date_gmt":"2014-09-02T23:00:00","guid":{"rendered":"https:\/\/www.musikzeitung.ch\/allgemein\/glocken-geister-glasharmonika\/"},"modified":"2025-08-06T17:22:35","modified_gmt":"2025-08-06T15:22:35","slug":"glocken-geister-glasharmonika","status":"publish","type":"post","link":"https:\/\/www.musikzeitung.ch\/en\/berichte\/2014\/09\/glocken-geister-glasharmonika","title":{"rendered":"Bells, ghosts, glass harmonica"},"content":{"rendered":"<figure style=\"width: 554px\" class=\"wp-caption alignnone\"><img loading=\"lazy\" decoding=\"async\" src=\"https:\/\/www.musikzeitung.ch\/wp-content\/uploads\/2023\/01\/sg-7.jpg\" alt=\"\" width=\"554\" height=\"369\" \/><figcaption class=\"wp-caption-text\">L\u00e4ndler want to have their say! Band Eidg. moss. Photo: \u00a9 Ernst Spycher<\/figcaption><\/figure>\n<div class=\"text-section\">\n<p>Three older gentlemen with suspenders set up the room for their musical rehearsal. They push the walls and chairs into place, mumble to themselves and arrange their props. As they move around, two cowbells sound as if by chance in a common chord, one from the right, one from the left. But at the latest when the pushing noise of the chairs turns into a three-part piece of music, it is clear that the piece is about <em>L\u00e4ndler want a say<\/em> nothing is left to chance at the Kapelle Eidgen\u00f6ssisch Moos. The trio led by Ruedi H\u00e4usermann opens the festival Schweizgen\u00f6ssisch - Die Schweiz in Berlin with a charming mixture of music theater, concert, tourist tour and public rehearsal. Their aim is not to avoid clich\u00e9s. Rather, it seems as if the three musicians have set themselves the task of forcing all, really all ideas on this subject, even the silliest ones, into one evening: The music of L\u00e4ndlerk\u00f6nig Kasi Geisser, texts by Robert Walser, appearances by animals, a \"choir doubler\" realized with technical means, a yodelling machine ... The three devote themselves to all theatrical means with seriousness and musical precision. Poetic, subtle, funny, concentrated, overloaded and sonically dense moments alternate and finally culminate in a \"convivial finale\" with Swiss folk music on the banks of the Spree and in the evening sunshine: a very nice opening!<\/p>\n<p>The music of the Yilian Ca\u00f1izares Quartet from Lausanne is less rooted in Switzerland than in the world. The singer and violinist Yilian Ca\u00f1izares, who comes from Havana, leads the audience through her varied program in Spanish, French and English. South American dance rhythms and unison jazz lines alternate with floating, esoteric ballads. The radiant Ca\u00f1izares in the white dress takes samba steps, shakes her curls, improvises with violin and voice at the same time, always supported by the solid basic sound of her band. However, pianist Daniel Stawinski is particularly convincing as a soloist, who for this one moment is completely absorbed in the music, lost in it and takes you along on the waves of his piano playing.<\/p>\n<p>Claude-Alain Sulzer's event, on the other hand, leaves one rather perplexed. One under the title <em>Anna's mask<\/em> The program says to expect a literary concert developed especially for the festival. Sulzer reads from his novella of the same name, which deals with the life of Swiss singer Anna Suttner - and in particular the scandalous circumstances of her death. We learn right at the beginning that she was shot. About her lover. And that she was a famous performer of Carmen. In between, a long-winded recitation of the biographies of all those involved in a self-congratulatory, overflowing style, mostly without punchlines, and also, again and again and for a very long time: music! Benjamin Nyffenegger on the cello and Oliver Schnyder on the piano play with virtuosity and feeling. What the Rachmaninov Sonata is supposed to have to do with the narrative, however, cannot be seen for the life of me. The novella's already rather thin arc of suspense is stretched over several episodes and musical interludes - which in no way improves a narrative with few surprises. What was developed here especially for the festival?<\/p>\n<p>J\u00fcrg Kienberger, although a comedian, is not necessarily a master of timing either. His program<em> I bee, ergo buzz<\/em>in which he deals with the life and death of bees, begins with the appearance of a solo entertainer on the keyboard. The disguised Kienberger fires up the audience with thigh-slappers on a par with the title of his piece - and does himself no favors by closing the audience's ears to the finer things right at the beginning. And yet these are the greatest moments of his program: when a slight melancholy, when a forlornness becomes palpable: that of the bees, that of J\u00fcrg Kienberger, and the lost position on which everyone who deals with the small world of bees seems to have always stood. A beehive stands on the stage the whole time, from which a constant buzzing can be heard almost imperceptibly. At the end it has fallen silent. It is touching and sad when Kienberger picks up the glass organ and sings in a high, fragile voice: \"What do we want to sing now, here in solitude, when all of us have gone, whom our song delights ...\" The audience, which is eager to laugh, can't stand it and applauds in the middle of the floating last note. It's a shame that Kienberger's misguided dramaturgy takes the sting out of it.<\/p>\n<p>The festival concluded with the music theater <em>When I die<\/em> directed by Thom Luz. Several keyboard instruments stand on the otherwise empty stage: pianos, a Wurlitzer, a glass harmonica. A woman sits at the piano with a porcelain cup on top. Slowly and in several attempts, she pushes the cup off the edge so that it falls with a clatter. The ticking of a clock comes to the fore. A male quartet sings English pop songs, the woman interrupts. It's about the life of Rosemary Brown, who in the 1960s claimed to be a medium and to be visited by deceased composers, most notably Franz Liszt. The composers would dictate the missing parts of unfinished compositions to her. The stage becomes an intermediate world. Imaginary space, apartment, sound space, concert hall, afterlife, death chamber. The composers appear, whisper, make music, disappear again. Rosemary Brown sings in a thin voice, plays along, speaks along, interrupts. Large black boxes roll across the stage as if by magic. Everything is darkened, dusky, shrouded in fog. The performers appear only as silhouettes against the light. And as voices that sing, speak, whisper.<\/p>\n<p><em>When I die<\/em> is a subtly arranged evening that uses all theatrical means, above all music, to tell the story of the unconscious. The characters and events remain strangely intangible and ambiguous, and everything seems somewhat removed. On the way out, it feels as if you've just seen a ghost.\n<\/div>","protected":false},"excerpt":{"rendered":"<p><strong>The Swiss Swiss Festival from August 1 to 3 presented Swiss music productions by the Kapelle Eidgen\u00f6ssisch Moos, the Yilian Ca\u00f1izares Quartet, Alain Sulzer, J\u00fcrg Kienberger and Thom Luz at the Radialsystem in Berlin.<\/strong><\/p>","protected":false},"author":1,"featured_media":8899,"comment_status":"closed","ping_status":"closed","sticky":false,"template":"","format":"standard","meta":{"_acf_changed":false,"_relevanssi_hide_post":"","_relevanssi_hide_content":"","_relevanssi_pin_for_all":"","_relevanssi_pin_keywords":"","_relevanssi_unpin_keywords":"","_relevanssi_related_keywords":"","_relevanssi_related_include_ids":"","_relevanssi_related_exclude_ids":"","_relevanssi_related_no_append":"","_relevanssi_related_not_related":"","_relevanssi_related_posts":"","_relevanssi_noindex_reason":"","pgc_sgb_lightbox_settings":"","footnotes":""},"categories":[1531,28],"tags":[5218],"class_list":["post-8898","post","type-post","status-publish","format-standard","has-post-thumbnail","hentry","category-auffuehrungen","category-berichte","tag-schweizgenoessisch-festival"],"acf":[],"yoast_head":"<!-- This site is optimized with the Yoast SEO plugin v27.4 - https:\/\/yoast.com\/product\/yoast-seo-wordpress\/ -->\n<title>Glocken, Geister, Glasharmonika - Schweizer Musikzeitung<\/title>\n<meta name=\"description\" content=\"Das Schweizgen\u00f6ssisch-Festival vom 1. bis 3. August stellte Schweizer Musikproduktionen im Berliner Radialsystem vor.\" \/>\n<meta name=\"robots\" content=\"index, follow, max-snippet:-1, max-image-preview:large, max-video-preview:-1\" \/>\n<link rel=\"canonical\" href=\"https:\/\/www.musikzeitung.ch\/en\/berichte\/2014\/09\/glocken-geister-glasharmonika\/\" \/>\n<meta property=\"og:locale\" content=\"en_US\" \/>\n<meta property=\"og:type\" content=\"article\" \/>\n<meta property=\"og:title\" content=\"Glocken, Geister, Glasharmonika - Schweizer Musikzeitung\" \/>\n<meta property=\"og:description\" content=\"Das Schweizgen\u00f6ssisch-Festival vom 1. bis 3. August stellte Schweizer Musikproduktionen im Berliner Radialsystem vor.\" \/>\n<meta property=\"og:url\" content=\"https:\/\/www.musikzeitung.ch\/en\/berichte\/2014\/09\/glocken-geister-glasharmonika\/\" \/>\n<meta property=\"og:site_name\" content=\"Schweizer Musikzeitung\" \/>\n<meta property=\"article:publisher\" content=\"https:\/\/www.facebook.com\/SchweizerMusikzeitung\/\" \/>\n<meta property=\"article:published_time\" content=\"2014-09-02T23:00:00+00:00\" \/>\n<meta property=\"article:modified_time\" content=\"2025-08-06T15:22:35+00:00\" \/>\n<meta property=\"og:image\" content=\"https:\/\/www.musikzeitung.ch\/wp-content\/uploads\/2023\/01\/sg-7.jpg\" \/>\n\t<meta property=\"og:image:width\" content=\"554\" \/>\n\t<meta property=\"og:image:height\" content=\"369\" \/>\n\t<meta property=\"og:image:type\" content=\"image\/jpeg\" \/>\n<meta name=\"author\" content=\"Musikzeitung-Redaktion\" \/>\n<meta name=\"twitter:card\" content=\"summary_large_image\" \/>\n<meta name=\"twitter:creator\" content=\"@smusikzeitung\" \/>\n<meta name=\"twitter:site\" content=\"@smusikzeitung\" \/>\n<meta name=\"twitter:label1\" content=\"Written by\" \/>\n\t<meta name=\"twitter:data1\" content=\"Musikzeitung-Redaktion\" \/>\n\t<meta name=\"twitter:label2\" content=\"Est. reading time\" \/>\n\t<meta name=\"twitter:data2\" content=\"6 minutes\" \/>\n<script type=\"application\/ld+json\" class=\"yoast-schema-graph\">{\"@context\":\"https:\\\/\\\/schema.org\",\"@graph\":[{\"@type\":\"Article\",\"@id\":\"https:\\\/\\\/www.musikzeitung.ch\\\/berichte\\\/2014\\\/09\\\/glocken-geister-glasharmonika#article\",\"isPartOf\":{\"@id\":\"https:\\\/\\\/www.musikzeitung.ch\\\/berichte\\\/2014\\\/09\\\/glocken-geister-glasharmonika\"},\"author\":{\"name\":\"Musikzeitung-Redaktion\",\"@id\":\"https:\\\/\\\/www.musikzeitung.ch\\\/#\\\/schema\\\/person\\\/b2fd892c800856270b9dcc6001265712\"},\"headline\":\"Glocken, Geister, Glasharmonika\",\"datePublished\":\"2014-09-02T23:00:00+00:00\",\"dateModified\":\"2025-08-06T15:22:35+00:00\",\"mainEntityOfPage\":{\"@id\":\"https:\\\/\\\/www.musikzeitung.ch\\\/berichte\\\/2014\\\/09\\\/glocken-geister-glasharmonika\"},\"wordCount\":999,\"publisher\":{\"@id\":\"https:\\\/\\\/www.musikzeitung.ch\\\/#organization\"},\"image\":{\"@id\":\"https:\\\/\\\/www.musikzeitung.ch\\\/berichte\\\/2014\\\/09\\\/glocken-geister-glasharmonika#primaryimage\"},\"thumbnailUrl\":\"https:\\\/\\\/www.musikzeitung.ch\\\/wp-content\\\/uploads\\\/2023\\\/01\\\/sg-7.jpg\",\"keywords\":[\"Schweizgen\u00f6ssisch-Festival\"],\"articleSection\":[\"Auff\u00fchrungen\",\"Berichte\"],\"inLanguage\":\"en-US\"},{\"@type\":\"WebPage\",\"@id\":\"https:\\\/\\\/www.musikzeitung.ch\\\/berichte\\\/2014\\\/09\\\/glocken-geister-glasharmonika\",\"url\":\"https:\\\/\\\/www.musikzeitung.ch\\\/berichte\\\/2014\\\/09\\\/glocken-geister-glasharmonika\",\"name\":\"Glocken, Geister, Glasharmonika - Schweizer Musikzeitung\",\"isPartOf\":{\"@id\":\"https:\\\/\\\/www.musikzeitung.ch\\\/#website\"},\"primaryImageOfPage\":{\"@id\":\"https:\\\/\\\/www.musikzeitung.ch\\\/berichte\\\/2014\\\/09\\\/glocken-geister-glasharmonika#primaryimage\"},\"image\":{\"@id\":\"https:\\\/\\\/www.musikzeitung.ch\\\/berichte\\\/2014\\\/09\\\/glocken-geister-glasharmonika#primaryimage\"},\"thumbnailUrl\":\"https:\\\/\\\/www.musikzeitung.ch\\\/wp-content\\\/uploads\\\/2023\\\/01\\\/sg-7.jpg\",\"datePublished\":\"2014-09-02T23:00:00+00:00\",\"dateModified\":\"2025-08-06T15:22:35+00:00\",\"description\":\"Das Schweizgen\u00f6ssisch-Festival vom 1. bis 3. August stellte Schweizer Musikproduktionen im Berliner Radialsystem vor.\",\"breadcrumb\":{\"@id\":\"https:\\\/\\\/www.musikzeitung.ch\\\/berichte\\\/2014\\\/09\\\/glocken-geister-glasharmonika#breadcrumb\"},\"inLanguage\":\"en-US\",\"potentialAction\":[{\"@type\":\"ReadAction\",\"target\":[\"https:\\\/\\\/www.musikzeitung.ch\\\/berichte\\\/2014\\\/09\\\/glocken-geister-glasharmonika\"]}]},{\"@type\":\"ImageObject\",\"inLanguage\":\"en-US\",\"@id\":\"https:\\\/\\\/www.musikzeitung.ch\\\/berichte\\\/2014\\\/09\\\/glocken-geister-glasharmonika#primaryimage\",\"url\":\"https:\\\/\\\/www.musikzeitung.ch\\\/wp-content\\\/uploads\\\/2023\\\/01\\\/sg-7.jpg\",\"contentUrl\":\"https:\\\/\\\/www.musikzeitung.ch\\\/wp-content\\\/uploads\\\/2023\\\/01\\\/sg-7.jpg\",\"width\":554,\"height\":369},{\"@type\":\"BreadcrumbList\",\"@id\":\"https:\\\/\\\/www.musikzeitung.ch\\\/berichte\\\/2014\\\/09\\\/glocken-geister-glasharmonika#breadcrumb\",\"itemListElement\":[{\"@type\":\"ListItem\",\"position\":1,\"name\":\"Home\",\"item\":\"https:\\\/\\\/www.musikzeitung.ch\\\/\"},{\"@type\":\"ListItem\",\"position\":2,\"name\":\"Glocken, Geister, Glasharmonika\"}]},{\"@type\":\"WebSite\",\"@id\":\"https:\\\/\\\/www.musikzeitung.ch\\\/#website\",\"url\":\"https:\\\/\\\/www.musikzeitung.ch\\\/\",\"name\":\"Schweizer Musikzeitung\",\"description\":\"Die f\u00fchrende sparten\u00fcbergreifende Monatszeitung in der Schweiz f\u00fcr musikalische Fragen.\",\"publisher\":{\"@id\":\"https:\\\/\\\/www.musikzeitung.ch\\\/#organization\"},\"potentialAction\":[{\"@type\":\"SearchAction\",\"target\":{\"@type\":\"EntryPoint\",\"urlTemplate\":\"https:\\\/\\\/www.musikzeitung.ch\\\/?s={search_term_string}\"},\"query-input\":{\"@type\":\"PropertyValueSpecification\",\"valueRequired\":true,\"valueName\":\"search_term_string\"}}],\"inLanguage\":\"en-US\"},{\"@type\":\"Organization\",\"@id\":\"https:\\\/\\\/www.musikzeitung.ch\\\/#organization\",\"name\":\"Schweizer Musikzeitung\",\"url\":\"https:\\\/\\\/www.musikzeitung.ch\\\/\",\"logo\":{\"@type\":\"ImageObject\",\"inLanguage\":\"en-US\",\"@id\":\"https:\\\/\\\/www.musikzeitung.ch\\\/#\\\/schema\\\/logo\\\/image\\\/\",\"url\":\"https:\\\/\\\/www.musikzeitung.ch\\\/wp-content\\\/uploads\\\/2023\\\/01\\\/SMZ_Schriftzug_Sprache.png\",\"contentUrl\":\"https:\\\/\\\/www.musikzeitung.ch\\\/wp-content\\\/uploads\\\/2023\\\/01\\\/SMZ_Schriftzug_Sprache.png\",\"width\":1400,\"height\":279,\"caption\":\"Schweizer Musikzeitung\"},\"image\":{\"@id\":\"https:\\\/\\\/www.musikzeitung.ch\\\/#\\\/schema\\\/logo\\\/image\\\/\"},\"sameAs\":[\"https:\\\/\\\/www.facebook.com\\\/SchweizerMusikzeitung\\\/\",\"https:\\\/\\\/x.com\\\/smusikzeitung\",\"https:\\\/\\\/www.instagram.com\\\/musikzeitung.ch\\\/\"]},{\"@type\":\"Person\",\"@id\":\"https:\\\/\\\/www.musikzeitung.ch\\\/#\\\/schema\\\/person\\\/b2fd892c800856270b9dcc6001265712\",\"name\":\"Musikzeitung-Redaktion\",\"image\":{\"@type\":\"ImageObject\",\"inLanguage\":\"en-US\",\"@id\":\"https:\\\/\\\/www.musikzeitung.ch\\\/wp-content\\\/uploads\\\/2022\\\/05\\\/usericon_musikzeitung-96x96.jpg\",\"url\":\"https:\\\/\\\/www.musikzeitung.ch\\\/wp-content\\\/uploads\\\/2022\\\/05\\\/usericon_musikzeitung-96x96.jpg\",\"contentUrl\":\"https:\\\/\\\/www.musikzeitung.ch\\\/wp-content\\\/uploads\\\/2022\\\/05\\\/usericon_musikzeitung-96x96.jpg\",\"caption\":\"Musikzeitung-Redaktion\"},\"url\":\"https:\\\/\\\/www.musikzeitung.ch\\\/en\\\/author\\\/admin\"}]}<\/script>\n<!-- \/ Yoast SEO plugin. -->","yoast_head_json":{"title":"Bells, ghosts, glass harmonica - Schweizer Musikzeitung","description":"The Swiss Swiss Festival from August 1 to 3 presented Swiss music productions at the Radialsystem in Berlin.","robots":{"index":"index","follow":"follow","max-snippet":"max-snippet:-1","max-image-preview":"max-image-preview:large","max-video-preview":"max-video-preview:-1"},"canonical":"https:\/\/www.musikzeitung.ch\/en\/berichte\/2014\/09\/glocken-geister-glasharmonika\/","og_locale":"en_US","og_type":"article","og_title":"Glocken, Geister, Glasharmonika - Schweizer Musikzeitung","og_description":"Das Schweizgen\u00f6ssisch-Festival vom 1. bis 3. August stellte Schweizer Musikproduktionen im Berliner Radialsystem vor.","og_url":"https:\/\/www.musikzeitung.ch\/en\/berichte\/2014\/09\/glocken-geister-glasharmonika\/","og_site_name":"Schweizer Musikzeitung","article_publisher":"https:\/\/www.facebook.com\/SchweizerMusikzeitung\/","article_published_time":"2014-09-02T23:00:00+00:00","article_modified_time":"2025-08-06T15:22:35+00:00","og_image":[{"width":554,"height":369,"url":"https:\/\/www.musikzeitung.ch\/wp-content\/uploads\/2023\/01\/sg-7.jpg","type":"image\/jpeg"}],"author":"Musikzeitung-Redaktion","twitter_card":"summary_large_image","twitter_creator":"@smusikzeitung","twitter_site":"@smusikzeitung","twitter_misc":{"Written by":"Musikzeitung-Redaktion","Est. reading time":"6 minutes"},"schema":{"@context":"https:\/\/schema.org","@graph":[{"@type":"Article","@id":"https:\/\/www.musikzeitung.ch\/berichte\/2014\/09\/glocken-geister-glasharmonika#article","isPartOf":{"@id":"https:\/\/www.musikzeitung.ch\/berichte\/2014\/09\/glocken-geister-glasharmonika"},"author":{"name":"Musikzeitung-Redaktion","@id":"https:\/\/www.musikzeitung.ch\/#\/schema\/person\/b2fd892c800856270b9dcc6001265712"},"headline":"Glocken, Geister, Glasharmonika","datePublished":"2014-09-02T23:00:00+00:00","dateModified":"2025-08-06T15:22:35+00:00","mainEntityOfPage":{"@id":"https:\/\/www.musikzeitung.ch\/berichte\/2014\/09\/glocken-geister-glasharmonika"},"wordCount":999,"publisher":{"@id":"https:\/\/www.musikzeitung.ch\/#organization"},"image":{"@id":"https:\/\/www.musikzeitung.ch\/berichte\/2014\/09\/glocken-geister-glasharmonika#primaryimage"},"thumbnailUrl":"https:\/\/www.musikzeitung.ch\/wp-content\/uploads\/2023\/01\/sg-7.jpg","keywords":["Schweizgen\u00f6ssisch-Festival"],"articleSection":["Auff\u00fchrungen","Berichte"],"inLanguage":"en-US"},{"@type":"WebPage","@id":"https:\/\/www.musikzeitung.ch\/berichte\/2014\/09\/glocken-geister-glasharmonika","url":"https:\/\/www.musikzeitung.ch\/berichte\/2014\/09\/glocken-geister-glasharmonika","name":"Bells, ghosts, glass harmonica - Schweizer Musikzeitung","isPartOf":{"@id":"https:\/\/www.musikzeitung.ch\/#website"},"primaryImageOfPage":{"@id":"https:\/\/www.musikzeitung.ch\/berichte\/2014\/09\/glocken-geister-glasharmonika#primaryimage"},"image":{"@id":"https:\/\/www.musikzeitung.ch\/berichte\/2014\/09\/glocken-geister-glasharmonika#primaryimage"},"thumbnailUrl":"https:\/\/www.musikzeitung.ch\/wp-content\/uploads\/2023\/01\/sg-7.jpg","datePublished":"2014-09-02T23:00:00+00:00","dateModified":"2025-08-06T15:22:35+00:00","description":"The Swiss Swiss Festival from August 1 to 3 presented Swiss music productions at the Radialsystem in Berlin.","breadcrumb":{"@id":"https:\/\/www.musikzeitung.ch\/berichte\/2014\/09\/glocken-geister-glasharmonika#breadcrumb"},"inLanguage":"en-US","potentialAction":[{"@type":"ReadAction","target":["https:\/\/www.musikzeitung.ch\/berichte\/2014\/09\/glocken-geister-glasharmonika"]}]},{"@type":"ImageObject","inLanguage":"en-US","@id":"https:\/\/www.musikzeitung.ch\/berichte\/2014\/09\/glocken-geister-glasharmonika#primaryimage","url":"https:\/\/www.musikzeitung.ch\/wp-content\/uploads\/2023\/01\/sg-7.jpg","contentUrl":"https:\/\/www.musikzeitung.ch\/wp-content\/uploads\/2023\/01\/sg-7.jpg","width":554,"height":369},{"@type":"BreadcrumbList","@id":"https:\/\/www.musikzeitung.ch\/berichte\/2014\/09\/glocken-geister-glasharmonika#breadcrumb","itemListElement":[{"@type":"ListItem","position":1,"name":"Home","item":"https:\/\/www.musikzeitung.ch\/"},{"@type":"ListItem","position":2,"name":"Glocken, Geister, Glasharmonika"}]},{"@type":"WebSite","@id":"https:\/\/www.musikzeitung.ch\/#website","url":"https:\/\/www.musikzeitung.ch\/","name":"Swiss Music Newspaper","description":"The leading interdisciplinary monthly newspaper in Switzerland for musical issues.","publisher":{"@id":"https:\/\/www.musikzeitung.ch\/#organization"},"potentialAction":[{"@type":"SearchAction","target":{"@type":"EntryPoint","urlTemplate":"https:\/\/www.musikzeitung.ch\/?s={search_term_string}"},"query-input":{"@type":"PropertyValueSpecification","valueRequired":true,"valueName":"search_term_string"}}],"inLanguage":"en-US"},{"@type":"Organization","@id":"https:\/\/www.musikzeitung.ch\/#organization","name":"Swiss Music Newspaper","url":"https:\/\/www.musikzeitung.ch\/","logo":{"@type":"ImageObject","inLanguage":"en-US","@id":"https:\/\/www.musikzeitung.ch\/#\/schema\/logo\/image\/","url":"https:\/\/www.musikzeitung.ch\/wp-content\/uploads\/2023\/01\/SMZ_Schriftzug_Sprache.png","contentUrl":"https:\/\/www.musikzeitung.ch\/wp-content\/uploads\/2023\/01\/SMZ_Schriftzug_Sprache.png","width":1400,"height":279,"caption":"Schweizer Musikzeitung"},"image":{"@id":"https:\/\/www.musikzeitung.ch\/#\/schema\/logo\/image\/"},"sameAs":["https:\/\/www.facebook.com\/SchweizerMusikzeitung\/","https:\/\/x.com\/smusikzeitung","https:\/\/www.instagram.com\/musikzeitung.ch\/"]},{"@type":"Person","@id":"https:\/\/www.musikzeitung.ch\/#\/schema\/person\/b2fd892c800856270b9dcc6001265712","name":"Music newspaper editorial office","image":{"@type":"ImageObject","inLanguage":"en-US","@id":"https:\/\/www.musikzeitung.ch\/wp-content\/uploads\/2022\/05\/usericon_musikzeitung-96x96.jpg","url":"https:\/\/www.musikzeitung.ch\/wp-content\/uploads\/2022\/05\/usericon_musikzeitung-96x96.jpg","contentUrl":"https:\/\/www.musikzeitung.ch\/wp-content\/uploads\/2022\/05\/usericon_musikzeitung-96x96.jpg","caption":"Musikzeitung-Redaktion"},"url":"https:\/\/www.musikzeitung.ch\/en\/author\/admin"}]}},"publishpress_future_workflow_manual_trigger":{"enabledWorkflows":[]},"_links":{"self":[{"href":"https:\/\/www.musikzeitung.ch\/en\/wp-json\/wp\/v2\/posts\/8898","targetHints":{"allow":["GET"]}}],"collection":[{"href":"https:\/\/www.musikzeitung.ch\/en\/wp-json\/wp\/v2\/posts"}],"about":[{"href":"https:\/\/www.musikzeitung.ch\/en\/wp-json\/wp\/v2\/types\/post"}],"author":[{"embeddable":true,"href":"https:\/\/www.musikzeitung.ch\/en\/wp-json\/wp\/v2\/users\/1"}],"replies":[{"embeddable":true,"href":"https:\/\/www.musikzeitung.ch\/en\/wp-json\/wp\/v2\/comments?post=8898"}],"version-history":[{"count":2,"href":"https:\/\/www.musikzeitung.ch\/en\/wp-json\/wp\/v2\/posts\/8898\/revisions"}],"predecessor-version":[{"id":66739,"href":"https:\/\/www.musikzeitung.ch\/en\/wp-json\/wp\/v2\/posts\/8898\/revisions\/66739"}],"wp:featuredmedia":[{"embeddable":true,"href":"https:\/\/www.musikzeitung.ch\/en\/wp-json\/wp\/v2\/media\/8899"}],"wp:attachment":[{"href":"https:\/\/www.musikzeitung.ch\/en\/wp-json\/wp\/v2\/media?parent=8898"}],"wp:term":[{"taxonomy":"category","embeddable":true,"href":"https:\/\/www.musikzeitung.ch\/en\/wp-json\/wp\/v2\/categories?post=8898"},{"taxonomy":"post_tag","embeddable":true,"href":"https:\/\/www.musikzeitung.ch\/en\/wp-json\/wp\/v2\/tags?post=8898"}],"curies":[{"name":"wp","href":"https:\/\/api.w.org\/{rel}","templated":true}]}}