{"id":9022,"date":"2014-07-03T00:00:00","date_gmt":"2014-07-02T23:00:00","guid":{"rendered":"https:\/\/www.musikzeitung.ch\/allgemein\/die-kontinuitaet-der-tonalitaet\/"},"modified":"2025-07-09T15:50:26","modified_gmt":"2025-07-09T13:50:26","slug":"die-kontinuitaet-der-tonalitaet","status":"publish","type":"post","link":"https:\/\/www.musikzeitung.ch\/en\/berichte\/2014\/07\/die-kontinuitaet-der-tonalitaet","title":{"rendered":"The continuity of tonality"},"content":{"rendered":"<figure style=\"width: 554px\" class=\"wp-caption alignnone\"><img loading=\"lazy\" decoding=\"async\" src=\"https:\/\/www.musikzeitung.ch\/wp-content\/uploads\/2023\/01\/tb-1.jpg\" alt=\"\" width=\"554\" height=\"356\" \/><figcaption class=\"wp-caption-text\">Detail from the conference flyer. Image: Annette Ahrend, wortbildbuero.de<\/figcaption><\/figure>\n<div class=\"text-section\">\n<p>Tonality is a central buzzword in the debates about musical modernism. Various parties argue about the evaluation of tonality for the compositional practice of the late 20th and early 21st centuries - the positions range from an upgrading to a fighting concept to a world view to the complete negation of its relevance.<\/p>\n<h3>Analyze processes<\/h3>\n<p>At the end of May, an international conference at the Institute of Musicology at the University of Basel addressed this area of tension; it was a continuation of the conference held in North Carolina in 2010 on the subject of tonality before 1950 (the conference proceedings were published in 2012 under the title <em>Tonality 1900-1950. Concept and Practice<\/em> published by Verlag Franz Steiner, Stuttgart). In Basel, there was no longer just talk of the concept and practice of tonality, but also of the tonality system, of tonality as a metaphor, of tonality as utopia, as Wolfgang Rathert stated in his opening lecture. Tonality always appears as the result of culturally shaped and at the same time highly individual processes of appropriation and transformation; and the conference set itself the goal of analyzing these processes.<\/p>\n<p>Ulrich Scheideler, for example, explained how inherent tonality is for Hans-Werner Henze's compositions, how the tonal islands (or quotations) are conceived in an atonal environment, isolated like blocks or covered with a double layer. Wolfgang Rathert used the example of Hindemith's opera <em>Harmony of the world<\/em> a tonality of relations. Hindemith does not specify an interval quality, but only tonal building blocks that can be used to construct different tonalities. Hindemith understands tonality as functionality. Tonality is any system that is self-contained; atonality is indicated when functionality is dispensed with - or it is not possible to create it.<\/p>\n<p>The appropriation processes of well-known composers such as Luigi Nono (funnel-shaped, diverging all-interval rows), Gy\u00f6rgy Ligeti (non-tonal diatonicism) and Leonard Bernstein (integral tonality) were just as much a topic as individual US composers who have received little attention in this country. George Rochberg (1918-2005), for example, after an atonal and also strictly twelve-tone phase, turned to a total, almost Schubertian tonality in his 3rd String Quartet between polystylistic movements in the 3rd movement - and thus earned himself the accusation that he had betrayed the ideals of modernism, as Felix Meyer reported. Felix W\u00f6rner used Thomas Ad\u00e9s' <em>Piano Quintet<\/em> op. 20 from the year 2000 shows that tonality also occurs in the latest music, namely through newly developed constellations and relationships between harmonic poles.<\/p>\n<h3>Tonality - Atonality<\/h3>\n<p>Markus B\u00f6ggemann illustrated just how combative the struggle over tonality and atonality has sometimes been, right up to the feature pages. He quoted the musicologist Friedrich Blume, who in 1958 still considered tonality to be an elementary characteristic of music based on the common natural stock of tones.<\/p>\n<p>In pop music, tonality is the basis, atonality the aberration; nevertheless, both can be found and cannot always be clearly classified. Simon Obert reflected on what tonality actually means when no cadence, no leading tone can be related to a major-minor tonality, when tonality consists of the cyclical nature of chord patterns that do not follow any harmonic logic, but merely arrange chords in a metric structure (for example in<em> Don't Forget Me<\/em> of the Red Hot Chili Peppers from 2002), in short: whether \"tonality without a center\" is conceivable.<\/p>\n<p>Ulrich Mosch stated that tonality fundamentally requires a center as a reference system; only through this is tonal harmony able to construct far greater contexts than atonal, serial music. However, the omnipresent flood of major-minor tonality makes it almost impossible to decide whether this type of tonality is a natural basis or a cultural transformation - which already suggests a possible next conference topic.\n<\/p><\/div>","protected":false},"excerpt":{"rendered":"<p><strong>An international conference at the Institute of Musicology at the University of Basel dealt with the phenomenon of tonality after 1950. <\/strong><\/p>","protected":false},"author":1,"featured_media":9023,"comment_status":"closed","ping_status":"closed","sticky":false,"template":"","format":"standard","meta":{"_acf_changed":false,"_relevanssi_hide_post":"","_relevanssi_hide_content":"","_relevanssi_pin_for_all":"","_relevanssi_pin_keywords":"","_relevanssi_unpin_keywords":"","_relevanssi_related_keywords":"","_relevanssi_related_include_ids":"","_relevanssi_related_exclude_ids":"","_relevanssi_related_no_append":"","_relevanssi_related_not_related":"","_relevanssi_related_posts":"","_relevanssi_noindex_reason":"","pgc_sgb_lightbox_settings":"","footnotes":""},"categories":[28,1540],"tags":[5112,5111,5110],"class_list":["post-9022","post","type-post","status-publish","format-standard","has-post-thumbnail","hentry","category-berichte","category-tagungen","tag-atonalitaet","tag-musikalische-moderne","tag-tonalitaet"],"acf":[],"yoast_head":"<!-- This site is optimized with the Yoast SEO plugin v27.4 - https:\/\/yoast.com\/product\/yoast-seo-wordpress\/ -->\n<title>Die Kontinuit\u00e4t der Tonalit\u00e4t - Schweizer Musikzeitung<\/title>\n<meta name=\"description\" content=\"Eine internationale Konferenz am Musikwissenschaftlichen Institut der Universit\u00e4t Basel besch\u00e4ftigte sich mit dem Ph\u00e4nomen der Tonalit\u00e4t nach 1950.\" \/>\n<meta name=\"robots\" content=\"index, follow, max-snippet:-1, max-image-preview:large, max-video-preview:-1\" \/>\n<link rel=\"canonical\" href=\"https:\/\/www.musikzeitung.ch\/en\/berichte\/2014\/07\/die-kontinuitaet-der-tonalitaet\/\" \/>\n<meta property=\"og:locale\" content=\"en_US\" \/>\n<meta property=\"og:type\" content=\"article\" \/>\n<meta property=\"og:title\" content=\"Die Kontinuit\u00e4t der Tonalit\u00e4t - Schweizer Musikzeitung\" \/>\n<meta property=\"og:description\" content=\"Eine internationale Konferenz am Musikwissenschaftlichen Institut der Universit\u00e4t Basel besch\u00e4ftigte sich mit dem Ph\u00e4nomen der Tonalit\u00e4t nach 1950.\" \/>\n<meta property=\"og:url\" content=\"https:\/\/www.musikzeitung.ch\/en\/berichte\/2014\/07\/die-kontinuitaet-der-tonalitaet\/\" \/>\n<meta property=\"og:site_name\" content=\"Schweizer Musikzeitung\" \/>\n<meta property=\"article:publisher\" content=\"https:\/\/www.facebook.com\/SchweizerMusikzeitung\/\" \/>\n<meta property=\"article:published_time\" content=\"2014-07-02T23:00:00+00:00\" \/>\n<meta property=\"article:modified_time\" content=\"2025-07-09T13:50:26+00:00\" \/>\n<meta property=\"og:image\" content=\"https:\/\/www.musikzeitung.ch\/wp-content\/uploads\/2023\/01\/tb-1.jpg\" \/>\n\t<meta property=\"og:image:width\" content=\"554\" \/>\n\t<meta property=\"og:image:height\" content=\"356\" \/>\n\t<meta property=\"og:image:type\" content=\"image\/jpeg\" \/>\n<meta name=\"author\" content=\"Musikzeitung-Redaktion\" \/>\n<meta name=\"twitter:card\" content=\"summary_large_image\" \/>\n<meta name=\"twitter:creator\" content=\"@smusikzeitung\" \/>\n<meta name=\"twitter:site\" content=\"@smusikzeitung\" \/>\n<meta name=\"twitter:label1\" content=\"Written by\" \/>\n\t<meta name=\"twitter:data1\" content=\"Musikzeitung-Redaktion\" \/>\n\t<meta name=\"twitter:label2\" content=\"Est. reading time\" \/>\n\t<meta name=\"twitter:data2\" content=\"4 minutes\" \/>\n<script type=\"application\/ld+json\" class=\"yoast-schema-graph\">{\"@context\":\"https:\\\/\\\/schema.org\",\"@graph\":[{\"@type\":\"Article\",\"@id\":\"https:\\\/\\\/www.musikzeitung.ch\\\/berichte\\\/2014\\\/07\\\/die-kontinuitaet-der-tonalitaet#article\",\"isPartOf\":{\"@id\":\"https:\\\/\\\/www.musikzeitung.ch\\\/berichte\\\/2014\\\/07\\\/die-kontinuitaet-der-tonalitaet\"},\"author\":{\"name\":\"Musikzeitung-Redaktion\",\"@id\":\"https:\\\/\\\/www.musikzeitung.ch\\\/#\\\/schema\\\/person\\\/b2fd892c800856270b9dcc6001265712\"},\"headline\":\"Die Kontinuit\u00e4t der Tonalit\u00e4t\",\"datePublished\":\"2014-07-02T23:00:00+00:00\",\"dateModified\":\"2025-07-09T13:50:26+00:00\",\"mainEntityOfPage\":{\"@id\":\"https:\\\/\\\/www.musikzeitung.ch\\\/berichte\\\/2014\\\/07\\\/die-kontinuitaet-der-tonalitaet\"},\"wordCount\":635,\"publisher\":{\"@id\":\"https:\\\/\\\/www.musikzeitung.ch\\\/#organization\"},\"image\":{\"@id\":\"https:\\\/\\\/www.musikzeitung.ch\\\/berichte\\\/2014\\\/07\\\/die-kontinuitaet-der-tonalitaet#primaryimage\"},\"thumbnailUrl\":\"https:\\\/\\\/www.musikzeitung.ch\\\/wp-content\\\/uploads\\\/2023\\\/01\\\/tb-1.jpg\",\"keywords\":[\"Atonalit\u00e4t\",\"musikalische Moderne\",\"Tonalit\u00e4t\"],\"articleSection\":[\"Berichte\",\"Tagungen\"],\"inLanguage\":\"en-US\"},{\"@type\":\"WebPage\",\"@id\":\"https:\\\/\\\/www.musikzeitung.ch\\\/berichte\\\/2014\\\/07\\\/die-kontinuitaet-der-tonalitaet\",\"url\":\"https:\\\/\\\/www.musikzeitung.ch\\\/berichte\\\/2014\\\/07\\\/die-kontinuitaet-der-tonalitaet\",\"name\":\"Die Kontinuit\u00e4t der Tonalit\u00e4t - Schweizer Musikzeitung\",\"isPartOf\":{\"@id\":\"https:\\\/\\\/www.musikzeitung.ch\\\/#website\"},\"primaryImageOfPage\":{\"@id\":\"https:\\\/\\\/www.musikzeitung.ch\\\/berichte\\\/2014\\\/07\\\/die-kontinuitaet-der-tonalitaet#primaryimage\"},\"image\":{\"@id\":\"https:\\\/\\\/www.musikzeitung.ch\\\/berichte\\\/2014\\\/07\\\/die-kontinuitaet-der-tonalitaet#primaryimage\"},\"thumbnailUrl\":\"https:\\\/\\\/www.musikzeitung.ch\\\/wp-content\\\/uploads\\\/2023\\\/01\\\/tb-1.jpg\",\"datePublished\":\"2014-07-02T23:00:00+00:00\",\"dateModified\":\"2025-07-09T13:50:26+00:00\",\"description\":\"Eine internationale Konferenz am Musikwissenschaftlichen Institut der Universit\u00e4t Basel besch\u00e4ftigte sich mit dem Ph\u00e4nomen der Tonalit\u00e4t nach 1950.\",\"breadcrumb\":{\"@id\":\"https:\\\/\\\/www.musikzeitung.ch\\\/berichte\\\/2014\\\/07\\\/die-kontinuitaet-der-tonalitaet#breadcrumb\"},\"inLanguage\":\"en-US\",\"potentialAction\":[{\"@type\":\"ReadAction\",\"target\":[\"https:\\\/\\\/www.musikzeitung.ch\\\/berichte\\\/2014\\\/07\\\/die-kontinuitaet-der-tonalitaet\"]}]},{\"@type\":\"ImageObject\",\"inLanguage\":\"en-US\",\"@id\":\"https:\\\/\\\/www.musikzeitung.ch\\\/berichte\\\/2014\\\/07\\\/die-kontinuitaet-der-tonalitaet#primaryimage\",\"url\":\"https:\\\/\\\/www.musikzeitung.ch\\\/wp-content\\\/uploads\\\/2023\\\/01\\\/tb-1.jpg\",\"contentUrl\":\"https:\\\/\\\/www.musikzeitung.ch\\\/wp-content\\\/uploads\\\/2023\\\/01\\\/tb-1.jpg\",\"width\":554,\"height\":356},{\"@type\":\"BreadcrumbList\",\"@id\":\"https:\\\/\\\/www.musikzeitung.ch\\\/berichte\\\/2014\\\/07\\\/die-kontinuitaet-der-tonalitaet#breadcrumb\",\"itemListElement\":[{\"@type\":\"ListItem\",\"position\":1,\"name\":\"Home\",\"item\":\"https:\\\/\\\/www.musikzeitung.ch\\\/\"},{\"@type\":\"ListItem\",\"position\":2,\"name\":\"Die Kontinuit\u00e4t der Tonalit\u00e4t\"}]},{\"@type\":\"WebSite\",\"@id\":\"https:\\\/\\\/www.musikzeitung.ch\\\/#website\",\"url\":\"https:\\\/\\\/www.musikzeitung.ch\\\/\",\"name\":\"Schweizer Musikzeitung\",\"description\":\"Die f\u00fchrende sparten\u00fcbergreifende Monatszeitung in der Schweiz f\u00fcr musikalische Fragen.\",\"publisher\":{\"@id\":\"https:\\\/\\\/www.musikzeitung.ch\\\/#organization\"},\"potentialAction\":[{\"@type\":\"SearchAction\",\"target\":{\"@type\":\"EntryPoint\",\"urlTemplate\":\"https:\\\/\\\/www.musikzeitung.ch\\\/?s={search_term_string}\"},\"query-input\":{\"@type\":\"PropertyValueSpecification\",\"valueRequired\":true,\"valueName\":\"search_term_string\"}}],\"inLanguage\":\"en-US\"},{\"@type\":\"Organization\",\"@id\":\"https:\\\/\\\/www.musikzeitung.ch\\\/#organization\",\"name\":\"Schweizer Musikzeitung\",\"url\":\"https:\\\/\\\/www.musikzeitung.ch\\\/\",\"logo\":{\"@type\":\"ImageObject\",\"inLanguage\":\"en-US\",\"@id\":\"https:\\\/\\\/www.musikzeitung.ch\\\/#\\\/schema\\\/logo\\\/image\\\/\",\"url\":\"https:\\\/\\\/www.musikzeitung.ch\\\/wp-content\\\/uploads\\\/2023\\\/01\\\/SMZ_Schriftzug_Sprache.png\",\"contentUrl\":\"https:\\\/\\\/www.musikzeitung.ch\\\/wp-content\\\/uploads\\\/2023\\\/01\\\/SMZ_Schriftzug_Sprache.png\",\"width\":1400,\"height\":279,\"caption\":\"Schweizer Musikzeitung\"},\"image\":{\"@id\":\"https:\\\/\\\/www.musikzeitung.ch\\\/#\\\/schema\\\/logo\\\/image\\\/\"},\"sameAs\":[\"https:\\\/\\\/www.facebook.com\\\/SchweizerMusikzeitung\\\/\",\"https:\\\/\\\/x.com\\\/smusikzeitung\",\"https:\\\/\\\/www.instagram.com\\\/musikzeitung.ch\\\/\"]},{\"@type\":\"Person\",\"@id\":\"https:\\\/\\\/www.musikzeitung.ch\\\/#\\\/schema\\\/person\\\/b2fd892c800856270b9dcc6001265712\",\"name\":\"Musikzeitung-Redaktion\",\"image\":{\"@type\":\"ImageObject\",\"inLanguage\":\"en-US\",\"@id\":\"https:\\\/\\\/www.musikzeitung.ch\\\/wp-content\\\/uploads\\\/2022\\\/05\\\/usericon_musikzeitung-96x96.jpg\",\"url\":\"https:\\\/\\\/www.musikzeitung.ch\\\/wp-content\\\/uploads\\\/2022\\\/05\\\/usericon_musikzeitung-96x96.jpg\",\"contentUrl\":\"https:\\\/\\\/www.musikzeitung.ch\\\/wp-content\\\/uploads\\\/2022\\\/05\\\/usericon_musikzeitung-96x96.jpg\",\"caption\":\"Musikzeitung-Redaktion\"},\"url\":\"https:\\\/\\\/www.musikzeitung.ch\\\/en\\\/author\\\/admin\"}]}<\/script>\n<!-- \/ Yoast SEO plugin. -->","yoast_head_json":{"title":"The continuity of tonality - Schweizer Musikzeitung","description":"An international conference at the Institute of Musicology at the University of Basel dealt with the phenomenon of tonality after 1950.","robots":{"index":"index","follow":"follow","max-snippet":"max-snippet:-1","max-image-preview":"max-image-preview:large","max-video-preview":"max-video-preview:-1"},"canonical":"https:\/\/www.musikzeitung.ch\/en\/berichte\/2014\/07\/die-kontinuitaet-der-tonalitaet\/","og_locale":"en_US","og_type":"article","og_title":"Die Kontinuit\u00e4t der Tonalit\u00e4t - Schweizer Musikzeitung","og_description":"Eine internationale Konferenz am Musikwissenschaftlichen Institut der Universit\u00e4t Basel besch\u00e4ftigte sich mit dem Ph\u00e4nomen der Tonalit\u00e4t nach 1950.","og_url":"https:\/\/www.musikzeitung.ch\/en\/berichte\/2014\/07\/die-kontinuitaet-der-tonalitaet\/","og_site_name":"Schweizer Musikzeitung","article_publisher":"https:\/\/www.facebook.com\/SchweizerMusikzeitung\/","article_published_time":"2014-07-02T23:00:00+00:00","article_modified_time":"2025-07-09T13:50:26+00:00","og_image":[{"width":554,"height":356,"url":"https:\/\/www.musikzeitung.ch\/wp-content\/uploads\/2023\/01\/tb-1.jpg","type":"image\/jpeg"}],"author":"Musikzeitung-Redaktion","twitter_card":"summary_large_image","twitter_creator":"@smusikzeitung","twitter_site":"@smusikzeitung","twitter_misc":{"Written by":"Musikzeitung-Redaktion","Est. reading time":"4 minutes"},"schema":{"@context":"https:\/\/schema.org","@graph":[{"@type":"Article","@id":"https:\/\/www.musikzeitung.ch\/berichte\/2014\/07\/die-kontinuitaet-der-tonalitaet#article","isPartOf":{"@id":"https:\/\/www.musikzeitung.ch\/berichte\/2014\/07\/die-kontinuitaet-der-tonalitaet"},"author":{"name":"Musikzeitung-Redaktion","@id":"https:\/\/www.musikzeitung.ch\/#\/schema\/person\/b2fd892c800856270b9dcc6001265712"},"headline":"Die Kontinuit\u00e4t der Tonalit\u00e4t","datePublished":"2014-07-02T23:00:00+00:00","dateModified":"2025-07-09T13:50:26+00:00","mainEntityOfPage":{"@id":"https:\/\/www.musikzeitung.ch\/berichte\/2014\/07\/die-kontinuitaet-der-tonalitaet"},"wordCount":635,"publisher":{"@id":"https:\/\/www.musikzeitung.ch\/#organization"},"image":{"@id":"https:\/\/www.musikzeitung.ch\/berichte\/2014\/07\/die-kontinuitaet-der-tonalitaet#primaryimage"},"thumbnailUrl":"https:\/\/www.musikzeitung.ch\/wp-content\/uploads\/2023\/01\/tb-1.jpg","keywords":["Atonalit\u00e4t","musikalische Moderne","Tonalit\u00e4t"],"articleSection":["Berichte","Tagungen"],"inLanguage":"en-US"},{"@type":"WebPage","@id":"https:\/\/www.musikzeitung.ch\/berichte\/2014\/07\/die-kontinuitaet-der-tonalitaet","url":"https:\/\/www.musikzeitung.ch\/berichte\/2014\/07\/die-kontinuitaet-der-tonalitaet","name":"The continuity of tonality - Schweizer Musikzeitung","isPartOf":{"@id":"https:\/\/www.musikzeitung.ch\/#website"},"primaryImageOfPage":{"@id":"https:\/\/www.musikzeitung.ch\/berichte\/2014\/07\/die-kontinuitaet-der-tonalitaet#primaryimage"},"image":{"@id":"https:\/\/www.musikzeitung.ch\/berichte\/2014\/07\/die-kontinuitaet-der-tonalitaet#primaryimage"},"thumbnailUrl":"https:\/\/www.musikzeitung.ch\/wp-content\/uploads\/2023\/01\/tb-1.jpg","datePublished":"2014-07-02T23:00:00+00:00","dateModified":"2025-07-09T13:50:26+00:00","description":"An international conference at the Institute of Musicology at the University of Basel dealt with the phenomenon of tonality after 1950.","breadcrumb":{"@id":"https:\/\/www.musikzeitung.ch\/berichte\/2014\/07\/die-kontinuitaet-der-tonalitaet#breadcrumb"},"inLanguage":"en-US","potentialAction":[{"@type":"ReadAction","target":["https:\/\/www.musikzeitung.ch\/berichte\/2014\/07\/die-kontinuitaet-der-tonalitaet"]}]},{"@type":"ImageObject","inLanguage":"en-US","@id":"https:\/\/www.musikzeitung.ch\/berichte\/2014\/07\/die-kontinuitaet-der-tonalitaet#primaryimage","url":"https:\/\/www.musikzeitung.ch\/wp-content\/uploads\/2023\/01\/tb-1.jpg","contentUrl":"https:\/\/www.musikzeitung.ch\/wp-content\/uploads\/2023\/01\/tb-1.jpg","width":554,"height":356},{"@type":"BreadcrumbList","@id":"https:\/\/www.musikzeitung.ch\/berichte\/2014\/07\/die-kontinuitaet-der-tonalitaet#breadcrumb","itemListElement":[{"@type":"ListItem","position":1,"name":"Home","item":"https:\/\/www.musikzeitung.ch\/"},{"@type":"ListItem","position":2,"name":"Die Kontinuit\u00e4t der Tonalit\u00e4t"}]},{"@type":"WebSite","@id":"https:\/\/www.musikzeitung.ch\/#website","url":"https:\/\/www.musikzeitung.ch\/","name":"Swiss Music Newspaper","description":"The leading interdisciplinary monthly newspaper in Switzerland for musical issues.","publisher":{"@id":"https:\/\/www.musikzeitung.ch\/#organization"},"potentialAction":[{"@type":"SearchAction","target":{"@type":"EntryPoint","urlTemplate":"https:\/\/www.musikzeitung.ch\/?s={search_term_string}"},"query-input":{"@type":"PropertyValueSpecification","valueRequired":true,"valueName":"search_term_string"}}],"inLanguage":"en-US"},{"@type":"Organization","@id":"https:\/\/www.musikzeitung.ch\/#organization","name":"Swiss Music Newspaper","url":"https:\/\/www.musikzeitung.ch\/","logo":{"@type":"ImageObject","inLanguage":"en-US","@id":"https:\/\/www.musikzeitung.ch\/#\/schema\/logo\/image\/","url":"https:\/\/www.musikzeitung.ch\/wp-content\/uploads\/2023\/01\/SMZ_Schriftzug_Sprache.png","contentUrl":"https:\/\/www.musikzeitung.ch\/wp-content\/uploads\/2023\/01\/SMZ_Schriftzug_Sprache.png","width":1400,"height":279,"caption":"Schweizer Musikzeitung"},"image":{"@id":"https:\/\/www.musikzeitung.ch\/#\/schema\/logo\/image\/"},"sameAs":["https:\/\/www.facebook.com\/SchweizerMusikzeitung\/","https:\/\/x.com\/smusikzeitung","https:\/\/www.instagram.com\/musikzeitung.ch\/"]},{"@type":"Person","@id":"https:\/\/www.musikzeitung.ch\/#\/schema\/person\/b2fd892c800856270b9dcc6001265712","name":"Music newspaper editorial office","image":{"@type":"ImageObject","inLanguage":"en-US","@id":"https:\/\/www.musikzeitung.ch\/wp-content\/uploads\/2022\/05\/usericon_musikzeitung-96x96.jpg","url":"https:\/\/www.musikzeitung.ch\/wp-content\/uploads\/2022\/05\/usericon_musikzeitung-96x96.jpg","contentUrl":"https:\/\/www.musikzeitung.ch\/wp-content\/uploads\/2022\/05\/usericon_musikzeitung-96x96.jpg","caption":"Musikzeitung-Redaktion"},"url":"https:\/\/www.musikzeitung.ch\/en\/author\/admin"}]}},"publishpress_future_workflow_manual_trigger":{"enabledWorkflows":[]},"_links":{"self":[{"href":"https:\/\/www.musikzeitung.ch\/en\/wp-json\/wp\/v2\/posts\/9022","targetHints":{"allow":["GET"]}}],"collection":[{"href":"https:\/\/www.musikzeitung.ch\/en\/wp-json\/wp\/v2\/posts"}],"about":[{"href":"https:\/\/www.musikzeitung.ch\/en\/wp-json\/wp\/v2\/types\/post"}],"author":[{"embeddable":true,"href":"https:\/\/www.musikzeitung.ch\/en\/wp-json\/wp\/v2\/users\/1"}],"replies":[{"embeddable":true,"href":"https:\/\/www.musikzeitung.ch\/en\/wp-json\/wp\/v2\/comments?post=9022"}],"version-history":[{"count":2,"href":"https:\/\/www.musikzeitung.ch\/en\/wp-json\/wp\/v2\/posts\/9022\/revisions"}],"predecessor-version":[{"id":66232,"href":"https:\/\/www.musikzeitung.ch\/en\/wp-json\/wp\/v2\/posts\/9022\/revisions\/66232"}],"wp:featuredmedia":[{"embeddable":true,"href":"https:\/\/www.musikzeitung.ch\/en\/wp-json\/wp\/v2\/media\/9023"}],"wp:attachment":[{"href":"https:\/\/www.musikzeitung.ch\/en\/wp-json\/wp\/v2\/media?parent=9022"}],"wp:term":[{"taxonomy":"category","embeddable":true,"href":"https:\/\/www.musikzeitung.ch\/en\/wp-json\/wp\/v2\/categories?post=9022"},{"taxonomy":"post_tag","embeddable":true,"href":"https:\/\/www.musikzeitung.ch\/en\/wp-json\/wp\/v2\/tags?post=9022"}],"curies":[{"name":"wp","href":"https:\/\/api.w.org\/{rel}","templated":true}]}}